{"id":13389,"date":"2017-06-20T16:39:50","date_gmt":"2017-06-20T15:39:50","guid":{"rendered":"http:\/\/www.info-algerie.com\/actualites\/guerre-de-liberation-lavenement-des-tribunaux-speciaux-a-consacre-la-supplantation-du-juridique-par-le-politique\/"},"modified":"2017-06-20T16:39:50","modified_gmt":"2017-06-20T15:39:50","slug":"guerre-de-liberation-lavenement-des-tribunaux-speciaux-a-consacre-la-supplantation-du-juridique-par-le-politique","status":"publish","type":"post","link":"https:\/\/www.info-algerie.com\/actualites\/guerre-de-liberation-lavenement-des-tribunaux-speciaux-a-consacre-la-supplantation-du-juridique-par-le-politique\/","title":{"rendered":"Guerre de lib\u00e9ration: l&#039;av\u00e8nement des tribunaux sp\u00e9ciaux a consacr\u00e9 la supplantation du juridique par le politique"},"content":{"rendered":"<div class=\"K2FeedImage\"><img decoding=\"async\" src=\"https:\/\/www.info-algerie.com\/actualites\/wp-content\/uploads\/2017\/06\/fc8947955db2eb3ec761bf40627efb5d_S.jpg\" alt=\"Guerre de lib&#xE9;ration: l'av&#xE8;nement des tribunaux sp&#xE9;ciaux a consacr&#xE9; la supplantation du juridique par le politique\" \/><\/div>\n<div class=\"K2FeedIntroText\">\n<p>ALGER &#8211; L&rsquo;av\u00e8nement des tribunaux sp\u00e9ciaux, durant la Guerre de lib\u00e9ration nationale, a consacr\u00e9 la supplantation du juridique par le politique, a soutenu mardi \u00e0 Alger, ma\u00eetre Fatima-Zahra Benbraham qualifiant ces instances de m\u00e9lange entre une juridiction ordinaire et une juridiction exceptionnelle.<\/p>\n<p>&#013;\n<\/p><\/div>\n<div class=\"K2FeedFullText\">&#013;<\/p>\n<p>\u00ab\u00a0L&rsquo;av\u00e8nement des tribunaux sp\u00e9ciaux a consacr\u00e9 la supplantation du juridique par le politique\u00a0\u00bb, a-t-elle affirm\u00e9, qualifiant ces instances de m\u00e9lange entre une juridiction ordinaire et une juridiction exceptionnelle, une situation qui ne s\u2019est produite qu\u2019en Alg\u00e9rie\u00a0\u00bb,\u00a0 a indiqu\u00e9 Me Benbraham, au forum d\u2019El-Moudjahid, consacr\u00e9 \u00e0 la comm\u00e9moration du 60\u00e9me anniversaire de la quadruple ex\u00e9cution de militants et r\u00e9volutionnaires alg\u00e9riens.<\/p>\n<p>&#013;<\/p>\n<p>Il s\u2019agit des membres de la Zone autonome d\u2019Alger (ZAA), Belamine Mohand Ameziane, Radi H\u2019mida, Lakhdar Boualem (dit Rahal) et Said Touati, ex\u00e9cut\u00e9s \u00e0 l\u2019aube du 20 juin 1957 par guillotine, tandis que Ferhat Hassan avait\u00a0 \u00e9cop\u00e9 de 20 ans de travaux forc\u00e9s. Ils avaient \u00e9t\u00e9 condamn\u00e9s pour le d\u00e9p\u00f4t de bombes aux stades d\u2019El-Biar et de Belcourt, le 10 f\u00e9vrier 1957.<\/p>\n<p>&#013;<\/p>\n<p>\u00ab\u00a0Les sentences criminelles par la guillotine \u00e9taient ex\u00e9cut\u00e9es au nom de la R\u00e9publique fran\u00e7aise, un Etat criminel, par les tribunaux permanents des forces arm\u00e9es pour m\u00e2ter la r\u00e9sistance alg\u00e9rienne face au colonialisme\u00a0\u00bb, a-t-elle encore soulign\u00e9.<\/p>\n<p>&#013;<\/p>\n<p>Consid\u00e9rant les ex\u00e9cutions \u00e0 mort par guillotine comme un m\u00e9pris du droit commun, Me Benbraham a relev\u00e9 qu\u2019en plus d\u2019\u00eatre ill\u00e9gales, celles-ci \u00e9taient tr\u00e8s dures et quasi-imm\u00e9diates, dans le sens o\u00f9 elles limitaient les droits \u00e0 la d\u00e9fense. Ce pourquoi, les proc\u00e9dures de jugements par lesdits tribunaux se caract\u00e9risaient par leur acc\u00e9l\u00e9ration, a-t-elle ajout\u00e9.<\/p>\n<p>&#013;<\/p>\n<p>L\u2019h\u00f4te du quotidien a tenu, en outre, \u00e0 mettre en avant le r\u00f4le important des avocats, alg\u00e9riens et fran\u00e7ais sympathisants de la cause alg\u00e9rienne, \u00e0 travers notamment les proc\u00e8s de rupture qu&rsquo;ils menaient dans l&rsquo;intention de\u00a0 faire retarder les jugements. Ce faisant, a-t-elle not\u00e9, ces hommes de loi l\u2019avaient pay\u00e9 tr\u00e8s cher, citant notamment les assassinats politiques (le cas Ali Boumendjel), les camps de concentration dans lesquels ils \u00e9taient confin\u00e9s ainsi que l\u2019interdiction d\u2019exercer au barreau d\u2019Alger, pour les nationaux.<\/p>\n<p>&#013;<\/p>\n<p>\u00ab\u00a0Le G\u00e9n\u00e9ral De Gaulle, lui-m\u00eame, avait proc\u00e9d\u00e9 \u00e0 la dissolution de l\u2019Ordre des avocats d\u2019Alger\u00a0\u00bb, a-t-elle poursuivi, avant de faire savoir que ceux qui \u00e9taient fran\u00e7ais \u00e9taient accus\u00e9s d\u2019\u00eatre des agents du FLN en robe noire.<\/p>\n<p>&#013;<\/p>\n<p>Revenant sur la quadruple ex\u00e9cution des martyrs sus-cit\u00e9s, Me Benbraham a interpell\u00e9 le minist\u00e8re des Moudjahidine afin de mettre toute la lumi\u00e8re sur les mensonges de la France coloniale s\u2019agissant des proc\u00e9dures li\u00e9es \u00e0 cette collective liquidation et annot\u00e9s dans des documents officiels.<\/p>\n<p>&#013;<\/p>\n<p>Allant dans le sens de l&rsquo;intervenante, l\u2019historien Mohamed Lahc\u00e9ne Zeghidi a relev\u00e9 que la France coloniale avait \u00e9rig\u00e9 la politique des ex\u00e9cutions et des exactions en\u00a0 principe, notant que par ces pratiques, celle-ci \u00e9tait revenue \u00e0 la mentalit\u00e9 du 19\u00e8me si\u00e8cle.<\/p>\n<p>&#013;<\/p>\n<p class=\"MsoNormal\">\u00ab\u00a0L\u2019histoire n\u2019a, \u00e0 aucun moment, retenu que les condamn\u00e9s \u00e0 morts durant la Guerre de lib\u00e9ration nationale avaient exprim\u00e9 de la peur ou pleur\u00e9 en se retrouvant face \u00e0 la guillotine. C\u2019est dire que la g\u00e9n\u00e9ration de novembre 1954 \u00e9tait exceptionnelle\u00a0\u00bb, a-t-il conclu.<\/p>\n<\/div>\n<p>&#013;<br \/>\nSource: <a href=\"http:\/\/www.aps.dz\/algerie\/59195-guerre-de-liberation-l-avenement-des-tribunaux-speciaux-a-consacre-la-supplantation-du-juridique-par-le-politique\" target=\"_blank\">Guerre de lib\u00e9ration: l&rsquo;av\u00e8nement des tribunaux sp\u00e9ciaux a consacr\u00e9 la supplantation du juridique par le politique<\/a><\/p>\n<!--CusAds0-->\n<div style=\"font-size: 0px; height: 0px; line-height: 0px; margin: 0; padding: 0; clear: both;\"><\/div>","protected":false},"excerpt":{"rendered":"<p>ALGER &#8211; L&rsquo;av\u00e8nement des tribunaux sp\u00e9ciaux, durant la Guerre de lib\u00e9ration nationale, a consacr\u00e9 la supplantation du juridique par le politique, a soutenu mardi \u00e0 Alger, ma\u00eetre Fatima-Zahra Benbraham qualifiant ces instances de m\u00e9lange entre une juridiction ordinaire et une juridiction exceptionnelle. &#013; &#013; \u00ab\u00a0L&rsquo;av\u00e8nement des tribunaux sp\u00e9ciaux a consacr\u00e9 la supplantation du juridique par<\/p>\n","protected":false},"author":6,"featured_media":13390,"comment_status":"open","ping_status":"open","sticky":false,"template":"","format":"standard","meta":{"footnotes":""},"categories":[22],"tags":[93],"class_list":["post-13389","post","type-post","status-publish","format-standard","has-post-thumbnail","hentry","category-infos","tag-onu"],"yoast_head":"<!-- This site is optimized with the Yoast SEO plugin v27.5 - https:\/\/yoast.com\/product\/yoast-seo-wordpress\/ -->\n<title>Guerre de lib\u00e9ration: l&#039;av\u00e8nement des tribunaux sp\u00e9ciaux a consacr\u00e9 la supplantation du juridique par le politique - info algerie<\/title>\n<meta name=\"robots\" content=\"index, follow, max-snippet:-1, max-image-preview:large, max-video-preview:-1\" \/>\n<link rel=\"canonical\" href=\"https:\/\/www.info-algerie.com\/actualites\/guerre-de-liberation-lavenement-des-tribunaux-speciaux-a-consacre-la-supplantation-du-juridique-par-le-politique\/\" \/>\n<meta property=\"og:locale\" content=\"fr_FR\" \/>\n<meta property=\"og:type\" content=\"article\" \/>\n<meta property=\"og:title\" content=\"Guerre de lib\u00e9ration: l&#039;av\u00e8nement des tribunaux sp\u00e9ciaux a consacr\u00e9 la supplantation du juridique par le politique - info algerie\" \/>\n<meta property=\"og:description\" content=\"ALGER &#8211; L&rsquo;av\u00e8nement des tribunaux sp\u00e9ciaux, durant la Guerre de lib\u00e9ration nationale, a consacr\u00e9 la supplantation du juridique par le politique, a soutenu mardi \u00e0 Alger, ma\u00eetre Fatima-Zahra Benbraham qualifiant ces instances de m\u00e9lange entre une juridiction ordinaire et une juridiction exceptionnelle. &#013; &#013; \u00ab\u00a0L&rsquo;av\u00e8nement des tribunaux sp\u00e9ciaux a consacr\u00e9 la supplantation du juridique par\" \/>\n<meta property=\"og:url\" content=\"https:\/\/www.info-algerie.com\/actualites\/guerre-de-liberation-lavenement-des-tribunaux-speciaux-a-consacre-la-supplantation-du-juridique-par-le-politique\/\" \/>\n<meta property=\"og:site_name\" content=\"info algerie\" \/>\n<meta property=\"article:publisher\" content=\"https:\/\/www.facebook.com\/infoalgerieactu\" \/>\n<meta property=\"article:published_time\" content=\"2017-06-20T15:39:50+00:00\" \/>\n<meta property=\"og:image\" content=\"https:\/\/www.info-algerie.com\/actualites\/wp-content\/uploads\/2017\/06\/fc8947955db2eb3ec761bf40627efb5d_S-1.jpg\" \/>\n\t<meta property=\"og:image:width\" content=\"280\" \/>\n\t<meta property=\"og:image:height\" content=\"169\" \/>\n\t<meta property=\"og:image:type\" content=\"image\/jpeg\" \/>\n<meta name=\"author\" content=\"La r\u00e9daction\" \/>\n<meta name=\"twitter:label1\" content=\"\u00c9crit par\" \/>\n\t<meta name=\"twitter:data1\" content=\"La r\u00e9daction\" \/>\n\t<meta name=\"twitter:label2\" content=\"Dur\u00e9e de lecture estim\u00e9e\" \/>\n\t<meta name=\"twitter:data2\" content=\"3 minutes\" \/>\n<script type=\"application\/ld+json\" class=\"yoast-schema-graph\">{\"@context\":\"https:\\\/\\\/schema.org\",\"@graph\":[{\"@type\":\"Article\",\"@id\":\"https:\\\/\\\/www.info-algerie.com\\\/actualites\\\/guerre-de-liberation-lavenement-des-tribunaux-speciaux-a-consacre-la-supplantation-du-juridique-par-le-politique\\\/#article\",\"isPartOf\":{\"@id\":\"https:\\\/\\\/www.info-algerie.com\\\/actualites\\\/guerre-de-liberation-lavenement-des-tribunaux-speciaux-a-consacre-la-supplantation-du-juridique-par-le-politique\\\/\"},\"author\":{\"name\":\"La r\u00e9daction\",\"@id\":\"https:\\\/\\\/www.info-algerie.com\\\/actualites\\\/#\\\/schema\\\/person\\\/847aaec44920825b843a08f30ec6aa1e\"},\"headline\":\"Guerre de lib\u00e9ration: l&#039;av\u00e8nement des tribunaux sp\u00e9ciaux a consacr\u00e9 la supplantation du juridique par le politique\",\"datePublished\":\"2017-06-20T15:39:50+00:00\",\"mainEntityOfPage\":{\"@id\":\"https:\\\/\\\/www.info-algerie.com\\\/actualites\\\/guerre-de-liberation-lavenement-des-tribunaux-speciaux-a-consacre-la-supplantation-du-juridique-par-le-politique\\\/\"},\"wordCount\":612,\"commentCount\":0,\"publisher\":{\"@id\":\"https:\\\/\\\/www.info-algerie.com\\\/actualites\\\/#organization\"},\"image\":{\"@id\":\"https:\\\/\\\/www.info-algerie.com\\\/actualites\\\/guerre-de-liberation-lavenement-des-tribunaux-speciaux-a-consacre-la-supplantation-du-juridique-par-le-politique\\\/#primaryimage\"},\"thumbnailUrl\":\"https:\\\/\\\/www.info-algerie.com\\\/actualites\\\/wp-content\\\/uploads\\\/2017\\\/06\\\/fc8947955db2eb3ec761bf40627efb5d_S-1.jpg\",\"keywords\":[\"ONU\"],\"articleSection\":[\"infos\"],\"inLanguage\":\"fr-FR\",\"potentialAction\":[{\"@type\":\"CommentAction\",\"name\":\"Comment\",\"target\":[\"https:\\\/\\\/www.info-algerie.com\\\/actualites\\\/guerre-de-liberation-lavenement-des-tribunaux-speciaux-a-consacre-la-supplantation-du-juridique-par-le-politique\\\/#respond\"]}]},{\"@type\":\"WebPage\",\"@id\":\"https:\\\/\\\/www.info-algerie.com\\\/actualites\\\/guerre-de-liberation-lavenement-des-tribunaux-speciaux-a-consacre-la-supplantation-du-juridique-par-le-politique\\\/\",\"url\":\"https:\\\/\\\/www.info-algerie.com\\\/actualites\\\/guerre-de-liberation-lavenement-des-tribunaux-speciaux-a-consacre-la-supplantation-du-juridique-par-le-politique\\\/\",\"name\":\"Guerre de lib\u00e9ration: l&#039;av\u00e8nement des tribunaux sp\u00e9ciaux a consacr\u00e9 la supplantation du juridique par le politique - info algerie\",\"isPartOf\":{\"@id\":\"https:\\\/\\\/www.info-algerie.com\\\/actualites\\\/#website\"},\"primaryImageOfPage\":{\"@id\":\"https:\\\/\\\/www.info-algerie.com\\\/actualites\\\/guerre-de-liberation-lavenement-des-tribunaux-speciaux-a-consacre-la-supplantation-du-juridique-par-le-politique\\\/#primaryimage\"},\"image\":{\"@id\":\"https:\\\/\\\/www.info-algerie.com\\\/actualites\\\/guerre-de-liberation-lavenement-des-tribunaux-speciaux-a-consacre-la-supplantation-du-juridique-par-le-politique\\\/#primaryimage\"},\"thumbnailUrl\":\"https:\\\/\\\/www.info-algerie.com\\\/actualites\\\/wp-content\\\/uploads\\\/2017\\\/06\\\/fc8947955db2eb3ec761bf40627efb5d_S-1.jpg\",\"datePublished\":\"2017-06-20T15:39:50+00:00\",\"breadcrumb\":{\"@id\":\"https:\\\/\\\/www.info-algerie.com\\\/actualites\\\/guerre-de-liberation-lavenement-des-tribunaux-speciaux-a-consacre-la-supplantation-du-juridique-par-le-politique\\\/#breadcrumb\"},\"inLanguage\":\"fr-FR\",\"potentialAction\":[{\"@type\":\"ReadAction\",\"target\":[\"https:\\\/\\\/www.info-algerie.com\\\/actualites\\\/guerre-de-liberation-lavenement-des-tribunaux-speciaux-a-consacre-la-supplantation-du-juridique-par-le-politique\\\/\"]}]},{\"@type\":\"ImageObject\",\"inLanguage\":\"fr-FR\",\"@id\":\"https:\\\/\\\/www.info-algerie.com\\\/actualites\\\/guerre-de-liberation-lavenement-des-tribunaux-speciaux-a-consacre-la-supplantation-du-juridique-par-le-politique\\\/#primaryimage\",\"url\":\"https:\\\/\\\/www.info-algerie.com\\\/actualites\\\/wp-content\\\/uploads\\\/2017\\\/06\\\/fc8947955db2eb3ec761bf40627efb5d_S-1.jpg\",\"contentUrl\":\"https:\\\/\\\/www.info-algerie.com\\\/actualites\\\/wp-content\\\/uploads\\\/2017\\\/06\\\/fc8947955db2eb3ec761bf40627efb5d_S-1.jpg\",\"width\":280,\"height\":169},{\"@type\":\"BreadcrumbList\",\"@id\":\"https:\\\/\\\/www.info-algerie.com\\\/actualites\\\/guerre-de-liberation-lavenement-des-tribunaux-speciaux-a-consacre-la-supplantation-du-juridique-par-le-politique\\\/#breadcrumb\",\"itemListElement\":[{\"@type\":\"ListItem\",\"position\":1,\"name\":\"Accueil\",\"item\":\"https:\\\/\\\/www.info-algerie.com\\\/actualites\\\/\"},{\"@type\":\"ListItem\",\"position\":2,\"name\":\"Guerre de lib\u00e9ration: l&#039;av\u00e8nement des tribunaux sp\u00e9ciaux a consacr\u00e9 la supplantation du juridique par le politique\"}]},{\"@type\":\"WebSite\",\"@id\":\"https:\\\/\\\/www.info-algerie.com\\\/actualites\\\/#website\",\"url\":\"https:\\\/\\\/www.info-algerie.com\\\/actualites\\\/\",\"name\":\"info algerie\",\"description\":\"Toutes les actualit\u00e9s\",\"publisher\":{\"@id\":\"https:\\\/\\\/www.info-algerie.com\\\/actualites\\\/#organization\"},\"potentialAction\":[{\"@type\":\"SearchAction\",\"target\":{\"@type\":\"EntryPoint\",\"urlTemplate\":\"https:\\\/\\\/www.info-algerie.com\\\/actualites\\\/?s={search_term_string}\"},\"query-input\":{\"@type\":\"PropertyValueSpecification\",\"valueRequired\":true,\"valueName\":\"search_term_string\"}}],\"inLanguage\":\"fr-FR\"},{\"@type\":\"Organization\",\"@id\":\"https:\\\/\\\/www.info-algerie.com\\\/actualites\\\/#organization\",\"name\":\"info algerie\",\"url\":\"https:\\\/\\\/www.info-algerie.com\\\/actualites\\\/\",\"logo\":{\"@type\":\"ImageObject\",\"inLanguage\":\"fr-FR\",\"@id\":\"https:\\\/\\\/www.info-algerie.com\\\/actualites\\\/#\\\/schema\\\/logo\\\/image\\\/\",\"url\":\"https:\\\/\\\/www.info-algerie.com\\\/actualites\\\/wp-content\\\/uploads\\\/2022\\\/07\\\/logo-ia-120.png\",\"contentUrl\":\"https:\\\/\\\/www.info-algerie.com\\\/actualites\\\/wp-content\\\/uploads\\\/2022\\\/07\\\/logo-ia-120.png\",\"width\":120,\"height\":43,\"caption\":\"info algerie\"},\"image\":{\"@id\":\"https:\\\/\\\/www.info-algerie.com\\\/actualites\\\/#\\\/schema\\\/logo\\\/image\\\/\"},\"sameAs\":[\"https:\\\/\\\/www.facebook.com\\\/infoalgerieactu\",\"https:\\\/\\\/x.com\\\/infoalgerie1\"]},{\"@type\":\"Person\",\"@id\":\"https:\\\/\\\/www.info-algerie.com\\\/actualites\\\/#\\\/schema\\\/person\\\/847aaec44920825b843a08f30ec6aa1e\",\"name\":\"La r\u00e9daction\",\"image\":{\"@type\":\"ImageObject\",\"inLanguage\":\"fr-FR\",\"@id\":\"https:\\\/\\\/secure.gravatar.com\\\/avatar\\\/769db425c6f465158149f1ffd6cf61ce7a8a879d11dfbef8288af36dfddd418c?s=96&d=mm&r=g\",\"url\":\"https:\\\/\\\/secure.gravatar.com\\\/avatar\\\/769db425c6f465158149f1ffd6cf61ce7a8a879d11dfbef8288af36dfddd418c?s=96&d=mm&r=g\",\"contentUrl\":\"https:\\\/\\\/secure.gravatar.com\\\/avatar\\\/769db425c6f465158149f1ffd6cf61ce7a8a879d11dfbef8288af36dfddd418c?s=96&d=mm&r=g\",\"caption\":\"La r\u00e9daction\"},\"sameAs\":[\"http:\\\/\\\/www.lkeria.com\\\/\"],\"url\":\"https:\\\/\\\/www.info-algerie.com\\\/actualites\\\/author\\\/chakib32\\\/\"}]}<\/script>\n<!-- \/ Yoast SEO plugin. -->","yoast_head_json":{"title":"Guerre de lib\u00e9ration: l&#039;av\u00e8nement des tribunaux sp\u00e9ciaux a consacr\u00e9 la supplantation du juridique par le politique - info algerie","robots":{"index":"index","follow":"follow","max-snippet":"max-snippet:-1","max-image-preview":"max-image-preview:large","max-video-preview":"max-video-preview:-1"},"canonical":"https:\/\/www.info-algerie.com\/actualites\/guerre-de-liberation-lavenement-des-tribunaux-speciaux-a-consacre-la-supplantation-du-juridique-par-le-politique\/","og_locale":"fr_FR","og_type":"article","og_title":"Guerre de lib\u00e9ration: l&#039;av\u00e8nement des tribunaux sp\u00e9ciaux a consacr\u00e9 la supplantation du juridique par le politique - info algerie","og_description":"ALGER &#8211; L&rsquo;av\u00e8nement des tribunaux sp\u00e9ciaux, durant la Guerre de lib\u00e9ration nationale, a consacr\u00e9 la supplantation du juridique par le politique, a soutenu mardi \u00e0 Alger, ma\u00eetre Fatima-Zahra Benbraham qualifiant ces instances de m\u00e9lange entre une juridiction ordinaire et une juridiction exceptionnelle. &#013; &#013; \u00ab\u00a0L&rsquo;av\u00e8nement des tribunaux sp\u00e9ciaux a consacr\u00e9 la supplantation du juridique par","og_url":"https:\/\/www.info-algerie.com\/actualites\/guerre-de-liberation-lavenement-des-tribunaux-speciaux-a-consacre-la-supplantation-du-juridique-par-le-politique\/","og_site_name":"info algerie","article_publisher":"https:\/\/www.facebook.com\/infoalgerieactu","article_published_time":"2017-06-20T15:39:50+00:00","og_image":[{"width":280,"height":169,"url":"https:\/\/www.info-algerie.com\/actualites\/wp-content\/uploads\/2017\/06\/fc8947955db2eb3ec761bf40627efb5d_S-1.jpg","type":"image\/jpeg"}],"author":"La r\u00e9daction","twitter_misc":{"\u00c9crit par":"La r\u00e9daction","Dur\u00e9e de lecture estim\u00e9e":"3 minutes"},"schema":{"@context":"https:\/\/schema.org","@graph":[{"@type":"Article","@id":"https:\/\/www.info-algerie.com\/actualites\/guerre-de-liberation-lavenement-des-tribunaux-speciaux-a-consacre-la-supplantation-du-juridique-par-le-politique\/#article","isPartOf":{"@id":"https:\/\/www.info-algerie.com\/actualites\/guerre-de-liberation-lavenement-des-tribunaux-speciaux-a-consacre-la-supplantation-du-juridique-par-le-politique\/"},"author":{"name":"La r\u00e9daction","@id":"https:\/\/www.info-algerie.com\/actualites\/#\/schema\/person\/847aaec44920825b843a08f30ec6aa1e"},"headline":"Guerre de lib\u00e9ration: l&#039;av\u00e8nement des tribunaux sp\u00e9ciaux a consacr\u00e9 la supplantation du juridique par le politique","datePublished":"2017-06-20T15:39:50+00:00","mainEntityOfPage":{"@id":"https:\/\/www.info-algerie.com\/actualites\/guerre-de-liberation-lavenement-des-tribunaux-speciaux-a-consacre-la-supplantation-du-juridique-par-le-politique\/"},"wordCount":612,"commentCount":0,"publisher":{"@id":"https:\/\/www.info-algerie.com\/actualites\/#organization"},"image":{"@id":"https:\/\/www.info-algerie.com\/actualites\/guerre-de-liberation-lavenement-des-tribunaux-speciaux-a-consacre-la-supplantation-du-juridique-par-le-politique\/#primaryimage"},"thumbnailUrl":"https:\/\/www.info-algerie.com\/actualites\/wp-content\/uploads\/2017\/06\/fc8947955db2eb3ec761bf40627efb5d_S-1.jpg","keywords":["ONU"],"articleSection":["infos"],"inLanguage":"fr-FR","potentialAction":[{"@type":"CommentAction","name":"Comment","target":["https:\/\/www.info-algerie.com\/actualites\/guerre-de-liberation-lavenement-des-tribunaux-speciaux-a-consacre-la-supplantation-du-juridique-par-le-politique\/#respond"]}]},{"@type":"WebPage","@id":"https:\/\/www.info-algerie.com\/actualites\/guerre-de-liberation-lavenement-des-tribunaux-speciaux-a-consacre-la-supplantation-du-juridique-par-le-politique\/","url":"https:\/\/www.info-algerie.com\/actualites\/guerre-de-liberation-lavenement-des-tribunaux-speciaux-a-consacre-la-supplantation-du-juridique-par-le-politique\/","name":"Guerre de lib\u00e9ration: l&#039;av\u00e8nement des tribunaux sp\u00e9ciaux a consacr\u00e9 la supplantation du juridique par le politique - info algerie","isPartOf":{"@id":"https:\/\/www.info-algerie.com\/actualites\/#website"},"primaryImageOfPage":{"@id":"https:\/\/www.info-algerie.com\/actualites\/guerre-de-liberation-lavenement-des-tribunaux-speciaux-a-consacre-la-supplantation-du-juridique-par-le-politique\/#primaryimage"},"image":{"@id":"https:\/\/www.info-algerie.com\/actualites\/guerre-de-liberation-lavenement-des-tribunaux-speciaux-a-consacre-la-supplantation-du-juridique-par-le-politique\/#primaryimage"},"thumbnailUrl":"https:\/\/www.info-algerie.com\/actualites\/wp-content\/uploads\/2017\/06\/fc8947955db2eb3ec761bf40627efb5d_S-1.jpg","datePublished":"2017-06-20T15:39:50+00:00","breadcrumb":{"@id":"https:\/\/www.info-algerie.com\/actualites\/guerre-de-liberation-lavenement-des-tribunaux-speciaux-a-consacre-la-supplantation-du-juridique-par-le-politique\/#breadcrumb"},"inLanguage":"fr-FR","potentialAction":[{"@type":"ReadAction","target":["https:\/\/www.info-algerie.com\/actualites\/guerre-de-liberation-lavenement-des-tribunaux-speciaux-a-consacre-la-supplantation-du-juridique-par-le-politique\/"]}]},{"@type":"ImageObject","inLanguage":"fr-FR","@id":"https:\/\/www.info-algerie.com\/actualites\/guerre-de-liberation-lavenement-des-tribunaux-speciaux-a-consacre-la-supplantation-du-juridique-par-le-politique\/#primaryimage","url":"https:\/\/www.info-algerie.com\/actualites\/wp-content\/uploads\/2017\/06\/fc8947955db2eb3ec761bf40627efb5d_S-1.jpg","contentUrl":"https:\/\/www.info-algerie.com\/actualites\/wp-content\/uploads\/2017\/06\/fc8947955db2eb3ec761bf40627efb5d_S-1.jpg","width":280,"height":169},{"@type":"BreadcrumbList","@id":"https:\/\/www.info-algerie.com\/actualites\/guerre-de-liberation-lavenement-des-tribunaux-speciaux-a-consacre-la-supplantation-du-juridique-par-le-politique\/#breadcrumb","itemListElement":[{"@type":"ListItem","position":1,"name":"Accueil","item":"https:\/\/www.info-algerie.com\/actualites\/"},{"@type":"ListItem","position":2,"name":"Guerre de lib\u00e9ration: l&#039;av\u00e8nement des tribunaux sp\u00e9ciaux a consacr\u00e9 la supplantation du juridique par le politique"}]},{"@type":"WebSite","@id":"https:\/\/www.info-algerie.com\/actualites\/#website","url":"https:\/\/www.info-algerie.com\/actualites\/","name":"info algerie","description":"Toutes les actualit\u00e9s","publisher":{"@id":"https:\/\/www.info-algerie.com\/actualites\/#organization"},"potentialAction":[{"@type":"SearchAction","target":{"@type":"EntryPoint","urlTemplate":"https:\/\/www.info-algerie.com\/actualites\/?s={search_term_string}"},"query-input":{"@type":"PropertyValueSpecification","valueRequired":true,"valueName":"search_term_string"}}],"inLanguage":"fr-FR"},{"@type":"Organization","@id":"https:\/\/www.info-algerie.com\/actualites\/#organization","name":"info algerie","url":"https:\/\/www.info-algerie.com\/actualites\/","logo":{"@type":"ImageObject","inLanguage":"fr-FR","@id":"https:\/\/www.info-algerie.com\/actualites\/#\/schema\/logo\/image\/","url":"https:\/\/www.info-algerie.com\/actualites\/wp-content\/uploads\/2022\/07\/logo-ia-120.png","contentUrl":"https:\/\/www.info-algerie.com\/actualites\/wp-content\/uploads\/2022\/07\/logo-ia-120.png","width":120,"height":43,"caption":"info algerie"},"image":{"@id":"https:\/\/www.info-algerie.com\/actualites\/#\/schema\/logo\/image\/"},"sameAs":["https:\/\/www.facebook.com\/infoalgerieactu","https:\/\/x.com\/infoalgerie1"]},{"@type":"Person","@id":"https:\/\/www.info-algerie.com\/actualites\/#\/schema\/person\/847aaec44920825b843a08f30ec6aa1e","name":"La r\u00e9daction","image":{"@type":"ImageObject","inLanguage":"fr-FR","@id":"https:\/\/secure.gravatar.com\/avatar\/769db425c6f465158149f1ffd6cf61ce7a8a879d11dfbef8288af36dfddd418c?s=96&d=mm&r=g","url":"https:\/\/secure.gravatar.com\/avatar\/769db425c6f465158149f1ffd6cf61ce7a8a879d11dfbef8288af36dfddd418c?s=96&d=mm&r=g","contentUrl":"https:\/\/secure.gravatar.com\/avatar\/769db425c6f465158149f1ffd6cf61ce7a8a879d11dfbef8288af36dfddd418c?s=96&d=mm&r=g","caption":"La r\u00e9daction"},"sameAs":["http:\/\/www.lkeria.com\/"],"url":"https:\/\/www.info-algerie.com\/actualites\/author\/chakib32\/"}]}},"_links":{"self":[{"href":"https:\/\/www.info-algerie.com\/actualites\/wp-json\/wp\/v2\/posts\/13389","targetHints":{"allow":["GET"]}}],"collection":[{"href":"https:\/\/www.info-algerie.com\/actualites\/wp-json\/wp\/v2\/posts"}],"about":[{"href":"https:\/\/www.info-algerie.com\/actualites\/wp-json\/wp\/v2\/types\/post"}],"author":[{"embeddable":true,"href":"https:\/\/www.info-algerie.com\/actualites\/wp-json\/wp\/v2\/users\/6"}],"replies":[{"embeddable":true,"href":"https:\/\/www.info-algerie.com\/actualites\/wp-json\/wp\/v2\/comments?post=13389"}],"version-history":[{"count":0,"href":"https:\/\/www.info-algerie.com\/actualites\/wp-json\/wp\/v2\/posts\/13389\/revisions"}],"wp:featuredmedia":[{"embeddable":true,"href":"https:\/\/www.info-algerie.com\/actualites\/wp-json\/wp\/v2\/media\/13390"}],"wp:attachment":[{"href":"https:\/\/www.info-algerie.com\/actualites\/wp-json\/wp\/v2\/media?parent=13389"}],"wp:term":[{"taxonomy":"category","embeddable":true,"href":"https:\/\/www.info-algerie.com\/actualites\/wp-json\/wp\/v2\/categories?post=13389"},{"taxonomy":"post_tag","embeddable":true,"href":"https:\/\/www.info-algerie.com\/actualites\/wp-json\/wp\/v2\/tags?post=13389"}],"curies":[{"name":"wp","href":"https:\/\/api.w.org\/{rel}","templated":true}]}}