{"id":13392,"date":"2017-06-20T17:41:52","date_gmt":"2017-06-20T16:41:52","guid":{"rendered":"http:\/\/www.info-algerie.com\/actualites\/conseil-de-la-nation-presentation-de-projet-du-reglement-interieur\/"},"modified":"2017-06-20T17:41:52","modified_gmt":"2017-06-20T16:41:52","slug":"conseil-de-la-nation-presentation-de-projet-du-reglement-interieur","status":"publish","type":"post","link":"https:\/\/www.info-algerie.com\/actualites\/conseil-de-la-nation-presentation-de-projet-du-reglement-interieur\/","title":{"rendered":"Conseil de la nation: pr\u00e9sentation de projet du r\u00e8glement int\u00e9rieur"},"content":{"rendered":"<div class=\"K2FeedImage\"><img decoding=\"async\" src=\"https:\/\/www.info-algerie.com\/actualites\/wp-content\/uploads\/2017\/06\/996aee1134a5242da3e1df6b8559302f_S.jpg\" alt=\"Conseil de la nation: pr&#xE9;sentation de projet du r&#xE8;glement int&#xE9;rieur\" \/><\/div>\n<div class=\"K2FeedIntroText\">\n<p>ALGER &#8211; La Commission \u00e9largie des affaires juridiques, administratives et de Droits de l&rsquo;Homme a pr\u00e9sent\u00e9 mardi le projet du R\u00e8glement int\u00e9rieur du Conseil de la Nation, lors d&rsquo;une s\u00e9ance pl\u00e9ni\u00e8re pr\u00e9sid\u00e9e par le pr\u00e9sident du Conseil, Abdelkader Bensalah.<\/p>\n<p>&#013;\n<\/p><\/div>\n<div class=\"K2FeedFullText\">&#013;<\/p>\n<p>Ce projet, modifi\u00e9 conform\u00e9ment aux dispositions de la Constitution de f\u00e9vrier 2016 et la loi organique r\u00e9gissant les relations entre les deux chambres du Parlement et entre celles-ci et le gouvernement, comprend 59 nouveaux articles sur un total de 196.<\/p>\n<p>&#013;<\/p>\n<p>Globalement, le projet \u00e9voque les proc\u00e9dures d&rsquo;ouverture de la l\u00e9gislature, la validation de la qualit\u00e9 de membres et l&rsquo;\u00e9lection du pr\u00e9sident de l&rsquo;Instance. Hormis quelques ajustements, le chapitre relatif \u00e0 ce dernier point n&rsquo;a contenu aucune nouvelle disposition. Toutes les dispositions sont celles m\u00eames du R\u00e8glement en vigueur.<\/p>\n<p>&#013;<\/p>\n<p>Pour ce qui est des organes du Conseil de la nation, de nouvelles dispositions ont \u00e9t\u00e9 introduites concernant le Bureau du Conseil et les Commissions permanentes. En effet, le pr\u00e9sident du Conseil charge chaque membre \u00e9lu du Bureau, lors de ses premi\u00e8res r\u00e9unions, des missions de l\u00e9gislature, des relations avec le Gouvernement et l&rsquo;APN et des affaires\u00a0 administratives.<\/p>\n<p>&#013;<\/p>\n<p>Ils seront charg\u00e9s \u00e9galement des missions de relations publiques, des affaires des membres du Conseil et de l&rsquo;organisation de leurs communications avec toutes les institutions, avec l&rsquo;introduction de nouvelles comp\u00e9tences en faveur de la Commission des affaires juridiques, administratives et des Droits de l&rsquo;Homme, li\u00e9es \u00e0 l&rsquo;Administration locale, l&rsquo;Am\u00e9nagement du territoire et au d\u00e9coupage territorial.<\/p>\n<p>&#013;<\/p>\n<p>Dans le m\u00eame sens, les Commissions permanentes ont \u00e9t\u00e9 r\u00e9organis\u00e9es en pla\u00e7ant en deuxi\u00e8me position la Commission des affaires \u00e9conomiques et financi\u00e8res, actuellement cinqui\u00e8me.<\/p>\n<p>&#013;<\/p>\n<p>Parmi les nouvelles dispositions introduites en ce qui concerne les Groupes parlementaires, un membre du Conseil \u00e9lu ne peut changer le groupe parlementaire auquel il appartient ou l&rsquo;appartenance partisane sous laquelle il a int\u00e9gr\u00e9 le Conseil la premi\u00e8re fois. En cas de d\u00e9mission ou d&rsquo;exclusion, il demeure membre sans \u00e9tiquette.<\/p>\n<p>&#013;<\/p>\n<p>Quant aux mesures disciplinaires relatives \u00e0 la participation aux travaux du Conseil, le texte pr\u00e9sent\u00e9 pour le d\u00e9bat pr\u00e9voit de nouvelles dispositions rendant obligatoire la pr\u00e9sence des membres du Conseil aux travaux des Commissions permanentes et des s\u00e9ances pl\u00e9ni\u00e8res. En cas d&rsquo;absence, le concern\u00e9 est tenu d&rsquo;en informer le pr\u00e9sident de la Commission ou du Conseil.<\/p>\n<p>&#013;<\/p>\n<p>Par ailleurs, le pr\u00e9sident de la s\u00e9ance est en droit d&rsquo;interdire \u00e0 un intervenant de poursuivre son intervention en cas d&rsquo;atteinte aux principes r\u00e9gissant la soci\u00e9t\u00e9 alg\u00e9rienne, ou \u00e0 la personne du pr\u00e9sident de la R\u00e9publique. De m\u00eame s&rsquo;il s&rsquo;agit de propos inad\u00e9quats \u00e0 l&rsquo;\u00e9gard d&rsquo;un membre du Conseil, d&rsquo;un groupe parlementaire ou du Gouvernement ainsi que s&rsquo;il \u00e9voque une affaire faisant objet de proc\u00e9dure judiciaire.<\/p>\n<p>&#013;<\/p>\n<p>Au titre des proc\u00e9dures relatives \u00e0 la lev\u00e9e de l&rsquo;immunit\u00e9 parlementaire et du retrait du mandat parlementaire, le texte pr\u00e9voit le retrait de la qualit\u00e9 \u00e0 tout membre qui change volontairement le parti sous l&rsquo;\u00e9tiquette duquel il a \u00e9t\u00e9 \u00e9lu.<\/p>\n<p>&#013;<\/p>\n<p>En outre, le Conseil peut exclure un membre \u00e0 l&rsquo;encontre duquel est rendu un jugement d\u00e9finitif le condamnant pour un acte contraire \u00e0 l&rsquo;honneur de sa mission parlementaire.<\/p>\n<p>&#013;<\/p>\n<p>Le nouveau projet de loi fixe au deuxi\u00e8me jour ouvrable du mois de septembre le d\u00e9but de la session ordinaire du Parlement qui devra durer au moins 10 mois avec possibilit\u00e9 de prolongation \u00e0 la demande du Premier ministre afin de parachever l&rsquo;examen d&rsquo;un point de l&rsquo;agenda.<\/p>\n<p>&#013;<\/p>\n<p>Une s\u00e9ance mensuelle sera consacr\u00e9e \u00e0 l&rsquo;examen de l&rsquo;agenda pr\u00e9sent\u00e9 par un ou plusieurs groupes parlementaires de l&rsquo;opposition.<\/p>\n<p>&#013;<\/p>\n<p>Concernant les s\u00e9ances consacr\u00e9es aux questions orales, les nouvelles dispositions stipulent que la question doit \u00eatre pos\u00e9e en trois minutes et que la r\u00e9ponse du membre du Gouvernement est fix\u00e9e \u00e0 six minutes avec possibilit\u00e9 pour l&rsquo;auteur de la question\u00a0 de la comment\u00e9e en 3 minutes et une r\u00e9ponse de la part du repr\u00e9sentant de l&rsquo;Ex\u00e9cutif en 3 minutes \u00e9galement.<\/p>\n<p>&#013;<\/p>\n<p class=\"MsoNormal\">En cas de son absence \u00e0 la s\u00e9ance consacr\u00e9e aux questions orales sans mandater un coll\u00e8gue en son nom, le membre du Conseil perd son droit \u00e0 poser sa question.<\/p>\n<\/div>\n<p>&#013;<br \/>\nSource: <a href=\"http:\/\/www.aps.dz\/algerie\/59203-conseil-de-la-nation-presentation-de-projet-du-reglement-interieur\" target=\"_blank\">Conseil de la nation: pr\u00e9sentation de projet du r\u00e8glement int\u00e9rieur<\/a><\/p>\n<!--CusAds0-->\n<div style=\"font-size: 0px; height: 0px; line-height: 0px; margin: 0; padding: 0; clear: both;\"><\/div>","protected":false},"excerpt":{"rendered":"<p>ALGER &#8211; La Commission \u00e9largie des affaires juridiques, administratives et de Droits de l&rsquo;Homme a pr\u00e9sent\u00e9 mardi le projet du R\u00e8glement int\u00e9rieur du Conseil de la Nation, lors d&rsquo;une s\u00e9ance pl\u00e9ni\u00e8re pr\u00e9sid\u00e9e par le pr\u00e9sident du Conseil, Abdelkader Bensalah. &#013; &#013; Ce projet, modifi\u00e9 conform\u00e9ment aux dispositions de la Constitution de f\u00e9vrier 2016 et la<\/p>\n","protected":false},"author":6,"featured_media":13393,"comment_status":"open","ping_status":"open","sticky":false,"template":"","format":"standard","meta":{"footnotes":""},"categories":[22],"tags":[93],"class_list":["post-13392","post","type-post","status-publish","format-standard","has-post-thumbnail","hentry","category-infos","tag-onu"],"yoast_head":"<!-- This site is optimized with the Yoast SEO plugin v27.5 - https:\/\/yoast.com\/product\/yoast-seo-wordpress\/ -->\n<title>Conseil de la nation: pr\u00e9sentation de projet du r\u00e8glement int\u00e9rieur - info algerie<\/title>\n<meta name=\"robots\" content=\"index, follow, max-snippet:-1, max-image-preview:large, max-video-preview:-1\" \/>\n<link rel=\"canonical\" href=\"https:\/\/www.info-algerie.com\/actualites\/conseil-de-la-nation-presentation-de-projet-du-reglement-interieur\/\" \/>\n<meta property=\"og:locale\" content=\"fr_FR\" \/>\n<meta property=\"og:type\" content=\"article\" \/>\n<meta property=\"og:title\" content=\"Conseil de la nation: pr\u00e9sentation de projet du r\u00e8glement int\u00e9rieur - info algerie\" \/>\n<meta property=\"og:description\" content=\"ALGER &#8211; La Commission \u00e9largie des affaires juridiques, administratives et de Droits de l&rsquo;Homme a pr\u00e9sent\u00e9 mardi le projet du R\u00e8glement int\u00e9rieur du Conseil de la Nation, lors d&rsquo;une s\u00e9ance pl\u00e9ni\u00e8re pr\u00e9sid\u00e9e par le pr\u00e9sident du Conseil, Abdelkader Bensalah. &#013; &#013; Ce projet, modifi\u00e9 conform\u00e9ment aux dispositions de la Constitution de f\u00e9vrier 2016 et la\" \/>\n<meta property=\"og:url\" content=\"https:\/\/www.info-algerie.com\/actualites\/conseil-de-la-nation-presentation-de-projet-du-reglement-interieur\/\" \/>\n<meta property=\"og:site_name\" content=\"info algerie\" \/>\n<meta property=\"article:publisher\" content=\"https:\/\/www.facebook.com\/infoalgerieactu\" \/>\n<meta property=\"article:published_time\" content=\"2017-06-20T16:41:52+00:00\" \/>\n<meta property=\"og:image\" content=\"https:\/\/www.info-algerie.com\/actualites\/wp-content\/uploads\/2017\/06\/996aee1134a5242da3e1df6b8559302f_S-1.jpg\" \/>\n\t<meta property=\"og:image:width\" content=\"280\" \/>\n\t<meta property=\"og:image:height\" content=\"169\" \/>\n\t<meta property=\"og:image:type\" content=\"image\/jpeg\" \/>\n<meta name=\"author\" content=\"La r\u00e9daction\" \/>\n<meta name=\"twitter:label1\" content=\"\u00c9crit par\" \/>\n\t<meta name=\"twitter:data1\" content=\"La r\u00e9daction\" \/>\n\t<meta name=\"twitter:label2\" content=\"Dur\u00e9e de lecture estim\u00e9e\" \/>\n\t<meta name=\"twitter:data2\" content=\"4 minutes\" \/>\n<script type=\"application\/ld+json\" class=\"yoast-schema-graph\">{\"@context\":\"https:\\\/\\\/schema.org\",\"@graph\":[{\"@type\":\"Article\",\"@id\":\"https:\\\/\\\/www.info-algerie.com\\\/actualites\\\/conseil-de-la-nation-presentation-de-projet-du-reglement-interieur\\\/#article\",\"isPartOf\":{\"@id\":\"https:\\\/\\\/www.info-algerie.com\\\/actualites\\\/conseil-de-la-nation-presentation-de-projet-du-reglement-interieur\\\/\"},\"author\":{\"name\":\"La r\u00e9daction\",\"@id\":\"https:\\\/\\\/www.info-algerie.com\\\/actualites\\\/#\\\/schema\\\/person\\\/847aaec44920825b843a08f30ec6aa1e\"},\"headline\":\"Conseil de la nation: pr\u00e9sentation de projet du r\u00e8glement int\u00e9rieur\",\"datePublished\":\"2017-06-20T16:41:52+00:00\",\"mainEntityOfPage\":{\"@id\":\"https:\\\/\\\/www.info-algerie.com\\\/actualites\\\/conseil-de-la-nation-presentation-de-projet-du-reglement-interieur\\\/\"},\"wordCount\":776,\"commentCount\":0,\"publisher\":{\"@id\":\"https:\\\/\\\/www.info-algerie.com\\\/actualites\\\/#organization\"},\"image\":{\"@id\":\"https:\\\/\\\/www.info-algerie.com\\\/actualites\\\/conseil-de-la-nation-presentation-de-projet-du-reglement-interieur\\\/#primaryimage\"},\"thumbnailUrl\":\"https:\\\/\\\/www.info-algerie.com\\\/actualites\\\/wp-content\\\/uploads\\\/2017\\\/06\\\/996aee1134a5242da3e1df6b8559302f_S-1.jpg\",\"keywords\":[\"ONU\"],\"articleSection\":[\"infos\"],\"inLanguage\":\"fr-FR\",\"potentialAction\":[{\"@type\":\"CommentAction\",\"name\":\"Comment\",\"target\":[\"https:\\\/\\\/www.info-algerie.com\\\/actualites\\\/conseil-de-la-nation-presentation-de-projet-du-reglement-interieur\\\/#respond\"]}]},{\"@type\":\"WebPage\",\"@id\":\"https:\\\/\\\/www.info-algerie.com\\\/actualites\\\/conseil-de-la-nation-presentation-de-projet-du-reglement-interieur\\\/\",\"url\":\"https:\\\/\\\/www.info-algerie.com\\\/actualites\\\/conseil-de-la-nation-presentation-de-projet-du-reglement-interieur\\\/\",\"name\":\"Conseil de la nation: pr\u00e9sentation de projet du r\u00e8glement int\u00e9rieur - info algerie\",\"isPartOf\":{\"@id\":\"https:\\\/\\\/www.info-algerie.com\\\/actualites\\\/#website\"},\"primaryImageOfPage\":{\"@id\":\"https:\\\/\\\/www.info-algerie.com\\\/actualites\\\/conseil-de-la-nation-presentation-de-projet-du-reglement-interieur\\\/#primaryimage\"},\"image\":{\"@id\":\"https:\\\/\\\/www.info-algerie.com\\\/actualites\\\/conseil-de-la-nation-presentation-de-projet-du-reglement-interieur\\\/#primaryimage\"},\"thumbnailUrl\":\"https:\\\/\\\/www.info-algerie.com\\\/actualites\\\/wp-content\\\/uploads\\\/2017\\\/06\\\/996aee1134a5242da3e1df6b8559302f_S-1.jpg\",\"datePublished\":\"2017-06-20T16:41:52+00:00\",\"breadcrumb\":{\"@id\":\"https:\\\/\\\/www.info-algerie.com\\\/actualites\\\/conseil-de-la-nation-presentation-de-projet-du-reglement-interieur\\\/#breadcrumb\"},\"inLanguage\":\"fr-FR\",\"potentialAction\":[{\"@type\":\"ReadAction\",\"target\":[\"https:\\\/\\\/www.info-algerie.com\\\/actualites\\\/conseil-de-la-nation-presentation-de-projet-du-reglement-interieur\\\/\"]}]},{\"@type\":\"ImageObject\",\"inLanguage\":\"fr-FR\",\"@id\":\"https:\\\/\\\/www.info-algerie.com\\\/actualites\\\/conseil-de-la-nation-presentation-de-projet-du-reglement-interieur\\\/#primaryimage\",\"url\":\"https:\\\/\\\/www.info-algerie.com\\\/actualites\\\/wp-content\\\/uploads\\\/2017\\\/06\\\/996aee1134a5242da3e1df6b8559302f_S-1.jpg\",\"contentUrl\":\"https:\\\/\\\/www.info-algerie.com\\\/actualites\\\/wp-content\\\/uploads\\\/2017\\\/06\\\/996aee1134a5242da3e1df6b8559302f_S-1.jpg\",\"width\":280,\"height\":169},{\"@type\":\"BreadcrumbList\",\"@id\":\"https:\\\/\\\/www.info-algerie.com\\\/actualites\\\/conseil-de-la-nation-presentation-de-projet-du-reglement-interieur\\\/#breadcrumb\",\"itemListElement\":[{\"@type\":\"ListItem\",\"position\":1,\"name\":\"Accueil\",\"item\":\"https:\\\/\\\/www.info-algerie.com\\\/actualites\\\/\"},{\"@type\":\"ListItem\",\"position\":2,\"name\":\"Conseil de la nation: pr\u00e9sentation de projet du r\u00e8glement int\u00e9rieur\"}]},{\"@type\":\"WebSite\",\"@id\":\"https:\\\/\\\/www.info-algerie.com\\\/actualites\\\/#website\",\"url\":\"https:\\\/\\\/www.info-algerie.com\\\/actualites\\\/\",\"name\":\"info algerie\",\"description\":\"Toutes les actualit\u00e9s\",\"publisher\":{\"@id\":\"https:\\\/\\\/www.info-algerie.com\\\/actualites\\\/#organization\"},\"potentialAction\":[{\"@type\":\"SearchAction\",\"target\":{\"@type\":\"EntryPoint\",\"urlTemplate\":\"https:\\\/\\\/www.info-algerie.com\\\/actualites\\\/?s={search_term_string}\"},\"query-input\":{\"@type\":\"PropertyValueSpecification\",\"valueRequired\":true,\"valueName\":\"search_term_string\"}}],\"inLanguage\":\"fr-FR\"},{\"@type\":\"Organization\",\"@id\":\"https:\\\/\\\/www.info-algerie.com\\\/actualites\\\/#organization\",\"name\":\"info algerie\",\"url\":\"https:\\\/\\\/www.info-algerie.com\\\/actualites\\\/\",\"logo\":{\"@type\":\"ImageObject\",\"inLanguage\":\"fr-FR\",\"@id\":\"https:\\\/\\\/www.info-algerie.com\\\/actualites\\\/#\\\/schema\\\/logo\\\/image\\\/\",\"url\":\"https:\\\/\\\/www.info-algerie.com\\\/actualites\\\/wp-content\\\/uploads\\\/2022\\\/07\\\/logo-ia-120.png\",\"contentUrl\":\"https:\\\/\\\/www.info-algerie.com\\\/actualites\\\/wp-content\\\/uploads\\\/2022\\\/07\\\/logo-ia-120.png\",\"width\":120,\"height\":43,\"caption\":\"info algerie\"},\"image\":{\"@id\":\"https:\\\/\\\/www.info-algerie.com\\\/actualites\\\/#\\\/schema\\\/logo\\\/image\\\/\"},\"sameAs\":[\"https:\\\/\\\/www.facebook.com\\\/infoalgerieactu\",\"https:\\\/\\\/x.com\\\/infoalgerie1\"]},{\"@type\":\"Person\",\"@id\":\"https:\\\/\\\/www.info-algerie.com\\\/actualites\\\/#\\\/schema\\\/person\\\/847aaec44920825b843a08f30ec6aa1e\",\"name\":\"La r\u00e9daction\",\"image\":{\"@type\":\"ImageObject\",\"inLanguage\":\"fr-FR\",\"@id\":\"https:\\\/\\\/secure.gravatar.com\\\/avatar\\\/769db425c6f465158149f1ffd6cf61ce7a8a879d11dfbef8288af36dfddd418c?s=96&d=mm&r=g\",\"url\":\"https:\\\/\\\/secure.gravatar.com\\\/avatar\\\/769db425c6f465158149f1ffd6cf61ce7a8a879d11dfbef8288af36dfddd418c?s=96&d=mm&r=g\",\"contentUrl\":\"https:\\\/\\\/secure.gravatar.com\\\/avatar\\\/769db425c6f465158149f1ffd6cf61ce7a8a879d11dfbef8288af36dfddd418c?s=96&d=mm&r=g\",\"caption\":\"La r\u00e9daction\"},\"sameAs\":[\"http:\\\/\\\/www.lkeria.com\\\/\"],\"url\":\"https:\\\/\\\/www.info-algerie.com\\\/actualites\\\/author\\\/chakib32\\\/\"}]}<\/script>\n<!-- \/ Yoast SEO plugin. -->","yoast_head_json":{"title":"Conseil de la nation: pr\u00e9sentation de projet du r\u00e8glement int\u00e9rieur - info algerie","robots":{"index":"index","follow":"follow","max-snippet":"max-snippet:-1","max-image-preview":"max-image-preview:large","max-video-preview":"max-video-preview:-1"},"canonical":"https:\/\/www.info-algerie.com\/actualites\/conseil-de-la-nation-presentation-de-projet-du-reglement-interieur\/","og_locale":"fr_FR","og_type":"article","og_title":"Conseil de la nation: pr\u00e9sentation de projet du r\u00e8glement int\u00e9rieur - info algerie","og_description":"ALGER &#8211; La Commission \u00e9largie des affaires juridiques, administratives et de Droits de l&rsquo;Homme a pr\u00e9sent\u00e9 mardi le projet du R\u00e8glement int\u00e9rieur du Conseil de la Nation, lors d&rsquo;une s\u00e9ance pl\u00e9ni\u00e8re pr\u00e9sid\u00e9e par le pr\u00e9sident du Conseil, Abdelkader Bensalah. &#013; &#013; Ce projet, modifi\u00e9 conform\u00e9ment aux dispositions de la Constitution de f\u00e9vrier 2016 et la","og_url":"https:\/\/www.info-algerie.com\/actualites\/conseil-de-la-nation-presentation-de-projet-du-reglement-interieur\/","og_site_name":"info algerie","article_publisher":"https:\/\/www.facebook.com\/infoalgerieactu","article_published_time":"2017-06-20T16:41:52+00:00","og_image":[{"width":280,"height":169,"url":"https:\/\/www.info-algerie.com\/actualites\/wp-content\/uploads\/2017\/06\/996aee1134a5242da3e1df6b8559302f_S-1.jpg","type":"image\/jpeg"}],"author":"La r\u00e9daction","twitter_misc":{"\u00c9crit par":"La r\u00e9daction","Dur\u00e9e de lecture estim\u00e9e":"4 minutes"},"schema":{"@context":"https:\/\/schema.org","@graph":[{"@type":"Article","@id":"https:\/\/www.info-algerie.com\/actualites\/conseil-de-la-nation-presentation-de-projet-du-reglement-interieur\/#article","isPartOf":{"@id":"https:\/\/www.info-algerie.com\/actualites\/conseil-de-la-nation-presentation-de-projet-du-reglement-interieur\/"},"author":{"name":"La r\u00e9daction","@id":"https:\/\/www.info-algerie.com\/actualites\/#\/schema\/person\/847aaec44920825b843a08f30ec6aa1e"},"headline":"Conseil de la nation: pr\u00e9sentation de projet du r\u00e8glement int\u00e9rieur","datePublished":"2017-06-20T16:41:52+00:00","mainEntityOfPage":{"@id":"https:\/\/www.info-algerie.com\/actualites\/conseil-de-la-nation-presentation-de-projet-du-reglement-interieur\/"},"wordCount":776,"commentCount":0,"publisher":{"@id":"https:\/\/www.info-algerie.com\/actualites\/#organization"},"image":{"@id":"https:\/\/www.info-algerie.com\/actualites\/conseil-de-la-nation-presentation-de-projet-du-reglement-interieur\/#primaryimage"},"thumbnailUrl":"https:\/\/www.info-algerie.com\/actualites\/wp-content\/uploads\/2017\/06\/996aee1134a5242da3e1df6b8559302f_S-1.jpg","keywords":["ONU"],"articleSection":["infos"],"inLanguage":"fr-FR","potentialAction":[{"@type":"CommentAction","name":"Comment","target":["https:\/\/www.info-algerie.com\/actualites\/conseil-de-la-nation-presentation-de-projet-du-reglement-interieur\/#respond"]}]},{"@type":"WebPage","@id":"https:\/\/www.info-algerie.com\/actualites\/conseil-de-la-nation-presentation-de-projet-du-reglement-interieur\/","url":"https:\/\/www.info-algerie.com\/actualites\/conseil-de-la-nation-presentation-de-projet-du-reglement-interieur\/","name":"Conseil de la nation: pr\u00e9sentation de projet du r\u00e8glement int\u00e9rieur - info algerie","isPartOf":{"@id":"https:\/\/www.info-algerie.com\/actualites\/#website"},"primaryImageOfPage":{"@id":"https:\/\/www.info-algerie.com\/actualites\/conseil-de-la-nation-presentation-de-projet-du-reglement-interieur\/#primaryimage"},"image":{"@id":"https:\/\/www.info-algerie.com\/actualites\/conseil-de-la-nation-presentation-de-projet-du-reglement-interieur\/#primaryimage"},"thumbnailUrl":"https:\/\/www.info-algerie.com\/actualites\/wp-content\/uploads\/2017\/06\/996aee1134a5242da3e1df6b8559302f_S-1.jpg","datePublished":"2017-06-20T16:41:52+00:00","breadcrumb":{"@id":"https:\/\/www.info-algerie.com\/actualites\/conseil-de-la-nation-presentation-de-projet-du-reglement-interieur\/#breadcrumb"},"inLanguage":"fr-FR","potentialAction":[{"@type":"ReadAction","target":["https:\/\/www.info-algerie.com\/actualites\/conseil-de-la-nation-presentation-de-projet-du-reglement-interieur\/"]}]},{"@type":"ImageObject","inLanguage":"fr-FR","@id":"https:\/\/www.info-algerie.com\/actualites\/conseil-de-la-nation-presentation-de-projet-du-reglement-interieur\/#primaryimage","url":"https:\/\/www.info-algerie.com\/actualites\/wp-content\/uploads\/2017\/06\/996aee1134a5242da3e1df6b8559302f_S-1.jpg","contentUrl":"https:\/\/www.info-algerie.com\/actualites\/wp-content\/uploads\/2017\/06\/996aee1134a5242da3e1df6b8559302f_S-1.jpg","width":280,"height":169},{"@type":"BreadcrumbList","@id":"https:\/\/www.info-algerie.com\/actualites\/conseil-de-la-nation-presentation-de-projet-du-reglement-interieur\/#breadcrumb","itemListElement":[{"@type":"ListItem","position":1,"name":"Accueil","item":"https:\/\/www.info-algerie.com\/actualites\/"},{"@type":"ListItem","position":2,"name":"Conseil de la nation: pr\u00e9sentation de projet du r\u00e8glement int\u00e9rieur"}]},{"@type":"WebSite","@id":"https:\/\/www.info-algerie.com\/actualites\/#website","url":"https:\/\/www.info-algerie.com\/actualites\/","name":"info algerie","description":"Toutes les actualit\u00e9s","publisher":{"@id":"https:\/\/www.info-algerie.com\/actualites\/#organization"},"potentialAction":[{"@type":"SearchAction","target":{"@type":"EntryPoint","urlTemplate":"https:\/\/www.info-algerie.com\/actualites\/?s={search_term_string}"},"query-input":{"@type":"PropertyValueSpecification","valueRequired":true,"valueName":"search_term_string"}}],"inLanguage":"fr-FR"},{"@type":"Organization","@id":"https:\/\/www.info-algerie.com\/actualites\/#organization","name":"info algerie","url":"https:\/\/www.info-algerie.com\/actualites\/","logo":{"@type":"ImageObject","inLanguage":"fr-FR","@id":"https:\/\/www.info-algerie.com\/actualites\/#\/schema\/logo\/image\/","url":"https:\/\/www.info-algerie.com\/actualites\/wp-content\/uploads\/2022\/07\/logo-ia-120.png","contentUrl":"https:\/\/www.info-algerie.com\/actualites\/wp-content\/uploads\/2022\/07\/logo-ia-120.png","width":120,"height":43,"caption":"info algerie"},"image":{"@id":"https:\/\/www.info-algerie.com\/actualites\/#\/schema\/logo\/image\/"},"sameAs":["https:\/\/www.facebook.com\/infoalgerieactu","https:\/\/x.com\/infoalgerie1"]},{"@type":"Person","@id":"https:\/\/www.info-algerie.com\/actualites\/#\/schema\/person\/847aaec44920825b843a08f30ec6aa1e","name":"La r\u00e9daction","image":{"@type":"ImageObject","inLanguage":"fr-FR","@id":"https:\/\/secure.gravatar.com\/avatar\/769db425c6f465158149f1ffd6cf61ce7a8a879d11dfbef8288af36dfddd418c?s=96&d=mm&r=g","url":"https:\/\/secure.gravatar.com\/avatar\/769db425c6f465158149f1ffd6cf61ce7a8a879d11dfbef8288af36dfddd418c?s=96&d=mm&r=g","contentUrl":"https:\/\/secure.gravatar.com\/avatar\/769db425c6f465158149f1ffd6cf61ce7a8a879d11dfbef8288af36dfddd418c?s=96&d=mm&r=g","caption":"La r\u00e9daction"},"sameAs":["http:\/\/www.lkeria.com\/"],"url":"https:\/\/www.info-algerie.com\/actualites\/author\/chakib32\/"}]}},"_links":{"self":[{"href":"https:\/\/www.info-algerie.com\/actualites\/wp-json\/wp\/v2\/posts\/13392","targetHints":{"allow":["GET"]}}],"collection":[{"href":"https:\/\/www.info-algerie.com\/actualites\/wp-json\/wp\/v2\/posts"}],"about":[{"href":"https:\/\/www.info-algerie.com\/actualites\/wp-json\/wp\/v2\/types\/post"}],"author":[{"embeddable":true,"href":"https:\/\/www.info-algerie.com\/actualites\/wp-json\/wp\/v2\/users\/6"}],"replies":[{"embeddable":true,"href":"https:\/\/www.info-algerie.com\/actualites\/wp-json\/wp\/v2\/comments?post=13392"}],"version-history":[{"count":0,"href":"https:\/\/www.info-algerie.com\/actualites\/wp-json\/wp\/v2\/posts\/13392\/revisions"}],"wp:featuredmedia":[{"embeddable":true,"href":"https:\/\/www.info-algerie.com\/actualites\/wp-json\/wp\/v2\/media\/13393"}],"wp:attachment":[{"href":"https:\/\/www.info-algerie.com\/actualites\/wp-json\/wp\/v2\/media?parent=13392"}],"wp:term":[{"taxonomy":"category","embeddable":true,"href":"https:\/\/www.info-algerie.com\/actualites\/wp-json\/wp\/v2\/categories?post=13392"},{"taxonomy":"post_tag","embeddable":true,"href":"https:\/\/www.info-algerie.com\/actualites\/wp-json\/wp\/v2\/tags?post=13392"}],"curies":[{"name":"wp","href":"https:\/\/api.w.org\/{rel}","templated":true}]}}