{"id":13396,"date":"2017-06-20T17:26:24","date_gmt":"2017-06-20T16:26:24","guid":{"rendered":"http:\/\/www.info-algerie.com\/actualites\/le-hcr-appelle-a-definir-un-statut-particulier-aux-refugies-dans-les-pays-ou-ils-se-trouvent\/"},"modified":"2017-06-20T17:26:24","modified_gmt":"2017-06-20T16:26:24","slug":"le-hcr-appelle-a-definir-un-statut-particulier-aux-refugies-dans-les-pays-ou-ils-se-trouvent","status":"publish","type":"post","link":"https:\/\/www.info-algerie.com\/actualites\/le-hcr-appelle-a-definir-un-statut-particulier-aux-refugies-dans-les-pays-ou-ils-se-trouvent\/","title":{"rendered":"Le HCR appelle \u00e0 d\u00e9finir un statut particulier aux r\u00e9fugi\u00e9s dans les pays o\u00f9 ils se trouvent"},"content":{"rendered":"<div class=\"K2FeedImage\"><img decoding=\"async\" src=\"https:\/\/www.info-algerie.com\/actualites\/wp-content\/uploads\/2017\/06\/6eefc306e87d6798b38c6cf80fe103d6_S.jpg\" alt=\"Le HCR appelle &#xE0; d&#xE9;finir un statut particulier aux r&#xE9;fugi&#xE9;s dans les pays o&#xF9; ils se trouvent\" \/><\/div>\n<div class=\"K2FeedIntroText\">\n<p>ALGER &#8211; Le repr\u00e9sentant du Haut-commissariat aux r\u00e9fugi\u00e9s en Alg\u00e9rie, Hamadi Anouar Ahmed Boukhari, a appel\u00e9 \u00e0 d\u00e9finir un statut particulier aux r\u00e9fugi\u00e9s dans les pays o\u00f9 ils se trouvent, pr\u00e9cisant que le nombre de r\u00e9fugi\u00e9s a atteint selon les derni\u00e8res statistiques 65 millions \u00e0 travers le monde dont la moiti\u00e9 sont des enfants.<\/p>\n<p>&#013;\n<\/p><\/div>\n<div class=\"K2FeedFullText\">&#013;<\/p>\n<p>Intervenant aux travaux de la journ\u00e9e d&rsquo;\u00e9tudes sur \u00ab\u00a0les r\u00e9fugi\u00e9s, entre conventions internationales et r\u00e9gionales, et r\u00e9alit\u00e9s\u00a0\u00bb, organis\u00e9e \u00e0 l&rsquo;occasion de la c\u00e9l\u00e9bration de la Journ\u00e9e mondiale des r\u00e9fugi\u00e9s et de la Journ\u00e9e africaine des r\u00e9fugi\u00e9s, M. Boukhari a mis l&rsquo;accent sur l&rsquo;imp\u00e9ratif de \u00ab\u00a0d\u00e9finir un statut particulier aux r\u00e9fugi\u00e9s dans leurs\u00a0 pays d&rsquo;accueil afin de leur assurer une plus grande protection\u00a0\u00bb, appelant poursuivre les contacts avec les autorit\u00e9s des pays\u00a0 concern\u00e9s pour la r\u00e9alisation de cet objectif.<\/p>\n<p>&#013;<\/p>\n<p>M. boukhari a soulign\u00e9 que l&rsquo;organisation craint une r\u00e9duction du financement des op\u00e9rations destin\u00e9es \u00e0 la prise en charge de cette cat\u00e9gorie, appelant les pays donateurs \u00e0 s&rsquo;entraider davantage pour r\u00e9gler ce probl\u00e8me humanitaire qui touche plusieurs pays rong\u00e9s par les guerres, les conflits et la pauvret\u00e9.<\/p>\n<p>&#013;<\/p>\n<p>Le repr\u00e9sentant du HCR a salu\u00e9 le r\u00f4le de l&rsquo;Alg\u00e9rie dans la protection des r\u00e9fugi\u00e9s et la pr\u00e9servation de leur dignit\u00e9 humaine, \u00e0 l&rsquo;instar des r\u00e9fugi\u00e9s sahraouis qui se trouvent dans les camps de Tindouf o\u00f9 le HCR dispose d&rsquo;un bureau permanent pour \u00e9laborer des programmes de soutien \u00e0 ces derniers, outre les r\u00e9fugi\u00e9s syriens et africains contraints de quitter leur pays en raison de la d\u00e9gradation de la situation s\u00e9curitaire.<\/p>\n<p>&#013;<\/p>\n<p class=\"MsoNormal\">Le repr\u00e9sentant du HCR a indiqu\u00e9 que la solution \u00ab\u00a0r\u00e9side essentiellement dans la r\u00e9solution des probl\u00e8mes qui ont men\u00e9 ces derniers \u00e0 fuir leur patrie en \u0153uvrant notamment \u00e0 la r\u00e9alisation du d\u00e9veloppement durable dans leurs pays\u00a0\u00bb.<\/p>\n<\/div>\n<p>&#013;<br \/>\nSource: <a href=\"http:\/\/www.aps.dz\/algerie\/59200-le-hcr-appelle-a-definir-un-statut-particulier-aux-refugies-dans-les-pays-ou-ils-se-trouvent\" target=\"_blank\">Le HCR appelle \u00e0 d\u00e9finir un statut particulier aux r\u00e9fugi\u00e9s dans les pays o\u00f9 ils se trouvent<\/a><\/p>\n<!--CusAds0-->\n<div style=\"font-size: 0px; height: 0px; line-height: 0px; margin: 0; padding: 0; clear: both;\"><\/div>","protected":false},"excerpt":{"rendered":"<p>ALGER &#8211; Le repr\u00e9sentant du Haut-commissariat aux r\u00e9fugi\u00e9s en Alg\u00e9rie, Hamadi Anouar Ahmed Boukhari, a appel\u00e9 \u00e0 d\u00e9finir un statut particulier aux r\u00e9fugi\u00e9s dans les pays o\u00f9 ils se trouvent, pr\u00e9cisant que le nombre de r\u00e9fugi\u00e9s a atteint selon les derni\u00e8res statistiques 65 millions \u00e0 travers le monde dont la moiti\u00e9 sont des enfants. &#013;<\/p>\n","protected":false},"author":6,"featured_media":13397,"comment_status":"open","ping_status":"open","sticky":false,"template":"","format":"standard","meta":{"footnotes":""},"categories":[22],"tags":[93],"class_list":["post-13396","post","type-post","status-publish","format-standard","has-post-thumbnail","hentry","category-infos","tag-onu"],"yoast_head":"<!-- This site is optimized with the Yoast SEO plugin v27.5 - https:\/\/yoast.com\/product\/yoast-seo-wordpress\/ -->\n<title>Le HCR appelle \u00e0 d\u00e9finir un statut particulier aux r\u00e9fugi\u00e9s dans les pays o\u00f9 ils se trouvent - info algerie<\/title>\n<meta name=\"robots\" content=\"index, follow, max-snippet:-1, max-image-preview:large, max-video-preview:-1\" \/>\n<link rel=\"canonical\" href=\"https:\/\/www.info-algerie.com\/actualites\/le-hcr-appelle-a-definir-un-statut-particulier-aux-refugies-dans-les-pays-ou-ils-se-trouvent\/\" \/>\n<meta property=\"og:locale\" content=\"fr_FR\" \/>\n<meta property=\"og:type\" content=\"article\" \/>\n<meta property=\"og:title\" content=\"Le HCR appelle \u00e0 d\u00e9finir un statut particulier aux r\u00e9fugi\u00e9s dans les pays o\u00f9 ils se trouvent - info algerie\" \/>\n<meta property=\"og:description\" content=\"ALGER &#8211; Le repr\u00e9sentant du Haut-commissariat aux r\u00e9fugi\u00e9s en Alg\u00e9rie, Hamadi Anouar Ahmed Boukhari, a appel\u00e9 \u00e0 d\u00e9finir un statut particulier aux r\u00e9fugi\u00e9s dans les pays o\u00f9 ils se trouvent, pr\u00e9cisant que le nombre de r\u00e9fugi\u00e9s a atteint selon les derni\u00e8res statistiques 65 millions \u00e0 travers le monde dont la moiti\u00e9 sont des enfants. &#013;\" \/>\n<meta property=\"og:url\" content=\"https:\/\/www.info-algerie.com\/actualites\/le-hcr-appelle-a-definir-un-statut-particulier-aux-refugies-dans-les-pays-ou-ils-se-trouvent\/\" \/>\n<meta property=\"og:site_name\" content=\"info algerie\" \/>\n<meta property=\"article:publisher\" content=\"https:\/\/www.facebook.com\/infoalgerieactu\" \/>\n<meta property=\"article:published_time\" content=\"2017-06-20T16:26:24+00:00\" \/>\n<meta property=\"og:image\" content=\"https:\/\/www.info-algerie.com\/actualites\/wp-content\/uploads\/2017\/06\/6eefc306e87d6798b38c6cf80fe103d6_S-1.jpg\" \/>\n\t<meta property=\"og:image:width\" content=\"280\" \/>\n\t<meta property=\"og:image:height\" content=\"169\" \/>\n\t<meta property=\"og:image:type\" content=\"image\/jpeg\" \/>\n<meta name=\"author\" content=\"La r\u00e9daction\" \/>\n<meta name=\"twitter:label1\" content=\"\u00c9crit par\" \/>\n\t<meta name=\"twitter:data1\" content=\"La r\u00e9daction\" \/>\n\t<meta name=\"twitter:label2\" content=\"Dur\u00e9e de lecture estim\u00e9e\" \/>\n\t<meta name=\"twitter:data2\" content=\"2 minutes\" \/>\n<script type=\"application\/ld+json\" class=\"yoast-schema-graph\">{\"@context\":\"https:\\\/\\\/schema.org\",\"@graph\":[{\"@type\":\"Article\",\"@id\":\"https:\\\/\\\/www.info-algerie.com\\\/actualites\\\/le-hcr-appelle-a-definir-un-statut-particulier-aux-refugies-dans-les-pays-ou-ils-se-trouvent\\\/#article\",\"isPartOf\":{\"@id\":\"https:\\\/\\\/www.info-algerie.com\\\/actualites\\\/le-hcr-appelle-a-definir-un-statut-particulier-aux-refugies-dans-les-pays-ou-ils-se-trouvent\\\/\"},\"author\":{\"name\":\"La r\u00e9daction\",\"@id\":\"https:\\\/\\\/www.info-algerie.com\\\/actualites\\\/#\\\/schema\\\/person\\\/847aaec44920825b843a08f30ec6aa1e\"},\"headline\":\"Le HCR appelle \u00e0 d\u00e9finir un statut particulier aux r\u00e9fugi\u00e9s dans les pays o\u00f9 ils se trouvent\",\"datePublished\":\"2017-06-20T16:26:24+00:00\",\"mainEntityOfPage\":{\"@id\":\"https:\\\/\\\/www.info-algerie.com\\\/actualites\\\/le-hcr-appelle-a-definir-un-statut-particulier-aux-refugies-dans-les-pays-ou-ils-se-trouvent\\\/\"},\"wordCount\":384,\"commentCount\":0,\"publisher\":{\"@id\":\"https:\\\/\\\/www.info-algerie.com\\\/actualites\\\/#organization\"},\"image\":{\"@id\":\"https:\\\/\\\/www.info-algerie.com\\\/actualites\\\/le-hcr-appelle-a-definir-un-statut-particulier-aux-refugies-dans-les-pays-ou-ils-se-trouvent\\\/#primaryimage\"},\"thumbnailUrl\":\"https:\\\/\\\/www.info-algerie.com\\\/actualites\\\/wp-content\\\/uploads\\\/2017\\\/06\\\/6eefc306e87d6798b38c6cf80fe103d6_S-1.jpg\",\"keywords\":[\"ONU\"],\"articleSection\":[\"infos\"],\"inLanguage\":\"fr-FR\",\"potentialAction\":[{\"@type\":\"CommentAction\",\"name\":\"Comment\",\"target\":[\"https:\\\/\\\/www.info-algerie.com\\\/actualites\\\/le-hcr-appelle-a-definir-un-statut-particulier-aux-refugies-dans-les-pays-ou-ils-se-trouvent\\\/#respond\"]}]},{\"@type\":\"WebPage\",\"@id\":\"https:\\\/\\\/www.info-algerie.com\\\/actualites\\\/le-hcr-appelle-a-definir-un-statut-particulier-aux-refugies-dans-les-pays-ou-ils-se-trouvent\\\/\",\"url\":\"https:\\\/\\\/www.info-algerie.com\\\/actualites\\\/le-hcr-appelle-a-definir-un-statut-particulier-aux-refugies-dans-les-pays-ou-ils-se-trouvent\\\/\",\"name\":\"Le HCR appelle \u00e0 d\u00e9finir un statut particulier aux r\u00e9fugi\u00e9s dans les pays o\u00f9 ils se trouvent - info algerie\",\"isPartOf\":{\"@id\":\"https:\\\/\\\/www.info-algerie.com\\\/actualites\\\/#website\"},\"primaryImageOfPage\":{\"@id\":\"https:\\\/\\\/www.info-algerie.com\\\/actualites\\\/le-hcr-appelle-a-definir-un-statut-particulier-aux-refugies-dans-les-pays-ou-ils-se-trouvent\\\/#primaryimage\"},\"image\":{\"@id\":\"https:\\\/\\\/www.info-algerie.com\\\/actualites\\\/le-hcr-appelle-a-definir-un-statut-particulier-aux-refugies-dans-les-pays-ou-ils-se-trouvent\\\/#primaryimage\"},\"thumbnailUrl\":\"https:\\\/\\\/www.info-algerie.com\\\/actualites\\\/wp-content\\\/uploads\\\/2017\\\/06\\\/6eefc306e87d6798b38c6cf80fe103d6_S-1.jpg\",\"datePublished\":\"2017-06-20T16:26:24+00:00\",\"breadcrumb\":{\"@id\":\"https:\\\/\\\/www.info-algerie.com\\\/actualites\\\/le-hcr-appelle-a-definir-un-statut-particulier-aux-refugies-dans-les-pays-ou-ils-se-trouvent\\\/#breadcrumb\"},\"inLanguage\":\"fr-FR\",\"potentialAction\":[{\"@type\":\"ReadAction\",\"target\":[\"https:\\\/\\\/www.info-algerie.com\\\/actualites\\\/le-hcr-appelle-a-definir-un-statut-particulier-aux-refugies-dans-les-pays-ou-ils-se-trouvent\\\/\"]}]},{\"@type\":\"ImageObject\",\"inLanguage\":\"fr-FR\",\"@id\":\"https:\\\/\\\/www.info-algerie.com\\\/actualites\\\/le-hcr-appelle-a-definir-un-statut-particulier-aux-refugies-dans-les-pays-ou-ils-se-trouvent\\\/#primaryimage\",\"url\":\"https:\\\/\\\/www.info-algerie.com\\\/actualites\\\/wp-content\\\/uploads\\\/2017\\\/06\\\/6eefc306e87d6798b38c6cf80fe103d6_S-1.jpg\",\"contentUrl\":\"https:\\\/\\\/www.info-algerie.com\\\/actualites\\\/wp-content\\\/uploads\\\/2017\\\/06\\\/6eefc306e87d6798b38c6cf80fe103d6_S-1.jpg\",\"width\":280,\"height\":169},{\"@type\":\"BreadcrumbList\",\"@id\":\"https:\\\/\\\/www.info-algerie.com\\\/actualites\\\/le-hcr-appelle-a-definir-un-statut-particulier-aux-refugies-dans-les-pays-ou-ils-se-trouvent\\\/#breadcrumb\",\"itemListElement\":[{\"@type\":\"ListItem\",\"position\":1,\"name\":\"Accueil\",\"item\":\"https:\\\/\\\/www.info-algerie.com\\\/actualites\\\/\"},{\"@type\":\"ListItem\",\"position\":2,\"name\":\"Le HCR appelle \u00e0 d\u00e9finir un statut particulier aux r\u00e9fugi\u00e9s dans les pays o\u00f9 ils se trouvent\"}]},{\"@type\":\"WebSite\",\"@id\":\"https:\\\/\\\/www.info-algerie.com\\\/actualites\\\/#website\",\"url\":\"https:\\\/\\\/www.info-algerie.com\\\/actualites\\\/\",\"name\":\"info algerie\",\"description\":\"Toutes les actualit\u00e9s\",\"publisher\":{\"@id\":\"https:\\\/\\\/www.info-algerie.com\\\/actualites\\\/#organization\"},\"potentialAction\":[{\"@type\":\"SearchAction\",\"target\":{\"@type\":\"EntryPoint\",\"urlTemplate\":\"https:\\\/\\\/www.info-algerie.com\\\/actualites\\\/?s={search_term_string}\"},\"query-input\":{\"@type\":\"PropertyValueSpecification\",\"valueRequired\":true,\"valueName\":\"search_term_string\"}}],\"inLanguage\":\"fr-FR\"},{\"@type\":\"Organization\",\"@id\":\"https:\\\/\\\/www.info-algerie.com\\\/actualites\\\/#organization\",\"name\":\"info algerie\",\"url\":\"https:\\\/\\\/www.info-algerie.com\\\/actualites\\\/\",\"logo\":{\"@type\":\"ImageObject\",\"inLanguage\":\"fr-FR\",\"@id\":\"https:\\\/\\\/www.info-algerie.com\\\/actualites\\\/#\\\/schema\\\/logo\\\/image\\\/\",\"url\":\"https:\\\/\\\/www.info-algerie.com\\\/actualites\\\/wp-content\\\/uploads\\\/2022\\\/07\\\/logo-ia-120.png\",\"contentUrl\":\"https:\\\/\\\/www.info-algerie.com\\\/actualites\\\/wp-content\\\/uploads\\\/2022\\\/07\\\/logo-ia-120.png\",\"width\":120,\"height\":43,\"caption\":\"info algerie\"},\"image\":{\"@id\":\"https:\\\/\\\/www.info-algerie.com\\\/actualites\\\/#\\\/schema\\\/logo\\\/image\\\/\"},\"sameAs\":[\"https:\\\/\\\/www.facebook.com\\\/infoalgerieactu\",\"https:\\\/\\\/x.com\\\/infoalgerie1\"]},{\"@type\":\"Person\",\"@id\":\"https:\\\/\\\/www.info-algerie.com\\\/actualites\\\/#\\\/schema\\\/person\\\/847aaec44920825b843a08f30ec6aa1e\",\"name\":\"La r\u00e9daction\",\"image\":{\"@type\":\"ImageObject\",\"inLanguage\":\"fr-FR\",\"@id\":\"https:\\\/\\\/secure.gravatar.com\\\/avatar\\\/769db425c6f465158149f1ffd6cf61ce7a8a879d11dfbef8288af36dfddd418c?s=96&d=mm&r=g\",\"url\":\"https:\\\/\\\/secure.gravatar.com\\\/avatar\\\/769db425c6f465158149f1ffd6cf61ce7a8a879d11dfbef8288af36dfddd418c?s=96&d=mm&r=g\",\"contentUrl\":\"https:\\\/\\\/secure.gravatar.com\\\/avatar\\\/769db425c6f465158149f1ffd6cf61ce7a8a879d11dfbef8288af36dfddd418c?s=96&d=mm&r=g\",\"caption\":\"La r\u00e9daction\"},\"sameAs\":[\"http:\\\/\\\/www.lkeria.com\\\/\"],\"url\":\"https:\\\/\\\/www.info-algerie.com\\\/actualites\\\/author\\\/chakib32\\\/\"}]}<\/script>\n<!-- \/ Yoast SEO plugin. -->","yoast_head_json":{"title":"Le HCR appelle \u00e0 d\u00e9finir un statut particulier aux r\u00e9fugi\u00e9s dans les pays o\u00f9 ils se trouvent - info algerie","robots":{"index":"index","follow":"follow","max-snippet":"max-snippet:-1","max-image-preview":"max-image-preview:large","max-video-preview":"max-video-preview:-1"},"canonical":"https:\/\/www.info-algerie.com\/actualites\/le-hcr-appelle-a-definir-un-statut-particulier-aux-refugies-dans-les-pays-ou-ils-se-trouvent\/","og_locale":"fr_FR","og_type":"article","og_title":"Le HCR appelle \u00e0 d\u00e9finir un statut particulier aux r\u00e9fugi\u00e9s dans les pays o\u00f9 ils se trouvent - info algerie","og_description":"ALGER &#8211; Le repr\u00e9sentant du Haut-commissariat aux r\u00e9fugi\u00e9s en Alg\u00e9rie, Hamadi Anouar Ahmed Boukhari, a appel\u00e9 \u00e0 d\u00e9finir un statut particulier aux r\u00e9fugi\u00e9s dans les pays o\u00f9 ils se trouvent, pr\u00e9cisant que le nombre de r\u00e9fugi\u00e9s a atteint selon les derni\u00e8res statistiques 65 millions \u00e0 travers le monde dont la moiti\u00e9 sont des enfants. &#013;","og_url":"https:\/\/www.info-algerie.com\/actualites\/le-hcr-appelle-a-definir-un-statut-particulier-aux-refugies-dans-les-pays-ou-ils-se-trouvent\/","og_site_name":"info algerie","article_publisher":"https:\/\/www.facebook.com\/infoalgerieactu","article_published_time":"2017-06-20T16:26:24+00:00","og_image":[{"width":280,"height":169,"url":"https:\/\/www.info-algerie.com\/actualites\/wp-content\/uploads\/2017\/06\/6eefc306e87d6798b38c6cf80fe103d6_S-1.jpg","type":"image\/jpeg"}],"author":"La r\u00e9daction","twitter_misc":{"\u00c9crit par":"La r\u00e9daction","Dur\u00e9e de lecture estim\u00e9e":"2 minutes"},"schema":{"@context":"https:\/\/schema.org","@graph":[{"@type":"Article","@id":"https:\/\/www.info-algerie.com\/actualites\/le-hcr-appelle-a-definir-un-statut-particulier-aux-refugies-dans-les-pays-ou-ils-se-trouvent\/#article","isPartOf":{"@id":"https:\/\/www.info-algerie.com\/actualites\/le-hcr-appelle-a-definir-un-statut-particulier-aux-refugies-dans-les-pays-ou-ils-se-trouvent\/"},"author":{"name":"La r\u00e9daction","@id":"https:\/\/www.info-algerie.com\/actualites\/#\/schema\/person\/847aaec44920825b843a08f30ec6aa1e"},"headline":"Le HCR appelle \u00e0 d\u00e9finir un statut particulier aux r\u00e9fugi\u00e9s dans les pays o\u00f9 ils se trouvent","datePublished":"2017-06-20T16:26:24+00:00","mainEntityOfPage":{"@id":"https:\/\/www.info-algerie.com\/actualites\/le-hcr-appelle-a-definir-un-statut-particulier-aux-refugies-dans-les-pays-ou-ils-se-trouvent\/"},"wordCount":384,"commentCount":0,"publisher":{"@id":"https:\/\/www.info-algerie.com\/actualites\/#organization"},"image":{"@id":"https:\/\/www.info-algerie.com\/actualites\/le-hcr-appelle-a-definir-un-statut-particulier-aux-refugies-dans-les-pays-ou-ils-se-trouvent\/#primaryimage"},"thumbnailUrl":"https:\/\/www.info-algerie.com\/actualites\/wp-content\/uploads\/2017\/06\/6eefc306e87d6798b38c6cf80fe103d6_S-1.jpg","keywords":["ONU"],"articleSection":["infos"],"inLanguage":"fr-FR","potentialAction":[{"@type":"CommentAction","name":"Comment","target":["https:\/\/www.info-algerie.com\/actualites\/le-hcr-appelle-a-definir-un-statut-particulier-aux-refugies-dans-les-pays-ou-ils-se-trouvent\/#respond"]}]},{"@type":"WebPage","@id":"https:\/\/www.info-algerie.com\/actualites\/le-hcr-appelle-a-definir-un-statut-particulier-aux-refugies-dans-les-pays-ou-ils-se-trouvent\/","url":"https:\/\/www.info-algerie.com\/actualites\/le-hcr-appelle-a-definir-un-statut-particulier-aux-refugies-dans-les-pays-ou-ils-se-trouvent\/","name":"Le HCR appelle \u00e0 d\u00e9finir un statut particulier aux r\u00e9fugi\u00e9s dans les pays o\u00f9 ils se trouvent - info algerie","isPartOf":{"@id":"https:\/\/www.info-algerie.com\/actualites\/#website"},"primaryImageOfPage":{"@id":"https:\/\/www.info-algerie.com\/actualites\/le-hcr-appelle-a-definir-un-statut-particulier-aux-refugies-dans-les-pays-ou-ils-se-trouvent\/#primaryimage"},"image":{"@id":"https:\/\/www.info-algerie.com\/actualites\/le-hcr-appelle-a-definir-un-statut-particulier-aux-refugies-dans-les-pays-ou-ils-se-trouvent\/#primaryimage"},"thumbnailUrl":"https:\/\/www.info-algerie.com\/actualites\/wp-content\/uploads\/2017\/06\/6eefc306e87d6798b38c6cf80fe103d6_S-1.jpg","datePublished":"2017-06-20T16:26:24+00:00","breadcrumb":{"@id":"https:\/\/www.info-algerie.com\/actualites\/le-hcr-appelle-a-definir-un-statut-particulier-aux-refugies-dans-les-pays-ou-ils-se-trouvent\/#breadcrumb"},"inLanguage":"fr-FR","potentialAction":[{"@type":"ReadAction","target":["https:\/\/www.info-algerie.com\/actualites\/le-hcr-appelle-a-definir-un-statut-particulier-aux-refugies-dans-les-pays-ou-ils-se-trouvent\/"]}]},{"@type":"ImageObject","inLanguage":"fr-FR","@id":"https:\/\/www.info-algerie.com\/actualites\/le-hcr-appelle-a-definir-un-statut-particulier-aux-refugies-dans-les-pays-ou-ils-se-trouvent\/#primaryimage","url":"https:\/\/www.info-algerie.com\/actualites\/wp-content\/uploads\/2017\/06\/6eefc306e87d6798b38c6cf80fe103d6_S-1.jpg","contentUrl":"https:\/\/www.info-algerie.com\/actualites\/wp-content\/uploads\/2017\/06\/6eefc306e87d6798b38c6cf80fe103d6_S-1.jpg","width":280,"height":169},{"@type":"BreadcrumbList","@id":"https:\/\/www.info-algerie.com\/actualites\/le-hcr-appelle-a-definir-un-statut-particulier-aux-refugies-dans-les-pays-ou-ils-se-trouvent\/#breadcrumb","itemListElement":[{"@type":"ListItem","position":1,"name":"Accueil","item":"https:\/\/www.info-algerie.com\/actualites\/"},{"@type":"ListItem","position":2,"name":"Le HCR appelle \u00e0 d\u00e9finir un statut particulier aux r\u00e9fugi\u00e9s dans les pays o\u00f9 ils se trouvent"}]},{"@type":"WebSite","@id":"https:\/\/www.info-algerie.com\/actualites\/#website","url":"https:\/\/www.info-algerie.com\/actualites\/","name":"info algerie","description":"Toutes les actualit\u00e9s","publisher":{"@id":"https:\/\/www.info-algerie.com\/actualites\/#organization"},"potentialAction":[{"@type":"SearchAction","target":{"@type":"EntryPoint","urlTemplate":"https:\/\/www.info-algerie.com\/actualites\/?s={search_term_string}"},"query-input":{"@type":"PropertyValueSpecification","valueRequired":true,"valueName":"search_term_string"}}],"inLanguage":"fr-FR"},{"@type":"Organization","@id":"https:\/\/www.info-algerie.com\/actualites\/#organization","name":"info algerie","url":"https:\/\/www.info-algerie.com\/actualites\/","logo":{"@type":"ImageObject","inLanguage":"fr-FR","@id":"https:\/\/www.info-algerie.com\/actualites\/#\/schema\/logo\/image\/","url":"https:\/\/www.info-algerie.com\/actualites\/wp-content\/uploads\/2022\/07\/logo-ia-120.png","contentUrl":"https:\/\/www.info-algerie.com\/actualites\/wp-content\/uploads\/2022\/07\/logo-ia-120.png","width":120,"height":43,"caption":"info algerie"},"image":{"@id":"https:\/\/www.info-algerie.com\/actualites\/#\/schema\/logo\/image\/"},"sameAs":["https:\/\/www.facebook.com\/infoalgerieactu","https:\/\/x.com\/infoalgerie1"]},{"@type":"Person","@id":"https:\/\/www.info-algerie.com\/actualites\/#\/schema\/person\/847aaec44920825b843a08f30ec6aa1e","name":"La r\u00e9daction","image":{"@type":"ImageObject","inLanguage":"fr-FR","@id":"https:\/\/secure.gravatar.com\/avatar\/769db425c6f465158149f1ffd6cf61ce7a8a879d11dfbef8288af36dfddd418c?s=96&d=mm&r=g","url":"https:\/\/secure.gravatar.com\/avatar\/769db425c6f465158149f1ffd6cf61ce7a8a879d11dfbef8288af36dfddd418c?s=96&d=mm&r=g","contentUrl":"https:\/\/secure.gravatar.com\/avatar\/769db425c6f465158149f1ffd6cf61ce7a8a879d11dfbef8288af36dfddd418c?s=96&d=mm&r=g","caption":"La r\u00e9daction"},"sameAs":["http:\/\/www.lkeria.com\/"],"url":"https:\/\/www.info-algerie.com\/actualites\/author\/chakib32\/"}]}},"_links":{"self":[{"href":"https:\/\/www.info-algerie.com\/actualites\/wp-json\/wp\/v2\/posts\/13396","targetHints":{"allow":["GET"]}}],"collection":[{"href":"https:\/\/www.info-algerie.com\/actualites\/wp-json\/wp\/v2\/posts"}],"about":[{"href":"https:\/\/www.info-algerie.com\/actualites\/wp-json\/wp\/v2\/types\/post"}],"author":[{"embeddable":true,"href":"https:\/\/www.info-algerie.com\/actualites\/wp-json\/wp\/v2\/users\/6"}],"replies":[{"embeddable":true,"href":"https:\/\/www.info-algerie.com\/actualites\/wp-json\/wp\/v2\/comments?post=13396"}],"version-history":[{"count":0,"href":"https:\/\/www.info-algerie.com\/actualites\/wp-json\/wp\/v2\/posts\/13396\/revisions"}],"wp:featuredmedia":[{"embeddable":true,"href":"https:\/\/www.info-algerie.com\/actualites\/wp-json\/wp\/v2\/media\/13397"}],"wp:attachment":[{"href":"https:\/\/www.info-algerie.com\/actualites\/wp-json\/wp\/v2\/media?parent=13396"}],"wp:term":[{"taxonomy":"category","embeddable":true,"href":"https:\/\/www.info-algerie.com\/actualites\/wp-json\/wp\/v2\/categories?post=13396"},{"taxonomy":"post_tag","embeddable":true,"href":"https:\/\/www.info-algerie.com\/actualites\/wp-json\/wp\/v2\/tags?post=13396"}],"curies":[{"name":"wp","href":"https:\/\/api.w.org\/{rel}","templated":true}]}}