{"id":13414,"date":"2017-06-21T10:03:27","date_gmt":"2017-06-21T09:03:27","guid":{"rendered":"http:\/\/www.info-algerie.com\/actualites\/adoption-du-reglement-interieur-du-conseil-de-la-nation\/"},"modified":"2017-06-21T10:03:27","modified_gmt":"2017-06-21T09:03:27","slug":"adoption-du-reglement-interieur-du-conseil-de-la-nation","status":"publish","type":"post","link":"https:\/\/www.info-algerie.com\/actualites\/adoption-du-reglement-interieur-du-conseil-de-la-nation\/","title":{"rendered":"Adoption du r\u00e8glement int\u00e9rieur du Conseil de la nation\u00a0"},"content":{"rendered":"<div class=\"K2FeedImage\"><img decoding=\"async\" src=\"https:\/\/www.info-algerie.com\/actualites\/wp-content\/uploads\/2017\/06\/7e6c34f7f3aacf64037a52f67de9bc9a_S.jpg\" alt=\"Adoption du r&#xE8;glement int&#xE9;rieur du Conseil de la nation&#xA0;\" \/><\/div>\n<div class=\"K2FeedIntroText\">\n<p class=\"MsoNoSpacing\">ALGER- Le projet du r\u00e8glement int\u00e9rieur du Conseil de\u00a0 la nation a \u00e9t\u00e9 adopt\u00e9 mardi lors d&rsquo;une s\u00e9ance pl\u00e9ni\u00e8re pr\u00e9sid\u00e9e par M. Abdelkader Bensalah en pr\u00e9sence du ministre des relations avec le parlement, Tahar Khaoua.<\/p>\n<p>&#013;\n<\/p><\/div>\n<div class=\"K2FeedFullText\">&#013;<\/p>\n<p class=\"MsoNoSpacing\">L&rsquo;adoption du r\u00e8glement int\u00e9rieur signe l&rsquo;entame d&rsquo;une nouvelle \u00e9tape impliquant une r\u00e9vision totale du mode de travail et de fonctionnement et un \u00e9tat d&rsquo;esprit nouveau dans l&rsquo;accomplissement de l&rsquo;action du parlement future\u00a0\u00bb, a indiqu\u00e9 le pr\u00e9sident du Conseil dans une allocation \u00e0 l&rsquo;issue du vote.<\/p>\n<p>&#013;<\/p>\n<p class=\"MsoNoSpacing\">\u00ab\u00a0Par cette adoption, nous amor\u00e7ons une nouvelle \u00e8re dans de l&rsquo;action de notre institution qui nous appelle \u00e0 nous hisser au niveau des d\u00e9fis qui se posent \u00e0 nous et \u00e0 notre pays, d&rsquo;o\u00f9 la n\u00e9cessit\u00e9 d&rsquo;une r\u00e9vision totale de notre mode de fonctionnement et de notre comportement au sein de l&rsquo;Institution et de la part de tout un chacun un nouveau \u00e9tat d&rsquo;esprit dans l&rsquo;accomplissement de l&rsquo;action parlement future\u00a0\u00bb, a affirm\u00e9 M. Bensalah.<\/p>\n<p>&#013;<\/p>\n<p class=\"MsoNoSpacing\">D\u00e9s que le Conseil constitutionnel donne son avis sur le r\u00e8glement int\u00e9rieur, le Conseil de la nation entame une nouvelle \u00e9tape \u00ab\u00a0durant laquelle nous devons jouer un plus grand r\u00f4le et agir avec une plus grande efficacit\u00e9 au service de notre institution parlementaire\u00a0\u00bb,\u00a0 a ajout\u00e9 le pr\u00e9sident du Conseil de la nation.<\/p>\n<p>&#013;<\/p>\n<p class=\"MsoNoSpacing\">Les membres du conseil sont \u00e9galement appel\u00e9 \u00e0 \u00ab\u00a0jouer un r\u00f4le plus efficace et plus efficients dans notre performance l\u00e9gislative et de contr\u00f4le \u00e0 m\u00eame de conf\u00e9rer la l\u00e9gitimit\u00e9 requise \u00e0 notre action\u00a0\u00bb, a-t-il indiqu\u00e9 rappelant l&rsquo;obligation pour les membres d&rsquo;assister aux s\u00e9ances pl\u00e9ni\u00e8res et aux r\u00e9unions des commissions permanentes et de pers\u00e9v\u00e9rer dans l&rsquo;exercice de notre r\u00f4le de contr\u00f4le sur l&rsquo;action du gouvernement\u00a0\u00bb.<\/p>\n<p>&#013;<\/p>\n<p class=\"MsoNoSpacing\">A cette occasion, il a indiqu\u00e9 que les dispositions introduites \u00ab\u00a0sont inspir\u00e9es des derni\u00e8res lois dont le pays s&rsquo;est dot\u00e9 et des dispositions de la nouvelle Constitution, en particulier celles relatives \u00e0 l&rsquo;\u00e9largissement des pr\u00e9rogatives de l&rsquo;Institution en termes d&rsquo;exercice d\u00e9mocratique et de multipartisme en ad\u00e9quation avec les dispositions du syst\u00e8me judiciaire organique et ordinaire ayant trait \u00e0 l&rsquo;organisation de l&rsquo;Etat de droit et aux droits et aux libert\u00e9s des citoyens\u00a0\u00bb.<\/p>\n<p>&#013;<\/p>\n<p class=\"MsoNoSpacing\">Soulignant que les dispositions du texte sont venues \u00ab\u00a0combler des vides et des lacunes r\u00e9v\u00e9l\u00e9s par 20 ans d&rsquo;exercice parlementaire au Conseil de la nation et d&rsquo;exp\u00e9riences similaires de grandes d\u00e9mocraties dans le monde\u00a0\u00bb,\u00a0 M. Bensalah a exprim\u00e9 le souhait de voir le gouvernement r\u00e9pondre\u00a0<span style=\"font-size: 12.16px\">favorablement aux exigences fond\u00e9es des membres de notre Institution, notamment en ce qui concerne la prise en charge des questions soulev\u00e9es par les membres du Conseil de la nation sur les pr\u00e9occupations du citoyen.<\/span><\/p>\n<p>&#013;<\/p>\n<p>De m\u00eame qu&rsquo;il a exprim\u00e9 le souhait\u00e9 de voir l&rsquo;Assembl\u00e9e populaire nationale (APN) \u00ab\u00a0coordonner son travail avec notre institution pour une compl\u00e9mentarit\u00e9 de l&rsquo;action parlementaire et davantage d&rsquo;efficacit\u00e9 et de coh\u00e9sion en vue d&rsquo;am\u00e9liorer l&rsquo;image de notre institution parlementaire au\u00a0yeux des citoyens\u00a0\u00bb.<\/p>\n<p>&#013;<\/p>\n<p class=\"MsoNoSpacing\">Les pr\u00e9occupations de sept intervenants lors de la s\u00e9ance matinale ont port\u00e9 sur les dispositions r\u00e9gissant les s\u00e9ances pl\u00e9ni\u00e8res consacr\u00e9es aux questions orales et \u00e0 la dur\u00e9e fix\u00e9e \u00e0 6 minutes pour les formuler et y r\u00e9pondre et jug\u00e9e insuffisante pour les r\u00e9ponses.<\/p>\n<p>&#013;<\/p>\n<p class=\"MsoNoSpacing\">\u00a0\u00a0\u00a0 Certains intervenants ont appel\u00e9 \u00e0 la r\u00e9vision du point relatif \u00e0 l&rsquo;obligation \u00ab\u00a0aux seuls membres\u00a0\u00bb d&rsquo;assister aux s\u00e9ances et d&rsquo;autres ont demand\u00e9 que soient expliqu\u00e9s les cas de retrait de l&rsquo;immunit\u00e9 et du mandat parlementaires.<\/p>\n<p>&#013;<\/p>\n<p class=\"MsoNoSpacing\">Un autre membre a proposer la communication des rapports des commissions via les nouveaux moyens de communication.<\/p>\n<p>&#013;<\/p>\n<p class=\"MsoNoSpacing\">En r\u00e9ponse \u00e0 ces pr\u00e9occupations, le pr\u00e9sident de la Commission \u00e9largie des affaires juridiques, administratives et des droits de l&rsquo;Homme, Mohamed Mani a indiqu\u00e9 que, pour ce qui des cas de retrait de l&rsquo;immunit\u00e9 parlementaire, la Constitution n&rsquo;a pas pr\u00e9cis\u00e9 en ses articles 126, 127 et 128 les actes r\u00e9pressibles et qu&rsquo;il faudrait un examen au cas par cas.\u00a0<\/p>\n<p>&#013;<\/p>\n<p>\u00a0<\/p>\n<p>&#013;<\/p>\n<p class=\"MsoNoSpacing\">Quant \u00e0 la proposition d&rsquo;adopter les nouvelles technologies de communication, M. Mani a estim\u00e9 que rien n&#8217;emp\u00eache le recours \u00e0 ces proc\u00e9d\u00e9s et que leur utilisation est in\u00e9vitable avec le d\u00e9veloppement de l&rsquo;action parlementaire.\u00a0<\/p>\n<\/div>\n<p>&#013;<br \/>\nSource: <a href=\"http:\/\/www.aps.dz\/algerie\/59214-adoption-du-reglement-interieur-du-conseil-de-la-nation\" target=\"_blank\">Adoption du r\u00e8glement int\u00e9rieur du Conseil de la nation\u00a0<\/a><\/p>\n<!--CusAds0-->\n<div style=\"font-size: 0px; height: 0px; line-height: 0px; margin: 0; padding: 0; clear: both;\"><\/div>","protected":false},"excerpt":{"rendered":"<p>ALGER- Le projet du r\u00e8glement int\u00e9rieur du Conseil de\u00a0 la nation a \u00e9t\u00e9 adopt\u00e9 mardi lors d&rsquo;une s\u00e9ance pl\u00e9ni\u00e8re pr\u00e9sid\u00e9e par M. Abdelkader Bensalah en pr\u00e9sence du ministre des relations avec le parlement, Tahar Khaoua. &#013; &#013; L&rsquo;adoption du r\u00e8glement int\u00e9rieur signe l&rsquo;entame d&rsquo;une nouvelle \u00e9tape impliquant une r\u00e9vision totale du mode de travail et<\/p>\n","protected":false},"author":6,"featured_media":13415,"comment_status":"open","ping_status":"open","sticky":false,"template":"","format":"standard","meta":{"footnotes":""},"categories":[22],"tags":[93],"class_list":["post-13414","post","type-post","status-publish","format-standard","has-post-thumbnail","hentry","category-infos","tag-onu"],"yoast_head":"<!-- This site is optimized with the Yoast SEO plugin v27.5 - https:\/\/yoast.com\/product\/yoast-seo-wordpress\/ -->\n<title>Adoption du r\u00e8glement int\u00e9rieur du Conseil de la nation\u00a0 - info algerie<\/title>\n<meta name=\"robots\" content=\"index, follow, max-snippet:-1, max-image-preview:large, max-video-preview:-1\" \/>\n<link rel=\"canonical\" href=\"https:\/\/www.info-algerie.com\/actualites\/adoption-du-reglement-interieur-du-conseil-de-la-nation\/\" \/>\n<meta property=\"og:locale\" content=\"fr_FR\" \/>\n<meta property=\"og:type\" content=\"article\" \/>\n<meta property=\"og:title\" content=\"Adoption du r\u00e8glement int\u00e9rieur du Conseil de la nation\u00a0 - info algerie\" \/>\n<meta property=\"og:description\" content=\"ALGER- Le projet du r\u00e8glement int\u00e9rieur du Conseil de\u00a0 la nation a \u00e9t\u00e9 adopt\u00e9 mardi lors d&rsquo;une s\u00e9ance pl\u00e9ni\u00e8re pr\u00e9sid\u00e9e par M. Abdelkader Bensalah en pr\u00e9sence du ministre des relations avec le parlement, Tahar Khaoua. &#013; &#013; L&rsquo;adoption du r\u00e8glement int\u00e9rieur signe l&rsquo;entame d&rsquo;une nouvelle \u00e9tape impliquant une r\u00e9vision totale du mode de travail et\" \/>\n<meta property=\"og:url\" content=\"https:\/\/www.info-algerie.com\/actualites\/adoption-du-reglement-interieur-du-conseil-de-la-nation\/\" \/>\n<meta property=\"og:site_name\" content=\"info algerie\" \/>\n<meta property=\"article:publisher\" content=\"https:\/\/www.facebook.com\/infoalgerieactu\" \/>\n<meta property=\"article:published_time\" content=\"2017-06-21T09:03:27+00:00\" \/>\n<meta property=\"og:image\" content=\"https:\/\/www.info-algerie.com\/actualites\/wp-content\/uploads\/2017\/06\/7e6c34f7f3aacf64037a52f67de9bc9a_S-1.jpg\" \/>\n\t<meta property=\"og:image:width\" content=\"280\" \/>\n\t<meta property=\"og:image:height\" content=\"194\" \/>\n\t<meta property=\"og:image:type\" content=\"image\/jpeg\" \/>\n<meta name=\"author\" content=\"La r\u00e9daction\" \/>\n<meta name=\"twitter:label1\" content=\"\u00c9crit par\" \/>\n\t<meta name=\"twitter:data1\" content=\"La r\u00e9daction\" \/>\n\t<meta name=\"twitter:label2\" content=\"Dur\u00e9e de lecture estim\u00e9e\" \/>\n\t<meta name=\"twitter:data2\" content=\"4 minutes\" \/>\n<script type=\"application\/ld+json\" class=\"yoast-schema-graph\">{\"@context\":\"https:\\\/\\\/schema.org\",\"@graph\":[{\"@type\":\"Article\",\"@id\":\"https:\\\/\\\/www.info-algerie.com\\\/actualites\\\/adoption-du-reglement-interieur-du-conseil-de-la-nation\\\/#article\",\"isPartOf\":{\"@id\":\"https:\\\/\\\/www.info-algerie.com\\\/actualites\\\/adoption-du-reglement-interieur-du-conseil-de-la-nation\\\/\"},\"author\":{\"name\":\"La r\u00e9daction\",\"@id\":\"https:\\\/\\\/www.info-algerie.com\\\/actualites\\\/#\\\/schema\\\/person\\\/847aaec44920825b843a08f30ec6aa1e\"},\"headline\":\"Adoption du r\u00e8glement int\u00e9rieur du Conseil de la nation\u00a0\",\"datePublished\":\"2017-06-21T09:03:27+00:00\",\"mainEntityOfPage\":{\"@id\":\"https:\\\/\\\/www.info-algerie.com\\\/actualites\\\/adoption-du-reglement-interieur-du-conseil-de-la-nation\\\/\"},\"wordCount\":778,\"commentCount\":0,\"publisher\":{\"@id\":\"https:\\\/\\\/www.info-algerie.com\\\/actualites\\\/#organization\"},\"image\":{\"@id\":\"https:\\\/\\\/www.info-algerie.com\\\/actualites\\\/adoption-du-reglement-interieur-du-conseil-de-la-nation\\\/#primaryimage\"},\"thumbnailUrl\":\"https:\\\/\\\/www.info-algerie.com\\\/actualites\\\/wp-content\\\/uploads\\\/2017\\\/06\\\/7e6c34f7f3aacf64037a52f67de9bc9a_S-1.jpg\",\"keywords\":[\"ONU\"],\"articleSection\":[\"infos\"],\"inLanguage\":\"fr-FR\",\"potentialAction\":[{\"@type\":\"CommentAction\",\"name\":\"Comment\",\"target\":[\"https:\\\/\\\/www.info-algerie.com\\\/actualites\\\/adoption-du-reglement-interieur-du-conseil-de-la-nation\\\/#respond\"]}]},{\"@type\":\"WebPage\",\"@id\":\"https:\\\/\\\/www.info-algerie.com\\\/actualites\\\/adoption-du-reglement-interieur-du-conseil-de-la-nation\\\/\",\"url\":\"https:\\\/\\\/www.info-algerie.com\\\/actualites\\\/adoption-du-reglement-interieur-du-conseil-de-la-nation\\\/\",\"name\":\"Adoption du r\u00e8glement int\u00e9rieur du Conseil de la nation\u00a0 - info algerie\",\"isPartOf\":{\"@id\":\"https:\\\/\\\/www.info-algerie.com\\\/actualites\\\/#website\"},\"primaryImageOfPage\":{\"@id\":\"https:\\\/\\\/www.info-algerie.com\\\/actualites\\\/adoption-du-reglement-interieur-du-conseil-de-la-nation\\\/#primaryimage\"},\"image\":{\"@id\":\"https:\\\/\\\/www.info-algerie.com\\\/actualites\\\/adoption-du-reglement-interieur-du-conseil-de-la-nation\\\/#primaryimage\"},\"thumbnailUrl\":\"https:\\\/\\\/www.info-algerie.com\\\/actualites\\\/wp-content\\\/uploads\\\/2017\\\/06\\\/7e6c34f7f3aacf64037a52f67de9bc9a_S-1.jpg\",\"datePublished\":\"2017-06-21T09:03:27+00:00\",\"breadcrumb\":{\"@id\":\"https:\\\/\\\/www.info-algerie.com\\\/actualites\\\/adoption-du-reglement-interieur-du-conseil-de-la-nation\\\/#breadcrumb\"},\"inLanguage\":\"fr-FR\",\"potentialAction\":[{\"@type\":\"ReadAction\",\"target\":[\"https:\\\/\\\/www.info-algerie.com\\\/actualites\\\/adoption-du-reglement-interieur-du-conseil-de-la-nation\\\/\"]}]},{\"@type\":\"ImageObject\",\"inLanguage\":\"fr-FR\",\"@id\":\"https:\\\/\\\/www.info-algerie.com\\\/actualites\\\/adoption-du-reglement-interieur-du-conseil-de-la-nation\\\/#primaryimage\",\"url\":\"https:\\\/\\\/www.info-algerie.com\\\/actualites\\\/wp-content\\\/uploads\\\/2017\\\/06\\\/7e6c34f7f3aacf64037a52f67de9bc9a_S-1.jpg\",\"contentUrl\":\"https:\\\/\\\/www.info-algerie.com\\\/actualites\\\/wp-content\\\/uploads\\\/2017\\\/06\\\/7e6c34f7f3aacf64037a52f67de9bc9a_S-1.jpg\",\"width\":280,\"height\":194},{\"@type\":\"BreadcrumbList\",\"@id\":\"https:\\\/\\\/www.info-algerie.com\\\/actualites\\\/adoption-du-reglement-interieur-du-conseil-de-la-nation\\\/#breadcrumb\",\"itemListElement\":[{\"@type\":\"ListItem\",\"position\":1,\"name\":\"Accueil\",\"item\":\"https:\\\/\\\/www.info-algerie.com\\\/actualites\\\/\"},{\"@type\":\"ListItem\",\"position\":2,\"name\":\"Adoption du r\u00e8glement int\u00e9rieur du Conseil de la nation\u00a0\"}]},{\"@type\":\"WebSite\",\"@id\":\"https:\\\/\\\/www.info-algerie.com\\\/actualites\\\/#website\",\"url\":\"https:\\\/\\\/www.info-algerie.com\\\/actualites\\\/\",\"name\":\"info algerie\",\"description\":\"Toutes les actualit\u00e9s\",\"publisher\":{\"@id\":\"https:\\\/\\\/www.info-algerie.com\\\/actualites\\\/#organization\"},\"potentialAction\":[{\"@type\":\"SearchAction\",\"target\":{\"@type\":\"EntryPoint\",\"urlTemplate\":\"https:\\\/\\\/www.info-algerie.com\\\/actualites\\\/?s={search_term_string}\"},\"query-input\":{\"@type\":\"PropertyValueSpecification\",\"valueRequired\":true,\"valueName\":\"search_term_string\"}}],\"inLanguage\":\"fr-FR\"},{\"@type\":\"Organization\",\"@id\":\"https:\\\/\\\/www.info-algerie.com\\\/actualites\\\/#organization\",\"name\":\"info algerie\",\"url\":\"https:\\\/\\\/www.info-algerie.com\\\/actualites\\\/\",\"logo\":{\"@type\":\"ImageObject\",\"inLanguage\":\"fr-FR\",\"@id\":\"https:\\\/\\\/www.info-algerie.com\\\/actualites\\\/#\\\/schema\\\/logo\\\/image\\\/\",\"url\":\"https:\\\/\\\/www.info-algerie.com\\\/actualites\\\/wp-content\\\/uploads\\\/2022\\\/07\\\/logo-ia-120.png\",\"contentUrl\":\"https:\\\/\\\/www.info-algerie.com\\\/actualites\\\/wp-content\\\/uploads\\\/2022\\\/07\\\/logo-ia-120.png\",\"width\":120,\"height\":43,\"caption\":\"info algerie\"},\"image\":{\"@id\":\"https:\\\/\\\/www.info-algerie.com\\\/actualites\\\/#\\\/schema\\\/logo\\\/image\\\/\"},\"sameAs\":[\"https:\\\/\\\/www.facebook.com\\\/infoalgerieactu\",\"https:\\\/\\\/x.com\\\/infoalgerie1\"]},{\"@type\":\"Person\",\"@id\":\"https:\\\/\\\/www.info-algerie.com\\\/actualites\\\/#\\\/schema\\\/person\\\/847aaec44920825b843a08f30ec6aa1e\",\"name\":\"La r\u00e9daction\",\"image\":{\"@type\":\"ImageObject\",\"inLanguage\":\"fr-FR\",\"@id\":\"https:\\\/\\\/secure.gravatar.com\\\/avatar\\\/769db425c6f465158149f1ffd6cf61ce7a8a879d11dfbef8288af36dfddd418c?s=96&d=mm&r=g\",\"url\":\"https:\\\/\\\/secure.gravatar.com\\\/avatar\\\/769db425c6f465158149f1ffd6cf61ce7a8a879d11dfbef8288af36dfddd418c?s=96&d=mm&r=g\",\"contentUrl\":\"https:\\\/\\\/secure.gravatar.com\\\/avatar\\\/769db425c6f465158149f1ffd6cf61ce7a8a879d11dfbef8288af36dfddd418c?s=96&d=mm&r=g\",\"caption\":\"La r\u00e9daction\"},\"sameAs\":[\"http:\\\/\\\/www.lkeria.com\\\/\"],\"url\":\"https:\\\/\\\/www.info-algerie.com\\\/actualites\\\/author\\\/chakib32\\\/\"}]}<\/script>\n<!-- \/ Yoast SEO plugin. -->","yoast_head_json":{"title":"Adoption du r\u00e8glement int\u00e9rieur du Conseil de la nation\u00a0 - info algerie","robots":{"index":"index","follow":"follow","max-snippet":"max-snippet:-1","max-image-preview":"max-image-preview:large","max-video-preview":"max-video-preview:-1"},"canonical":"https:\/\/www.info-algerie.com\/actualites\/adoption-du-reglement-interieur-du-conseil-de-la-nation\/","og_locale":"fr_FR","og_type":"article","og_title":"Adoption du r\u00e8glement int\u00e9rieur du Conseil de la nation\u00a0 - info algerie","og_description":"ALGER- Le projet du r\u00e8glement int\u00e9rieur du Conseil de\u00a0 la nation a \u00e9t\u00e9 adopt\u00e9 mardi lors d&rsquo;une s\u00e9ance pl\u00e9ni\u00e8re pr\u00e9sid\u00e9e par M. Abdelkader Bensalah en pr\u00e9sence du ministre des relations avec le parlement, Tahar Khaoua. &#013; &#013; L&rsquo;adoption du r\u00e8glement int\u00e9rieur signe l&rsquo;entame d&rsquo;une nouvelle \u00e9tape impliquant une r\u00e9vision totale du mode de travail et","og_url":"https:\/\/www.info-algerie.com\/actualites\/adoption-du-reglement-interieur-du-conseil-de-la-nation\/","og_site_name":"info algerie","article_publisher":"https:\/\/www.facebook.com\/infoalgerieactu","article_published_time":"2017-06-21T09:03:27+00:00","og_image":[{"width":280,"height":194,"url":"https:\/\/www.info-algerie.com\/actualites\/wp-content\/uploads\/2017\/06\/7e6c34f7f3aacf64037a52f67de9bc9a_S-1.jpg","type":"image\/jpeg"}],"author":"La r\u00e9daction","twitter_misc":{"\u00c9crit par":"La r\u00e9daction","Dur\u00e9e de lecture estim\u00e9e":"4 minutes"},"schema":{"@context":"https:\/\/schema.org","@graph":[{"@type":"Article","@id":"https:\/\/www.info-algerie.com\/actualites\/adoption-du-reglement-interieur-du-conseil-de-la-nation\/#article","isPartOf":{"@id":"https:\/\/www.info-algerie.com\/actualites\/adoption-du-reglement-interieur-du-conseil-de-la-nation\/"},"author":{"name":"La r\u00e9daction","@id":"https:\/\/www.info-algerie.com\/actualites\/#\/schema\/person\/847aaec44920825b843a08f30ec6aa1e"},"headline":"Adoption du r\u00e8glement int\u00e9rieur du Conseil de la nation\u00a0","datePublished":"2017-06-21T09:03:27+00:00","mainEntityOfPage":{"@id":"https:\/\/www.info-algerie.com\/actualites\/adoption-du-reglement-interieur-du-conseil-de-la-nation\/"},"wordCount":778,"commentCount":0,"publisher":{"@id":"https:\/\/www.info-algerie.com\/actualites\/#organization"},"image":{"@id":"https:\/\/www.info-algerie.com\/actualites\/adoption-du-reglement-interieur-du-conseil-de-la-nation\/#primaryimage"},"thumbnailUrl":"https:\/\/www.info-algerie.com\/actualites\/wp-content\/uploads\/2017\/06\/7e6c34f7f3aacf64037a52f67de9bc9a_S-1.jpg","keywords":["ONU"],"articleSection":["infos"],"inLanguage":"fr-FR","potentialAction":[{"@type":"CommentAction","name":"Comment","target":["https:\/\/www.info-algerie.com\/actualites\/adoption-du-reglement-interieur-du-conseil-de-la-nation\/#respond"]}]},{"@type":"WebPage","@id":"https:\/\/www.info-algerie.com\/actualites\/adoption-du-reglement-interieur-du-conseil-de-la-nation\/","url":"https:\/\/www.info-algerie.com\/actualites\/adoption-du-reglement-interieur-du-conseil-de-la-nation\/","name":"Adoption du r\u00e8glement int\u00e9rieur du Conseil de la nation\u00a0 - info algerie","isPartOf":{"@id":"https:\/\/www.info-algerie.com\/actualites\/#website"},"primaryImageOfPage":{"@id":"https:\/\/www.info-algerie.com\/actualites\/adoption-du-reglement-interieur-du-conseil-de-la-nation\/#primaryimage"},"image":{"@id":"https:\/\/www.info-algerie.com\/actualites\/adoption-du-reglement-interieur-du-conseil-de-la-nation\/#primaryimage"},"thumbnailUrl":"https:\/\/www.info-algerie.com\/actualites\/wp-content\/uploads\/2017\/06\/7e6c34f7f3aacf64037a52f67de9bc9a_S-1.jpg","datePublished":"2017-06-21T09:03:27+00:00","breadcrumb":{"@id":"https:\/\/www.info-algerie.com\/actualites\/adoption-du-reglement-interieur-du-conseil-de-la-nation\/#breadcrumb"},"inLanguage":"fr-FR","potentialAction":[{"@type":"ReadAction","target":["https:\/\/www.info-algerie.com\/actualites\/adoption-du-reglement-interieur-du-conseil-de-la-nation\/"]}]},{"@type":"ImageObject","inLanguage":"fr-FR","@id":"https:\/\/www.info-algerie.com\/actualites\/adoption-du-reglement-interieur-du-conseil-de-la-nation\/#primaryimage","url":"https:\/\/www.info-algerie.com\/actualites\/wp-content\/uploads\/2017\/06\/7e6c34f7f3aacf64037a52f67de9bc9a_S-1.jpg","contentUrl":"https:\/\/www.info-algerie.com\/actualites\/wp-content\/uploads\/2017\/06\/7e6c34f7f3aacf64037a52f67de9bc9a_S-1.jpg","width":280,"height":194},{"@type":"BreadcrumbList","@id":"https:\/\/www.info-algerie.com\/actualites\/adoption-du-reglement-interieur-du-conseil-de-la-nation\/#breadcrumb","itemListElement":[{"@type":"ListItem","position":1,"name":"Accueil","item":"https:\/\/www.info-algerie.com\/actualites\/"},{"@type":"ListItem","position":2,"name":"Adoption du r\u00e8glement int\u00e9rieur du Conseil de la nation\u00a0"}]},{"@type":"WebSite","@id":"https:\/\/www.info-algerie.com\/actualites\/#website","url":"https:\/\/www.info-algerie.com\/actualites\/","name":"info algerie","description":"Toutes les actualit\u00e9s","publisher":{"@id":"https:\/\/www.info-algerie.com\/actualites\/#organization"},"potentialAction":[{"@type":"SearchAction","target":{"@type":"EntryPoint","urlTemplate":"https:\/\/www.info-algerie.com\/actualites\/?s={search_term_string}"},"query-input":{"@type":"PropertyValueSpecification","valueRequired":true,"valueName":"search_term_string"}}],"inLanguage":"fr-FR"},{"@type":"Organization","@id":"https:\/\/www.info-algerie.com\/actualites\/#organization","name":"info algerie","url":"https:\/\/www.info-algerie.com\/actualites\/","logo":{"@type":"ImageObject","inLanguage":"fr-FR","@id":"https:\/\/www.info-algerie.com\/actualites\/#\/schema\/logo\/image\/","url":"https:\/\/www.info-algerie.com\/actualites\/wp-content\/uploads\/2022\/07\/logo-ia-120.png","contentUrl":"https:\/\/www.info-algerie.com\/actualites\/wp-content\/uploads\/2022\/07\/logo-ia-120.png","width":120,"height":43,"caption":"info algerie"},"image":{"@id":"https:\/\/www.info-algerie.com\/actualites\/#\/schema\/logo\/image\/"},"sameAs":["https:\/\/www.facebook.com\/infoalgerieactu","https:\/\/x.com\/infoalgerie1"]},{"@type":"Person","@id":"https:\/\/www.info-algerie.com\/actualites\/#\/schema\/person\/847aaec44920825b843a08f30ec6aa1e","name":"La r\u00e9daction","image":{"@type":"ImageObject","inLanguage":"fr-FR","@id":"https:\/\/secure.gravatar.com\/avatar\/769db425c6f465158149f1ffd6cf61ce7a8a879d11dfbef8288af36dfddd418c?s=96&d=mm&r=g","url":"https:\/\/secure.gravatar.com\/avatar\/769db425c6f465158149f1ffd6cf61ce7a8a879d11dfbef8288af36dfddd418c?s=96&d=mm&r=g","contentUrl":"https:\/\/secure.gravatar.com\/avatar\/769db425c6f465158149f1ffd6cf61ce7a8a879d11dfbef8288af36dfddd418c?s=96&d=mm&r=g","caption":"La r\u00e9daction"},"sameAs":["http:\/\/www.lkeria.com\/"],"url":"https:\/\/www.info-algerie.com\/actualites\/author\/chakib32\/"}]}},"_links":{"self":[{"href":"https:\/\/www.info-algerie.com\/actualites\/wp-json\/wp\/v2\/posts\/13414","targetHints":{"allow":["GET"]}}],"collection":[{"href":"https:\/\/www.info-algerie.com\/actualites\/wp-json\/wp\/v2\/posts"}],"about":[{"href":"https:\/\/www.info-algerie.com\/actualites\/wp-json\/wp\/v2\/types\/post"}],"author":[{"embeddable":true,"href":"https:\/\/www.info-algerie.com\/actualites\/wp-json\/wp\/v2\/users\/6"}],"replies":[{"embeddable":true,"href":"https:\/\/www.info-algerie.com\/actualites\/wp-json\/wp\/v2\/comments?post=13414"}],"version-history":[{"count":0,"href":"https:\/\/www.info-algerie.com\/actualites\/wp-json\/wp\/v2\/posts\/13414\/revisions"}],"wp:featuredmedia":[{"embeddable":true,"href":"https:\/\/www.info-algerie.com\/actualites\/wp-json\/wp\/v2\/media\/13415"}],"wp:attachment":[{"href":"https:\/\/www.info-algerie.com\/actualites\/wp-json\/wp\/v2\/media?parent=13414"}],"wp:term":[{"taxonomy":"category","embeddable":true,"href":"https:\/\/www.info-algerie.com\/actualites\/wp-json\/wp\/v2\/categories?post=13414"},{"taxonomy":"post_tag","embeddable":true,"href":"https:\/\/www.info-algerie.com\/actualites\/wp-json\/wp\/v2\/tags?post=13414"}],"curies":[{"name":"wp","href":"https:\/\/api.w.org\/{rel}","templated":true}]}}