{"id":13423,"date":"2017-06-21T10:58:05","date_gmt":"2017-06-21T09:58:05","guid":{"rendered":"http:\/\/www.info-algerie.com\/actualites\/deces-de-lancien-chancelier-allemand-helmut-kohl-bensalah-signe-le-registre-des-condoleances\/"},"modified":"2017-06-21T10:58:05","modified_gmt":"2017-06-21T09:58:05","slug":"deces-de-lancien-chancelier-allemand-helmut-kohl-bensalah-signe-le-registre-des-condoleances","status":"publish","type":"post","link":"https:\/\/www.info-algerie.com\/actualites\/deces-de-lancien-chancelier-allemand-helmut-kohl-bensalah-signe-le-registre-des-condoleances\/","title":{"rendered":"D\u00e9c\u00e8s de l&#039;ancien chancelier allemand Helmut Kohl: Bensalah signe le registre des condol\u00e9ances"},"content":{"rendered":"<div class=\"K2FeedImage\"><img decoding=\"async\" src=\"https:\/\/www.info-algerie.com\/actualites\/wp-content\/uploads\/2017\/06\/0e645af9e56b2fd64c87ce22c7b8a3a3_S.jpg\" alt=\"D&#xE9;c&#xE8;s de l'ancien chancelier allemand Helmut Kohl: Bensalah signe le registre des condol&#xE9;ances\" \/><\/div>\n<div class=\"K2FeedIntroText\">\n<p class=\"MsoNormal\">ALGER-\u00a0 Le pr\u00e9sident du Conseil de la nation,\u00a0 Abdelkader Bensalah a sign\u00e9,mardi au si\u00e8ge de la r\u00e9sidence de l&rsquo;ambassadeur\u00a0 d&rsquo;Allemagne \u00e0 Alger, le registre des condol\u00e9ances au nom du pr\u00e9sident de la R\u00e9publique, Abdelaziz Bouteflika, suite au d\u00e9c\u00e8s la semaine derni\u00e8re de l&rsquo;ancien chancelier allemand Helmut Kohl.<\/p>\n<p>&#013;\n<\/p><\/div>\n<div class=\"K2FeedFullText\">&#013;<\/p>\n<p class=\"MsoNormal\">\u00ab\u00a0Nous avons appris avec affliction et une profonde tristesse la disparition de l&rsquo;ancien chancelier allemand qui a consacr\u00e9 sa vie au service du peuple allemand, \u00e0 l&rsquo;\u00e9dification et \u00e0 la consolidation des<\/p>\n<p>&#013;<\/p>\n<p class=\"MsoNormal\">fondements du socle europ\u00e9en et \u00e0 la cons\u00e9cration des valeurs de paix et d&rsquo;amiti\u00e9 entre les peuples\u00a0\u00bb, a \u00e9crit M. Bensalah qui \u00e9tait accompagn\u00e9 du ministre des Affaires \u00e9trang\u00e8res, Abdelkader Messahel, sur le registre de condol\u00e9ances.<\/p>\n<p>&#013;<\/p>\n<p class=\"MsoNormal\">Le nom du d\u00e9funt \u00ab\u00a0restera grav\u00e9 dans l&rsquo;histoire de son pays eu \u00e9gard au r\u00f4le important qu&rsquo;il a jou\u00e9 dans l&rsquo;unification de l&rsquo;Allemagne et \u00e0 sa contribution au d\u00e9veloppement et \u00e0 l&rsquo;int\u00e9gration de l&rsquo;Europe\u00a0\u00bb, a ajout\u00e9 M. Bensalah.<\/p>\n<p>&#013;<\/p>\n<p class=\"MsoNormal\">\u00ab\u00a0Le peuple alg\u00e9rien n&rsquo;oubliera pas les efforts du d\u00e9funt pour le renforcement des liens d&rsquo;amiti\u00e9 et de coop\u00e9ration entre les peuples alg\u00e9rien et allemand et la consolidation d&rsquo;un partenariat fond\u00e9 sur le<\/p>\n<p>&#013;<\/p>\n<p class=\"MsoNormal\">respect mutuel et les int\u00e9r\u00eats communs\u00a0\u00bb, a affirm\u00e9 le pr\u00e9sident du Conseil de la nation.<\/p>\n<p>&#013;<\/p>\n<p>\u00a0<\/p>\n<p>&#013;<\/p>\n<p class=\"MsoNormal\">\u00ab\u00a0En cette douloureuse circonstance, je tiens \u00e0 pr\u00e9senter, au nom du pr\u00e9sident de la R\u00e9publique, Abdelaziz Bouteflika, du peuple et du gouvernement alg\u00e9riens et en mon nom personnel, nos condol\u00e9ances les plus attrist\u00e9es et notre profonde compassion\u00a0\u00bb, a-t-il conclu.<\/p>\n<\/div>\n<p>&#013;<br \/>\nSource: <a href=\"http:\/\/www.aps.dz\/algerie\/59218-deces-de-l-ancien-chancelier-allemand-helmut-kohl-bensalah-signe-le-registre-des-condoleances\" target=\"_blank\">D\u00e9c\u00e8s de l&rsquo;ancien chancelier allemand Helmut Kohl: Bensalah signe le registre des condol\u00e9ances<\/a><\/p>\n<!--CusAds0-->\n<div style=\"font-size: 0px; height: 0px; line-height: 0px; margin: 0; padding: 0; clear: both;\"><\/div>","protected":false},"excerpt":{"rendered":"<p>ALGER-\u00a0 Le pr\u00e9sident du Conseil de la nation,\u00a0 Abdelkader Bensalah a sign\u00e9,mardi au si\u00e8ge de la r\u00e9sidence de l&rsquo;ambassadeur\u00a0 d&rsquo;Allemagne \u00e0 Alger, le registre des condol\u00e9ances au nom du pr\u00e9sident de la R\u00e9publique, Abdelaziz Bouteflika, suite au d\u00e9c\u00e8s la semaine derni\u00e8re de l&rsquo;ancien chancelier allemand Helmut Kohl. &#013; &#013; \u00ab\u00a0Nous avons appris avec affliction et<\/p>\n","protected":false},"author":6,"featured_media":13424,"comment_status":"open","ping_status":"open","sticky":false,"template":"","format":"standard","meta":{"footnotes":""},"categories":[22],"tags":[93],"class_list":["post-13423","post","type-post","status-publish","format-standard","has-post-thumbnail","hentry","category-infos","tag-onu"],"yoast_head":"<!-- This site is optimized with the Yoast SEO plugin v27.5 - https:\/\/yoast.com\/product\/yoast-seo-wordpress\/ -->\n<title>D\u00e9c\u00e8s de l&#039;ancien chancelier allemand Helmut Kohl: Bensalah signe le registre des condol\u00e9ances - info algerie<\/title>\n<meta name=\"robots\" content=\"index, follow, max-snippet:-1, max-image-preview:large, max-video-preview:-1\" \/>\n<link rel=\"canonical\" href=\"https:\/\/www.info-algerie.com\/actualites\/deces-de-lancien-chancelier-allemand-helmut-kohl-bensalah-signe-le-registre-des-condoleances\/\" \/>\n<meta property=\"og:locale\" content=\"fr_FR\" \/>\n<meta property=\"og:type\" content=\"article\" \/>\n<meta property=\"og:title\" content=\"D\u00e9c\u00e8s de l&#039;ancien chancelier allemand Helmut Kohl: Bensalah signe le registre des condol\u00e9ances - info algerie\" \/>\n<meta property=\"og:description\" content=\"ALGER-\u00a0 Le pr\u00e9sident du Conseil de la nation,\u00a0 Abdelkader Bensalah a sign\u00e9,mardi au si\u00e8ge de la r\u00e9sidence de l&rsquo;ambassadeur\u00a0 d&rsquo;Allemagne \u00e0 Alger, le registre des condol\u00e9ances au nom du pr\u00e9sident de la R\u00e9publique, Abdelaziz Bouteflika, suite au d\u00e9c\u00e8s la semaine derni\u00e8re de l&rsquo;ancien chancelier allemand Helmut Kohl. &#013; &#013; \u00ab\u00a0Nous avons appris avec affliction et\" \/>\n<meta property=\"og:url\" content=\"https:\/\/www.info-algerie.com\/actualites\/deces-de-lancien-chancelier-allemand-helmut-kohl-bensalah-signe-le-registre-des-condoleances\/\" \/>\n<meta property=\"og:site_name\" content=\"info algerie\" \/>\n<meta property=\"article:publisher\" content=\"https:\/\/www.facebook.com\/infoalgerieactu\" \/>\n<meta property=\"article:published_time\" content=\"2017-06-21T09:58:05+00:00\" \/>\n<meta property=\"og:image\" content=\"https:\/\/www.info-algerie.com\/actualites\/wp-content\/uploads\/2017\/06\/0e645af9e56b2fd64c87ce22c7b8a3a3_S-1.jpg\" \/>\n\t<meta property=\"og:image:width\" content=\"280\" \/>\n\t<meta property=\"og:image:height\" content=\"184\" \/>\n\t<meta property=\"og:image:type\" content=\"image\/jpeg\" \/>\n<meta name=\"author\" content=\"La r\u00e9daction\" \/>\n<meta name=\"twitter:label1\" content=\"\u00c9crit par\" \/>\n\t<meta name=\"twitter:data1\" content=\"La r\u00e9daction\" \/>\n\t<meta name=\"twitter:label2\" content=\"Dur\u00e9e de lecture estim\u00e9e\" \/>\n\t<meta name=\"twitter:data2\" content=\"1 minute\" \/>\n<script type=\"application\/ld+json\" class=\"yoast-schema-graph\">{\"@context\":\"https:\\\/\\\/schema.org\",\"@graph\":[{\"@type\":\"Article\",\"@id\":\"https:\\\/\\\/www.info-algerie.com\\\/actualites\\\/deces-de-lancien-chancelier-allemand-helmut-kohl-bensalah-signe-le-registre-des-condoleances\\\/#article\",\"isPartOf\":{\"@id\":\"https:\\\/\\\/www.info-algerie.com\\\/actualites\\\/deces-de-lancien-chancelier-allemand-helmut-kohl-bensalah-signe-le-registre-des-condoleances\\\/\"},\"author\":{\"name\":\"La r\u00e9daction\",\"@id\":\"https:\\\/\\\/www.info-algerie.com\\\/actualites\\\/#\\\/schema\\\/person\\\/847aaec44920825b843a08f30ec6aa1e\"},\"headline\":\"D\u00e9c\u00e8s de l&#039;ancien chancelier allemand Helmut Kohl: Bensalah signe le registre des condol\u00e9ances\",\"datePublished\":\"2017-06-21T09:58:05+00:00\",\"mainEntityOfPage\":{\"@id\":\"https:\\\/\\\/www.info-algerie.com\\\/actualites\\\/deces-de-lancien-chancelier-allemand-helmut-kohl-bensalah-signe-le-registre-des-condoleances\\\/\"},\"wordCount\":313,\"commentCount\":0,\"publisher\":{\"@id\":\"https:\\\/\\\/www.info-algerie.com\\\/actualites\\\/#organization\"},\"image\":{\"@id\":\"https:\\\/\\\/www.info-algerie.com\\\/actualites\\\/deces-de-lancien-chancelier-allemand-helmut-kohl-bensalah-signe-le-registre-des-condoleances\\\/#primaryimage\"},\"thumbnailUrl\":\"https:\\\/\\\/www.info-algerie.com\\\/actualites\\\/wp-content\\\/uploads\\\/2017\\\/06\\\/0e645af9e56b2fd64c87ce22c7b8a3a3_S-1.jpg\",\"keywords\":[\"ONU\"],\"articleSection\":[\"infos\"],\"inLanguage\":\"fr-FR\",\"potentialAction\":[{\"@type\":\"CommentAction\",\"name\":\"Comment\",\"target\":[\"https:\\\/\\\/www.info-algerie.com\\\/actualites\\\/deces-de-lancien-chancelier-allemand-helmut-kohl-bensalah-signe-le-registre-des-condoleances\\\/#respond\"]}]},{\"@type\":\"WebPage\",\"@id\":\"https:\\\/\\\/www.info-algerie.com\\\/actualites\\\/deces-de-lancien-chancelier-allemand-helmut-kohl-bensalah-signe-le-registre-des-condoleances\\\/\",\"url\":\"https:\\\/\\\/www.info-algerie.com\\\/actualites\\\/deces-de-lancien-chancelier-allemand-helmut-kohl-bensalah-signe-le-registre-des-condoleances\\\/\",\"name\":\"D\u00e9c\u00e8s de l&#039;ancien chancelier allemand Helmut Kohl: Bensalah signe le registre des condol\u00e9ances - info algerie\",\"isPartOf\":{\"@id\":\"https:\\\/\\\/www.info-algerie.com\\\/actualites\\\/#website\"},\"primaryImageOfPage\":{\"@id\":\"https:\\\/\\\/www.info-algerie.com\\\/actualites\\\/deces-de-lancien-chancelier-allemand-helmut-kohl-bensalah-signe-le-registre-des-condoleances\\\/#primaryimage\"},\"image\":{\"@id\":\"https:\\\/\\\/www.info-algerie.com\\\/actualites\\\/deces-de-lancien-chancelier-allemand-helmut-kohl-bensalah-signe-le-registre-des-condoleances\\\/#primaryimage\"},\"thumbnailUrl\":\"https:\\\/\\\/www.info-algerie.com\\\/actualites\\\/wp-content\\\/uploads\\\/2017\\\/06\\\/0e645af9e56b2fd64c87ce22c7b8a3a3_S-1.jpg\",\"datePublished\":\"2017-06-21T09:58:05+00:00\",\"breadcrumb\":{\"@id\":\"https:\\\/\\\/www.info-algerie.com\\\/actualites\\\/deces-de-lancien-chancelier-allemand-helmut-kohl-bensalah-signe-le-registre-des-condoleances\\\/#breadcrumb\"},\"inLanguage\":\"fr-FR\",\"potentialAction\":[{\"@type\":\"ReadAction\",\"target\":[\"https:\\\/\\\/www.info-algerie.com\\\/actualites\\\/deces-de-lancien-chancelier-allemand-helmut-kohl-bensalah-signe-le-registre-des-condoleances\\\/\"]}]},{\"@type\":\"ImageObject\",\"inLanguage\":\"fr-FR\",\"@id\":\"https:\\\/\\\/www.info-algerie.com\\\/actualites\\\/deces-de-lancien-chancelier-allemand-helmut-kohl-bensalah-signe-le-registre-des-condoleances\\\/#primaryimage\",\"url\":\"https:\\\/\\\/www.info-algerie.com\\\/actualites\\\/wp-content\\\/uploads\\\/2017\\\/06\\\/0e645af9e56b2fd64c87ce22c7b8a3a3_S-1.jpg\",\"contentUrl\":\"https:\\\/\\\/www.info-algerie.com\\\/actualites\\\/wp-content\\\/uploads\\\/2017\\\/06\\\/0e645af9e56b2fd64c87ce22c7b8a3a3_S-1.jpg\",\"width\":280,\"height\":184},{\"@type\":\"BreadcrumbList\",\"@id\":\"https:\\\/\\\/www.info-algerie.com\\\/actualites\\\/deces-de-lancien-chancelier-allemand-helmut-kohl-bensalah-signe-le-registre-des-condoleances\\\/#breadcrumb\",\"itemListElement\":[{\"@type\":\"ListItem\",\"position\":1,\"name\":\"Accueil\",\"item\":\"https:\\\/\\\/www.info-algerie.com\\\/actualites\\\/\"},{\"@type\":\"ListItem\",\"position\":2,\"name\":\"D\u00e9c\u00e8s de l&#039;ancien chancelier allemand Helmut Kohl: Bensalah signe le registre des condol\u00e9ances\"}]},{\"@type\":\"WebSite\",\"@id\":\"https:\\\/\\\/www.info-algerie.com\\\/actualites\\\/#website\",\"url\":\"https:\\\/\\\/www.info-algerie.com\\\/actualites\\\/\",\"name\":\"info algerie\",\"description\":\"Toutes les actualit\u00e9s\",\"publisher\":{\"@id\":\"https:\\\/\\\/www.info-algerie.com\\\/actualites\\\/#organization\"},\"potentialAction\":[{\"@type\":\"SearchAction\",\"target\":{\"@type\":\"EntryPoint\",\"urlTemplate\":\"https:\\\/\\\/www.info-algerie.com\\\/actualites\\\/?s={search_term_string}\"},\"query-input\":{\"@type\":\"PropertyValueSpecification\",\"valueRequired\":true,\"valueName\":\"search_term_string\"}}],\"inLanguage\":\"fr-FR\"},{\"@type\":\"Organization\",\"@id\":\"https:\\\/\\\/www.info-algerie.com\\\/actualites\\\/#organization\",\"name\":\"info algerie\",\"url\":\"https:\\\/\\\/www.info-algerie.com\\\/actualites\\\/\",\"logo\":{\"@type\":\"ImageObject\",\"inLanguage\":\"fr-FR\",\"@id\":\"https:\\\/\\\/www.info-algerie.com\\\/actualites\\\/#\\\/schema\\\/logo\\\/image\\\/\",\"url\":\"https:\\\/\\\/www.info-algerie.com\\\/actualites\\\/wp-content\\\/uploads\\\/2022\\\/07\\\/logo-ia-120.png\",\"contentUrl\":\"https:\\\/\\\/www.info-algerie.com\\\/actualites\\\/wp-content\\\/uploads\\\/2022\\\/07\\\/logo-ia-120.png\",\"width\":120,\"height\":43,\"caption\":\"info algerie\"},\"image\":{\"@id\":\"https:\\\/\\\/www.info-algerie.com\\\/actualites\\\/#\\\/schema\\\/logo\\\/image\\\/\"},\"sameAs\":[\"https:\\\/\\\/www.facebook.com\\\/infoalgerieactu\",\"https:\\\/\\\/x.com\\\/infoalgerie1\"]},{\"@type\":\"Person\",\"@id\":\"https:\\\/\\\/www.info-algerie.com\\\/actualites\\\/#\\\/schema\\\/person\\\/847aaec44920825b843a08f30ec6aa1e\",\"name\":\"La r\u00e9daction\",\"image\":{\"@type\":\"ImageObject\",\"inLanguage\":\"fr-FR\",\"@id\":\"https:\\\/\\\/secure.gravatar.com\\\/avatar\\\/769db425c6f465158149f1ffd6cf61ce7a8a879d11dfbef8288af36dfddd418c?s=96&d=mm&r=g\",\"url\":\"https:\\\/\\\/secure.gravatar.com\\\/avatar\\\/769db425c6f465158149f1ffd6cf61ce7a8a879d11dfbef8288af36dfddd418c?s=96&d=mm&r=g\",\"contentUrl\":\"https:\\\/\\\/secure.gravatar.com\\\/avatar\\\/769db425c6f465158149f1ffd6cf61ce7a8a879d11dfbef8288af36dfddd418c?s=96&d=mm&r=g\",\"caption\":\"La r\u00e9daction\"},\"sameAs\":[\"http:\\\/\\\/www.lkeria.com\\\/\"],\"url\":\"https:\\\/\\\/www.info-algerie.com\\\/actualites\\\/author\\\/chakib32\\\/\"}]}<\/script>\n<!-- \/ Yoast SEO plugin. -->","yoast_head_json":{"title":"D\u00e9c\u00e8s de l&#039;ancien chancelier allemand Helmut Kohl: Bensalah signe le registre des condol\u00e9ances - info algerie","robots":{"index":"index","follow":"follow","max-snippet":"max-snippet:-1","max-image-preview":"max-image-preview:large","max-video-preview":"max-video-preview:-1"},"canonical":"https:\/\/www.info-algerie.com\/actualites\/deces-de-lancien-chancelier-allemand-helmut-kohl-bensalah-signe-le-registre-des-condoleances\/","og_locale":"fr_FR","og_type":"article","og_title":"D\u00e9c\u00e8s de l&#039;ancien chancelier allemand Helmut Kohl: Bensalah signe le registre des condol\u00e9ances - info algerie","og_description":"ALGER-\u00a0 Le pr\u00e9sident du Conseil de la nation,\u00a0 Abdelkader Bensalah a sign\u00e9,mardi au si\u00e8ge de la r\u00e9sidence de l&rsquo;ambassadeur\u00a0 d&rsquo;Allemagne \u00e0 Alger, le registre des condol\u00e9ances au nom du pr\u00e9sident de la R\u00e9publique, Abdelaziz Bouteflika, suite au d\u00e9c\u00e8s la semaine derni\u00e8re de l&rsquo;ancien chancelier allemand Helmut Kohl. &#013; &#013; \u00ab\u00a0Nous avons appris avec affliction et","og_url":"https:\/\/www.info-algerie.com\/actualites\/deces-de-lancien-chancelier-allemand-helmut-kohl-bensalah-signe-le-registre-des-condoleances\/","og_site_name":"info algerie","article_publisher":"https:\/\/www.facebook.com\/infoalgerieactu","article_published_time":"2017-06-21T09:58:05+00:00","og_image":[{"width":280,"height":184,"url":"https:\/\/www.info-algerie.com\/actualites\/wp-content\/uploads\/2017\/06\/0e645af9e56b2fd64c87ce22c7b8a3a3_S-1.jpg","type":"image\/jpeg"}],"author":"La r\u00e9daction","twitter_misc":{"\u00c9crit par":"La r\u00e9daction","Dur\u00e9e de lecture estim\u00e9e":"1 minute"},"schema":{"@context":"https:\/\/schema.org","@graph":[{"@type":"Article","@id":"https:\/\/www.info-algerie.com\/actualites\/deces-de-lancien-chancelier-allemand-helmut-kohl-bensalah-signe-le-registre-des-condoleances\/#article","isPartOf":{"@id":"https:\/\/www.info-algerie.com\/actualites\/deces-de-lancien-chancelier-allemand-helmut-kohl-bensalah-signe-le-registre-des-condoleances\/"},"author":{"name":"La r\u00e9daction","@id":"https:\/\/www.info-algerie.com\/actualites\/#\/schema\/person\/847aaec44920825b843a08f30ec6aa1e"},"headline":"D\u00e9c\u00e8s de l&#039;ancien chancelier allemand Helmut Kohl: Bensalah signe le registre des condol\u00e9ances","datePublished":"2017-06-21T09:58:05+00:00","mainEntityOfPage":{"@id":"https:\/\/www.info-algerie.com\/actualites\/deces-de-lancien-chancelier-allemand-helmut-kohl-bensalah-signe-le-registre-des-condoleances\/"},"wordCount":313,"commentCount":0,"publisher":{"@id":"https:\/\/www.info-algerie.com\/actualites\/#organization"},"image":{"@id":"https:\/\/www.info-algerie.com\/actualites\/deces-de-lancien-chancelier-allemand-helmut-kohl-bensalah-signe-le-registre-des-condoleances\/#primaryimage"},"thumbnailUrl":"https:\/\/www.info-algerie.com\/actualites\/wp-content\/uploads\/2017\/06\/0e645af9e56b2fd64c87ce22c7b8a3a3_S-1.jpg","keywords":["ONU"],"articleSection":["infos"],"inLanguage":"fr-FR","potentialAction":[{"@type":"CommentAction","name":"Comment","target":["https:\/\/www.info-algerie.com\/actualites\/deces-de-lancien-chancelier-allemand-helmut-kohl-bensalah-signe-le-registre-des-condoleances\/#respond"]}]},{"@type":"WebPage","@id":"https:\/\/www.info-algerie.com\/actualites\/deces-de-lancien-chancelier-allemand-helmut-kohl-bensalah-signe-le-registre-des-condoleances\/","url":"https:\/\/www.info-algerie.com\/actualites\/deces-de-lancien-chancelier-allemand-helmut-kohl-bensalah-signe-le-registre-des-condoleances\/","name":"D\u00e9c\u00e8s de l&#039;ancien chancelier allemand Helmut Kohl: Bensalah signe le registre des condol\u00e9ances - info algerie","isPartOf":{"@id":"https:\/\/www.info-algerie.com\/actualites\/#website"},"primaryImageOfPage":{"@id":"https:\/\/www.info-algerie.com\/actualites\/deces-de-lancien-chancelier-allemand-helmut-kohl-bensalah-signe-le-registre-des-condoleances\/#primaryimage"},"image":{"@id":"https:\/\/www.info-algerie.com\/actualites\/deces-de-lancien-chancelier-allemand-helmut-kohl-bensalah-signe-le-registre-des-condoleances\/#primaryimage"},"thumbnailUrl":"https:\/\/www.info-algerie.com\/actualites\/wp-content\/uploads\/2017\/06\/0e645af9e56b2fd64c87ce22c7b8a3a3_S-1.jpg","datePublished":"2017-06-21T09:58:05+00:00","breadcrumb":{"@id":"https:\/\/www.info-algerie.com\/actualites\/deces-de-lancien-chancelier-allemand-helmut-kohl-bensalah-signe-le-registre-des-condoleances\/#breadcrumb"},"inLanguage":"fr-FR","potentialAction":[{"@type":"ReadAction","target":["https:\/\/www.info-algerie.com\/actualites\/deces-de-lancien-chancelier-allemand-helmut-kohl-bensalah-signe-le-registre-des-condoleances\/"]}]},{"@type":"ImageObject","inLanguage":"fr-FR","@id":"https:\/\/www.info-algerie.com\/actualites\/deces-de-lancien-chancelier-allemand-helmut-kohl-bensalah-signe-le-registre-des-condoleances\/#primaryimage","url":"https:\/\/www.info-algerie.com\/actualites\/wp-content\/uploads\/2017\/06\/0e645af9e56b2fd64c87ce22c7b8a3a3_S-1.jpg","contentUrl":"https:\/\/www.info-algerie.com\/actualites\/wp-content\/uploads\/2017\/06\/0e645af9e56b2fd64c87ce22c7b8a3a3_S-1.jpg","width":280,"height":184},{"@type":"BreadcrumbList","@id":"https:\/\/www.info-algerie.com\/actualites\/deces-de-lancien-chancelier-allemand-helmut-kohl-bensalah-signe-le-registre-des-condoleances\/#breadcrumb","itemListElement":[{"@type":"ListItem","position":1,"name":"Accueil","item":"https:\/\/www.info-algerie.com\/actualites\/"},{"@type":"ListItem","position":2,"name":"D\u00e9c\u00e8s de l&#039;ancien chancelier allemand Helmut Kohl: Bensalah signe le registre des condol\u00e9ances"}]},{"@type":"WebSite","@id":"https:\/\/www.info-algerie.com\/actualites\/#website","url":"https:\/\/www.info-algerie.com\/actualites\/","name":"info algerie","description":"Toutes les actualit\u00e9s","publisher":{"@id":"https:\/\/www.info-algerie.com\/actualites\/#organization"},"potentialAction":[{"@type":"SearchAction","target":{"@type":"EntryPoint","urlTemplate":"https:\/\/www.info-algerie.com\/actualites\/?s={search_term_string}"},"query-input":{"@type":"PropertyValueSpecification","valueRequired":true,"valueName":"search_term_string"}}],"inLanguage":"fr-FR"},{"@type":"Organization","@id":"https:\/\/www.info-algerie.com\/actualites\/#organization","name":"info algerie","url":"https:\/\/www.info-algerie.com\/actualites\/","logo":{"@type":"ImageObject","inLanguage":"fr-FR","@id":"https:\/\/www.info-algerie.com\/actualites\/#\/schema\/logo\/image\/","url":"https:\/\/www.info-algerie.com\/actualites\/wp-content\/uploads\/2022\/07\/logo-ia-120.png","contentUrl":"https:\/\/www.info-algerie.com\/actualites\/wp-content\/uploads\/2022\/07\/logo-ia-120.png","width":120,"height":43,"caption":"info algerie"},"image":{"@id":"https:\/\/www.info-algerie.com\/actualites\/#\/schema\/logo\/image\/"},"sameAs":["https:\/\/www.facebook.com\/infoalgerieactu","https:\/\/x.com\/infoalgerie1"]},{"@type":"Person","@id":"https:\/\/www.info-algerie.com\/actualites\/#\/schema\/person\/847aaec44920825b843a08f30ec6aa1e","name":"La r\u00e9daction","image":{"@type":"ImageObject","inLanguage":"fr-FR","@id":"https:\/\/secure.gravatar.com\/avatar\/769db425c6f465158149f1ffd6cf61ce7a8a879d11dfbef8288af36dfddd418c?s=96&d=mm&r=g","url":"https:\/\/secure.gravatar.com\/avatar\/769db425c6f465158149f1ffd6cf61ce7a8a879d11dfbef8288af36dfddd418c?s=96&d=mm&r=g","contentUrl":"https:\/\/secure.gravatar.com\/avatar\/769db425c6f465158149f1ffd6cf61ce7a8a879d11dfbef8288af36dfddd418c?s=96&d=mm&r=g","caption":"La r\u00e9daction"},"sameAs":["http:\/\/www.lkeria.com\/"],"url":"https:\/\/www.info-algerie.com\/actualites\/author\/chakib32\/"}]}},"_links":{"self":[{"href":"https:\/\/www.info-algerie.com\/actualites\/wp-json\/wp\/v2\/posts\/13423","targetHints":{"allow":["GET"]}}],"collection":[{"href":"https:\/\/www.info-algerie.com\/actualites\/wp-json\/wp\/v2\/posts"}],"about":[{"href":"https:\/\/www.info-algerie.com\/actualites\/wp-json\/wp\/v2\/types\/post"}],"author":[{"embeddable":true,"href":"https:\/\/www.info-algerie.com\/actualites\/wp-json\/wp\/v2\/users\/6"}],"replies":[{"embeddable":true,"href":"https:\/\/www.info-algerie.com\/actualites\/wp-json\/wp\/v2\/comments?post=13423"}],"version-history":[{"count":0,"href":"https:\/\/www.info-algerie.com\/actualites\/wp-json\/wp\/v2\/posts\/13423\/revisions"}],"wp:featuredmedia":[{"embeddable":true,"href":"https:\/\/www.info-algerie.com\/actualites\/wp-json\/wp\/v2\/media\/13424"}],"wp:attachment":[{"href":"https:\/\/www.info-algerie.com\/actualites\/wp-json\/wp\/v2\/media?parent=13423"}],"wp:term":[{"taxonomy":"category","embeddable":true,"href":"https:\/\/www.info-algerie.com\/actualites\/wp-json\/wp\/v2\/categories?post=13423"},{"taxonomy":"post_tag","embeddable":true,"href":"https:\/\/www.info-algerie.com\/actualites\/wp-json\/wp\/v2\/tags?post=13423"}],"curies":[{"name":"wp","href":"https:\/\/api.w.org\/{rel}","templated":true}]}}