{"id":13428,"date":"2017-06-21T12:14:01","date_gmt":"2017-06-21T11:14:01","guid":{"rendered":"http:\/\/www.info-algerie.com\/actualites\/messahel-representera-le-president-bouteflika-au-sommet-de-la-solidarite-sur-les-refugies-a-kampala\/"},"modified":"2017-06-21T12:14:01","modified_gmt":"2017-06-21T11:14:01","slug":"messahel-representera-le-president-bouteflika-au-sommet-de-la-solidarite-sur-les-refugies-a-kampala","status":"publish","type":"post","link":"https:\/\/www.info-algerie.com\/actualites\/messahel-representera-le-president-bouteflika-au-sommet-de-la-solidarite-sur-les-refugies-a-kampala\/","title":{"rendered":"Messahel repr\u00e9sentera le pr\u00e9sident Bouteflika au Sommet de la solidarit\u00e9 sur les Refugi\u00e9s \u00e0 Kampala"},"content":{"rendered":"<div class=\"K2FeedImage\"><img decoding=\"async\" src=\"https:\/\/www.info-algerie.com\/actualites\/wp-content\/uploads\/2017\/06\/1ba13d34399909b9fe52815772da49d3_S.jpg\" alt=\"Messahel repr&#xE9;sentera le pr&#xE9;sident Bouteflika au Sommet de la solidarit&#xE9; sur les Refugi&#xE9;s &#xE0; Kampala\" \/><\/div>\n<div class=\"K2FeedIntroText\">\n<p class=\"MsoNoSpacing\">ALGER- Le ministre des Affaires \u00e9trang\u00e8res, Abdelkader Messahel, prendra part, en qualit\u00e9 de repr\u00e9sentant du pr\u00e9sident de la R\u00e9publique, Abdelaziz Bouteflika, au \u00ab\u00a0Sommet de la solidarit\u00e9 sur les r\u00e9fugi\u00e9s\u00a0\u00bb pr\u00e9vu jeudi et vendredi \u00e0 Kampala (Ouganda), a indiqu\u00e9 mercredi le minist\u00e8re des Affaires \u00e9trang\u00e8res dans un communiqu\u00e9.<\/p>\n<p>&#013;\n<\/p><\/div>\n<div class=\"K2FeedFullText\">&#013;<\/p>\n<p class=\"MsoNoSpacing\">Ce sommet, organis\u00e9 conjointement par le pr\u00e9sident ougandais, Yoweri Museveni, et le Secr\u00e9taire g\u00e9n\u00e9ral de l&rsquo;ONU, Antonio Guterres, \u00ab\u00a0se penchera sur les questions inh\u00e9rentes \u00e0 la mise en \u00a3uvre des engagements contenus dans la D\u00e9claration de New York pour les R\u00e9fugi\u00e9s et les migrants adopt\u00e9e par l&rsquo;Assembl\u00e9e g\u00e9n\u00e9rale de l&rsquo;ONU en septembre 2016\u00a0\u00bb, a soulign\u00e9 la m\u00eame source.<\/p>\n<\/div>\n<p>&#013;<br \/>\nSource: <a href=\"http:\/\/www.aps.dz\/algerie\/59223-messahel-representera-le-president-bouteflika-au-sommet-de-la-solidarite-sur-les-refugies-a-kampala\" target=\"_blank\">Messahel repr\u00e9sentera le pr\u00e9sident Bouteflika au Sommet de la solidarit\u00e9 sur les Refugi\u00e9s \u00e0 Kampala<\/a><\/p>\n<!--CusAds0-->\n<div style=\"font-size: 0px; height: 0px; line-height: 0px; margin: 0; padding: 0; clear: both;\"><\/div>","protected":false},"excerpt":{"rendered":"<p>ALGER- Le ministre des Affaires \u00e9trang\u00e8res, Abdelkader Messahel, prendra part, en qualit\u00e9 de repr\u00e9sentant du pr\u00e9sident de la R\u00e9publique, Abdelaziz Bouteflika, au \u00ab\u00a0Sommet de la solidarit\u00e9 sur les r\u00e9fugi\u00e9s\u00a0\u00bb pr\u00e9vu jeudi et vendredi \u00e0 Kampala (Ouganda), a indiqu\u00e9 mercredi le minist\u00e8re des Affaires \u00e9trang\u00e8res dans un communiqu\u00e9. &#013; &#013; Ce sommet, organis\u00e9 conjointement par le<\/p>\n","protected":false},"author":6,"featured_media":13429,"comment_status":"open","ping_status":"open","sticky":false,"template":"","format":"standard","meta":{"footnotes":""},"categories":[22],"tags":[93],"class_list":["post-13428","post","type-post","status-publish","format-standard","has-post-thumbnail","hentry","category-infos","tag-onu"],"yoast_head":"<!-- This site is optimized with the Yoast SEO plugin v27.5 - https:\/\/yoast.com\/product\/yoast-seo-wordpress\/ -->\n<title>Messahel repr\u00e9sentera le pr\u00e9sident Bouteflika au Sommet de la solidarit\u00e9 sur les Refugi\u00e9s \u00e0 Kampala - info algerie<\/title>\n<meta name=\"robots\" content=\"index, follow, max-snippet:-1, max-image-preview:large, max-video-preview:-1\" \/>\n<link rel=\"canonical\" href=\"https:\/\/www.info-algerie.com\/actualites\/messahel-representera-le-president-bouteflika-au-sommet-de-la-solidarite-sur-les-refugies-a-kampala\/\" \/>\n<meta property=\"og:locale\" content=\"fr_FR\" \/>\n<meta property=\"og:type\" content=\"article\" \/>\n<meta property=\"og:title\" content=\"Messahel repr\u00e9sentera le pr\u00e9sident Bouteflika au Sommet de la solidarit\u00e9 sur les Refugi\u00e9s \u00e0 Kampala - info algerie\" \/>\n<meta property=\"og:description\" content=\"ALGER- Le ministre des Affaires \u00e9trang\u00e8res, Abdelkader Messahel, prendra part, en qualit\u00e9 de repr\u00e9sentant du pr\u00e9sident de la R\u00e9publique, Abdelaziz Bouteflika, au \u00ab\u00a0Sommet de la solidarit\u00e9 sur les r\u00e9fugi\u00e9s\u00a0\u00bb pr\u00e9vu jeudi et vendredi \u00e0 Kampala (Ouganda), a indiqu\u00e9 mercredi le minist\u00e8re des Affaires \u00e9trang\u00e8res dans un communiqu\u00e9. &#013; &#013; Ce sommet, organis\u00e9 conjointement par le\" \/>\n<meta property=\"og:url\" content=\"https:\/\/www.info-algerie.com\/actualites\/messahel-representera-le-president-bouteflika-au-sommet-de-la-solidarite-sur-les-refugies-a-kampala\/\" \/>\n<meta property=\"og:site_name\" content=\"info algerie\" \/>\n<meta property=\"article:publisher\" content=\"https:\/\/www.facebook.com\/infoalgerieactu\" \/>\n<meta property=\"article:published_time\" content=\"2017-06-21T11:14:01+00:00\" \/>\n<meta property=\"og:image\" content=\"https:\/\/www.info-algerie.com\/actualites\/wp-content\/uploads\/2017\/06\/1ba13d34399909b9fe52815772da49d3_S-1.jpg\" \/>\n\t<meta property=\"og:image:width\" content=\"280\" \/>\n\t<meta property=\"og:image:height\" content=\"187\" \/>\n\t<meta property=\"og:image:type\" content=\"image\/jpeg\" \/>\n<meta name=\"author\" content=\"La r\u00e9daction\" \/>\n<meta name=\"twitter:label1\" content=\"\u00c9crit par\" \/>\n\t<meta name=\"twitter:data1\" content=\"La r\u00e9daction\" \/>\n\t<meta name=\"twitter:label2\" content=\"Dur\u00e9e de lecture estim\u00e9e\" \/>\n\t<meta name=\"twitter:data2\" content=\"1 minute\" \/>\n<script type=\"application\/ld+json\" class=\"yoast-schema-graph\">{\"@context\":\"https:\\\/\\\/schema.org\",\"@graph\":[{\"@type\":\"Article\",\"@id\":\"https:\\\/\\\/www.info-algerie.com\\\/actualites\\\/messahel-representera-le-president-bouteflika-au-sommet-de-la-solidarite-sur-les-refugies-a-kampala\\\/#article\",\"isPartOf\":{\"@id\":\"https:\\\/\\\/www.info-algerie.com\\\/actualites\\\/messahel-representera-le-president-bouteflika-au-sommet-de-la-solidarite-sur-les-refugies-a-kampala\\\/\"},\"author\":{\"name\":\"La r\u00e9daction\",\"@id\":\"https:\\\/\\\/www.info-algerie.com\\\/actualites\\\/#\\\/schema\\\/person\\\/847aaec44920825b843a08f30ec6aa1e\"},\"headline\":\"Messahel repr\u00e9sentera le pr\u00e9sident Bouteflika au Sommet de la solidarit\u00e9 sur les Refugi\u00e9s \u00e0 Kampala\",\"datePublished\":\"2017-06-21T11:14:01+00:00\",\"mainEntityOfPage\":{\"@id\":\"https:\\\/\\\/www.info-algerie.com\\\/actualites\\\/messahel-representera-le-president-bouteflika-au-sommet-de-la-solidarite-sur-les-refugies-a-kampala\\\/\"},\"wordCount\":162,\"commentCount\":0,\"publisher\":{\"@id\":\"https:\\\/\\\/www.info-algerie.com\\\/actualites\\\/#organization\"},\"image\":{\"@id\":\"https:\\\/\\\/www.info-algerie.com\\\/actualites\\\/messahel-representera-le-president-bouteflika-au-sommet-de-la-solidarite-sur-les-refugies-a-kampala\\\/#primaryimage\"},\"thumbnailUrl\":\"https:\\\/\\\/www.info-algerie.com\\\/actualites\\\/wp-content\\\/uploads\\\/2017\\\/06\\\/1ba13d34399909b9fe52815772da49d3_S-1.jpg\",\"keywords\":[\"ONU\"],\"articleSection\":[\"infos\"],\"inLanguage\":\"fr-FR\",\"potentialAction\":[{\"@type\":\"CommentAction\",\"name\":\"Comment\",\"target\":[\"https:\\\/\\\/www.info-algerie.com\\\/actualites\\\/messahel-representera-le-president-bouteflika-au-sommet-de-la-solidarite-sur-les-refugies-a-kampala\\\/#respond\"]}]},{\"@type\":\"WebPage\",\"@id\":\"https:\\\/\\\/www.info-algerie.com\\\/actualites\\\/messahel-representera-le-president-bouteflika-au-sommet-de-la-solidarite-sur-les-refugies-a-kampala\\\/\",\"url\":\"https:\\\/\\\/www.info-algerie.com\\\/actualites\\\/messahel-representera-le-president-bouteflika-au-sommet-de-la-solidarite-sur-les-refugies-a-kampala\\\/\",\"name\":\"Messahel repr\u00e9sentera le pr\u00e9sident Bouteflika au Sommet de la solidarit\u00e9 sur les Refugi\u00e9s \u00e0 Kampala - info algerie\",\"isPartOf\":{\"@id\":\"https:\\\/\\\/www.info-algerie.com\\\/actualites\\\/#website\"},\"primaryImageOfPage\":{\"@id\":\"https:\\\/\\\/www.info-algerie.com\\\/actualites\\\/messahel-representera-le-president-bouteflika-au-sommet-de-la-solidarite-sur-les-refugies-a-kampala\\\/#primaryimage\"},\"image\":{\"@id\":\"https:\\\/\\\/www.info-algerie.com\\\/actualites\\\/messahel-representera-le-president-bouteflika-au-sommet-de-la-solidarite-sur-les-refugies-a-kampala\\\/#primaryimage\"},\"thumbnailUrl\":\"https:\\\/\\\/www.info-algerie.com\\\/actualites\\\/wp-content\\\/uploads\\\/2017\\\/06\\\/1ba13d34399909b9fe52815772da49d3_S-1.jpg\",\"datePublished\":\"2017-06-21T11:14:01+00:00\",\"breadcrumb\":{\"@id\":\"https:\\\/\\\/www.info-algerie.com\\\/actualites\\\/messahel-representera-le-president-bouteflika-au-sommet-de-la-solidarite-sur-les-refugies-a-kampala\\\/#breadcrumb\"},\"inLanguage\":\"fr-FR\",\"potentialAction\":[{\"@type\":\"ReadAction\",\"target\":[\"https:\\\/\\\/www.info-algerie.com\\\/actualites\\\/messahel-representera-le-president-bouteflika-au-sommet-de-la-solidarite-sur-les-refugies-a-kampala\\\/\"]}]},{\"@type\":\"ImageObject\",\"inLanguage\":\"fr-FR\",\"@id\":\"https:\\\/\\\/www.info-algerie.com\\\/actualites\\\/messahel-representera-le-president-bouteflika-au-sommet-de-la-solidarite-sur-les-refugies-a-kampala\\\/#primaryimage\",\"url\":\"https:\\\/\\\/www.info-algerie.com\\\/actualites\\\/wp-content\\\/uploads\\\/2017\\\/06\\\/1ba13d34399909b9fe52815772da49d3_S-1.jpg\",\"contentUrl\":\"https:\\\/\\\/www.info-algerie.com\\\/actualites\\\/wp-content\\\/uploads\\\/2017\\\/06\\\/1ba13d34399909b9fe52815772da49d3_S-1.jpg\",\"width\":280,\"height\":187},{\"@type\":\"BreadcrumbList\",\"@id\":\"https:\\\/\\\/www.info-algerie.com\\\/actualites\\\/messahel-representera-le-president-bouteflika-au-sommet-de-la-solidarite-sur-les-refugies-a-kampala\\\/#breadcrumb\",\"itemListElement\":[{\"@type\":\"ListItem\",\"position\":1,\"name\":\"Accueil\",\"item\":\"https:\\\/\\\/www.info-algerie.com\\\/actualites\\\/\"},{\"@type\":\"ListItem\",\"position\":2,\"name\":\"Messahel repr\u00e9sentera le pr\u00e9sident Bouteflika au Sommet de la solidarit\u00e9 sur les Refugi\u00e9s \u00e0 Kampala\"}]},{\"@type\":\"WebSite\",\"@id\":\"https:\\\/\\\/www.info-algerie.com\\\/actualites\\\/#website\",\"url\":\"https:\\\/\\\/www.info-algerie.com\\\/actualites\\\/\",\"name\":\"info algerie\",\"description\":\"Toutes les actualit\u00e9s\",\"publisher\":{\"@id\":\"https:\\\/\\\/www.info-algerie.com\\\/actualites\\\/#organization\"},\"potentialAction\":[{\"@type\":\"SearchAction\",\"target\":{\"@type\":\"EntryPoint\",\"urlTemplate\":\"https:\\\/\\\/www.info-algerie.com\\\/actualites\\\/?s={search_term_string}\"},\"query-input\":{\"@type\":\"PropertyValueSpecification\",\"valueRequired\":true,\"valueName\":\"search_term_string\"}}],\"inLanguage\":\"fr-FR\"},{\"@type\":\"Organization\",\"@id\":\"https:\\\/\\\/www.info-algerie.com\\\/actualites\\\/#organization\",\"name\":\"info algerie\",\"url\":\"https:\\\/\\\/www.info-algerie.com\\\/actualites\\\/\",\"logo\":{\"@type\":\"ImageObject\",\"inLanguage\":\"fr-FR\",\"@id\":\"https:\\\/\\\/www.info-algerie.com\\\/actualites\\\/#\\\/schema\\\/logo\\\/image\\\/\",\"url\":\"https:\\\/\\\/www.info-algerie.com\\\/actualites\\\/wp-content\\\/uploads\\\/2022\\\/07\\\/logo-ia-120.png\",\"contentUrl\":\"https:\\\/\\\/www.info-algerie.com\\\/actualites\\\/wp-content\\\/uploads\\\/2022\\\/07\\\/logo-ia-120.png\",\"width\":120,\"height\":43,\"caption\":\"info algerie\"},\"image\":{\"@id\":\"https:\\\/\\\/www.info-algerie.com\\\/actualites\\\/#\\\/schema\\\/logo\\\/image\\\/\"},\"sameAs\":[\"https:\\\/\\\/www.facebook.com\\\/infoalgerieactu\",\"https:\\\/\\\/x.com\\\/infoalgerie1\"]},{\"@type\":\"Person\",\"@id\":\"https:\\\/\\\/www.info-algerie.com\\\/actualites\\\/#\\\/schema\\\/person\\\/847aaec44920825b843a08f30ec6aa1e\",\"name\":\"La r\u00e9daction\",\"image\":{\"@type\":\"ImageObject\",\"inLanguage\":\"fr-FR\",\"@id\":\"https:\\\/\\\/secure.gravatar.com\\\/avatar\\\/769db425c6f465158149f1ffd6cf61ce7a8a879d11dfbef8288af36dfddd418c?s=96&d=mm&r=g\",\"url\":\"https:\\\/\\\/secure.gravatar.com\\\/avatar\\\/769db425c6f465158149f1ffd6cf61ce7a8a879d11dfbef8288af36dfddd418c?s=96&d=mm&r=g\",\"contentUrl\":\"https:\\\/\\\/secure.gravatar.com\\\/avatar\\\/769db425c6f465158149f1ffd6cf61ce7a8a879d11dfbef8288af36dfddd418c?s=96&d=mm&r=g\",\"caption\":\"La r\u00e9daction\"},\"sameAs\":[\"http:\\\/\\\/www.lkeria.com\\\/\"],\"url\":\"https:\\\/\\\/www.info-algerie.com\\\/actualites\\\/author\\\/chakib32\\\/\"}]}<\/script>\n<!-- \/ Yoast SEO plugin. -->","yoast_head_json":{"title":"Messahel repr\u00e9sentera le pr\u00e9sident Bouteflika au Sommet de la solidarit\u00e9 sur les Refugi\u00e9s \u00e0 Kampala - info algerie","robots":{"index":"index","follow":"follow","max-snippet":"max-snippet:-1","max-image-preview":"max-image-preview:large","max-video-preview":"max-video-preview:-1"},"canonical":"https:\/\/www.info-algerie.com\/actualites\/messahel-representera-le-president-bouteflika-au-sommet-de-la-solidarite-sur-les-refugies-a-kampala\/","og_locale":"fr_FR","og_type":"article","og_title":"Messahel repr\u00e9sentera le pr\u00e9sident Bouteflika au Sommet de la solidarit\u00e9 sur les Refugi\u00e9s \u00e0 Kampala - info algerie","og_description":"ALGER- Le ministre des Affaires \u00e9trang\u00e8res, Abdelkader Messahel, prendra part, en qualit\u00e9 de repr\u00e9sentant du pr\u00e9sident de la R\u00e9publique, Abdelaziz Bouteflika, au \u00ab\u00a0Sommet de la solidarit\u00e9 sur les r\u00e9fugi\u00e9s\u00a0\u00bb pr\u00e9vu jeudi et vendredi \u00e0 Kampala (Ouganda), a indiqu\u00e9 mercredi le minist\u00e8re des Affaires \u00e9trang\u00e8res dans un communiqu\u00e9. &#013; &#013; Ce sommet, organis\u00e9 conjointement par le","og_url":"https:\/\/www.info-algerie.com\/actualites\/messahel-representera-le-president-bouteflika-au-sommet-de-la-solidarite-sur-les-refugies-a-kampala\/","og_site_name":"info algerie","article_publisher":"https:\/\/www.facebook.com\/infoalgerieactu","article_published_time":"2017-06-21T11:14:01+00:00","og_image":[{"width":280,"height":187,"url":"https:\/\/www.info-algerie.com\/actualites\/wp-content\/uploads\/2017\/06\/1ba13d34399909b9fe52815772da49d3_S-1.jpg","type":"image\/jpeg"}],"author":"La r\u00e9daction","twitter_misc":{"\u00c9crit par":"La r\u00e9daction","Dur\u00e9e de lecture estim\u00e9e":"1 minute"},"schema":{"@context":"https:\/\/schema.org","@graph":[{"@type":"Article","@id":"https:\/\/www.info-algerie.com\/actualites\/messahel-representera-le-president-bouteflika-au-sommet-de-la-solidarite-sur-les-refugies-a-kampala\/#article","isPartOf":{"@id":"https:\/\/www.info-algerie.com\/actualites\/messahel-representera-le-president-bouteflika-au-sommet-de-la-solidarite-sur-les-refugies-a-kampala\/"},"author":{"name":"La r\u00e9daction","@id":"https:\/\/www.info-algerie.com\/actualites\/#\/schema\/person\/847aaec44920825b843a08f30ec6aa1e"},"headline":"Messahel repr\u00e9sentera le pr\u00e9sident Bouteflika au Sommet de la solidarit\u00e9 sur les Refugi\u00e9s \u00e0 Kampala","datePublished":"2017-06-21T11:14:01+00:00","mainEntityOfPage":{"@id":"https:\/\/www.info-algerie.com\/actualites\/messahel-representera-le-president-bouteflika-au-sommet-de-la-solidarite-sur-les-refugies-a-kampala\/"},"wordCount":162,"commentCount":0,"publisher":{"@id":"https:\/\/www.info-algerie.com\/actualites\/#organization"},"image":{"@id":"https:\/\/www.info-algerie.com\/actualites\/messahel-representera-le-president-bouteflika-au-sommet-de-la-solidarite-sur-les-refugies-a-kampala\/#primaryimage"},"thumbnailUrl":"https:\/\/www.info-algerie.com\/actualites\/wp-content\/uploads\/2017\/06\/1ba13d34399909b9fe52815772da49d3_S-1.jpg","keywords":["ONU"],"articleSection":["infos"],"inLanguage":"fr-FR","potentialAction":[{"@type":"CommentAction","name":"Comment","target":["https:\/\/www.info-algerie.com\/actualites\/messahel-representera-le-president-bouteflika-au-sommet-de-la-solidarite-sur-les-refugies-a-kampala\/#respond"]}]},{"@type":"WebPage","@id":"https:\/\/www.info-algerie.com\/actualites\/messahel-representera-le-president-bouteflika-au-sommet-de-la-solidarite-sur-les-refugies-a-kampala\/","url":"https:\/\/www.info-algerie.com\/actualites\/messahel-representera-le-president-bouteflika-au-sommet-de-la-solidarite-sur-les-refugies-a-kampala\/","name":"Messahel repr\u00e9sentera le pr\u00e9sident Bouteflika au Sommet de la solidarit\u00e9 sur les Refugi\u00e9s \u00e0 Kampala - info algerie","isPartOf":{"@id":"https:\/\/www.info-algerie.com\/actualites\/#website"},"primaryImageOfPage":{"@id":"https:\/\/www.info-algerie.com\/actualites\/messahel-representera-le-president-bouteflika-au-sommet-de-la-solidarite-sur-les-refugies-a-kampala\/#primaryimage"},"image":{"@id":"https:\/\/www.info-algerie.com\/actualites\/messahel-representera-le-president-bouteflika-au-sommet-de-la-solidarite-sur-les-refugies-a-kampala\/#primaryimage"},"thumbnailUrl":"https:\/\/www.info-algerie.com\/actualites\/wp-content\/uploads\/2017\/06\/1ba13d34399909b9fe52815772da49d3_S-1.jpg","datePublished":"2017-06-21T11:14:01+00:00","breadcrumb":{"@id":"https:\/\/www.info-algerie.com\/actualites\/messahel-representera-le-president-bouteflika-au-sommet-de-la-solidarite-sur-les-refugies-a-kampala\/#breadcrumb"},"inLanguage":"fr-FR","potentialAction":[{"@type":"ReadAction","target":["https:\/\/www.info-algerie.com\/actualites\/messahel-representera-le-president-bouteflika-au-sommet-de-la-solidarite-sur-les-refugies-a-kampala\/"]}]},{"@type":"ImageObject","inLanguage":"fr-FR","@id":"https:\/\/www.info-algerie.com\/actualites\/messahel-representera-le-president-bouteflika-au-sommet-de-la-solidarite-sur-les-refugies-a-kampala\/#primaryimage","url":"https:\/\/www.info-algerie.com\/actualites\/wp-content\/uploads\/2017\/06\/1ba13d34399909b9fe52815772da49d3_S-1.jpg","contentUrl":"https:\/\/www.info-algerie.com\/actualites\/wp-content\/uploads\/2017\/06\/1ba13d34399909b9fe52815772da49d3_S-1.jpg","width":280,"height":187},{"@type":"BreadcrumbList","@id":"https:\/\/www.info-algerie.com\/actualites\/messahel-representera-le-president-bouteflika-au-sommet-de-la-solidarite-sur-les-refugies-a-kampala\/#breadcrumb","itemListElement":[{"@type":"ListItem","position":1,"name":"Accueil","item":"https:\/\/www.info-algerie.com\/actualites\/"},{"@type":"ListItem","position":2,"name":"Messahel repr\u00e9sentera le pr\u00e9sident Bouteflika au Sommet de la solidarit\u00e9 sur les Refugi\u00e9s \u00e0 Kampala"}]},{"@type":"WebSite","@id":"https:\/\/www.info-algerie.com\/actualites\/#website","url":"https:\/\/www.info-algerie.com\/actualites\/","name":"info algerie","description":"Toutes les actualit\u00e9s","publisher":{"@id":"https:\/\/www.info-algerie.com\/actualites\/#organization"},"potentialAction":[{"@type":"SearchAction","target":{"@type":"EntryPoint","urlTemplate":"https:\/\/www.info-algerie.com\/actualites\/?s={search_term_string}"},"query-input":{"@type":"PropertyValueSpecification","valueRequired":true,"valueName":"search_term_string"}}],"inLanguage":"fr-FR"},{"@type":"Organization","@id":"https:\/\/www.info-algerie.com\/actualites\/#organization","name":"info algerie","url":"https:\/\/www.info-algerie.com\/actualites\/","logo":{"@type":"ImageObject","inLanguage":"fr-FR","@id":"https:\/\/www.info-algerie.com\/actualites\/#\/schema\/logo\/image\/","url":"https:\/\/www.info-algerie.com\/actualites\/wp-content\/uploads\/2022\/07\/logo-ia-120.png","contentUrl":"https:\/\/www.info-algerie.com\/actualites\/wp-content\/uploads\/2022\/07\/logo-ia-120.png","width":120,"height":43,"caption":"info algerie"},"image":{"@id":"https:\/\/www.info-algerie.com\/actualites\/#\/schema\/logo\/image\/"},"sameAs":["https:\/\/www.facebook.com\/infoalgerieactu","https:\/\/x.com\/infoalgerie1"]},{"@type":"Person","@id":"https:\/\/www.info-algerie.com\/actualites\/#\/schema\/person\/847aaec44920825b843a08f30ec6aa1e","name":"La r\u00e9daction","image":{"@type":"ImageObject","inLanguage":"fr-FR","@id":"https:\/\/secure.gravatar.com\/avatar\/769db425c6f465158149f1ffd6cf61ce7a8a879d11dfbef8288af36dfddd418c?s=96&d=mm&r=g","url":"https:\/\/secure.gravatar.com\/avatar\/769db425c6f465158149f1ffd6cf61ce7a8a879d11dfbef8288af36dfddd418c?s=96&d=mm&r=g","contentUrl":"https:\/\/secure.gravatar.com\/avatar\/769db425c6f465158149f1ffd6cf61ce7a8a879d11dfbef8288af36dfddd418c?s=96&d=mm&r=g","caption":"La r\u00e9daction"},"sameAs":["http:\/\/www.lkeria.com\/"],"url":"https:\/\/www.info-algerie.com\/actualites\/author\/chakib32\/"}]}},"_links":{"self":[{"href":"https:\/\/www.info-algerie.com\/actualites\/wp-json\/wp\/v2\/posts\/13428","targetHints":{"allow":["GET"]}}],"collection":[{"href":"https:\/\/www.info-algerie.com\/actualites\/wp-json\/wp\/v2\/posts"}],"about":[{"href":"https:\/\/www.info-algerie.com\/actualites\/wp-json\/wp\/v2\/types\/post"}],"author":[{"embeddable":true,"href":"https:\/\/www.info-algerie.com\/actualites\/wp-json\/wp\/v2\/users\/6"}],"replies":[{"embeddable":true,"href":"https:\/\/www.info-algerie.com\/actualites\/wp-json\/wp\/v2\/comments?post=13428"}],"version-history":[{"count":0,"href":"https:\/\/www.info-algerie.com\/actualites\/wp-json\/wp\/v2\/posts\/13428\/revisions"}],"wp:featuredmedia":[{"embeddable":true,"href":"https:\/\/www.info-algerie.com\/actualites\/wp-json\/wp\/v2\/media\/13429"}],"wp:attachment":[{"href":"https:\/\/www.info-algerie.com\/actualites\/wp-json\/wp\/v2\/media?parent=13428"}],"wp:term":[{"taxonomy":"category","embeddable":true,"href":"https:\/\/www.info-algerie.com\/actualites\/wp-json\/wp\/v2\/categories?post=13428"},{"taxonomy":"post_tag","embeddable":true,"href":"https:\/\/www.info-algerie.com\/actualites\/wp-json\/wp\/v2\/tags?post=13428"}],"curies":[{"name":"wp","href":"https:\/\/api.w.org\/{rel}","templated":true}]}}