{"id":13439,"date":"2017-06-21T14:56:19","date_gmt":"2017-06-21T13:56:19","guid":{"rendered":"http:\/\/www.info-algerie.com\/actualites\/le-gouvernement-oeuvrera-a-la-consecration-de-la-liberte-de-la-presse-et-dexpression\/"},"modified":"2017-06-21T14:56:19","modified_gmt":"2017-06-21T13:56:19","slug":"le-gouvernement-oeuvrera-a-la-consecration-de-la-liberte-de-la-presse-et-dexpression","status":"publish","type":"post","link":"https:\/\/www.info-algerie.com\/actualites\/le-gouvernement-oeuvrera-a-la-consecration-de-la-liberte-de-la-presse-et-dexpression\/","title":{"rendered":"Le gouvernement \u0153uvrera \u00e0 la cons\u00e9cration de la libert\u00e9 de la presse et d&#039;expression"},"content":{"rendered":"<div class=\"K2FeedImage\"><img decoding=\"async\" src=\"https:\/\/www.info-algerie.com\/actualites\/wp-content\/uploads\/2017\/06\/c6d442ff029aa89ddb3ee0c741ee6167_S.jpg\" alt=\"Le gouvernement &#x153;uvrera &#xE0; la cons&#xE9;cration de la libert&#xE9; de la presse et d'expression\" \/><\/div>\n<div class=\"K2FeedIntroText\">\n<p>ALGER &#8211; Le Premier ministre, Abdelmadjid Tebboune, a affirm\u00e9 mardi soir \u00e0 Alger que le gouvernement \u0153uvrera \u00e0 la cons\u00e9cration de la libert\u00e9 de la presse et d&rsquo;expression et du droit \u00e0 une information objective et honn\u00eate.<\/p>\n<p>&#013;\n<\/p><\/div>\n<div class=\"K2FeedFullText\">&#013;<\/p>\n<p>Le gouvernement \u0153uvrera \u00e9galement \u00e0 la cons\u00e9cration de la libert\u00e9 de la presse et d&rsquo;expression ainsi que du droit \u00e0 une information objective et honn\u00eate\u00a0\u00bb \u00e0 travers l&rsquo;installation du Conseil d&rsquo;\u00e9thique et de d\u00e9ontologie de la presse aux c\u00f4t\u00e9s de l&rsquo;Autorit\u00e9 de r\u00e9gulation de la presse \u00e9crite et de l&rsquo;Autorit\u00e9 de r\u00e9gulation de l&rsquo;audiovisuel, a soutenu M. Tebboune lors de la <strong><a href=\"http:\/\/www.aps.dz\/algerie\/59208-tebboune-presente-le-plan-d-action-du-gouvernement-devant-les-membres-de-l-apn\">pr\u00e9sentation du plan d&rsquo;action du gouvernement devant les d\u00e9put\u00e9s de l&rsquo;Assembl\u00e9e populaire nationale (APN)<\/a><\/strong>.<\/p>\n<p>&#013;<\/p>\n<p>Outre la r\u00e9organisation des moyens publics d&rsquo;\u00e9dition, le Premier ministre a \u00e9voqu\u00e9 les conditions d&rsquo;accr\u00e9ditation des cha\u00eenes priv\u00e9es de droit alg\u00e9rien, la mise en place du r\u00e9seau de diffusion analogique terrestre et la mise en service de stations de diffusion radiophonique (FM) et de r\u00e9seau radiophonique et t\u00e9l\u00e9visuelle par satellite.<\/p>\n<p>&#013;<\/p>\n<p>Le volet relatif au renforcement de la libert\u00e9 d&rsquo;expression constitue l&rsquo;un des principaux axes contenus dans le plan d&rsquo;action du gouvernement \u00e0 travers l&rsquo;\u00e9largissement de l&rsquo;espace des droits et des libert\u00e9s du citoyen qui sera poursuivi par la cons\u00e9cration effective et la consolidation des garanties de la libert\u00e9 de la presse et du droit \u00e0 l&rsquo;information qui\u00a0 constituent un support essentiel \u00e0 l&rsquo;exercice de la d\u00e9mocratie\u00a0\u00bb.<\/p>\n<p>&#013;<\/p>\n<p>L&rsquo;enjeu est de compl\u00e9ter le cadre organisationnel qui doit poser les \u00ab\u00a0jalons \u00e9thiques et professionnels\u00a0\u00bb devant guider la presse dans sa marche vers une modernisation qui consacre et consolide la libert\u00e9 de la presse et le droit \u00e0 l&rsquo;information en les harmonisant avec les imp\u00e9ratifs d&rsquo;\u00e9thique, de responsabilit\u00e9 professionnelle et de d\u00e9ontologie.<\/p>\n<p>&#013;<\/p>\n<p>A cet effet, le plan d&rsquo;action du gouvernement indique que ce dernier \u00ab\u00a0initiera dans ce cadre, toutes les mesures tendant \u00e0 renforcer la libert\u00e9 de la presse \u00e9crite et audiovisuelle ainsi que la libert\u00e9 de diffusion des informations, des id\u00e9es, et des opinions, dans le respect de la dignit\u00e9, des libert\u00e9s et droits d&rsquo;autrui, des constantes, des valeurs religieuses, morales et culturelles de la Nation\u00a0\u00bb.<\/p>\n<p>&#013;<\/p>\n<p>Le Gouvernement entend mener sa d\u00e9marche de modernisation \u00e0 travers la promotion de la \u00ab\u00a0dignit\u00e9 et de la d\u00e9cence sociale\u00a0\u00bb des journalistes et la poursuite de l&rsquo;am\u00e9lioration de leurs droits sociaux selon les principes consacr\u00e9s par la loi.<\/p>\n<p>&#013;<\/p>\n<p>Le Gouvernement s&rsquo;attache, par ailleurs, \u00e0 organiser la communication institutionnelle de mani\u00e8re \u00e0 refl\u00e9ter une \u00ab\u00a0volont\u00e9 de transparence\u00a0\u00bb.<\/p>\n<p>&#013;<\/p>\n<p class=\"MsoNormal\">Le d\u00e9bat du <strong><a href=\"http:\/\/www.aps.dz\/algerie\/59210-la-presentation-du-plan-d-action-du-gouvernement-devant-l-apn-est-une-etape-cruciale-pour-la-democratie-en-algerie\">plan d&rsquo;action du gouvernement<\/a><\/strong> se poursuivra jusqu&rsquo;\u00e0 vendredi.<\/p>\n<\/div>\n<p>&#013;<br \/>\nSource: <a href=\"http:\/\/www.aps.dz\/algerie\/59234-le-gouvernement-oeuvrera-a-la-consecration-de-la-liberte-de-la-presse-et-d-expression\" target=\"_blank\">Le gouvernement \u0153uvrera \u00e0 la cons\u00e9cration de la libert\u00e9 de la presse et d&rsquo;expression<\/a><\/p>\n<!--CusAds0-->\n<div style=\"font-size: 0px; height: 0px; line-height: 0px; margin: 0; padding: 0; clear: both;\"><\/div>","protected":false},"excerpt":{"rendered":"<p>ALGER &#8211; Le Premier ministre, Abdelmadjid Tebboune, a affirm\u00e9 mardi soir \u00e0 Alger que le gouvernement \u0153uvrera \u00e0 la cons\u00e9cration de la libert\u00e9 de la presse et d&rsquo;expression et du droit \u00e0 une information objective et honn\u00eate. &#013; &#013; Le gouvernement \u0153uvrera \u00e9galement \u00e0 la cons\u00e9cration de la libert\u00e9 de la presse et d&rsquo;expression ainsi<\/p>\n","protected":false},"author":6,"featured_media":13440,"comment_status":"open","ping_status":"open","sticky":false,"template":"","format":"standard","meta":{"footnotes":""},"categories":[22],"tags":[93],"class_list":["post-13439","post","type-post","status-publish","format-standard","has-post-thumbnail","hentry","category-infos","tag-onu"],"yoast_head":"<!-- This site is optimized with the Yoast SEO plugin v27.5 - https:\/\/yoast.com\/product\/yoast-seo-wordpress\/ -->\n<title>Le gouvernement \u0153uvrera \u00e0 la cons\u00e9cration de la libert\u00e9 de la presse et d&#039;expression - info algerie<\/title>\n<meta name=\"robots\" content=\"index, follow, max-snippet:-1, max-image-preview:large, max-video-preview:-1\" \/>\n<link rel=\"canonical\" href=\"https:\/\/www.info-algerie.com\/actualites\/le-gouvernement-oeuvrera-a-la-consecration-de-la-liberte-de-la-presse-et-dexpression\/\" \/>\n<meta property=\"og:locale\" content=\"fr_FR\" \/>\n<meta property=\"og:type\" content=\"article\" \/>\n<meta property=\"og:title\" content=\"Le gouvernement \u0153uvrera \u00e0 la cons\u00e9cration de la libert\u00e9 de la presse et d&#039;expression - info algerie\" \/>\n<meta property=\"og:description\" content=\"ALGER &#8211; Le Premier ministre, Abdelmadjid Tebboune, a affirm\u00e9 mardi soir \u00e0 Alger que le gouvernement \u0153uvrera \u00e0 la cons\u00e9cration de la libert\u00e9 de la presse et d&rsquo;expression et du droit \u00e0 une information objective et honn\u00eate. &#013; &#013; Le gouvernement \u0153uvrera \u00e9galement \u00e0 la cons\u00e9cration de la libert\u00e9 de la presse et d&rsquo;expression ainsi\" \/>\n<meta property=\"og:url\" content=\"https:\/\/www.info-algerie.com\/actualites\/le-gouvernement-oeuvrera-a-la-consecration-de-la-liberte-de-la-presse-et-dexpression\/\" \/>\n<meta property=\"og:site_name\" content=\"info algerie\" \/>\n<meta property=\"article:publisher\" content=\"https:\/\/www.facebook.com\/infoalgerieactu\" \/>\n<meta property=\"article:published_time\" content=\"2017-06-21T13:56:19+00:00\" \/>\n<meta property=\"og:image\" content=\"https:\/\/www.info-algerie.com\/actualites\/wp-content\/uploads\/2017\/06\/c6d442ff029aa89ddb3ee0c741ee6167_S-1.jpg\" \/>\n\t<meta property=\"og:image:width\" content=\"280\" \/>\n\t<meta property=\"og:image:height\" content=\"169\" \/>\n\t<meta property=\"og:image:type\" content=\"image\/jpeg\" \/>\n<meta name=\"author\" content=\"La r\u00e9daction\" \/>\n<meta name=\"twitter:label1\" content=\"\u00c9crit par\" \/>\n\t<meta name=\"twitter:data1\" content=\"La r\u00e9daction\" \/>\n\t<meta name=\"twitter:label2\" content=\"Dur\u00e9e de lecture estim\u00e9e\" \/>\n\t<meta name=\"twitter:data2\" content=\"2 minutes\" \/>\n<script type=\"application\/ld+json\" class=\"yoast-schema-graph\">{\"@context\":\"https:\\\/\\\/schema.org\",\"@graph\":[{\"@type\":\"Article\",\"@id\":\"https:\\\/\\\/www.info-algerie.com\\\/actualites\\\/le-gouvernement-oeuvrera-a-la-consecration-de-la-liberte-de-la-presse-et-dexpression\\\/#article\",\"isPartOf\":{\"@id\":\"https:\\\/\\\/www.info-algerie.com\\\/actualites\\\/le-gouvernement-oeuvrera-a-la-consecration-de-la-liberte-de-la-presse-et-dexpression\\\/\"},\"author\":{\"name\":\"La r\u00e9daction\",\"@id\":\"https:\\\/\\\/www.info-algerie.com\\\/actualites\\\/#\\\/schema\\\/person\\\/847aaec44920825b843a08f30ec6aa1e\"},\"headline\":\"Le gouvernement \u0153uvrera \u00e0 la cons\u00e9cration de la libert\u00e9 de la presse et d&#039;expression\",\"datePublished\":\"2017-06-21T13:56:19+00:00\",\"mainEntityOfPage\":{\"@id\":\"https:\\\/\\\/www.info-algerie.com\\\/actualites\\\/le-gouvernement-oeuvrera-a-la-consecration-de-la-liberte-de-la-presse-et-dexpression\\\/\"},\"wordCount\":492,\"commentCount\":0,\"publisher\":{\"@id\":\"https:\\\/\\\/www.info-algerie.com\\\/actualites\\\/#organization\"},\"image\":{\"@id\":\"https:\\\/\\\/www.info-algerie.com\\\/actualites\\\/le-gouvernement-oeuvrera-a-la-consecration-de-la-liberte-de-la-presse-et-dexpression\\\/#primaryimage\"},\"thumbnailUrl\":\"https:\\\/\\\/www.info-algerie.com\\\/actualites\\\/wp-content\\\/uploads\\\/2017\\\/06\\\/c6d442ff029aa89ddb3ee0c741ee6167_S-1.jpg\",\"keywords\":[\"ONU\"],\"articleSection\":[\"infos\"],\"inLanguage\":\"fr-FR\",\"potentialAction\":[{\"@type\":\"CommentAction\",\"name\":\"Comment\",\"target\":[\"https:\\\/\\\/www.info-algerie.com\\\/actualites\\\/le-gouvernement-oeuvrera-a-la-consecration-de-la-liberte-de-la-presse-et-dexpression\\\/#respond\"]}]},{\"@type\":\"WebPage\",\"@id\":\"https:\\\/\\\/www.info-algerie.com\\\/actualites\\\/le-gouvernement-oeuvrera-a-la-consecration-de-la-liberte-de-la-presse-et-dexpression\\\/\",\"url\":\"https:\\\/\\\/www.info-algerie.com\\\/actualites\\\/le-gouvernement-oeuvrera-a-la-consecration-de-la-liberte-de-la-presse-et-dexpression\\\/\",\"name\":\"Le gouvernement \u0153uvrera \u00e0 la cons\u00e9cration de la libert\u00e9 de la presse et d&#039;expression - info algerie\",\"isPartOf\":{\"@id\":\"https:\\\/\\\/www.info-algerie.com\\\/actualites\\\/#website\"},\"primaryImageOfPage\":{\"@id\":\"https:\\\/\\\/www.info-algerie.com\\\/actualites\\\/le-gouvernement-oeuvrera-a-la-consecration-de-la-liberte-de-la-presse-et-dexpression\\\/#primaryimage\"},\"image\":{\"@id\":\"https:\\\/\\\/www.info-algerie.com\\\/actualites\\\/le-gouvernement-oeuvrera-a-la-consecration-de-la-liberte-de-la-presse-et-dexpression\\\/#primaryimage\"},\"thumbnailUrl\":\"https:\\\/\\\/www.info-algerie.com\\\/actualites\\\/wp-content\\\/uploads\\\/2017\\\/06\\\/c6d442ff029aa89ddb3ee0c741ee6167_S-1.jpg\",\"datePublished\":\"2017-06-21T13:56:19+00:00\",\"breadcrumb\":{\"@id\":\"https:\\\/\\\/www.info-algerie.com\\\/actualites\\\/le-gouvernement-oeuvrera-a-la-consecration-de-la-liberte-de-la-presse-et-dexpression\\\/#breadcrumb\"},\"inLanguage\":\"fr-FR\",\"potentialAction\":[{\"@type\":\"ReadAction\",\"target\":[\"https:\\\/\\\/www.info-algerie.com\\\/actualites\\\/le-gouvernement-oeuvrera-a-la-consecration-de-la-liberte-de-la-presse-et-dexpression\\\/\"]}]},{\"@type\":\"ImageObject\",\"inLanguage\":\"fr-FR\",\"@id\":\"https:\\\/\\\/www.info-algerie.com\\\/actualites\\\/le-gouvernement-oeuvrera-a-la-consecration-de-la-liberte-de-la-presse-et-dexpression\\\/#primaryimage\",\"url\":\"https:\\\/\\\/www.info-algerie.com\\\/actualites\\\/wp-content\\\/uploads\\\/2017\\\/06\\\/c6d442ff029aa89ddb3ee0c741ee6167_S-1.jpg\",\"contentUrl\":\"https:\\\/\\\/www.info-algerie.com\\\/actualites\\\/wp-content\\\/uploads\\\/2017\\\/06\\\/c6d442ff029aa89ddb3ee0c741ee6167_S-1.jpg\",\"width\":280,\"height\":169},{\"@type\":\"BreadcrumbList\",\"@id\":\"https:\\\/\\\/www.info-algerie.com\\\/actualites\\\/le-gouvernement-oeuvrera-a-la-consecration-de-la-liberte-de-la-presse-et-dexpression\\\/#breadcrumb\",\"itemListElement\":[{\"@type\":\"ListItem\",\"position\":1,\"name\":\"Accueil\",\"item\":\"https:\\\/\\\/www.info-algerie.com\\\/actualites\\\/\"},{\"@type\":\"ListItem\",\"position\":2,\"name\":\"Le gouvernement \u0153uvrera \u00e0 la cons\u00e9cration de la libert\u00e9 de la presse et d&#039;expression\"}]},{\"@type\":\"WebSite\",\"@id\":\"https:\\\/\\\/www.info-algerie.com\\\/actualites\\\/#website\",\"url\":\"https:\\\/\\\/www.info-algerie.com\\\/actualites\\\/\",\"name\":\"info algerie\",\"description\":\"Toutes les actualit\u00e9s\",\"publisher\":{\"@id\":\"https:\\\/\\\/www.info-algerie.com\\\/actualites\\\/#organization\"},\"potentialAction\":[{\"@type\":\"SearchAction\",\"target\":{\"@type\":\"EntryPoint\",\"urlTemplate\":\"https:\\\/\\\/www.info-algerie.com\\\/actualites\\\/?s={search_term_string}\"},\"query-input\":{\"@type\":\"PropertyValueSpecification\",\"valueRequired\":true,\"valueName\":\"search_term_string\"}}],\"inLanguage\":\"fr-FR\"},{\"@type\":\"Organization\",\"@id\":\"https:\\\/\\\/www.info-algerie.com\\\/actualites\\\/#organization\",\"name\":\"info algerie\",\"url\":\"https:\\\/\\\/www.info-algerie.com\\\/actualites\\\/\",\"logo\":{\"@type\":\"ImageObject\",\"inLanguage\":\"fr-FR\",\"@id\":\"https:\\\/\\\/www.info-algerie.com\\\/actualites\\\/#\\\/schema\\\/logo\\\/image\\\/\",\"url\":\"https:\\\/\\\/www.info-algerie.com\\\/actualites\\\/wp-content\\\/uploads\\\/2022\\\/07\\\/logo-ia-120.png\",\"contentUrl\":\"https:\\\/\\\/www.info-algerie.com\\\/actualites\\\/wp-content\\\/uploads\\\/2022\\\/07\\\/logo-ia-120.png\",\"width\":120,\"height\":43,\"caption\":\"info algerie\"},\"image\":{\"@id\":\"https:\\\/\\\/www.info-algerie.com\\\/actualites\\\/#\\\/schema\\\/logo\\\/image\\\/\"},\"sameAs\":[\"https:\\\/\\\/www.facebook.com\\\/infoalgerieactu\",\"https:\\\/\\\/x.com\\\/infoalgerie1\"]},{\"@type\":\"Person\",\"@id\":\"https:\\\/\\\/www.info-algerie.com\\\/actualites\\\/#\\\/schema\\\/person\\\/847aaec44920825b843a08f30ec6aa1e\",\"name\":\"La r\u00e9daction\",\"image\":{\"@type\":\"ImageObject\",\"inLanguage\":\"fr-FR\",\"@id\":\"https:\\\/\\\/secure.gravatar.com\\\/avatar\\\/769db425c6f465158149f1ffd6cf61ce7a8a879d11dfbef8288af36dfddd418c?s=96&d=mm&r=g\",\"url\":\"https:\\\/\\\/secure.gravatar.com\\\/avatar\\\/769db425c6f465158149f1ffd6cf61ce7a8a879d11dfbef8288af36dfddd418c?s=96&d=mm&r=g\",\"contentUrl\":\"https:\\\/\\\/secure.gravatar.com\\\/avatar\\\/769db425c6f465158149f1ffd6cf61ce7a8a879d11dfbef8288af36dfddd418c?s=96&d=mm&r=g\",\"caption\":\"La r\u00e9daction\"},\"sameAs\":[\"http:\\\/\\\/www.lkeria.com\\\/\"],\"url\":\"https:\\\/\\\/www.info-algerie.com\\\/actualites\\\/author\\\/chakib32\\\/\"}]}<\/script>\n<!-- \/ Yoast SEO plugin. -->","yoast_head_json":{"title":"Le gouvernement \u0153uvrera \u00e0 la cons\u00e9cration de la libert\u00e9 de la presse et d&#039;expression - info algerie","robots":{"index":"index","follow":"follow","max-snippet":"max-snippet:-1","max-image-preview":"max-image-preview:large","max-video-preview":"max-video-preview:-1"},"canonical":"https:\/\/www.info-algerie.com\/actualites\/le-gouvernement-oeuvrera-a-la-consecration-de-la-liberte-de-la-presse-et-dexpression\/","og_locale":"fr_FR","og_type":"article","og_title":"Le gouvernement \u0153uvrera \u00e0 la cons\u00e9cration de la libert\u00e9 de la presse et d&#039;expression - info algerie","og_description":"ALGER &#8211; Le Premier ministre, Abdelmadjid Tebboune, a affirm\u00e9 mardi soir \u00e0 Alger que le gouvernement \u0153uvrera \u00e0 la cons\u00e9cration de la libert\u00e9 de la presse et d&rsquo;expression et du droit \u00e0 une information objective et honn\u00eate. &#013; &#013; Le gouvernement \u0153uvrera \u00e9galement \u00e0 la cons\u00e9cration de la libert\u00e9 de la presse et d&rsquo;expression ainsi","og_url":"https:\/\/www.info-algerie.com\/actualites\/le-gouvernement-oeuvrera-a-la-consecration-de-la-liberte-de-la-presse-et-dexpression\/","og_site_name":"info algerie","article_publisher":"https:\/\/www.facebook.com\/infoalgerieactu","article_published_time":"2017-06-21T13:56:19+00:00","og_image":[{"width":280,"height":169,"url":"https:\/\/www.info-algerie.com\/actualites\/wp-content\/uploads\/2017\/06\/c6d442ff029aa89ddb3ee0c741ee6167_S-1.jpg","type":"image\/jpeg"}],"author":"La r\u00e9daction","twitter_misc":{"\u00c9crit par":"La r\u00e9daction","Dur\u00e9e de lecture estim\u00e9e":"2 minutes"},"schema":{"@context":"https:\/\/schema.org","@graph":[{"@type":"Article","@id":"https:\/\/www.info-algerie.com\/actualites\/le-gouvernement-oeuvrera-a-la-consecration-de-la-liberte-de-la-presse-et-dexpression\/#article","isPartOf":{"@id":"https:\/\/www.info-algerie.com\/actualites\/le-gouvernement-oeuvrera-a-la-consecration-de-la-liberte-de-la-presse-et-dexpression\/"},"author":{"name":"La r\u00e9daction","@id":"https:\/\/www.info-algerie.com\/actualites\/#\/schema\/person\/847aaec44920825b843a08f30ec6aa1e"},"headline":"Le gouvernement \u0153uvrera \u00e0 la cons\u00e9cration de la libert\u00e9 de la presse et d&#039;expression","datePublished":"2017-06-21T13:56:19+00:00","mainEntityOfPage":{"@id":"https:\/\/www.info-algerie.com\/actualites\/le-gouvernement-oeuvrera-a-la-consecration-de-la-liberte-de-la-presse-et-dexpression\/"},"wordCount":492,"commentCount":0,"publisher":{"@id":"https:\/\/www.info-algerie.com\/actualites\/#organization"},"image":{"@id":"https:\/\/www.info-algerie.com\/actualites\/le-gouvernement-oeuvrera-a-la-consecration-de-la-liberte-de-la-presse-et-dexpression\/#primaryimage"},"thumbnailUrl":"https:\/\/www.info-algerie.com\/actualites\/wp-content\/uploads\/2017\/06\/c6d442ff029aa89ddb3ee0c741ee6167_S-1.jpg","keywords":["ONU"],"articleSection":["infos"],"inLanguage":"fr-FR","potentialAction":[{"@type":"CommentAction","name":"Comment","target":["https:\/\/www.info-algerie.com\/actualites\/le-gouvernement-oeuvrera-a-la-consecration-de-la-liberte-de-la-presse-et-dexpression\/#respond"]}]},{"@type":"WebPage","@id":"https:\/\/www.info-algerie.com\/actualites\/le-gouvernement-oeuvrera-a-la-consecration-de-la-liberte-de-la-presse-et-dexpression\/","url":"https:\/\/www.info-algerie.com\/actualites\/le-gouvernement-oeuvrera-a-la-consecration-de-la-liberte-de-la-presse-et-dexpression\/","name":"Le gouvernement \u0153uvrera \u00e0 la cons\u00e9cration de la libert\u00e9 de la presse et d&#039;expression - info algerie","isPartOf":{"@id":"https:\/\/www.info-algerie.com\/actualites\/#website"},"primaryImageOfPage":{"@id":"https:\/\/www.info-algerie.com\/actualites\/le-gouvernement-oeuvrera-a-la-consecration-de-la-liberte-de-la-presse-et-dexpression\/#primaryimage"},"image":{"@id":"https:\/\/www.info-algerie.com\/actualites\/le-gouvernement-oeuvrera-a-la-consecration-de-la-liberte-de-la-presse-et-dexpression\/#primaryimage"},"thumbnailUrl":"https:\/\/www.info-algerie.com\/actualites\/wp-content\/uploads\/2017\/06\/c6d442ff029aa89ddb3ee0c741ee6167_S-1.jpg","datePublished":"2017-06-21T13:56:19+00:00","breadcrumb":{"@id":"https:\/\/www.info-algerie.com\/actualites\/le-gouvernement-oeuvrera-a-la-consecration-de-la-liberte-de-la-presse-et-dexpression\/#breadcrumb"},"inLanguage":"fr-FR","potentialAction":[{"@type":"ReadAction","target":["https:\/\/www.info-algerie.com\/actualites\/le-gouvernement-oeuvrera-a-la-consecration-de-la-liberte-de-la-presse-et-dexpression\/"]}]},{"@type":"ImageObject","inLanguage":"fr-FR","@id":"https:\/\/www.info-algerie.com\/actualites\/le-gouvernement-oeuvrera-a-la-consecration-de-la-liberte-de-la-presse-et-dexpression\/#primaryimage","url":"https:\/\/www.info-algerie.com\/actualites\/wp-content\/uploads\/2017\/06\/c6d442ff029aa89ddb3ee0c741ee6167_S-1.jpg","contentUrl":"https:\/\/www.info-algerie.com\/actualites\/wp-content\/uploads\/2017\/06\/c6d442ff029aa89ddb3ee0c741ee6167_S-1.jpg","width":280,"height":169},{"@type":"BreadcrumbList","@id":"https:\/\/www.info-algerie.com\/actualites\/le-gouvernement-oeuvrera-a-la-consecration-de-la-liberte-de-la-presse-et-dexpression\/#breadcrumb","itemListElement":[{"@type":"ListItem","position":1,"name":"Accueil","item":"https:\/\/www.info-algerie.com\/actualites\/"},{"@type":"ListItem","position":2,"name":"Le gouvernement \u0153uvrera \u00e0 la cons\u00e9cration de la libert\u00e9 de la presse et d&#039;expression"}]},{"@type":"WebSite","@id":"https:\/\/www.info-algerie.com\/actualites\/#website","url":"https:\/\/www.info-algerie.com\/actualites\/","name":"info algerie","description":"Toutes les actualit\u00e9s","publisher":{"@id":"https:\/\/www.info-algerie.com\/actualites\/#organization"},"potentialAction":[{"@type":"SearchAction","target":{"@type":"EntryPoint","urlTemplate":"https:\/\/www.info-algerie.com\/actualites\/?s={search_term_string}"},"query-input":{"@type":"PropertyValueSpecification","valueRequired":true,"valueName":"search_term_string"}}],"inLanguage":"fr-FR"},{"@type":"Organization","@id":"https:\/\/www.info-algerie.com\/actualites\/#organization","name":"info algerie","url":"https:\/\/www.info-algerie.com\/actualites\/","logo":{"@type":"ImageObject","inLanguage":"fr-FR","@id":"https:\/\/www.info-algerie.com\/actualites\/#\/schema\/logo\/image\/","url":"https:\/\/www.info-algerie.com\/actualites\/wp-content\/uploads\/2022\/07\/logo-ia-120.png","contentUrl":"https:\/\/www.info-algerie.com\/actualites\/wp-content\/uploads\/2022\/07\/logo-ia-120.png","width":120,"height":43,"caption":"info algerie"},"image":{"@id":"https:\/\/www.info-algerie.com\/actualites\/#\/schema\/logo\/image\/"},"sameAs":["https:\/\/www.facebook.com\/infoalgerieactu","https:\/\/x.com\/infoalgerie1"]},{"@type":"Person","@id":"https:\/\/www.info-algerie.com\/actualites\/#\/schema\/person\/847aaec44920825b843a08f30ec6aa1e","name":"La r\u00e9daction","image":{"@type":"ImageObject","inLanguage":"fr-FR","@id":"https:\/\/secure.gravatar.com\/avatar\/769db425c6f465158149f1ffd6cf61ce7a8a879d11dfbef8288af36dfddd418c?s=96&d=mm&r=g","url":"https:\/\/secure.gravatar.com\/avatar\/769db425c6f465158149f1ffd6cf61ce7a8a879d11dfbef8288af36dfddd418c?s=96&d=mm&r=g","contentUrl":"https:\/\/secure.gravatar.com\/avatar\/769db425c6f465158149f1ffd6cf61ce7a8a879d11dfbef8288af36dfddd418c?s=96&d=mm&r=g","caption":"La r\u00e9daction"},"sameAs":["http:\/\/www.lkeria.com\/"],"url":"https:\/\/www.info-algerie.com\/actualites\/author\/chakib32\/"}]}},"_links":{"self":[{"href":"https:\/\/www.info-algerie.com\/actualites\/wp-json\/wp\/v2\/posts\/13439","targetHints":{"allow":["GET"]}}],"collection":[{"href":"https:\/\/www.info-algerie.com\/actualites\/wp-json\/wp\/v2\/posts"}],"about":[{"href":"https:\/\/www.info-algerie.com\/actualites\/wp-json\/wp\/v2\/types\/post"}],"author":[{"embeddable":true,"href":"https:\/\/www.info-algerie.com\/actualites\/wp-json\/wp\/v2\/users\/6"}],"replies":[{"embeddable":true,"href":"https:\/\/www.info-algerie.com\/actualites\/wp-json\/wp\/v2\/comments?post=13439"}],"version-history":[{"count":0,"href":"https:\/\/www.info-algerie.com\/actualites\/wp-json\/wp\/v2\/posts\/13439\/revisions"}],"wp:featuredmedia":[{"embeddable":true,"href":"https:\/\/www.info-algerie.com\/actualites\/wp-json\/wp\/v2\/media\/13440"}],"wp:attachment":[{"href":"https:\/\/www.info-algerie.com\/actualites\/wp-json\/wp\/v2\/media?parent=13439"}],"wp:term":[{"taxonomy":"category","embeddable":true,"href":"https:\/\/www.info-algerie.com\/actualites\/wp-json\/wp\/v2\/categories?post=13439"},{"taxonomy":"post_tag","embeddable":true,"href":"https:\/\/www.info-algerie.com\/actualites\/wp-json\/wp\/v2\/tags?post=13439"}],"curies":[{"name":"wp","href":"https:\/\/api.w.org\/{rel}","templated":true}]}}