{"id":13448,"date":"2017-06-21T18:25:36","date_gmt":"2017-06-21T17:25:36","guid":{"rendered":"http:\/\/www.info-algerie.com\/actualites\/imperatif-de-la-formation-pour-faire-face-aux-nouveaux-enjeux-du-secteur-de-leducation\/"},"modified":"2017-06-21T18:25:36","modified_gmt":"2017-06-21T17:25:36","slug":"imperatif-de-la-formation-pour-faire-face-aux-nouveaux-enjeux-du-secteur-de-leducation","status":"publish","type":"post","link":"https:\/\/www.info-algerie.com\/actualites\/imperatif-de-la-formation-pour-faire-face-aux-nouveaux-enjeux-du-secteur-de-leducation\/","title":{"rendered":"Imp\u00e9ratif de la formation pour faire face aux nouveaux enjeux du secteur de l\u2019\u00e9ducation"},"content":{"rendered":"<div class=\"K2FeedImage\"><img decoding=\"async\" src=\"https:\/\/www.info-algerie.com\/actualites\/wp-content\/uploads\/2017\/06\/073519170723d165aa3bd8baa23ee918_S.jpg\" alt=\"Imp&#xE9;ratif de la formation pour faire face aux nouveaux enjeux du secteur de l&#x2019;&#xE9;ducation\" \/><\/div>\n<div class=\"K2FeedIntroText\">\n<p>BLIDA &#8211; La ministre de l&rsquo;Education nationale, Nouria Benghebrit, a affirm\u00e9, mercredi \u00e0 partir de Blida, l\u2019imp\u00e9ratif de la formation pour faire face aux nouveaux enjeux du secteur de l\u2019\u00e9ducation nationale, et mettre l\u2019\u00e9cole au diapason des nouvelles exigences exprim\u00e9es dans la soci\u00e9t\u00e9.<\/p>\n<p>&#013;\n<\/p><\/div>\n<div class=\"K2FeedFullText\">&#013;<\/p>\n<p>Le secteur fait face \u00e0 de nouveaux enjeux n\u00e9cessitant des actions de mise \u00e0 niveau, au vue des mutations mondiales en cours, requ\u00e9rant de notre part d\u2019axer sur la formation pour \u00eatre au diapason des nouvelles exigences exprim\u00e9es dans la soci\u00e9t\u00e9 a soulign\u00e9 Mme Benghebrit, dans son allocution \u00e0 une rencontre de formation des inspecteurs, qui encadreront la formation des nouveaux enseignants \u00e0 l\u2019Institut national de formation des personnels de l&rsquo;\u00e9ducation (INFPE).<\/p>\n<p>&#013;<\/p>\n<p>D\u2019o\u00f9 la place d\u00e9volue \u00e0 la formation dans les programmes \u00e9labor\u00e9s, par la tutelle, en vue de l\u2019am\u00e9lioration du rendement de l\u2019Ecole, a-t-elle ajout\u00e9, par la r\u00e9alisation de la valise p\u00e9dagogique, qui va accompagner les nouveaux enseignants, parall\u00e8lement \u00e0 l\u2019organisation programm\u00e9e, durant les prochaines semaines \u00e0 travers diff\u00e9rentes wilayas, de sessions de formation.<\/p>\n<p>&#013;<\/p>\n<p>La valise p\u00e9dagogique en question contient de nombreux supports englobant diff\u00e9rents domaines de connaissance, en relation avec les comp\u00e9tences et aptitudes professionnelles de l\u2019enseignant, a signal\u00e9 la ministre, informant, en outre, qu\u2019il s\u2019agit l\u00e0 du fruit d\u2019un travail collectif, dans lequel les inspecteurs ont ax\u00e9 sur la n\u00e9cessit\u00e9 de conformer son contenu avec les textes officiels en vigueur, ainsi que les exigences du terrain.<\/p>\n<p>&#013;<\/p>\n<p>Mme Benghebrit a, \u00e9galement, plaid\u00e9, \u00e0 l\u2019occasion, pour la n\u00e9cessit\u00e9, pour l\u2019enseignant, de se conformer \u00e0 la d\u00e9ontologie professionnelle, et d\u2019\u00eatre un mod\u00e8le pour ses \u00e9l\u00e8ves et la soci\u00e9t\u00e9, en g\u00e9n\u00e9ral, dans le respect de la personnalit\u00e9 de chaque enfant et des lois en vigueur, et loin de toute violence.<\/p>\n<p>&#013;<\/p>\n<p>Elle a, aussi, appel\u00e9 les inspecteurs en formation \u00e0 ancrer chez les nouveaux enseignants le principe d\u2019\u00e9galit\u00e9 des chances avec leurs \u00e9l\u00e8ves.<\/p>\n<p>&#013;<\/p>\n<p>La ministre de l&rsquo;Education nationale a fait part de l\u2019organisation, en cours, dans de nombreuses wilayas, de sessions de formation similaires, visant, selon elle, l\u2019orientation des ressources humaines dans l\u2019\u00e9ducation, afin d\u2019en faire des mod\u00e8les en mati\u00e8re de pratiques professionnelles \u00e9clair\u00e9es, non sans souligner la d\u00e9termination de la tutelle \u00e0 faire du syst\u00e8me \u00e9ducatif alg\u00e9rien un syst\u00e8me efficient, qui va consacrer le d\u00e9fi de la qualit\u00e9.<\/p>\n<p>&#013;<\/p>\n<p>Les participants \u00e0 cette session de formation sont appel\u00e9s \u00e0 encadrer la formation, durant les mois de juillet et ao\u00fbt prochains, des enseignants qui seront re\u00e7us au concours du 29 juin courant, pour le recrutement d\u2019enseignants.<\/p>\n<p>&#013;<\/p>\n<p class=\"MsoNormal\">Avant de prendre part \u00e0 cette rencontre de formation lanc\u00e9e hier pour prendre fin aujourd\u2019hui, la ministre a donn\u00e9 le coup d\u2019envoi de la semaine scolaire au lyc\u00e9e Douid Larbi de Beni Tamou, o\u00f9 elle a visit\u00e9 une exposition r\u00e9alis\u00e9e par les \u00e9l\u00e8ves, avant d\u2019assister a des chants et une repr\u00e9sentation th\u00e9\u00e2trale.<\/p>\n<\/div>\n<p>&#013;<br \/>\nSource: <a href=\"http:\/\/www.aps.dz\/algerie\/59266-imperatif-de-la-formation-pour-faire-face-aux-nouveaux-enjeux-du-secteur-de-l-education\" target=\"_blank\">Imp\u00e9ratif de la formation pour faire face aux nouveaux enjeux du secteur de l\u2019\u00e9ducation<\/a><\/p>\n<!--CusAds0-->\n<div style=\"font-size: 0px; height: 0px; line-height: 0px; margin: 0; padding: 0; clear: both;\"><\/div>","protected":false},"excerpt":{"rendered":"<p>BLIDA &#8211; La ministre de l&rsquo;Education nationale, Nouria Benghebrit, a affirm\u00e9, mercredi \u00e0 partir de Blida, l\u2019imp\u00e9ratif de la formation pour faire face aux nouveaux enjeux du secteur de l\u2019\u00e9ducation nationale, et mettre l\u2019\u00e9cole au diapason des nouvelles exigences exprim\u00e9es dans la soci\u00e9t\u00e9. &#013; &#013; Le secteur fait face \u00e0 de nouveaux enjeux n\u00e9cessitant des<\/p>\n","protected":false},"author":6,"featured_media":13449,"comment_status":"open","ping_status":"open","sticky":false,"template":"","format":"standard","meta":{"footnotes":""},"categories":[22],"tags":[93],"class_list":["post-13448","post","type-post","status-publish","format-standard","has-post-thumbnail","hentry","category-infos","tag-onu"],"yoast_head":"<!-- This site is optimized with the Yoast SEO plugin v27.5 - https:\/\/yoast.com\/product\/yoast-seo-wordpress\/ -->\n<title>Imp\u00e9ratif de la formation pour faire face aux nouveaux enjeux du secteur de l\u2019\u00e9ducation - info algerie<\/title>\n<meta name=\"robots\" content=\"index, follow, max-snippet:-1, max-image-preview:large, max-video-preview:-1\" \/>\n<link rel=\"canonical\" href=\"https:\/\/www.info-algerie.com\/actualites\/imperatif-de-la-formation-pour-faire-face-aux-nouveaux-enjeux-du-secteur-de-leducation\/\" \/>\n<meta property=\"og:locale\" content=\"fr_FR\" \/>\n<meta property=\"og:type\" content=\"article\" \/>\n<meta property=\"og:title\" content=\"Imp\u00e9ratif de la formation pour faire face aux nouveaux enjeux du secteur de l\u2019\u00e9ducation - info algerie\" \/>\n<meta property=\"og:description\" content=\"BLIDA &#8211; La ministre de l&rsquo;Education nationale, Nouria Benghebrit, a affirm\u00e9, mercredi \u00e0 partir de Blida, l\u2019imp\u00e9ratif de la formation pour faire face aux nouveaux enjeux du secteur de l\u2019\u00e9ducation nationale, et mettre l\u2019\u00e9cole au diapason des nouvelles exigences exprim\u00e9es dans la soci\u00e9t\u00e9. &#013; &#013; Le secteur fait face \u00e0 de nouveaux enjeux n\u00e9cessitant des\" \/>\n<meta property=\"og:url\" content=\"https:\/\/www.info-algerie.com\/actualites\/imperatif-de-la-formation-pour-faire-face-aux-nouveaux-enjeux-du-secteur-de-leducation\/\" \/>\n<meta property=\"og:site_name\" content=\"info algerie\" \/>\n<meta property=\"article:publisher\" content=\"https:\/\/www.facebook.com\/infoalgerieactu\" \/>\n<meta property=\"article:published_time\" content=\"2017-06-21T17:25:36+00:00\" \/>\n<meta property=\"og:image\" content=\"https:\/\/www.info-algerie.com\/actualites\/wp-content\/uploads\/2017\/06\/073519170723d165aa3bd8baa23ee918_S-1.jpg\" \/>\n\t<meta property=\"og:image:width\" content=\"280\" \/>\n\t<meta property=\"og:image:height\" content=\"169\" \/>\n\t<meta property=\"og:image:type\" content=\"image\/jpeg\" \/>\n<meta name=\"author\" content=\"La r\u00e9daction\" \/>\n<meta name=\"twitter:label1\" content=\"\u00c9crit par\" \/>\n\t<meta name=\"twitter:data1\" content=\"La r\u00e9daction\" \/>\n\t<meta name=\"twitter:label2\" content=\"Dur\u00e9e de lecture estim\u00e9e\" \/>\n\t<meta name=\"twitter:data2\" content=\"3 minutes\" \/>\n<script type=\"application\/ld+json\" class=\"yoast-schema-graph\">{\"@context\":\"https:\\\/\\\/schema.org\",\"@graph\":[{\"@type\":\"Article\",\"@id\":\"https:\\\/\\\/www.info-algerie.com\\\/actualites\\\/imperatif-de-la-formation-pour-faire-face-aux-nouveaux-enjeux-du-secteur-de-leducation\\\/#article\",\"isPartOf\":{\"@id\":\"https:\\\/\\\/www.info-algerie.com\\\/actualites\\\/imperatif-de-la-formation-pour-faire-face-aux-nouveaux-enjeux-du-secteur-de-leducation\\\/\"},\"author\":{\"name\":\"La r\u00e9daction\",\"@id\":\"https:\\\/\\\/www.info-algerie.com\\\/actualites\\\/#\\\/schema\\\/person\\\/847aaec44920825b843a08f30ec6aa1e\"},\"headline\":\"Imp\u00e9ratif de la formation pour faire face aux nouveaux enjeux du secteur de l\u2019\u00e9ducation\",\"datePublished\":\"2017-06-21T17:25:36+00:00\",\"mainEntityOfPage\":{\"@id\":\"https:\\\/\\\/www.info-algerie.com\\\/actualites\\\/imperatif-de-la-formation-pour-faire-face-aux-nouveaux-enjeux-du-secteur-de-leducation\\\/\"},\"wordCount\":548,\"commentCount\":0,\"publisher\":{\"@id\":\"https:\\\/\\\/www.info-algerie.com\\\/actualites\\\/#organization\"},\"image\":{\"@id\":\"https:\\\/\\\/www.info-algerie.com\\\/actualites\\\/imperatif-de-la-formation-pour-faire-face-aux-nouveaux-enjeux-du-secteur-de-leducation\\\/#primaryimage\"},\"thumbnailUrl\":\"https:\\\/\\\/www.info-algerie.com\\\/actualites\\\/wp-content\\\/uploads\\\/2017\\\/06\\\/073519170723d165aa3bd8baa23ee918_S-1.jpg\",\"keywords\":[\"ONU\"],\"articleSection\":[\"infos\"],\"inLanguage\":\"fr-FR\",\"potentialAction\":[{\"@type\":\"CommentAction\",\"name\":\"Comment\",\"target\":[\"https:\\\/\\\/www.info-algerie.com\\\/actualites\\\/imperatif-de-la-formation-pour-faire-face-aux-nouveaux-enjeux-du-secteur-de-leducation\\\/#respond\"]}]},{\"@type\":\"WebPage\",\"@id\":\"https:\\\/\\\/www.info-algerie.com\\\/actualites\\\/imperatif-de-la-formation-pour-faire-face-aux-nouveaux-enjeux-du-secteur-de-leducation\\\/\",\"url\":\"https:\\\/\\\/www.info-algerie.com\\\/actualites\\\/imperatif-de-la-formation-pour-faire-face-aux-nouveaux-enjeux-du-secteur-de-leducation\\\/\",\"name\":\"Imp\u00e9ratif de la formation pour faire face aux nouveaux enjeux du secteur de l\u2019\u00e9ducation - info algerie\",\"isPartOf\":{\"@id\":\"https:\\\/\\\/www.info-algerie.com\\\/actualites\\\/#website\"},\"primaryImageOfPage\":{\"@id\":\"https:\\\/\\\/www.info-algerie.com\\\/actualites\\\/imperatif-de-la-formation-pour-faire-face-aux-nouveaux-enjeux-du-secteur-de-leducation\\\/#primaryimage\"},\"image\":{\"@id\":\"https:\\\/\\\/www.info-algerie.com\\\/actualites\\\/imperatif-de-la-formation-pour-faire-face-aux-nouveaux-enjeux-du-secteur-de-leducation\\\/#primaryimage\"},\"thumbnailUrl\":\"https:\\\/\\\/www.info-algerie.com\\\/actualites\\\/wp-content\\\/uploads\\\/2017\\\/06\\\/073519170723d165aa3bd8baa23ee918_S-1.jpg\",\"datePublished\":\"2017-06-21T17:25:36+00:00\",\"breadcrumb\":{\"@id\":\"https:\\\/\\\/www.info-algerie.com\\\/actualites\\\/imperatif-de-la-formation-pour-faire-face-aux-nouveaux-enjeux-du-secteur-de-leducation\\\/#breadcrumb\"},\"inLanguage\":\"fr-FR\",\"potentialAction\":[{\"@type\":\"ReadAction\",\"target\":[\"https:\\\/\\\/www.info-algerie.com\\\/actualites\\\/imperatif-de-la-formation-pour-faire-face-aux-nouveaux-enjeux-du-secteur-de-leducation\\\/\"]}]},{\"@type\":\"ImageObject\",\"inLanguage\":\"fr-FR\",\"@id\":\"https:\\\/\\\/www.info-algerie.com\\\/actualites\\\/imperatif-de-la-formation-pour-faire-face-aux-nouveaux-enjeux-du-secteur-de-leducation\\\/#primaryimage\",\"url\":\"https:\\\/\\\/www.info-algerie.com\\\/actualites\\\/wp-content\\\/uploads\\\/2017\\\/06\\\/073519170723d165aa3bd8baa23ee918_S-1.jpg\",\"contentUrl\":\"https:\\\/\\\/www.info-algerie.com\\\/actualites\\\/wp-content\\\/uploads\\\/2017\\\/06\\\/073519170723d165aa3bd8baa23ee918_S-1.jpg\",\"width\":280,\"height\":169},{\"@type\":\"BreadcrumbList\",\"@id\":\"https:\\\/\\\/www.info-algerie.com\\\/actualites\\\/imperatif-de-la-formation-pour-faire-face-aux-nouveaux-enjeux-du-secteur-de-leducation\\\/#breadcrumb\",\"itemListElement\":[{\"@type\":\"ListItem\",\"position\":1,\"name\":\"Accueil\",\"item\":\"https:\\\/\\\/www.info-algerie.com\\\/actualites\\\/\"},{\"@type\":\"ListItem\",\"position\":2,\"name\":\"Imp\u00e9ratif de la formation pour faire face aux nouveaux enjeux du secteur de l\u2019\u00e9ducation\"}]},{\"@type\":\"WebSite\",\"@id\":\"https:\\\/\\\/www.info-algerie.com\\\/actualites\\\/#website\",\"url\":\"https:\\\/\\\/www.info-algerie.com\\\/actualites\\\/\",\"name\":\"info algerie\",\"description\":\"Toutes les actualit\u00e9s\",\"publisher\":{\"@id\":\"https:\\\/\\\/www.info-algerie.com\\\/actualites\\\/#organization\"},\"potentialAction\":[{\"@type\":\"SearchAction\",\"target\":{\"@type\":\"EntryPoint\",\"urlTemplate\":\"https:\\\/\\\/www.info-algerie.com\\\/actualites\\\/?s={search_term_string}\"},\"query-input\":{\"@type\":\"PropertyValueSpecification\",\"valueRequired\":true,\"valueName\":\"search_term_string\"}}],\"inLanguage\":\"fr-FR\"},{\"@type\":\"Organization\",\"@id\":\"https:\\\/\\\/www.info-algerie.com\\\/actualites\\\/#organization\",\"name\":\"info algerie\",\"url\":\"https:\\\/\\\/www.info-algerie.com\\\/actualites\\\/\",\"logo\":{\"@type\":\"ImageObject\",\"inLanguage\":\"fr-FR\",\"@id\":\"https:\\\/\\\/www.info-algerie.com\\\/actualites\\\/#\\\/schema\\\/logo\\\/image\\\/\",\"url\":\"https:\\\/\\\/www.info-algerie.com\\\/actualites\\\/wp-content\\\/uploads\\\/2022\\\/07\\\/logo-ia-120.png\",\"contentUrl\":\"https:\\\/\\\/www.info-algerie.com\\\/actualites\\\/wp-content\\\/uploads\\\/2022\\\/07\\\/logo-ia-120.png\",\"width\":120,\"height\":43,\"caption\":\"info algerie\"},\"image\":{\"@id\":\"https:\\\/\\\/www.info-algerie.com\\\/actualites\\\/#\\\/schema\\\/logo\\\/image\\\/\"},\"sameAs\":[\"https:\\\/\\\/www.facebook.com\\\/infoalgerieactu\",\"https:\\\/\\\/x.com\\\/infoalgerie1\"]},{\"@type\":\"Person\",\"@id\":\"https:\\\/\\\/www.info-algerie.com\\\/actualites\\\/#\\\/schema\\\/person\\\/847aaec44920825b843a08f30ec6aa1e\",\"name\":\"La r\u00e9daction\",\"image\":{\"@type\":\"ImageObject\",\"inLanguage\":\"fr-FR\",\"@id\":\"https:\\\/\\\/secure.gravatar.com\\\/avatar\\\/769db425c6f465158149f1ffd6cf61ce7a8a879d11dfbef8288af36dfddd418c?s=96&d=mm&r=g\",\"url\":\"https:\\\/\\\/secure.gravatar.com\\\/avatar\\\/769db425c6f465158149f1ffd6cf61ce7a8a879d11dfbef8288af36dfddd418c?s=96&d=mm&r=g\",\"contentUrl\":\"https:\\\/\\\/secure.gravatar.com\\\/avatar\\\/769db425c6f465158149f1ffd6cf61ce7a8a879d11dfbef8288af36dfddd418c?s=96&d=mm&r=g\",\"caption\":\"La r\u00e9daction\"},\"sameAs\":[\"http:\\\/\\\/www.lkeria.com\\\/\"],\"url\":\"https:\\\/\\\/www.info-algerie.com\\\/actualites\\\/author\\\/chakib32\\\/\"}]}<\/script>\n<!-- \/ Yoast SEO plugin. -->","yoast_head_json":{"title":"Imp\u00e9ratif de la formation pour faire face aux nouveaux enjeux du secteur de l\u2019\u00e9ducation - info algerie","robots":{"index":"index","follow":"follow","max-snippet":"max-snippet:-1","max-image-preview":"max-image-preview:large","max-video-preview":"max-video-preview:-1"},"canonical":"https:\/\/www.info-algerie.com\/actualites\/imperatif-de-la-formation-pour-faire-face-aux-nouveaux-enjeux-du-secteur-de-leducation\/","og_locale":"fr_FR","og_type":"article","og_title":"Imp\u00e9ratif de la formation pour faire face aux nouveaux enjeux du secteur de l\u2019\u00e9ducation - info algerie","og_description":"BLIDA &#8211; La ministre de l&rsquo;Education nationale, Nouria Benghebrit, a affirm\u00e9, mercredi \u00e0 partir de Blida, l\u2019imp\u00e9ratif de la formation pour faire face aux nouveaux enjeux du secteur de l\u2019\u00e9ducation nationale, et mettre l\u2019\u00e9cole au diapason des nouvelles exigences exprim\u00e9es dans la soci\u00e9t\u00e9. &#013; &#013; Le secteur fait face \u00e0 de nouveaux enjeux n\u00e9cessitant des","og_url":"https:\/\/www.info-algerie.com\/actualites\/imperatif-de-la-formation-pour-faire-face-aux-nouveaux-enjeux-du-secteur-de-leducation\/","og_site_name":"info algerie","article_publisher":"https:\/\/www.facebook.com\/infoalgerieactu","article_published_time":"2017-06-21T17:25:36+00:00","og_image":[{"width":280,"height":169,"url":"https:\/\/www.info-algerie.com\/actualites\/wp-content\/uploads\/2017\/06\/073519170723d165aa3bd8baa23ee918_S-1.jpg","type":"image\/jpeg"}],"author":"La r\u00e9daction","twitter_misc":{"\u00c9crit par":"La r\u00e9daction","Dur\u00e9e de lecture estim\u00e9e":"3 minutes"},"schema":{"@context":"https:\/\/schema.org","@graph":[{"@type":"Article","@id":"https:\/\/www.info-algerie.com\/actualites\/imperatif-de-la-formation-pour-faire-face-aux-nouveaux-enjeux-du-secteur-de-leducation\/#article","isPartOf":{"@id":"https:\/\/www.info-algerie.com\/actualites\/imperatif-de-la-formation-pour-faire-face-aux-nouveaux-enjeux-du-secteur-de-leducation\/"},"author":{"name":"La r\u00e9daction","@id":"https:\/\/www.info-algerie.com\/actualites\/#\/schema\/person\/847aaec44920825b843a08f30ec6aa1e"},"headline":"Imp\u00e9ratif de la formation pour faire face aux nouveaux enjeux du secteur de l\u2019\u00e9ducation","datePublished":"2017-06-21T17:25:36+00:00","mainEntityOfPage":{"@id":"https:\/\/www.info-algerie.com\/actualites\/imperatif-de-la-formation-pour-faire-face-aux-nouveaux-enjeux-du-secteur-de-leducation\/"},"wordCount":548,"commentCount":0,"publisher":{"@id":"https:\/\/www.info-algerie.com\/actualites\/#organization"},"image":{"@id":"https:\/\/www.info-algerie.com\/actualites\/imperatif-de-la-formation-pour-faire-face-aux-nouveaux-enjeux-du-secteur-de-leducation\/#primaryimage"},"thumbnailUrl":"https:\/\/www.info-algerie.com\/actualites\/wp-content\/uploads\/2017\/06\/073519170723d165aa3bd8baa23ee918_S-1.jpg","keywords":["ONU"],"articleSection":["infos"],"inLanguage":"fr-FR","potentialAction":[{"@type":"CommentAction","name":"Comment","target":["https:\/\/www.info-algerie.com\/actualites\/imperatif-de-la-formation-pour-faire-face-aux-nouveaux-enjeux-du-secteur-de-leducation\/#respond"]}]},{"@type":"WebPage","@id":"https:\/\/www.info-algerie.com\/actualites\/imperatif-de-la-formation-pour-faire-face-aux-nouveaux-enjeux-du-secteur-de-leducation\/","url":"https:\/\/www.info-algerie.com\/actualites\/imperatif-de-la-formation-pour-faire-face-aux-nouveaux-enjeux-du-secteur-de-leducation\/","name":"Imp\u00e9ratif de la formation pour faire face aux nouveaux enjeux du secteur de l\u2019\u00e9ducation - info algerie","isPartOf":{"@id":"https:\/\/www.info-algerie.com\/actualites\/#website"},"primaryImageOfPage":{"@id":"https:\/\/www.info-algerie.com\/actualites\/imperatif-de-la-formation-pour-faire-face-aux-nouveaux-enjeux-du-secteur-de-leducation\/#primaryimage"},"image":{"@id":"https:\/\/www.info-algerie.com\/actualites\/imperatif-de-la-formation-pour-faire-face-aux-nouveaux-enjeux-du-secteur-de-leducation\/#primaryimage"},"thumbnailUrl":"https:\/\/www.info-algerie.com\/actualites\/wp-content\/uploads\/2017\/06\/073519170723d165aa3bd8baa23ee918_S-1.jpg","datePublished":"2017-06-21T17:25:36+00:00","breadcrumb":{"@id":"https:\/\/www.info-algerie.com\/actualites\/imperatif-de-la-formation-pour-faire-face-aux-nouveaux-enjeux-du-secteur-de-leducation\/#breadcrumb"},"inLanguage":"fr-FR","potentialAction":[{"@type":"ReadAction","target":["https:\/\/www.info-algerie.com\/actualites\/imperatif-de-la-formation-pour-faire-face-aux-nouveaux-enjeux-du-secteur-de-leducation\/"]}]},{"@type":"ImageObject","inLanguage":"fr-FR","@id":"https:\/\/www.info-algerie.com\/actualites\/imperatif-de-la-formation-pour-faire-face-aux-nouveaux-enjeux-du-secteur-de-leducation\/#primaryimage","url":"https:\/\/www.info-algerie.com\/actualites\/wp-content\/uploads\/2017\/06\/073519170723d165aa3bd8baa23ee918_S-1.jpg","contentUrl":"https:\/\/www.info-algerie.com\/actualites\/wp-content\/uploads\/2017\/06\/073519170723d165aa3bd8baa23ee918_S-1.jpg","width":280,"height":169},{"@type":"BreadcrumbList","@id":"https:\/\/www.info-algerie.com\/actualites\/imperatif-de-la-formation-pour-faire-face-aux-nouveaux-enjeux-du-secteur-de-leducation\/#breadcrumb","itemListElement":[{"@type":"ListItem","position":1,"name":"Accueil","item":"https:\/\/www.info-algerie.com\/actualites\/"},{"@type":"ListItem","position":2,"name":"Imp\u00e9ratif de la formation pour faire face aux nouveaux enjeux du secteur de l\u2019\u00e9ducation"}]},{"@type":"WebSite","@id":"https:\/\/www.info-algerie.com\/actualites\/#website","url":"https:\/\/www.info-algerie.com\/actualites\/","name":"info algerie","description":"Toutes les actualit\u00e9s","publisher":{"@id":"https:\/\/www.info-algerie.com\/actualites\/#organization"},"potentialAction":[{"@type":"SearchAction","target":{"@type":"EntryPoint","urlTemplate":"https:\/\/www.info-algerie.com\/actualites\/?s={search_term_string}"},"query-input":{"@type":"PropertyValueSpecification","valueRequired":true,"valueName":"search_term_string"}}],"inLanguage":"fr-FR"},{"@type":"Organization","@id":"https:\/\/www.info-algerie.com\/actualites\/#organization","name":"info algerie","url":"https:\/\/www.info-algerie.com\/actualites\/","logo":{"@type":"ImageObject","inLanguage":"fr-FR","@id":"https:\/\/www.info-algerie.com\/actualites\/#\/schema\/logo\/image\/","url":"https:\/\/www.info-algerie.com\/actualites\/wp-content\/uploads\/2022\/07\/logo-ia-120.png","contentUrl":"https:\/\/www.info-algerie.com\/actualites\/wp-content\/uploads\/2022\/07\/logo-ia-120.png","width":120,"height":43,"caption":"info algerie"},"image":{"@id":"https:\/\/www.info-algerie.com\/actualites\/#\/schema\/logo\/image\/"},"sameAs":["https:\/\/www.facebook.com\/infoalgerieactu","https:\/\/x.com\/infoalgerie1"]},{"@type":"Person","@id":"https:\/\/www.info-algerie.com\/actualites\/#\/schema\/person\/847aaec44920825b843a08f30ec6aa1e","name":"La r\u00e9daction","image":{"@type":"ImageObject","inLanguage":"fr-FR","@id":"https:\/\/secure.gravatar.com\/avatar\/769db425c6f465158149f1ffd6cf61ce7a8a879d11dfbef8288af36dfddd418c?s=96&d=mm&r=g","url":"https:\/\/secure.gravatar.com\/avatar\/769db425c6f465158149f1ffd6cf61ce7a8a879d11dfbef8288af36dfddd418c?s=96&d=mm&r=g","contentUrl":"https:\/\/secure.gravatar.com\/avatar\/769db425c6f465158149f1ffd6cf61ce7a8a879d11dfbef8288af36dfddd418c?s=96&d=mm&r=g","caption":"La r\u00e9daction"},"sameAs":["http:\/\/www.lkeria.com\/"],"url":"https:\/\/www.info-algerie.com\/actualites\/author\/chakib32\/"}]}},"_links":{"self":[{"href":"https:\/\/www.info-algerie.com\/actualites\/wp-json\/wp\/v2\/posts\/13448","targetHints":{"allow":["GET"]}}],"collection":[{"href":"https:\/\/www.info-algerie.com\/actualites\/wp-json\/wp\/v2\/posts"}],"about":[{"href":"https:\/\/www.info-algerie.com\/actualites\/wp-json\/wp\/v2\/types\/post"}],"author":[{"embeddable":true,"href":"https:\/\/www.info-algerie.com\/actualites\/wp-json\/wp\/v2\/users\/6"}],"replies":[{"embeddable":true,"href":"https:\/\/www.info-algerie.com\/actualites\/wp-json\/wp\/v2\/comments?post=13448"}],"version-history":[{"count":0,"href":"https:\/\/www.info-algerie.com\/actualites\/wp-json\/wp\/v2\/posts\/13448\/revisions"}],"wp:featuredmedia":[{"embeddable":true,"href":"https:\/\/www.info-algerie.com\/actualites\/wp-json\/wp\/v2\/media\/13449"}],"wp:attachment":[{"href":"https:\/\/www.info-algerie.com\/actualites\/wp-json\/wp\/v2\/media?parent=13448"}],"wp:term":[{"taxonomy":"category","embeddable":true,"href":"https:\/\/www.info-algerie.com\/actualites\/wp-json\/wp\/v2\/categories?post=13448"},{"taxonomy":"post_tag","embeddable":true,"href":"https:\/\/www.info-algerie.com\/actualites\/wp-json\/wp\/v2\/tags?post=13448"}],"curies":[{"name":"wp","href":"https:\/\/api.w.org\/{rel}","templated":true}]}}