{"id":13456,"date":"2017-06-22T09:16:43","date_gmt":"2017-06-22T08:16:43","guid":{"rendered":"http:\/\/www.info-algerie.com\/actualites\/des-ong-denoncent-des-violations-des-droits-de-lhomme-par-les-autorites-marocaines-dans-la-region-du-rif\/"},"modified":"2017-06-22T09:16:43","modified_gmt":"2017-06-22T08:16:43","slug":"des-ong-denoncent-des-violations-des-droits-de-lhomme-par-les-autorites-marocaines-dans-la-region-du-rif","status":"publish","type":"post","link":"https:\/\/www.info-algerie.com\/actualites\/des-ong-denoncent-des-violations-des-droits-de-lhomme-par-les-autorites-marocaines-dans-la-region-du-rif\/","title":{"rendered":"Des ONG d\u00e9noncent des &quot;violations des droits de l&#039;Homme&quot; par les autorit\u00e9s marocaines dans la r\u00e9gion du Rif"},"content":{"rendered":"<div class=\"K2FeedImage\"><img decoding=\"async\" src=\"https:\/\/www.info-algerie.com\/actualites\/wp-content\/uploads\/2017\/06\/53ecaeab35fa956dae6ab5c922a8c16f_S.jpg\" \/><\/div>\n<div class=\"K2FeedIntroText\">\n<p class=\"MsoNoSpacing\">RABAT- Des associations ont d\u00e9nonc\u00e9 mercredi la \u00ab\u00a0r\u00e9pression\u00a0\u00bb et les \u00ab\u00a0violations des droits de l&rsquo;Homme\u00a0\u00bb par les autorit\u00e9s marocaines dans la r\u00e9gion du Rif, th\u00e9\u00e2tre depuis des mois de manifestations conduite par le \u00ab\u00a0hirak\u00a0\u00bb, le mouvement de contestation populaire et pacifique.<\/p>\n<p>&#013;\n<\/p><\/div>\n<div class=\"K2FeedFullText\">&#013;<\/p>\n<p class=\"MsoNoSpacing\">La coalition marocaine des droits de l&rsquo;Homme, qui rassemble 22 associations, a, dans un rapport, \u00e9pingl\u00e9 les autorit\u00e9s marocaines pour les arrestations \u00ab\u00a0abusives\u00a0\u00bb et les cas de \u00ab\u00a0torture\u00a0\u00bb \u00e0 Al-Hoce\u00efma.<\/p>\n<p>&#013;<\/p>\n<p class=\"MsoNoSpacing\">Plus d&rsquo;une centaine de personnes ont \u00e9t\u00e9 interpell\u00e9es depuis fin mai \u00e0 Al-Hoce\u00efma, dans une vague d&rsquo;arrestations visant le noyau dur d&rsquo;un mouvement de contestation populaire r\u00e9clamant depuis des mois le d\u00e9veloppement du Rif.<\/p>\n<p>&#013;<\/p>\n<p class=\"MsoNoSpacing\">Ces principaux meneurs du \u00ab\u00a0hirak\u00a0\u00bb (la mouvance, nom donn\u00e9 au mouvement\u00a0 localement), dont son leader Nasser Zefzafi, ont \u00e9t\u00e9 emprisonn\u00e9s \u00e0 Casablanca et sont accus\u00e9s notamment \u00ab\u00a0d&rsquo;atteinte \u00e0 la s\u00e9curit\u00e9 int\u00e9rieure\u00a0\u00bb.<\/p>\n<p>&#013;<\/p>\n<p class=\"MsoNoSpacing\">Cinq d&rsquo;entre eux, parmi lesquels Zefzafi et Nabil Ahamjik, protestent contre leurs conditions de d\u00e9tention et ont menac\u00e9 d&rsquo;entamer une gr\u00e8ve de la faim de trois jours, selon leurs avocats.<\/p>\n<p>&#013;<\/p>\n<p class=\"MsoNoSpacing\">La coalition, qui a r\u00e9cemment entam\u00e9 une mission \u00e0 Al-Hoceima et mis en place une commission d&rsquo;enqu\u00eate, a affirm\u00e9 que le nombre de personnes arr\u00eat\u00e9es depuis fin mai s&rsquo;\u00e9l\u00e8ve d\u00e9sormais \u00e0 135, dont sept journalistes.<\/p>\n<p>&#013;<\/p>\n<p>\u00a0<\/p>\n<p>&#013;<\/p>\n<p class=\"MsoNoSpacing\">Vingt-cinq jeunes ont \u00e9t\u00e9 condamn\u00e9s le 14 juin \u00e0 18 mois de prison \u00e0 l&rsquo;issue d&rsquo;un premier proc\u00e8s, et la coalition rapporte que certains ont affirm\u00e9 avoir sign\u00e9 des proc\u00e8s verbaux \u00ab\u00a0sous la menace\u00a0\u00bb. Ils ont \u00e9galement\u00a0 \u00ab\u00a0subi des violences physiques\u00a0\u00bb de la part des policiers, ont accus\u00e9 \u00e9galement les ONG.<\/p>\n<\/div>\n<p>&#013;<br \/>\nSource: <a href=\"http:\/\/www.aps.dz\/algerie\/59271-des-ong-denoncent-des-violations-des-droits-de-l-homme-par-les-autorites-marocaines-dans-la-region-du-rif\" target=\"_blank\">Des ONG d\u00e9noncent des \u00ab\u00a0violations des droits de l&rsquo;Homme\u00a0\u00bb par les autorit\u00e9s marocaines dans la r\u00e9gion du Rif<\/a><\/p>\n<!--CusAds0-->\n<div style=\"font-size: 0px; height: 0px; line-height: 0px; margin: 0; padding: 0; clear: both;\"><\/div>","protected":false},"excerpt":{"rendered":"<p>RABAT- Des associations ont d\u00e9nonc\u00e9 mercredi la \u00ab\u00a0r\u00e9pression\u00a0\u00bb et les \u00ab\u00a0violations des droits de l&rsquo;Homme\u00a0\u00bb par les autorit\u00e9s marocaines dans la r\u00e9gion du Rif, th\u00e9\u00e2tre depuis des mois de manifestations conduite par le \u00ab\u00a0hirak\u00a0\u00bb, le mouvement de contestation populaire et pacifique. &#013; &#013; La coalition marocaine des droits de l&rsquo;Homme, qui rassemble 22 associations, a,<\/p>\n","protected":false},"author":6,"featured_media":13457,"comment_status":"open","ping_status":"open","sticky":false,"template":"","format":"standard","meta":{"footnotes":""},"categories":[22],"tags":[93],"class_list":["post-13456","post","type-post","status-publish","format-standard","has-post-thumbnail","hentry","category-infos","tag-onu"],"yoast_head":"<!-- This site is optimized with the Yoast SEO plugin v27.5 - https:\/\/yoast.com\/product\/yoast-seo-wordpress\/ -->\n<title>Des ONG d\u00e9noncent des &quot;violations des droits de l&#039;Homme&quot; par les autorit\u00e9s marocaines dans la r\u00e9gion du Rif - info algerie<\/title>\n<meta name=\"robots\" content=\"index, follow, max-snippet:-1, max-image-preview:large, max-video-preview:-1\" \/>\n<link rel=\"canonical\" href=\"https:\/\/www.info-algerie.com\/actualites\/des-ong-denoncent-des-violations-des-droits-de-lhomme-par-les-autorites-marocaines-dans-la-region-du-rif\/\" \/>\n<meta property=\"og:locale\" content=\"fr_FR\" \/>\n<meta property=\"og:type\" content=\"article\" \/>\n<meta property=\"og:title\" content=\"Des ONG d\u00e9noncent des &quot;violations des droits de l&#039;Homme&quot; par les autorit\u00e9s marocaines dans la r\u00e9gion du Rif - info algerie\" \/>\n<meta property=\"og:description\" content=\"RABAT- Des associations ont d\u00e9nonc\u00e9 mercredi la \u00ab\u00a0r\u00e9pression\u00a0\u00bb et les \u00ab\u00a0violations des droits de l&rsquo;Homme\u00a0\u00bb par les autorit\u00e9s marocaines dans la r\u00e9gion du Rif, th\u00e9\u00e2tre depuis des mois de manifestations conduite par le \u00ab\u00a0hirak\u00a0\u00bb, le mouvement de contestation populaire et pacifique. &#013; &#013; La coalition marocaine des droits de l&rsquo;Homme, qui rassemble 22 associations, a,\" \/>\n<meta property=\"og:url\" content=\"https:\/\/www.info-algerie.com\/actualites\/des-ong-denoncent-des-violations-des-droits-de-lhomme-par-les-autorites-marocaines-dans-la-region-du-rif\/\" \/>\n<meta property=\"og:site_name\" content=\"info algerie\" \/>\n<meta property=\"article:publisher\" content=\"https:\/\/www.facebook.com\/infoalgerieactu\" \/>\n<meta property=\"article:published_time\" content=\"2017-06-22T08:16:43+00:00\" \/>\n<meta property=\"og:image\" content=\"https:\/\/www.info-algerie.com\/actualites\/wp-content\/uploads\/2017\/06\/53ecaeab35fa956dae6ab5c922a8c16f_S-1.jpg\" \/>\n\t<meta property=\"og:image:width\" content=\"280\" \/>\n\t<meta property=\"og:image:height\" content=\"175\" \/>\n\t<meta property=\"og:image:type\" content=\"image\/jpeg\" \/>\n<meta name=\"author\" content=\"La r\u00e9daction\" \/>\n<meta name=\"twitter:label1\" content=\"\u00c9crit par\" \/>\n\t<meta name=\"twitter:data1\" content=\"La r\u00e9daction\" \/>\n\t<meta name=\"twitter:label2\" content=\"Dur\u00e9e de lecture estim\u00e9e\" \/>\n\t<meta name=\"twitter:data2\" content=\"1 minute\" \/>\n<script type=\"application\/ld+json\" class=\"yoast-schema-graph\">{\"@context\":\"https:\\\/\\\/schema.org\",\"@graph\":[{\"@type\":\"Article\",\"@id\":\"https:\\\/\\\/www.info-algerie.com\\\/actualites\\\/des-ong-denoncent-des-violations-des-droits-de-lhomme-par-les-autorites-marocaines-dans-la-region-du-rif\\\/#article\",\"isPartOf\":{\"@id\":\"https:\\\/\\\/www.info-algerie.com\\\/actualites\\\/des-ong-denoncent-des-violations-des-droits-de-lhomme-par-les-autorites-marocaines-dans-la-region-du-rif\\\/\"},\"author\":{\"name\":\"La r\u00e9daction\",\"@id\":\"https:\\\/\\\/www.info-algerie.com\\\/actualites\\\/#\\\/schema\\\/person\\\/847aaec44920825b843a08f30ec6aa1e\"},\"headline\":\"Des ONG d\u00e9noncent des &quot;violations des droits de l&#039;Homme&quot; par les autorit\u00e9s marocaines dans la r\u00e9gion du Rif\",\"datePublished\":\"2017-06-22T08:16:43+00:00\",\"mainEntityOfPage\":{\"@id\":\"https:\\\/\\\/www.info-algerie.com\\\/actualites\\\/des-ong-denoncent-des-violations-des-droits-de-lhomme-par-les-autorites-marocaines-dans-la-region-du-rif\\\/\"},\"wordCount\":325,\"commentCount\":0,\"publisher\":{\"@id\":\"https:\\\/\\\/www.info-algerie.com\\\/actualites\\\/#organization\"},\"image\":{\"@id\":\"https:\\\/\\\/www.info-algerie.com\\\/actualites\\\/des-ong-denoncent-des-violations-des-droits-de-lhomme-par-les-autorites-marocaines-dans-la-region-du-rif\\\/#primaryimage\"},\"thumbnailUrl\":\"https:\\\/\\\/www.info-algerie.com\\\/actualites\\\/wp-content\\\/uploads\\\/2017\\\/06\\\/53ecaeab35fa956dae6ab5c922a8c16f_S-1.jpg\",\"keywords\":[\"ONU\"],\"articleSection\":[\"infos\"],\"inLanguage\":\"fr-FR\",\"potentialAction\":[{\"@type\":\"CommentAction\",\"name\":\"Comment\",\"target\":[\"https:\\\/\\\/www.info-algerie.com\\\/actualites\\\/des-ong-denoncent-des-violations-des-droits-de-lhomme-par-les-autorites-marocaines-dans-la-region-du-rif\\\/#respond\"]}]},{\"@type\":\"WebPage\",\"@id\":\"https:\\\/\\\/www.info-algerie.com\\\/actualites\\\/des-ong-denoncent-des-violations-des-droits-de-lhomme-par-les-autorites-marocaines-dans-la-region-du-rif\\\/\",\"url\":\"https:\\\/\\\/www.info-algerie.com\\\/actualites\\\/des-ong-denoncent-des-violations-des-droits-de-lhomme-par-les-autorites-marocaines-dans-la-region-du-rif\\\/\",\"name\":\"Des ONG d\u00e9noncent des &quot;violations des droits de l&#039;Homme&quot; par les autorit\u00e9s marocaines dans la r\u00e9gion du Rif - info algerie\",\"isPartOf\":{\"@id\":\"https:\\\/\\\/www.info-algerie.com\\\/actualites\\\/#website\"},\"primaryImageOfPage\":{\"@id\":\"https:\\\/\\\/www.info-algerie.com\\\/actualites\\\/des-ong-denoncent-des-violations-des-droits-de-lhomme-par-les-autorites-marocaines-dans-la-region-du-rif\\\/#primaryimage\"},\"image\":{\"@id\":\"https:\\\/\\\/www.info-algerie.com\\\/actualites\\\/des-ong-denoncent-des-violations-des-droits-de-lhomme-par-les-autorites-marocaines-dans-la-region-du-rif\\\/#primaryimage\"},\"thumbnailUrl\":\"https:\\\/\\\/www.info-algerie.com\\\/actualites\\\/wp-content\\\/uploads\\\/2017\\\/06\\\/53ecaeab35fa956dae6ab5c922a8c16f_S-1.jpg\",\"datePublished\":\"2017-06-22T08:16:43+00:00\",\"breadcrumb\":{\"@id\":\"https:\\\/\\\/www.info-algerie.com\\\/actualites\\\/des-ong-denoncent-des-violations-des-droits-de-lhomme-par-les-autorites-marocaines-dans-la-region-du-rif\\\/#breadcrumb\"},\"inLanguage\":\"fr-FR\",\"potentialAction\":[{\"@type\":\"ReadAction\",\"target\":[\"https:\\\/\\\/www.info-algerie.com\\\/actualites\\\/des-ong-denoncent-des-violations-des-droits-de-lhomme-par-les-autorites-marocaines-dans-la-region-du-rif\\\/\"]}]},{\"@type\":\"ImageObject\",\"inLanguage\":\"fr-FR\",\"@id\":\"https:\\\/\\\/www.info-algerie.com\\\/actualites\\\/des-ong-denoncent-des-violations-des-droits-de-lhomme-par-les-autorites-marocaines-dans-la-region-du-rif\\\/#primaryimage\",\"url\":\"https:\\\/\\\/www.info-algerie.com\\\/actualites\\\/wp-content\\\/uploads\\\/2017\\\/06\\\/53ecaeab35fa956dae6ab5c922a8c16f_S-1.jpg\",\"contentUrl\":\"https:\\\/\\\/www.info-algerie.com\\\/actualites\\\/wp-content\\\/uploads\\\/2017\\\/06\\\/53ecaeab35fa956dae6ab5c922a8c16f_S-1.jpg\",\"width\":280,\"height\":175},{\"@type\":\"BreadcrumbList\",\"@id\":\"https:\\\/\\\/www.info-algerie.com\\\/actualites\\\/des-ong-denoncent-des-violations-des-droits-de-lhomme-par-les-autorites-marocaines-dans-la-region-du-rif\\\/#breadcrumb\",\"itemListElement\":[{\"@type\":\"ListItem\",\"position\":1,\"name\":\"Accueil\",\"item\":\"https:\\\/\\\/www.info-algerie.com\\\/actualites\\\/\"},{\"@type\":\"ListItem\",\"position\":2,\"name\":\"Des ONG d\u00e9noncent des &quot;violations des droits de l&#039;Homme&quot; par les autorit\u00e9s marocaines dans la r\u00e9gion du Rif\"}]},{\"@type\":\"WebSite\",\"@id\":\"https:\\\/\\\/www.info-algerie.com\\\/actualites\\\/#website\",\"url\":\"https:\\\/\\\/www.info-algerie.com\\\/actualites\\\/\",\"name\":\"info algerie\",\"description\":\"Toutes les actualit\u00e9s\",\"publisher\":{\"@id\":\"https:\\\/\\\/www.info-algerie.com\\\/actualites\\\/#organization\"},\"potentialAction\":[{\"@type\":\"SearchAction\",\"target\":{\"@type\":\"EntryPoint\",\"urlTemplate\":\"https:\\\/\\\/www.info-algerie.com\\\/actualites\\\/?s={search_term_string}\"},\"query-input\":{\"@type\":\"PropertyValueSpecification\",\"valueRequired\":true,\"valueName\":\"search_term_string\"}}],\"inLanguage\":\"fr-FR\"},{\"@type\":\"Organization\",\"@id\":\"https:\\\/\\\/www.info-algerie.com\\\/actualites\\\/#organization\",\"name\":\"info algerie\",\"url\":\"https:\\\/\\\/www.info-algerie.com\\\/actualites\\\/\",\"logo\":{\"@type\":\"ImageObject\",\"inLanguage\":\"fr-FR\",\"@id\":\"https:\\\/\\\/www.info-algerie.com\\\/actualites\\\/#\\\/schema\\\/logo\\\/image\\\/\",\"url\":\"https:\\\/\\\/www.info-algerie.com\\\/actualites\\\/wp-content\\\/uploads\\\/2022\\\/07\\\/logo-ia-120.png\",\"contentUrl\":\"https:\\\/\\\/www.info-algerie.com\\\/actualites\\\/wp-content\\\/uploads\\\/2022\\\/07\\\/logo-ia-120.png\",\"width\":120,\"height\":43,\"caption\":\"info algerie\"},\"image\":{\"@id\":\"https:\\\/\\\/www.info-algerie.com\\\/actualites\\\/#\\\/schema\\\/logo\\\/image\\\/\"},\"sameAs\":[\"https:\\\/\\\/www.facebook.com\\\/infoalgerieactu\",\"https:\\\/\\\/x.com\\\/infoalgerie1\"]},{\"@type\":\"Person\",\"@id\":\"https:\\\/\\\/www.info-algerie.com\\\/actualites\\\/#\\\/schema\\\/person\\\/847aaec44920825b843a08f30ec6aa1e\",\"name\":\"La r\u00e9daction\",\"image\":{\"@type\":\"ImageObject\",\"inLanguage\":\"fr-FR\",\"@id\":\"https:\\\/\\\/secure.gravatar.com\\\/avatar\\\/769db425c6f465158149f1ffd6cf61ce7a8a879d11dfbef8288af36dfddd418c?s=96&d=mm&r=g\",\"url\":\"https:\\\/\\\/secure.gravatar.com\\\/avatar\\\/769db425c6f465158149f1ffd6cf61ce7a8a879d11dfbef8288af36dfddd418c?s=96&d=mm&r=g\",\"contentUrl\":\"https:\\\/\\\/secure.gravatar.com\\\/avatar\\\/769db425c6f465158149f1ffd6cf61ce7a8a879d11dfbef8288af36dfddd418c?s=96&d=mm&r=g\",\"caption\":\"La r\u00e9daction\"},\"sameAs\":[\"http:\\\/\\\/www.lkeria.com\\\/\"],\"url\":\"https:\\\/\\\/www.info-algerie.com\\\/actualites\\\/author\\\/chakib32\\\/\"}]}<\/script>\n<!-- \/ Yoast SEO plugin. -->","yoast_head_json":{"title":"Des ONG d\u00e9noncent des &quot;violations des droits de l&#039;Homme&quot; par les autorit\u00e9s marocaines dans la r\u00e9gion du Rif - info algerie","robots":{"index":"index","follow":"follow","max-snippet":"max-snippet:-1","max-image-preview":"max-image-preview:large","max-video-preview":"max-video-preview:-1"},"canonical":"https:\/\/www.info-algerie.com\/actualites\/des-ong-denoncent-des-violations-des-droits-de-lhomme-par-les-autorites-marocaines-dans-la-region-du-rif\/","og_locale":"fr_FR","og_type":"article","og_title":"Des ONG d\u00e9noncent des &quot;violations des droits de l&#039;Homme&quot; par les autorit\u00e9s marocaines dans la r\u00e9gion du Rif - info algerie","og_description":"RABAT- Des associations ont d\u00e9nonc\u00e9 mercredi la \u00ab\u00a0r\u00e9pression\u00a0\u00bb et les \u00ab\u00a0violations des droits de l&rsquo;Homme\u00a0\u00bb par les autorit\u00e9s marocaines dans la r\u00e9gion du Rif, th\u00e9\u00e2tre depuis des mois de manifestations conduite par le \u00ab\u00a0hirak\u00a0\u00bb, le mouvement de contestation populaire et pacifique. &#013; &#013; La coalition marocaine des droits de l&rsquo;Homme, qui rassemble 22 associations, a,","og_url":"https:\/\/www.info-algerie.com\/actualites\/des-ong-denoncent-des-violations-des-droits-de-lhomme-par-les-autorites-marocaines-dans-la-region-du-rif\/","og_site_name":"info algerie","article_publisher":"https:\/\/www.facebook.com\/infoalgerieactu","article_published_time":"2017-06-22T08:16:43+00:00","og_image":[{"width":280,"height":175,"url":"https:\/\/www.info-algerie.com\/actualites\/wp-content\/uploads\/2017\/06\/53ecaeab35fa956dae6ab5c922a8c16f_S-1.jpg","type":"image\/jpeg"}],"author":"La r\u00e9daction","twitter_misc":{"\u00c9crit par":"La r\u00e9daction","Dur\u00e9e de lecture estim\u00e9e":"1 minute"},"schema":{"@context":"https:\/\/schema.org","@graph":[{"@type":"Article","@id":"https:\/\/www.info-algerie.com\/actualites\/des-ong-denoncent-des-violations-des-droits-de-lhomme-par-les-autorites-marocaines-dans-la-region-du-rif\/#article","isPartOf":{"@id":"https:\/\/www.info-algerie.com\/actualites\/des-ong-denoncent-des-violations-des-droits-de-lhomme-par-les-autorites-marocaines-dans-la-region-du-rif\/"},"author":{"name":"La r\u00e9daction","@id":"https:\/\/www.info-algerie.com\/actualites\/#\/schema\/person\/847aaec44920825b843a08f30ec6aa1e"},"headline":"Des ONG d\u00e9noncent des &quot;violations des droits de l&#039;Homme&quot; par les autorit\u00e9s marocaines dans la r\u00e9gion du Rif","datePublished":"2017-06-22T08:16:43+00:00","mainEntityOfPage":{"@id":"https:\/\/www.info-algerie.com\/actualites\/des-ong-denoncent-des-violations-des-droits-de-lhomme-par-les-autorites-marocaines-dans-la-region-du-rif\/"},"wordCount":325,"commentCount":0,"publisher":{"@id":"https:\/\/www.info-algerie.com\/actualites\/#organization"},"image":{"@id":"https:\/\/www.info-algerie.com\/actualites\/des-ong-denoncent-des-violations-des-droits-de-lhomme-par-les-autorites-marocaines-dans-la-region-du-rif\/#primaryimage"},"thumbnailUrl":"https:\/\/www.info-algerie.com\/actualites\/wp-content\/uploads\/2017\/06\/53ecaeab35fa956dae6ab5c922a8c16f_S-1.jpg","keywords":["ONU"],"articleSection":["infos"],"inLanguage":"fr-FR","potentialAction":[{"@type":"CommentAction","name":"Comment","target":["https:\/\/www.info-algerie.com\/actualites\/des-ong-denoncent-des-violations-des-droits-de-lhomme-par-les-autorites-marocaines-dans-la-region-du-rif\/#respond"]}]},{"@type":"WebPage","@id":"https:\/\/www.info-algerie.com\/actualites\/des-ong-denoncent-des-violations-des-droits-de-lhomme-par-les-autorites-marocaines-dans-la-region-du-rif\/","url":"https:\/\/www.info-algerie.com\/actualites\/des-ong-denoncent-des-violations-des-droits-de-lhomme-par-les-autorites-marocaines-dans-la-region-du-rif\/","name":"Des ONG d\u00e9noncent des &quot;violations des droits de l&#039;Homme&quot; par les autorit\u00e9s marocaines dans la r\u00e9gion du Rif - info algerie","isPartOf":{"@id":"https:\/\/www.info-algerie.com\/actualites\/#website"},"primaryImageOfPage":{"@id":"https:\/\/www.info-algerie.com\/actualites\/des-ong-denoncent-des-violations-des-droits-de-lhomme-par-les-autorites-marocaines-dans-la-region-du-rif\/#primaryimage"},"image":{"@id":"https:\/\/www.info-algerie.com\/actualites\/des-ong-denoncent-des-violations-des-droits-de-lhomme-par-les-autorites-marocaines-dans-la-region-du-rif\/#primaryimage"},"thumbnailUrl":"https:\/\/www.info-algerie.com\/actualites\/wp-content\/uploads\/2017\/06\/53ecaeab35fa956dae6ab5c922a8c16f_S-1.jpg","datePublished":"2017-06-22T08:16:43+00:00","breadcrumb":{"@id":"https:\/\/www.info-algerie.com\/actualites\/des-ong-denoncent-des-violations-des-droits-de-lhomme-par-les-autorites-marocaines-dans-la-region-du-rif\/#breadcrumb"},"inLanguage":"fr-FR","potentialAction":[{"@type":"ReadAction","target":["https:\/\/www.info-algerie.com\/actualites\/des-ong-denoncent-des-violations-des-droits-de-lhomme-par-les-autorites-marocaines-dans-la-region-du-rif\/"]}]},{"@type":"ImageObject","inLanguage":"fr-FR","@id":"https:\/\/www.info-algerie.com\/actualites\/des-ong-denoncent-des-violations-des-droits-de-lhomme-par-les-autorites-marocaines-dans-la-region-du-rif\/#primaryimage","url":"https:\/\/www.info-algerie.com\/actualites\/wp-content\/uploads\/2017\/06\/53ecaeab35fa956dae6ab5c922a8c16f_S-1.jpg","contentUrl":"https:\/\/www.info-algerie.com\/actualites\/wp-content\/uploads\/2017\/06\/53ecaeab35fa956dae6ab5c922a8c16f_S-1.jpg","width":280,"height":175},{"@type":"BreadcrumbList","@id":"https:\/\/www.info-algerie.com\/actualites\/des-ong-denoncent-des-violations-des-droits-de-lhomme-par-les-autorites-marocaines-dans-la-region-du-rif\/#breadcrumb","itemListElement":[{"@type":"ListItem","position":1,"name":"Accueil","item":"https:\/\/www.info-algerie.com\/actualites\/"},{"@type":"ListItem","position":2,"name":"Des ONG d\u00e9noncent des &quot;violations des droits de l&#039;Homme&quot; par les autorit\u00e9s marocaines dans la r\u00e9gion du Rif"}]},{"@type":"WebSite","@id":"https:\/\/www.info-algerie.com\/actualites\/#website","url":"https:\/\/www.info-algerie.com\/actualites\/","name":"info algerie","description":"Toutes les actualit\u00e9s","publisher":{"@id":"https:\/\/www.info-algerie.com\/actualites\/#organization"},"potentialAction":[{"@type":"SearchAction","target":{"@type":"EntryPoint","urlTemplate":"https:\/\/www.info-algerie.com\/actualites\/?s={search_term_string}"},"query-input":{"@type":"PropertyValueSpecification","valueRequired":true,"valueName":"search_term_string"}}],"inLanguage":"fr-FR"},{"@type":"Organization","@id":"https:\/\/www.info-algerie.com\/actualites\/#organization","name":"info algerie","url":"https:\/\/www.info-algerie.com\/actualites\/","logo":{"@type":"ImageObject","inLanguage":"fr-FR","@id":"https:\/\/www.info-algerie.com\/actualites\/#\/schema\/logo\/image\/","url":"https:\/\/www.info-algerie.com\/actualites\/wp-content\/uploads\/2022\/07\/logo-ia-120.png","contentUrl":"https:\/\/www.info-algerie.com\/actualites\/wp-content\/uploads\/2022\/07\/logo-ia-120.png","width":120,"height":43,"caption":"info algerie"},"image":{"@id":"https:\/\/www.info-algerie.com\/actualites\/#\/schema\/logo\/image\/"},"sameAs":["https:\/\/www.facebook.com\/infoalgerieactu","https:\/\/x.com\/infoalgerie1"]},{"@type":"Person","@id":"https:\/\/www.info-algerie.com\/actualites\/#\/schema\/person\/847aaec44920825b843a08f30ec6aa1e","name":"La r\u00e9daction","image":{"@type":"ImageObject","inLanguage":"fr-FR","@id":"https:\/\/secure.gravatar.com\/avatar\/769db425c6f465158149f1ffd6cf61ce7a8a879d11dfbef8288af36dfddd418c?s=96&d=mm&r=g","url":"https:\/\/secure.gravatar.com\/avatar\/769db425c6f465158149f1ffd6cf61ce7a8a879d11dfbef8288af36dfddd418c?s=96&d=mm&r=g","contentUrl":"https:\/\/secure.gravatar.com\/avatar\/769db425c6f465158149f1ffd6cf61ce7a8a879d11dfbef8288af36dfddd418c?s=96&d=mm&r=g","caption":"La r\u00e9daction"},"sameAs":["http:\/\/www.lkeria.com\/"],"url":"https:\/\/www.info-algerie.com\/actualites\/author\/chakib32\/"}]}},"_links":{"self":[{"href":"https:\/\/www.info-algerie.com\/actualites\/wp-json\/wp\/v2\/posts\/13456","targetHints":{"allow":["GET"]}}],"collection":[{"href":"https:\/\/www.info-algerie.com\/actualites\/wp-json\/wp\/v2\/posts"}],"about":[{"href":"https:\/\/www.info-algerie.com\/actualites\/wp-json\/wp\/v2\/types\/post"}],"author":[{"embeddable":true,"href":"https:\/\/www.info-algerie.com\/actualites\/wp-json\/wp\/v2\/users\/6"}],"replies":[{"embeddable":true,"href":"https:\/\/www.info-algerie.com\/actualites\/wp-json\/wp\/v2\/comments?post=13456"}],"version-history":[{"count":0,"href":"https:\/\/www.info-algerie.com\/actualites\/wp-json\/wp\/v2\/posts\/13456\/revisions"}],"wp:featuredmedia":[{"embeddable":true,"href":"https:\/\/www.info-algerie.com\/actualites\/wp-json\/wp\/v2\/media\/13457"}],"wp:attachment":[{"href":"https:\/\/www.info-algerie.com\/actualites\/wp-json\/wp\/v2\/media?parent=13456"}],"wp:term":[{"taxonomy":"category","embeddable":true,"href":"https:\/\/www.info-algerie.com\/actualites\/wp-json\/wp\/v2\/categories?post=13456"},{"taxonomy":"post_tag","embeddable":true,"href":"https:\/\/www.info-algerie.com\/actualites\/wp-json\/wp\/v2\/tags?post=13456"}],"curies":[{"name":"wp","href":"https:\/\/api.w.org\/{rel}","templated":true}]}}