{"id":13473,"date":"2017-06-22T17:25:14","date_gmt":"2017-06-22T16:25:14","guid":{"rendered":"http:\/\/www.info-algerie.com\/actualites\/la-famille-universitaire-appelee-a-se-soutenir-pour-faire-face-a-la-violence-en-milieu-universitaire\/"},"modified":"2017-06-22T17:25:14","modified_gmt":"2017-06-22T16:25:14","slug":"la-famille-universitaire-appelee-a-se-soutenir-pour-faire-face-a-la-violence-en-milieu-universitaire","status":"publish","type":"post","link":"https:\/\/www.info-algerie.com\/actualites\/la-famille-universitaire-appelee-a-se-soutenir-pour-faire-face-a-la-violence-en-milieu-universitaire\/","title":{"rendered":"La famille universitaire appel\u00e9e \u00e0 se soutenir pour faire face \u00e0 la violence en milieu universitaire"},"content":{"rendered":"<div class=\"K2FeedImage\"><img decoding=\"async\" src=\"https:\/\/www.info-algerie.com\/actualites\/wp-content\/uploads\/2017\/06\/b64355fe8e83aafa4711dc08618aabc9_S.jpg\" alt=\"La famille universitaire appel&#xE9;e &#xE0; se soutenir pour faire face &#xE0; la violence en milieu universitaire\" \/><\/div>\n<div class=\"K2FeedIntroText\">\n<p>TIPASA &#8211; Le ministre de l&rsquo;Enseignement sup\u00e9rieur et de la Recherche scientifique, Tahar Hadjar, a appel\u00e9, jeudi \u00e0 partir de Tipasa, toute la famille universitaire \u00e0 se soutenir afin de faire face \u00e0 la violence en milieu universitaire.<\/p>\n<p>&#013;\n<\/p><\/div>\n<div class=\"K2FeedFullText\">&#013;<\/p>\n<p>La violence \u00e0 l\u2019universit\u00e9 \u00ab\u00a0n\u2019a pas atteint le degr\u00e9 de virulence colport\u00e9 un peu partout\u00a0\u00bb, a estim\u00e9 le ministre dans son allocution devant les cadres du centre universitaire Morsli Abdellah de Tipasa, consid\u00e9rant que l\u2019universit\u00e9 \u00ab\u00a0est un espace r\u00e9actif \u00e0 son environnement (soci\u00e9t\u00e9), qui est le th\u00e9\u00e2tre d\u2019une prolif\u00e9ration terrifiante du ph\u00e9nom\u00e8ne de la violence, dans les rues et les stades notamment\u00a0\u00bb.<\/p>\n<p>&#013;<\/p>\n<p>M. Hadjar a appel\u00e9, de ce fait, la famille universitaire \u00e0 faire face \u00e0 toutes les formes de violence (verbale et physique) au sein de l\u2019universit\u00e9, eu \u00e9gard au fait que cette derni\u00e8re (universit\u00e9) doit \u00eatre consid\u00e9r\u00e9e comme une p\u00e9pini\u00e8re de l\u2019\u00e9lite et un mod\u00e8le pour la soci\u00e9t\u00e9, soulignant, en outre, l\u2019imp\u00e9ratif de faire pr\u00e9valoir le dialogue et le d\u00e9bat scientifique et intellectuel sur la violence.<\/p>\n<p>&#013;<\/p>\n<p>Le ministre a mis en exergue le r\u00f4le des mass-m\u00e9dias dans le fa\u00e7onnage de l\u2019opinion, particuli\u00e8rement quand il s\u2019agit de questions (opinion publique) pr\u00e9occupantes, citant, \u00e0 ce titre, le meurtre du professeur universitaire, dont il a r\u00e9it\u00e9r\u00e9, encore une fois, le fait qu\u2019il n\u2019a aucune relation avec l\u2019universit\u00e9, non sans exprimer son regret \u00e0 l\u2019\u00e9gard de ce meurtre ignoble, dont a \u00e9t\u00e9 victime le professeur Bachir karaoui Sarhane, dimanche dernier.<\/p>\n<p>&#013;<\/p>\n<p>Apr\u00e8s avoir annonc\u00e9 l\u2019introduction programm\u00e9e du ph\u00e9nom\u00e8ne de la violence dans les prochains travaux du Conseil d&rsquo;\u00e9thique et de d\u00e9ontologie de l&rsquo;enseignement sup\u00e9rieur, qui sera consacr\u00e9 \u00e0 diff\u00e9rents points li\u00e9s au secteur, M. Hadjar a instruit les recteurs des universit\u00e9s en vue d\u2019user de toutes leurs pr\u00e9rogatives dans l\u2019application de la Loi et la cons\u00e9cration des conseils disciplinaires \u00e0 l\u2019encontre de tous ceux qui usent de la violence au sein de l\u2019universit\u00e9, en plus de poursuites judiciaires.<\/p>\n<p>&#013;<\/p>\n<p>\u00a0<\/p>\n<p>&#013;<\/p>\n<p style=\"text-align: center\"><strong>Promotion du centre de Tipasa en universit\u00e9 avant la fin de l\u2019ann\u00e9e<\/strong><\/p>\n<p>&#013;<\/p>\n<p>\u00a0<\/p>\n<p>&#013;<\/p>\n<p>Le ministre de l&rsquo;Enseignement sup\u00e9rieur et de la Recherche scientifique, en visite de travail \u00e0 Tipasa, a annonc\u00e9 la promotion programm\u00e9e du centre universitaire de Tipasa en universit\u00e9 avant la fin de l\u2019ann\u00e9e en cours, consid\u00e9rant qu\u2019il r\u00e9uni toutes les conditions requises pour ce faire.<\/p>\n<p>&#013;<\/p>\n<p>M. Hadjar a inaugur\u00e9, \u00e0 l\u2019occasion, une facult\u00e9 des Sciences technologiques au niveau de cet \u00e9tablissement, portant ainsi le nombre des facult\u00e9s, en son sein, \u00e0 cinq (5), avec une capacit\u00e9 d\u2019accueil de 15.000 \u00e9tudiants \u00e0 la prochaine rentr\u00e9e universitaire.<\/p>\n<p>&#013;<\/p>\n<p>L\u2019opportunit\u00e9 a \u00e9galement donn\u00e9 lieu \u00e0 une inspection du chantier de r\u00e9alisation de 4000 places p\u00e9dagogiques au niveau de ce m\u00eame centre universitaire.<\/p>\n<p>&#013;<\/p>\n<p>S\u2019exprimant sur le projet Entreprise, lanc\u00e9 ces deux derni\u00e8res ann\u00e9es par la tutelle, le ministre a signal\u00e9 son activation \u00e0 la prochaine rentr\u00e9e universitaire, avec l\u2019implication de toutes les institutions universitaires, les autorit\u00e9s locales et les partenaires \u00e9conomiques.<\/p>\n<p>&#013;<\/p>\n<p class=\"MsoNormal\">\u00ab\u00a0Le minist\u00e8re \u0153uvre, \u00e0 travers ce projet, au d\u00e9veloppement de l\u2019universit\u00e9 par l\u2019introduction de changements dans la nomenclature de formation, en prenant en compte les sp\u00e9cificit\u00e9s propres \u00e0 chaque r\u00e9gion et de mani\u00e8re \u00e0 promouvoir l\u2019universit\u00e9 alg\u00e9rienne \u00e0 un rang mondial\u00a0\u00bb, a-t-il ajout\u00e9.<\/p>\n<\/div>\n<p>&#013;<br \/>\nSource: <a href=\"http:\/\/www.aps.dz\/algerie\/59310-la-famille-universitaire-appelee-a-se-soutenir-pour-faire-face-a-la-violence-en-milieu-universitaire\" target=\"_blank\">La famille universitaire appel\u00e9e \u00e0 se soutenir pour faire face \u00e0 la violence en milieu universitaire<\/a><\/p>\n<!--CusAds0-->\n<div style=\"font-size: 0px; height: 0px; line-height: 0px; margin: 0; padding: 0; clear: both;\"><\/div>","protected":false},"excerpt":{"rendered":"<p>TIPASA &#8211; Le ministre de l&rsquo;Enseignement sup\u00e9rieur et de la Recherche scientifique, Tahar Hadjar, a appel\u00e9, jeudi \u00e0 partir de Tipasa, toute la famille universitaire \u00e0 se soutenir afin de faire face \u00e0 la violence en milieu universitaire. &#013; &#013; La violence \u00e0 l\u2019universit\u00e9 \u00ab\u00a0n\u2019a pas atteint le degr\u00e9 de virulence colport\u00e9 un peu partout\u00a0\u00bb,<\/p>\n","protected":false},"author":6,"featured_media":13474,"comment_status":"open","ping_status":"open","sticky":false,"template":"","format":"standard","meta":{"footnotes":""},"categories":[22],"tags":[93],"class_list":["post-13473","post","type-post","status-publish","format-standard","has-post-thumbnail","hentry","category-infos","tag-onu"],"yoast_head":"<!-- This site is optimized with the Yoast SEO plugin v27.5 - https:\/\/yoast.com\/product\/yoast-seo-wordpress\/ -->\n<title>La famille universitaire appel\u00e9e \u00e0 se soutenir pour faire face \u00e0 la violence en milieu universitaire - info algerie<\/title>\n<meta name=\"robots\" content=\"index, follow, max-snippet:-1, max-image-preview:large, max-video-preview:-1\" \/>\n<link rel=\"canonical\" href=\"https:\/\/www.info-algerie.com\/actualites\/la-famille-universitaire-appelee-a-se-soutenir-pour-faire-face-a-la-violence-en-milieu-universitaire\/\" \/>\n<meta property=\"og:locale\" content=\"fr_FR\" \/>\n<meta property=\"og:type\" content=\"article\" \/>\n<meta property=\"og:title\" content=\"La famille universitaire appel\u00e9e \u00e0 se soutenir pour faire face \u00e0 la violence en milieu universitaire - info algerie\" \/>\n<meta property=\"og:description\" content=\"TIPASA &#8211; Le ministre de l&rsquo;Enseignement sup\u00e9rieur et de la Recherche scientifique, Tahar Hadjar, a appel\u00e9, jeudi \u00e0 partir de Tipasa, toute la famille universitaire \u00e0 se soutenir afin de faire face \u00e0 la violence en milieu universitaire. &#013; &#013; La violence \u00e0 l\u2019universit\u00e9 \u00ab\u00a0n\u2019a pas atteint le degr\u00e9 de virulence colport\u00e9 un peu partout\u00a0\u00bb,\" \/>\n<meta property=\"og:url\" content=\"https:\/\/www.info-algerie.com\/actualites\/la-famille-universitaire-appelee-a-se-soutenir-pour-faire-face-a-la-violence-en-milieu-universitaire\/\" \/>\n<meta property=\"og:site_name\" content=\"info algerie\" \/>\n<meta property=\"article:publisher\" content=\"https:\/\/www.facebook.com\/infoalgerieactu\" \/>\n<meta property=\"article:published_time\" content=\"2017-06-22T16:25:14+00:00\" \/>\n<meta property=\"og:image\" content=\"https:\/\/www.info-algerie.com\/actualites\/wp-content\/uploads\/2017\/06\/b64355fe8e83aafa4711dc08618aabc9_S-1.jpg\" \/>\n\t<meta property=\"og:image:width\" content=\"280\" \/>\n\t<meta property=\"og:image:height\" content=\"169\" \/>\n\t<meta property=\"og:image:type\" content=\"image\/jpeg\" \/>\n<meta name=\"author\" content=\"La r\u00e9daction\" \/>\n<meta name=\"twitter:label1\" content=\"\u00c9crit par\" \/>\n\t<meta name=\"twitter:data1\" content=\"La r\u00e9daction\" \/>\n\t<meta name=\"twitter:label2\" content=\"Dur\u00e9e de lecture estim\u00e9e\" \/>\n\t<meta name=\"twitter:data2\" content=\"3 minutes\" \/>\n<script type=\"application\/ld+json\" class=\"yoast-schema-graph\">{\"@context\":\"https:\\\/\\\/schema.org\",\"@graph\":[{\"@type\":\"Article\",\"@id\":\"https:\\\/\\\/www.info-algerie.com\\\/actualites\\\/la-famille-universitaire-appelee-a-se-soutenir-pour-faire-face-a-la-violence-en-milieu-universitaire\\\/#article\",\"isPartOf\":{\"@id\":\"https:\\\/\\\/www.info-algerie.com\\\/actualites\\\/la-famille-universitaire-appelee-a-se-soutenir-pour-faire-face-a-la-violence-en-milieu-universitaire\\\/\"},\"author\":{\"name\":\"La r\u00e9daction\",\"@id\":\"https:\\\/\\\/www.info-algerie.com\\\/actualites\\\/#\\\/schema\\\/person\\\/847aaec44920825b843a08f30ec6aa1e\"},\"headline\":\"La famille universitaire appel\u00e9e \u00e0 se soutenir pour faire face \u00e0 la violence en milieu universitaire\",\"datePublished\":\"2017-06-22T16:25:14+00:00\",\"mainEntityOfPage\":{\"@id\":\"https:\\\/\\\/www.info-algerie.com\\\/actualites\\\/la-famille-universitaire-appelee-a-se-soutenir-pour-faire-face-a-la-violence-en-milieu-universitaire\\\/\"},\"wordCount\":612,\"commentCount\":0,\"publisher\":{\"@id\":\"https:\\\/\\\/www.info-algerie.com\\\/actualites\\\/#organization\"},\"image\":{\"@id\":\"https:\\\/\\\/www.info-algerie.com\\\/actualites\\\/la-famille-universitaire-appelee-a-se-soutenir-pour-faire-face-a-la-violence-en-milieu-universitaire\\\/#primaryimage\"},\"thumbnailUrl\":\"https:\\\/\\\/www.info-algerie.com\\\/actualites\\\/wp-content\\\/uploads\\\/2017\\\/06\\\/b64355fe8e83aafa4711dc08618aabc9_S-1.jpg\",\"keywords\":[\"ONU\"],\"articleSection\":[\"infos\"],\"inLanguage\":\"fr-FR\",\"potentialAction\":[{\"@type\":\"CommentAction\",\"name\":\"Comment\",\"target\":[\"https:\\\/\\\/www.info-algerie.com\\\/actualites\\\/la-famille-universitaire-appelee-a-se-soutenir-pour-faire-face-a-la-violence-en-milieu-universitaire\\\/#respond\"]}]},{\"@type\":\"WebPage\",\"@id\":\"https:\\\/\\\/www.info-algerie.com\\\/actualites\\\/la-famille-universitaire-appelee-a-se-soutenir-pour-faire-face-a-la-violence-en-milieu-universitaire\\\/\",\"url\":\"https:\\\/\\\/www.info-algerie.com\\\/actualites\\\/la-famille-universitaire-appelee-a-se-soutenir-pour-faire-face-a-la-violence-en-milieu-universitaire\\\/\",\"name\":\"La famille universitaire appel\u00e9e \u00e0 se soutenir pour faire face \u00e0 la violence en milieu universitaire - info algerie\",\"isPartOf\":{\"@id\":\"https:\\\/\\\/www.info-algerie.com\\\/actualites\\\/#website\"},\"primaryImageOfPage\":{\"@id\":\"https:\\\/\\\/www.info-algerie.com\\\/actualites\\\/la-famille-universitaire-appelee-a-se-soutenir-pour-faire-face-a-la-violence-en-milieu-universitaire\\\/#primaryimage\"},\"image\":{\"@id\":\"https:\\\/\\\/www.info-algerie.com\\\/actualites\\\/la-famille-universitaire-appelee-a-se-soutenir-pour-faire-face-a-la-violence-en-milieu-universitaire\\\/#primaryimage\"},\"thumbnailUrl\":\"https:\\\/\\\/www.info-algerie.com\\\/actualites\\\/wp-content\\\/uploads\\\/2017\\\/06\\\/b64355fe8e83aafa4711dc08618aabc9_S-1.jpg\",\"datePublished\":\"2017-06-22T16:25:14+00:00\",\"breadcrumb\":{\"@id\":\"https:\\\/\\\/www.info-algerie.com\\\/actualites\\\/la-famille-universitaire-appelee-a-se-soutenir-pour-faire-face-a-la-violence-en-milieu-universitaire\\\/#breadcrumb\"},\"inLanguage\":\"fr-FR\",\"potentialAction\":[{\"@type\":\"ReadAction\",\"target\":[\"https:\\\/\\\/www.info-algerie.com\\\/actualites\\\/la-famille-universitaire-appelee-a-se-soutenir-pour-faire-face-a-la-violence-en-milieu-universitaire\\\/\"]}]},{\"@type\":\"ImageObject\",\"inLanguage\":\"fr-FR\",\"@id\":\"https:\\\/\\\/www.info-algerie.com\\\/actualites\\\/la-famille-universitaire-appelee-a-se-soutenir-pour-faire-face-a-la-violence-en-milieu-universitaire\\\/#primaryimage\",\"url\":\"https:\\\/\\\/www.info-algerie.com\\\/actualites\\\/wp-content\\\/uploads\\\/2017\\\/06\\\/b64355fe8e83aafa4711dc08618aabc9_S-1.jpg\",\"contentUrl\":\"https:\\\/\\\/www.info-algerie.com\\\/actualites\\\/wp-content\\\/uploads\\\/2017\\\/06\\\/b64355fe8e83aafa4711dc08618aabc9_S-1.jpg\",\"width\":280,\"height\":169},{\"@type\":\"BreadcrumbList\",\"@id\":\"https:\\\/\\\/www.info-algerie.com\\\/actualites\\\/la-famille-universitaire-appelee-a-se-soutenir-pour-faire-face-a-la-violence-en-milieu-universitaire\\\/#breadcrumb\",\"itemListElement\":[{\"@type\":\"ListItem\",\"position\":1,\"name\":\"Accueil\",\"item\":\"https:\\\/\\\/www.info-algerie.com\\\/actualites\\\/\"},{\"@type\":\"ListItem\",\"position\":2,\"name\":\"La famille universitaire appel\u00e9e \u00e0 se soutenir pour faire face \u00e0 la violence en milieu universitaire\"}]},{\"@type\":\"WebSite\",\"@id\":\"https:\\\/\\\/www.info-algerie.com\\\/actualites\\\/#website\",\"url\":\"https:\\\/\\\/www.info-algerie.com\\\/actualites\\\/\",\"name\":\"info algerie\",\"description\":\"Toutes les actualit\u00e9s\",\"publisher\":{\"@id\":\"https:\\\/\\\/www.info-algerie.com\\\/actualites\\\/#organization\"},\"potentialAction\":[{\"@type\":\"SearchAction\",\"target\":{\"@type\":\"EntryPoint\",\"urlTemplate\":\"https:\\\/\\\/www.info-algerie.com\\\/actualites\\\/?s={search_term_string}\"},\"query-input\":{\"@type\":\"PropertyValueSpecification\",\"valueRequired\":true,\"valueName\":\"search_term_string\"}}],\"inLanguage\":\"fr-FR\"},{\"@type\":\"Organization\",\"@id\":\"https:\\\/\\\/www.info-algerie.com\\\/actualites\\\/#organization\",\"name\":\"info algerie\",\"url\":\"https:\\\/\\\/www.info-algerie.com\\\/actualites\\\/\",\"logo\":{\"@type\":\"ImageObject\",\"inLanguage\":\"fr-FR\",\"@id\":\"https:\\\/\\\/www.info-algerie.com\\\/actualites\\\/#\\\/schema\\\/logo\\\/image\\\/\",\"url\":\"https:\\\/\\\/www.info-algerie.com\\\/actualites\\\/wp-content\\\/uploads\\\/2022\\\/07\\\/logo-ia-120.png\",\"contentUrl\":\"https:\\\/\\\/www.info-algerie.com\\\/actualites\\\/wp-content\\\/uploads\\\/2022\\\/07\\\/logo-ia-120.png\",\"width\":120,\"height\":43,\"caption\":\"info algerie\"},\"image\":{\"@id\":\"https:\\\/\\\/www.info-algerie.com\\\/actualites\\\/#\\\/schema\\\/logo\\\/image\\\/\"},\"sameAs\":[\"https:\\\/\\\/www.facebook.com\\\/infoalgerieactu\",\"https:\\\/\\\/x.com\\\/infoalgerie1\"]},{\"@type\":\"Person\",\"@id\":\"https:\\\/\\\/www.info-algerie.com\\\/actualites\\\/#\\\/schema\\\/person\\\/847aaec44920825b843a08f30ec6aa1e\",\"name\":\"La r\u00e9daction\",\"image\":{\"@type\":\"ImageObject\",\"inLanguage\":\"fr-FR\",\"@id\":\"https:\\\/\\\/secure.gravatar.com\\\/avatar\\\/769db425c6f465158149f1ffd6cf61ce7a8a879d11dfbef8288af36dfddd418c?s=96&d=mm&r=g\",\"url\":\"https:\\\/\\\/secure.gravatar.com\\\/avatar\\\/769db425c6f465158149f1ffd6cf61ce7a8a879d11dfbef8288af36dfddd418c?s=96&d=mm&r=g\",\"contentUrl\":\"https:\\\/\\\/secure.gravatar.com\\\/avatar\\\/769db425c6f465158149f1ffd6cf61ce7a8a879d11dfbef8288af36dfddd418c?s=96&d=mm&r=g\",\"caption\":\"La r\u00e9daction\"},\"sameAs\":[\"http:\\\/\\\/www.lkeria.com\\\/\"],\"url\":\"https:\\\/\\\/www.info-algerie.com\\\/actualites\\\/author\\\/chakib32\\\/\"}]}<\/script>\n<!-- \/ Yoast SEO plugin. -->","yoast_head_json":{"title":"La famille universitaire appel\u00e9e \u00e0 se soutenir pour faire face \u00e0 la violence en milieu universitaire - info algerie","robots":{"index":"index","follow":"follow","max-snippet":"max-snippet:-1","max-image-preview":"max-image-preview:large","max-video-preview":"max-video-preview:-1"},"canonical":"https:\/\/www.info-algerie.com\/actualites\/la-famille-universitaire-appelee-a-se-soutenir-pour-faire-face-a-la-violence-en-milieu-universitaire\/","og_locale":"fr_FR","og_type":"article","og_title":"La famille universitaire appel\u00e9e \u00e0 se soutenir pour faire face \u00e0 la violence en milieu universitaire - info algerie","og_description":"TIPASA &#8211; Le ministre de l&rsquo;Enseignement sup\u00e9rieur et de la Recherche scientifique, Tahar Hadjar, a appel\u00e9, jeudi \u00e0 partir de Tipasa, toute la famille universitaire \u00e0 se soutenir afin de faire face \u00e0 la violence en milieu universitaire. &#013; &#013; La violence \u00e0 l\u2019universit\u00e9 \u00ab\u00a0n\u2019a pas atteint le degr\u00e9 de virulence colport\u00e9 un peu partout\u00a0\u00bb,","og_url":"https:\/\/www.info-algerie.com\/actualites\/la-famille-universitaire-appelee-a-se-soutenir-pour-faire-face-a-la-violence-en-milieu-universitaire\/","og_site_name":"info algerie","article_publisher":"https:\/\/www.facebook.com\/infoalgerieactu","article_published_time":"2017-06-22T16:25:14+00:00","og_image":[{"width":280,"height":169,"url":"https:\/\/www.info-algerie.com\/actualites\/wp-content\/uploads\/2017\/06\/b64355fe8e83aafa4711dc08618aabc9_S-1.jpg","type":"image\/jpeg"}],"author":"La r\u00e9daction","twitter_misc":{"\u00c9crit par":"La r\u00e9daction","Dur\u00e9e de lecture estim\u00e9e":"3 minutes"},"schema":{"@context":"https:\/\/schema.org","@graph":[{"@type":"Article","@id":"https:\/\/www.info-algerie.com\/actualites\/la-famille-universitaire-appelee-a-se-soutenir-pour-faire-face-a-la-violence-en-milieu-universitaire\/#article","isPartOf":{"@id":"https:\/\/www.info-algerie.com\/actualites\/la-famille-universitaire-appelee-a-se-soutenir-pour-faire-face-a-la-violence-en-milieu-universitaire\/"},"author":{"name":"La r\u00e9daction","@id":"https:\/\/www.info-algerie.com\/actualites\/#\/schema\/person\/847aaec44920825b843a08f30ec6aa1e"},"headline":"La famille universitaire appel\u00e9e \u00e0 se soutenir pour faire face \u00e0 la violence en milieu universitaire","datePublished":"2017-06-22T16:25:14+00:00","mainEntityOfPage":{"@id":"https:\/\/www.info-algerie.com\/actualites\/la-famille-universitaire-appelee-a-se-soutenir-pour-faire-face-a-la-violence-en-milieu-universitaire\/"},"wordCount":612,"commentCount":0,"publisher":{"@id":"https:\/\/www.info-algerie.com\/actualites\/#organization"},"image":{"@id":"https:\/\/www.info-algerie.com\/actualites\/la-famille-universitaire-appelee-a-se-soutenir-pour-faire-face-a-la-violence-en-milieu-universitaire\/#primaryimage"},"thumbnailUrl":"https:\/\/www.info-algerie.com\/actualites\/wp-content\/uploads\/2017\/06\/b64355fe8e83aafa4711dc08618aabc9_S-1.jpg","keywords":["ONU"],"articleSection":["infos"],"inLanguage":"fr-FR","potentialAction":[{"@type":"CommentAction","name":"Comment","target":["https:\/\/www.info-algerie.com\/actualites\/la-famille-universitaire-appelee-a-se-soutenir-pour-faire-face-a-la-violence-en-milieu-universitaire\/#respond"]}]},{"@type":"WebPage","@id":"https:\/\/www.info-algerie.com\/actualites\/la-famille-universitaire-appelee-a-se-soutenir-pour-faire-face-a-la-violence-en-milieu-universitaire\/","url":"https:\/\/www.info-algerie.com\/actualites\/la-famille-universitaire-appelee-a-se-soutenir-pour-faire-face-a-la-violence-en-milieu-universitaire\/","name":"La famille universitaire appel\u00e9e \u00e0 se soutenir pour faire face \u00e0 la violence en milieu universitaire - info algerie","isPartOf":{"@id":"https:\/\/www.info-algerie.com\/actualites\/#website"},"primaryImageOfPage":{"@id":"https:\/\/www.info-algerie.com\/actualites\/la-famille-universitaire-appelee-a-se-soutenir-pour-faire-face-a-la-violence-en-milieu-universitaire\/#primaryimage"},"image":{"@id":"https:\/\/www.info-algerie.com\/actualites\/la-famille-universitaire-appelee-a-se-soutenir-pour-faire-face-a-la-violence-en-milieu-universitaire\/#primaryimage"},"thumbnailUrl":"https:\/\/www.info-algerie.com\/actualites\/wp-content\/uploads\/2017\/06\/b64355fe8e83aafa4711dc08618aabc9_S-1.jpg","datePublished":"2017-06-22T16:25:14+00:00","breadcrumb":{"@id":"https:\/\/www.info-algerie.com\/actualites\/la-famille-universitaire-appelee-a-se-soutenir-pour-faire-face-a-la-violence-en-milieu-universitaire\/#breadcrumb"},"inLanguage":"fr-FR","potentialAction":[{"@type":"ReadAction","target":["https:\/\/www.info-algerie.com\/actualites\/la-famille-universitaire-appelee-a-se-soutenir-pour-faire-face-a-la-violence-en-milieu-universitaire\/"]}]},{"@type":"ImageObject","inLanguage":"fr-FR","@id":"https:\/\/www.info-algerie.com\/actualites\/la-famille-universitaire-appelee-a-se-soutenir-pour-faire-face-a-la-violence-en-milieu-universitaire\/#primaryimage","url":"https:\/\/www.info-algerie.com\/actualites\/wp-content\/uploads\/2017\/06\/b64355fe8e83aafa4711dc08618aabc9_S-1.jpg","contentUrl":"https:\/\/www.info-algerie.com\/actualites\/wp-content\/uploads\/2017\/06\/b64355fe8e83aafa4711dc08618aabc9_S-1.jpg","width":280,"height":169},{"@type":"BreadcrumbList","@id":"https:\/\/www.info-algerie.com\/actualites\/la-famille-universitaire-appelee-a-se-soutenir-pour-faire-face-a-la-violence-en-milieu-universitaire\/#breadcrumb","itemListElement":[{"@type":"ListItem","position":1,"name":"Accueil","item":"https:\/\/www.info-algerie.com\/actualites\/"},{"@type":"ListItem","position":2,"name":"La famille universitaire appel\u00e9e \u00e0 se soutenir pour faire face \u00e0 la violence en milieu universitaire"}]},{"@type":"WebSite","@id":"https:\/\/www.info-algerie.com\/actualites\/#website","url":"https:\/\/www.info-algerie.com\/actualites\/","name":"info algerie","description":"Toutes les actualit\u00e9s","publisher":{"@id":"https:\/\/www.info-algerie.com\/actualites\/#organization"},"potentialAction":[{"@type":"SearchAction","target":{"@type":"EntryPoint","urlTemplate":"https:\/\/www.info-algerie.com\/actualites\/?s={search_term_string}"},"query-input":{"@type":"PropertyValueSpecification","valueRequired":true,"valueName":"search_term_string"}}],"inLanguage":"fr-FR"},{"@type":"Organization","@id":"https:\/\/www.info-algerie.com\/actualites\/#organization","name":"info algerie","url":"https:\/\/www.info-algerie.com\/actualites\/","logo":{"@type":"ImageObject","inLanguage":"fr-FR","@id":"https:\/\/www.info-algerie.com\/actualites\/#\/schema\/logo\/image\/","url":"https:\/\/www.info-algerie.com\/actualites\/wp-content\/uploads\/2022\/07\/logo-ia-120.png","contentUrl":"https:\/\/www.info-algerie.com\/actualites\/wp-content\/uploads\/2022\/07\/logo-ia-120.png","width":120,"height":43,"caption":"info algerie"},"image":{"@id":"https:\/\/www.info-algerie.com\/actualites\/#\/schema\/logo\/image\/"},"sameAs":["https:\/\/www.facebook.com\/infoalgerieactu","https:\/\/x.com\/infoalgerie1"]},{"@type":"Person","@id":"https:\/\/www.info-algerie.com\/actualites\/#\/schema\/person\/847aaec44920825b843a08f30ec6aa1e","name":"La r\u00e9daction","image":{"@type":"ImageObject","inLanguage":"fr-FR","@id":"https:\/\/secure.gravatar.com\/avatar\/769db425c6f465158149f1ffd6cf61ce7a8a879d11dfbef8288af36dfddd418c?s=96&d=mm&r=g","url":"https:\/\/secure.gravatar.com\/avatar\/769db425c6f465158149f1ffd6cf61ce7a8a879d11dfbef8288af36dfddd418c?s=96&d=mm&r=g","contentUrl":"https:\/\/secure.gravatar.com\/avatar\/769db425c6f465158149f1ffd6cf61ce7a8a879d11dfbef8288af36dfddd418c?s=96&d=mm&r=g","caption":"La r\u00e9daction"},"sameAs":["http:\/\/www.lkeria.com\/"],"url":"https:\/\/www.info-algerie.com\/actualites\/author\/chakib32\/"}]}},"_links":{"self":[{"href":"https:\/\/www.info-algerie.com\/actualites\/wp-json\/wp\/v2\/posts\/13473","targetHints":{"allow":["GET"]}}],"collection":[{"href":"https:\/\/www.info-algerie.com\/actualites\/wp-json\/wp\/v2\/posts"}],"about":[{"href":"https:\/\/www.info-algerie.com\/actualites\/wp-json\/wp\/v2\/types\/post"}],"author":[{"embeddable":true,"href":"https:\/\/www.info-algerie.com\/actualites\/wp-json\/wp\/v2\/users\/6"}],"replies":[{"embeddable":true,"href":"https:\/\/www.info-algerie.com\/actualites\/wp-json\/wp\/v2\/comments?post=13473"}],"version-history":[{"count":0,"href":"https:\/\/www.info-algerie.com\/actualites\/wp-json\/wp\/v2\/posts\/13473\/revisions"}],"wp:featuredmedia":[{"embeddable":true,"href":"https:\/\/www.info-algerie.com\/actualites\/wp-json\/wp\/v2\/media\/13474"}],"wp:attachment":[{"href":"https:\/\/www.info-algerie.com\/actualites\/wp-json\/wp\/v2\/media?parent=13473"}],"wp:term":[{"taxonomy":"category","embeddable":true,"href":"https:\/\/www.info-algerie.com\/actualites\/wp-json\/wp\/v2\/categories?post=13473"},{"taxonomy":"post_tag","embeddable":true,"href":"https:\/\/www.info-algerie.com\/actualites\/wp-json\/wp\/v2\/tags?post=13473"}],"curies":[{"name":"wp","href":"https:\/\/api.w.org\/{rel}","templated":true}]}}