{"id":13481,"date":"2017-06-23T14:23:45","date_gmt":"2017-06-23T13:23:45","guid":{"rendered":"http:\/\/www.info-algerie.com\/actualites\/noureddine-amir-reelu-au-comite-pour-lelimination-de-la-discrimination-raciale-de-lonu\/"},"modified":"2017-06-23T14:23:45","modified_gmt":"2017-06-23T13:23:45","slug":"noureddine-amir-reelu-au-comite-pour-lelimination-de-la-discrimination-raciale-de-lonu","status":"publish","type":"post","link":"https:\/\/www.info-algerie.com\/actualites\/noureddine-amir-reelu-au-comite-pour-lelimination-de-la-discrimination-raciale-de-lonu\/","title":{"rendered":"Noureddine Amir r\u00e9\u00e9lu au Comit\u00e9 pour l\u2019\u00e9limination de la discrimination raciale de l\u2019ONU"},"content":{"rendered":"<div class=\"K2FeedIntroText\">\n<p>NEW YORK &#8211; L\u2019Alg\u00e9rien Noureddine Amir est triomphalement r\u00e9\u00e9lu au comit\u00e9 pour l\u2019\u00e9limination de la discrimination raciale de l\u2019ONU pour un cinqui\u00e8me mandat de quatre ans qui d\u00e9butera \u00e0 compter de janvier 2018, a-t-on appris vendredi aupr\u00e8s de la repr\u00e9sentation d\u2019Alg\u00e9rie \u00e0 New York.<\/p>\n<p>&#013;\n<\/p><\/div>\n<div class=\"K2FeedFullText\">&#013;<\/p>\n<p>M. Amir a \u00e9t\u00e9 r\u00e9\u00e9lu \u00e0 la majorit\u00e9 \u00e9crasante de 128 voix lors de la 27\u00e8me r\u00e9union des Etats parties \u00e0 la convention internationale sur l\u2019\u00e9limination de toutes les formes de discrimination raciale qui s\u2019est tenue jeudi au si\u00e8ge des Nations Unies.<\/p>\n<p>&#013;<\/p>\n<p>Son \u00e9lection vient rallonger la liste des candidats alg\u00e9riens r\u00e9cemment \u00e9lus aux fonctions internationales \u00e0 l&rsquo;instar de Ahmed Laraba \u00e0 la Commission du droit International et de Boualem Bouguetaia au Tribunal International du Droit de la Mer.<\/p>\n<p>&#013;<\/p>\n<p>Outre M. Amir, le comit\u00e9 a \u00e9lu au premier tour les candidats de huit pays (le Japon, la Belgique, la Hongrie, la Turquie la Cor\u00e9e du Sud, le Br\u00e9sil, Maurice et la Cote d\u2019Ivoire).<\/p>\n<p>&#013;<\/p>\n<p>Le scrutin, destin\u00e9 \u00e0 renouveler les neuf si\u00e8ges vacants du comit\u00e9, a fait \u00e9vincer d\u00e8s le premier tour les candidats du Maroc, de la Namibie, de l&rsquo;Equateur, de l&rsquo;Irak, du Congo et du Djibouti.<\/p>\n<p>&#013;<\/p>\n<p>Pour rappel, le comit\u00e9 se compose de dix-huit experts connus pour leur haute moralit\u00e9 et leur impartialit\u00e9. Les membres sont \u00e9lus pour quatre ans par les Etats parties \u00e0 la Convention. Des \u00e9lections ont lieu tous les deux ans pour remplacer la moiti\u00e9 des membres.<\/p>\n<p>&#013;<\/p>\n<p class=\"MsoNormal\">La composition du comit\u00e9 tient compte d&rsquo;une r\u00e9partition g\u00e9ographique \u00e9quitable et de la repr\u00e9sentation des diff\u00e9rentes formes de civilisation ainsi que des principaux syst\u00e8mes juridiques.<\/p>\n<\/div>\n<p>&#013;<br \/>\nSource: <a href=\"http:\/\/www.aps.dz\/algerie\/59337-noureddine-amir-reelu-au-comite-pour-l-elimination-de-la-discrimination-raciale-de-l-onu\" target=\"_blank\">Noureddine Amir r\u00e9\u00e9lu au Comit\u00e9 pour l\u2019\u00e9limination de la discrimination raciale de l\u2019ONU<\/a><\/p>\n<!--CusAds0-->\n<div style=\"font-size: 0px; height: 0px; line-height: 0px; margin: 0; padding: 0; clear: both;\"><\/div>","protected":false},"excerpt":{"rendered":"<p>NEW YORK &#8211; L\u2019Alg\u00e9rien Noureddine Amir est triomphalement r\u00e9\u00e9lu au comit\u00e9 pour l\u2019\u00e9limination de la discrimination raciale de l\u2019ONU pour un cinqui\u00e8me mandat de quatre ans qui d\u00e9butera \u00e0 compter de janvier 2018, a-t-on appris vendredi aupr\u00e8s de la repr\u00e9sentation d\u2019Alg\u00e9rie \u00e0 New York. &#013; &#013; M. Amir a \u00e9t\u00e9 r\u00e9\u00e9lu \u00e0 la majorit\u00e9 \u00e9crasante<\/p>\n","protected":false},"author":6,"featured_media":0,"comment_status":"open","ping_status":"open","sticky":false,"template":"","format":"standard","meta":{"footnotes":""},"categories":[22],"tags":[93],"class_list":["post-13481","post","type-post","status-publish","format-standard","hentry","category-infos","tag-onu"],"yoast_head":"<!-- This site is optimized with the Yoast SEO plugin v27.5 - https:\/\/yoast.com\/product\/yoast-seo-wordpress\/ -->\n<title>Noureddine Amir r\u00e9\u00e9lu au Comit\u00e9 pour l\u2019\u00e9limination de la discrimination raciale de l\u2019ONU - info algerie<\/title>\n<meta name=\"robots\" content=\"index, follow, max-snippet:-1, max-image-preview:large, max-video-preview:-1\" \/>\n<link rel=\"canonical\" href=\"https:\/\/www.info-algerie.com\/actualites\/noureddine-amir-reelu-au-comite-pour-lelimination-de-la-discrimination-raciale-de-lonu\/\" \/>\n<meta property=\"og:locale\" content=\"fr_FR\" \/>\n<meta property=\"og:type\" content=\"article\" \/>\n<meta property=\"og:title\" content=\"Noureddine Amir r\u00e9\u00e9lu au Comit\u00e9 pour l\u2019\u00e9limination de la discrimination raciale de l\u2019ONU - info algerie\" \/>\n<meta property=\"og:description\" content=\"NEW YORK &#8211; L\u2019Alg\u00e9rien Noureddine Amir est triomphalement r\u00e9\u00e9lu au comit\u00e9 pour l\u2019\u00e9limination de la discrimination raciale de l\u2019ONU pour un cinqui\u00e8me mandat de quatre ans qui d\u00e9butera \u00e0 compter de janvier 2018, a-t-on appris vendredi aupr\u00e8s de la repr\u00e9sentation d\u2019Alg\u00e9rie \u00e0 New York. &#013; &#013; M. Amir a \u00e9t\u00e9 r\u00e9\u00e9lu \u00e0 la majorit\u00e9 \u00e9crasante\" \/>\n<meta property=\"og:url\" content=\"https:\/\/www.info-algerie.com\/actualites\/noureddine-amir-reelu-au-comite-pour-lelimination-de-la-discrimination-raciale-de-lonu\/\" \/>\n<meta property=\"og:site_name\" content=\"info algerie\" \/>\n<meta property=\"article:publisher\" content=\"https:\/\/www.facebook.com\/infoalgerieactu\" \/>\n<meta property=\"article:published_time\" content=\"2017-06-23T13:23:45+00:00\" \/>\n<meta name=\"author\" content=\"La r\u00e9daction\" \/>\n<meta name=\"twitter:label1\" content=\"\u00c9crit par\" \/>\n\t<meta name=\"twitter:data1\" content=\"La r\u00e9daction\" \/>\n\t<meta name=\"twitter:label2\" content=\"Dur\u00e9e de lecture estim\u00e9e\" \/>\n\t<meta name=\"twitter:data2\" content=\"1 minute\" \/>\n<script type=\"application\/ld+json\" class=\"yoast-schema-graph\">{\"@context\":\"https:\\\/\\\/schema.org\",\"@graph\":[{\"@type\":\"Article\",\"@id\":\"https:\\\/\\\/www.info-algerie.com\\\/actualites\\\/noureddine-amir-reelu-au-comite-pour-lelimination-de-la-discrimination-raciale-de-lonu\\\/#article\",\"isPartOf\":{\"@id\":\"https:\\\/\\\/www.info-algerie.com\\\/actualites\\\/noureddine-amir-reelu-au-comite-pour-lelimination-de-la-discrimination-raciale-de-lonu\\\/\"},\"author\":{\"name\":\"La r\u00e9daction\",\"@id\":\"https:\\\/\\\/www.info-algerie.com\\\/actualites\\\/#\\\/schema\\\/person\\\/847aaec44920825b843a08f30ec6aa1e\"},\"headline\":\"Noureddine Amir r\u00e9\u00e9lu au Comit\u00e9 pour l\u2019\u00e9limination de la discrimination raciale de l\u2019ONU\",\"datePublished\":\"2017-06-23T13:23:45+00:00\",\"mainEntityOfPage\":{\"@id\":\"https:\\\/\\\/www.info-algerie.com\\\/actualites\\\/noureddine-amir-reelu-au-comite-pour-lelimination-de-la-discrimination-raciale-de-lonu\\\/\"},\"wordCount\":316,\"commentCount\":0,\"publisher\":{\"@id\":\"https:\\\/\\\/www.info-algerie.com\\\/actualites\\\/#organization\"},\"keywords\":[\"ONU\"],\"articleSection\":[\"infos\"],\"inLanguage\":\"fr-FR\",\"potentialAction\":[{\"@type\":\"CommentAction\",\"name\":\"Comment\",\"target\":[\"https:\\\/\\\/www.info-algerie.com\\\/actualites\\\/noureddine-amir-reelu-au-comite-pour-lelimination-de-la-discrimination-raciale-de-lonu\\\/#respond\"]}]},{\"@type\":\"WebPage\",\"@id\":\"https:\\\/\\\/www.info-algerie.com\\\/actualites\\\/noureddine-amir-reelu-au-comite-pour-lelimination-de-la-discrimination-raciale-de-lonu\\\/\",\"url\":\"https:\\\/\\\/www.info-algerie.com\\\/actualites\\\/noureddine-amir-reelu-au-comite-pour-lelimination-de-la-discrimination-raciale-de-lonu\\\/\",\"name\":\"Noureddine Amir r\u00e9\u00e9lu au Comit\u00e9 pour l\u2019\u00e9limination de la discrimination raciale de l\u2019ONU - info algerie\",\"isPartOf\":{\"@id\":\"https:\\\/\\\/www.info-algerie.com\\\/actualites\\\/#website\"},\"datePublished\":\"2017-06-23T13:23:45+00:00\",\"breadcrumb\":{\"@id\":\"https:\\\/\\\/www.info-algerie.com\\\/actualites\\\/noureddine-amir-reelu-au-comite-pour-lelimination-de-la-discrimination-raciale-de-lonu\\\/#breadcrumb\"},\"inLanguage\":\"fr-FR\",\"potentialAction\":[{\"@type\":\"ReadAction\",\"target\":[\"https:\\\/\\\/www.info-algerie.com\\\/actualites\\\/noureddine-amir-reelu-au-comite-pour-lelimination-de-la-discrimination-raciale-de-lonu\\\/\"]}]},{\"@type\":\"BreadcrumbList\",\"@id\":\"https:\\\/\\\/www.info-algerie.com\\\/actualites\\\/noureddine-amir-reelu-au-comite-pour-lelimination-de-la-discrimination-raciale-de-lonu\\\/#breadcrumb\",\"itemListElement\":[{\"@type\":\"ListItem\",\"position\":1,\"name\":\"Accueil\",\"item\":\"https:\\\/\\\/www.info-algerie.com\\\/actualites\\\/\"},{\"@type\":\"ListItem\",\"position\":2,\"name\":\"Noureddine Amir r\u00e9\u00e9lu au Comit\u00e9 pour l\u2019\u00e9limination de la discrimination raciale de l\u2019ONU\"}]},{\"@type\":\"WebSite\",\"@id\":\"https:\\\/\\\/www.info-algerie.com\\\/actualites\\\/#website\",\"url\":\"https:\\\/\\\/www.info-algerie.com\\\/actualites\\\/\",\"name\":\"info algerie\",\"description\":\"Toutes les actualit\u00e9s\",\"publisher\":{\"@id\":\"https:\\\/\\\/www.info-algerie.com\\\/actualites\\\/#organization\"},\"potentialAction\":[{\"@type\":\"SearchAction\",\"target\":{\"@type\":\"EntryPoint\",\"urlTemplate\":\"https:\\\/\\\/www.info-algerie.com\\\/actualites\\\/?s={search_term_string}\"},\"query-input\":{\"@type\":\"PropertyValueSpecification\",\"valueRequired\":true,\"valueName\":\"search_term_string\"}}],\"inLanguage\":\"fr-FR\"},{\"@type\":\"Organization\",\"@id\":\"https:\\\/\\\/www.info-algerie.com\\\/actualites\\\/#organization\",\"name\":\"info algerie\",\"url\":\"https:\\\/\\\/www.info-algerie.com\\\/actualites\\\/\",\"logo\":{\"@type\":\"ImageObject\",\"inLanguage\":\"fr-FR\",\"@id\":\"https:\\\/\\\/www.info-algerie.com\\\/actualites\\\/#\\\/schema\\\/logo\\\/image\\\/\",\"url\":\"https:\\\/\\\/www.info-algerie.com\\\/actualites\\\/wp-content\\\/uploads\\\/2022\\\/07\\\/logo-ia-120.png\",\"contentUrl\":\"https:\\\/\\\/www.info-algerie.com\\\/actualites\\\/wp-content\\\/uploads\\\/2022\\\/07\\\/logo-ia-120.png\",\"width\":120,\"height\":43,\"caption\":\"info algerie\"},\"image\":{\"@id\":\"https:\\\/\\\/www.info-algerie.com\\\/actualites\\\/#\\\/schema\\\/logo\\\/image\\\/\"},\"sameAs\":[\"https:\\\/\\\/www.facebook.com\\\/infoalgerieactu\",\"https:\\\/\\\/x.com\\\/infoalgerie1\"]},{\"@type\":\"Person\",\"@id\":\"https:\\\/\\\/www.info-algerie.com\\\/actualites\\\/#\\\/schema\\\/person\\\/847aaec44920825b843a08f30ec6aa1e\",\"name\":\"La r\u00e9daction\",\"image\":{\"@type\":\"ImageObject\",\"inLanguage\":\"fr-FR\",\"@id\":\"https:\\\/\\\/secure.gravatar.com\\\/avatar\\\/769db425c6f465158149f1ffd6cf61ce7a8a879d11dfbef8288af36dfddd418c?s=96&d=mm&r=g\",\"url\":\"https:\\\/\\\/secure.gravatar.com\\\/avatar\\\/769db425c6f465158149f1ffd6cf61ce7a8a879d11dfbef8288af36dfddd418c?s=96&d=mm&r=g\",\"contentUrl\":\"https:\\\/\\\/secure.gravatar.com\\\/avatar\\\/769db425c6f465158149f1ffd6cf61ce7a8a879d11dfbef8288af36dfddd418c?s=96&d=mm&r=g\",\"caption\":\"La r\u00e9daction\"},\"sameAs\":[\"http:\\\/\\\/www.lkeria.com\\\/\"],\"url\":\"https:\\\/\\\/www.info-algerie.com\\\/actualites\\\/author\\\/chakib32\\\/\"}]}<\/script>\n<!-- \/ Yoast SEO plugin. -->","yoast_head_json":{"title":"Noureddine Amir r\u00e9\u00e9lu au Comit\u00e9 pour l\u2019\u00e9limination de la discrimination raciale de l\u2019ONU - info algerie","robots":{"index":"index","follow":"follow","max-snippet":"max-snippet:-1","max-image-preview":"max-image-preview:large","max-video-preview":"max-video-preview:-1"},"canonical":"https:\/\/www.info-algerie.com\/actualites\/noureddine-amir-reelu-au-comite-pour-lelimination-de-la-discrimination-raciale-de-lonu\/","og_locale":"fr_FR","og_type":"article","og_title":"Noureddine Amir r\u00e9\u00e9lu au Comit\u00e9 pour l\u2019\u00e9limination de la discrimination raciale de l\u2019ONU - info algerie","og_description":"NEW YORK &#8211; L\u2019Alg\u00e9rien Noureddine Amir est triomphalement r\u00e9\u00e9lu au comit\u00e9 pour l\u2019\u00e9limination de la discrimination raciale de l\u2019ONU pour un cinqui\u00e8me mandat de quatre ans qui d\u00e9butera \u00e0 compter de janvier 2018, a-t-on appris vendredi aupr\u00e8s de la repr\u00e9sentation d\u2019Alg\u00e9rie \u00e0 New York. &#013; &#013; M. Amir a \u00e9t\u00e9 r\u00e9\u00e9lu \u00e0 la majorit\u00e9 \u00e9crasante","og_url":"https:\/\/www.info-algerie.com\/actualites\/noureddine-amir-reelu-au-comite-pour-lelimination-de-la-discrimination-raciale-de-lonu\/","og_site_name":"info algerie","article_publisher":"https:\/\/www.facebook.com\/infoalgerieactu","article_published_time":"2017-06-23T13:23:45+00:00","author":"La r\u00e9daction","twitter_misc":{"\u00c9crit par":"La r\u00e9daction","Dur\u00e9e de lecture estim\u00e9e":"1 minute"},"schema":{"@context":"https:\/\/schema.org","@graph":[{"@type":"Article","@id":"https:\/\/www.info-algerie.com\/actualites\/noureddine-amir-reelu-au-comite-pour-lelimination-de-la-discrimination-raciale-de-lonu\/#article","isPartOf":{"@id":"https:\/\/www.info-algerie.com\/actualites\/noureddine-amir-reelu-au-comite-pour-lelimination-de-la-discrimination-raciale-de-lonu\/"},"author":{"name":"La r\u00e9daction","@id":"https:\/\/www.info-algerie.com\/actualites\/#\/schema\/person\/847aaec44920825b843a08f30ec6aa1e"},"headline":"Noureddine Amir r\u00e9\u00e9lu au Comit\u00e9 pour l\u2019\u00e9limination de la discrimination raciale de l\u2019ONU","datePublished":"2017-06-23T13:23:45+00:00","mainEntityOfPage":{"@id":"https:\/\/www.info-algerie.com\/actualites\/noureddine-amir-reelu-au-comite-pour-lelimination-de-la-discrimination-raciale-de-lonu\/"},"wordCount":316,"commentCount":0,"publisher":{"@id":"https:\/\/www.info-algerie.com\/actualites\/#organization"},"keywords":["ONU"],"articleSection":["infos"],"inLanguage":"fr-FR","potentialAction":[{"@type":"CommentAction","name":"Comment","target":["https:\/\/www.info-algerie.com\/actualites\/noureddine-amir-reelu-au-comite-pour-lelimination-de-la-discrimination-raciale-de-lonu\/#respond"]}]},{"@type":"WebPage","@id":"https:\/\/www.info-algerie.com\/actualites\/noureddine-amir-reelu-au-comite-pour-lelimination-de-la-discrimination-raciale-de-lonu\/","url":"https:\/\/www.info-algerie.com\/actualites\/noureddine-amir-reelu-au-comite-pour-lelimination-de-la-discrimination-raciale-de-lonu\/","name":"Noureddine Amir r\u00e9\u00e9lu au Comit\u00e9 pour l\u2019\u00e9limination de la discrimination raciale de l\u2019ONU - info algerie","isPartOf":{"@id":"https:\/\/www.info-algerie.com\/actualites\/#website"},"datePublished":"2017-06-23T13:23:45+00:00","breadcrumb":{"@id":"https:\/\/www.info-algerie.com\/actualites\/noureddine-amir-reelu-au-comite-pour-lelimination-de-la-discrimination-raciale-de-lonu\/#breadcrumb"},"inLanguage":"fr-FR","potentialAction":[{"@type":"ReadAction","target":["https:\/\/www.info-algerie.com\/actualites\/noureddine-amir-reelu-au-comite-pour-lelimination-de-la-discrimination-raciale-de-lonu\/"]}]},{"@type":"BreadcrumbList","@id":"https:\/\/www.info-algerie.com\/actualites\/noureddine-amir-reelu-au-comite-pour-lelimination-de-la-discrimination-raciale-de-lonu\/#breadcrumb","itemListElement":[{"@type":"ListItem","position":1,"name":"Accueil","item":"https:\/\/www.info-algerie.com\/actualites\/"},{"@type":"ListItem","position":2,"name":"Noureddine Amir r\u00e9\u00e9lu au Comit\u00e9 pour l\u2019\u00e9limination de la discrimination raciale de l\u2019ONU"}]},{"@type":"WebSite","@id":"https:\/\/www.info-algerie.com\/actualites\/#website","url":"https:\/\/www.info-algerie.com\/actualites\/","name":"info algerie","description":"Toutes les actualit\u00e9s","publisher":{"@id":"https:\/\/www.info-algerie.com\/actualites\/#organization"},"potentialAction":[{"@type":"SearchAction","target":{"@type":"EntryPoint","urlTemplate":"https:\/\/www.info-algerie.com\/actualites\/?s={search_term_string}"},"query-input":{"@type":"PropertyValueSpecification","valueRequired":true,"valueName":"search_term_string"}}],"inLanguage":"fr-FR"},{"@type":"Organization","@id":"https:\/\/www.info-algerie.com\/actualites\/#organization","name":"info algerie","url":"https:\/\/www.info-algerie.com\/actualites\/","logo":{"@type":"ImageObject","inLanguage":"fr-FR","@id":"https:\/\/www.info-algerie.com\/actualites\/#\/schema\/logo\/image\/","url":"https:\/\/www.info-algerie.com\/actualites\/wp-content\/uploads\/2022\/07\/logo-ia-120.png","contentUrl":"https:\/\/www.info-algerie.com\/actualites\/wp-content\/uploads\/2022\/07\/logo-ia-120.png","width":120,"height":43,"caption":"info algerie"},"image":{"@id":"https:\/\/www.info-algerie.com\/actualites\/#\/schema\/logo\/image\/"},"sameAs":["https:\/\/www.facebook.com\/infoalgerieactu","https:\/\/x.com\/infoalgerie1"]},{"@type":"Person","@id":"https:\/\/www.info-algerie.com\/actualites\/#\/schema\/person\/847aaec44920825b843a08f30ec6aa1e","name":"La r\u00e9daction","image":{"@type":"ImageObject","inLanguage":"fr-FR","@id":"https:\/\/secure.gravatar.com\/avatar\/769db425c6f465158149f1ffd6cf61ce7a8a879d11dfbef8288af36dfddd418c?s=96&d=mm&r=g","url":"https:\/\/secure.gravatar.com\/avatar\/769db425c6f465158149f1ffd6cf61ce7a8a879d11dfbef8288af36dfddd418c?s=96&d=mm&r=g","contentUrl":"https:\/\/secure.gravatar.com\/avatar\/769db425c6f465158149f1ffd6cf61ce7a8a879d11dfbef8288af36dfddd418c?s=96&d=mm&r=g","caption":"La r\u00e9daction"},"sameAs":["http:\/\/www.lkeria.com\/"],"url":"https:\/\/www.info-algerie.com\/actualites\/author\/chakib32\/"}]}},"_links":{"self":[{"href":"https:\/\/www.info-algerie.com\/actualites\/wp-json\/wp\/v2\/posts\/13481","targetHints":{"allow":["GET"]}}],"collection":[{"href":"https:\/\/www.info-algerie.com\/actualites\/wp-json\/wp\/v2\/posts"}],"about":[{"href":"https:\/\/www.info-algerie.com\/actualites\/wp-json\/wp\/v2\/types\/post"}],"author":[{"embeddable":true,"href":"https:\/\/www.info-algerie.com\/actualites\/wp-json\/wp\/v2\/users\/6"}],"replies":[{"embeddable":true,"href":"https:\/\/www.info-algerie.com\/actualites\/wp-json\/wp\/v2\/comments?post=13481"}],"version-history":[{"count":0,"href":"https:\/\/www.info-algerie.com\/actualites\/wp-json\/wp\/v2\/posts\/13481\/revisions"}],"wp:attachment":[{"href":"https:\/\/www.info-algerie.com\/actualites\/wp-json\/wp\/v2\/media?parent=13481"}],"wp:term":[{"taxonomy":"category","embeddable":true,"href":"https:\/\/www.info-algerie.com\/actualites\/wp-json\/wp\/v2\/categories?post=13481"},{"taxonomy":"post_tag","embeddable":true,"href":"https:\/\/www.info-algerie.com\/actualites\/wp-json\/wp\/v2\/tags?post=13481"}],"curies":[{"name":"wp","href":"https:\/\/api.w.org\/{rel}","templated":true}]}}