{"id":13483,"date":"2017-06-23T15:24:02","date_gmt":"2017-06-23T14:24:02","guid":{"rendered":"http:\/\/www.info-algerie.com\/actualites\/problematique-migratoire-pour-une-approche-globale-a-laquelle-lalgerie-a-toujours-adhere\/"},"modified":"2017-06-23T15:24:02","modified_gmt":"2017-06-23T14:24:02","slug":"problematique-migratoire-pour-une-approche-globale-a-laquelle-lalgerie-a-toujours-adhere","status":"publish","type":"post","link":"https:\/\/www.info-algerie.com\/actualites\/problematique-migratoire-pour-une-approche-globale-a-laquelle-lalgerie-a-toujours-adhere\/","title":{"rendered":"Probl\u00e9matique migratoire: pour une approche globale \u00e0 laquelle l&#039;Alg\u00e9rie a toujours adh\u00e9r\u00e9"},"content":{"rendered":"<div class=\"K2FeedImage\"><img decoding=\"async\" src=\"https:\/\/www.info-algerie.com\/actualites\/wp-content\/uploads\/2017\/06\/aca542a29ab29ee4d0e9a5bb53b30b01_S.jpg\" alt=\"Probl&#xE9;matique migratoire: pour une approche globale &#xE0; laquelle l'Alg&#xE9;rie a toujours adh&#xE9;r&#xE9;\" \/><\/div>\n<div class=\"K2FeedIntroText\">\n<p>KAMPALA (OUGANDA) &#8211; Le ministre des Affaires \u00e9trang\u00e8res, Abdelkader Messahel, a plaid\u00e9 vendredi \u00e0 Kampala en faveur d&rsquo;une action sur les causes profondes de la probl\u00e9matique migratoire par la promotion d\u2019\u00a0\u00bbune approche globale, int\u00e9gr\u00e9e, concert\u00e9e, \u00e9quilibr\u00e9e et solidaire\u00a0\u00bb \u00e0 laquelle l&rsquo;Alg\u00e9rie a toujours adh\u00e9r\u00e9.<\/p>\n<p>&#013;\n<\/p><\/div>\n<div class=\"K2FeedFullText\">&#013;<\/p>\n<p>\u00ab\u00a0Dans leur approche de la probl\u00e9matique migratoire, nos partenaires se doivent de reconnaitre, \u00e0 sa juste valeur, le fardeau, sans \u00e9gal ailleurs, ainsi port\u00e9 par les pays africains, et d\u2019agir en cons\u00e9quence sur les causes profondes de ces ph\u00e9nom\u00e8nes par la promotion d\u2019une approche globale, int\u00e9gr\u00e9e, concert\u00e9e, \u00e9quilibr\u00e9e et solidaire \u00e0 laquelle mon pays a toujours adh\u00e9r\u00e9\u00a0\u00bb, a soulign\u00e9 M. Messahel dans son allocution lors du <strong><a href=\"http:\/\/www.aps.dz\/monde\/59277-debut-des-travaux-du-sommet-de-kampala-sur-les-refugies\">Sommet sur les r\u00e9fugi\u00e9s qui se tient dans la capitale Ougandaise<\/a><\/strong>, rappelant, \u00e0 cette occasion, qu\u2019en ce qui concerne le ph\u00e9nom\u00e8ne migratoire \u00ab\u00a0l\u2019Afrique est le\u00a0 continent qui compte les flux intra-r\u00e9gionaux les plus importants au monde\u00a0\u00bb.<\/p>\n<p>&#013;<\/p>\n<p>Il a indiqu\u00e9 que sur un autre plan, \u00ab\u00a0si l\u2019on peut admettre que la responsabilit\u00e9 devra \u00eatre partag\u00e9e, elle ne saurait l\u2019\u00eatre dans une \u00e9gale mesure pour tous\u00a0\u00bb.<\/p>\n<p>&#013;<\/p>\n<p>\u00ab\u00a0Le fardeau r\u00e9sultant des cons\u00e9quences induites par la lutte contre la migration irr\u00e9guli\u00e8re ne saurait incomber aux seuls pays d\u2019origine, du reste d\u00e9munis face \u00e0 l\u2019ampleur de ce ph\u00e9nom\u00e8ne\u00a0\u00bb, a pr\u00e9cis\u00e9 le ministre des Affaires \u00e9trang\u00e8res.<\/p>\n<p>&#013;<\/p>\n<p>M. Messahel n&rsquo;a pas manqu\u00e9 de rappeler que l&rsquo;Alg\u00e9rie, confront\u00e9e, \u00e0 l\u2019instar de la plupart des pays du monde, au ph\u00e9nom\u00e8ne migratoire, et traditionnellement pays d\u2019origine, est devenue, au fil du temps, pays de transit et surtout de destination, accueillant, \u00ab\u00a0ces derni\u00e8res ann\u00e9es, plusieurs milliers de migrants originaires de pays fr\u00e8res subsahariens de son voisinage ainsi que des Syriens dont le nombre d\u00e9passe aujourd\u2019hui les quarante mille personnes\u00a0\u00bb.<\/p>\n<p>&#013;<\/p>\n<p>\u00ab\u00a0Consciente de son devoir de solidarit\u00e9 vis-\u00e0-vis de l\u2019ensemble de ces migrants, quelle qu\u2019en soit la nationalit\u00e9, et fid\u00e8le \u00e0 ses traditions d\u2019hospitalit\u00e9, l\u2019Alg\u00e9rie a consenti, en d\u00e9pit de moyens limit\u00e9s, des efforts notables pour leur assurer un h\u00e9bergement d\u00e9cent, pourvoir gratuitement \u00e0 leurs soins de sant\u00e9 et \u00e0 l\u2019\u00e9ducation de leurs enfants, et ouvrir, pour un nombre important d\u2019entre eux, son march\u00e9 du travail\u00a0\u00bb.<\/p>\n<p>&#013;<\/p>\n<p>\u00ab\u00a0Sensible au drame que vivent ces migrants, l\u2019Alg\u00e9rie continue \u00e0 mobiliser ses moyens propres pour leur exprimer au quotidien sa solidarit\u00e9 et son entraide\u00a0\u00bb, a-t-il not\u00e9, r\u00e9it\u00e9rant que \u00ab\u00a0c\u2019est dans ce m\u00eame esprit de solidarit\u00e9 que l\u2019Alg\u00e9rie accueille sur son sol plusieurs dizaine de milliers de sahraouis, contraints \u00e0 l\u2019exil, du fait de l\u2019occupation de leur\u00a0 territoire, et assure dans une large mesure avec ses moyens propres, la prise en charge de leurs besoins essentiels\u00a0\u00bb.<\/p>\n<p>&#013;<\/p>\n<p>Il a soulign\u00e9 \u00e0 cet \u00e9gard, que cette situation qui dure depuis des d\u00e9cennies, rappelle l\u2019\u00a0\u00bburgence du r\u00e8glement de ce conflit dans le cadre des r\u00e9solutions des Nations Unies \u00e0 travers la tenue d\u2019un r\u00e9f\u00e9rendum d\u2019autod\u00e9termination libre et r\u00e9gulier sous les auspices des Nations-Unies\u00a0\u00bb.<\/p>\n<p>&#013;<\/p>\n<p>\u00ab\u00a0Ce r\u00e8glement permettra aux r\u00e9fugi\u00e9s sahraouis de pouvoir enfin retourner dans leur pays en toute libert\u00e9 et s\u00e9curit\u00e9\u00a0\u00bb, a-t-il soutenu.<\/p>\n<p>&#013;<\/p>\n<p>M. Messahel a estim\u00e9 en outre, que la participation de l\u2019Alg\u00e9rie \u00e0 ce deuxi\u00e8me sommet \u00ab\u00a0qui se tient si opportun\u00e9ment dans cette m\u00eame capitale, se veut un nouveau t\u00e9moignage de solidarit\u00e9 et de soutien \u00e0 la R\u00e9publique de l\u2019Ouganda, \u00e0 ses dirigeants et \u00e0 son peuple, qui supportent, plus qu\u2019aucun autre pays en Afrique dans le reste du monde, le poids d\u2019un nombre toujours croissant de r\u00e9fugi\u00e9s de toutes nationalit\u00e9s.<\/p>\n<p>&#013;<\/p>\n<p>\u00ab\u00a0Nous nous r\u00e9unissons aujourd\u2019hui \u00e0 Kampala, une ann\u00e9e \u00e0 peine apr\u00e8s le Sommet de New-York de septembre 2016, d\u00e9di\u00e9 aux r\u00e9fugi\u00e9s et aux migrants.<\/p>\n<p>&#013;<\/p>\n<p>Ce Sommet fut un temps fort de l\u2019agenda diplomatique puisqu\u2019il a mis en exergue, pour la premi\u00e8re fois la probl\u00e9matique de ces millions de personnes contraints \u00e0 l\u2019exil, volontairement ou non, \u00e0 la recherche, d\u2019une part, de s\u00e9curit\u00e9 et de protection, et d\u2019autre part, lorsque les conditions le permettent, b\u00e9n\u00e9ficier d\u2019un relatif confort qui les met hors de port\u00e9e des pers\u00e9cutions, de la violence, des conflits internes, des guerres, des catastrophes \u00e9cologiques et de l\u2019ins\u00e9curit\u00e9 alimentaire\u00a0\u00bb, a-t-il encore soulign\u00e9.<\/p>\n<p>&#013;<\/p>\n<p>\u00a0<\/p>\n<p>&#013;<\/p>\n<p style=\"text-align: center\"><strong>L&rsquo;Alg\u00e9rie s&rsquo;associe \u00e0 l\u2019effort international en faveur des r\u00e9fugi\u00e9s sur le sol ougandais<\/strong><\/p>\n<p>&#013;<\/p>\n<p>\u00a0<\/p>\n<p>&#013;<\/p>\n<p>Tout en mettant en relief l&rsquo;urgence de faire b\u00e9n\u00e9ficier l&rsquo;Ouganda d'\u00a0\u00bbun soutien actif et solidaire\u00a0\u00bb de toute la communaut\u00e9 internationale qui devra se mat\u00e9rialiser \u00e0 travers l&rsquo;adoption d&rsquo;un plan d&rsquo;aide cons\u00e9quent, M. Messahel a fait savoir que pour sa part, \u00ab\u00a0l\u2019Alg\u00e9rie qui a eu par le pass\u00e9 \u00e0 t\u00e9moigner sa solidarit\u00e9 au peuple ougandais lors du premier Sommet de 2009, ne manquera pas de s\u2019associer, une fois encore, \u00e0 l\u2019effort que la communaut\u00e9 internationale compte mobiliser en faveur des r\u00e9fugi\u00e9s sur le sol ougandais\u00a0\u00bb.<\/p>\n<p>&#013;<\/p>\n<p>\u00ab\u00a0Je tiens enfin \u00e0 joindre mon appel \u00e0 ceux des dirigeants ougandais et de l\u2019ensemble de ceux des pays repr\u00e9sent\u00e9s \u00e0 ce Sommet, afin que la communaut\u00e9 internationale mobilise des moyens financiers suffisants pour permettre \u00e0 l\u2019Ouganda de poursuivre sa politique d\u2019accueil et de demeurer ce qu\u2019elle n\u2019a jamais cess\u00e9e d\u2019\u00eatre une terre d\u2019asile\u00a0\u00bb, a-t-il dit, soulignant l\u2019\u00a0\u00bbexemplarit\u00e9 dont fait preuve votre pays \u00e0 travers l\u2019accueil fraternel qu\u2019il r\u00e9serve \u00e0 des flux aussi massifs de r\u00e9fugi\u00e9s, et en pourvoyant g\u00e9n\u00e9reusement, en d\u00e9pit de moyens limit\u00e9s, \u00e0 leurs besoins essentiels\u00a0\u00bb.<\/p>\n<p>&#013;<\/p>\n<p>\u00ab\u00a0L\u2019Ouganda peut l\u00e9gitimement s\u2019enorgueillir d\u2019\u00eatre devenue un pays o\u00f9 viennent trouver refuge de nombreux migrants africains contraints, par la mis\u00e8re ou l\u2019ins\u00e9curit\u00e9, de prendre les chemins de l\u2019exil. Si cet afflux de r\u00e9fugi\u00e9s, facilit\u00e9 par une\u00a0 politique d\u2019ouverture des fronti\u00e8res, a pris les dimensions qui sont actuellement les siennes, c\u2019est aussi en raison de la libert\u00e9 de mouvement qui leur est reconnue, de la politique d\u2019autonomisation dont ils b\u00e9n\u00e9ficient, et de la possibilit\u00e9 qui leur est offerte d\u2019acc\u00e9der au march\u00e9 de travail, ainsi qu\u2019\u00e0 l\u2019\u00e9ducation et aux soins\u00a0\u00bb, a affirm\u00e9 M. Messahel assurant cependant, que \u00ab\u00a0puiser dans ses seules ressources ne saurait suffire pour faire face \u00e0 une pr\u00e9sence aussi importante de r\u00e9fugi\u00e9s\u00a0\u00bb.<\/p>\n<p>&#013;<\/p>\n<p>\u00ab\u00a0Cette situation n\u2019est pas sans cons\u00e9quences sur le d\u00e9veloppement \u00e9conomique et social du pays, et risque \u00e0 terme de devenir intenable si rien n\u2019est fait pour que ce fardeau soit, au moins partiellement, all\u00e9ger\u00a0\u00bb, a-t-il assur\u00e9.<\/p>\n<p>&#013;<\/p>\n<p><strong><a href=\"http:\/\/www.aps.dz\/algerie\/59223-messahel-representera-le-president-bouteflika-au-sommet-de-la-solidarite-sur-les-refugies-a-kampala\">Le ministre des Affaires \u00e9trang\u00e8res, Abdelkader Messahel, prend part au \u00ab\u00a0Sommet de la solidarit\u00e9 sur les r\u00e9fugi\u00e9s\u00a0\u00bb en qualit\u00e9 de repr\u00e9sentant du pr\u00e9sident de la R\u00e9publique, Abdelaziz Bouteflika.<\/a><\/strong><\/p>\n<p>&#013;<\/p>\n<p>Ce sommet, organis\u00e9 jeudi et vendredi, conjointement par le pr\u00e9sident ougandais, Yoweri Museveni, et le Secr\u00e9taire g\u00e9n\u00e9ral de l&rsquo;ONU, Antonio Guterres, se penche sur les questions inh\u00e9rentes \u00e0 la mise en \u0153uvre des engagements contenus dans la D\u00e9claration de New York pour les R\u00e9fugi\u00e9s et les migrants adopt\u00e9e par l&rsquo;Assembl\u00e9e g\u00e9n\u00e9rale de l&rsquo;ONU en septembre 2016.<\/p>\n<\/div>\n<p>&#013;<br \/>\nSource: <a href=\"http:\/\/www.aps.dz\/algerie\/59344-problematique-migratoire-pour-une-approche-globale-a-laquelle-l-algerie-a-toujours-adhere\" target=\"_blank\">Probl\u00e9matique migratoire: pour une approche globale \u00e0 laquelle l&rsquo;Alg\u00e9rie a toujours adh\u00e9r\u00e9<\/a><\/p>\n<!--CusAds0-->\n<div style=\"font-size: 0px; height: 0px; line-height: 0px; margin: 0; padding: 0; clear: both;\"><\/div>","protected":false},"excerpt":{"rendered":"<p>KAMPALA (OUGANDA) &#8211; Le ministre des Affaires \u00e9trang\u00e8res, Abdelkader Messahel, a plaid\u00e9 vendredi \u00e0 Kampala en faveur d&rsquo;une action sur les causes profondes de la probl\u00e9matique migratoire par la promotion d\u2019\u00a0\u00bbune approche globale, int\u00e9gr\u00e9e, concert\u00e9e, \u00e9quilibr\u00e9e et solidaire\u00a0\u00bb \u00e0 laquelle l&rsquo;Alg\u00e9rie a toujours adh\u00e9r\u00e9. &#013; &#013; \u00ab\u00a0Dans leur approche de la probl\u00e9matique migratoire, nos partenaires<\/p>\n","protected":false},"author":6,"featured_media":13484,"comment_status":"open","ping_status":"open","sticky":false,"template":"","format":"standard","meta":{"footnotes":""},"categories":[22],"tags":[93],"class_list":["post-13483","post","type-post","status-publish","format-standard","has-post-thumbnail","hentry","category-infos","tag-onu"],"yoast_head":"<!-- This site is optimized with the Yoast SEO plugin v27.5 - https:\/\/yoast.com\/product\/yoast-seo-wordpress\/ -->\n<title>Probl\u00e9matique migratoire: pour une approche globale \u00e0 laquelle l&#039;Alg\u00e9rie a toujours adh\u00e9r\u00e9 - info algerie<\/title>\n<meta name=\"robots\" content=\"index, follow, max-snippet:-1, max-image-preview:large, max-video-preview:-1\" \/>\n<link rel=\"canonical\" href=\"https:\/\/www.info-algerie.com\/actualites\/problematique-migratoire-pour-une-approche-globale-a-laquelle-lalgerie-a-toujours-adhere\/\" \/>\n<meta property=\"og:locale\" content=\"fr_FR\" \/>\n<meta property=\"og:type\" content=\"article\" \/>\n<meta property=\"og:title\" content=\"Probl\u00e9matique migratoire: pour une approche globale \u00e0 laquelle l&#039;Alg\u00e9rie a toujours adh\u00e9r\u00e9 - info algerie\" \/>\n<meta property=\"og:description\" content=\"KAMPALA (OUGANDA) &#8211; Le ministre des Affaires \u00e9trang\u00e8res, Abdelkader Messahel, a plaid\u00e9 vendredi \u00e0 Kampala en faveur d&rsquo;une action sur les causes profondes de la probl\u00e9matique migratoire par la promotion d\u2019\u00a0\u00bbune approche globale, int\u00e9gr\u00e9e, concert\u00e9e, \u00e9quilibr\u00e9e et solidaire\u00a0\u00bb \u00e0 laquelle l&rsquo;Alg\u00e9rie a toujours adh\u00e9r\u00e9. &#013; &#013; \u00ab\u00a0Dans leur approche de la probl\u00e9matique migratoire, nos partenaires\" \/>\n<meta property=\"og:url\" content=\"https:\/\/www.info-algerie.com\/actualites\/problematique-migratoire-pour-une-approche-globale-a-laquelle-lalgerie-a-toujours-adhere\/\" \/>\n<meta property=\"og:site_name\" content=\"info algerie\" \/>\n<meta property=\"article:publisher\" content=\"https:\/\/www.facebook.com\/infoalgerieactu\" \/>\n<meta property=\"article:published_time\" content=\"2017-06-23T14:24:02+00:00\" \/>\n<meta property=\"og:image\" content=\"https:\/\/www.info-algerie.com\/actualites\/wp-content\/uploads\/2017\/06\/aca542a29ab29ee4d0e9a5bb53b30b01_S-1.jpg\" \/>\n\t<meta property=\"og:image:width\" content=\"280\" \/>\n\t<meta property=\"og:image:height\" content=\"169\" \/>\n\t<meta property=\"og:image:type\" content=\"image\/jpeg\" \/>\n<meta name=\"author\" content=\"La r\u00e9daction\" \/>\n<meta name=\"twitter:label1\" content=\"\u00c9crit par\" \/>\n\t<meta name=\"twitter:data1\" content=\"La r\u00e9daction\" \/>\n\t<meta name=\"twitter:label2\" content=\"Dur\u00e9e de lecture estim\u00e9e\" \/>\n\t<meta name=\"twitter:data2\" content=\"6 minutes\" \/>\n<script type=\"application\/ld+json\" class=\"yoast-schema-graph\">{\"@context\":\"https:\\\/\\\/schema.org\",\"@graph\":[{\"@type\":\"Article\",\"@id\":\"https:\\\/\\\/www.info-algerie.com\\\/actualites\\\/problematique-migratoire-pour-une-approche-globale-a-laquelle-lalgerie-a-toujours-adhere\\\/#article\",\"isPartOf\":{\"@id\":\"https:\\\/\\\/www.info-algerie.com\\\/actualites\\\/problematique-migratoire-pour-une-approche-globale-a-laquelle-lalgerie-a-toujours-adhere\\\/\"},\"author\":{\"name\":\"La r\u00e9daction\",\"@id\":\"https:\\\/\\\/www.info-algerie.com\\\/actualites\\\/#\\\/schema\\\/person\\\/847aaec44920825b843a08f30ec6aa1e\"},\"headline\":\"Probl\u00e9matique migratoire: pour une approche globale \u00e0 laquelle l&#039;Alg\u00e9rie a toujours adh\u00e9r\u00e9\",\"datePublished\":\"2017-06-23T14:24:02+00:00\",\"mainEntityOfPage\":{\"@id\":\"https:\\\/\\\/www.info-algerie.com\\\/actualites\\\/problematique-migratoire-pour-une-approche-globale-a-laquelle-lalgerie-a-toujours-adhere\\\/\"},\"wordCount\":1285,\"commentCount\":0,\"publisher\":{\"@id\":\"https:\\\/\\\/www.info-algerie.com\\\/actualites\\\/#organization\"},\"image\":{\"@id\":\"https:\\\/\\\/www.info-algerie.com\\\/actualites\\\/problematique-migratoire-pour-une-approche-globale-a-laquelle-lalgerie-a-toujours-adhere\\\/#primaryimage\"},\"thumbnailUrl\":\"https:\\\/\\\/www.info-algerie.com\\\/actualites\\\/wp-content\\\/uploads\\\/2017\\\/06\\\/aca542a29ab29ee4d0e9a5bb53b30b01_S-1.jpg\",\"keywords\":[\"ONU\"],\"articleSection\":[\"infos\"],\"inLanguage\":\"fr-FR\",\"potentialAction\":[{\"@type\":\"CommentAction\",\"name\":\"Comment\",\"target\":[\"https:\\\/\\\/www.info-algerie.com\\\/actualites\\\/problematique-migratoire-pour-une-approche-globale-a-laquelle-lalgerie-a-toujours-adhere\\\/#respond\"]}]},{\"@type\":\"WebPage\",\"@id\":\"https:\\\/\\\/www.info-algerie.com\\\/actualites\\\/problematique-migratoire-pour-une-approche-globale-a-laquelle-lalgerie-a-toujours-adhere\\\/\",\"url\":\"https:\\\/\\\/www.info-algerie.com\\\/actualites\\\/problematique-migratoire-pour-une-approche-globale-a-laquelle-lalgerie-a-toujours-adhere\\\/\",\"name\":\"Probl\u00e9matique migratoire: pour une approche globale \u00e0 laquelle l&#039;Alg\u00e9rie a toujours adh\u00e9r\u00e9 - info algerie\",\"isPartOf\":{\"@id\":\"https:\\\/\\\/www.info-algerie.com\\\/actualites\\\/#website\"},\"primaryImageOfPage\":{\"@id\":\"https:\\\/\\\/www.info-algerie.com\\\/actualites\\\/problematique-migratoire-pour-une-approche-globale-a-laquelle-lalgerie-a-toujours-adhere\\\/#primaryimage\"},\"image\":{\"@id\":\"https:\\\/\\\/www.info-algerie.com\\\/actualites\\\/problematique-migratoire-pour-une-approche-globale-a-laquelle-lalgerie-a-toujours-adhere\\\/#primaryimage\"},\"thumbnailUrl\":\"https:\\\/\\\/www.info-algerie.com\\\/actualites\\\/wp-content\\\/uploads\\\/2017\\\/06\\\/aca542a29ab29ee4d0e9a5bb53b30b01_S-1.jpg\",\"datePublished\":\"2017-06-23T14:24:02+00:00\",\"breadcrumb\":{\"@id\":\"https:\\\/\\\/www.info-algerie.com\\\/actualites\\\/problematique-migratoire-pour-une-approche-globale-a-laquelle-lalgerie-a-toujours-adhere\\\/#breadcrumb\"},\"inLanguage\":\"fr-FR\",\"potentialAction\":[{\"@type\":\"ReadAction\",\"target\":[\"https:\\\/\\\/www.info-algerie.com\\\/actualites\\\/problematique-migratoire-pour-une-approche-globale-a-laquelle-lalgerie-a-toujours-adhere\\\/\"]}]},{\"@type\":\"ImageObject\",\"inLanguage\":\"fr-FR\",\"@id\":\"https:\\\/\\\/www.info-algerie.com\\\/actualites\\\/problematique-migratoire-pour-une-approche-globale-a-laquelle-lalgerie-a-toujours-adhere\\\/#primaryimage\",\"url\":\"https:\\\/\\\/www.info-algerie.com\\\/actualites\\\/wp-content\\\/uploads\\\/2017\\\/06\\\/aca542a29ab29ee4d0e9a5bb53b30b01_S-1.jpg\",\"contentUrl\":\"https:\\\/\\\/www.info-algerie.com\\\/actualites\\\/wp-content\\\/uploads\\\/2017\\\/06\\\/aca542a29ab29ee4d0e9a5bb53b30b01_S-1.jpg\",\"width\":280,\"height\":169},{\"@type\":\"BreadcrumbList\",\"@id\":\"https:\\\/\\\/www.info-algerie.com\\\/actualites\\\/problematique-migratoire-pour-une-approche-globale-a-laquelle-lalgerie-a-toujours-adhere\\\/#breadcrumb\",\"itemListElement\":[{\"@type\":\"ListItem\",\"position\":1,\"name\":\"Accueil\",\"item\":\"https:\\\/\\\/www.info-algerie.com\\\/actualites\\\/\"},{\"@type\":\"ListItem\",\"position\":2,\"name\":\"Probl\u00e9matique migratoire: pour une approche globale \u00e0 laquelle l&#039;Alg\u00e9rie a toujours adh\u00e9r\u00e9\"}]},{\"@type\":\"WebSite\",\"@id\":\"https:\\\/\\\/www.info-algerie.com\\\/actualites\\\/#website\",\"url\":\"https:\\\/\\\/www.info-algerie.com\\\/actualites\\\/\",\"name\":\"info algerie\",\"description\":\"Toutes les actualit\u00e9s\",\"publisher\":{\"@id\":\"https:\\\/\\\/www.info-algerie.com\\\/actualites\\\/#organization\"},\"potentialAction\":[{\"@type\":\"SearchAction\",\"target\":{\"@type\":\"EntryPoint\",\"urlTemplate\":\"https:\\\/\\\/www.info-algerie.com\\\/actualites\\\/?s={search_term_string}\"},\"query-input\":{\"@type\":\"PropertyValueSpecification\",\"valueRequired\":true,\"valueName\":\"search_term_string\"}}],\"inLanguage\":\"fr-FR\"},{\"@type\":\"Organization\",\"@id\":\"https:\\\/\\\/www.info-algerie.com\\\/actualites\\\/#organization\",\"name\":\"info algerie\",\"url\":\"https:\\\/\\\/www.info-algerie.com\\\/actualites\\\/\",\"logo\":{\"@type\":\"ImageObject\",\"inLanguage\":\"fr-FR\",\"@id\":\"https:\\\/\\\/www.info-algerie.com\\\/actualites\\\/#\\\/schema\\\/logo\\\/image\\\/\",\"url\":\"https:\\\/\\\/www.info-algerie.com\\\/actualites\\\/wp-content\\\/uploads\\\/2022\\\/07\\\/logo-ia-120.png\",\"contentUrl\":\"https:\\\/\\\/www.info-algerie.com\\\/actualites\\\/wp-content\\\/uploads\\\/2022\\\/07\\\/logo-ia-120.png\",\"width\":120,\"height\":43,\"caption\":\"info algerie\"},\"image\":{\"@id\":\"https:\\\/\\\/www.info-algerie.com\\\/actualites\\\/#\\\/schema\\\/logo\\\/image\\\/\"},\"sameAs\":[\"https:\\\/\\\/www.facebook.com\\\/infoalgerieactu\",\"https:\\\/\\\/x.com\\\/infoalgerie1\"]},{\"@type\":\"Person\",\"@id\":\"https:\\\/\\\/www.info-algerie.com\\\/actualites\\\/#\\\/schema\\\/person\\\/847aaec44920825b843a08f30ec6aa1e\",\"name\":\"La r\u00e9daction\",\"image\":{\"@type\":\"ImageObject\",\"inLanguage\":\"fr-FR\",\"@id\":\"https:\\\/\\\/secure.gravatar.com\\\/avatar\\\/769db425c6f465158149f1ffd6cf61ce7a8a879d11dfbef8288af36dfddd418c?s=96&d=mm&r=g\",\"url\":\"https:\\\/\\\/secure.gravatar.com\\\/avatar\\\/769db425c6f465158149f1ffd6cf61ce7a8a879d11dfbef8288af36dfddd418c?s=96&d=mm&r=g\",\"contentUrl\":\"https:\\\/\\\/secure.gravatar.com\\\/avatar\\\/769db425c6f465158149f1ffd6cf61ce7a8a879d11dfbef8288af36dfddd418c?s=96&d=mm&r=g\",\"caption\":\"La r\u00e9daction\"},\"sameAs\":[\"http:\\\/\\\/www.lkeria.com\\\/\"],\"url\":\"https:\\\/\\\/www.info-algerie.com\\\/actualites\\\/author\\\/chakib32\\\/\"}]}<\/script>\n<!-- \/ Yoast SEO plugin. -->","yoast_head_json":{"title":"Probl\u00e9matique migratoire: pour une approche globale \u00e0 laquelle l&#039;Alg\u00e9rie a toujours adh\u00e9r\u00e9 - info algerie","robots":{"index":"index","follow":"follow","max-snippet":"max-snippet:-1","max-image-preview":"max-image-preview:large","max-video-preview":"max-video-preview:-1"},"canonical":"https:\/\/www.info-algerie.com\/actualites\/problematique-migratoire-pour-une-approche-globale-a-laquelle-lalgerie-a-toujours-adhere\/","og_locale":"fr_FR","og_type":"article","og_title":"Probl\u00e9matique migratoire: pour une approche globale \u00e0 laquelle l&#039;Alg\u00e9rie a toujours adh\u00e9r\u00e9 - info algerie","og_description":"KAMPALA (OUGANDA) &#8211; Le ministre des Affaires \u00e9trang\u00e8res, Abdelkader Messahel, a plaid\u00e9 vendredi \u00e0 Kampala en faveur d&rsquo;une action sur les causes profondes de la probl\u00e9matique migratoire par la promotion d\u2019\u00a0\u00bbune approche globale, int\u00e9gr\u00e9e, concert\u00e9e, \u00e9quilibr\u00e9e et solidaire\u00a0\u00bb \u00e0 laquelle l&rsquo;Alg\u00e9rie a toujours adh\u00e9r\u00e9. &#013; &#013; \u00ab\u00a0Dans leur approche de la probl\u00e9matique migratoire, nos partenaires","og_url":"https:\/\/www.info-algerie.com\/actualites\/problematique-migratoire-pour-une-approche-globale-a-laquelle-lalgerie-a-toujours-adhere\/","og_site_name":"info algerie","article_publisher":"https:\/\/www.facebook.com\/infoalgerieactu","article_published_time":"2017-06-23T14:24:02+00:00","og_image":[{"width":280,"height":169,"url":"https:\/\/www.info-algerie.com\/actualites\/wp-content\/uploads\/2017\/06\/aca542a29ab29ee4d0e9a5bb53b30b01_S-1.jpg","type":"image\/jpeg"}],"author":"La r\u00e9daction","twitter_misc":{"\u00c9crit par":"La r\u00e9daction","Dur\u00e9e de lecture estim\u00e9e":"6 minutes"},"schema":{"@context":"https:\/\/schema.org","@graph":[{"@type":"Article","@id":"https:\/\/www.info-algerie.com\/actualites\/problematique-migratoire-pour-une-approche-globale-a-laquelle-lalgerie-a-toujours-adhere\/#article","isPartOf":{"@id":"https:\/\/www.info-algerie.com\/actualites\/problematique-migratoire-pour-une-approche-globale-a-laquelle-lalgerie-a-toujours-adhere\/"},"author":{"name":"La r\u00e9daction","@id":"https:\/\/www.info-algerie.com\/actualites\/#\/schema\/person\/847aaec44920825b843a08f30ec6aa1e"},"headline":"Probl\u00e9matique migratoire: pour une approche globale \u00e0 laquelle l&#039;Alg\u00e9rie a toujours adh\u00e9r\u00e9","datePublished":"2017-06-23T14:24:02+00:00","mainEntityOfPage":{"@id":"https:\/\/www.info-algerie.com\/actualites\/problematique-migratoire-pour-une-approche-globale-a-laquelle-lalgerie-a-toujours-adhere\/"},"wordCount":1285,"commentCount":0,"publisher":{"@id":"https:\/\/www.info-algerie.com\/actualites\/#organization"},"image":{"@id":"https:\/\/www.info-algerie.com\/actualites\/problematique-migratoire-pour-une-approche-globale-a-laquelle-lalgerie-a-toujours-adhere\/#primaryimage"},"thumbnailUrl":"https:\/\/www.info-algerie.com\/actualites\/wp-content\/uploads\/2017\/06\/aca542a29ab29ee4d0e9a5bb53b30b01_S-1.jpg","keywords":["ONU"],"articleSection":["infos"],"inLanguage":"fr-FR","potentialAction":[{"@type":"CommentAction","name":"Comment","target":["https:\/\/www.info-algerie.com\/actualites\/problematique-migratoire-pour-une-approche-globale-a-laquelle-lalgerie-a-toujours-adhere\/#respond"]}]},{"@type":"WebPage","@id":"https:\/\/www.info-algerie.com\/actualites\/problematique-migratoire-pour-une-approche-globale-a-laquelle-lalgerie-a-toujours-adhere\/","url":"https:\/\/www.info-algerie.com\/actualites\/problematique-migratoire-pour-une-approche-globale-a-laquelle-lalgerie-a-toujours-adhere\/","name":"Probl\u00e9matique migratoire: pour une approche globale \u00e0 laquelle l&#039;Alg\u00e9rie a toujours adh\u00e9r\u00e9 - info algerie","isPartOf":{"@id":"https:\/\/www.info-algerie.com\/actualites\/#website"},"primaryImageOfPage":{"@id":"https:\/\/www.info-algerie.com\/actualites\/problematique-migratoire-pour-une-approche-globale-a-laquelle-lalgerie-a-toujours-adhere\/#primaryimage"},"image":{"@id":"https:\/\/www.info-algerie.com\/actualites\/problematique-migratoire-pour-une-approche-globale-a-laquelle-lalgerie-a-toujours-adhere\/#primaryimage"},"thumbnailUrl":"https:\/\/www.info-algerie.com\/actualites\/wp-content\/uploads\/2017\/06\/aca542a29ab29ee4d0e9a5bb53b30b01_S-1.jpg","datePublished":"2017-06-23T14:24:02+00:00","breadcrumb":{"@id":"https:\/\/www.info-algerie.com\/actualites\/problematique-migratoire-pour-une-approche-globale-a-laquelle-lalgerie-a-toujours-adhere\/#breadcrumb"},"inLanguage":"fr-FR","potentialAction":[{"@type":"ReadAction","target":["https:\/\/www.info-algerie.com\/actualites\/problematique-migratoire-pour-une-approche-globale-a-laquelle-lalgerie-a-toujours-adhere\/"]}]},{"@type":"ImageObject","inLanguage":"fr-FR","@id":"https:\/\/www.info-algerie.com\/actualites\/problematique-migratoire-pour-une-approche-globale-a-laquelle-lalgerie-a-toujours-adhere\/#primaryimage","url":"https:\/\/www.info-algerie.com\/actualites\/wp-content\/uploads\/2017\/06\/aca542a29ab29ee4d0e9a5bb53b30b01_S-1.jpg","contentUrl":"https:\/\/www.info-algerie.com\/actualites\/wp-content\/uploads\/2017\/06\/aca542a29ab29ee4d0e9a5bb53b30b01_S-1.jpg","width":280,"height":169},{"@type":"BreadcrumbList","@id":"https:\/\/www.info-algerie.com\/actualites\/problematique-migratoire-pour-une-approche-globale-a-laquelle-lalgerie-a-toujours-adhere\/#breadcrumb","itemListElement":[{"@type":"ListItem","position":1,"name":"Accueil","item":"https:\/\/www.info-algerie.com\/actualites\/"},{"@type":"ListItem","position":2,"name":"Probl\u00e9matique migratoire: pour une approche globale \u00e0 laquelle l&#039;Alg\u00e9rie a toujours adh\u00e9r\u00e9"}]},{"@type":"WebSite","@id":"https:\/\/www.info-algerie.com\/actualites\/#website","url":"https:\/\/www.info-algerie.com\/actualites\/","name":"info algerie","description":"Toutes les actualit\u00e9s","publisher":{"@id":"https:\/\/www.info-algerie.com\/actualites\/#organization"},"potentialAction":[{"@type":"SearchAction","target":{"@type":"EntryPoint","urlTemplate":"https:\/\/www.info-algerie.com\/actualites\/?s={search_term_string}"},"query-input":{"@type":"PropertyValueSpecification","valueRequired":true,"valueName":"search_term_string"}}],"inLanguage":"fr-FR"},{"@type":"Organization","@id":"https:\/\/www.info-algerie.com\/actualites\/#organization","name":"info algerie","url":"https:\/\/www.info-algerie.com\/actualites\/","logo":{"@type":"ImageObject","inLanguage":"fr-FR","@id":"https:\/\/www.info-algerie.com\/actualites\/#\/schema\/logo\/image\/","url":"https:\/\/www.info-algerie.com\/actualites\/wp-content\/uploads\/2022\/07\/logo-ia-120.png","contentUrl":"https:\/\/www.info-algerie.com\/actualites\/wp-content\/uploads\/2022\/07\/logo-ia-120.png","width":120,"height":43,"caption":"info algerie"},"image":{"@id":"https:\/\/www.info-algerie.com\/actualites\/#\/schema\/logo\/image\/"},"sameAs":["https:\/\/www.facebook.com\/infoalgerieactu","https:\/\/x.com\/infoalgerie1"]},{"@type":"Person","@id":"https:\/\/www.info-algerie.com\/actualites\/#\/schema\/person\/847aaec44920825b843a08f30ec6aa1e","name":"La r\u00e9daction","image":{"@type":"ImageObject","inLanguage":"fr-FR","@id":"https:\/\/secure.gravatar.com\/avatar\/769db425c6f465158149f1ffd6cf61ce7a8a879d11dfbef8288af36dfddd418c?s=96&d=mm&r=g","url":"https:\/\/secure.gravatar.com\/avatar\/769db425c6f465158149f1ffd6cf61ce7a8a879d11dfbef8288af36dfddd418c?s=96&d=mm&r=g","contentUrl":"https:\/\/secure.gravatar.com\/avatar\/769db425c6f465158149f1ffd6cf61ce7a8a879d11dfbef8288af36dfddd418c?s=96&d=mm&r=g","caption":"La r\u00e9daction"},"sameAs":["http:\/\/www.lkeria.com\/"],"url":"https:\/\/www.info-algerie.com\/actualites\/author\/chakib32\/"}]}},"_links":{"self":[{"href":"https:\/\/www.info-algerie.com\/actualites\/wp-json\/wp\/v2\/posts\/13483","targetHints":{"allow":["GET"]}}],"collection":[{"href":"https:\/\/www.info-algerie.com\/actualites\/wp-json\/wp\/v2\/posts"}],"about":[{"href":"https:\/\/www.info-algerie.com\/actualites\/wp-json\/wp\/v2\/types\/post"}],"author":[{"embeddable":true,"href":"https:\/\/www.info-algerie.com\/actualites\/wp-json\/wp\/v2\/users\/6"}],"replies":[{"embeddable":true,"href":"https:\/\/www.info-algerie.com\/actualites\/wp-json\/wp\/v2\/comments?post=13483"}],"version-history":[{"count":0,"href":"https:\/\/www.info-algerie.com\/actualites\/wp-json\/wp\/v2\/posts\/13483\/revisions"}],"wp:featuredmedia":[{"embeddable":true,"href":"https:\/\/www.info-algerie.com\/actualites\/wp-json\/wp\/v2\/media\/13484"}],"wp:attachment":[{"href":"https:\/\/www.info-algerie.com\/actualites\/wp-json\/wp\/v2\/media?parent=13483"}],"wp:term":[{"taxonomy":"category","embeddable":true,"href":"https:\/\/www.info-algerie.com\/actualites\/wp-json\/wp\/v2\/categories?post=13483"},{"taxonomy":"post_tag","embeddable":true,"href":"https:\/\/www.info-algerie.com\/actualites\/wp-json\/wp\/v2\/tags?post=13483"}],"curies":[{"name":"wp","href":"https:\/\/api.w.org\/{rel}","templated":true}]}}