{"id":13488,"date":"2017-06-23T16:26:51","date_gmt":"2017-06-23T15:26:51","guid":{"rendered":"http:\/\/www.info-algerie.com\/actualites\/benghabrit-recoit-les-ambassadeurs-de-lunion-europeenne-et-de-la-france\/"},"modified":"2017-06-23T16:26:51","modified_gmt":"2017-06-23T15:26:51","slug":"benghabrit-recoit-les-ambassadeurs-de-lunion-europeenne-et-de-la-france","status":"publish","type":"post","link":"https:\/\/www.info-algerie.com\/actualites\/benghabrit-recoit-les-ambassadeurs-de-lunion-europeenne-et-de-la-france\/","title":{"rendered":"Benghabrit re\u00e7oit les ambassadeurs de l&#039;Union europ\u00e9enne et de la France"},"content":{"rendered":"<div class=\"K2FeedIntroText\">\n<p>ALGER &#8211; La ministre de l&rsquo;Education nationale, Nouria Benghabrit, a re\u00e7u jeudi \u00e0 Alger, l&rsquo;ambassadeur de l&rsquo;Union europ\u00e9enne, John O&rsquo;Rourke, et l&rsquo;ambassadeur de France, Bernard Emi\u00e9, avec lesquels elle a \u00e9voqu\u00e9 l'\u00a0\u00bb\u00e9tat des relations dans le domaine de l&rsquo;\u00e9ducation, indique le minist\u00e8re dans un communiqu\u00e9.<\/p>\n<p>&#013;\n<\/p><\/div>\n<div class=\"K2FeedFullText\">&#013;<\/p>\n<p>Mme Benghabrit\u00a0 qui a re\u00e7u d&rsquo;abord, John O&rsquo;Rourke, a pass\u00e9 en revue l&rsquo;\u00e9tat des relations et de la coop\u00e9ration dans le domaine de l&rsquo;\u00e9ducation et les voies et moyens de les am\u00e9liorer, pr\u00e9cise la m\u00eame source.<\/p>\n<p>&#013;<\/p>\n<p>Elle a \u00e9galement, re\u00e7u l'\u00a0\u00bbambassadeur de France en Alg\u00e9rie, Benard Emi\u00e9, qui lui rendait une visite d&rsquo;adieu et de courtoisie, suite \u00e0 sa fin de mission en Alg\u00e9rie\u00a0\u00bb, ajoute le communiqu\u00e9.<\/p>\n<p>&#013;<\/p>\n<p class=\"MsoNormal\">La rencontre a permis aux deux parties de faire le point sur les relations bilat\u00e9rales dans le domaine de l&rsquo;\u00e9ducation, est-il pr\u00e9cis\u00e9.<\/p>\n<\/div>\n<p>&#013;<br \/>\nSource: <a href=\"http:\/\/www.aps.dz\/algerie\/59356-benghabrit-recoit-les-ambassadeurs-de-l-union-europeenne-et-de-la-france\" target=\"_blank\">Benghabrit re\u00e7oit les ambassadeurs de l&rsquo;Union europ\u00e9enne et de la France<\/a><\/p>\n<!--CusAds0-->\n<div style=\"font-size: 0px; height: 0px; line-height: 0px; margin: 0; padding: 0; clear: both;\"><\/div>","protected":false},"excerpt":{"rendered":"<p>ALGER &#8211; La ministre de l&rsquo;Education nationale, Nouria Benghabrit, a re\u00e7u jeudi \u00e0 Alger, l&rsquo;ambassadeur de l&rsquo;Union europ\u00e9enne, John O&rsquo;Rourke, et l&rsquo;ambassadeur de France, Bernard Emi\u00e9, avec lesquels elle a \u00e9voqu\u00e9 l&rsquo;\u00a0\u00bb\u00e9tat des relations dans le domaine de l&rsquo;\u00e9ducation, indique le minist\u00e8re dans un communiqu\u00e9. &#013; &#013; Mme Benghabrit\u00a0 qui a re\u00e7u d&rsquo;abord, John O&rsquo;Rourke,<\/p>\n","protected":false},"author":6,"featured_media":0,"comment_status":"open","ping_status":"open","sticky":false,"template":"","format":"standard","meta":{"footnotes":""},"categories":[22],"tags":[93],"class_list":["post-13488","post","type-post","status-publish","format-standard","hentry","category-infos","tag-onu"],"yoast_head":"<!-- This site is optimized with the Yoast SEO plugin v27.5 - https:\/\/yoast.com\/product\/yoast-seo-wordpress\/ -->\n<title>Benghabrit re\u00e7oit les ambassadeurs de l&#039;Union europ\u00e9enne et de la France - info algerie<\/title>\n<meta name=\"robots\" content=\"index, follow, max-snippet:-1, max-image-preview:large, max-video-preview:-1\" \/>\n<link rel=\"canonical\" href=\"https:\/\/www.info-algerie.com\/actualites\/benghabrit-recoit-les-ambassadeurs-de-lunion-europeenne-et-de-la-france\/\" \/>\n<meta property=\"og:locale\" content=\"fr_FR\" \/>\n<meta property=\"og:type\" content=\"article\" \/>\n<meta property=\"og:title\" content=\"Benghabrit re\u00e7oit les ambassadeurs de l&#039;Union europ\u00e9enne et de la France - info algerie\" \/>\n<meta property=\"og:description\" content=\"ALGER &#8211; La ministre de l&rsquo;Education nationale, Nouria Benghabrit, a re\u00e7u jeudi \u00e0 Alger, l&rsquo;ambassadeur de l&rsquo;Union europ\u00e9enne, John O&rsquo;Rourke, et l&rsquo;ambassadeur de France, Bernard Emi\u00e9, avec lesquels elle a \u00e9voqu\u00e9 l&#039;\u00a0\u00bb\u00e9tat des relations dans le domaine de l&rsquo;\u00e9ducation, indique le minist\u00e8re dans un communiqu\u00e9. &#013; &#013; Mme Benghabrit\u00a0 qui a re\u00e7u d&rsquo;abord, John O&rsquo;Rourke,\" \/>\n<meta property=\"og:url\" content=\"https:\/\/www.info-algerie.com\/actualites\/benghabrit-recoit-les-ambassadeurs-de-lunion-europeenne-et-de-la-france\/\" \/>\n<meta property=\"og:site_name\" content=\"info algerie\" \/>\n<meta property=\"article:publisher\" content=\"https:\/\/www.facebook.com\/infoalgerieactu\" \/>\n<meta property=\"article:published_time\" content=\"2017-06-23T15:26:51+00:00\" \/>\n<meta name=\"author\" content=\"La r\u00e9daction\" \/>\n<meta name=\"twitter:label1\" content=\"\u00c9crit par\" \/>\n\t<meta name=\"twitter:data1\" content=\"La r\u00e9daction\" \/>\n\t<meta name=\"twitter:label2\" content=\"Dur\u00e9e de lecture estim\u00e9e\" \/>\n\t<meta name=\"twitter:data2\" content=\"1 minute\" \/>\n<script type=\"application\/ld+json\" class=\"yoast-schema-graph\">{\"@context\":\"https:\\\/\\\/schema.org\",\"@graph\":[{\"@type\":\"Article\",\"@id\":\"https:\\\/\\\/www.info-algerie.com\\\/actualites\\\/benghabrit-recoit-les-ambassadeurs-de-lunion-europeenne-et-de-la-france\\\/#article\",\"isPartOf\":{\"@id\":\"https:\\\/\\\/www.info-algerie.com\\\/actualites\\\/benghabrit-recoit-les-ambassadeurs-de-lunion-europeenne-et-de-la-france\\\/\"},\"author\":{\"name\":\"La r\u00e9daction\",\"@id\":\"https:\\\/\\\/www.info-algerie.com\\\/actualites\\\/#\\\/schema\\\/person\\\/847aaec44920825b843a08f30ec6aa1e\"},\"headline\":\"Benghabrit re\u00e7oit les ambassadeurs de l&#039;Union europ\u00e9enne et de la France\",\"datePublished\":\"2017-06-23T15:26:51+00:00\",\"mainEntityOfPage\":{\"@id\":\"https:\\\/\\\/www.info-algerie.com\\\/actualites\\\/benghabrit-recoit-les-ambassadeurs-de-lunion-europeenne-et-de-la-france\\\/\"},\"wordCount\":188,\"commentCount\":0,\"publisher\":{\"@id\":\"https:\\\/\\\/www.info-algerie.com\\\/actualites\\\/#organization\"},\"keywords\":[\"ONU\"],\"articleSection\":[\"infos\"],\"inLanguage\":\"fr-FR\",\"potentialAction\":[{\"@type\":\"CommentAction\",\"name\":\"Comment\",\"target\":[\"https:\\\/\\\/www.info-algerie.com\\\/actualites\\\/benghabrit-recoit-les-ambassadeurs-de-lunion-europeenne-et-de-la-france\\\/#respond\"]}]},{\"@type\":\"WebPage\",\"@id\":\"https:\\\/\\\/www.info-algerie.com\\\/actualites\\\/benghabrit-recoit-les-ambassadeurs-de-lunion-europeenne-et-de-la-france\\\/\",\"url\":\"https:\\\/\\\/www.info-algerie.com\\\/actualites\\\/benghabrit-recoit-les-ambassadeurs-de-lunion-europeenne-et-de-la-france\\\/\",\"name\":\"Benghabrit re\u00e7oit les ambassadeurs de l&#039;Union europ\u00e9enne et de la France - info algerie\",\"isPartOf\":{\"@id\":\"https:\\\/\\\/www.info-algerie.com\\\/actualites\\\/#website\"},\"datePublished\":\"2017-06-23T15:26:51+00:00\",\"breadcrumb\":{\"@id\":\"https:\\\/\\\/www.info-algerie.com\\\/actualites\\\/benghabrit-recoit-les-ambassadeurs-de-lunion-europeenne-et-de-la-france\\\/#breadcrumb\"},\"inLanguage\":\"fr-FR\",\"potentialAction\":[{\"@type\":\"ReadAction\",\"target\":[\"https:\\\/\\\/www.info-algerie.com\\\/actualites\\\/benghabrit-recoit-les-ambassadeurs-de-lunion-europeenne-et-de-la-france\\\/\"]}]},{\"@type\":\"BreadcrumbList\",\"@id\":\"https:\\\/\\\/www.info-algerie.com\\\/actualites\\\/benghabrit-recoit-les-ambassadeurs-de-lunion-europeenne-et-de-la-france\\\/#breadcrumb\",\"itemListElement\":[{\"@type\":\"ListItem\",\"position\":1,\"name\":\"Accueil\",\"item\":\"https:\\\/\\\/www.info-algerie.com\\\/actualites\\\/\"},{\"@type\":\"ListItem\",\"position\":2,\"name\":\"Benghabrit re\u00e7oit les ambassadeurs de l&#039;Union europ\u00e9enne et de la France\"}]},{\"@type\":\"WebSite\",\"@id\":\"https:\\\/\\\/www.info-algerie.com\\\/actualites\\\/#website\",\"url\":\"https:\\\/\\\/www.info-algerie.com\\\/actualites\\\/\",\"name\":\"info algerie\",\"description\":\"Toutes les actualit\u00e9s\",\"publisher\":{\"@id\":\"https:\\\/\\\/www.info-algerie.com\\\/actualites\\\/#organization\"},\"potentialAction\":[{\"@type\":\"SearchAction\",\"target\":{\"@type\":\"EntryPoint\",\"urlTemplate\":\"https:\\\/\\\/www.info-algerie.com\\\/actualites\\\/?s={search_term_string}\"},\"query-input\":{\"@type\":\"PropertyValueSpecification\",\"valueRequired\":true,\"valueName\":\"search_term_string\"}}],\"inLanguage\":\"fr-FR\"},{\"@type\":\"Organization\",\"@id\":\"https:\\\/\\\/www.info-algerie.com\\\/actualites\\\/#organization\",\"name\":\"info algerie\",\"url\":\"https:\\\/\\\/www.info-algerie.com\\\/actualites\\\/\",\"logo\":{\"@type\":\"ImageObject\",\"inLanguage\":\"fr-FR\",\"@id\":\"https:\\\/\\\/www.info-algerie.com\\\/actualites\\\/#\\\/schema\\\/logo\\\/image\\\/\",\"url\":\"https:\\\/\\\/www.info-algerie.com\\\/actualites\\\/wp-content\\\/uploads\\\/2022\\\/07\\\/logo-ia-120.png\",\"contentUrl\":\"https:\\\/\\\/www.info-algerie.com\\\/actualites\\\/wp-content\\\/uploads\\\/2022\\\/07\\\/logo-ia-120.png\",\"width\":120,\"height\":43,\"caption\":\"info algerie\"},\"image\":{\"@id\":\"https:\\\/\\\/www.info-algerie.com\\\/actualites\\\/#\\\/schema\\\/logo\\\/image\\\/\"},\"sameAs\":[\"https:\\\/\\\/www.facebook.com\\\/infoalgerieactu\",\"https:\\\/\\\/x.com\\\/infoalgerie1\"]},{\"@type\":\"Person\",\"@id\":\"https:\\\/\\\/www.info-algerie.com\\\/actualites\\\/#\\\/schema\\\/person\\\/847aaec44920825b843a08f30ec6aa1e\",\"name\":\"La r\u00e9daction\",\"image\":{\"@type\":\"ImageObject\",\"inLanguage\":\"fr-FR\",\"@id\":\"https:\\\/\\\/secure.gravatar.com\\\/avatar\\\/769db425c6f465158149f1ffd6cf61ce7a8a879d11dfbef8288af36dfddd418c?s=96&d=mm&r=g\",\"url\":\"https:\\\/\\\/secure.gravatar.com\\\/avatar\\\/769db425c6f465158149f1ffd6cf61ce7a8a879d11dfbef8288af36dfddd418c?s=96&d=mm&r=g\",\"contentUrl\":\"https:\\\/\\\/secure.gravatar.com\\\/avatar\\\/769db425c6f465158149f1ffd6cf61ce7a8a879d11dfbef8288af36dfddd418c?s=96&d=mm&r=g\",\"caption\":\"La r\u00e9daction\"},\"sameAs\":[\"http:\\\/\\\/www.lkeria.com\\\/\"],\"url\":\"https:\\\/\\\/www.info-algerie.com\\\/actualites\\\/author\\\/chakib32\\\/\"}]}<\/script>\n<!-- \/ Yoast SEO plugin. -->","yoast_head_json":{"title":"Benghabrit re\u00e7oit les ambassadeurs de l&#039;Union europ\u00e9enne et de la France - info algerie","robots":{"index":"index","follow":"follow","max-snippet":"max-snippet:-1","max-image-preview":"max-image-preview:large","max-video-preview":"max-video-preview:-1"},"canonical":"https:\/\/www.info-algerie.com\/actualites\/benghabrit-recoit-les-ambassadeurs-de-lunion-europeenne-et-de-la-france\/","og_locale":"fr_FR","og_type":"article","og_title":"Benghabrit re\u00e7oit les ambassadeurs de l&#039;Union europ\u00e9enne et de la France - info algerie","og_description":"ALGER &#8211; La ministre de l&rsquo;Education nationale, Nouria Benghabrit, a re\u00e7u jeudi \u00e0 Alger, l&rsquo;ambassadeur de l&rsquo;Union europ\u00e9enne, John O&rsquo;Rourke, et l&rsquo;ambassadeur de France, Bernard Emi\u00e9, avec lesquels elle a \u00e9voqu\u00e9 l'\u00a0\u00bb\u00e9tat des relations dans le domaine de l&rsquo;\u00e9ducation, indique le minist\u00e8re dans un communiqu\u00e9. &#013; &#013; Mme Benghabrit\u00a0 qui a re\u00e7u d&rsquo;abord, John O&rsquo;Rourke,","og_url":"https:\/\/www.info-algerie.com\/actualites\/benghabrit-recoit-les-ambassadeurs-de-lunion-europeenne-et-de-la-france\/","og_site_name":"info algerie","article_publisher":"https:\/\/www.facebook.com\/infoalgerieactu","article_published_time":"2017-06-23T15:26:51+00:00","author":"La r\u00e9daction","twitter_misc":{"\u00c9crit par":"La r\u00e9daction","Dur\u00e9e de lecture estim\u00e9e":"1 minute"},"schema":{"@context":"https:\/\/schema.org","@graph":[{"@type":"Article","@id":"https:\/\/www.info-algerie.com\/actualites\/benghabrit-recoit-les-ambassadeurs-de-lunion-europeenne-et-de-la-france\/#article","isPartOf":{"@id":"https:\/\/www.info-algerie.com\/actualites\/benghabrit-recoit-les-ambassadeurs-de-lunion-europeenne-et-de-la-france\/"},"author":{"name":"La r\u00e9daction","@id":"https:\/\/www.info-algerie.com\/actualites\/#\/schema\/person\/847aaec44920825b843a08f30ec6aa1e"},"headline":"Benghabrit re\u00e7oit les ambassadeurs de l&#039;Union europ\u00e9enne et de la France","datePublished":"2017-06-23T15:26:51+00:00","mainEntityOfPage":{"@id":"https:\/\/www.info-algerie.com\/actualites\/benghabrit-recoit-les-ambassadeurs-de-lunion-europeenne-et-de-la-france\/"},"wordCount":188,"commentCount":0,"publisher":{"@id":"https:\/\/www.info-algerie.com\/actualites\/#organization"},"keywords":["ONU"],"articleSection":["infos"],"inLanguage":"fr-FR","potentialAction":[{"@type":"CommentAction","name":"Comment","target":["https:\/\/www.info-algerie.com\/actualites\/benghabrit-recoit-les-ambassadeurs-de-lunion-europeenne-et-de-la-france\/#respond"]}]},{"@type":"WebPage","@id":"https:\/\/www.info-algerie.com\/actualites\/benghabrit-recoit-les-ambassadeurs-de-lunion-europeenne-et-de-la-france\/","url":"https:\/\/www.info-algerie.com\/actualites\/benghabrit-recoit-les-ambassadeurs-de-lunion-europeenne-et-de-la-france\/","name":"Benghabrit re\u00e7oit les ambassadeurs de l&#039;Union europ\u00e9enne et de la France - info algerie","isPartOf":{"@id":"https:\/\/www.info-algerie.com\/actualites\/#website"},"datePublished":"2017-06-23T15:26:51+00:00","breadcrumb":{"@id":"https:\/\/www.info-algerie.com\/actualites\/benghabrit-recoit-les-ambassadeurs-de-lunion-europeenne-et-de-la-france\/#breadcrumb"},"inLanguage":"fr-FR","potentialAction":[{"@type":"ReadAction","target":["https:\/\/www.info-algerie.com\/actualites\/benghabrit-recoit-les-ambassadeurs-de-lunion-europeenne-et-de-la-france\/"]}]},{"@type":"BreadcrumbList","@id":"https:\/\/www.info-algerie.com\/actualites\/benghabrit-recoit-les-ambassadeurs-de-lunion-europeenne-et-de-la-france\/#breadcrumb","itemListElement":[{"@type":"ListItem","position":1,"name":"Accueil","item":"https:\/\/www.info-algerie.com\/actualites\/"},{"@type":"ListItem","position":2,"name":"Benghabrit re\u00e7oit les ambassadeurs de l&#039;Union europ\u00e9enne et de la France"}]},{"@type":"WebSite","@id":"https:\/\/www.info-algerie.com\/actualites\/#website","url":"https:\/\/www.info-algerie.com\/actualites\/","name":"info algerie","description":"Toutes les actualit\u00e9s","publisher":{"@id":"https:\/\/www.info-algerie.com\/actualites\/#organization"},"potentialAction":[{"@type":"SearchAction","target":{"@type":"EntryPoint","urlTemplate":"https:\/\/www.info-algerie.com\/actualites\/?s={search_term_string}"},"query-input":{"@type":"PropertyValueSpecification","valueRequired":true,"valueName":"search_term_string"}}],"inLanguage":"fr-FR"},{"@type":"Organization","@id":"https:\/\/www.info-algerie.com\/actualites\/#organization","name":"info algerie","url":"https:\/\/www.info-algerie.com\/actualites\/","logo":{"@type":"ImageObject","inLanguage":"fr-FR","@id":"https:\/\/www.info-algerie.com\/actualites\/#\/schema\/logo\/image\/","url":"https:\/\/www.info-algerie.com\/actualites\/wp-content\/uploads\/2022\/07\/logo-ia-120.png","contentUrl":"https:\/\/www.info-algerie.com\/actualites\/wp-content\/uploads\/2022\/07\/logo-ia-120.png","width":120,"height":43,"caption":"info algerie"},"image":{"@id":"https:\/\/www.info-algerie.com\/actualites\/#\/schema\/logo\/image\/"},"sameAs":["https:\/\/www.facebook.com\/infoalgerieactu","https:\/\/x.com\/infoalgerie1"]},{"@type":"Person","@id":"https:\/\/www.info-algerie.com\/actualites\/#\/schema\/person\/847aaec44920825b843a08f30ec6aa1e","name":"La r\u00e9daction","image":{"@type":"ImageObject","inLanguage":"fr-FR","@id":"https:\/\/secure.gravatar.com\/avatar\/769db425c6f465158149f1ffd6cf61ce7a8a879d11dfbef8288af36dfddd418c?s=96&d=mm&r=g","url":"https:\/\/secure.gravatar.com\/avatar\/769db425c6f465158149f1ffd6cf61ce7a8a879d11dfbef8288af36dfddd418c?s=96&d=mm&r=g","contentUrl":"https:\/\/secure.gravatar.com\/avatar\/769db425c6f465158149f1ffd6cf61ce7a8a879d11dfbef8288af36dfddd418c?s=96&d=mm&r=g","caption":"La r\u00e9daction"},"sameAs":["http:\/\/www.lkeria.com\/"],"url":"https:\/\/www.info-algerie.com\/actualites\/author\/chakib32\/"}]}},"_links":{"self":[{"href":"https:\/\/www.info-algerie.com\/actualites\/wp-json\/wp\/v2\/posts\/13488","targetHints":{"allow":["GET"]}}],"collection":[{"href":"https:\/\/www.info-algerie.com\/actualites\/wp-json\/wp\/v2\/posts"}],"about":[{"href":"https:\/\/www.info-algerie.com\/actualites\/wp-json\/wp\/v2\/types\/post"}],"author":[{"embeddable":true,"href":"https:\/\/www.info-algerie.com\/actualites\/wp-json\/wp\/v2\/users\/6"}],"replies":[{"embeddable":true,"href":"https:\/\/www.info-algerie.com\/actualites\/wp-json\/wp\/v2\/comments?post=13488"}],"version-history":[{"count":0,"href":"https:\/\/www.info-algerie.com\/actualites\/wp-json\/wp\/v2\/posts\/13488\/revisions"}],"wp:attachment":[{"href":"https:\/\/www.info-algerie.com\/actualites\/wp-json\/wp\/v2\/media?parent=13488"}],"wp:term":[{"taxonomy":"category","embeddable":true,"href":"https:\/\/www.info-algerie.com\/actualites\/wp-json\/wp\/v2\/categories?post=13488"},{"taxonomy":"post_tag","embeddable":true,"href":"https:\/\/www.info-algerie.com\/actualites\/wp-json\/wp\/v2\/tags?post=13488"}],"curies":[{"name":"wp","href":"https:\/\/api.w.org\/{rel}","templated":true}]}}