{"id":13490,"date":"2017-06-23T16:09:33","date_gmt":"2017-06-23T15:09:33","guid":{"rendered":"http:\/\/www.info-algerie.com\/actualites\/messahel-transmet-un-message-de-fraternite-et-damitie-du-president-bouteflika-a-son-homologue-ougandais-museveni\/"},"modified":"2017-06-23T16:09:33","modified_gmt":"2017-06-23T15:09:33","slug":"messahel-transmet-un-message-de-fraternite-et-damitie-du-president-bouteflika-a-son-homologue-ougandais-museveni","status":"publish","type":"post","link":"https:\/\/www.info-algerie.com\/actualites\/messahel-transmet-un-message-de-fraternite-et-damitie-du-president-bouteflika-a-son-homologue-ougandais-museveni\/","title":{"rendered":"Messahel transmet un message de fraternit\u00e9 et d\u2019amiti\u00e9 du Pr\u00e9sident Bouteflika \u00e0 son homologue ougandais Museveni"},"content":{"rendered":"<div class=\"K2FeedImage\"><img decoding=\"async\" src=\"https:\/\/www.info-algerie.com\/actualites\/wp-content\/uploads\/2017\/06\/c34fa0586c0a8e668c0ad677607af47a_S.jpg\" alt=\"Messahel transmet un message de fraternit&#xE9; et d&#x2019;amiti&#xE9; du Pr&#xE9;sident Bouteflika &#xE0; son homologue ougandais Museveni\" \/><\/div>\n<div class=\"K2FeedIntroText\">\n<p>KAMPALA (Ouganda) &#8211; <strong><a href=\"http:\/\/www.aps.dz\/algerie\/59344-problematique-migratoire-pour-une-approche-globale-a-laquelle-l-algerie-a-toujours-adhere\">Le ministre des Affaires \u00e9trang\u00e8res, Abdelkader Messahel<\/a><\/strong>, a transmis jeudi \u00e0 Kampala, un message de fraternit\u00e9 et d\u2019amiti\u00e9 du Pr\u00e9sident de la R\u00e9publique, Abdelaziz Bouteflika, \u00e0 son homologue ougandais, Yoweri Museveni.<\/p>\n<p>&#013;\n<\/p><\/div>\n<div class=\"K2FeedFullText\">&#013;<\/p>\n<p>Au cours de l\u2019entretien que lui a accord\u00e9, en marge des travaux du Sommet de Solidarit\u00e9 sur les r\u00e9fugi\u00e9s qui se tient \u00e0 Kampala les 22 et 23 juin 2017, le pr\u00e9sident de la R\u00e9publique d\u2019Ouganda, Yoweri Museveni, le ministre des Affaires \u00e9trang\u00e8res, Abdelkader Messahel, lui a transmis un message de fraternit\u00e9 et d\u2019amiti\u00e9 du Pr\u00e9sident de la R\u00e9publique, Abdelaziz Bouteflika.<\/p>\n<p>&#013;<\/p>\n<p>L\u2019entretien a port\u00e9 sur les relations de coop\u00e9ration qui existent entre l\u2019Alg\u00e9rie et l\u2019Ouganda et les voies et moyens de leur renforcement.<\/p>\n<p>&#013;<\/p>\n<p>Ont \u00e9t\u00e9 \u00e9galement \u00e9voqu\u00e9es, lors de cet entretien, l\u2019\u00e9tat de la mise en \u0153uvre des d\u00e9cisions arr\u00eat\u00e9es dans le cadre de la visite d\u2019Etat qu\u2019a effectu\u00e9e le Pr\u00e9sident Museveni en Alg\u00e9rie en octobre 2015, ainsi que les prochaines \u00e9ch\u00e9ances dans le cadre du renforcement et de l\u2019\u00e9largissement des excellentes relations entre les deux pays.<\/p>\n<p>&#013;<\/p>\n<p>L\u2019audience a \u00e9galement permis d\u2019\u00e9voquer l\u2019\u00a0\u00bbimportance\u00a0\u00bb du Sommet de Kampala sur les r\u00e9fugi\u00e9s qui vient \u00e0 point nomm\u00e9 sensibiliser la communaut\u00e9 internationale sur le sort des millions de personnes affect\u00e9es par les flux migratoires et l\u2019\u00a0\u00bbimp\u00e9ratif\u00a0\u00bb pour la Communaut\u00e9 internationale de s\u2019impliquer davantage dans leur prise en charge pour soulager, non seulement leur souffrance, mais aussi le poids que ces situations impliquent sur les pays d\u2019accueil.<\/p>\n<p>&#013;<\/p>\n<p>L\u2019entretien a permis, aussi, de passer en revue les points inscrits \u00e0 l\u2019ordre du jour du prochain Sommet de l\u2019Union africaine qui se tiendra \u00e0 Addis-Abeba les 3 et 4 juillet 2017.<\/p>\n<p>&#013;<\/p>\n<p>Le Pr\u00e9sident Museveni a charg\u00e9 M. Messahel de transmettre \u00ab\u00a0ses chaleureuses et fraternelles salutations \u00e0 Monsieur le Pr\u00e9sident de la R\u00e9publique et son amiti\u00e9 toujours renouvel\u00e9e\u00a0\u00bb.<\/p>\n<p>&#013;<\/p>\n<p>\u00a0<\/p>\n<p>&#013;<\/p>\n<p style=\"text-align: center\"><strong>2e Sommet sur les r\u00e9fugi\u00e9s: la participation de l\u2019Alg\u00e9rie se veut un nouveau t\u00e9moignage de solidarit\u00e9 et de soutien \u00e0 la R\u00e9publique de l\u2019Ouganda<\/strong><\/p>\n<p>&#013;<\/p>\n<p>\u00a0<\/p>\n<p>&#013;<\/p>\n<p>Le ministre des Affaires \u00e9trang\u00e8res, Abdelkader Messahel, a indiqu\u00e9, vendredi \u00e0 Kampala, que la participation de l\u2019Alg\u00e9rie \u00e0 ce deuxi\u00e8me sommet se veut un nouveau t\u00e9moignage de solidarit\u00e9 et de soutien \u00e0 la R\u00e9publique de l\u2019Ouganda, \u00e0 ses dirigeants et \u00e0 son peuple, qui supportent le poids des r\u00e9fugi\u00e9s de toutes nationalit\u00e9s.<\/p>\n<p>&#013;<\/p>\n<p>Dans le cadre de sa participation, en sa qualit\u00e9 de Repr\u00e9sentant du Pr\u00e9sident de la R\u00e9publique, aux travaux du Sommet de Solidarit\u00e9 sur les r\u00e9fugi\u00e9s dont les travaux ont \u00e9t\u00e9 ouverts ce jour \u00e0 Kampala, le ministre des Affaires \u00e9trang\u00e8res, M. Abdelkader Messahel, a notamment affirm\u00e9 que \u00ab\u00a0la participation de l\u2019Alg\u00e9rie \u00e0 ce deuxi\u00e8me sommet se veut un nouveau t\u00e9moignage de solidarit\u00e9 et de soutien \u00e0 la R\u00e9publique de l\u2019Ouganda, \u00e0 ses dirigeants et \u00e0 son peuple, qui supportent le poids d\u2019un nombre toujours croissant de r\u00e9fugi\u00e9s de toutes nationalit\u00e9s\u00a0\u00bb.<\/p>\n<p>&#013;<\/p>\n<p>M. Messahel a, \u00e9galement, relev\u00e9 que ce Sommet intervient une ann\u00e9e \u00e0 peine apr\u00e8s le Sommet de New York de septembre 2016, d\u00e9di\u00e9 aux r\u00e9fugi\u00e9s et aux migrants, qui avait permis de mettre en exergue, pour la premi\u00e8re fois la probl\u00e9matique de ces millions de personnes contraints \u00e0 l\u2019exil et \u00e0 la recherche de s\u00e9curit\u00e9 et de protection.<\/p>\n<p>&#013;<\/p>\n<p>Le ministre des Affaires Etrang\u00e8res a, ensuite, soulign\u00e9 le fait que les Etats accueillant des r\u00e9fugi\u00e9s ne peuvent pas se limiter \u00e0 puiser dans leurs seules ressources, une situation qui n\u2019est pas sans cons\u00e9quences sur leur d\u00e9veloppement \u00e9conomique et social.<\/p>\n<p>&#013;<\/p>\n<p>Il a, \u00e9galement, rappel\u00e9 que l\u2019Alg\u00e9rie qui a eu par le pass\u00e9 \u00e0 t\u00e9moigner sa solidarit\u00e9 au peuple ougandais lors du premier Sommet de 2009, auquel Monsieur le Pr\u00e9sident Abdelaziz Bouteflika avait pris personnellement part, \u00ab\u00a0ne manquera pas de poursuivre son \u00e9lan solidaire en s\u2019associant \u00e0 l\u2019effort de la communaut\u00e9 internationale pour la prise en charge de la question des r\u00e9fugi\u00e9s\u00a0\u00bb.<\/p>\n<p>&#013;<\/p>\n<p>Dans le m\u00eame ordre d\u2019id\u00e9es, et concernant pr\u00e9cis\u00e9ment la probl\u00e9matique de la migration, le ministre des Affaires \u00e9trang\u00e8res a rappel\u00e9 que l\u2019Afrique, continent qui compte les flux intra-r\u00e9gionaux les plus importants au monde,\u00a0 \u00ab\u00a0continuera \u00e0 plaider pour une gestion orient\u00e9e vers la prise en charge des causes profondes de ce ph\u00e9nom\u00e8ne par la promotion d\u2019une approche globale, int\u00e9gr\u00e9e, concert\u00e9e, \u00e9quilibr\u00e9e et solidaire \u00e0 laquelle mon pays a toujours\u00a0 adh\u00e9r\u00e9\u00a0\u00bb.<\/p>\n<\/div>\n<p>&#013;<br \/>\nSource: <a href=\"http:\/\/www.aps.dz\/algerie\/59355-messahel-transmet-un-message-de-fraternite-et-d-amitie-du-president-bouteflika-a-son-homologue-ougandais-museveni\" target=\"_blank\">Messahel transmet un message de fraternit\u00e9 et d\u2019amiti\u00e9 du Pr\u00e9sident Bouteflika \u00e0 son homologue ougandais Museveni<\/a><\/p>\n<!--CusAds0-->\n<div style=\"font-size: 0px; height: 0px; line-height: 0px; margin: 0; padding: 0; clear: both;\"><\/div>","protected":false},"excerpt":{"rendered":"<p>KAMPALA (Ouganda) &#8211; Le ministre des Affaires \u00e9trang\u00e8res, Abdelkader Messahel, a transmis jeudi \u00e0 Kampala, un message de fraternit\u00e9 et d\u2019amiti\u00e9 du Pr\u00e9sident de la R\u00e9publique, Abdelaziz Bouteflika, \u00e0 son homologue ougandais, Yoweri Museveni. &#013; &#013; Au cours de l\u2019entretien que lui a accord\u00e9, en marge des travaux du Sommet de Solidarit\u00e9 sur les r\u00e9fugi\u00e9s<\/p>\n","protected":false},"author":6,"featured_media":13491,"comment_status":"open","ping_status":"open","sticky":false,"template":"","format":"standard","meta":{"footnotes":""},"categories":[22],"tags":[93],"class_list":["post-13490","post","type-post","status-publish","format-standard","has-post-thumbnail","hentry","category-infos","tag-onu"],"yoast_head":"<!-- This site is optimized with the Yoast SEO plugin v27.5 - https:\/\/yoast.com\/product\/yoast-seo-wordpress\/ -->\n<title>Messahel transmet un message de fraternit\u00e9 et d\u2019amiti\u00e9 du Pr\u00e9sident Bouteflika \u00e0 son homologue ougandais Museveni - info algerie<\/title>\n<meta name=\"robots\" content=\"index, follow, max-snippet:-1, max-image-preview:large, max-video-preview:-1\" \/>\n<link rel=\"canonical\" href=\"https:\/\/www.info-algerie.com\/actualites\/messahel-transmet-un-message-de-fraternite-et-damitie-du-president-bouteflika-a-son-homologue-ougandais-museveni\/\" \/>\n<meta property=\"og:locale\" content=\"fr_FR\" \/>\n<meta property=\"og:type\" content=\"article\" \/>\n<meta property=\"og:title\" content=\"Messahel transmet un message de fraternit\u00e9 et d\u2019amiti\u00e9 du Pr\u00e9sident Bouteflika \u00e0 son homologue ougandais Museveni - info algerie\" \/>\n<meta property=\"og:description\" content=\"KAMPALA (Ouganda) &#8211; Le ministre des Affaires \u00e9trang\u00e8res, Abdelkader Messahel, a transmis jeudi \u00e0 Kampala, un message de fraternit\u00e9 et d\u2019amiti\u00e9 du Pr\u00e9sident de la R\u00e9publique, Abdelaziz Bouteflika, \u00e0 son homologue ougandais, Yoweri Museveni. &#013; &#013; Au cours de l\u2019entretien que lui a accord\u00e9, en marge des travaux du Sommet de Solidarit\u00e9 sur les r\u00e9fugi\u00e9s\" \/>\n<meta property=\"og:url\" content=\"https:\/\/www.info-algerie.com\/actualites\/messahel-transmet-un-message-de-fraternite-et-damitie-du-president-bouteflika-a-son-homologue-ougandais-museveni\/\" \/>\n<meta property=\"og:site_name\" content=\"info algerie\" \/>\n<meta property=\"article:publisher\" content=\"https:\/\/www.facebook.com\/infoalgerieactu\" \/>\n<meta property=\"article:published_time\" content=\"2017-06-23T15:09:33+00:00\" \/>\n<meta property=\"og:image\" content=\"https:\/\/www.info-algerie.com\/actualites\/wp-content\/uploads\/2017\/06\/c34fa0586c0a8e668c0ad677607af47a_S-1.jpg\" \/>\n\t<meta property=\"og:image:width\" content=\"280\" \/>\n\t<meta property=\"og:image:height\" content=\"169\" \/>\n\t<meta property=\"og:image:type\" content=\"image\/jpeg\" \/>\n<meta name=\"author\" content=\"La r\u00e9daction\" \/>\n<meta name=\"twitter:label1\" content=\"\u00c9crit par\" \/>\n\t<meta name=\"twitter:data1\" content=\"La r\u00e9daction\" \/>\n\t<meta name=\"twitter:label2\" content=\"Dur\u00e9e de lecture estim\u00e9e\" \/>\n\t<meta name=\"twitter:data2\" content=\"4 minutes\" \/>\n<script type=\"application\/ld+json\" class=\"yoast-schema-graph\">{\"@context\":\"https:\\\/\\\/schema.org\",\"@graph\":[{\"@type\":\"Article\",\"@id\":\"https:\\\/\\\/www.info-algerie.com\\\/actualites\\\/messahel-transmet-un-message-de-fraternite-et-damitie-du-president-bouteflika-a-son-homologue-ougandais-museveni\\\/#article\",\"isPartOf\":{\"@id\":\"https:\\\/\\\/www.info-algerie.com\\\/actualites\\\/messahel-transmet-un-message-de-fraternite-et-damitie-du-president-bouteflika-a-son-homologue-ougandais-museveni\\\/\"},\"author\":{\"name\":\"La r\u00e9daction\",\"@id\":\"https:\\\/\\\/www.info-algerie.com\\\/actualites\\\/#\\\/schema\\\/person\\\/847aaec44920825b843a08f30ec6aa1e\"},\"headline\":\"Messahel transmet un message de fraternit\u00e9 et d\u2019amiti\u00e9 du Pr\u00e9sident Bouteflika \u00e0 son homologue ougandais Museveni\",\"datePublished\":\"2017-06-23T15:09:33+00:00\",\"mainEntityOfPage\":{\"@id\":\"https:\\\/\\\/www.info-algerie.com\\\/actualites\\\/messahel-transmet-un-message-de-fraternite-et-damitie-du-president-bouteflika-a-son-homologue-ougandais-museveni\\\/\"},\"wordCount\":811,\"commentCount\":0,\"publisher\":{\"@id\":\"https:\\\/\\\/www.info-algerie.com\\\/actualites\\\/#organization\"},\"image\":{\"@id\":\"https:\\\/\\\/www.info-algerie.com\\\/actualites\\\/messahel-transmet-un-message-de-fraternite-et-damitie-du-president-bouteflika-a-son-homologue-ougandais-museveni\\\/#primaryimage\"},\"thumbnailUrl\":\"https:\\\/\\\/www.info-algerie.com\\\/actualites\\\/wp-content\\\/uploads\\\/2017\\\/06\\\/c34fa0586c0a8e668c0ad677607af47a_S-1.jpg\",\"keywords\":[\"ONU\"],\"articleSection\":[\"infos\"],\"inLanguage\":\"fr-FR\",\"potentialAction\":[{\"@type\":\"CommentAction\",\"name\":\"Comment\",\"target\":[\"https:\\\/\\\/www.info-algerie.com\\\/actualites\\\/messahel-transmet-un-message-de-fraternite-et-damitie-du-president-bouteflika-a-son-homologue-ougandais-museveni\\\/#respond\"]}]},{\"@type\":\"WebPage\",\"@id\":\"https:\\\/\\\/www.info-algerie.com\\\/actualites\\\/messahel-transmet-un-message-de-fraternite-et-damitie-du-president-bouteflika-a-son-homologue-ougandais-museveni\\\/\",\"url\":\"https:\\\/\\\/www.info-algerie.com\\\/actualites\\\/messahel-transmet-un-message-de-fraternite-et-damitie-du-president-bouteflika-a-son-homologue-ougandais-museveni\\\/\",\"name\":\"Messahel transmet un message de fraternit\u00e9 et d\u2019amiti\u00e9 du Pr\u00e9sident Bouteflika \u00e0 son homologue ougandais Museveni - info algerie\",\"isPartOf\":{\"@id\":\"https:\\\/\\\/www.info-algerie.com\\\/actualites\\\/#website\"},\"primaryImageOfPage\":{\"@id\":\"https:\\\/\\\/www.info-algerie.com\\\/actualites\\\/messahel-transmet-un-message-de-fraternite-et-damitie-du-president-bouteflika-a-son-homologue-ougandais-museveni\\\/#primaryimage\"},\"image\":{\"@id\":\"https:\\\/\\\/www.info-algerie.com\\\/actualites\\\/messahel-transmet-un-message-de-fraternite-et-damitie-du-president-bouteflika-a-son-homologue-ougandais-museveni\\\/#primaryimage\"},\"thumbnailUrl\":\"https:\\\/\\\/www.info-algerie.com\\\/actualites\\\/wp-content\\\/uploads\\\/2017\\\/06\\\/c34fa0586c0a8e668c0ad677607af47a_S-1.jpg\",\"datePublished\":\"2017-06-23T15:09:33+00:00\",\"breadcrumb\":{\"@id\":\"https:\\\/\\\/www.info-algerie.com\\\/actualites\\\/messahel-transmet-un-message-de-fraternite-et-damitie-du-president-bouteflika-a-son-homologue-ougandais-museveni\\\/#breadcrumb\"},\"inLanguage\":\"fr-FR\",\"potentialAction\":[{\"@type\":\"ReadAction\",\"target\":[\"https:\\\/\\\/www.info-algerie.com\\\/actualites\\\/messahel-transmet-un-message-de-fraternite-et-damitie-du-president-bouteflika-a-son-homologue-ougandais-museveni\\\/\"]}]},{\"@type\":\"ImageObject\",\"inLanguage\":\"fr-FR\",\"@id\":\"https:\\\/\\\/www.info-algerie.com\\\/actualites\\\/messahel-transmet-un-message-de-fraternite-et-damitie-du-president-bouteflika-a-son-homologue-ougandais-museveni\\\/#primaryimage\",\"url\":\"https:\\\/\\\/www.info-algerie.com\\\/actualites\\\/wp-content\\\/uploads\\\/2017\\\/06\\\/c34fa0586c0a8e668c0ad677607af47a_S-1.jpg\",\"contentUrl\":\"https:\\\/\\\/www.info-algerie.com\\\/actualites\\\/wp-content\\\/uploads\\\/2017\\\/06\\\/c34fa0586c0a8e668c0ad677607af47a_S-1.jpg\",\"width\":280,\"height\":169},{\"@type\":\"BreadcrumbList\",\"@id\":\"https:\\\/\\\/www.info-algerie.com\\\/actualites\\\/messahel-transmet-un-message-de-fraternite-et-damitie-du-president-bouteflika-a-son-homologue-ougandais-museveni\\\/#breadcrumb\",\"itemListElement\":[{\"@type\":\"ListItem\",\"position\":1,\"name\":\"Accueil\",\"item\":\"https:\\\/\\\/www.info-algerie.com\\\/actualites\\\/\"},{\"@type\":\"ListItem\",\"position\":2,\"name\":\"Messahel transmet un message de fraternit\u00e9 et d\u2019amiti\u00e9 du Pr\u00e9sident Bouteflika \u00e0 son homologue ougandais Museveni\"}]},{\"@type\":\"WebSite\",\"@id\":\"https:\\\/\\\/www.info-algerie.com\\\/actualites\\\/#website\",\"url\":\"https:\\\/\\\/www.info-algerie.com\\\/actualites\\\/\",\"name\":\"info algerie\",\"description\":\"Toutes les actualit\u00e9s\",\"publisher\":{\"@id\":\"https:\\\/\\\/www.info-algerie.com\\\/actualites\\\/#organization\"},\"potentialAction\":[{\"@type\":\"SearchAction\",\"target\":{\"@type\":\"EntryPoint\",\"urlTemplate\":\"https:\\\/\\\/www.info-algerie.com\\\/actualites\\\/?s={search_term_string}\"},\"query-input\":{\"@type\":\"PropertyValueSpecification\",\"valueRequired\":true,\"valueName\":\"search_term_string\"}}],\"inLanguage\":\"fr-FR\"},{\"@type\":\"Organization\",\"@id\":\"https:\\\/\\\/www.info-algerie.com\\\/actualites\\\/#organization\",\"name\":\"info algerie\",\"url\":\"https:\\\/\\\/www.info-algerie.com\\\/actualites\\\/\",\"logo\":{\"@type\":\"ImageObject\",\"inLanguage\":\"fr-FR\",\"@id\":\"https:\\\/\\\/www.info-algerie.com\\\/actualites\\\/#\\\/schema\\\/logo\\\/image\\\/\",\"url\":\"https:\\\/\\\/www.info-algerie.com\\\/actualites\\\/wp-content\\\/uploads\\\/2022\\\/07\\\/logo-ia-120.png\",\"contentUrl\":\"https:\\\/\\\/www.info-algerie.com\\\/actualites\\\/wp-content\\\/uploads\\\/2022\\\/07\\\/logo-ia-120.png\",\"width\":120,\"height\":43,\"caption\":\"info algerie\"},\"image\":{\"@id\":\"https:\\\/\\\/www.info-algerie.com\\\/actualites\\\/#\\\/schema\\\/logo\\\/image\\\/\"},\"sameAs\":[\"https:\\\/\\\/www.facebook.com\\\/infoalgerieactu\",\"https:\\\/\\\/x.com\\\/infoalgerie1\"]},{\"@type\":\"Person\",\"@id\":\"https:\\\/\\\/www.info-algerie.com\\\/actualites\\\/#\\\/schema\\\/person\\\/847aaec44920825b843a08f30ec6aa1e\",\"name\":\"La r\u00e9daction\",\"image\":{\"@type\":\"ImageObject\",\"inLanguage\":\"fr-FR\",\"@id\":\"https:\\\/\\\/secure.gravatar.com\\\/avatar\\\/769db425c6f465158149f1ffd6cf61ce7a8a879d11dfbef8288af36dfddd418c?s=96&d=mm&r=g\",\"url\":\"https:\\\/\\\/secure.gravatar.com\\\/avatar\\\/769db425c6f465158149f1ffd6cf61ce7a8a879d11dfbef8288af36dfddd418c?s=96&d=mm&r=g\",\"contentUrl\":\"https:\\\/\\\/secure.gravatar.com\\\/avatar\\\/769db425c6f465158149f1ffd6cf61ce7a8a879d11dfbef8288af36dfddd418c?s=96&d=mm&r=g\",\"caption\":\"La r\u00e9daction\"},\"sameAs\":[\"http:\\\/\\\/www.lkeria.com\\\/\"],\"url\":\"https:\\\/\\\/www.info-algerie.com\\\/actualites\\\/author\\\/chakib32\\\/\"}]}<\/script>\n<!-- \/ Yoast SEO plugin. -->","yoast_head_json":{"title":"Messahel transmet un message de fraternit\u00e9 et d\u2019amiti\u00e9 du Pr\u00e9sident Bouteflika \u00e0 son homologue ougandais Museveni - info algerie","robots":{"index":"index","follow":"follow","max-snippet":"max-snippet:-1","max-image-preview":"max-image-preview:large","max-video-preview":"max-video-preview:-1"},"canonical":"https:\/\/www.info-algerie.com\/actualites\/messahel-transmet-un-message-de-fraternite-et-damitie-du-president-bouteflika-a-son-homologue-ougandais-museveni\/","og_locale":"fr_FR","og_type":"article","og_title":"Messahel transmet un message de fraternit\u00e9 et d\u2019amiti\u00e9 du Pr\u00e9sident Bouteflika \u00e0 son homologue ougandais Museveni - info algerie","og_description":"KAMPALA (Ouganda) &#8211; Le ministre des Affaires \u00e9trang\u00e8res, Abdelkader Messahel, a transmis jeudi \u00e0 Kampala, un message de fraternit\u00e9 et d\u2019amiti\u00e9 du Pr\u00e9sident de la R\u00e9publique, Abdelaziz Bouteflika, \u00e0 son homologue ougandais, Yoweri Museveni. &#013; &#013; Au cours de l\u2019entretien que lui a accord\u00e9, en marge des travaux du Sommet de Solidarit\u00e9 sur les r\u00e9fugi\u00e9s","og_url":"https:\/\/www.info-algerie.com\/actualites\/messahel-transmet-un-message-de-fraternite-et-damitie-du-president-bouteflika-a-son-homologue-ougandais-museveni\/","og_site_name":"info algerie","article_publisher":"https:\/\/www.facebook.com\/infoalgerieactu","article_published_time":"2017-06-23T15:09:33+00:00","og_image":[{"width":280,"height":169,"url":"https:\/\/www.info-algerie.com\/actualites\/wp-content\/uploads\/2017\/06\/c34fa0586c0a8e668c0ad677607af47a_S-1.jpg","type":"image\/jpeg"}],"author":"La r\u00e9daction","twitter_misc":{"\u00c9crit par":"La r\u00e9daction","Dur\u00e9e de lecture estim\u00e9e":"4 minutes"},"schema":{"@context":"https:\/\/schema.org","@graph":[{"@type":"Article","@id":"https:\/\/www.info-algerie.com\/actualites\/messahel-transmet-un-message-de-fraternite-et-damitie-du-president-bouteflika-a-son-homologue-ougandais-museveni\/#article","isPartOf":{"@id":"https:\/\/www.info-algerie.com\/actualites\/messahel-transmet-un-message-de-fraternite-et-damitie-du-president-bouteflika-a-son-homologue-ougandais-museveni\/"},"author":{"name":"La r\u00e9daction","@id":"https:\/\/www.info-algerie.com\/actualites\/#\/schema\/person\/847aaec44920825b843a08f30ec6aa1e"},"headline":"Messahel transmet un message de fraternit\u00e9 et d\u2019amiti\u00e9 du Pr\u00e9sident Bouteflika \u00e0 son homologue ougandais Museveni","datePublished":"2017-06-23T15:09:33+00:00","mainEntityOfPage":{"@id":"https:\/\/www.info-algerie.com\/actualites\/messahel-transmet-un-message-de-fraternite-et-damitie-du-president-bouteflika-a-son-homologue-ougandais-museveni\/"},"wordCount":811,"commentCount":0,"publisher":{"@id":"https:\/\/www.info-algerie.com\/actualites\/#organization"},"image":{"@id":"https:\/\/www.info-algerie.com\/actualites\/messahel-transmet-un-message-de-fraternite-et-damitie-du-president-bouteflika-a-son-homologue-ougandais-museveni\/#primaryimage"},"thumbnailUrl":"https:\/\/www.info-algerie.com\/actualites\/wp-content\/uploads\/2017\/06\/c34fa0586c0a8e668c0ad677607af47a_S-1.jpg","keywords":["ONU"],"articleSection":["infos"],"inLanguage":"fr-FR","potentialAction":[{"@type":"CommentAction","name":"Comment","target":["https:\/\/www.info-algerie.com\/actualites\/messahel-transmet-un-message-de-fraternite-et-damitie-du-president-bouteflika-a-son-homologue-ougandais-museveni\/#respond"]}]},{"@type":"WebPage","@id":"https:\/\/www.info-algerie.com\/actualites\/messahel-transmet-un-message-de-fraternite-et-damitie-du-president-bouteflika-a-son-homologue-ougandais-museveni\/","url":"https:\/\/www.info-algerie.com\/actualites\/messahel-transmet-un-message-de-fraternite-et-damitie-du-president-bouteflika-a-son-homologue-ougandais-museveni\/","name":"Messahel transmet un message de fraternit\u00e9 et d\u2019amiti\u00e9 du Pr\u00e9sident Bouteflika \u00e0 son homologue ougandais Museveni - info algerie","isPartOf":{"@id":"https:\/\/www.info-algerie.com\/actualites\/#website"},"primaryImageOfPage":{"@id":"https:\/\/www.info-algerie.com\/actualites\/messahel-transmet-un-message-de-fraternite-et-damitie-du-president-bouteflika-a-son-homologue-ougandais-museveni\/#primaryimage"},"image":{"@id":"https:\/\/www.info-algerie.com\/actualites\/messahel-transmet-un-message-de-fraternite-et-damitie-du-president-bouteflika-a-son-homologue-ougandais-museveni\/#primaryimage"},"thumbnailUrl":"https:\/\/www.info-algerie.com\/actualites\/wp-content\/uploads\/2017\/06\/c34fa0586c0a8e668c0ad677607af47a_S-1.jpg","datePublished":"2017-06-23T15:09:33+00:00","breadcrumb":{"@id":"https:\/\/www.info-algerie.com\/actualites\/messahel-transmet-un-message-de-fraternite-et-damitie-du-president-bouteflika-a-son-homologue-ougandais-museveni\/#breadcrumb"},"inLanguage":"fr-FR","potentialAction":[{"@type":"ReadAction","target":["https:\/\/www.info-algerie.com\/actualites\/messahel-transmet-un-message-de-fraternite-et-damitie-du-president-bouteflika-a-son-homologue-ougandais-museveni\/"]}]},{"@type":"ImageObject","inLanguage":"fr-FR","@id":"https:\/\/www.info-algerie.com\/actualites\/messahel-transmet-un-message-de-fraternite-et-damitie-du-president-bouteflika-a-son-homologue-ougandais-museveni\/#primaryimage","url":"https:\/\/www.info-algerie.com\/actualites\/wp-content\/uploads\/2017\/06\/c34fa0586c0a8e668c0ad677607af47a_S-1.jpg","contentUrl":"https:\/\/www.info-algerie.com\/actualites\/wp-content\/uploads\/2017\/06\/c34fa0586c0a8e668c0ad677607af47a_S-1.jpg","width":280,"height":169},{"@type":"BreadcrumbList","@id":"https:\/\/www.info-algerie.com\/actualites\/messahel-transmet-un-message-de-fraternite-et-damitie-du-president-bouteflika-a-son-homologue-ougandais-museveni\/#breadcrumb","itemListElement":[{"@type":"ListItem","position":1,"name":"Accueil","item":"https:\/\/www.info-algerie.com\/actualites\/"},{"@type":"ListItem","position":2,"name":"Messahel transmet un message de fraternit\u00e9 et d\u2019amiti\u00e9 du Pr\u00e9sident Bouteflika \u00e0 son homologue ougandais Museveni"}]},{"@type":"WebSite","@id":"https:\/\/www.info-algerie.com\/actualites\/#website","url":"https:\/\/www.info-algerie.com\/actualites\/","name":"info algerie","description":"Toutes les actualit\u00e9s","publisher":{"@id":"https:\/\/www.info-algerie.com\/actualites\/#organization"},"potentialAction":[{"@type":"SearchAction","target":{"@type":"EntryPoint","urlTemplate":"https:\/\/www.info-algerie.com\/actualites\/?s={search_term_string}"},"query-input":{"@type":"PropertyValueSpecification","valueRequired":true,"valueName":"search_term_string"}}],"inLanguage":"fr-FR"},{"@type":"Organization","@id":"https:\/\/www.info-algerie.com\/actualites\/#organization","name":"info algerie","url":"https:\/\/www.info-algerie.com\/actualites\/","logo":{"@type":"ImageObject","inLanguage":"fr-FR","@id":"https:\/\/www.info-algerie.com\/actualites\/#\/schema\/logo\/image\/","url":"https:\/\/www.info-algerie.com\/actualites\/wp-content\/uploads\/2022\/07\/logo-ia-120.png","contentUrl":"https:\/\/www.info-algerie.com\/actualites\/wp-content\/uploads\/2022\/07\/logo-ia-120.png","width":120,"height":43,"caption":"info algerie"},"image":{"@id":"https:\/\/www.info-algerie.com\/actualites\/#\/schema\/logo\/image\/"},"sameAs":["https:\/\/www.facebook.com\/infoalgerieactu","https:\/\/x.com\/infoalgerie1"]},{"@type":"Person","@id":"https:\/\/www.info-algerie.com\/actualites\/#\/schema\/person\/847aaec44920825b843a08f30ec6aa1e","name":"La r\u00e9daction","image":{"@type":"ImageObject","inLanguage":"fr-FR","@id":"https:\/\/secure.gravatar.com\/avatar\/769db425c6f465158149f1ffd6cf61ce7a8a879d11dfbef8288af36dfddd418c?s=96&d=mm&r=g","url":"https:\/\/secure.gravatar.com\/avatar\/769db425c6f465158149f1ffd6cf61ce7a8a879d11dfbef8288af36dfddd418c?s=96&d=mm&r=g","contentUrl":"https:\/\/secure.gravatar.com\/avatar\/769db425c6f465158149f1ffd6cf61ce7a8a879d11dfbef8288af36dfddd418c?s=96&d=mm&r=g","caption":"La r\u00e9daction"},"sameAs":["http:\/\/www.lkeria.com\/"],"url":"https:\/\/www.info-algerie.com\/actualites\/author\/chakib32\/"}]}},"_links":{"self":[{"href":"https:\/\/www.info-algerie.com\/actualites\/wp-json\/wp\/v2\/posts\/13490","targetHints":{"allow":["GET"]}}],"collection":[{"href":"https:\/\/www.info-algerie.com\/actualites\/wp-json\/wp\/v2\/posts"}],"about":[{"href":"https:\/\/www.info-algerie.com\/actualites\/wp-json\/wp\/v2\/types\/post"}],"author":[{"embeddable":true,"href":"https:\/\/www.info-algerie.com\/actualites\/wp-json\/wp\/v2\/users\/6"}],"replies":[{"embeddable":true,"href":"https:\/\/www.info-algerie.com\/actualites\/wp-json\/wp\/v2\/comments?post=13490"}],"version-history":[{"count":0,"href":"https:\/\/www.info-algerie.com\/actualites\/wp-json\/wp\/v2\/posts\/13490\/revisions"}],"wp:featuredmedia":[{"embeddable":true,"href":"https:\/\/www.info-algerie.com\/actualites\/wp-json\/wp\/v2\/media\/13491"}],"wp:attachment":[{"href":"https:\/\/www.info-algerie.com\/actualites\/wp-json\/wp\/v2\/media?parent=13490"}],"wp:term":[{"taxonomy":"category","embeddable":true,"href":"https:\/\/www.info-algerie.com\/actualites\/wp-json\/wp\/v2\/categories?post=13490"},{"taxonomy":"post_tag","embeddable":true,"href":"https:\/\/www.info-algerie.com\/actualites\/wp-json\/wp\/v2\/tags?post=13490"}],"curies":[{"name":"wp","href":"https:\/\/api.w.org\/{rel}","templated":true}]}}