{"id":13492,"date":"2017-06-23T15:56:06","date_gmt":"2017-06-23T14:56:06","guid":{"rendered":"http:\/\/www.info-algerie.com\/actualites\/belaid-appelle-a-unifier-toutes-les-forces-pour-faire-face-aux-different-defis-nationaux-et-internationaux\/"},"modified":"2017-06-23T15:56:06","modified_gmt":"2017-06-23T14:56:06","slug":"belaid-appelle-a-unifier-toutes-les-forces-pour-faire-face-aux-different-defis-nationaux-et-internationaux","status":"publish","type":"post","link":"https:\/\/www.info-algerie.com\/actualites\/belaid-appelle-a-unifier-toutes-les-forces-pour-faire-face-aux-different-defis-nationaux-et-internationaux\/","title":{"rendered":"Belaid appelle \u00e0 unifier &quot;toutes les forces&quot; pour faire face aux diff\u00e9rent d\u00e9fis nationaux et internationaux"},"content":{"rendered":"<div class=\"K2FeedIntroText\">\n<p>ALGER &#8211; Le pr\u00e9sident du Front El-Moustakbal, Abdelaziz Belaid, a appel\u00e9 jeudi \u00e0 unifier \u00ab\u00a0toutes les forces pour faire face aux d\u00e9fis, notamment \u00e9conomiques\u00a0\u00bb.<\/p>\n<p>&#013;\n<\/p><\/div>\n<div class=\"K2FeedFullText\">&#013;<\/p>\n<p>Le pr\u00e9sident du Front EL-Moustakbal a affirm\u00e9 dans une d\u00e9claration \u00e0 l&rsquo;APS\u00a0 en marge d&rsquo;une conf\u00e9rence sur \u00ab\u00a0les m\u00e9dias dans les r\u00e9gimes d\u00e9mocratiques\u00a0\u00bb que la conjoncture actuelle n\u00e9cessitait \u00ab\u00a0l&rsquo;unification des diff\u00e9rentes forces et acteurs face aux d\u00e9fis, notamment \u00e9conomiques, pour \u00e9viter toute forme d&rsquo;agitation sociale\u00a0\u00bb.<\/p>\n<p>&#013;<\/p>\n<p>Pour ce faire, M. Belaid a insist\u00e9 sur \u00ab\u00a0une analyse logique des situations comme phase initiale, pour tracer, par la suite, des programmes sectoriels pouvant mettre fin aux diff\u00e9rents probl\u00e8mes dont ceux li\u00e9s au ch\u00f4mage chez les jeunes\u00a0\u00bb.<\/p>\n<p>&#013;<\/p>\n<p>Le chef du Front Al-Moustakbal a ajout\u00e9 que le projet de Plan d&rsquo;action du Gouvernement, pr\u00e9sent\u00e9 r\u00e9cemment \u00e0 l&rsquo;Assembl\u00e9e populaire nationale (APN), portait beaucoup de \u00ab\u00a0projets importants\u00a0\u00bb, indiquant que son parti \u0153uvrait \u00e0\u00a0 \u00ab\u00a0redonner espoir aux jeunes\u00a0\u00bb afin de faire unir les diff\u00e9rents courants qui \u0153uvrent pour un avenir radieux en Alg\u00e9rie.<\/p>\n<p>&#013;<\/p>\n<p>M. Belaid a \u00e9pilogu\u00e9 par ailleurs \u00ab\u00a0les intrus de la classe politique, qui travaillent uniquement \u00e0 des fins personnelles\u00a0\u00bb.<\/p>\n<p>&#013;<\/p>\n<p class=\"MsoNormal\">A noter, que la majorit\u00e9 des interventions \u00e0 la conf\u00e9rence a mis en exergue le r\u00f4le de la presse dans la protection des droits et libert\u00e9s dont notamment le droit du citoyen \u00e0 une information objective et aussi l&rsquo;importance de permettre au journaliste d&rsquo;avoir acc\u00e8s aux sources d&rsquo;information.<\/p>\n<\/div>\n<p>&#013;<br \/>\nSource: <a href=\"http:\/\/www.aps.dz\/algerie\/59351-belaid-appelle-a-unifier-toutes-les-forces-pour-faire-face-aux-different-defis-nationaux-et-internationaux\" target=\"_blank\">Belaid appelle \u00e0 unifier \u00ab\u00a0toutes les forces\u00a0\u00bb pour faire face aux diff\u00e9rent d\u00e9fis nationaux et internationaux<\/a><\/p>\n<!--CusAds0-->\n<div style=\"font-size: 0px; height: 0px; line-height: 0px; margin: 0; padding: 0; clear: both;\"><\/div>","protected":false},"excerpt":{"rendered":"<p>ALGER &#8211; Le pr\u00e9sident du Front El-Moustakbal, Abdelaziz Belaid, a appel\u00e9 jeudi \u00e0 unifier \u00ab\u00a0toutes les forces pour faire face aux d\u00e9fis, notamment \u00e9conomiques\u00a0\u00bb. &#013; &#013; Le pr\u00e9sident du Front EL-Moustakbal a affirm\u00e9 dans une d\u00e9claration \u00e0 l&rsquo;APS\u00a0 en marge d&rsquo;une conf\u00e9rence sur \u00ab\u00a0les m\u00e9dias dans les r\u00e9gimes d\u00e9mocratiques\u00a0\u00bb que la conjoncture actuelle n\u00e9cessitait \u00ab\u00a0l&rsquo;unification<\/p>\n","protected":false},"author":6,"featured_media":0,"comment_status":"open","ping_status":"open","sticky":false,"template":"","format":"standard","meta":{"footnotes":""},"categories":[22],"tags":[93],"class_list":["post-13492","post","type-post","status-publish","format-standard","hentry","category-infos","tag-onu"],"yoast_head":"<!-- This site is optimized with the Yoast SEO plugin v27.5 - https:\/\/yoast.com\/product\/yoast-seo-wordpress\/ -->\n<title>Belaid appelle \u00e0 unifier &quot;toutes les forces&quot; pour faire face aux diff\u00e9rent d\u00e9fis nationaux et internationaux - info algerie<\/title>\n<meta name=\"robots\" content=\"index, follow, max-snippet:-1, max-image-preview:large, max-video-preview:-1\" \/>\n<link rel=\"canonical\" href=\"https:\/\/www.info-algerie.com\/actualites\/belaid-appelle-a-unifier-toutes-les-forces-pour-faire-face-aux-different-defis-nationaux-et-internationaux\/\" \/>\n<meta property=\"og:locale\" content=\"fr_FR\" \/>\n<meta property=\"og:type\" content=\"article\" \/>\n<meta property=\"og:title\" content=\"Belaid appelle \u00e0 unifier &quot;toutes les forces&quot; pour faire face aux diff\u00e9rent d\u00e9fis nationaux et internationaux - info algerie\" \/>\n<meta property=\"og:description\" content=\"ALGER &#8211; Le pr\u00e9sident du Front El-Moustakbal, Abdelaziz Belaid, a appel\u00e9 jeudi \u00e0 unifier \u00ab\u00a0toutes les forces pour faire face aux d\u00e9fis, notamment \u00e9conomiques\u00a0\u00bb. &#013; &#013; Le pr\u00e9sident du Front EL-Moustakbal a affirm\u00e9 dans une d\u00e9claration \u00e0 l&rsquo;APS\u00a0 en marge d&rsquo;une conf\u00e9rence sur \u00ab\u00a0les m\u00e9dias dans les r\u00e9gimes d\u00e9mocratiques\u00a0\u00bb que la conjoncture actuelle n\u00e9cessitait \u00ab\u00a0l&rsquo;unification\" \/>\n<meta property=\"og:url\" content=\"https:\/\/www.info-algerie.com\/actualites\/belaid-appelle-a-unifier-toutes-les-forces-pour-faire-face-aux-different-defis-nationaux-et-internationaux\/\" \/>\n<meta property=\"og:site_name\" content=\"info algerie\" \/>\n<meta property=\"article:publisher\" content=\"https:\/\/www.facebook.com\/infoalgerieactu\" \/>\n<meta property=\"article:published_time\" content=\"2017-06-23T14:56:06+00:00\" \/>\n<meta name=\"author\" content=\"La r\u00e9daction\" \/>\n<meta name=\"twitter:label1\" content=\"\u00c9crit par\" \/>\n\t<meta name=\"twitter:data1\" content=\"La r\u00e9daction\" \/>\n\t<meta name=\"twitter:label2\" content=\"Dur\u00e9e de lecture estim\u00e9e\" \/>\n\t<meta name=\"twitter:data2\" content=\"1 minute\" \/>\n<script type=\"application\/ld+json\" class=\"yoast-schema-graph\">{\"@context\":\"https:\\\/\\\/schema.org\",\"@graph\":[{\"@type\":\"Article\",\"@id\":\"https:\\\/\\\/www.info-algerie.com\\\/actualites\\\/belaid-appelle-a-unifier-toutes-les-forces-pour-faire-face-aux-different-defis-nationaux-et-internationaux\\\/#article\",\"isPartOf\":{\"@id\":\"https:\\\/\\\/www.info-algerie.com\\\/actualites\\\/belaid-appelle-a-unifier-toutes-les-forces-pour-faire-face-aux-different-defis-nationaux-et-internationaux\\\/\"},\"author\":{\"name\":\"La r\u00e9daction\",\"@id\":\"https:\\\/\\\/www.info-algerie.com\\\/actualites\\\/#\\\/schema\\\/person\\\/847aaec44920825b843a08f30ec6aa1e\"},\"headline\":\"Belaid appelle \u00e0 unifier &quot;toutes les forces&quot; pour faire face aux diff\u00e9rent d\u00e9fis nationaux et internationaux\",\"datePublished\":\"2017-06-23T14:56:06+00:00\",\"mainEntityOfPage\":{\"@id\":\"https:\\\/\\\/www.info-algerie.com\\\/actualites\\\/belaid-appelle-a-unifier-toutes-les-forces-pour-faire-face-aux-different-defis-nationaux-et-internationaux\\\/\"},\"wordCount\":289,\"commentCount\":0,\"publisher\":{\"@id\":\"https:\\\/\\\/www.info-algerie.com\\\/actualites\\\/#organization\"},\"keywords\":[\"ONU\"],\"articleSection\":[\"infos\"],\"inLanguage\":\"fr-FR\",\"potentialAction\":[{\"@type\":\"CommentAction\",\"name\":\"Comment\",\"target\":[\"https:\\\/\\\/www.info-algerie.com\\\/actualites\\\/belaid-appelle-a-unifier-toutes-les-forces-pour-faire-face-aux-different-defis-nationaux-et-internationaux\\\/#respond\"]}]},{\"@type\":\"WebPage\",\"@id\":\"https:\\\/\\\/www.info-algerie.com\\\/actualites\\\/belaid-appelle-a-unifier-toutes-les-forces-pour-faire-face-aux-different-defis-nationaux-et-internationaux\\\/\",\"url\":\"https:\\\/\\\/www.info-algerie.com\\\/actualites\\\/belaid-appelle-a-unifier-toutes-les-forces-pour-faire-face-aux-different-defis-nationaux-et-internationaux\\\/\",\"name\":\"Belaid appelle \u00e0 unifier &quot;toutes les forces&quot; pour faire face aux diff\u00e9rent d\u00e9fis nationaux et internationaux - info algerie\",\"isPartOf\":{\"@id\":\"https:\\\/\\\/www.info-algerie.com\\\/actualites\\\/#website\"},\"datePublished\":\"2017-06-23T14:56:06+00:00\",\"breadcrumb\":{\"@id\":\"https:\\\/\\\/www.info-algerie.com\\\/actualites\\\/belaid-appelle-a-unifier-toutes-les-forces-pour-faire-face-aux-different-defis-nationaux-et-internationaux\\\/#breadcrumb\"},\"inLanguage\":\"fr-FR\",\"potentialAction\":[{\"@type\":\"ReadAction\",\"target\":[\"https:\\\/\\\/www.info-algerie.com\\\/actualites\\\/belaid-appelle-a-unifier-toutes-les-forces-pour-faire-face-aux-different-defis-nationaux-et-internationaux\\\/\"]}]},{\"@type\":\"BreadcrumbList\",\"@id\":\"https:\\\/\\\/www.info-algerie.com\\\/actualites\\\/belaid-appelle-a-unifier-toutes-les-forces-pour-faire-face-aux-different-defis-nationaux-et-internationaux\\\/#breadcrumb\",\"itemListElement\":[{\"@type\":\"ListItem\",\"position\":1,\"name\":\"Accueil\",\"item\":\"https:\\\/\\\/www.info-algerie.com\\\/actualites\\\/\"},{\"@type\":\"ListItem\",\"position\":2,\"name\":\"Belaid appelle \u00e0 unifier &quot;toutes les forces&quot; pour faire face aux diff\u00e9rent d\u00e9fis nationaux et internationaux\"}]},{\"@type\":\"WebSite\",\"@id\":\"https:\\\/\\\/www.info-algerie.com\\\/actualites\\\/#website\",\"url\":\"https:\\\/\\\/www.info-algerie.com\\\/actualites\\\/\",\"name\":\"info algerie\",\"description\":\"Toutes les actualit\u00e9s\",\"publisher\":{\"@id\":\"https:\\\/\\\/www.info-algerie.com\\\/actualites\\\/#organization\"},\"potentialAction\":[{\"@type\":\"SearchAction\",\"target\":{\"@type\":\"EntryPoint\",\"urlTemplate\":\"https:\\\/\\\/www.info-algerie.com\\\/actualites\\\/?s={search_term_string}\"},\"query-input\":{\"@type\":\"PropertyValueSpecification\",\"valueRequired\":true,\"valueName\":\"search_term_string\"}}],\"inLanguage\":\"fr-FR\"},{\"@type\":\"Organization\",\"@id\":\"https:\\\/\\\/www.info-algerie.com\\\/actualites\\\/#organization\",\"name\":\"info algerie\",\"url\":\"https:\\\/\\\/www.info-algerie.com\\\/actualites\\\/\",\"logo\":{\"@type\":\"ImageObject\",\"inLanguage\":\"fr-FR\",\"@id\":\"https:\\\/\\\/www.info-algerie.com\\\/actualites\\\/#\\\/schema\\\/logo\\\/image\\\/\",\"url\":\"https:\\\/\\\/www.info-algerie.com\\\/actualites\\\/wp-content\\\/uploads\\\/2022\\\/07\\\/logo-ia-120.png\",\"contentUrl\":\"https:\\\/\\\/www.info-algerie.com\\\/actualites\\\/wp-content\\\/uploads\\\/2022\\\/07\\\/logo-ia-120.png\",\"width\":120,\"height\":43,\"caption\":\"info algerie\"},\"image\":{\"@id\":\"https:\\\/\\\/www.info-algerie.com\\\/actualites\\\/#\\\/schema\\\/logo\\\/image\\\/\"},\"sameAs\":[\"https:\\\/\\\/www.facebook.com\\\/infoalgerieactu\",\"https:\\\/\\\/x.com\\\/infoalgerie1\"]},{\"@type\":\"Person\",\"@id\":\"https:\\\/\\\/www.info-algerie.com\\\/actualites\\\/#\\\/schema\\\/person\\\/847aaec44920825b843a08f30ec6aa1e\",\"name\":\"La r\u00e9daction\",\"image\":{\"@type\":\"ImageObject\",\"inLanguage\":\"fr-FR\",\"@id\":\"https:\\\/\\\/secure.gravatar.com\\\/avatar\\\/769db425c6f465158149f1ffd6cf61ce7a8a879d11dfbef8288af36dfddd418c?s=96&d=mm&r=g\",\"url\":\"https:\\\/\\\/secure.gravatar.com\\\/avatar\\\/769db425c6f465158149f1ffd6cf61ce7a8a879d11dfbef8288af36dfddd418c?s=96&d=mm&r=g\",\"contentUrl\":\"https:\\\/\\\/secure.gravatar.com\\\/avatar\\\/769db425c6f465158149f1ffd6cf61ce7a8a879d11dfbef8288af36dfddd418c?s=96&d=mm&r=g\",\"caption\":\"La r\u00e9daction\"},\"sameAs\":[\"http:\\\/\\\/www.lkeria.com\\\/\"],\"url\":\"https:\\\/\\\/www.info-algerie.com\\\/actualites\\\/author\\\/chakib32\\\/\"}]}<\/script>\n<!-- \/ Yoast SEO plugin. -->","yoast_head_json":{"title":"Belaid appelle \u00e0 unifier &quot;toutes les forces&quot; pour faire face aux diff\u00e9rent d\u00e9fis nationaux et internationaux - info algerie","robots":{"index":"index","follow":"follow","max-snippet":"max-snippet:-1","max-image-preview":"max-image-preview:large","max-video-preview":"max-video-preview:-1"},"canonical":"https:\/\/www.info-algerie.com\/actualites\/belaid-appelle-a-unifier-toutes-les-forces-pour-faire-face-aux-different-defis-nationaux-et-internationaux\/","og_locale":"fr_FR","og_type":"article","og_title":"Belaid appelle \u00e0 unifier &quot;toutes les forces&quot; pour faire face aux diff\u00e9rent d\u00e9fis nationaux et internationaux - info algerie","og_description":"ALGER &#8211; Le pr\u00e9sident du Front El-Moustakbal, Abdelaziz Belaid, a appel\u00e9 jeudi \u00e0 unifier \u00ab\u00a0toutes les forces pour faire face aux d\u00e9fis, notamment \u00e9conomiques\u00a0\u00bb. &#013; &#013; Le pr\u00e9sident du Front EL-Moustakbal a affirm\u00e9 dans une d\u00e9claration \u00e0 l&rsquo;APS\u00a0 en marge d&rsquo;une conf\u00e9rence sur \u00ab\u00a0les m\u00e9dias dans les r\u00e9gimes d\u00e9mocratiques\u00a0\u00bb que la conjoncture actuelle n\u00e9cessitait \u00ab\u00a0l&rsquo;unification","og_url":"https:\/\/www.info-algerie.com\/actualites\/belaid-appelle-a-unifier-toutes-les-forces-pour-faire-face-aux-different-defis-nationaux-et-internationaux\/","og_site_name":"info algerie","article_publisher":"https:\/\/www.facebook.com\/infoalgerieactu","article_published_time":"2017-06-23T14:56:06+00:00","author":"La r\u00e9daction","twitter_misc":{"\u00c9crit par":"La r\u00e9daction","Dur\u00e9e de lecture estim\u00e9e":"1 minute"},"schema":{"@context":"https:\/\/schema.org","@graph":[{"@type":"Article","@id":"https:\/\/www.info-algerie.com\/actualites\/belaid-appelle-a-unifier-toutes-les-forces-pour-faire-face-aux-different-defis-nationaux-et-internationaux\/#article","isPartOf":{"@id":"https:\/\/www.info-algerie.com\/actualites\/belaid-appelle-a-unifier-toutes-les-forces-pour-faire-face-aux-different-defis-nationaux-et-internationaux\/"},"author":{"name":"La r\u00e9daction","@id":"https:\/\/www.info-algerie.com\/actualites\/#\/schema\/person\/847aaec44920825b843a08f30ec6aa1e"},"headline":"Belaid appelle \u00e0 unifier &quot;toutes les forces&quot; pour faire face aux diff\u00e9rent d\u00e9fis nationaux et internationaux","datePublished":"2017-06-23T14:56:06+00:00","mainEntityOfPage":{"@id":"https:\/\/www.info-algerie.com\/actualites\/belaid-appelle-a-unifier-toutes-les-forces-pour-faire-face-aux-different-defis-nationaux-et-internationaux\/"},"wordCount":289,"commentCount":0,"publisher":{"@id":"https:\/\/www.info-algerie.com\/actualites\/#organization"},"keywords":["ONU"],"articleSection":["infos"],"inLanguage":"fr-FR","potentialAction":[{"@type":"CommentAction","name":"Comment","target":["https:\/\/www.info-algerie.com\/actualites\/belaid-appelle-a-unifier-toutes-les-forces-pour-faire-face-aux-different-defis-nationaux-et-internationaux\/#respond"]}]},{"@type":"WebPage","@id":"https:\/\/www.info-algerie.com\/actualites\/belaid-appelle-a-unifier-toutes-les-forces-pour-faire-face-aux-different-defis-nationaux-et-internationaux\/","url":"https:\/\/www.info-algerie.com\/actualites\/belaid-appelle-a-unifier-toutes-les-forces-pour-faire-face-aux-different-defis-nationaux-et-internationaux\/","name":"Belaid appelle \u00e0 unifier &quot;toutes les forces&quot; pour faire face aux diff\u00e9rent d\u00e9fis nationaux et internationaux - info algerie","isPartOf":{"@id":"https:\/\/www.info-algerie.com\/actualites\/#website"},"datePublished":"2017-06-23T14:56:06+00:00","breadcrumb":{"@id":"https:\/\/www.info-algerie.com\/actualites\/belaid-appelle-a-unifier-toutes-les-forces-pour-faire-face-aux-different-defis-nationaux-et-internationaux\/#breadcrumb"},"inLanguage":"fr-FR","potentialAction":[{"@type":"ReadAction","target":["https:\/\/www.info-algerie.com\/actualites\/belaid-appelle-a-unifier-toutes-les-forces-pour-faire-face-aux-different-defis-nationaux-et-internationaux\/"]}]},{"@type":"BreadcrumbList","@id":"https:\/\/www.info-algerie.com\/actualites\/belaid-appelle-a-unifier-toutes-les-forces-pour-faire-face-aux-different-defis-nationaux-et-internationaux\/#breadcrumb","itemListElement":[{"@type":"ListItem","position":1,"name":"Accueil","item":"https:\/\/www.info-algerie.com\/actualites\/"},{"@type":"ListItem","position":2,"name":"Belaid appelle \u00e0 unifier &quot;toutes les forces&quot; pour faire face aux diff\u00e9rent d\u00e9fis nationaux et internationaux"}]},{"@type":"WebSite","@id":"https:\/\/www.info-algerie.com\/actualites\/#website","url":"https:\/\/www.info-algerie.com\/actualites\/","name":"info algerie","description":"Toutes les actualit\u00e9s","publisher":{"@id":"https:\/\/www.info-algerie.com\/actualites\/#organization"},"potentialAction":[{"@type":"SearchAction","target":{"@type":"EntryPoint","urlTemplate":"https:\/\/www.info-algerie.com\/actualites\/?s={search_term_string}"},"query-input":{"@type":"PropertyValueSpecification","valueRequired":true,"valueName":"search_term_string"}}],"inLanguage":"fr-FR"},{"@type":"Organization","@id":"https:\/\/www.info-algerie.com\/actualites\/#organization","name":"info algerie","url":"https:\/\/www.info-algerie.com\/actualites\/","logo":{"@type":"ImageObject","inLanguage":"fr-FR","@id":"https:\/\/www.info-algerie.com\/actualites\/#\/schema\/logo\/image\/","url":"https:\/\/www.info-algerie.com\/actualites\/wp-content\/uploads\/2022\/07\/logo-ia-120.png","contentUrl":"https:\/\/www.info-algerie.com\/actualites\/wp-content\/uploads\/2022\/07\/logo-ia-120.png","width":120,"height":43,"caption":"info algerie"},"image":{"@id":"https:\/\/www.info-algerie.com\/actualites\/#\/schema\/logo\/image\/"},"sameAs":["https:\/\/www.facebook.com\/infoalgerieactu","https:\/\/x.com\/infoalgerie1"]},{"@type":"Person","@id":"https:\/\/www.info-algerie.com\/actualites\/#\/schema\/person\/847aaec44920825b843a08f30ec6aa1e","name":"La r\u00e9daction","image":{"@type":"ImageObject","inLanguage":"fr-FR","@id":"https:\/\/secure.gravatar.com\/avatar\/769db425c6f465158149f1ffd6cf61ce7a8a879d11dfbef8288af36dfddd418c?s=96&d=mm&r=g","url":"https:\/\/secure.gravatar.com\/avatar\/769db425c6f465158149f1ffd6cf61ce7a8a879d11dfbef8288af36dfddd418c?s=96&d=mm&r=g","contentUrl":"https:\/\/secure.gravatar.com\/avatar\/769db425c6f465158149f1ffd6cf61ce7a8a879d11dfbef8288af36dfddd418c?s=96&d=mm&r=g","caption":"La r\u00e9daction"},"sameAs":["http:\/\/www.lkeria.com\/"],"url":"https:\/\/www.info-algerie.com\/actualites\/author\/chakib32\/"}]}},"_links":{"self":[{"href":"https:\/\/www.info-algerie.com\/actualites\/wp-json\/wp\/v2\/posts\/13492","targetHints":{"allow":["GET"]}}],"collection":[{"href":"https:\/\/www.info-algerie.com\/actualites\/wp-json\/wp\/v2\/posts"}],"about":[{"href":"https:\/\/www.info-algerie.com\/actualites\/wp-json\/wp\/v2\/types\/post"}],"author":[{"embeddable":true,"href":"https:\/\/www.info-algerie.com\/actualites\/wp-json\/wp\/v2\/users\/6"}],"replies":[{"embeddable":true,"href":"https:\/\/www.info-algerie.com\/actualites\/wp-json\/wp\/v2\/comments?post=13492"}],"version-history":[{"count":0,"href":"https:\/\/www.info-algerie.com\/actualites\/wp-json\/wp\/v2\/posts\/13492\/revisions"}],"wp:attachment":[{"href":"https:\/\/www.info-algerie.com\/actualites\/wp-json\/wp\/v2\/media?parent=13492"}],"wp:term":[{"taxonomy":"category","embeddable":true,"href":"https:\/\/www.info-algerie.com\/actualites\/wp-json\/wp\/v2\/categories?post=13492"},{"taxonomy":"post_tag","embeddable":true,"href":"https:\/\/www.info-algerie.com\/actualites\/wp-json\/wp\/v2\/tags?post=13492"}],"curies":[{"name":"wp","href":"https:\/\/api.w.org\/{rel}","templated":true}]}}