{"id":13523,"date":"2017-06-24T12:18:42","date_gmt":"2017-06-24T11:18:42","guid":{"rendered":"http:\/\/www.info-algerie.com\/actualites\/reglementation-de-lactivite-des-chaines-de-television-privees-avant-fin-2017\/"},"modified":"2017-06-24T12:18:42","modified_gmt":"2017-06-24T11:18:42","slug":"reglementation-de-lactivite-des-chaines-de-television-privees-avant-fin-2017","status":"publish","type":"post","link":"https:\/\/www.info-algerie.com\/actualites\/reglementation-de-lactivite-des-chaines-de-television-privees-avant-fin-2017\/","title":{"rendered":"R\u00e9glementation de l&#039;activit\u00e9 des cha\u00eenes de t\u00e9l\u00e9vision priv\u00e9es avant fin 2017"},"content":{"rendered":"<div class=\"K2FeedImage\"><img decoding=\"async\" src=\"https:\/\/www.info-algerie.com\/actualites\/wp-content\/uploads\/2017\/06\/ea9439557d4ff5fc5de50dafa968861d_S.jpg\" alt=\"R&#xE9;glementation de l'activit&#xE9; des cha&#xEE;nes de t&#xE9;l&#xE9;vision priv&#xE9;es avant fin 2017\" \/><\/div>\n<div class=\"K2FeedIntroText\">\n<p class=\"MsoNoSpacing\">ALGER- Le Premier ministre, Abdelmadjid Tebboune, a annonc\u00e9 vendredi soir \u00e0 Alger la \u00ab\u00a0r\u00e8glementation\u00a0\u00bb de l&rsquo;activit\u00e9 des cha\u00eenes de t\u00e9l\u00e9vision priv\u00e9es avant fin 2017 et leur \u00ab\u00a0accr\u00e9ditation en tant que cha\u00eenes alg\u00e9riennes selon un cahier de charges \u00ab\u00a0plus pr\u00e9cis\u00a0\u00bb.<\/p>\n<p>&#013;\n<\/p><\/div>\n<div class=\"K2FeedFullText\">&#013;<\/p>\n<p class=\"MsoNoSpacing\">R\u00e9pondant aux pr\u00e9occupations soulev\u00e9es par les d\u00e9put\u00e9s de l&rsquo;Assembl\u00e9e populaire nationale (APN) lors d&rsquo;une s\u00e9ance pl\u00e9ni\u00e8re consacr\u00e9e au vote du plan d&rsquo;action du gouvernement, M. Tebboune a r\u00e9it\u00e9r\u00e9 que \u00ab\u00a0la libert\u00e9 d&rsquo;expression est un acquis d\u00e9mocratique et en r\u00e9ponse \u00e0 tout ce qui a \u00e9t\u00e9 dit \u00e0 ce sujet, le gouvernement oeuvrera \u00e0 son renforcement \u00e0 travers l&rsquo;activation et la consolidation des autorit\u00e9s de r\u00e9gulation sur lesquelles je veillerai personnellement, ainsi qu&rsquo;\u00e0 l&rsquo;installation du Conseil\u00a0 d&rsquo;\u00e9thique et de d\u00e9ontologie de la presse\u00a0\u00bb.<\/p>\n<p>&#013;<\/p>\n<p class=\"MsoNoSpacing\">A ce propos, M. Tebboune a annonc\u00e9 la \u00ab\u00a0r\u00e9glementation des cha\u00eenes de t\u00e9l\u00e9vision priv\u00e9es avant la fin de l&rsquo;ann\u00e9e en cours\u00a0 parall\u00e8lement au lancement du projet de cr\u00e9ation d&rsquo;une cha\u00eene de t\u00e9l\u00e9vision parlementaire\u00a0\u00bb.<\/p>\n<p>&#013;<\/p>\n<p class=\"MsoNoSpacing\">En r\u00e9ponse \u00e0 la presse \u00e0 l&rsquo;issue de la s\u00e9ance de vote, le Premier ministre a d\u00e9clar\u00e9 que le \u00ab\u00a0dossier des cha\u00eenes de t\u00e9l\u00e9vision priv\u00e9es sera d\u00e9finitivement clos avant fin 2017\u00a0\u00bb, annon\u00e7ant \u00ab\u00a0l&rsquo;accr\u00e9ditation de ces derni\u00e8res, selon un cahier de charges plus pr\u00e9cis, en tant que cha\u00eenes alg\u00e9riennes diffusant depuis l&rsquo;Alg\u00e9rie et non de l&rsquo;\u00e9tranger\u00a0\u00bb.<\/p>\n<p>&#013;<\/p>\n<p class=\"MsoNoSpacing\">Le Premier ministre avait soulign\u00e9 mardi dernier lors de la pr\u00e9sentation du plan d&rsquo;action du gouvernement que le gouvernement oeuvrera \u00e0 la \u00ab\u00a0cons\u00e9cration de la libert\u00e9 de la presse et d&rsquo;expression ainsi que du droit \u00e0 une information objective et honn\u00eate\u00a0\u00bb \u00e0 travers \u00ab\u00a0l&rsquo;installation du Conseil d&rsquo;\u00e9thique et de d\u00e9ontologie de la presse aux c\u00f4t\u00e9s de l&rsquo;Autorit\u00e9 de r\u00e9gulation de la presse \u00e9crite et de l&rsquo;Autorit\u00e9 de r\u00e9gulation de l&rsquo;audiovisuel\u00a0\u00bb.<\/p>\n<p>&#013;<\/p>\n<p class=\"MsoNoSpacing\">Outre la r\u00e9organisation des moyens publiques d&rsquo;\u00e9dition, le Premier ministre a \u00e9voqu\u00e9 les conditions d&rsquo;accr\u00e9ditation des cha\u00eenes priv\u00e9es de droit alg\u00e9rien, la mise en place du r\u00e9seau de diffusion analogique terrestre et la mise en service de stations de diffusion radiophonique (FM) et de r\u00e9seau radiophonique et t\u00e9l\u00e9visuelle par satellite.<\/p>\n<p>&#013;<\/p>\n<p class=\"MsoNoSpacing\">Le volet relatif au renforcement de la libert\u00e9 d&rsquo;expression constitue l&rsquo;un des principaux axes contenus dans le plan d&rsquo;action du gouvernement \u00e0 travers \u00ab\u00a0l&rsquo;\u00e9largissement de l&rsquo;espace des droits et des libert\u00e9s du citoyen qui sera poursuivi par la cons\u00e9cration effective et la consolidation des garanties de la libert\u00e9 de la presse et du droit \u00e0 l&rsquo;information qui constituent un support essentiel \u00e0 l&rsquo;exercice de la d\u00e9mocratie\u00a0\u00bb.<\/p>\n<p>&#013;<\/p>\n<p class=\"MsoNoSpacing\">L&rsquo;enjeu est de compl\u00e9ter le cadre organisationnel qui \u00ab\u00a0doit poser les jalons \u00e9thiques et professionnels\u00a0\u00bb devant guider la presse dans sa marche vers une modernisation qui consacre et consolide la libert\u00e9 de la presse et le droit \u00e0 l&rsquo;information en les harmonisant avec les imp\u00e9ratifs d&rsquo;\u00e9thique, de responsabilit\u00e9 professionnelle et de d\u00e9ontologie\u00a0\u00bb.<\/p>\n<p>&#013;<\/p>\n<p class=\"MsoNoSpacing\">A cet effet, le plan d&rsquo;action du gouvernement indique que ce dernier \u00ab\u00a0initiera dans ce cadre, toutes les mesures tendant \u00e0 renforcer la libert\u00e9 de la presse \u00e9crite et audiovisuelle ainsi que la libert\u00e9 de diffusion des informations, des id\u00e9es, et des opinions, dans le respect de la dignit\u00e9, des libert\u00e9s et droits d&rsquo;autrui, des constantes, des valeurs religieuses, morales et culturelles de la Nation\u00a0\u00bb.<\/p>\n<p>&#013;<\/p>\n<p class=\"MsoNoSpacing\">Le Gouvernement entend mener sa d\u00e9marche de modernisation \u00e0 travers la promotion de la \u00ab\u00a0dignit\u00e9 et de la d\u00e9cence sociale\u00a0\u00bb des journalistes et la poursuite de l&rsquo;am\u00e9lioration de leurs droits sociaux selon les principes consacr\u00e9s par la loi.<\/p>\n<p>&#013;<\/p>\n<p>\u00a0<\/p>\n<p>&#013;<\/p>\n<p class=\"MsoNoSpacing\">Le Gouvernement s&rsquo;attache, par ailleurs, \u00e0 organiser la communication institutionnelle de mani\u00e8re \u00e0 refl\u00e9ter une \u00ab\u00a0volont\u00e9 de transparence\u00a0\u00bb.<\/p>\n<\/div>\n<p>&#013;<br \/>\nSource: <a href=\"http:\/\/www.aps.dz\/algerie\/59378-reglementation-de-l-activite-des-chaines-de-television-privees-avant-fin-2017\" target=\"_blank\">R\u00e9glementation de l&rsquo;activit\u00e9 des cha\u00eenes de t\u00e9l\u00e9vision priv\u00e9es avant fin 2017<\/a><\/p>\n<!--CusAds0-->\n<div style=\"font-size: 0px; height: 0px; line-height: 0px; margin: 0; padding: 0; clear: both;\"><\/div>","protected":false},"excerpt":{"rendered":"<p>ALGER- Le Premier ministre, Abdelmadjid Tebboune, a annonc\u00e9 vendredi soir \u00e0 Alger la \u00ab\u00a0r\u00e8glementation\u00a0\u00bb de l&rsquo;activit\u00e9 des cha\u00eenes de t\u00e9l\u00e9vision priv\u00e9es avant fin 2017 et leur \u00ab\u00a0accr\u00e9ditation en tant que cha\u00eenes alg\u00e9riennes selon un cahier de charges \u00ab\u00a0plus pr\u00e9cis\u00a0\u00bb. &#013; &#013; R\u00e9pondant aux pr\u00e9occupations soulev\u00e9es par les d\u00e9put\u00e9s de l&rsquo;Assembl\u00e9e populaire nationale (APN) lors d&rsquo;une<\/p>\n","protected":false},"author":6,"featured_media":13524,"comment_status":"open","ping_status":"open","sticky":false,"template":"","format":"standard","meta":{"footnotes":""},"categories":[22],"tags":[93],"class_list":["post-13523","post","type-post","status-publish","format-standard","has-post-thumbnail","hentry","category-infos","tag-onu"],"yoast_head":"<!-- This site is optimized with the Yoast SEO plugin v27.5 - https:\/\/yoast.com\/product\/yoast-seo-wordpress\/ -->\n<title>R\u00e9glementation de l&#039;activit\u00e9 des cha\u00eenes de t\u00e9l\u00e9vision priv\u00e9es avant fin 2017 - info algerie<\/title>\n<meta name=\"robots\" content=\"index, follow, max-snippet:-1, max-image-preview:large, max-video-preview:-1\" \/>\n<link rel=\"canonical\" href=\"https:\/\/www.info-algerie.com\/actualites\/reglementation-de-lactivite-des-chaines-de-television-privees-avant-fin-2017\/\" \/>\n<meta property=\"og:locale\" content=\"fr_FR\" \/>\n<meta property=\"og:type\" content=\"article\" \/>\n<meta property=\"og:title\" content=\"R\u00e9glementation de l&#039;activit\u00e9 des cha\u00eenes de t\u00e9l\u00e9vision priv\u00e9es avant fin 2017 - info algerie\" \/>\n<meta property=\"og:description\" content=\"ALGER- Le Premier ministre, Abdelmadjid Tebboune, a annonc\u00e9 vendredi soir \u00e0 Alger la \u00ab\u00a0r\u00e8glementation\u00a0\u00bb de l&rsquo;activit\u00e9 des cha\u00eenes de t\u00e9l\u00e9vision priv\u00e9es avant fin 2017 et leur \u00ab\u00a0accr\u00e9ditation en tant que cha\u00eenes alg\u00e9riennes selon un cahier de charges \u00ab\u00a0plus pr\u00e9cis\u00a0\u00bb. &#013; &#013; R\u00e9pondant aux pr\u00e9occupations soulev\u00e9es par les d\u00e9put\u00e9s de l&rsquo;Assembl\u00e9e populaire nationale (APN) lors d&rsquo;une\" \/>\n<meta property=\"og:url\" content=\"https:\/\/www.info-algerie.com\/actualites\/reglementation-de-lactivite-des-chaines-de-television-privees-avant-fin-2017\/\" \/>\n<meta property=\"og:site_name\" content=\"info algerie\" \/>\n<meta property=\"article:publisher\" content=\"https:\/\/www.facebook.com\/infoalgerieactu\" \/>\n<meta property=\"article:published_time\" content=\"2017-06-24T11:18:42+00:00\" \/>\n<meta property=\"og:image\" content=\"https:\/\/www.info-algerie.com\/actualites\/wp-content\/uploads\/2017\/06\/ea9439557d4ff5fc5de50dafa968861d_S-1.jpg\" \/>\n\t<meta property=\"og:image:width\" content=\"280\" \/>\n\t<meta property=\"og:image:height\" content=\"188\" \/>\n\t<meta property=\"og:image:type\" content=\"image\/jpeg\" \/>\n<meta name=\"author\" content=\"La r\u00e9daction\" \/>\n<meta name=\"twitter:label1\" content=\"\u00c9crit par\" \/>\n\t<meta name=\"twitter:data1\" content=\"La r\u00e9daction\" \/>\n\t<meta name=\"twitter:label2\" content=\"Dur\u00e9e de lecture estim\u00e9e\" \/>\n\t<meta name=\"twitter:data2\" content=\"3 minutes\" \/>\n<script type=\"application\/ld+json\" class=\"yoast-schema-graph\">{\"@context\":\"https:\\\/\\\/schema.org\",\"@graph\":[{\"@type\":\"Article\",\"@id\":\"https:\\\/\\\/www.info-algerie.com\\\/actualites\\\/reglementation-de-lactivite-des-chaines-de-television-privees-avant-fin-2017\\\/#article\",\"isPartOf\":{\"@id\":\"https:\\\/\\\/www.info-algerie.com\\\/actualites\\\/reglementation-de-lactivite-des-chaines-de-television-privees-avant-fin-2017\\\/\"},\"author\":{\"name\":\"La r\u00e9daction\",\"@id\":\"https:\\\/\\\/www.info-algerie.com\\\/actualites\\\/#\\\/schema\\\/person\\\/847aaec44920825b843a08f30ec6aa1e\"},\"headline\":\"R\u00e9glementation de l&#039;activit\u00e9 des cha\u00eenes de t\u00e9l\u00e9vision priv\u00e9es avant fin 2017\",\"datePublished\":\"2017-06-24T11:18:42+00:00\",\"mainEntityOfPage\":{\"@id\":\"https:\\\/\\\/www.info-algerie.com\\\/actualites\\\/reglementation-de-lactivite-des-chaines-de-television-privees-avant-fin-2017\\\/\"},\"wordCount\":701,\"commentCount\":0,\"publisher\":{\"@id\":\"https:\\\/\\\/www.info-algerie.com\\\/actualites\\\/#organization\"},\"image\":{\"@id\":\"https:\\\/\\\/www.info-algerie.com\\\/actualites\\\/reglementation-de-lactivite-des-chaines-de-television-privees-avant-fin-2017\\\/#primaryimage\"},\"thumbnailUrl\":\"https:\\\/\\\/www.info-algerie.com\\\/actualites\\\/wp-content\\\/uploads\\\/2017\\\/06\\\/ea9439557d4ff5fc5de50dafa968861d_S-1.jpg\",\"keywords\":[\"ONU\"],\"articleSection\":[\"infos\"],\"inLanguage\":\"fr-FR\",\"potentialAction\":[{\"@type\":\"CommentAction\",\"name\":\"Comment\",\"target\":[\"https:\\\/\\\/www.info-algerie.com\\\/actualites\\\/reglementation-de-lactivite-des-chaines-de-television-privees-avant-fin-2017\\\/#respond\"]}]},{\"@type\":\"WebPage\",\"@id\":\"https:\\\/\\\/www.info-algerie.com\\\/actualites\\\/reglementation-de-lactivite-des-chaines-de-television-privees-avant-fin-2017\\\/\",\"url\":\"https:\\\/\\\/www.info-algerie.com\\\/actualites\\\/reglementation-de-lactivite-des-chaines-de-television-privees-avant-fin-2017\\\/\",\"name\":\"R\u00e9glementation de l&#039;activit\u00e9 des cha\u00eenes de t\u00e9l\u00e9vision priv\u00e9es avant fin 2017 - info algerie\",\"isPartOf\":{\"@id\":\"https:\\\/\\\/www.info-algerie.com\\\/actualites\\\/#website\"},\"primaryImageOfPage\":{\"@id\":\"https:\\\/\\\/www.info-algerie.com\\\/actualites\\\/reglementation-de-lactivite-des-chaines-de-television-privees-avant-fin-2017\\\/#primaryimage\"},\"image\":{\"@id\":\"https:\\\/\\\/www.info-algerie.com\\\/actualites\\\/reglementation-de-lactivite-des-chaines-de-television-privees-avant-fin-2017\\\/#primaryimage\"},\"thumbnailUrl\":\"https:\\\/\\\/www.info-algerie.com\\\/actualites\\\/wp-content\\\/uploads\\\/2017\\\/06\\\/ea9439557d4ff5fc5de50dafa968861d_S-1.jpg\",\"datePublished\":\"2017-06-24T11:18:42+00:00\",\"breadcrumb\":{\"@id\":\"https:\\\/\\\/www.info-algerie.com\\\/actualites\\\/reglementation-de-lactivite-des-chaines-de-television-privees-avant-fin-2017\\\/#breadcrumb\"},\"inLanguage\":\"fr-FR\",\"potentialAction\":[{\"@type\":\"ReadAction\",\"target\":[\"https:\\\/\\\/www.info-algerie.com\\\/actualites\\\/reglementation-de-lactivite-des-chaines-de-television-privees-avant-fin-2017\\\/\"]}]},{\"@type\":\"ImageObject\",\"inLanguage\":\"fr-FR\",\"@id\":\"https:\\\/\\\/www.info-algerie.com\\\/actualites\\\/reglementation-de-lactivite-des-chaines-de-television-privees-avant-fin-2017\\\/#primaryimage\",\"url\":\"https:\\\/\\\/www.info-algerie.com\\\/actualites\\\/wp-content\\\/uploads\\\/2017\\\/06\\\/ea9439557d4ff5fc5de50dafa968861d_S-1.jpg\",\"contentUrl\":\"https:\\\/\\\/www.info-algerie.com\\\/actualites\\\/wp-content\\\/uploads\\\/2017\\\/06\\\/ea9439557d4ff5fc5de50dafa968861d_S-1.jpg\",\"width\":280,\"height\":188},{\"@type\":\"BreadcrumbList\",\"@id\":\"https:\\\/\\\/www.info-algerie.com\\\/actualites\\\/reglementation-de-lactivite-des-chaines-de-television-privees-avant-fin-2017\\\/#breadcrumb\",\"itemListElement\":[{\"@type\":\"ListItem\",\"position\":1,\"name\":\"Accueil\",\"item\":\"https:\\\/\\\/www.info-algerie.com\\\/actualites\\\/\"},{\"@type\":\"ListItem\",\"position\":2,\"name\":\"R\u00e9glementation de l&#039;activit\u00e9 des cha\u00eenes de t\u00e9l\u00e9vision priv\u00e9es avant fin 2017\"}]},{\"@type\":\"WebSite\",\"@id\":\"https:\\\/\\\/www.info-algerie.com\\\/actualites\\\/#website\",\"url\":\"https:\\\/\\\/www.info-algerie.com\\\/actualites\\\/\",\"name\":\"info algerie\",\"description\":\"Toutes les actualit\u00e9s\",\"publisher\":{\"@id\":\"https:\\\/\\\/www.info-algerie.com\\\/actualites\\\/#organization\"},\"potentialAction\":[{\"@type\":\"SearchAction\",\"target\":{\"@type\":\"EntryPoint\",\"urlTemplate\":\"https:\\\/\\\/www.info-algerie.com\\\/actualites\\\/?s={search_term_string}\"},\"query-input\":{\"@type\":\"PropertyValueSpecification\",\"valueRequired\":true,\"valueName\":\"search_term_string\"}}],\"inLanguage\":\"fr-FR\"},{\"@type\":\"Organization\",\"@id\":\"https:\\\/\\\/www.info-algerie.com\\\/actualites\\\/#organization\",\"name\":\"info algerie\",\"url\":\"https:\\\/\\\/www.info-algerie.com\\\/actualites\\\/\",\"logo\":{\"@type\":\"ImageObject\",\"inLanguage\":\"fr-FR\",\"@id\":\"https:\\\/\\\/www.info-algerie.com\\\/actualites\\\/#\\\/schema\\\/logo\\\/image\\\/\",\"url\":\"https:\\\/\\\/www.info-algerie.com\\\/actualites\\\/wp-content\\\/uploads\\\/2022\\\/07\\\/logo-ia-120.png\",\"contentUrl\":\"https:\\\/\\\/www.info-algerie.com\\\/actualites\\\/wp-content\\\/uploads\\\/2022\\\/07\\\/logo-ia-120.png\",\"width\":120,\"height\":43,\"caption\":\"info algerie\"},\"image\":{\"@id\":\"https:\\\/\\\/www.info-algerie.com\\\/actualites\\\/#\\\/schema\\\/logo\\\/image\\\/\"},\"sameAs\":[\"https:\\\/\\\/www.facebook.com\\\/infoalgerieactu\",\"https:\\\/\\\/x.com\\\/infoalgerie1\"]},{\"@type\":\"Person\",\"@id\":\"https:\\\/\\\/www.info-algerie.com\\\/actualites\\\/#\\\/schema\\\/person\\\/847aaec44920825b843a08f30ec6aa1e\",\"name\":\"La r\u00e9daction\",\"image\":{\"@type\":\"ImageObject\",\"inLanguage\":\"fr-FR\",\"@id\":\"https:\\\/\\\/secure.gravatar.com\\\/avatar\\\/769db425c6f465158149f1ffd6cf61ce7a8a879d11dfbef8288af36dfddd418c?s=96&d=mm&r=g\",\"url\":\"https:\\\/\\\/secure.gravatar.com\\\/avatar\\\/769db425c6f465158149f1ffd6cf61ce7a8a879d11dfbef8288af36dfddd418c?s=96&d=mm&r=g\",\"contentUrl\":\"https:\\\/\\\/secure.gravatar.com\\\/avatar\\\/769db425c6f465158149f1ffd6cf61ce7a8a879d11dfbef8288af36dfddd418c?s=96&d=mm&r=g\",\"caption\":\"La r\u00e9daction\"},\"sameAs\":[\"http:\\\/\\\/www.lkeria.com\\\/\"],\"url\":\"https:\\\/\\\/www.info-algerie.com\\\/actualites\\\/author\\\/chakib32\\\/\"}]}<\/script>\n<!-- \/ Yoast SEO plugin. -->","yoast_head_json":{"title":"R\u00e9glementation de l&#039;activit\u00e9 des cha\u00eenes de t\u00e9l\u00e9vision priv\u00e9es avant fin 2017 - info algerie","robots":{"index":"index","follow":"follow","max-snippet":"max-snippet:-1","max-image-preview":"max-image-preview:large","max-video-preview":"max-video-preview:-1"},"canonical":"https:\/\/www.info-algerie.com\/actualites\/reglementation-de-lactivite-des-chaines-de-television-privees-avant-fin-2017\/","og_locale":"fr_FR","og_type":"article","og_title":"R\u00e9glementation de l&#039;activit\u00e9 des cha\u00eenes de t\u00e9l\u00e9vision priv\u00e9es avant fin 2017 - info algerie","og_description":"ALGER- Le Premier ministre, Abdelmadjid Tebboune, a annonc\u00e9 vendredi soir \u00e0 Alger la \u00ab\u00a0r\u00e8glementation\u00a0\u00bb de l&rsquo;activit\u00e9 des cha\u00eenes de t\u00e9l\u00e9vision priv\u00e9es avant fin 2017 et leur \u00ab\u00a0accr\u00e9ditation en tant que cha\u00eenes alg\u00e9riennes selon un cahier de charges \u00ab\u00a0plus pr\u00e9cis\u00a0\u00bb. &#013; &#013; R\u00e9pondant aux pr\u00e9occupations soulev\u00e9es par les d\u00e9put\u00e9s de l&rsquo;Assembl\u00e9e populaire nationale (APN) lors d&rsquo;une","og_url":"https:\/\/www.info-algerie.com\/actualites\/reglementation-de-lactivite-des-chaines-de-television-privees-avant-fin-2017\/","og_site_name":"info algerie","article_publisher":"https:\/\/www.facebook.com\/infoalgerieactu","article_published_time":"2017-06-24T11:18:42+00:00","og_image":[{"width":280,"height":188,"url":"https:\/\/www.info-algerie.com\/actualites\/wp-content\/uploads\/2017\/06\/ea9439557d4ff5fc5de50dafa968861d_S-1.jpg","type":"image\/jpeg"}],"author":"La r\u00e9daction","twitter_misc":{"\u00c9crit par":"La r\u00e9daction","Dur\u00e9e de lecture estim\u00e9e":"3 minutes"},"schema":{"@context":"https:\/\/schema.org","@graph":[{"@type":"Article","@id":"https:\/\/www.info-algerie.com\/actualites\/reglementation-de-lactivite-des-chaines-de-television-privees-avant-fin-2017\/#article","isPartOf":{"@id":"https:\/\/www.info-algerie.com\/actualites\/reglementation-de-lactivite-des-chaines-de-television-privees-avant-fin-2017\/"},"author":{"name":"La r\u00e9daction","@id":"https:\/\/www.info-algerie.com\/actualites\/#\/schema\/person\/847aaec44920825b843a08f30ec6aa1e"},"headline":"R\u00e9glementation de l&#039;activit\u00e9 des cha\u00eenes de t\u00e9l\u00e9vision priv\u00e9es avant fin 2017","datePublished":"2017-06-24T11:18:42+00:00","mainEntityOfPage":{"@id":"https:\/\/www.info-algerie.com\/actualites\/reglementation-de-lactivite-des-chaines-de-television-privees-avant-fin-2017\/"},"wordCount":701,"commentCount":0,"publisher":{"@id":"https:\/\/www.info-algerie.com\/actualites\/#organization"},"image":{"@id":"https:\/\/www.info-algerie.com\/actualites\/reglementation-de-lactivite-des-chaines-de-television-privees-avant-fin-2017\/#primaryimage"},"thumbnailUrl":"https:\/\/www.info-algerie.com\/actualites\/wp-content\/uploads\/2017\/06\/ea9439557d4ff5fc5de50dafa968861d_S-1.jpg","keywords":["ONU"],"articleSection":["infos"],"inLanguage":"fr-FR","potentialAction":[{"@type":"CommentAction","name":"Comment","target":["https:\/\/www.info-algerie.com\/actualites\/reglementation-de-lactivite-des-chaines-de-television-privees-avant-fin-2017\/#respond"]}]},{"@type":"WebPage","@id":"https:\/\/www.info-algerie.com\/actualites\/reglementation-de-lactivite-des-chaines-de-television-privees-avant-fin-2017\/","url":"https:\/\/www.info-algerie.com\/actualites\/reglementation-de-lactivite-des-chaines-de-television-privees-avant-fin-2017\/","name":"R\u00e9glementation de l&#039;activit\u00e9 des cha\u00eenes de t\u00e9l\u00e9vision priv\u00e9es avant fin 2017 - info algerie","isPartOf":{"@id":"https:\/\/www.info-algerie.com\/actualites\/#website"},"primaryImageOfPage":{"@id":"https:\/\/www.info-algerie.com\/actualites\/reglementation-de-lactivite-des-chaines-de-television-privees-avant-fin-2017\/#primaryimage"},"image":{"@id":"https:\/\/www.info-algerie.com\/actualites\/reglementation-de-lactivite-des-chaines-de-television-privees-avant-fin-2017\/#primaryimage"},"thumbnailUrl":"https:\/\/www.info-algerie.com\/actualites\/wp-content\/uploads\/2017\/06\/ea9439557d4ff5fc5de50dafa968861d_S-1.jpg","datePublished":"2017-06-24T11:18:42+00:00","breadcrumb":{"@id":"https:\/\/www.info-algerie.com\/actualites\/reglementation-de-lactivite-des-chaines-de-television-privees-avant-fin-2017\/#breadcrumb"},"inLanguage":"fr-FR","potentialAction":[{"@type":"ReadAction","target":["https:\/\/www.info-algerie.com\/actualites\/reglementation-de-lactivite-des-chaines-de-television-privees-avant-fin-2017\/"]}]},{"@type":"ImageObject","inLanguage":"fr-FR","@id":"https:\/\/www.info-algerie.com\/actualites\/reglementation-de-lactivite-des-chaines-de-television-privees-avant-fin-2017\/#primaryimage","url":"https:\/\/www.info-algerie.com\/actualites\/wp-content\/uploads\/2017\/06\/ea9439557d4ff5fc5de50dafa968861d_S-1.jpg","contentUrl":"https:\/\/www.info-algerie.com\/actualites\/wp-content\/uploads\/2017\/06\/ea9439557d4ff5fc5de50dafa968861d_S-1.jpg","width":280,"height":188},{"@type":"BreadcrumbList","@id":"https:\/\/www.info-algerie.com\/actualites\/reglementation-de-lactivite-des-chaines-de-television-privees-avant-fin-2017\/#breadcrumb","itemListElement":[{"@type":"ListItem","position":1,"name":"Accueil","item":"https:\/\/www.info-algerie.com\/actualites\/"},{"@type":"ListItem","position":2,"name":"R\u00e9glementation de l&#039;activit\u00e9 des cha\u00eenes de t\u00e9l\u00e9vision priv\u00e9es avant fin 2017"}]},{"@type":"WebSite","@id":"https:\/\/www.info-algerie.com\/actualites\/#website","url":"https:\/\/www.info-algerie.com\/actualites\/","name":"info algerie","description":"Toutes les actualit\u00e9s","publisher":{"@id":"https:\/\/www.info-algerie.com\/actualites\/#organization"},"potentialAction":[{"@type":"SearchAction","target":{"@type":"EntryPoint","urlTemplate":"https:\/\/www.info-algerie.com\/actualites\/?s={search_term_string}"},"query-input":{"@type":"PropertyValueSpecification","valueRequired":true,"valueName":"search_term_string"}}],"inLanguage":"fr-FR"},{"@type":"Organization","@id":"https:\/\/www.info-algerie.com\/actualites\/#organization","name":"info algerie","url":"https:\/\/www.info-algerie.com\/actualites\/","logo":{"@type":"ImageObject","inLanguage":"fr-FR","@id":"https:\/\/www.info-algerie.com\/actualites\/#\/schema\/logo\/image\/","url":"https:\/\/www.info-algerie.com\/actualites\/wp-content\/uploads\/2022\/07\/logo-ia-120.png","contentUrl":"https:\/\/www.info-algerie.com\/actualites\/wp-content\/uploads\/2022\/07\/logo-ia-120.png","width":120,"height":43,"caption":"info algerie"},"image":{"@id":"https:\/\/www.info-algerie.com\/actualites\/#\/schema\/logo\/image\/"},"sameAs":["https:\/\/www.facebook.com\/infoalgerieactu","https:\/\/x.com\/infoalgerie1"]},{"@type":"Person","@id":"https:\/\/www.info-algerie.com\/actualites\/#\/schema\/person\/847aaec44920825b843a08f30ec6aa1e","name":"La r\u00e9daction","image":{"@type":"ImageObject","inLanguage":"fr-FR","@id":"https:\/\/secure.gravatar.com\/avatar\/769db425c6f465158149f1ffd6cf61ce7a8a879d11dfbef8288af36dfddd418c?s=96&d=mm&r=g","url":"https:\/\/secure.gravatar.com\/avatar\/769db425c6f465158149f1ffd6cf61ce7a8a879d11dfbef8288af36dfddd418c?s=96&d=mm&r=g","contentUrl":"https:\/\/secure.gravatar.com\/avatar\/769db425c6f465158149f1ffd6cf61ce7a8a879d11dfbef8288af36dfddd418c?s=96&d=mm&r=g","caption":"La r\u00e9daction"},"sameAs":["http:\/\/www.lkeria.com\/"],"url":"https:\/\/www.info-algerie.com\/actualites\/author\/chakib32\/"}]}},"_links":{"self":[{"href":"https:\/\/www.info-algerie.com\/actualites\/wp-json\/wp\/v2\/posts\/13523","targetHints":{"allow":["GET"]}}],"collection":[{"href":"https:\/\/www.info-algerie.com\/actualites\/wp-json\/wp\/v2\/posts"}],"about":[{"href":"https:\/\/www.info-algerie.com\/actualites\/wp-json\/wp\/v2\/types\/post"}],"author":[{"embeddable":true,"href":"https:\/\/www.info-algerie.com\/actualites\/wp-json\/wp\/v2\/users\/6"}],"replies":[{"embeddable":true,"href":"https:\/\/www.info-algerie.com\/actualites\/wp-json\/wp\/v2\/comments?post=13523"}],"version-history":[{"count":0,"href":"https:\/\/www.info-algerie.com\/actualites\/wp-json\/wp\/v2\/posts\/13523\/revisions"}],"wp:featuredmedia":[{"embeddable":true,"href":"https:\/\/www.info-algerie.com\/actualites\/wp-json\/wp\/v2\/media\/13524"}],"wp:attachment":[{"href":"https:\/\/www.info-algerie.com\/actualites\/wp-json\/wp\/v2\/media?parent=13523"}],"wp:term":[{"taxonomy":"category","embeddable":true,"href":"https:\/\/www.info-algerie.com\/actualites\/wp-json\/wp\/v2\/categories?post=13523"},{"taxonomy":"post_tag","embeddable":true,"href":"https:\/\/www.info-algerie.com\/actualites\/wp-json\/wp\/v2\/tags?post=13523"}],"curies":[{"name":"wp","href":"https:\/\/api.w.org\/{rel}","templated":true}]}}