{"id":13526,"date":"2017-06-24T13:45:02","date_gmt":"2017-06-24T12:45:02","guid":{"rendered":"http:\/\/www.info-algerie.com\/actualites\/lalgerie-exprime-sa-satisfaction-pour-la-nomination-du-nouveau-representant-de-lonu-pour-la-libye-mae\/"},"modified":"2017-06-24T13:45:02","modified_gmt":"2017-06-24T12:45:02","slug":"lalgerie-exprime-sa-satisfaction-pour-la-nomination-du-nouveau-representant-de-lonu-pour-la-libye-mae","status":"publish","type":"post","link":"https:\/\/www.info-algerie.com\/actualites\/lalgerie-exprime-sa-satisfaction-pour-la-nomination-du-nouveau-representant-de-lonu-pour-la-libye-mae\/","title":{"rendered":"L&#039;Alg\u00e9rie exprime sa satisfaction pour la nomination du nouveau repr\u00e9sentant de l&#039;Onu pour la Libye (MAE)"},"content":{"rendered":"<div class=\"K2FeedImage\"><img decoding=\"async\" src=\"https:\/\/www.info-algerie.com\/actualites\/wp-content\/uploads\/2017\/06\/087894913a4bcfc5731ce35bbc9516ad_S.jpg\" alt=\"L'Alg&#xE9;rie exprime sa satisfaction pour la nomination du nouveau repr&#xE9;sentant de l'Onu pour la Libye (MAE)\" \/><\/div>\n<div class=\"K2FeedIntroText\">\n<p>ALGER &#8211; L\u2019Alg\u00e9rie a exprim\u00e9 \u00ab\u00a0sa satisfaction\u00a0\u00bb pour la nomination de l\u2019ancien ministre libanais de la Culture Ghassan Salam\u00e9 comme nouveau repr\u00e9sentant sp\u00e9cial du Secr\u00e9taire G\u00e9n\u00e9ral de l\u2019Onu pour la Libye, en l&rsquo;assurant de \u00ab\u00a0son enti\u00e8re disponibilit\u00e9 dans ses efforts pour la mise en oeuvre de l\u2019accord politique libyen du 17 d\u00e9cembre 2015\u00a0\u00bb, a indiqu\u00e9 samedi le porte-parole du minist\u00e8re des Affaires \u00e9trang\u00e8res Abdelaziz Benali Cherif.<\/p>\n<p>&#013;\n<\/p><\/div>\n<div class=\"K2FeedFullText\">&#013;<\/p>\n<p>\u00ab\u00a0L\u2019Alg\u00e9rie tient \u00e0 exprimer sa satisfaction pour la nomination de l\u2019ancien ministre libanais de la culture Ghassan Salam\u00e9 comme nouveau repr\u00e9sentant sp\u00e9cial du Secr\u00e9taire G\u00e9n\u00e9ral de l\u2019ONU pour la Libye\u00a0\u00bb, a soulign\u00e9 M. Benali Cherif dans une d\u00e9claration \u00e0 l&rsquo;APS.<\/p>\n<p>&#013;<\/p>\n<p>\u00a0<\/p>\n<p>&#013;<\/p>\n<p>\u00ab\u00a0L\u2019Alg\u00e9rie l\u2019assure, \u00e0 cet \u00e9gard, de son enti\u00e8re disponibilit\u00e9 dans ses efforts pour la mise en oeuvre de l\u2019accord politique libyen du 17 d\u00e9cembre 2015, favorisant la solution politique par le dialogue inclusif et la r\u00e9conciliation nationale, comme seule voix de r\u00e8glement de la crise libyenne\u00a0\u00bb, ajoute le porte-parole du MAE.<\/p>\n<\/div>\n<p>&#013;<br \/>\nSource: <a href=\"http:\/\/www.aps.dz\/algerie\/59379-l-algerie-exprime-sa-satisfaction-pour-la-nomination-du-nouveau-representant-de-l-onu-pour-la-libye-mae\" target=\"_blank\">L&rsquo;Alg\u00e9rie exprime sa satisfaction pour la nomination du nouveau repr\u00e9sentant de l&rsquo;Onu pour la Libye (MAE)<\/a><\/p>\n<!--CusAds0-->\n<div style=\"font-size: 0px; height: 0px; line-height: 0px; margin: 0; padding: 0; clear: both;\"><\/div>","protected":false},"excerpt":{"rendered":"<p>ALGER &#8211; L\u2019Alg\u00e9rie a exprim\u00e9 \u00ab\u00a0sa satisfaction\u00a0\u00bb pour la nomination de l\u2019ancien ministre libanais de la Culture Ghassan Salam\u00e9 comme nouveau repr\u00e9sentant sp\u00e9cial du Secr\u00e9taire G\u00e9n\u00e9ral de l\u2019Onu pour la Libye, en l&rsquo;assurant de \u00ab\u00a0son enti\u00e8re disponibilit\u00e9 dans ses efforts pour la mise en oeuvre de l\u2019accord politique libyen du 17 d\u00e9cembre 2015\u00a0\u00bb, a indiqu\u00e9<\/p>\n","protected":false},"author":6,"featured_media":13527,"comment_status":"open","ping_status":"open","sticky":false,"template":"","format":"standard","meta":{"footnotes":""},"categories":[22],"tags":[93],"class_list":["post-13526","post","type-post","status-publish","format-standard","has-post-thumbnail","hentry","category-infos","tag-onu"],"yoast_head":"<!-- This site is optimized with the Yoast SEO plugin v27.5 - https:\/\/yoast.com\/product\/yoast-seo-wordpress\/ -->\n<title>L&#039;Alg\u00e9rie exprime sa satisfaction pour la nomination du nouveau repr\u00e9sentant de l&#039;Onu pour la Libye (MAE) - info algerie<\/title>\n<meta name=\"robots\" content=\"index, follow, max-snippet:-1, max-image-preview:large, max-video-preview:-1\" \/>\n<link rel=\"canonical\" href=\"https:\/\/www.info-algerie.com\/actualites\/lalgerie-exprime-sa-satisfaction-pour-la-nomination-du-nouveau-representant-de-lonu-pour-la-libye-mae\/\" \/>\n<meta property=\"og:locale\" content=\"fr_FR\" \/>\n<meta property=\"og:type\" content=\"article\" \/>\n<meta property=\"og:title\" content=\"L&#039;Alg\u00e9rie exprime sa satisfaction pour la nomination du nouveau repr\u00e9sentant de l&#039;Onu pour la Libye (MAE) - info algerie\" \/>\n<meta property=\"og:description\" content=\"ALGER &#8211; L\u2019Alg\u00e9rie a exprim\u00e9 \u00ab\u00a0sa satisfaction\u00a0\u00bb pour la nomination de l\u2019ancien ministre libanais de la Culture Ghassan Salam\u00e9 comme nouveau repr\u00e9sentant sp\u00e9cial du Secr\u00e9taire G\u00e9n\u00e9ral de l\u2019Onu pour la Libye, en l&rsquo;assurant de \u00ab\u00a0son enti\u00e8re disponibilit\u00e9 dans ses efforts pour la mise en oeuvre de l\u2019accord politique libyen du 17 d\u00e9cembre 2015\u00a0\u00bb, a indiqu\u00e9\" \/>\n<meta property=\"og:url\" content=\"https:\/\/www.info-algerie.com\/actualites\/lalgerie-exprime-sa-satisfaction-pour-la-nomination-du-nouveau-representant-de-lonu-pour-la-libye-mae\/\" \/>\n<meta property=\"og:site_name\" content=\"info algerie\" \/>\n<meta property=\"article:publisher\" content=\"https:\/\/www.facebook.com\/infoalgerieactu\" \/>\n<meta property=\"article:published_time\" content=\"2017-06-24T12:45:02+00:00\" \/>\n<meta property=\"og:image\" content=\"https:\/\/www.info-algerie.com\/actualites\/wp-content\/uploads\/2017\/06\/087894913a4bcfc5731ce35bbc9516ad_S-1.jpg\" \/>\n\t<meta property=\"og:image:width\" content=\"280\" \/>\n\t<meta property=\"og:image:height\" content=\"174\" \/>\n\t<meta property=\"og:image:type\" content=\"image\/jpeg\" \/>\n<meta name=\"author\" content=\"La r\u00e9daction\" \/>\n<meta name=\"twitter:label1\" content=\"\u00c9crit par\" \/>\n\t<meta name=\"twitter:data1\" content=\"La r\u00e9daction\" \/>\n\t<meta name=\"twitter:label2\" content=\"Dur\u00e9e de lecture estim\u00e9e\" \/>\n\t<meta name=\"twitter:data2\" content=\"1 minute\" \/>\n<script type=\"application\/ld+json\" class=\"yoast-schema-graph\">{\"@context\":\"https:\\\/\\\/schema.org\",\"@graph\":[{\"@type\":\"Article\",\"@id\":\"https:\\\/\\\/www.info-algerie.com\\\/actualites\\\/lalgerie-exprime-sa-satisfaction-pour-la-nomination-du-nouveau-representant-de-lonu-pour-la-libye-mae\\\/#article\",\"isPartOf\":{\"@id\":\"https:\\\/\\\/www.info-algerie.com\\\/actualites\\\/lalgerie-exprime-sa-satisfaction-pour-la-nomination-du-nouveau-representant-de-lonu-pour-la-libye-mae\\\/\"},\"author\":{\"name\":\"La r\u00e9daction\",\"@id\":\"https:\\\/\\\/www.info-algerie.com\\\/actualites\\\/#\\\/schema\\\/person\\\/847aaec44920825b843a08f30ec6aa1e\"},\"headline\":\"L&#039;Alg\u00e9rie exprime sa satisfaction pour la nomination du nouveau repr\u00e9sentant de l&#039;Onu pour la Libye (MAE)\",\"datePublished\":\"2017-06-24T12:45:02+00:00\",\"mainEntityOfPage\":{\"@id\":\"https:\\\/\\\/www.info-algerie.com\\\/actualites\\\/lalgerie-exprime-sa-satisfaction-pour-la-nomination-du-nouveau-representant-de-lonu-pour-la-libye-mae\\\/\"},\"wordCount\":225,\"commentCount\":0,\"publisher\":{\"@id\":\"https:\\\/\\\/www.info-algerie.com\\\/actualites\\\/#organization\"},\"image\":{\"@id\":\"https:\\\/\\\/www.info-algerie.com\\\/actualites\\\/lalgerie-exprime-sa-satisfaction-pour-la-nomination-du-nouveau-representant-de-lonu-pour-la-libye-mae\\\/#primaryimage\"},\"thumbnailUrl\":\"https:\\\/\\\/www.info-algerie.com\\\/actualites\\\/wp-content\\\/uploads\\\/2017\\\/06\\\/087894913a4bcfc5731ce35bbc9516ad_S-1.jpg\",\"keywords\":[\"ONU\"],\"articleSection\":[\"infos\"],\"inLanguage\":\"fr-FR\",\"potentialAction\":[{\"@type\":\"CommentAction\",\"name\":\"Comment\",\"target\":[\"https:\\\/\\\/www.info-algerie.com\\\/actualites\\\/lalgerie-exprime-sa-satisfaction-pour-la-nomination-du-nouveau-representant-de-lonu-pour-la-libye-mae\\\/#respond\"]}]},{\"@type\":\"WebPage\",\"@id\":\"https:\\\/\\\/www.info-algerie.com\\\/actualites\\\/lalgerie-exprime-sa-satisfaction-pour-la-nomination-du-nouveau-representant-de-lonu-pour-la-libye-mae\\\/\",\"url\":\"https:\\\/\\\/www.info-algerie.com\\\/actualites\\\/lalgerie-exprime-sa-satisfaction-pour-la-nomination-du-nouveau-representant-de-lonu-pour-la-libye-mae\\\/\",\"name\":\"L&#039;Alg\u00e9rie exprime sa satisfaction pour la nomination du nouveau repr\u00e9sentant de l&#039;Onu pour la Libye (MAE) - info algerie\",\"isPartOf\":{\"@id\":\"https:\\\/\\\/www.info-algerie.com\\\/actualites\\\/#website\"},\"primaryImageOfPage\":{\"@id\":\"https:\\\/\\\/www.info-algerie.com\\\/actualites\\\/lalgerie-exprime-sa-satisfaction-pour-la-nomination-du-nouveau-representant-de-lonu-pour-la-libye-mae\\\/#primaryimage\"},\"image\":{\"@id\":\"https:\\\/\\\/www.info-algerie.com\\\/actualites\\\/lalgerie-exprime-sa-satisfaction-pour-la-nomination-du-nouveau-representant-de-lonu-pour-la-libye-mae\\\/#primaryimage\"},\"thumbnailUrl\":\"https:\\\/\\\/www.info-algerie.com\\\/actualites\\\/wp-content\\\/uploads\\\/2017\\\/06\\\/087894913a4bcfc5731ce35bbc9516ad_S-1.jpg\",\"datePublished\":\"2017-06-24T12:45:02+00:00\",\"breadcrumb\":{\"@id\":\"https:\\\/\\\/www.info-algerie.com\\\/actualites\\\/lalgerie-exprime-sa-satisfaction-pour-la-nomination-du-nouveau-representant-de-lonu-pour-la-libye-mae\\\/#breadcrumb\"},\"inLanguage\":\"fr-FR\",\"potentialAction\":[{\"@type\":\"ReadAction\",\"target\":[\"https:\\\/\\\/www.info-algerie.com\\\/actualites\\\/lalgerie-exprime-sa-satisfaction-pour-la-nomination-du-nouveau-representant-de-lonu-pour-la-libye-mae\\\/\"]}]},{\"@type\":\"ImageObject\",\"inLanguage\":\"fr-FR\",\"@id\":\"https:\\\/\\\/www.info-algerie.com\\\/actualites\\\/lalgerie-exprime-sa-satisfaction-pour-la-nomination-du-nouveau-representant-de-lonu-pour-la-libye-mae\\\/#primaryimage\",\"url\":\"https:\\\/\\\/www.info-algerie.com\\\/actualites\\\/wp-content\\\/uploads\\\/2017\\\/06\\\/087894913a4bcfc5731ce35bbc9516ad_S-1.jpg\",\"contentUrl\":\"https:\\\/\\\/www.info-algerie.com\\\/actualites\\\/wp-content\\\/uploads\\\/2017\\\/06\\\/087894913a4bcfc5731ce35bbc9516ad_S-1.jpg\",\"width\":280,\"height\":174},{\"@type\":\"BreadcrumbList\",\"@id\":\"https:\\\/\\\/www.info-algerie.com\\\/actualites\\\/lalgerie-exprime-sa-satisfaction-pour-la-nomination-du-nouveau-representant-de-lonu-pour-la-libye-mae\\\/#breadcrumb\",\"itemListElement\":[{\"@type\":\"ListItem\",\"position\":1,\"name\":\"Accueil\",\"item\":\"https:\\\/\\\/www.info-algerie.com\\\/actualites\\\/\"},{\"@type\":\"ListItem\",\"position\":2,\"name\":\"L&#039;Alg\u00e9rie exprime sa satisfaction pour la nomination du nouveau repr\u00e9sentant de l&#039;Onu pour la Libye (MAE)\"}]},{\"@type\":\"WebSite\",\"@id\":\"https:\\\/\\\/www.info-algerie.com\\\/actualites\\\/#website\",\"url\":\"https:\\\/\\\/www.info-algerie.com\\\/actualites\\\/\",\"name\":\"info algerie\",\"description\":\"Toutes les actualit\u00e9s\",\"publisher\":{\"@id\":\"https:\\\/\\\/www.info-algerie.com\\\/actualites\\\/#organization\"},\"potentialAction\":[{\"@type\":\"SearchAction\",\"target\":{\"@type\":\"EntryPoint\",\"urlTemplate\":\"https:\\\/\\\/www.info-algerie.com\\\/actualites\\\/?s={search_term_string}\"},\"query-input\":{\"@type\":\"PropertyValueSpecification\",\"valueRequired\":true,\"valueName\":\"search_term_string\"}}],\"inLanguage\":\"fr-FR\"},{\"@type\":\"Organization\",\"@id\":\"https:\\\/\\\/www.info-algerie.com\\\/actualites\\\/#organization\",\"name\":\"info algerie\",\"url\":\"https:\\\/\\\/www.info-algerie.com\\\/actualites\\\/\",\"logo\":{\"@type\":\"ImageObject\",\"inLanguage\":\"fr-FR\",\"@id\":\"https:\\\/\\\/www.info-algerie.com\\\/actualites\\\/#\\\/schema\\\/logo\\\/image\\\/\",\"url\":\"https:\\\/\\\/www.info-algerie.com\\\/actualites\\\/wp-content\\\/uploads\\\/2022\\\/07\\\/logo-ia-120.png\",\"contentUrl\":\"https:\\\/\\\/www.info-algerie.com\\\/actualites\\\/wp-content\\\/uploads\\\/2022\\\/07\\\/logo-ia-120.png\",\"width\":120,\"height\":43,\"caption\":\"info algerie\"},\"image\":{\"@id\":\"https:\\\/\\\/www.info-algerie.com\\\/actualites\\\/#\\\/schema\\\/logo\\\/image\\\/\"},\"sameAs\":[\"https:\\\/\\\/www.facebook.com\\\/infoalgerieactu\",\"https:\\\/\\\/x.com\\\/infoalgerie1\"]},{\"@type\":\"Person\",\"@id\":\"https:\\\/\\\/www.info-algerie.com\\\/actualites\\\/#\\\/schema\\\/person\\\/847aaec44920825b843a08f30ec6aa1e\",\"name\":\"La r\u00e9daction\",\"image\":{\"@type\":\"ImageObject\",\"inLanguage\":\"fr-FR\",\"@id\":\"https:\\\/\\\/secure.gravatar.com\\\/avatar\\\/769db425c6f465158149f1ffd6cf61ce7a8a879d11dfbef8288af36dfddd418c?s=96&d=mm&r=g\",\"url\":\"https:\\\/\\\/secure.gravatar.com\\\/avatar\\\/769db425c6f465158149f1ffd6cf61ce7a8a879d11dfbef8288af36dfddd418c?s=96&d=mm&r=g\",\"contentUrl\":\"https:\\\/\\\/secure.gravatar.com\\\/avatar\\\/769db425c6f465158149f1ffd6cf61ce7a8a879d11dfbef8288af36dfddd418c?s=96&d=mm&r=g\",\"caption\":\"La r\u00e9daction\"},\"sameAs\":[\"http:\\\/\\\/www.lkeria.com\\\/\"],\"url\":\"https:\\\/\\\/www.info-algerie.com\\\/actualites\\\/author\\\/chakib32\\\/\"}]}<\/script>\n<!-- \/ Yoast SEO plugin. -->","yoast_head_json":{"title":"L&#039;Alg\u00e9rie exprime sa satisfaction pour la nomination du nouveau repr\u00e9sentant de l&#039;Onu pour la Libye (MAE) - info algerie","robots":{"index":"index","follow":"follow","max-snippet":"max-snippet:-1","max-image-preview":"max-image-preview:large","max-video-preview":"max-video-preview:-1"},"canonical":"https:\/\/www.info-algerie.com\/actualites\/lalgerie-exprime-sa-satisfaction-pour-la-nomination-du-nouveau-representant-de-lonu-pour-la-libye-mae\/","og_locale":"fr_FR","og_type":"article","og_title":"L&#039;Alg\u00e9rie exprime sa satisfaction pour la nomination du nouveau repr\u00e9sentant de l&#039;Onu pour la Libye (MAE) - info algerie","og_description":"ALGER &#8211; L\u2019Alg\u00e9rie a exprim\u00e9 \u00ab\u00a0sa satisfaction\u00a0\u00bb pour la nomination de l\u2019ancien ministre libanais de la Culture Ghassan Salam\u00e9 comme nouveau repr\u00e9sentant sp\u00e9cial du Secr\u00e9taire G\u00e9n\u00e9ral de l\u2019Onu pour la Libye, en l&rsquo;assurant de \u00ab\u00a0son enti\u00e8re disponibilit\u00e9 dans ses efforts pour la mise en oeuvre de l\u2019accord politique libyen du 17 d\u00e9cembre 2015\u00a0\u00bb, a indiqu\u00e9","og_url":"https:\/\/www.info-algerie.com\/actualites\/lalgerie-exprime-sa-satisfaction-pour-la-nomination-du-nouveau-representant-de-lonu-pour-la-libye-mae\/","og_site_name":"info algerie","article_publisher":"https:\/\/www.facebook.com\/infoalgerieactu","article_published_time":"2017-06-24T12:45:02+00:00","og_image":[{"width":280,"height":174,"url":"https:\/\/www.info-algerie.com\/actualites\/wp-content\/uploads\/2017\/06\/087894913a4bcfc5731ce35bbc9516ad_S-1.jpg","type":"image\/jpeg"}],"author":"La r\u00e9daction","twitter_misc":{"\u00c9crit par":"La r\u00e9daction","Dur\u00e9e de lecture estim\u00e9e":"1 minute"},"schema":{"@context":"https:\/\/schema.org","@graph":[{"@type":"Article","@id":"https:\/\/www.info-algerie.com\/actualites\/lalgerie-exprime-sa-satisfaction-pour-la-nomination-du-nouveau-representant-de-lonu-pour-la-libye-mae\/#article","isPartOf":{"@id":"https:\/\/www.info-algerie.com\/actualites\/lalgerie-exprime-sa-satisfaction-pour-la-nomination-du-nouveau-representant-de-lonu-pour-la-libye-mae\/"},"author":{"name":"La r\u00e9daction","@id":"https:\/\/www.info-algerie.com\/actualites\/#\/schema\/person\/847aaec44920825b843a08f30ec6aa1e"},"headline":"L&#039;Alg\u00e9rie exprime sa satisfaction pour la nomination du nouveau repr\u00e9sentant de l&#039;Onu pour la Libye (MAE)","datePublished":"2017-06-24T12:45:02+00:00","mainEntityOfPage":{"@id":"https:\/\/www.info-algerie.com\/actualites\/lalgerie-exprime-sa-satisfaction-pour-la-nomination-du-nouveau-representant-de-lonu-pour-la-libye-mae\/"},"wordCount":225,"commentCount":0,"publisher":{"@id":"https:\/\/www.info-algerie.com\/actualites\/#organization"},"image":{"@id":"https:\/\/www.info-algerie.com\/actualites\/lalgerie-exprime-sa-satisfaction-pour-la-nomination-du-nouveau-representant-de-lonu-pour-la-libye-mae\/#primaryimage"},"thumbnailUrl":"https:\/\/www.info-algerie.com\/actualites\/wp-content\/uploads\/2017\/06\/087894913a4bcfc5731ce35bbc9516ad_S-1.jpg","keywords":["ONU"],"articleSection":["infos"],"inLanguage":"fr-FR","potentialAction":[{"@type":"CommentAction","name":"Comment","target":["https:\/\/www.info-algerie.com\/actualites\/lalgerie-exprime-sa-satisfaction-pour-la-nomination-du-nouveau-representant-de-lonu-pour-la-libye-mae\/#respond"]}]},{"@type":"WebPage","@id":"https:\/\/www.info-algerie.com\/actualites\/lalgerie-exprime-sa-satisfaction-pour-la-nomination-du-nouveau-representant-de-lonu-pour-la-libye-mae\/","url":"https:\/\/www.info-algerie.com\/actualites\/lalgerie-exprime-sa-satisfaction-pour-la-nomination-du-nouveau-representant-de-lonu-pour-la-libye-mae\/","name":"L&#039;Alg\u00e9rie exprime sa satisfaction pour la nomination du nouveau repr\u00e9sentant de l&#039;Onu pour la Libye (MAE) - info algerie","isPartOf":{"@id":"https:\/\/www.info-algerie.com\/actualites\/#website"},"primaryImageOfPage":{"@id":"https:\/\/www.info-algerie.com\/actualites\/lalgerie-exprime-sa-satisfaction-pour-la-nomination-du-nouveau-representant-de-lonu-pour-la-libye-mae\/#primaryimage"},"image":{"@id":"https:\/\/www.info-algerie.com\/actualites\/lalgerie-exprime-sa-satisfaction-pour-la-nomination-du-nouveau-representant-de-lonu-pour-la-libye-mae\/#primaryimage"},"thumbnailUrl":"https:\/\/www.info-algerie.com\/actualites\/wp-content\/uploads\/2017\/06\/087894913a4bcfc5731ce35bbc9516ad_S-1.jpg","datePublished":"2017-06-24T12:45:02+00:00","breadcrumb":{"@id":"https:\/\/www.info-algerie.com\/actualites\/lalgerie-exprime-sa-satisfaction-pour-la-nomination-du-nouveau-representant-de-lonu-pour-la-libye-mae\/#breadcrumb"},"inLanguage":"fr-FR","potentialAction":[{"@type":"ReadAction","target":["https:\/\/www.info-algerie.com\/actualites\/lalgerie-exprime-sa-satisfaction-pour-la-nomination-du-nouveau-representant-de-lonu-pour-la-libye-mae\/"]}]},{"@type":"ImageObject","inLanguage":"fr-FR","@id":"https:\/\/www.info-algerie.com\/actualites\/lalgerie-exprime-sa-satisfaction-pour-la-nomination-du-nouveau-representant-de-lonu-pour-la-libye-mae\/#primaryimage","url":"https:\/\/www.info-algerie.com\/actualites\/wp-content\/uploads\/2017\/06\/087894913a4bcfc5731ce35bbc9516ad_S-1.jpg","contentUrl":"https:\/\/www.info-algerie.com\/actualites\/wp-content\/uploads\/2017\/06\/087894913a4bcfc5731ce35bbc9516ad_S-1.jpg","width":280,"height":174},{"@type":"BreadcrumbList","@id":"https:\/\/www.info-algerie.com\/actualites\/lalgerie-exprime-sa-satisfaction-pour-la-nomination-du-nouveau-representant-de-lonu-pour-la-libye-mae\/#breadcrumb","itemListElement":[{"@type":"ListItem","position":1,"name":"Accueil","item":"https:\/\/www.info-algerie.com\/actualites\/"},{"@type":"ListItem","position":2,"name":"L&#039;Alg\u00e9rie exprime sa satisfaction pour la nomination du nouveau repr\u00e9sentant de l&#039;Onu pour la Libye (MAE)"}]},{"@type":"WebSite","@id":"https:\/\/www.info-algerie.com\/actualites\/#website","url":"https:\/\/www.info-algerie.com\/actualites\/","name":"info algerie","description":"Toutes les actualit\u00e9s","publisher":{"@id":"https:\/\/www.info-algerie.com\/actualites\/#organization"},"potentialAction":[{"@type":"SearchAction","target":{"@type":"EntryPoint","urlTemplate":"https:\/\/www.info-algerie.com\/actualites\/?s={search_term_string}"},"query-input":{"@type":"PropertyValueSpecification","valueRequired":true,"valueName":"search_term_string"}}],"inLanguage":"fr-FR"},{"@type":"Organization","@id":"https:\/\/www.info-algerie.com\/actualites\/#organization","name":"info algerie","url":"https:\/\/www.info-algerie.com\/actualites\/","logo":{"@type":"ImageObject","inLanguage":"fr-FR","@id":"https:\/\/www.info-algerie.com\/actualites\/#\/schema\/logo\/image\/","url":"https:\/\/www.info-algerie.com\/actualites\/wp-content\/uploads\/2022\/07\/logo-ia-120.png","contentUrl":"https:\/\/www.info-algerie.com\/actualites\/wp-content\/uploads\/2022\/07\/logo-ia-120.png","width":120,"height":43,"caption":"info algerie"},"image":{"@id":"https:\/\/www.info-algerie.com\/actualites\/#\/schema\/logo\/image\/"},"sameAs":["https:\/\/www.facebook.com\/infoalgerieactu","https:\/\/x.com\/infoalgerie1"]},{"@type":"Person","@id":"https:\/\/www.info-algerie.com\/actualites\/#\/schema\/person\/847aaec44920825b843a08f30ec6aa1e","name":"La r\u00e9daction","image":{"@type":"ImageObject","inLanguage":"fr-FR","@id":"https:\/\/secure.gravatar.com\/avatar\/769db425c6f465158149f1ffd6cf61ce7a8a879d11dfbef8288af36dfddd418c?s=96&d=mm&r=g","url":"https:\/\/secure.gravatar.com\/avatar\/769db425c6f465158149f1ffd6cf61ce7a8a879d11dfbef8288af36dfddd418c?s=96&d=mm&r=g","contentUrl":"https:\/\/secure.gravatar.com\/avatar\/769db425c6f465158149f1ffd6cf61ce7a8a879d11dfbef8288af36dfddd418c?s=96&d=mm&r=g","caption":"La r\u00e9daction"},"sameAs":["http:\/\/www.lkeria.com\/"],"url":"https:\/\/www.info-algerie.com\/actualites\/author\/chakib32\/"}]}},"_links":{"self":[{"href":"https:\/\/www.info-algerie.com\/actualites\/wp-json\/wp\/v2\/posts\/13526","targetHints":{"allow":["GET"]}}],"collection":[{"href":"https:\/\/www.info-algerie.com\/actualites\/wp-json\/wp\/v2\/posts"}],"about":[{"href":"https:\/\/www.info-algerie.com\/actualites\/wp-json\/wp\/v2\/types\/post"}],"author":[{"embeddable":true,"href":"https:\/\/www.info-algerie.com\/actualites\/wp-json\/wp\/v2\/users\/6"}],"replies":[{"embeddable":true,"href":"https:\/\/www.info-algerie.com\/actualites\/wp-json\/wp\/v2\/comments?post=13526"}],"version-history":[{"count":0,"href":"https:\/\/www.info-algerie.com\/actualites\/wp-json\/wp\/v2\/posts\/13526\/revisions"}],"wp:featuredmedia":[{"embeddable":true,"href":"https:\/\/www.info-algerie.com\/actualites\/wp-json\/wp\/v2\/media\/13527"}],"wp:attachment":[{"href":"https:\/\/www.info-algerie.com\/actualites\/wp-json\/wp\/v2\/media?parent=13526"}],"wp:term":[{"taxonomy":"category","embeddable":true,"href":"https:\/\/www.info-algerie.com\/actualites\/wp-json\/wp\/v2\/categories?post=13526"},{"taxonomy":"post_tag","embeddable":true,"href":"https:\/\/www.info-algerie.com\/actualites\/wp-json\/wp\/v2\/tags?post=13526"}],"curies":[{"name":"wp","href":"https:\/\/api.w.org\/{rel}","templated":true}]}}