{"id":13535,"date":"2017-06-24T16:06:52","date_gmt":"2017-06-24T15:06:52","guid":{"rendered":"http:\/\/www.info-algerie.com\/actualites\/la-presence-des-deplaces-africains-sur-le-territoire-algerien-sera-reglementee-tebboune\/"},"modified":"2017-06-24T16:06:52","modified_gmt":"2017-06-24T15:06:52","slug":"la-presence-des-deplaces-africains-sur-le-territoire-algerien-sera-reglementee-tebboune","status":"publish","type":"post","link":"https:\/\/www.info-algerie.com\/actualites\/la-presence-des-deplaces-africains-sur-le-territoire-algerien-sera-reglementee-tebboune\/","title":{"rendered":"La pr\u00e9sence des d\u00e9plac\u00e9s africains sur le territoire alg\u00e9rien sera r\u00e9glement\u00e9e (Tebboune)"},"content":{"rendered":"<div class=\"K2FeedImage\"><img decoding=\"async\" src=\"https:\/\/www.info-algerie.com\/actualites\/wp-content\/uploads\/2017\/06\/0d4f90fddfe71885e1468036f06dee8e_S.jpg\" alt=\"La pr&#xE9;sence des d&#xE9;plac&#xE9;s africains sur le territoire alg&#xE9;rien sera r&#xE9;glement&#xE9;e (Tebboune)\" \/><\/div>\n<div class=\"K2FeedIntroText\">\n<p>ALGER &#8211; Le Premier ministre, Abdelmadjid Tebboune, a affirm\u00e9 vendredi soir \u00e0 Alger que la pr\u00e9sence des d\u00e9plac\u00e9s africains en Alg\u00e9rie sera r\u00e9glement\u00e9e, soutenant que l&rsquo;Alg\u00e9rie \u00ab\u00a0ne permettra aucune atteinte \u00e0 sa r\u00e9putation\u00a0\u00bb, en allusion aux voix qui visent \u00e0 ternir son image et \u00e0 la taxer de raciste.<\/p>\n<p>&#013;\n<\/p><\/div>\n<div class=\"K2FeedFullText\">&#013;<\/p>\n<p>\u00ab\u00a0La pr\u00e9sence de nos fr\u00e8res Africains dans notre pays sera r\u00e9glement\u00e9e et le minist\u00e8re de l&rsquo;Int\u00e9rieur proc\u00e8de actuellement \u00e0 travers les services de police et de gendarmerie au recensement de tous les d\u00e9plac\u00e9s\u00a0\u00bb, a pr\u00e9cis\u00e9 M. Tebboune qui r\u00e9pondait aux pr\u00e9occupations des d\u00e9put\u00e9s de l&rsquo;Assembl\u00e9e populaire nationale (APN) lors du d\u00e9bat autour du plan d&rsquo;action du gouvernement.<\/p>\n<p>&#013;<\/p>\n<p>Le Premier ministre a fait savoir qu&rsquo;une carte sera attribu\u00e9e \u00e0 tout d\u00e9plac\u00e9 dont la pr\u00e9sence en Alg\u00e9rie a \u00e9t\u00e9 approuv\u00e9e et qui donnera acc\u00e8s aux opportunit\u00e9s de travail. Pour les autres, des discussions seront engag\u00e9es avec leurs pays d&rsquo;origine en vue de leur rapatriement comme cela avait \u00e9t\u00e9 fait avec le Mali et le Niger, a indiqu\u00e9 M. Tebboune.\u00a0<\/p>\n<p>&#013;<\/p>\n<p>\u00ab\u00a0Il\u00a0 y a des parties qui veulent ternir l&rsquo;image de l&rsquo;Alg\u00e9rie et lui coller l&rsquo;\u00e9tiquette de pays raciste\u00a0\u00bb, a soutenu M. Taboue qui a ajout\u00e9: \u00ab\u00a0Nous ne sommes pas des racistes, nous sommes des Africains, des Maghr\u00e9bins et M\u00e9diterran\u00e9ens\u00a0\u00bb.<\/p>\n<p>&#013;<\/p>\n<p>\u00ab\u00a0L&rsquo;Afrique et le Monde arabe sont le prolongement naturel de l&rsquo;Alg\u00e9rie et l&rsquo;espace dans lequel elle \u00e9volue et se d\u00e9veloppe\u00a0\u00bb, a d\u00e9clar\u00e9 M. Tebboune,\u00a0 soulignant \u00ab\u00a0le devoir moral et humain qui nous impose de pr\u00eater assistance \u00e0 nos fr\u00e8res contraints de fuir leurs terres en raison de la pauvret\u00e9 et des affres de la guerre\u00a0\u00bb.<\/p>\n<p>&#013;<\/p>\n<p>Il ne faut pas tourner le dos aujourd&rsquo;hui \u00e0 ceux qui nous ont aid\u00e9s hier, a-t-il soutenu admettant que cette situation a induit \u00ab\u00a0des difficult\u00e9s objectives, notamment au niveau de certaines wilayas frontali\u00e8res\u00a0\u00bb, il a indiqu\u00e9 qu&rsquo;elles sont n\u00e9anmoins trait\u00e9es \u00e0 travers les divers organes de s\u00e9curit\u00e9 et les instances nationales d&rsquo;aide et de secours, en coordination diplomatique avec les pays d&rsquo;origine en vue d&rsquo;encadrer l&rsquo;op\u00e9ration de rapatriement de leurs ressortissants sur la base de conventions bilat\u00e9rales\u00a0\u00bb, a indiqu\u00e9 le Premier ministre.\u00a0<\/p>\n<p>&#013;<\/p>\n<p>\u00ab\u00a0La solution de cette probl\u00e9matique passe par l&rsquo;instauration de la stabilit\u00e9 et le r\u00e8glement des conflits dans la r\u00e9gion \u00e0 travers des processus politiques pacifiques qui garantissent l&rsquo;unit\u00e9 des nations et la souverainet\u00e9 des peuples, tel que escompt\u00e9 par la diplomatie alg\u00e9rienne dans plusieurs dossiers sur le double plan arabe et africain\u00a0\u00bb, a-t-il estim\u00e9.<\/p>\n<p>&#013;<\/p>\n<p>Lors de la conf\u00e9rence de presse qui a suivi le vote du plan d&rsquo;action du gouvernement, M. Tebboune a mis l&rsquo;accent sur l&rsquo;importance de \u00ab\u00a0ne pas faire pr\u00e9valoir les sentiments sur le c\u00f4t\u00e9 s\u00e9curitaire dans le traitement du dossier des d\u00e9plac\u00e9s africains\u00a0\u00bb.\u00a0\u00a0<\/p>\n<p>&#013;<\/p>\n<p>\u00ab\u00a0Nous ne permettrons \u00e0 aucune partie, aussi bien association que citoyen, de porter atteinte \u00e0 la r\u00e9putation de l&rsquo;Alg\u00e9rie en pr\u00e9tendant que l&rsquo;Alg\u00e9rie africaine mal traite les Africains\u00a0\u00bb, a dit M. Tebboune sur un ton intransigeant.<\/p>\n<\/div>\n<p>&#013;<br \/>\nSource: <a href=\"http:\/\/www.aps.dz\/algerie\/59388-la-presence-des-deplaces-africains-sur-le-territoire-algerien-sera-reglementee-tebboune\" target=\"_blank\">La pr\u00e9sence des d\u00e9plac\u00e9s africains sur le territoire alg\u00e9rien sera r\u00e9glement\u00e9e (Tebboune)<\/a><\/p>\n<!--CusAds0-->\n<div style=\"font-size: 0px; height: 0px; line-height: 0px; margin: 0; padding: 0; clear: both;\"><\/div>","protected":false},"excerpt":{"rendered":"<p>ALGER &#8211; Le Premier ministre, Abdelmadjid Tebboune, a affirm\u00e9 vendredi soir \u00e0 Alger que la pr\u00e9sence des d\u00e9plac\u00e9s africains en Alg\u00e9rie sera r\u00e9glement\u00e9e, soutenant que l&rsquo;Alg\u00e9rie \u00ab\u00a0ne permettra aucune atteinte \u00e0 sa r\u00e9putation\u00a0\u00bb, en allusion aux voix qui visent \u00e0 ternir son image et \u00e0 la taxer de raciste. &#013; &#013; \u00ab\u00a0La pr\u00e9sence de nos<\/p>\n","protected":false},"author":6,"featured_media":13536,"comment_status":"open","ping_status":"open","sticky":false,"template":"","format":"standard","meta":{"footnotes":""},"categories":[22],"tags":[93],"class_list":["post-13535","post","type-post","status-publish","format-standard","has-post-thumbnail","hentry","category-infos","tag-onu"],"yoast_head":"<!-- This site is optimized with the Yoast SEO plugin v27.5 - https:\/\/yoast.com\/product\/yoast-seo-wordpress\/ -->\n<title>La pr\u00e9sence des d\u00e9plac\u00e9s africains sur le territoire alg\u00e9rien sera r\u00e9glement\u00e9e (Tebboune) - info algerie<\/title>\n<meta name=\"robots\" content=\"index, follow, max-snippet:-1, max-image-preview:large, max-video-preview:-1\" \/>\n<link rel=\"canonical\" href=\"https:\/\/www.info-algerie.com\/actualites\/la-presence-des-deplaces-africains-sur-le-territoire-algerien-sera-reglementee-tebboune\/\" \/>\n<meta property=\"og:locale\" content=\"fr_FR\" \/>\n<meta property=\"og:type\" content=\"article\" \/>\n<meta property=\"og:title\" content=\"La pr\u00e9sence des d\u00e9plac\u00e9s africains sur le territoire alg\u00e9rien sera r\u00e9glement\u00e9e (Tebboune) - info algerie\" \/>\n<meta property=\"og:description\" content=\"ALGER &#8211; Le Premier ministre, Abdelmadjid Tebboune, a affirm\u00e9 vendredi soir \u00e0 Alger que la pr\u00e9sence des d\u00e9plac\u00e9s africains en Alg\u00e9rie sera r\u00e9glement\u00e9e, soutenant que l&rsquo;Alg\u00e9rie \u00ab\u00a0ne permettra aucune atteinte \u00e0 sa r\u00e9putation\u00a0\u00bb, en allusion aux voix qui visent \u00e0 ternir son image et \u00e0 la taxer de raciste. &#013; &#013; \u00ab\u00a0La pr\u00e9sence de nos\" \/>\n<meta property=\"og:url\" content=\"https:\/\/www.info-algerie.com\/actualites\/la-presence-des-deplaces-africains-sur-le-territoire-algerien-sera-reglementee-tebboune\/\" \/>\n<meta property=\"og:site_name\" content=\"info algerie\" \/>\n<meta property=\"article:publisher\" content=\"https:\/\/www.facebook.com\/infoalgerieactu\" \/>\n<meta property=\"article:published_time\" content=\"2017-06-24T15:06:52+00:00\" \/>\n<meta property=\"og:image\" content=\"https:\/\/www.info-algerie.com\/actualites\/wp-content\/uploads\/2017\/06\/0d4f90fddfe71885e1468036f06dee8e_S-1.jpg\" \/>\n\t<meta property=\"og:image:width\" content=\"280\" \/>\n\t<meta property=\"og:image:height\" content=\"169\" \/>\n\t<meta property=\"og:image:type\" content=\"image\/jpeg\" \/>\n<meta name=\"author\" content=\"La r\u00e9daction\" \/>\n<meta name=\"twitter:label1\" content=\"\u00c9crit par\" \/>\n\t<meta name=\"twitter:data1\" content=\"La r\u00e9daction\" \/>\n\t<meta name=\"twitter:label2\" content=\"Dur\u00e9e de lecture estim\u00e9e\" \/>\n\t<meta name=\"twitter:data2\" content=\"3 minutes\" \/>\n<script type=\"application\/ld+json\" class=\"yoast-schema-graph\">{\"@context\":\"https:\\\/\\\/schema.org\",\"@graph\":[{\"@type\":\"Article\",\"@id\":\"https:\\\/\\\/www.info-algerie.com\\\/actualites\\\/la-presence-des-deplaces-africains-sur-le-territoire-algerien-sera-reglementee-tebboune\\\/#article\",\"isPartOf\":{\"@id\":\"https:\\\/\\\/www.info-algerie.com\\\/actualites\\\/la-presence-des-deplaces-africains-sur-le-territoire-algerien-sera-reglementee-tebboune\\\/\"},\"author\":{\"name\":\"La r\u00e9daction\",\"@id\":\"https:\\\/\\\/www.info-algerie.com\\\/actualites\\\/#\\\/schema\\\/person\\\/847aaec44920825b843a08f30ec6aa1e\"},\"headline\":\"La pr\u00e9sence des d\u00e9plac\u00e9s africains sur le territoire alg\u00e9rien sera r\u00e9glement\u00e9e (Tebboune)\",\"datePublished\":\"2017-06-24T15:06:52+00:00\",\"mainEntityOfPage\":{\"@id\":\"https:\\\/\\\/www.info-algerie.com\\\/actualites\\\/la-presence-des-deplaces-africains-sur-le-territoire-algerien-sera-reglementee-tebboune\\\/\"},\"wordCount\":587,\"commentCount\":0,\"publisher\":{\"@id\":\"https:\\\/\\\/www.info-algerie.com\\\/actualites\\\/#organization\"},\"image\":{\"@id\":\"https:\\\/\\\/www.info-algerie.com\\\/actualites\\\/la-presence-des-deplaces-africains-sur-le-territoire-algerien-sera-reglementee-tebboune\\\/#primaryimage\"},\"thumbnailUrl\":\"https:\\\/\\\/www.info-algerie.com\\\/actualites\\\/wp-content\\\/uploads\\\/2017\\\/06\\\/0d4f90fddfe71885e1468036f06dee8e_S-1.jpg\",\"keywords\":[\"ONU\"],\"articleSection\":[\"infos\"],\"inLanguage\":\"fr-FR\",\"potentialAction\":[{\"@type\":\"CommentAction\",\"name\":\"Comment\",\"target\":[\"https:\\\/\\\/www.info-algerie.com\\\/actualites\\\/la-presence-des-deplaces-africains-sur-le-territoire-algerien-sera-reglementee-tebboune\\\/#respond\"]}]},{\"@type\":\"WebPage\",\"@id\":\"https:\\\/\\\/www.info-algerie.com\\\/actualites\\\/la-presence-des-deplaces-africains-sur-le-territoire-algerien-sera-reglementee-tebboune\\\/\",\"url\":\"https:\\\/\\\/www.info-algerie.com\\\/actualites\\\/la-presence-des-deplaces-africains-sur-le-territoire-algerien-sera-reglementee-tebboune\\\/\",\"name\":\"La pr\u00e9sence des d\u00e9plac\u00e9s africains sur le territoire alg\u00e9rien sera r\u00e9glement\u00e9e (Tebboune) - info algerie\",\"isPartOf\":{\"@id\":\"https:\\\/\\\/www.info-algerie.com\\\/actualites\\\/#website\"},\"primaryImageOfPage\":{\"@id\":\"https:\\\/\\\/www.info-algerie.com\\\/actualites\\\/la-presence-des-deplaces-africains-sur-le-territoire-algerien-sera-reglementee-tebboune\\\/#primaryimage\"},\"image\":{\"@id\":\"https:\\\/\\\/www.info-algerie.com\\\/actualites\\\/la-presence-des-deplaces-africains-sur-le-territoire-algerien-sera-reglementee-tebboune\\\/#primaryimage\"},\"thumbnailUrl\":\"https:\\\/\\\/www.info-algerie.com\\\/actualites\\\/wp-content\\\/uploads\\\/2017\\\/06\\\/0d4f90fddfe71885e1468036f06dee8e_S-1.jpg\",\"datePublished\":\"2017-06-24T15:06:52+00:00\",\"breadcrumb\":{\"@id\":\"https:\\\/\\\/www.info-algerie.com\\\/actualites\\\/la-presence-des-deplaces-africains-sur-le-territoire-algerien-sera-reglementee-tebboune\\\/#breadcrumb\"},\"inLanguage\":\"fr-FR\",\"potentialAction\":[{\"@type\":\"ReadAction\",\"target\":[\"https:\\\/\\\/www.info-algerie.com\\\/actualites\\\/la-presence-des-deplaces-africains-sur-le-territoire-algerien-sera-reglementee-tebboune\\\/\"]}]},{\"@type\":\"ImageObject\",\"inLanguage\":\"fr-FR\",\"@id\":\"https:\\\/\\\/www.info-algerie.com\\\/actualites\\\/la-presence-des-deplaces-africains-sur-le-territoire-algerien-sera-reglementee-tebboune\\\/#primaryimage\",\"url\":\"https:\\\/\\\/www.info-algerie.com\\\/actualites\\\/wp-content\\\/uploads\\\/2017\\\/06\\\/0d4f90fddfe71885e1468036f06dee8e_S-1.jpg\",\"contentUrl\":\"https:\\\/\\\/www.info-algerie.com\\\/actualites\\\/wp-content\\\/uploads\\\/2017\\\/06\\\/0d4f90fddfe71885e1468036f06dee8e_S-1.jpg\",\"width\":280,\"height\":169},{\"@type\":\"BreadcrumbList\",\"@id\":\"https:\\\/\\\/www.info-algerie.com\\\/actualites\\\/la-presence-des-deplaces-africains-sur-le-territoire-algerien-sera-reglementee-tebboune\\\/#breadcrumb\",\"itemListElement\":[{\"@type\":\"ListItem\",\"position\":1,\"name\":\"Accueil\",\"item\":\"https:\\\/\\\/www.info-algerie.com\\\/actualites\\\/\"},{\"@type\":\"ListItem\",\"position\":2,\"name\":\"La pr\u00e9sence des d\u00e9plac\u00e9s africains sur le territoire alg\u00e9rien sera r\u00e9glement\u00e9e (Tebboune)\"}]},{\"@type\":\"WebSite\",\"@id\":\"https:\\\/\\\/www.info-algerie.com\\\/actualites\\\/#website\",\"url\":\"https:\\\/\\\/www.info-algerie.com\\\/actualites\\\/\",\"name\":\"info algerie\",\"description\":\"Toutes les actualit\u00e9s\",\"publisher\":{\"@id\":\"https:\\\/\\\/www.info-algerie.com\\\/actualites\\\/#organization\"},\"potentialAction\":[{\"@type\":\"SearchAction\",\"target\":{\"@type\":\"EntryPoint\",\"urlTemplate\":\"https:\\\/\\\/www.info-algerie.com\\\/actualites\\\/?s={search_term_string}\"},\"query-input\":{\"@type\":\"PropertyValueSpecification\",\"valueRequired\":true,\"valueName\":\"search_term_string\"}}],\"inLanguage\":\"fr-FR\"},{\"@type\":\"Organization\",\"@id\":\"https:\\\/\\\/www.info-algerie.com\\\/actualites\\\/#organization\",\"name\":\"info algerie\",\"url\":\"https:\\\/\\\/www.info-algerie.com\\\/actualites\\\/\",\"logo\":{\"@type\":\"ImageObject\",\"inLanguage\":\"fr-FR\",\"@id\":\"https:\\\/\\\/www.info-algerie.com\\\/actualites\\\/#\\\/schema\\\/logo\\\/image\\\/\",\"url\":\"https:\\\/\\\/www.info-algerie.com\\\/actualites\\\/wp-content\\\/uploads\\\/2022\\\/07\\\/logo-ia-120.png\",\"contentUrl\":\"https:\\\/\\\/www.info-algerie.com\\\/actualites\\\/wp-content\\\/uploads\\\/2022\\\/07\\\/logo-ia-120.png\",\"width\":120,\"height\":43,\"caption\":\"info algerie\"},\"image\":{\"@id\":\"https:\\\/\\\/www.info-algerie.com\\\/actualites\\\/#\\\/schema\\\/logo\\\/image\\\/\"},\"sameAs\":[\"https:\\\/\\\/www.facebook.com\\\/infoalgerieactu\",\"https:\\\/\\\/x.com\\\/infoalgerie1\"]},{\"@type\":\"Person\",\"@id\":\"https:\\\/\\\/www.info-algerie.com\\\/actualites\\\/#\\\/schema\\\/person\\\/847aaec44920825b843a08f30ec6aa1e\",\"name\":\"La r\u00e9daction\",\"image\":{\"@type\":\"ImageObject\",\"inLanguage\":\"fr-FR\",\"@id\":\"https:\\\/\\\/secure.gravatar.com\\\/avatar\\\/769db425c6f465158149f1ffd6cf61ce7a8a879d11dfbef8288af36dfddd418c?s=96&d=mm&r=g\",\"url\":\"https:\\\/\\\/secure.gravatar.com\\\/avatar\\\/769db425c6f465158149f1ffd6cf61ce7a8a879d11dfbef8288af36dfddd418c?s=96&d=mm&r=g\",\"contentUrl\":\"https:\\\/\\\/secure.gravatar.com\\\/avatar\\\/769db425c6f465158149f1ffd6cf61ce7a8a879d11dfbef8288af36dfddd418c?s=96&d=mm&r=g\",\"caption\":\"La r\u00e9daction\"},\"sameAs\":[\"http:\\\/\\\/www.lkeria.com\\\/\"],\"url\":\"https:\\\/\\\/www.info-algerie.com\\\/actualites\\\/author\\\/chakib32\\\/\"}]}<\/script>\n<!-- \/ Yoast SEO plugin. -->","yoast_head_json":{"title":"La pr\u00e9sence des d\u00e9plac\u00e9s africains sur le territoire alg\u00e9rien sera r\u00e9glement\u00e9e (Tebboune) - info algerie","robots":{"index":"index","follow":"follow","max-snippet":"max-snippet:-1","max-image-preview":"max-image-preview:large","max-video-preview":"max-video-preview:-1"},"canonical":"https:\/\/www.info-algerie.com\/actualites\/la-presence-des-deplaces-africains-sur-le-territoire-algerien-sera-reglementee-tebboune\/","og_locale":"fr_FR","og_type":"article","og_title":"La pr\u00e9sence des d\u00e9plac\u00e9s africains sur le territoire alg\u00e9rien sera r\u00e9glement\u00e9e (Tebboune) - info algerie","og_description":"ALGER &#8211; Le Premier ministre, Abdelmadjid Tebboune, a affirm\u00e9 vendredi soir \u00e0 Alger que la pr\u00e9sence des d\u00e9plac\u00e9s africains en Alg\u00e9rie sera r\u00e9glement\u00e9e, soutenant que l&rsquo;Alg\u00e9rie \u00ab\u00a0ne permettra aucune atteinte \u00e0 sa r\u00e9putation\u00a0\u00bb, en allusion aux voix qui visent \u00e0 ternir son image et \u00e0 la taxer de raciste. &#013; &#013; \u00ab\u00a0La pr\u00e9sence de nos","og_url":"https:\/\/www.info-algerie.com\/actualites\/la-presence-des-deplaces-africains-sur-le-territoire-algerien-sera-reglementee-tebboune\/","og_site_name":"info algerie","article_publisher":"https:\/\/www.facebook.com\/infoalgerieactu","article_published_time":"2017-06-24T15:06:52+00:00","og_image":[{"width":280,"height":169,"url":"https:\/\/www.info-algerie.com\/actualites\/wp-content\/uploads\/2017\/06\/0d4f90fddfe71885e1468036f06dee8e_S-1.jpg","type":"image\/jpeg"}],"author":"La r\u00e9daction","twitter_misc":{"\u00c9crit par":"La r\u00e9daction","Dur\u00e9e de lecture estim\u00e9e":"3 minutes"},"schema":{"@context":"https:\/\/schema.org","@graph":[{"@type":"Article","@id":"https:\/\/www.info-algerie.com\/actualites\/la-presence-des-deplaces-africains-sur-le-territoire-algerien-sera-reglementee-tebboune\/#article","isPartOf":{"@id":"https:\/\/www.info-algerie.com\/actualites\/la-presence-des-deplaces-africains-sur-le-territoire-algerien-sera-reglementee-tebboune\/"},"author":{"name":"La r\u00e9daction","@id":"https:\/\/www.info-algerie.com\/actualites\/#\/schema\/person\/847aaec44920825b843a08f30ec6aa1e"},"headline":"La pr\u00e9sence des d\u00e9plac\u00e9s africains sur le territoire alg\u00e9rien sera r\u00e9glement\u00e9e (Tebboune)","datePublished":"2017-06-24T15:06:52+00:00","mainEntityOfPage":{"@id":"https:\/\/www.info-algerie.com\/actualites\/la-presence-des-deplaces-africains-sur-le-territoire-algerien-sera-reglementee-tebboune\/"},"wordCount":587,"commentCount":0,"publisher":{"@id":"https:\/\/www.info-algerie.com\/actualites\/#organization"},"image":{"@id":"https:\/\/www.info-algerie.com\/actualites\/la-presence-des-deplaces-africains-sur-le-territoire-algerien-sera-reglementee-tebboune\/#primaryimage"},"thumbnailUrl":"https:\/\/www.info-algerie.com\/actualites\/wp-content\/uploads\/2017\/06\/0d4f90fddfe71885e1468036f06dee8e_S-1.jpg","keywords":["ONU"],"articleSection":["infos"],"inLanguage":"fr-FR","potentialAction":[{"@type":"CommentAction","name":"Comment","target":["https:\/\/www.info-algerie.com\/actualites\/la-presence-des-deplaces-africains-sur-le-territoire-algerien-sera-reglementee-tebboune\/#respond"]}]},{"@type":"WebPage","@id":"https:\/\/www.info-algerie.com\/actualites\/la-presence-des-deplaces-africains-sur-le-territoire-algerien-sera-reglementee-tebboune\/","url":"https:\/\/www.info-algerie.com\/actualites\/la-presence-des-deplaces-africains-sur-le-territoire-algerien-sera-reglementee-tebboune\/","name":"La pr\u00e9sence des d\u00e9plac\u00e9s africains sur le territoire alg\u00e9rien sera r\u00e9glement\u00e9e (Tebboune) - info algerie","isPartOf":{"@id":"https:\/\/www.info-algerie.com\/actualites\/#website"},"primaryImageOfPage":{"@id":"https:\/\/www.info-algerie.com\/actualites\/la-presence-des-deplaces-africains-sur-le-territoire-algerien-sera-reglementee-tebboune\/#primaryimage"},"image":{"@id":"https:\/\/www.info-algerie.com\/actualites\/la-presence-des-deplaces-africains-sur-le-territoire-algerien-sera-reglementee-tebboune\/#primaryimage"},"thumbnailUrl":"https:\/\/www.info-algerie.com\/actualites\/wp-content\/uploads\/2017\/06\/0d4f90fddfe71885e1468036f06dee8e_S-1.jpg","datePublished":"2017-06-24T15:06:52+00:00","breadcrumb":{"@id":"https:\/\/www.info-algerie.com\/actualites\/la-presence-des-deplaces-africains-sur-le-territoire-algerien-sera-reglementee-tebboune\/#breadcrumb"},"inLanguage":"fr-FR","potentialAction":[{"@type":"ReadAction","target":["https:\/\/www.info-algerie.com\/actualites\/la-presence-des-deplaces-africains-sur-le-territoire-algerien-sera-reglementee-tebboune\/"]}]},{"@type":"ImageObject","inLanguage":"fr-FR","@id":"https:\/\/www.info-algerie.com\/actualites\/la-presence-des-deplaces-africains-sur-le-territoire-algerien-sera-reglementee-tebboune\/#primaryimage","url":"https:\/\/www.info-algerie.com\/actualites\/wp-content\/uploads\/2017\/06\/0d4f90fddfe71885e1468036f06dee8e_S-1.jpg","contentUrl":"https:\/\/www.info-algerie.com\/actualites\/wp-content\/uploads\/2017\/06\/0d4f90fddfe71885e1468036f06dee8e_S-1.jpg","width":280,"height":169},{"@type":"BreadcrumbList","@id":"https:\/\/www.info-algerie.com\/actualites\/la-presence-des-deplaces-africains-sur-le-territoire-algerien-sera-reglementee-tebboune\/#breadcrumb","itemListElement":[{"@type":"ListItem","position":1,"name":"Accueil","item":"https:\/\/www.info-algerie.com\/actualites\/"},{"@type":"ListItem","position":2,"name":"La pr\u00e9sence des d\u00e9plac\u00e9s africains sur le territoire alg\u00e9rien sera r\u00e9glement\u00e9e (Tebboune)"}]},{"@type":"WebSite","@id":"https:\/\/www.info-algerie.com\/actualites\/#website","url":"https:\/\/www.info-algerie.com\/actualites\/","name":"info algerie","description":"Toutes les actualit\u00e9s","publisher":{"@id":"https:\/\/www.info-algerie.com\/actualites\/#organization"},"potentialAction":[{"@type":"SearchAction","target":{"@type":"EntryPoint","urlTemplate":"https:\/\/www.info-algerie.com\/actualites\/?s={search_term_string}"},"query-input":{"@type":"PropertyValueSpecification","valueRequired":true,"valueName":"search_term_string"}}],"inLanguage":"fr-FR"},{"@type":"Organization","@id":"https:\/\/www.info-algerie.com\/actualites\/#organization","name":"info algerie","url":"https:\/\/www.info-algerie.com\/actualites\/","logo":{"@type":"ImageObject","inLanguage":"fr-FR","@id":"https:\/\/www.info-algerie.com\/actualites\/#\/schema\/logo\/image\/","url":"https:\/\/www.info-algerie.com\/actualites\/wp-content\/uploads\/2022\/07\/logo-ia-120.png","contentUrl":"https:\/\/www.info-algerie.com\/actualites\/wp-content\/uploads\/2022\/07\/logo-ia-120.png","width":120,"height":43,"caption":"info algerie"},"image":{"@id":"https:\/\/www.info-algerie.com\/actualites\/#\/schema\/logo\/image\/"},"sameAs":["https:\/\/www.facebook.com\/infoalgerieactu","https:\/\/x.com\/infoalgerie1"]},{"@type":"Person","@id":"https:\/\/www.info-algerie.com\/actualites\/#\/schema\/person\/847aaec44920825b843a08f30ec6aa1e","name":"La r\u00e9daction","image":{"@type":"ImageObject","inLanguage":"fr-FR","@id":"https:\/\/secure.gravatar.com\/avatar\/769db425c6f465158149f1ffd6cf61ce7a8a879d11dfbef8288af36dfddd418c?s=96&d=mm&r=g","url":"https:\/\/secure.gravatar.com\/avatar\/769db425c6f465158149f1ffd6cf61ce7a8a879d11dfbef8288af36dfddd418c?s=96&d=mm&r=g","contentUrl":"https:\/\/secure.gravatar.com\/avatar\/769db425c6f465158149f1ffd6cf61ce7a8a879d11dfbef8288af36dfddd418c?s=96&d=mm&r=g","caption":"La r\u00e9daction"},"sameAs":["http:\/\/www.lkeria.com\/"],"url":"https:\/\/www.info-algerie.com\/actualites\/author\/chakib32\/"}]}},"_links":{"self":[{"href":"https:\/\/www.info-algerie.com\/actualites\/wp-json\/wp\/v2\/posts\/13535","targetHints":{"allow":["GET"]}}],"collection":[{"href":"https:\/\/www.info-algerie.com\/actualites\/wp-json\/wp\/v2\/posts"}],"about":[{"href":"https:\/\/www.info-algerie.com\/actualites\/wp-json\/wp\/v2\/types\/post"}],"author":[{"embeddable":true,"href":"https:\/\/www.info-algerie.com\/actualites\/wp-json\/wp\/v2\/users\/6"}],"replies":[{"embeddable":true,"href":"https:\/\/www.info-algerie.com\/actualites\/wp-json\/wp\/v2\/comments?post=13535"}],"version-history":[{"count":0,"href":"https:\/\/www.info-algerie.com\/actualites\/wp-json\/wp\/v2\/posts\/13535\/revisions"}],"wp:featuredmedia":[{"embeddable":true,"href":"https:\/\/www.info-algerie.com\/actualites\/wp-json\/wp\/v2\/media\/13536"}],"wp:attachment":[{"href":"https:\/\/www.info-algerie.com\/actualites\/wp-json\/wp\/v2\/media?parent=13535"}],"wp:term":[{"taxonomy":"category","embeddable":true,"href":"https:\/\/www.info-algerie.com\/actualites\/wp-json\/wp\/v2\/categories?post=13535"},{"taxonomy":"post_tag","embeddable":true,"href":"https:\/\/www.info-algerie.com\/actualites\/wp-json\/wp\/v2\/tags?post=13535"}],"curies":[{"name":"wp","href":"https:\/\/api.w.org\/{rel}","templated":true}]}}