{"id":13541,"date":"2017-06-24T17:10:35","date_gmt":"2017-06-24T16:10:35","guid":{"rendered":"http:\/\/www.info-algerie.com\/actualites\/lancement-immediat-des-travaux-de-realisation-detablissements-scolaires-en-prevision-de-la-prochaine-rentree-premier-ministre\/"},"modified":"2017-06-24T17:10:35","modified_gmt":"2017-06-24T16:10:35","slug":"lancement-immediat-des-travaux-de-realisation-detablissements-scolaires-en-prevision-de-la-prochaine-rentree-premier-ministre","status":"publish","type":"post","link":"https:\/\/www.info-algerie.com\/actualites\/lancement-immediat-des-travaux-de-realisation-detablissements-scolaires-en-prevision-de-la-prochaine-rentree-premier-ministre\/","title":{"rendered":"Lancement imm\u00e9diat des travaux de r\u00e9alisation d&#039;\u00e9tablissements scolaires en pr\u00e9vision de la prochaine rentr\u00e9e (Premier ministre)"},"content":{"rendered":"<div class=\"K2FeedImage\"><img decoding=\"async\" src=\"https:\/\/www.info-algerie.com\/actualites\/wp-content\/uploads\/2017\/06\/4d6e4d6ae9bc91fc553aca0e4daf60fb_S.jpg\" alt=\"Lancement imm&#xE9;diat des travaux de r&#xE9;alisation d'&#xE9;tablissements scolaires en pr&#xE9;vision de la prochaine rentr&#xE9;e (Premier ministre)\" \/><\/div>\n<div class=\"K2FeedIntroText\">\n<p>ALGER &#8211; Le Premier ministre, Abdelmadjid Tebboune, a fait \u00e9tat vendredi soir de la d\u00e9cision de lancer rapidement les travaux de r\u00e9alisation d&rsquo;\u00e9tablissements scolaires de diff\u00e9rents cycles en pr\u00e9vision de la rentr\u00e9e 2017-2018.<\/p>\n<p>&#013;\n<\/p><\/div>\n<div class=\"K2FeedFullText\">&#013;<\/p>\n<p>En r\u00e9ponse aux interventions des membres de l&rsquo;Assembl\u00e9e populaire nationale (APN) lors de la s\u00e9ance consacr\u00e9e au vote du plan d&rsquo;action du gouvernement, M. Tebboune a indiqu\u00e9 qu'\u00a0\u00bbil a \u00e9t\u00e9 d\u00e9cid\u00e9 le lancement imm\u00e9diat des travaux de r\u00e9alisation d&rsquo;\u00e9tablissements scolaires de diff\u00e9rents cycles en pr\u00e9vision de la prochaine rentr\u00e9e\u00a0\u00bb.<\/p>\n<p>&#013;<\/p>\n<p>Dans ce sens, le Premier ministre a annonc\u00e9 la r\u00e9alisation d&rsquo;\u00e9coles primaires et de CEM fonctionnant en internant dans les wilayas du Sud.<\/p>\n<p>&#013;<\/p>\n<p>Le projet est en cours d&rsquo;\u00e9tude avec le minist\u00e8re de l&rsquo;Education nationale, a-t-il pr\u00e9cis\u00e9 ajoutant que ce genre d&rsquo;\u00e9tablissements \u00ab\u00a0n&rsquo;est pas une nouveaut\u00e9 pour l&rsquo;Alg\u00e9rie\u00a0\u00bb.<\/p>\n<p>&#013;<\/p>\n<p>S&rsquo;agissant de la co\u00efncidence des examens de fin d&rsquo;ann\u00e9e avec le mois sacr\u00e9 du Ramadhan et les conditions climatiques difficiles qu&rsquo;ont connues certains r\u00e9gions du Sud, M. Tebboune a indiqu\u00e9 qu&rsquo;il s&rsquo;agit d&rsquo;une situation passag\u00e8re et que tous les moyens mat\u00e9riels possibles ont \u00e9t\u00e9 mobilis\u00e9s.<\/p>\n<p>&#013;<\/p>\n<p>Concernant le secteur de la Sant\u00e9, M. Tebboune a affirm\u00e9 que le renforcement du r\u00e9seau national des \u00e9tablissements hospitaliers et sanitaires se poursuivra en focalisant sur \u00ab\u00a0l&rsquo;utilisation optimale des moyens et de la ressource humaine en vue de la meilleure prise en charge possible des malades et la mise en \u0153uvre de la politique de l&rsquo;Etat en mati\u00e8re de lutte contre les maladies chroniques, transmissibles et le cancer\u00a0\u00bb.<\/p>\n<p>&#013;<\/p>\n<p>Sur un autre registre, le Premier ministre a exprim\u00e9 \u00ab\u00a0la disponibilit\u00e9 du gouvernement \u00e0 dialoguer avec les gardes communaux et les retrait\u00e9s de l&rsquo;Arm\u00e9e populaire nationale (ANP) pour l&rsquo;examen des moyens de prendre en charge leur situation sociale\u00a0\u00bb.<\/p>\n<\/div>\n<p>&#013;<br \/>\nSource: <a href=\"http:\/\/www.aps.dz\/algerie\/59394-lancement-immediat-des-travaux-de-realisation-d-etablissements-scolaires-en-prevision-de-la-prochaine-rentree-premier-ministre\" target=\"_blank\">Lancement imm\u00e9diat des travaux de r\u00e9alisation d&rsquo;\u00e9tablissements scolaires en pr\u00e9vision de la prochaine rentr\u00e9e (Premier ministre)<\/a><\/p>\n<!--CusAds0-->\n<div style=\"font-size: 0px; height: 0px; line-height: 0px; margin: 0; padding: 0; clear: both;\"><\/div>","protected":false},"excerpt":{"rendered":"<p>ALGER &#8211; Le Premier ministre, Abdelmadjid Tebboune, a fait \u00e9tat vendredi soir de la d\u00e9cision de lancer rapidement les travaux de r\u00e9alisation d&rsquo;\u00e9tablissements scolaires de diff\u00e9rents cycles en pr\u00e9vision de la rentr\u00e9e 2017-2018. &#013; &#013; En r\u00e9ponse aux interventions des membres de l&rsquo;Assembl\u00e9e populaire nationale (APN) lors de la s\u00e9ance consacr\u00e9e au vote du plan<\/p>\n","protected":false},"author":6,"featured_media":13542,"comment_status":"open","ping_status":"open","sticky":false,"template":"","format":"standard","meta":{"footnotes":""},"categories":[22],"tags":[93],"class_list":["post-13541","post","type-post","status-publish","format-standard","has-post-thumbnail","hentry","category-infos","tag-onu"],"yoast_head":"<!-- This site is optimized with the Yoast SEO plugin v27.5 - https:\/\/yoast.com\/product\/yoast-seo-wordpress\/ -->\n<title>Lancement imm\u00e9diat des travaux de r\u00e9alisation d&#039;\u00e9tablissements scolaires en pr\u00e9vision de la prochaine rentr\u00e9e (Premier ministre) - info algerie<\/title>\n<meta name=\"robots\" content=\"index, follow, max-snippet:-1, max-image-preview:large, max-video-preview:-1\" \/>\n<link rel=\"canonical\" href=\"https:\/\/www.info-algerie.com\/actualites\/lancement-immediat-des-travaux-de-realisation-detablissements-scolaires-en-prevision-de-la-prochaine-rentree-premier-ministre\/\" \/>\n<meta property=\"og:locale\" content=\"fr_FR\" \/>\n<meta property=\"og:type\" content=\"article\" \/>\n<meta property=\"og:title\" content=\"Lancement imm\u00e9diat des travaux de r\u00e9alisation d&#039;\u00e9tablissements scolaires en pr\u00e9vision de la prochaine rentr\u00e9e (Premier ministre) - info algerie\" \/>\n<meta property=\"og:description\" content=\"ALGER &#8211; Le Premier ministre, Abdelmadjid Tebboune, a fait \u00e9tat vendredi soir de la d\u00e9cision de lancer rapidement les travaux de r\u00e9alisation d&rsquo;\u00e9tablissements scolaires de diff\u00e9rents cycles en pr\u00e9vision de la rentr\u00e9e 2017-2018. &#013; &#013; En r\u00e9ponse aux interventions des membres de l&rsquo;Assembl\u00e9e populaire nationale (APN) lors de la s\u00e9ance consacr\u00e9e au vote du plan\" \/>\n<meta property=\"og:url\" content=\"https:\/\/www.info-algerie.com\/actualites\/lancement-immediat-des-travaux-de-realisation-detablissements-scolaires-en-prevision-de-la-prochaine-rentree-premier-ministre\/\" \/>\n<meta property=\"og:site_name\" content=\"info algerie\" \/>\n<meta property=\"article:publisher\" content=\"https:\/\/www.facebook.com\/infoalgerieactu\" \/>\n<meta property=\"article:published_time\" content=\"2017-06-24T16:10:35+00:00\" \/>\n<meta property=\"og:image\" content=\"https:\/\/www.info-algerie.com\/actualites\/wp-content\/uploads\/2017\/06\/4d6e4d6ae9bc91fc553aca0e4daf60fb_S-1.jpg\" \/>\n\t<meta property=\"og:image:width\" content=\"280\" \/>\n\t<meta property=\"og:image:height\" content=\"169\" \/>\n\t<meta property=\"og:image:type\" content=\"image\/jpeg\" \/>\n<meta name=\"author\" content=\"La r\u00e9daction\" \/>\n<meta name=\"twitter:label1\" content=\"\u00c9crit par\" \/>\n\t<meta name=\"twitter:data1\" content=\"La r\u00e9daction\" \/>\n\t<meta name=\"twitter:label2\" content=\"Dur\u00e9e de lecture estim\u00e9e\" \/>\n\t<meta name=\"twitter:data2\" content=\"2 minutes\" \/>\n<script type=\"application\/ld+json\" class=\"yoast-schema-graph\">{\"@context\":\"https:\\\/\\\/schema.org\",\"@graph\":[{\"@type\":\"Article\",\"@id\":\"https:\\\/\\\/www.info-algerie.com\\\/actualites\\\/lancement-immediat-des-travaux-de-realisation-detablissements-scolaires-en-prevision-de-la-prochaine-rentree-premier-ministre\\\/#article\",\"isPartOf\":{\"@id\":\"https:\\\/\\\/www.info-algerie.com\\\/actualites\\\/lancement-immediat-des-travaux-de-realisation-detablissements-scolaires-en-prevision-de-la-prochaine-rentree-premier-ministre\\\/\"},\"author\":{\"name\":\"La r\u00e9daction\",\"@id\":\"https:\\\/\\\/www.info-algerie.com\\\/actualites\\\/#\\\/schema\\\/person\\\/847aaec44920825b843a08f30ec6aa1e\"},\"headline\":\"Lancement imm\u00e9diat des travaux de r\u00e9alisation d&#039;\u00e9tablissements scolaires en pr\u00e9vision de la prochaine rentr\u00e9e (Premier ministre)\",\"datePublished\":\"2017-06-24T16:10:35+00:00\",\"mainEntityOfPage\":{\"@id\":\"https:\\\/\\\/www.info-algerie.com\\\/actualites\\\/lancement-immediat-des-travaux-de-realisation-detablissements-scolaires-en-prevision-de-la-prochaine-rentree-premier-ministre\\\/\"},\"wordCount\":373,\"commentCount\":0,\"publisher\":{\"@id\":\"https:\\\/\\\/www.info-algerie.com\\\/actualites\\\/#organization\"},\"image\":{\"@id\":\"https:\\\/\\\/www.info-algerie.com\\\/actualites\\\/lancement-immediat-des-travaux-de-realisation-detablissements-scolaires-en-prevision-de-la-prochaine-rentree-premier-ministre\\\/#primaryimage\"},\"thumbnailUrl\":\"https:\\\/\\\/www.info-algerie.com\\\/actualites\\\/wp-content\\\/uploads\\\/2017\\\/06\\\/4d6e4d6ae9bc91fc553aca0e4daf60fb_S-1.jpg\",\"keywords\":[\"ONU\"],\"articleSection\":[\"infos\"],\"inLanguage\":\"fr-FR\",\"potentialAction\":[{\"@type\":\"CommentAction\",\"name\":\"Comment\",\"target\":[\"https:\\\/\\\/www.info-algerie.com\\\/actualites\\\/lancement-immediat-des-travaux-de-realisation-detablissements-scolaires-en-prevision-de-la-prochaine-rentree-premier-ministre\\\/#respond\"]}]},{\"@type\":\"WebPage\",\"@id\":\"https:\\\/\\\/www.info-algerie.com\\\/actualites\\\/lancement-immediat-des-travaux-de-realisation-detablissements-scolaires-en-prevision-de-la-prochaine-rentree-premier-ministre\\\/\",\"url\":\"https:\\\/\\\/www.info-algerie.com\\\/actualites\\\/lancement-immediat-des-travaux-de-realisation-detablissements-scolaires-en-prevision-de-la-prochaine-rentree-premier-ministre\\\/\",\"name\":\"Lancement imm\u00e9diat des travaux de r\u00e9alisation d&#039;\u00e9tablissements scolaires en pr\u00e9vision de la prochaine rentr\u00e9e (Premier ministre) - info algerie\",\"isPartOf\":{\"@id\":\"https:\\\/\\\/www.info-algerie.com\\\/actualites\\\/#website\"},\"primaryImageOfPage\":{\"@id\":\"https:\\\/\\\/www.info-algerie.com\\\/actualites\\\/lancement-immediat-des-travaux-de-realisation-detablissements-scolaires-en-prevision-de-la-prochaine-rentree-premier-ministre\\\/#primaryimage\"},\"image\":{\"@id\":\"https:\\\/\\\/www.info-algerie.com\\\/actualites\\\/lancement-immediat-des-travaux-de-realisation-detablissements-scolaires-en-prevision-de-la-prochaine-rentree-premier-ministre\\\/#primaryimage\"},\"thumbnailUrl\":\"https:\\\/\\\/www.info-algerie.com\\\/actualites\\\/wp-content\\\/uploads\\\/2017\\\/06\\\/4d6e4d6ae9bc91fc553aca0e4daf60fb_S-1.jpg\",\"datePublished\":\"2017-06-24T16:10:35+00:00\",\"breadcrumb\":{\"@id\":\"https:\\\/\\\/www.info-algerie.com\\\/actualites\\\/lancement-immediat-des-travaux-de-realisation-detablissements-scolaires-en-prevision-de-la-prochaine-rentree-premier-ministre\\\/#breadcrumb\"},\"inLanguage\":\"fr-FR\",\"potentialAction\":[{\"@type\":\"ReadAction\",\"target\":[\"https:\\\/\\\/www.info-algerie.com\\\/actualites\\\/lancement-immediat-des-travaux-de-realisation-detablissements-scolaires-en-prevision-de-la-prochaine-rentree-premier-ministre\\\/\"]}]},{\"@type\":\"ImageObject\",\"inLanguage\":\"fr-FR\",\"@id\":\"https:\\\/\\\/www.info-algerie.com\\\/actualites\\\/lancement-immediat-des-travaux-de-realisation-detablissements-scolaires-en-prevision-de-la-prochaine-rentree-premier-ministre\\\/#primaryimage\",\"url\":\"https:\\\/\\\/www.info-algerie.com\\\/actualites\\\/wp-content\\\/uploads\\\/2017\\\/06\\\/4d6e4d6ae9bc91fc553aca0e4daf60fb_S-1.jpg\",\"contentUrl\":\"https:\\\/\\\/www.info-algerie.com\\\/actualites\\\/wp-content\\\/uploads\\\/2017\\\/06\\\/4d6e4d6ae9bc91fc553aca0e4daf60fb_S-1.jpg\",\"width\":280,\"height\":169},{\"@type\":\"BreadcrumbList\",\"@id\":\"https:\\\/\\\/www.info-algerie.com\\\/actualites\\\/lancement-immediat-des-travaux-de-realisation-detablissements-scolaires-en-prevision-de-la-prochaine-rentree-premier-ministre\\\/#breadcrumb\",\"itemListElement\":[{\"@type\":\"ListItem\",\"position\":1,\"name\":\"Accueil\",\"item\":\"https:\\\/\\\/www.info-algerie.com\\\/actualites\\\/\"},{\"@type\":\"ListItem\",\"position\":2,\"name\":\"Lancement imm\u00e9diat des travaux de r\u00e9alisation d&#039;\u00e9tablissements scolaires en pr\u00e9vision de la prochaine rentr\u00e9e (Premier ministre)\"}]},{\"@type\":\"WebSite\",\"@id\":\"https:\\\/\\\/www.info-algerie.com\\\/actualites\\\/#website\",\"url\":\"https:\\\/\\\/www.info-algerie.com\\\/actualites\\\/\",\"name\":\"info algerie\",\"description\":\"Toutes les actualit\u00e9s\",\"publisher\":{\"@id\":\"https:\\\/\\\/www.info-algerie.com\\\/actualites\\\/#organization\"},\"potentialAction\":[{\"@type\":\"SearchAction\",\"target\":{\"@type\":\"EntryPoint\",\"urlTemplate\":\"https:\\\/\\\/www.info-algerie.com\\\/actualites\\\/?s={search_term_string}\"},\"query-input\":{\"@type\":\"PropertyValueSpecification\",\"valueRequired\":true,\"valueName\":\"search_term_string\"}}],\"inLanguage\":\"fr-FR\"},{\"@type\":\"Organization\",\"@id\":\"https:\\\/\\\/www.info-algerie.com\\\/actualites\\\/#organization\",\"name\":\"info algerie\",\"url\":\"https:\\\/\\\/www.info-algerie.com\\\/actualites\\\/\",\"logo\":{\"@type\":\"ImageObject\",\"inLanguage\":\"fr-FR\",\"@id\":\"https:\\\/\\\/www.info-algerie.com\\\/actualites\\\/#\\\/schema\\\/logo\\\/image\\\/\",\"url\":\"https:\\\/\\\/www.info-algerie.com\\\/actualites\\\/wp-content\\\/uploads\\\/2022\\\/07\\\/logo-ia-120.png\",\"contentUrl\":\"https:\\\/\\\/www.info-algerie.com\\\/actualites\\\/wp-content\\\/uploads\\\/2022\\\/07\\\/logo-ia-120.png\",\"width\":120,\"height\":43,\"caption\":\"info algerie\"},\"image\":{\"@id\":\"https:\\\/\\\/www.info-algerie.com\\\/actualites\\\/#\\\/schema\\\/logo\\\/image\\\/\"},\"sameAs\":[\"https:\\\/\\\/www.facebook.com\\\/infoalgerieactu\",\"https:\\\/\\\/x.com\\\/infoalgerie1\"]},{\"@type\":\"Person\",\"@id\":\"https:\\\/\\\/www.info-algerie.com\\\/actualites\\\/#\\\/schema\\\/person\\\/847aaec44920825b843a08f30ec6aa1e\",\"name\":\"La r\u00e9daction\",\"image\":{\"@type\":\"ImageObject\",\"inLanguage\":\"fr-FR\",\"@id\":\"https:\\\/\\\/secure.gravatar.com\\\/avatar\\\/769db425c6f465158149f1ffd6cf61ce7a8a879d11dfbef8288af36dfddd418c?s=96&d=mm&r=g\",\"url\":\"https:\\\/\\\/secure.gravatar.com\\\/avatar\\\/769db425c6f465158149f1ffd6cf61ce7a8a879d11dfbef8288af36dfddd418c?s=96&d=mm&r=g\",\"contentUrl\":\"https:\\\/\\\/secure.gravatar.com\\\/avatar\\\/769db425c6f465158149f1ffd6cf61ce7a8a879d11dfbef8288af36dfddd418c?s=96&d=mm&r=g\",\"caption\":\"La r\u00e9daction\"},\"sameAs\":[\"http:\\\/\\\/www.lkeria.com\\\/\"],\"url\":\"https:\\\/\\\/www.info-algerie.com\\\/actualites\\\/author\\\/chakib32\\\/\"}]}<\/script>\n<!-- \/ Yoast SEO plugin. -->","yoast_head_json":{"title":"Lancement imm\u00e9diat des travaux de r\u00e9alisation d&#039;\u00e9tablissements scolaires en pr\u00e9vision de la prochaine rentr\u00e9e (Premier ministre) - info algerie","robots":{"index":"index","follow":"follow","max-snippet":"max-snippet:-1","max-image-preview":"max-image-preview:large","max-video-preview":"max-video-preview:-1"},"canonical":"https:\/\/www.info-algerie.com\/actualites\/lancement-immediat-des-travaux-de-realisation-detablissements-scolaires-en-prevision-de-la-prochaine-rentree-premier-ministre\/","og_locale":"fr_FR","og_type":"article","og_title":"Lancement imm\u00e9diat des travaux de r\u00e9alisation d&#039;\u00e9tablissements scolaires en pr\u00e9vision de la prochaine rentr\u00e9e (Premier ministre) - info algerie","og_description":"ALGER &#8211; Le Premier ministre, Abdelmadjid Tebboune, a fait \u00e9tat vendredi soir de la d\u00e9cision de lancer rapidement les travaux de r\u00e9alisation d&rsquo;\u00e9tablissements scolaires de diff\u00e9rents cycles en pr\u00e9vision de la rentr\u00e9e 2017-2018. &#013; &#013; En r\u00e9ponse aux interventions des membres de l&rsquo;Assembl\u00e9e populaire nationale (APN) lors de la s\u00e9ance consacr\u00e9e au vote du plan","og_url":"https:\/\/www.info-algerie.com\/actualites\/lancement-immediat-des-travaux-de-realisation-detablissements-scolaires-en-prevision-de-la-prochaine-rentree-premier-ministre\/","og_site_name":"info algerie","article_publisher":"https:\/\/www.facebook.com\/infoalgerieactu","article_published_time":"2017-06-24T16:10:35+00:00","og_image":[{"width":280,"height":169,"url":"https:\/\/www.info-algerie.com\/actualites\/wp-content\/uploads\/2017\/06\/4d6e4d6ae9bc91fc553aca0e4daf60fb_S-1.jpg","type":"image\/jpeg"}],"author":"La r\u00e9daction","twitter_misc":{"\u00c9crit par":"La r\u00e9daction","Dur\u00e9e de lecture estim\u00e9e":"2 minutes"},"schema":{"@context":"https:\/\/schema.org","@graph":[{"@type":"Article","@id":"https:\/\/www.info-algerie.com\/actualites\/lancement-immediat-des-travaux-de-realisation-detablissements-scolaires-en-prevision-de-la-prochaine-rentree-premier-ministre\/#article","isPartOf":{"@id":"https:\/\/www.info-algerie.com\/actualites\/lancement-immediat-des-travaux-de-realisation-detablissements-scolaires-en-prevision-de-la-prochaine-rentree-premier-ministre\/"},"author":{"name":"La r\u00e9daction","@id":"https:\/\/www.info-algerie.com\/actualites\/#\/schema\/person\/847aaec44920825b843a08f30ec6aa1e"},"headline":"Lancement imm\u00e9diat des travaux de r\u00e9alisation d&#039;\u00e9tablissements scolaires en pr\u00e9vision de la prochaine rentr\u00e9e (Premier ministre)","datePublished":"2017-06-24T16:10:35+00:00","mainEntityOfPage":{"@id":"https:\/\/www.info-algerie.com\/actualites\/lancement-immediat-des-travaux-de-realisation-detablissements-scolaires-en-prevision-de-la-prochaine-rentree-premier-ministre\/"},"wordCount":373,"commentCount":0,"publisher":{"@id":"https:\/\/www.info-algerie.com\/actualites\/#organization"},"image":{"@id":"https:\/\/www.info-algerie.com\/actualites\/lancement-immediat-des-travaux-de-realisation-detablissements-scolaires-en-prevision-de-la-prochaine-rentree-premier-ministre\/#primaryimage"},"thumbnailUrl":"https:\/\/www.info-algerie.com\/actualites\/wp-content\/uploads\/2017\/06\/4d6e4d6ae9bc91fc553aca0e4daf60fb_S-1.jpg","keywords":["ONU"],"articleSection":["infos"],"inLanguage":"fr-FR","potentialAction":[{"@type":"CommentAction","name":"Comment","target":["https:\/\/www.info-algerie.com\/actualites\/lancement-immediat-des-travaux-de-realisation-detablissements-scolaires-en-prevision-de-la-prochaine-rentree-premier-ministre\/#respond"]}]},{"@type":"WebPage","@id":"https:\/\/www.info-algerie.com\/actualites\/lancement-immediat-des-travaux-de-realisation-detablissements-scolaires-en-prevision-de-la-prochaine-rentree-premier-ministre\/","url":"https:\/\/www.info-algerie.com\/actualites\/lancement-immediat-des-travaux-de-realisation-detablissements-scolaires-en-prevision-de-la-prochaine-rentree-premier-ministre\/","name":"Lancement imm\u00e9diat des travaux de r\u00e9alisation d&#039;\u00e9tablissements scolaires en pr\u00e9vision de la prochaine rentr\u00e9e (Premier ministre) - info algerie","isPartOf":{"@id":"https:\/\/www.info-algerie.com\/actualites\/#website"},"primaryImageOfPage":{"@id":"https:\/\/www.info-algerie.com\/actualites\/lancement-immediat-des-travaux-de-realisation-detablissements-scolaires-en-prevision-de-la-prochaine-rentree-premier-ministre\/#primaryimage"},"image":{"@id":"https:\/\/www.info-algerie.com\/actualites\/lancement-immediat-des-travaux-de-realisation-detablissements-scolaires-en-prevision-de-la-prochaine-rentree-premier-ministre\/#primaryimage"},"thumbnailUrl":"https:\/\/www.info-algerie.com\/actualites\/wp-content\/uploads\/2017\/06\/4d6e4d6ae9bc91fc553aca0e4daf60fb_S-1.jpg","datePublished":"2017-06-24T16:10:35+00:00","breadcrumb":{"@id":"https:\/\/www.info-algerie.com\/actualites\/lancement-immediat-des-travaux-de-realisation-detablissements-scolaires-en-prevision-de-la-prochaine-rentree-premier-ministre\/#breadcrumb"},"inLanguage":"fr-FR","potentialAction":[{"@type":"ReadAction","target":["https:\/\/www.info-algerie.com\/actualites\/lancement-immediat-des-travaux-de-realisation-detablissements-scolaires-en-prevision-de-la-prochaine-rentree-premier-ministre\/"]}]},{"@type":"ImageObject","inLanguage":"fr-FR","@id":"https:\/\/www.info-algerie.com\/actualites\/lancement-immediat-des-travaux-de-realisation-detablissements-scolaires-en-prevision-de-la-prochaine-rentree-premier-ministre\/#primaryimage","url":"https:\/\/www.info-algerie.com\/actualites\/wp-content\/uploads\/2017\/06\/4d6e4d6ae9bc91fc553aca0e4daf60fb_S-1.jpg","contentUrl":"https:\/\/www.info-algerie.com\/actualites\/wp-content\/uploads\/2017\/06\/4d6e4d6ae9bc91fc553aca0e4daf60fb_S-1.jpg","width":280,"height":169},{"@type":"BreadcrumbList","@id":"https:\/\/www.info-algerie.com\/actualites\/lancement-immediat-des-travaux-de-realisation-detablissements-scolaires-en-prevision-de-la-prochaine-rentree-premier-ministre\/#breadcrumb","itemListElement":[{"@type":"ListItem","position":1,"name":"Accueil","item":"https:\/\/www.info-algerie.com\/actualites\/"},{"@type":"ListItem","position":2,"name":"Lancement imm\u00e9diat des travaux de r\u00e9alisation d&#039;\u00e9tablissements scolaires en pr\u00e9vision de la prochaine rentr\u00e9e (Premier ministre)"}]},{"@type":"WebSite","@id":"https:\/\/www.info-algerie.com\/actualites\/#website","url":"https:\/\/www.info-algerie.com\/actualites\/","name":"info algerie","description":"Toutes les actualit\u00e9s","publisher":{"@id":"https:\/\/www.info-algerie.com\/actualites\/#organization"},"potentialAction":[{"@type":"SearchAction","target":{"@type":"EntryPoint","urlTemplate":"https:\/\/www.info-algerie.com\/actualites\/?s={search_term_string}"},"query-input":{"@type":"PropertyValueSpecification","valueRequired":true,"valueName":"search_term_string"}}],"inLanguage":"fr-FR"},{"@type":"Organization","@id":"https:\/\/www.info-algerie.com\/actualites\/#organization","name":"info algerie","url":"https:\/\/www.info-algerie.com\/actualites\/","logo":{"@type":"ImageObject","inLanguage":"fr-FR","@id":"https:\/\/www.info-algerie.com\/actualites\/#\/schema\/logo\/image\/","url":"https:\/\/www.info-algerie.com\/actualites\/wp-content\/uploads\/2022\/07\/logo-ia-120.png","contentUrl":"https:\/\/www.info-algerie.com\/actualites\/wp-content\/uploads\/2022\/07\/logo-ia-120.png","width":120,"height":43,"caption":"info algerie"},"image":{"@id":"https:\/\/www.info-algerie.com\/actualites\/#\/schema\/logo\/image\/"},"sameAs":["https:\/\/www.facebook.com\/infoalgerieactu","https:\/\/x.com\/infoalgerie1"]},{"@type":"Person","@id":"https:\/\/www.info-algerie.com\/actualites\/#\/schema\/person\/847aaec44920825b843a08f30ec6aa1e","name":"La r\u00e9daction","image":{"@type":"ImageObject","inLanguage":"fr-FR","@id":"https:\/\/secure.gravatar.com\/avatar\/769db425c6f465158149f1ffd6cf61ce7a8a879d11dfbef8288af36dfddd418c?s=96&d=mm&r=g","url":"https:\/\/secure.gravatar.com\/avatar\/769db425c6f465158149f1ffd6cf61ce7a8a879d11dfbef8288af36dfddd418c?s=96&d=mm&r=g","contentUrl":"https:\/\/secure.gravatar.com\/avatar\/769db425c6f465158149f1ffd6cf61ce7a8a879d11dfbef8288af36dfddd418c?s=96&d=mm&r=g","caption":"La r\u00e9daction"},"sameAs":["http:\/\/www.lkeria.com\/"],"url":"https:\/\/www.info-algerie.com\/actualites\/author\/chakib32\/"}]}},"_links":{"self":[{"href":"https:\/\/www.info-algerie.com\/actualites\/wp-json\/wp\/v2\/posts\/13541","targetHints":{"allow":["GET"]}}],"collection":[{"href":"https:\/\/www.info-algerie.com\/actualites\/wp-json\/wp\/v2\/posts"}],"about":[{"href":"https:\/\/www.info-algerie.com\/actualites\/wp-json\/wp\/v2\/types\/post"}],"author":[{"embeddable":true,"href":"https:\/\/www.info-algerie.com\/actualites\/wp-json\/wp\/v2\/users\/6"}],"replies":[{"embeddable":true,"href":"https:\/\/www.info-algerie.com\/actualites\/wp-json\/wp\/v2\/comments?post=13541"}],"version-history":[{"count":0,"href":"https:\/\/www.info-algerie.com\/actualites\/wp-json\/wp\/v2\/posts\/13541\/revisions"}],"wp:featuredmedia":[{"embeddable":true,"href":"https:\/\/www.info-algerie.com\/actualites\/wp-json\/wp\/v2\/media\/13542"}],"wp:attachment":[{"href":"https:\/\/www.info-algerie.com\/actualites\/wp-json\/wp\/v2\/media?parent=13541"}],"wp:term":[{"taxonomy":"category","embeddable":true,"href":"https:\/\/www.info-algerie.com\/actualites\/wp-json\/wp\/v2\/categories?post=13541"},{"taxonomy":"post_tag","embeddable":true,"href":"https:\/\/www.info-algerie.com\/actualites\/wp-json\/wp\/v2\/tags?post=13541"}],"curies":[{"name":"wp","href":"https:\/\/api.w.org\/{rel}","templated":true}]}}