{"id":13569,"date":"2017-06-27T14:21:16","date_gmt":"2017-06-27T13:21:16","guid":{"rendered":"http:\/\/www.info-algerie.com\/actualites\/conseil-de-la-nation-tebboune-presente-mercredi-le-plan-daction-du-gouvernement\/"},"modified":"2017-06-27T14:21:16","modified_gmt":"2017-06-27T13:21:16","slug":"conseil-de-la-nation-tebboune-presente-mercredi-le-plan-daction-du-gouvernement","status":"publish","type":"post","link":"https:\/\/www.info-algerie.com\/actualites\/conseil-de-la-nation-tebboune-presente-mercredi-le-plan-daction-du-gouvernement\/","title":{"rendered":"Conseil de la Nation: Tebboune pr\u00e9sente mercredi le plan d&#039;action du gouvernement"},"content":{"rendered":"<div class=\"K2FeedImage\"><img decoding=\"async\" src=\"https:\/\/www.info-algerie.com\/actualites\/wp-content\/uploads\/2017\/06\/619feb93c20b1a0234ab7835d65f1694_S.jpg\" alt=\"Conseil de la Nation: Tebboune pr&#xE9;sente mercredi le plan d'action du gouvernement\" \/><\/div>\n<div class=\"K2FeedIntroText\">\n<p>ALGER &#8211; Le Premier ministre, Abdelmadjid Tebboune, pr\u00e9sente mercredi au Conseil de la Nation une communication sur le Plan d&rsquo;action de son gouvernement, <a href=\"http:\/\/www.aps.dz\/algerie\/59361-l-assemblee-populaire-nationale-adopte-a-la-majorite-le-plan-d-action-du-gouvernement\"><strong>adopt\u00e9 vendredi dernier<\/strong> <\/a>par l&rsquo;Assembl\u00e9e populaire nationale (APN), et qui vise \u00e0 mettre en oeuvre le nouveau mod\u00e8le\u00a0 de croissance \u00e9conomique, tout en pr\u00e9servant les acquis sociaux.<\/p>\n<p>&#013;\n<\/p><\/div>\n<div class=\"K2FeedFullText\">&#013;<\/p>\n<p>La principale pr\u00e9occupation du gouvernement est de \u00ab\u00a0trouver des solutions permettant de pr\u00e9server les \u00e9quilibres financiers majeurs pour \u00e9viter le <a href=\"http:\/\/www.aps.dz\/economie\/59273-plan-d-action-du-gouvernement-les-deputes-de-l-apn-saluent-le-non-recours-a-l-endettement-exterieur-en-depit-des-difficultes-financieres\"><strong>recours \u00e0 l&rsquo;endettement ext\u00e9rieur,<\/strong><\/a> renforcer la coh\u00e9sion sociale et pr\u00e9server la s\u00e9curit\u00e9 et la stabilit\u00e9\u00a0\u00bb du pays, a soulign\u00e9 le Premier ministre vendredi soir devant les d\u00e9put\u00e9s.<\/p>\n<p>&#013;<\/p>\n<p>L&rsquo;objectif est d&rsquo;assurer \u00ab\u00a0une transition souple vers un syst\u00e8me \u00e9conomique moderne qui se lib\u00e8re progressivement de la d\u00e9pendance aux hydrocarbures\u00a0\u00bb,\u00a0 a-t-il expliqu\u00e9.<\/p>\n<p>&#013;<\/p>\n<p>Le Plan d&rsquo;action du gouvernement pour la mise en oeuvre du programme du pr\u00e9sident de la R\u00e9publique s&rsquo;articule autour du renforcement de l&rsquo;<a href=\"http:\/\/www.aps.dz\/algerie\/59057-consolidation-de-l-etat-de-droit-avec-l-ensemble-des-acteurs-politiques-et-institutions-concernees\"><strong>Etat de droit<\/strong><\/a>, la modernisation des finances publiques et du syst\u00e8me bancaire, l&rsquo;assainissement de la sph\u00e8re \u00e9conomique, la promotion de l&rsquo;investissement\u00a0 et la valorisation des richesses du pays.<\/p>\n<p>&#013;<\/p>\n<p>Concr\u00e8tement, le gouvernement pr\u00e9voit de soumettre au Parlement des projets de loi d\u00e9coulant de la derni\u00e8re r\u00e9vision constitutionnelle visant \u00e0 renforcer l&rsquo;\u00e9difice institutionnel. Il s&rsquo;agit fondamentalement d&rsquo;un \u00ab\u00a0approfondissement\u00a0\u00bb de la r\u00e9forme de la justice dans le sens d&rsquo;une\u00a0 protection accrue des droits et libert\u00e9s des citoyens.<\/p>\n<p>&#013;<\/p>\n<p class=\"MsoNoSpacing\">Au titre de la bonne gouvernance, l&rsquo;Ex\u00e9cutif oeuvrera, notamment, \u00e0\u00a0 renforcer la moralisation de la vie publique, \u00e0 \u00e9liminer les situations de\u00a0 conflit d&rsquo;int\u00e9r\u00eat et d&rsquo;incompatibilit\u00e9 dans l&rsquo;exercice des mandats et fonctions, \u00e0 prot\u00e9ger les biens publics, \u00e0 renforcer la lutte contre la corruption et \u00e0 prendre toutes les mesures visant \u00e0 lutter contre le gaspillage.<\/p>\n<p>&#013;<\/p>\n<p>M. Tebboune a annonc\u00e9, dans ce cadre, la cr\u00e9ation, au niveau du Premier minist\u00e8re, d&rsquo;une inspection g\u00e9n\u00e9rale ayant pour mission de contr\u00f4ler les finances publiques et conf\u00e9rer davantage de transparence au financement et \u00e0 la r\u00e9alisation des projets publics.<\/p>\n<p>&#013;<\/p>\n<p>En mati\u00e8re de d\u00e9veloppement humain, la Plan d&rsquo;action indique que les efforts seront orient\u00e9s dans le sens de l&rsquo;ach\u00e8vement, \u00e0 la fin 2019, des 1.600.000 logements publics en cours de r\u00e9alisation, le logement demeurant une \u00ab\u00a0priorit\u00e9 nationale\u00a0\u00bb.<\/p>\n<p>&#013;<\/p>\n<p>Dans le m\u00eame registre, l&rsquo;acc\u00e8s aux \u00e9nergies et \u00e0 l&rsquo;eau, l&rsquo;am\u00e9lioration du syst\u00e8me national d&rsquo;enseignement et de formation et la modernisation du syst\u00e8me national de sant\u00e9, figurent parmi les priorit\u00e9s du gouvernement.<\/p>\n<p>&#013;<\/p>\n<p>Le Plan d&rsquo;action met \u00e9galement l&rsquo;accent sur la pr\u00e9servation du syst\u00e8me national de s\u00e9curit\u00e9 sociale et de retraite, la promotion de l&#8217;emploi et le renforcement des m\u00e9canismes de solidarit\u00e9 nationale.<\/p>\n<p>&#013;<\/p>\n<p>Dans cet ordre d&rsquo;id\u00e9es, une r\u00e9flexion sera engag\u00e9e en vue d&rsquo;un meilleur ciblage, \u00e0 travers des \u00ab\u00a0statistiques fiables\u00a0\u00bb, des cat\u00e9gories sociales ouvrant droit aux subventions de l&rsquo;Etat.<\/p>\n<p>&#013;<\/p>\n<p>Dans le domaine financier et \u00e9conomique, le gouvernement pr\u00e9voit de transformer le r\u00e9gime de croissance en l&rsquo;orientant vers le d\u00e9veloppement des secteurs productifs de richesse et de valeur ajout\u00e9e et d&#8217;emploi en optant, notamment, pour une d\u00e9marche budg\u00e9taire r\u00e9nov\u00e9e, une\u00a0 rationalisation des d\u00e9penses publiques, une r\u00e9forme du syst\u00e8me fiscal, un renforcement du r\u00f4le \u00e9conomique des collectivit\u00e9s locales, une am\u00e9lioration du climat des affaires et un encouragement de l&rsquo;investissement.<\/p>\n<p>&#013;<\/p>\n<p>Concernant le volet fiscal, le gouvernement entend \u00e9largir le recouvrement de la fiscalit\u00e9 ordinaire, pour compenser la fiscalit\u00e9 p\u00e9troli\u00e8re en recul \u00e0 cause de la baisse des cours de l&rsquo;or noir, augmenter les taxes sur les produits de luxe et l&rsquo;imp\u00f4t sur la fortune et exon\u00e9rer davantage les citoyens \u00e0 faibles revenus des charges fiscales en vue de pr\u00e9server leur pouvoir d&rsquo;achat.<\/p>\n<p>&#013;<\/p>\n<p>Pour le commerce ext\u00e9rieur, M. Tebboune a indiqu\u00e9 que le gouvernement poursuivra ses efforts pour limiter les importations et pr\u00e9server ainsi les r\u00e9serves de change du pays estim\u00e9es actuellement \u00e0 quelque 114 milliards de dollars. Dans le m\u00eame temps il veillera, a-t-il dit, \u00e0 \u00e9viter une p\u00e9nurie ou une rupture d&rsquo;approvisionnement du march\u00e9, l&rsquo;objectif \u00e9tant, a-t-il ajout\u00e9, de prot\u00e9ger la production nationale.<\/p>\n<p>&#013;<\/p>\n<p>Il a pr\u00e9cis\u00e9, \u00e0 cet \u00e9gard, que le gouvernement oevrera, \u00e0 la faveur de la politique de r\u00e9duction des importations des produits de luxe et la lutte contre la surfacturation, \u00e0 r\u00e9duire le d\u00e9ficit de la balance commerciale de 16 milliards de dollars en 2016 \u00e0 moins de 10 milliards de dollars \u00e0 la fin de l&rsquo;ann\u00e9e cours.<\/p>\n<p>&#013;<\/p>\n<p>Les d\u00e9put\u00e9s de l&rsquo;APN ont adopt\u00e9 le 23 juin \u00e0 la majorit\u00e9 (402 d\u00e9put\u00e9s sur 462) le plan d&rsquo;action du gouvernement, pr\u00e9sent\u00e9 le 21 du m\u00eame mois par le Premier ministre, conform\u00e9ment \u00e0 l&rsquo;article 94 de la Constitution.<\/p>\n<p>&#013;<\/p>\n<p>\u00a0<\/p>\n<p>&#013;<\/p>\n<p><a href=\"http:\/\/www.aps.dz\/algerie\/58116-le-president-bouteflika-nomme-abdelmadjid-tebboune-premier-ministre\"><strong>M. Tebboune a \u00e9t\u00e9 nomm\u00e9 le 24 mai dernier<\/strong><\/a> par le pr\u00e9sident de la R\u00e9publique, Abdelaziz Bouteflika, au poste de Premier ministre, en remplacement de M. Abdelmalek Sellal.<\/p>\n<\/div>\n<p>&#013;<br \/>\nSource: <a href=\"http:\/\/www.aps.dz\/algerie\/59459-conseil-de-la-nation-tebboune-presente-mercredi-le-plan-d-action-du-gouvernement\" target=\"_blank\">Conseil de la Nation: Tebboune pr\u00e9sente mercredi le plan d&rsquo;action du gouvernement<\/a><\/p>\n<!--CusAds0-->\n<div style=\"font-size: 0px; height: 0px; line-height: 0px; margin: 0; padding: 0; clear: both;\"><\/div>","protected":false},"excerpt":{"rendered":"<p>ALGER &#8211; Le Premier ministre, Abdelmadjid Tebboune, pr\u00e9sente mercredi au Conseil de la Nation une communication sur le Plan d&rsquo;action de son gouvernement, adopt\u00e9 vendredi dernier par l&rsquo;Assembl\u00e9e populaire nationale (APN), et qui vise \u00e0 mettre en oeuvre le nouveau mod\u00e8le\u00a0 de croissance \u00e9conomique, tout en pr\u00e9servant les acquis sociaux. &#013; &#013; La principale pr\u00e9occupation<\/p>\n","protected":false},"author":6,"featured_media":13570,"comment_status":"open","ping_status":"open","sticky":false,"template":"","format":"standard","meta":{"footnotes":""},"categories":[22],"tags":[93],"class_list":["post-13569","post","type-post","status-publish","format-standard","has-post-thumbnail","hentry","category-infos","tag-onu"],"yoast_head":"<!-- This site is optimized with the Yoast SEO plugin v27.5 - https:\/\/yoast.com\/product\/yoast-seo-wordpress\/ -->\n<title>Conseil de la Nation: Tebboune pr\u00e9sente mercredi le plan d&#039;action du gouvernement - info algerie<\/title>\n<meta name=\"robots\" content=\"index, follow, max-snippet:-1, max-image-preview:large, max-video-preview:-1\" \/>\n<link rel=\"canonical\" href=\"https:\/\/www.info-algerie.com\/actualites\/conseil-de-la-nation-tebboune-presente-mercredi-le-plan-daction-du-gouvernement\/\" \/>\n<meta property=\"og:locale\" content=\"fr_FR\" \/>\n<meta property=\"og:type\" content=\"article\" \/>\n<meta property=\"og:title\" content=\"Conseil de la Nation: Tebboune pr\u00e9sente mercredi le plan d&#039;action du gouvernement - info algerie\" \/>\n<meta property=\"og:description\" content=\"ALGER &#8211; Le Premier ministre, Abdelmadjid Tebboune, pr\u00e9sente mercredi au Conseil de la Nation une communication sur le Plan d&rsquo;action de son gouvernement, adopt\u00e9 vendredi dernier par l&rsquo;Assembl\u00e9e populaire nationale (APN), et qui vise \u00e0 mettre en oeuvre le nouveau mod\u00e8le\u00a0 de croissance \u00e9conomique, tout en pr\u00e9servant les acquis sociaux. &#013; &#013; La principale pr\u00e9occupation\" \/>\n<meta property=\"og:url\" content=\"https:\/\/www.info-algerie.com\/actualites\/conseil-de-la-nation-tebboune-presente-mercredi-le-plan-daction-du-gouvernement\/\" \/>\n<meta property=\"og:site_name\" content=\"info algerie\" \/>\n<meta property=\"article:publisher\" content=\"https:\/\/www.facebook.com\/infoalgerieactu\" \/>\n<meta property=\"article:published_time\" content=\"2017-06-27T13:21:16+00:00\" \/>\n<meta property=\"og:image\" content=\"https:\/\/www.info-algerie.com\/actualites\/wp-content\/uploads\/2017\/06\/619feb93c20b1a0234ab7835d65f1694_S-1.jpg\" \/>\n\t<meta property=\"og:image:width\" content=\"280\" \/>\n\t<meta property=\"og:image:height\" content=\"194\" \/>\n\t<meta property=\"og:image:type\" content=\"image\/jpeg\" \/>\n<meta name=\"author\" content=\"La r\u00e9daction\" \/>\n<meta name=\"twitter:label1\" content=\"\u00c9crit par\" \/>\n\t<meta name=\"twitter:data1\" content=\"La r\u00e9daction\" \/>\n\t<meta name=\"twitter:label2\" content=\"Dur\u00e9e de lecture estim\u00e9e\" \/>\n\t<meta name=\"twitter:data2\" content=\"4 minutes\" \/>\n<script type=\"application\/ld+json\" class=\"yoast-schema-graph\">{\"@context\":\"https:\\\/\\\/schema.org\",\"@graph\":[{\"@type\":\"Article\",\"@id\":\"https:\\\/\\\/www.info-algerie.com\\\/actualites\\\/conseil-de-la-nation-tebboune-presente-mercredi-le-plan-daction-du-gouvernement\\\/#article\",\"isPartOf\":{\"@id\":\"https:\\\/\\\/www.info-algerie.com\\\/actualites\\\/conseil-de-la-nation-tebboune-presente-mercredi-le-plan-daction-du-gouvernement\\\/\"},\"author\":{\"name\":\"La r\u00e9daction\",\"@id\":\"https:\\\/\\\/www.info-algerie.com\\\/actualites\\\/#\\\/schema\\\/person\\\/847aaec44920825b843a08f30ec6aa1e\"},\"headline\":\"Conseil de la Nation: Tebboune pr\u00e9sente mercredi le plan d&#039;action du gouvernement\",\"datePublished\":\"2017-06-27T13:21:16+00:00\",\"mainEntityOfPage\":{\"@id\":\"https:\\\/\\\/www.info-algerie.com\\\/actualites\\\/conseil-de-la-nation-tebboune-presente-mercredi-le-plan-daction-du-gouvernement\\\/\"},\"wordCount\":884,\"commentCount\":0,\"publisher\":{\"@id\":\"https:\\\/\\\/www.info-algerie.com\\\/actualites\\\/#organization\"},\"image\":{\"@id\":\"https:\\\/\\\/www.info-algerie.com\\\/actualites\\\/conseil-de-la-nation-tebboune-presente-mercredi-le-plan-daction-du-gouvernement\\\/#primaryimage\"},\"thumbnailUrl\":\"https:\\\/\\\/www.info-algerie.com\\\/actualites\\\/wp-content\\\/uploads\\\/2017\\\/06\\\/619feb93c20b1a0234ab7835d65f1694_S-1.jpg\",\"keywords\":[\"ONU\"],\"articleSection\":[\"infos\"],\"inLanguage\":\"fr-FR\",\"potentialAction\":[{\"@type\":\"CommentAction\",\"name\":\"Comment\",\"target\":[\"https:\\\/\\\/www.info-algerie.com\\\/actualites\\\/conseil-de-la-nation-tebboune-presente-mercredi-le-plan-daction-du-gouvernement\\\/#respond\"]}]},{\"@type\":\"WebPage\",\"@id\":\"https:\\\/\\\/www.info-algerie.com\\\/actualites\\\/conseil-de-la-nation-tebboune-presente-mercredi-le-plan-daction-du-gouvernement\\\/\",\"url\":\"https:\\\/\\\/www.info-algerie.com\\\/actualites\\\/conseil-de-la-nation-tebboune-presente-mercredi-le-plan-daction-du-gouvernement\\\/\",\"name\":\"Conseil de la Nation: Tebboune pr\u00e9sente mercredi le plan d&#039;action du gouvernement - info algerie\",\"isPartOf\":{\"@id\":\"https:\\\/\\\/www.info-algerie.com\\\/actualites\\\/#website\"},\"primaryImageOfPage\":{\"@id\":\"https:\\\/\\\/www.info-algerie.com\\\/actualites\\\/conseil-de-la-nation-tebboune-presente-mercredi-le-plan-daction-du-gouvernement\\\/#primaryimage\"},\"image\":{\"@id\":\"https:\\\/\\\/www.info-algerie.com\\\/actualites\\\/conseil-de-la-nation-tebboune-presente-mercredi-le-plan-daction-du-gouvernement\\\/#primaryimage\"},\"thumbnailUrl\":\"https:\\\/\\\/www.info-algerie.com\\\/actualites\\\/wp-content\\\/uploads\\\/2017\\\/06\\\/619feb93c20b1a0234ab7835d65f1694_S-1.jpg\",\"datePublished\":\"2017-06-27T13:21:16+00:00\",\"breadcrumb\":{\"@id\":\"https:\\\/\\\/www.info-algerie.com\\\/actualites\\\/conseil-de-la-nation-tebboune-presente-mercredi-le-plan-daction-du-gouvernement\\\/#breadcrumb\"},\"inLanguage\":\"fr-FR\",\"potentialAction\":[{\"@type\":\"ReadAction\",\"target\":[\"https:\\\/\\\/www.info-algerie.com\\\/actualites\\\/conseil-de-la-nation-tebboune-presente-mercredi-le-plan-daction-du-gouvernement\\\/\"]}]},{\"@type\":\"ImageObject\",\"inLanguage\":\"fr-FR\",\"@id\":\"https:\\\/\\\/www.info-algerie.com\\\/actualites\\\/conseil-de-la-nation-tebboune-presente-mercredi-le-plan-daction-du-gouvernement\\\/#primaryimage\",\"url\":\"https:\\\/\\\/www.info-algerie.com\\\/actualites\\\/wp-content\\\/uploads\\\/2017\\\/06\\\/619feb93c20b1a0234ab7835d65f1694_S-1.jpg\",\"contentUrl\":\"https:\\\/\\\/www.info-algerie.com\\\/actualites\\\/wp-content\\\/uploads\\\/2017\\\/06\\\/619feb93c20b1a0234ab7835d65f1694_S-1.jpg\",\"width\":280,\"height\":194},{\"@type\":\"BreadcrumbList\",\"@id\":\"https:\\\/\\\/www.info-algerie.com\\\/actualites\\\/conseil-de-la-nation-tebboune-presente-mercredi-le-plan-daction-du-gouvernement\\\/#breadcrumb\",\"itemListElement\":[{\"@type\":\"ListItem\",\"position\":1,\"name\":\"Accueil\",\"item\":\"https:\\\/\\\/www.info-algerie.com\\\/actualites\\\/\"},{\"@type\":\"ListItem\",\"position\":2,\"name\":\"Conseil de la Nation: Tebboune pr\u00e9sente mercredi le plan d&#039;action du gouvernement\"}]},{\"@type\":\"WebSite\",\"@id\":\"https:\\\/\\\/www.info-algerie.com\\\/actualites\\\/#website\",\"url\":\"https:\\\/\\\/www.info-algerie.com\\\/actualites\\\/\",\"name\":\"info algerie\",\"description\":\"Toutes les actualit\u00e9s\",\"publisher\":{\"@id\":\"https:\\\/\\\/www.info-algerie.com\\\/actualites\\\/#organization\"},\"potentialAction\":[{\"@type\":\"SearchAction\",\"target\":{\"@type\":\"EntryPoint\",\"urlTemplate\":\"https:\\\/\\\/www.info-algerie.com\\\/actualites\\\/?s={search_term_string}\"},\"query-input\":{\"@type\":\"PropertyValueSpecification\",\"valueRequired\":true,\"valueName\":\"search_term_string\"}}],\"inLanguage\":\"fr-FR\"},{\"@type\":\"Organization\",\"@id\":\"https:\\\/\\\/www.info-algerie.com\\\/actualites\\\/#organization\",\"name\":\"info algerie\",\"url\":\"https:\\\/\\\/www.info-algerie.com\\\/actualites\\\/\",\"logo\":{\"@type\":\"ImageObject\",\"inLanguage\":\"fr-FR\",\"@id\":\"https:\\\/\\\/www.info-algerie.com\\\/actualites\\\/#\\\/schema\\\/logo\\\/image\\\/\",\"url\":\"https:\\\/\\\/www.info-algerie.com\\\/actualites\\\/wp-content\\\/uploads\\\/2022\\\/07\\\/logo-ia-120.png\",\"contentUrl\":\"https:\\\/\\\/www.info-algerie.com\\\/actualites\\\/wp-content\\\/uploads\\\/2022\\\/07\\\/logo-ia-120.png\",\"width\":120,\"height\":43,\"caption\":\"info algerie\"},\"image\":{\"@id\":\"https:\\\/\\\/www.info-algerie.com\\\/actualites\\\/#\\\/schema\\\/logo\\\/image\\\/\"},\"sameAs\":[\"https:\\\/\\\/www.facebook.com\\\/infoalgerieactu\",\"https:\\\/\\\/x.com\\\/infoalgerie1\"]},{\"@type\":\"Person\",\"@id\":\"https:\\\/\\\/www.info-algerie.com\\\/actualites\\\/#\\\/schema\\\/person\\\/847aaec44920825b843a08f30ec6aa1e\",\"name\":\"La r\u00e9daction\",\"image\":{\"@type\":\"ImageObject\",\"inLanguage\":\"fr-FR\",\"@id\":\"https:\\\/\\\/secure.gravatar.com\\\/avatar\\\/769db425c6f465158149f1ffd6cf61ce7a8a879d11dfbef8288af36dfddd418c?s=96&d=mm&r=g\",\"url\":\"https:\\\/\\\/secure.gravatar.com\\\/avatar\\\/769db425c6f465158149f1ffd6cf61ce7a8a879d11dfbef8288af36dfddd418c?s=96&d=mm&r=g\",\"contentUrl\":\"https:\\\/\\\/secure.gravatar.com\\\/avatar\\\/769db425c6f465158149f1ffd6cf61ce7a8a879d11dfbef8288af36dfddd418c?s=96&d=mm&r=g\",\"caption\":\"La r\u00e9daction\"},\"sameAs\":[\"http:\\\/\\\/www.lkeria.com\\\/\"],\"url\":\"https:\\\/\\\/www.info-algerie.com\\\/actualites\\\/author\\\/chakib32\\\/\"}]}<\/script>\n<!-- \/ Yoast SEO plugin. -->","yoast_head_json":{"title":"Conseil de la Nation: Tebboune pr\u00e9sente mercredi le plan d&#039;action du gouvernement - info algerie","robots":{"index":"index","follow":"follow","max-snippet":"max-snippet:-1","max-image-preview":"max-image-preview:large","max-video-preview":"max-video-preview:-1"},"canonical":"https:\/\/www.info-algerie.com\/actualites\/conseil-de-la-nation-tebboune-presente-mercredi-le-plan-daction-du-gouvernement\/","og_locale":"fr_FR","og_type":"article","og_title":"Conseil de la Nation: Tebboune pr\u00e9sente mercredi le plan d&#039;action du gouvernement - info algerie","og_description":"ALGER &#8211; Le Premier ministre, Abdelmadjid Tebboune, pr\u00e9sente mercredi au Conseil de la Nation une communication sur le Plan d&rsquo;action de son gouvernement, adopt\u00e9 vendredi dernier par l&rsquo;Assembl\u00e9e populaire nationale (APN), et qui vise \u00e0 mettre en oeuvre le nouveau mod\u00e8le\u00a0 de croissance \u00e9conomique, tout en pr\u00e9servant les acquis sociaux. &#013; &#013; La principale pr\u00e9occupation","og_url":"https:\/\/www.info-algerie.com\/actualites\/conseil-de-la-nation-tebboune-presente-mercredi-le-plan-daction-du-gouvernement\/","og_site_name":"info algerie","article_publisher":"https:\/\/www.facebook.com\/infoalgerieactu","article_published_time":"2017-06-27T13:21:16+00:00","og_image":[{"width":280,"height":194,"url":"https:\/\/www.info-algerie.com\/actualites\/wp-content\/uploads\/2017\/06\/619feb93c20b1a0234ab7835d65f1694_S-1.jpg","type":"image\/jpeg"}],"author":"La r\u00e9daction","twitter_misc":{"\u00c9crit par":"La r\u00e9daction","Dur\u00e9e de lecture estim\u00e9e":"4 minutes"},"schema":{"@context":"https:\/\/schema.org","@graph":[{"@type":"Article","@id":"https:\/\/www.info-algerie.com\/actualites\/conseil-de-la-nation-tebboune-presente-mercredi-le-plan-daction-du-gouvernement\/#article","isPartOf":{"@id":"https:\/\/www.info-algerie.com\/actualites\/conseil-de-la-nation-tebboune-presente-mercredi-le-plan-daction-du-gouvernement\/"},"author":{"name":"La r\u00e9daction","@id":"https:\/\/www.info-algerie.com\/actualites\/#\/schema\/person\/847aaec44920825b843a08f30ec6aa1e"},"headline":"Conseil de la Nation: Tebboune pr\u00e9sente mercredi le plan d&#039;action du gouvernement","datePublished":"2017-06-27T13:21:16+00:00","mainEntityOfPage":{"@id":"https:\/\/www.info-algerie.com\/actualites\/conseil-de-la-nation-tebboune-presente-mercredi-le-plan-daction-du-gouvernement\/"},"wordCount":884,"commentCount":0,"publisher":{"@id":"https:\/\/www.info-algerie.com\/actualites\/#organization"},"image":{"@id":"https:\/\/www.info-algerie.com\/actualites\/conseil-de-la-nation-tebboune-presente-mercredi-le-plan-daction-du-gouvernement\/#primaryimage"},"thumbnailUrl":"https:\/\/www.info-algerie.com\/actualites\/wp-content\/uploads\/2017\/06\/619feb93c20b1a0234ab7835d65f1694_S-1.jpg","keywords":["ONU"],"articleSection":["infos"],"inLanguage":"fr-FR","potentialAction":[{"@type":"CommentAction","name":"Comment","target":["https:\/\/www.info-algerie.com\/actualites\/conseil-de-la-nation-tebboune-presente-mercredi-le-plan-daction-du-gouvernement\/#respond"]}]},{"@type":"WebPage","@id":"https:\/\/www.info-algerie.com\/actualites\/conseil-de-la-nation-tebboune-presente-mercredi-le-plan-daction-du-gouvernement\/","url":"https:\/\/www.info-algerie.com\/actualites\/conseil-de-la-nation-tebboune-presente-mercredi-le-plan-daction-du-gouvernement\/","name":"Conseil de la Nation: Tebboune pr\u00e9sente mercredi le plan d&#039;action du gouvernement - info algerie","isPartOf":{"@id":"https:\/\/www.info-algerie.com\/actualites\/#website"},"primaryImageOfPage":{"@id":"https:\/\/www.info-algerie.com\/actualites\/conseil-de-la-nation-tebboune-presente-mercredi-le-plan-daction-du-gouvernement\/#primaryimage"},"image":{"@id":"https:\/\/www.info-algerie.com\/actualites\/conseil-de-la-nation-tebboune-presente-mercredi-le-plan-daction-du-gouvernement\/#primaryimage"},"thumbnailUrl":"https:\/\/www.info-algerie.com\/actualites\/wp-content\/uploads\/2017\/06\/619feb93c20b1a0234ab7835d65f1694_S-1.jpg","datePublished":"2017-06-27T13:21:16+00:00","breadcrumb":{"@id":"https:\/\/www.info-algerie.com\/actualites\/conseil-de-la-nation-tebboune-presente-mercredi-le-plan-daction-du-gouvernement\/#breadcrumb"},"inLanguage":"fr-FR","potentialAction":[{"@type":"ReadAction","target":["https:\/\/www.info-algerie.com\/actualites\/conseil-de-la-nation-tebboune-presente-mercredi-le-plan-daction-du-gouvernement\/"]}]},{"@type":"ImageObject","inLanguage":"fr-FR","@id":"https:\/\/www.info-algerie.com\/actualites\/conseil-de-la-nation-tebboune-presente-mercredi-le-plan-daction-du-gouvernement\/#primaryimage","url":"https:\/\/www.info-algerie.com\/actualites\/wp-content\/uploads\/2017\/06\/619feb93c20b1a0234ab7835d65f1694_S-1.jpg","contentUrl":"https:\/\/www.info-algerie.com\/actualites\/wp-content\/uploads\/2017\/06\/619feb93c20b1a0234ab7835d65f1694_S-1.jpg","width":280,"height":194},{"@type":"BreadcrumbList","@id":"https:\/\/www.info-algerie.com\/actualites\/conseil-de-la-nation-tebboune-presente-mercredi-le-plan-daction-du-gouvernement\/#breadcrumb","itemListElement":[{"@type":"ListItem","position":1,"name":"Accueil","item":"https:\/\/www.info-algerie.com\/actualites\/"},{"@type":"ListItem","position":2,"name":"Conseil de la Nation: Tebboune pr\u00e9sente mercredi le plan d&#039;action du gouvernement"}]},{"@type":"WebSite","@id":"https:\/\/www.info-algerie.com\/actualites\/#website","url":"https:\/\/www.info-algerie.com\/actualites\/","name":"info algerie","description":"Toutes les actualit\u00e9s","publisher":{"@id":"https:\/\/www.info-algerie.com\/actualites\/#organization"},"potentialAction":[{"@type":"SearchAction","target":{"@type":"EntryPoint","urlTemplate":"https:\/\/www.info-algerie.com\/actualites\/?s={search_term_string}"},"query-input":{"@type":"PropertyValueSpecification","valueRequired":true,"valueName":"search_term_string"}}],"inLanguage":"fr-FR"},{"@type":"Organization","@id":"https:\/\/www.info-algerie.com\/actualites\/#organization","name":"info algerie","url":"https:\/\/www.info-algerie.com\/actualites\/","logo":{"@type":"ImageObject","inLanguage":"fr-FR","@id":"https:\/\/www.info-algerie.com\/actualites\/#\/schema\/logo\/image\/","url":"https:\/\/www.info-algerie.com\/actualites\/wp-content\/uploads\/2022\/07\/logo-ia-120.png","contentUrl":"https:\/\/www.info-algerie.com\/actualites\/wp-content\/uploads\/2022\/07\/logo-ia-120.png","width":120,"height":43,"caption":"info algerie"},"image":{"@id":"https:\/\/www.info-algerie.com\/actualites\/#\/schema\/logo\/image\/"},"sameAs":["https:\/\/www.facebook.com\/infoalgerieactu","https:\/\/x.com\/infoalgerie1"]},{"@type":"Person","@id":"https:\/\/www.info-algerie.com\/actualites\/#\/schema\/person\/847aaec44920825b843a08f30ec6aa1e","name":"La r\u00e9daction","image":{"@type":"ImageObject","inLanguage":"fr-FR","@id":"https:\/\/secure.gravatar.com\/avatar\/769db425c6f465158149f1ffd6cf61ce7a8a879d11dfbef8288af36dfddd418c?s=96&d=mm&r=g","url":"https:\/\/secure.gravatar.com\/avatar\/769db425c6f465158149f1ffd6cf61ce7a8a879d11dfbef8288af36dfddd418c?s=96&d=mm&r=g","contentUrl":"https:\/\/secure.gravatar.com\/avatar\/769db425c6f465158149f1ffd6cf61ce7a8a879d11dfbef8288af36dfddd418c?s=96&d=mm&r=g","caption":"La r\u00e9daction"},"sameAs":["http:\/\/www.lkeria.com\/"],"url":"https:\/\/www.info-algerie.com\/actualites\/author\/chakib32\/"}]}},"_links":{"self":[{"href":"https:\/\/www.info-algerie.com\/actualites\/wp-json\/wp\/v2\/posts\/13569","targetHints":{"allow":["GET"]}}],"collection":[{"href":"https:\/\/www.info-algerie.com\/actualites\/wp-json\/wp\/v2\/posts"}],"about":[{"href":"https:\/\/www.info-algerie.com\/actualites\/wp-json\/wp\/v2\/types\/post"}],"author":[{"embeddable":true,"href":"https:\/\/www.info-algerie.com\/actualites\/wp-json\/wp\/v2\/users\/6"}],"replies":[{"embeddable":true,"href":"https:\/\/www.info-algerie.com\/actualites\/wp-json\/wp\/v2\/comments?post=13569"}],"version-history":[{"count":0,"href":"https:\/\/www.info-algerie.com\/actualites\/wp-json\/wp\/v2\/posts\/13569\/revisions"}],"wp:featuredmedia":[{"embeddable":true,"href":"https:\/\/www.info-algerie.com\/actualites\/wp-json\/wp\/v2\/media\/13570"}],"wp:attachment":[{"href":"https:\/\/www.info-algerie.com\/actualites\/wp-json\/wp\/v2\/media?parent=13569"}],"wp:term":[{"taxonomy":"category","embeddable":true,"href":"https:\/\/www.info-algerie.com\/actualites\/wp-json\/wp\/v2\/categories?post=13569"},{"taxonomy":"post_tag","embeddable":true,"href":"https:\/\/www.info-algerie.com\/actualites\/wp-json\/wp\/v2\/tags?post=13569"}],"curies":[{"name":"wp","href":"https:\/\/api.w.org\/{rel}","templated":true}]}}