{"id":13572,"date":"2017-06-27T16:50:07","date_gmt":"2017-06-27T15:50:07","guid":{"rendered":"http:\/\/www.info-algerie.com\/actualites\/migrants-en-algerie-les-pays-occidentaux-a-lorigine-des-drames-humanitaires-doivent-assumer-et-partager-le-fardeau\/"},"modified":"2017-06-27T16:50:07","modified_gmt":"2017-06-27T15:50:07","slug":"migrants-en-algerie-les-pays-occidentaux-a-lorigine-des-drames-humanitaires-doivent-assumer-et-partager-le-fardeau","status":"publish","type":"post","link":"https:\/\/www.info-algerie.com\/actualites\/migrants-en-algerie-les-pays-occidentaux-a-lorigine-des-drames-humanitaires-doivent-assumer-et-partager-le-fardeau\/","title":{"rendered":"Migrants en Alg\u00e9rie: les pays occidentaux \u00e0 l&#039;origine des drames humanitaires doivent assumer et partager le fardeau"},"content":{"rendered":"<div class=\"K2FeedImage\"><img decoding=\"async\" src=\"https:\/\/www.info-algerie.com\/actualites\/wp-content\/uploads\/2017\/06\/e78e9f95715248a117e252c55574ae76_S.jpg\" alt=\"Migrants en Alg&#xE9;rie: les pays occidentaux &#xE0; l'origine des drames humanitaires doivent assumer et partager le fardeau\" \/><\/div>\n<div class=\"K2FeedIntroText\">\n<p class=\"MsoNoSpacing\">ALGER &#8211; La pr\u00e9sidente du Croissant rouge alg\u00e9rien (CRA), Saida Benhabyles, a exhort\u00e9 les grandes puissances \u00e0 l&rsquo;origine des drames humanitaires dans le monde \u00e0 assumer et partager le fardeau avec l&rsquo;Alg\u00e9rie qui prend en charge des milliers demigrants en provenance notamment de Syrie et des pays subsahariens.<\/p>\n<p>&#013;\n<\/p><\/div>\n<div class=\"K2FeedFullText\">&#013;<\/p>\n<p class=\"MsoNoSpacing\">\u00ab\u00a0L&rsquo;Alg\u00e9rie est en train de g\u00e9rer avec courage les erreurs strat\u00e9giques des grandes puissances qui sont \u00e0 l&rsquo;origine de nombreux drames humanitaires.<\/p>\n<p>&#013;<\/p>\n<p class=\"MsoNoSpacing\">Ceux qui sont responsables de cette situation doivent assumer et partager le fardeau avec l&rsquo;Alg\u00e9rie\u00a0\u00bb, a indiqu\u00e9 Mme Benhabyles dans un entretien \u00e0 la Radio alg\u00e9rienne.<\/p>\n<p>&#013;<\/p>\n<p class=\"MsoNoSpacing\">Elle a d\u00e9clar\u00e9 que \u00ab\u00a0ces grandes puissances doivent soutenir l&rsquo;Alg\u00e9rie \u00e0 travers le Haut commissariat aux r\u00e9fugi\u00e9s (HCR), qui a pour r\u00f4le de r\u00e9pondre aux pr\u00e9occupations des r\u00e9fugi\u00e9s, soulignant que cette d\u00e9marche ne doit consister qu'\u00a0\u00bb\u00e0 donner les moyens et laisser libre court au pays d&rsquo;accueil\u00a0\u00bb.<\/p>\n<p>&#013;<\/p>\n<p class=\"MsoNoSpacing\">La pr\u00e9sidente du CRA a d\u00e9plor\u00e9 le fait que \u00ab\u00a0l&rsquo;Europe des droits de l&rsquo;homme ait ferm\u00e9 ses fronti\u00e8res aux migrants\u00a0\u00bb, saluant la position de l&rsquo;Alg\u00e9rie qui a pris \u00ab\u00a0ses responsabilit\u00e9s en accueillant ces migrants\u00a0et en leur assurant toutes les actions humanitaires\u00a0\u00bb.<\/p>\n<p>&#013;<\/p>\n<p class=\"MsoNoSpacing\">Concernant la prise en charge des migrants, elle a estim\u00e9 \u00e0 40.000 migrants\u00a0syriens en Alg\u00e9rie, dont une grande partie est accueillie dans 20 centres du CRA compos\u00e9s de chalets \u00e0 Sidi Fredj (Alger).<\/p>\n<p>&#013;<\/p>\n<p class=\"MsoNoSpacing\">\u00ab\u00a0Les enfants de ces migrants\u00a0sont totalement pris en charge du point de vue couverture sanitaire, alimentaire et scolaire. Il y a ceux qui ont pass\u00e9 le baccalaur\u00e9at et d&rsquo;autres qui sont d\u00e9j\u00e0 \u00e0 l&rsquo;universit\u00e9\u00a0\u00bb, s&rsquo;est-elle r\u00e9joui.<\/p>\n<p>&#013;<\/p>\n<p class=\"MsoNoSpacing\">Concernant les Subsahariens, elle a expliqu\u00e9 que ces migrants\u00a0sont pour leur majorit\u00e9 des nomades qui se d\u00e9placent beaucoup et dont la plus grande population se trouve \u00e0 Tamanrasset\u00a0\u00bb.<\/p>\n<p>&#013;<\/p>\n<p class=\"MsoNoSpacing\">\u00ab\u00a0Ils se d\u00e9placent de centre en centre o\u00f9 ils trouvent toutes les commodit\u00e9s. Ils se douchent, se soignent reprennent des forces et quittent le centre pour un autre dans une autre wilaya\u00a0\u00bb, a-t-elle ajout\u00e9.<\/p>\n<p>&#013;<\/p>\n<p>\u00a0<\/p>\n<p>&#013;<\/p>\n<p class=\"MsoNoSpacing\">Enfin, Mme Benhabyles a indiqu\u00e9 que \u00ab\u00a0l&rsquo;Alg\u00e9rie demeure attach\u00e9e \u00e0 ses valeurs humanitaires et solidaires inspir\u00e9es des principes de l&rsquo;Islam et son authenticit\u00e9 fond\u00e9e sur les principes de solidarit\u00e9\u00a0\u00bb, affirmant que l&rsquo;Alg\u00e9rie \u00ab\u00a0poursuivra son soutien et aides \u00e0 tous les migrants notamment africains et venant des pays arabes\u00a0\u00bb.<\/p>\n<\/div>\n<p>&#013;<br \/>\nSource: <a href=\"http:\/\/www.aps.dz\/algerie\/59465-refugies-en-algerie-les-pays-occidentaux-a-l-origine-des-drames-humanitaires-doivent-assumer-et-partager-le-fardeau\" target=\"_blank\">Migrants en Alg\u00e9rie: les pays occidentaux \u00e0 l&rsquo;origine des drames humanitaires doivent assumer et partager le fardeau<\/a><\/p>\n<!--CusAds0-->\n<div style=\"font-size: 0px; height: 0px; line-height: 0px; margin: 0; padding: 0; clear: both;\"><\/div>","protected":false},"excerpt":{"rendered":"<p>ALGER &#8211; La pr\u00e9sidente du Croissant rouge alg\u00e9rien (CRA), Saida Benhabyles, a exhort\u00e9 les grandes puissances \u00e0 l&rsquo;origine des drames humanitaires dans le monde \u00e0 assumer et partager le fardeau avec l&rsquo;Alg\u00e9rie qui prend en charge des milliers demigrants en provenance notamment de Syrie et des pays subsahariens. &#013; &#013; \u00ab\u00a0L&rsquo;Alg\u00e9rie est en train de<\/p>\n","protected":false},"author":6,"featured_media":13573,"comment_status":"open","ping_status":"open","sticky":false,"template":"","format":"standard","meta":{"footnotes":""},"categories":[22],"tags":[93],"class_list":["post-13572","post","type-post","status-publish","format-standard","has-post-thumbnail","hentry","category-infos","tag-onu"],"yoast_head":"<!-- This site is optimized with the Yoast SEO plugin v27.5 - https:\/\/yoast.com\/product\/yoast-seo-wordpress\/ -->\n<title>Migrants en Alg\u00e9rie: les pays occidentaux \u00e0 l&#039;origine des drames humanitaires doivent assumer et partager le fardeau - info algerie<\/title>\n<meta name=\"robots\" content=\"index, follow, max-snippet:-1, max-image-preview:large, max-video-preview:-1\" \/>\n<link rel=\"canonical\" href=\"https:\/\/www.info-algerie.com\/actualites\/migrants-en-algerie-les-pays-occidentaux-a-lorigine-des-drames-humanitaires-doivent-assumer-et-partager-le-fardeau\/\" \/>\n<meta property=\"og:locale\" content=\"fr_FR\" \/>\n<meta property=\"og:type\" content=\"article\" \/>\n<meta property=\"og:title\" content=\"Migrants en Alg\u00e9rie: les pays occidentaux \u00e0 l&#039;origine des drames humanitaires doivent assumer et partager le fardeau - info algerie\" \/>\n<meta property=\"og:description\" content=\"ALGER &#8211; La pr\u00e9sidente du Croissant rouge alg\u00e9rien (CRA), Saida Benhabyles, a exhort\u00e9 les grandes puissances \u00e0 l&rsquo;origine des drames humanitaires dans le monde \u00e0 assumer et partager le fardeau avec l&rsquo;Alg\u00e9rie qui prend en charge des milliers demigrants en provenance notamment de Syrie et des pays subsahariens. &#013; &#013; \u00ab\u00a0L&rsquo;Alg\u00e9rie est en train de\" \/>\n<meta property=\"og:url\" content=\"https:\/\/www.info-algerie.com\/actualites\/migrants-en-algerie-les-pays-occidentaux-a-lorigine-des-drames-humanitaires-doivent-assumer-et-partager-le-fardeau\/\" \/>\n<meta property=\"og:site_name\" content=\"info algerie\" \/>\n<meta property=\"article:publisher\" content=\"https:\/\/www.facebook.com\/infoalgerieactu\" \/>\n<meta property=\"article:published_time\" content=\"2017-06-27T15:50:07+00:00\" \/>\n<meta property=\"og:image\" content=\"https:\/\/www.info-algerie.com\/actualites\/wp-content\/uploads\/2017\/06\/e78e9f95715248a117e252c55574ae76_S-1.jpg\" \/>\n\t<meta property=\"og:image:width\" content=\"280\" \/>\n\t<meta property=\"og:image:height\" content=\"186\" \/>\n\t<meta property=\"og:image:type\" content=\"image\/jpeg\" \/>\n<meta name=\"author\" content=\"La r\u00e9daction\" \/>\n<meta name=\"twitter:label1\" content=\"\u00c9crit par\" \/>\n\t<meta name=\"twitter:data1\" content=\"La r\u00e9daction\" \/>\n\t<meta name=\"twitter:label2\" content=\"Dur\u00e9e de lecture estim\u00e9e\" \/>\n\t<meta name=\"twitter:data2\" content=\"2 minutes\" \/>\n<script type=\"application\/ld+json\" class=\"yoast-schema-graph\">{\"@context\":\"https:\\\/\\\/schema.org\",\"@graph\":[{\"@type\":\"Article\",\"@id\":\"https:\\\/\\\/www.info-algerie.com\\\/actualites\\\/migrants-en-algerie-les-pays-occidentaux-a-lorigine-des-drames-humanitaires-doivent-assumer-et-partager-le-fardeau\\\/#article\",\"isPartOf\":{\"@id\":\"https:\\\/\\\/www.info-algerie.com\\\/actualites\\\/migrants-en-algerie-les-pays-occidentaux-a-lorigine-des-drames-humanitaires-doivent-assumer-et-partager-le-fardeau\\\/\"},\"author\":{\"name\":\"La r\u00e9daction\",\"@id\":\"https:\\\/\\\/www.info-algerie.com\\\/actualites\\\/#\\\/schema\\\/person\\\/847aaec44920825b843a08f30ec6aa1e\"},\"headline\":\"Migrants en Alg\u00e9rie: les pays occidentaux \u00e0 l&#039;origine des drames humanitaires doivent assumer et partager le fardeau\",\"datePublished\":\"2017-06-27T15:50:07+00:00\",\"mainEntityOfPage\":{\"@id\":\"https:\\\/\\\/www.info-algerie.com\\\/actualites\\\/migrants-en-algerie-les-pays-occidentaux-a-lorigine-des-drames-humanitaires-doivent-assumer-et-partager-le-fardeau\\\/\"},\"wordCount\":442,\"commentCount\":0,\"publisher\":{\"@id\":\"https:\\\/\\\/www.info-algerie.com\\\/actualites\\\/#organization\"},\"image\":{\"@id\":\"https:\\\/\\\/www.info-algerie.com\\\/actualites\\\/migrants-en-algerie-les-pays-occidentaux-a-lorigine-des-drames-humanitaires-doivent-assumer-et-partager-le-fardeau\\\/#primaryimage\"},\"thumbnailUrl\":\"https:\\\/\\\/www.info-algerie.com\\\/actualites\\\/wp-content\\\/uploads\\\/2017\\\/06\\\/e78e9f95715248a117e252c55574ae76_S-1.jpg\",\"keywords\":[\"ONU\"],\"articleSection\":[\"infos\"],\"inLanguage\":\"fr-FR\",\"potentialAction\":[{\"@type\":\"CommentAction\",\"name\":\"Comment\",\"target\":[\"https:\\\/\\\/www.info-algerie.com\\\/actualites\\\/migrants-en-algerie-les-pays-occidentaux-a-lorigine-des-drames-humanitaires-doivent-assumer-et-partager-le-fardeau\\\/#respond\"]}]},{\"@type\":\"WebPage\",\"@id\":\"https:\\\/\\\/www.info-algerie.com\\\/actualites\\\/migrants-en-algerie-les-pays-occidentaux-a-lorigine-des-drames-humanitaires-doivent-assumer-et-partager-le-fardeau\\\/\",\"url\":\"https:\\\/\\\/www.info-algerie.com\\\/actualites\\\/migrants-en-algerie-les-pays-occidentaux-a-lorigine-des-drames-humanitaires-doivent-assumer-et-partager-le-fardeau\\\/\",\"name\":\"Migrants en Alg\u00e9rie: les pays occidentaux \u00e0 l&#039;origine des drames humanitaires doivent assumer et partager le fardeau - info algerie\",\"isPartOf\":{\"@id\":\"https:\\\/\\\/www.info-algerie.com\\\/actualites\\\/#website\"},\"primaryImageOfPage\":{\"@id\":\"https:\\\/\\\/www.info-algerie.com\\\/actualites\\\/migrants-en-algerie-les-pays-occidentaux-a-lorigine-des-drames-humanitaires-doivent-assumer-et-partager-le-fardeau\\\/#primaryimage\"},\"image\":{\"@id\":\"https:\\\/\\\/www.info-algerie.com\\\/actualites\\\/migrants-en-algerie-les-pays-occidentaux-a-lorigine-des-drames-humanitaires-doivent-assumer-et-partager-le-fardeau\\\/#primaryimage\"},\"thumbnailUrl\":\"https:\\\/\\\/www.info-algerie.com\\\/actualites\\\/wp-content\\\/uploads\\\/2017\\\/06\\\/e78e9f95715248a117e252c55574ae76_S-1.jpg\",\"datePublished\":\"2017-06-27T15:50:07+00:00\",\"breadcrumb\":{\"@id\":\"https:\\\/\\\/www.info-algerie.com\\\/actualites\\\/migrants-en-algerie-les-pays-occidentaux-a-lorigine-des-drames-humanitaires-doivent-assumer-et-partager-le-fardeau\\\/#breadcrumb\"},\"inLanguage\":\"fr-FR\",\"potentialAction\":[{\"@type\":\"ReadAction\",\"target\":[\"https:\\\/\\\/www.info-algerie.com\\\/actualites\\\/migrants-en-algerie-les-pays-occidentaux-a-lorigine-des-drames-humanitaires-doivent-assumer-et-partager-le-fardeau\\\/\"]}]},{\"@type\":\"ImageObject\",\"inLanguage\":\"fr-FR\",\"@id\":\"https:\\\/\\\/www.info-algerie.com\\\/actualites\\\/migrants-en-algerie-les-pays-occidentaux-a-lorigine-des-drames-humanitaires-doivent-assumer-et-partager-le-fardeau\\\/#primaryimage\",\"url\":\"https:\\\/\\\/www.info-algerie.com\\\/actualites\\\/wp-content\\\/uploads\\\/2017\\\/06\\\/e78e9f95715248a117e252c55574ae76_S-1.jpg\",\"contentUrl\":\"https:\\\/\\\/www.info-algerie.com\\\/actualites\\\/wp-content\\\/uploads\\\/2017\\\/06\\\/e78e9f95715248a117e252c55574ae76_S-1.jpg\",\"width\":280,\"height\":186},{\"@type\":\"BreadcrumbList\",\"@id\":\"https:\\\/\\\/www.info-algerie.com\\\/actualites\\\/migrants-en-algerie-les-pays-occidentaux-a-lorigine-des-drames-humanitaires-doivent-assumer-et-partager-le-fardeau\\\/#breadcrumb\",\"itemListElement\":[{\"@type\":\"ListItem\",\"position\":1,\"name\":\"Accueil\",\"item\":\"https:\\\/\\\/www.info-algerie.com\\\/actualites\\\/\"},{\"@type\":\"ListItem\",\"position\":2,\"name\":\"Migrants en Alg\u00e9rie: les pays occidentaux \u00e0 l&#039;origine des drames humanitaires doivent assumer et partager le fardeau\"}]},{\"@type\":\"WebSite\",\"@id\":\"https:\\\/\\\/www.info-algerie.com\\\/actualites\\\/#website\",\"url\":\"https:\\\/\\\/www.info-algerie.com\\\/actualites\\\/\",\"name\":\"info algerie\",\"description\":\"Toutes les actualit\u00e9s\",\"publisher\":{\"@id\":\"https:\\\/\\\/www.info-algerie.com\\\/actualites\\\/#organization\"},\"potentialAction\":[{\"@type\":\"SearchAction\",\"target\":{\"@type\":\"EntryPoint\",\"urlTemplate\":\"https:\\\/\\\/www.info-algerie.com\\\/actualites\\\/?s={search_term_string}\"},\"query-input\":{\"@type\":\"PropertyValueSpecification\",\"valueRequired\":true,\"valueName\":\"search_term_string\"}}],\"inLanguage\":\"fr-FR\"},{\"@type\":\"Organization\",\"@id\":\"https:\\\/\\\/www.info-algerie.com\\\/actualites\\\/#organization\",\"name\":\"info algerie\",\"url\":\"https:\\\/\\\/www.info-algerie.com\\\/actualites\\\/\",\"logo\":{\"@type\":\"ImageObject\",\"inLanguage\":\"fr-FR\",\"@id\":\"https:\\\/\\\/www.info-algerie.com\\\/actualites\\\/#\\\/schema\\\/logo\\\/image\\\/\",\"url\":\"https:\\\/\\\/www.info-algerie.com\\\/actualites\\\/wp-content\\\/uploads\\\/2022\\\/07\\\/logo-ia-120.png\",\"contentUrl\":\"https:\\\/\\\/www.info-algerie.com\\\/actualites\\\/wp-content\\\/uploads\\\/2022\\\/07\\\/logo-ia-120.png\",\"width\":120,\"height\":43,\"caption\":\"info algerie\"},\"image\":{\"@id\":\"https:\\\/\\\/www.info-algerie.com\\\/actualites\\\/#\\\/schema\\\/logo\\\/image\\\/\"},\"sameAs\":[\"https:\\\/\\\/www.facebook.com\\\/infoalgerieactu\",\"https:\\\/\\\/x.com\\\/infoalgerie1\"]},{\"@type\":\"Person\",\"@id\":\"https:\\\/\\\/www.info-algerie.com\\\/actualites\\\/#\\\/schema\\\/person\\\/847aaec44920825b843a08f30ec6aa1e\",\"name\":\"La r\u00e9daction\",\"image\":{\"@type\":\"ImageObject\",\"inLanguage\":\"fr-FR\",\"@id\":\"https:\\\/\\\/secure.gravatar.com\\\/avatar\\\/769db425c6f465158149f1ffd6cf61ce7a8a879d11dfbef8288af36dfddd418c?s=96&d=mm&r=g\",\"url\":\"https:\\\/\\\/secure.gravatar.com\\\/avatar\\\/769db425c6f465158149f1ffd6cf61ce7a8a879d11dfbef8288af36dfddd418c?s=96&d=mm&r=g\",\"contentUrl\":\"https:\\\/\\\/secure.gravatar.com\\\/avatar\\\/769db425c6f465158149f1ffd6cf61ce7a8a879d11dfbef8288af36dfddd418c?s=96&d=mm&r=g\",\"caption\":\"La r\u00e9daction\"},\"sameAs\":[\"http:\\\/\\\/www.lkeria.com\\\/\"],\"url\":\"https:\\\/\\\/www.info-algerie.com\\\/actualites\\\/author\\\/chakib32\\\/\"}]}<\/script>\n<!-- \/ Yoast SEO plugin. -->","yoast_head_json":{"title":"Migrants en Alg\u00e9rie: les pays occidentaux \u00e0 l&#039;origine des drames humanitaires doivent assumer et partager le fardeau - info algerie","robots":{"index":"index","follow":"follow","max-snippet":"max-snippet:-1","max-image-preview":"max-image-preview:large","max-video-preview":"max-video-preview:-1"},"canonical":"https:\/\/www.info-algerie.com\/actualites\/migrants-en-algerie-les-pays-occidentaux-a-lorigine-des-drames-humanitaires-doivent-assumer-et-partager-le-fardeau\/","og_locale":"fr_FR","og_type":"article","og_title":"Migrants en Alg\u00e9rie: les pays occidentaux \u00e0 l&#039;origine des drames humanitaires doivent assumer et partager le fardeau - info algerie","og_description":"ALGER &#8211; La pr\u00e9sidente du Croissant rouge alg\u00e9rien (CRA), Saida Benhabyles, a exhort\u00e9 les grandes puissances \u00e0 l&rsquo;origine des drames humanitaires dans le monde \u00e0 assumer et partager le fardeau avec l&rsquo;Alg\u00e9rie qui prend en charge des milliers demigrants en provenance notamment de Syrie et des pays subsahariens. &#013; &#013; \u00ab\u00a0L&rsquo;Alg\u00e9rie est en train de","og_url":"https:\/\/www.info-algerie.com\/actualites\/migrants-en-algerie-les-pays-occidentaux-a-lorigine-des-drames-humanitaires-doivent-assumer-et-partager-le-fardeau\/","og_site_name":"info algerie","article_publisher":"https:\/\/www.facebook.com\/infoalgerieactu","article_published_time":"2017-06-27T15:50:07+00:00","og_image":[{"width":280,"height":186,"url":"https:\/\/www.info-algerie.com\/actualites\/wp-content\/uploads\/2017\/06\/e78e9f95715248a117e252c55574ae76_S-1.jpg","type":"image\/jpeg"}],"author":"La r\u00e9daction","twitter_misc":{"\u00c9crit par":"La r\u00e9daction","Dur\u00e9e de lecture estim\u00e9e":"2 minutes"},"schema":{"@context":"https:\/\/schema.org","@graph":[{"@type":"Article","@id":"https:\/\/www.info-algerie.com\/actualites\/migrants-en-algerie-les-pays-occidentaux-a-lorigine-des-drames-humanitaires-doivent-assumer-et-partager-le-fardeau\/#article","isPartOf":{"@id":"https:\/\/www.info-algerie.com\/actualites\/migrants-en-algerie-les-pays-occidentaux-a-lorigine-des-drames-humanitaires-doivent-assumer-et-partager-le-fardeau\/"},"author":{"name":"La r\u00e9daction","@id":"https:\/\/www.info-algerie.com\/actualites\/#\/schema\/person\/847aaec44920825b843a08f30ec6aa1e"},"headline":"Migrants en Alg\u00e9rie: les pays occidentaux \u00e0 l&#039;origine des drames humanitaires doivent assumer et partager le fardeau","datePublished":"2017-06-27T15:50:07+00:00","mainEntityOfPage":{"@id":"https:\/\/www.info-algerie.com\/actualites\/migrants-en-algerie-les-pays-occidentaux-a-lorigine-des-drames-humanitaires-doivent-assumer-et-partager-le-fardeau\/"},"wordCount":442,"commentCount":0,"publisher":{"@id":"https:\/\/www.info-algerie.com\/actualites\/#organization"},"image":{"@id":"https:\/\/www.info-algerie.com\/actualites\/migrants-en-algerie-les-pays-occidentaux-a-lorigine-des-drames-humanitaires-doivent-assumer-et-partager-le-fardeau\/#primaryimage"},"thumbnailUrl":"https:\/\/www.info-algerie.com\/actualites\/wp-content\/uploads\/2017\/06\/e78e9f95715248a117e252c55574ae76_S-1.jpg","keywords":["ONU"],"articleSection":["infos"],"inLanguage":"fr-FR","potentialAction":[{"@type":"CommentAction","name":"Comment","target":["https:\/\/www.info-algerie.com\/actualites\/migrants-en-algerie-les-pays-occidentaux-a-lorigine-des-drames-humanitaires-doivent-assumer-et-partager-le-fardeau\/#respond"]}]},{"@type":"WebPage","@id":"https:\/\/www.info-algerie.com\/actualites\/migrants-en-algerie-les-pays-occidentaux-a-lorigine-des-drames-humanitaires-doivent-assumer-et-partager-le-fardeau\/","url":"https:\/\/www.info-algerie.com\/actualites\/migrants-en-algerie-les-pays-occidentaux-a-lorigine-des-drames-humanitaires-doivent-assumer-et-partager-le-fardeau\/","name":"Migrants en Alg\u00e9rie: les pays occidentaux \u00e0 l&#039;origine des drames humanitaires doivent assumer et partager le fardeau - info algerie","isPartOf":{"@id":"https:\/\/www.info-algerie.com\/actualites\/#website"},"primaryImageOfPage":{"@id":"https:\/\/www.info-algerie.com\/actualites\/migrants-en-algerie-les-pays-occidentaux-a-lorigine-des-drames-humanitaires-doivent-assumer-et-partager-le-fardeau\/#primaryimage"},"image":{"@id":"https:\/\/www.info-algerie.com\/actualites\/migrants-en-algerie-les-pays-occidentaux-a-lorigine-des-drames-humanitaires-doivent-assumer-et-partager-le-fardeau\/#primaryimage"},"thumbnailUrl":"https:\/\/www.info-algerie.com\/actualites\/wp-content\/uploads\/2017\/06\/e78e9f95715248a117e252c55574ae76_S-1.jpg","datePublished":"2017-06-27T15:50:07+00:00","breadcrumb":{"@id":"https:\/\/www.info-algerie.com\/actualites\/migrants-en-algerie-les-pays-occidentaux-a-lorigine-des-drames-humanitaires-doivent-assumer-et-partager-le-fardeau\/#breadcrumb"},"inLanguage":"fr-FR","potentialAction":[{"@type":"ReadAction","target":["https:\/\/www.info-algerie.com\/actualites\/migrants-en-algerie-les-pays-occidentaux-a-lorigine-des-drames-humanitaires-doivent-assumer-et-partager-le-fardeau\/"]}]},{"@type":"ImageObject","inLanguage":"fr-FR","@id":"https:\/\/www.info-algerie.com\/actualites\/migrants-en-algerie-les-pays-occidentaux-a-lorigine-des-drames-humanitaires-doivent-assumer-et-partager-le-fardeau\/#primaryimage","url":"https:\/\/www.info-algerie.com\/actualites\/wp-content\/uploads\/2017\/06\/e78e9f95715248a117e252c55574ae76_S-1.jpg","contentUrl":"https:\/\/www.info-algerie.com\/actualites\/wp-content\/uploads\/2017\/06\/e78e9f95715248a117e252c55574ae76_S-1.jpg","width":280,"height":186},{"@type":"BreadcrumbList","@id":"https:\/\/www.info-algerie.com\/actualites\/migrants-en-algerie-les-pays-occidentaux-a-lorigine-des-drames-humanitaires-doivent-assumer-et-partager-le-fardeau\/#breadcrumb","itemListElement":[{"@type":"ListItem","position":1,"name":"Accueil","item":"https:\/\/www.info-algerie.com\/actualites\/"},{"@type":"ListItem","position":2,"name":"Migrants en Alg\u00e9rie: les pays occidentaux \u00e0 l&#039;origine des drames humanitaires doivent assumer et partager le fardeau"}]},{"@type":"WebSite","@id":"https:\/\/www.info-algerie.com\/actualites\/#website","url":"https:\/\/www.info-algerie.com\/actualites\/","name":"info algerie","description":"Toutes les actualit\u00e9s","publisher":{"@id":"https:\/\/www.info-algerie.com\/actualites\/#organization"},"potentialAction":[{"@type":"SearchAction","target":{"@type":"EntryPoint","urlTemplate":"https:\/\/www.info-algerie.com\/actualites\/?s={search_term_string}"},"query-input":{"@type":"PropertyValueSpecification","valueRequired":true,"valueName":"search_term_string"}}],"inLanguage":"fr-FR"},{"@type":"Organization","@id":"https:\/\/www.info-algerie.com\/actualites\/#organization","name":"info algerie","url":"https:\/\/www.info-algerie.com\/actualites\/","logo":{"@type":"ImageObject","inLanguage":"fr-FR","@id":"https:\/\/www.info-algerie.com\/actualites\/#\/schema\/logo\/image\/","url":"https:\/\/www.info-algerie.com\/actualites\/wp-content\/uploads\/2022\/07\/logo-ia-120.png","contentUrl":"https:\/\/www.info-algerie.com\/actualites\/wp-content\/uploads\/2022\/07\/logo-ia-120.png","width":120,"height":43,"caption":"info algerie"},"image":{"@id":"https:\/\/www.info-algerie.com\/actualites\/#\/schema\/logo\/image\/"},"sameAs":["https:\/\/www.facebook.com\/infoalgerieactu","https:\/\/x.com\/infoalgerie1"]},{"@type":"Person","@id":"https:\/\/www.info-algerie.com\/actualites\/#\/schema\/person\/847aaec44920825b843a08f30ec6aa1e","name":"La r\u00e9daction","image":{"@type":"ImageObject","inLanguage":"fr-FR","@id":"https:\/\/secure.gravatar.com\/avatar\/769db425c6f465158149f1ffd6cf61ce7a8a879d11dfbef8288af36dfddd418c?s=96&d=mm&r=g","url":"https:\/\/secure.gravatar.com\/avatar\/769db425c6f465158149f1ffd6cf61ce7a8a879d11dfbef8288af36dfddd418c?s=96&d=mm&r=g","contentUrl":"https:\/\/secure.gravatar.com\/avatar\/769db425c6f465158149f1ffd6cf61ce7a8a879d11dfbef8288af36dfddd418c?s=96&d=mm&r=g","caption":"La r\u00e9daction"},"sameAs":["http:\/\/www.lkeria.com\/"],"url":"https:\/\/www.info-algerie.com\/actualites\/author\/chakib32\/"}]}},"_links":{"self":[{"href":"https:\/\/www.info-algerie.com\/actualites\/wp-json\/wp\/v2\/posts\/13572","targetHints":{"allow":["GET"]}}],"collection":[{"href":"https:\/\/www.info-algerie.com\/actualites\/wp-json\/wp\/v2\/posts"}],"about":[{"href":"https:\/\/www.info-algerie.com\/actualites\/wp-json\/wp\/v2\/types\/post"}],"author":[{"embeddable":true,"href":"https:\/\/www.info-algerie.com\/actualites\/wp-json\/wp\/v2\/users\/6"}],"replies":[{"embeddable":true,"href":"https:\/\/www.info-algerie.com\/actualites\/wp-json\/wp\/v2\/comments?post=13572"}],"version-history":[{"count":0,"href":"https:\/\/www.info-algerie.com\/actualites\/wp-json\/wp\/v2\/posts\/13572\/revisions"}],"wp:featuredmedia":[{"embeddable":true,"href":"https:\/\/www.info-algerie.com\/actualites\/wp-json\/wp\/v2\/media\/13573"}],"wp:attachment":[{"href":"https:\/\/www.info-algerie.com\/actualites\/wp-json\/wp\/v2\/media?parent=13572"}],"wp:term":[{"taxonomy":"category","embeddable":true,"href":"https:\/\/www.info-algerie.com\/actualites\/wp-json\/wp\/v2\/categories?post=13572"},{"taxonomy":"post_tag","embeddable":true,"href":"https:\/\/www.info-algerie.com\/actualites\/wp-json\/wp\/v2\/tags?post=13572"}],"curies":[{"name":"wp","href":"https:\/\/api.w.org\/{rel}","templated":true}]}}