{"id":13581,"date":"2017-06-28T08:23:14","date_gmt":"2017-06-28T07:23:14","guid":{"rendered":"http:\/\/www.info-algerie.com\/actualites\/traite-detres-humains-lalgerie-a-la-2e-categorie-du-classement-etabli-par-le-departement-detat\/"},"modified":"2017-06-28T08:23:14","modified_gmt":"2017-06-28T07:23:14","slug":"traite-detres-humains-lalgerie-a-la-2e-categorie-du-classement-etabli-par-le-departement-detat","status":"publish","type":"post","link":"https:\/\/www.info-algerie.com\/actualites\/traite-detres-humains-lalgerie-a-la-2e-categorie-du-classement-etabli-par-le-departement-detat\/","title":{"rendered":"Traite d\u2019\u00eatres humains: l\u2019Alg\u00e9rie \u00e0 la 2e cat\u00e9gorie du classement \u00e9tabli par le d\u00e9partement d\u2019Etat"},"content":{"rendered":"<div class=\"K2FeedImage\"><img decoding=\"async\" src=\"https:\/\/www.info-algerie.com\/actualites\/wp-content\/uploads\/2017\/06\/9979df773979b4da432cf1fe51307136_S.jpg\" alt=\"Traite d&#x2019;&#xEA;tres humains: l&#x2019;Alg&#xE9;rie &#xE0; la 2e cat&#xE9;gorie du classement &#xE9;tabli par le d&#xE9;partement d&#x2019;Etat\" \/><\/div>\n<div class=\"K2FeedIntroText\">\n<p>WASHINGTON &#8211; L\u2019Alg\u00e9rie a remont\u00e9 dans le classement du rapport annuel sur le trafic de personnes, \u00e9tabli par le d\u00e9partement d&rsquo;Etat am\u00e9ricain, figurant d\u00e9sormais dans la cat\u00e9gorie 2 au lieu de la cat\u00e9gorie 3 qu\u2019elle occupait l\u2019ann\u00e9e derni\u00e8re.<\/p>\n<p>&#013;\n<\/p><\/div>\n<div class=\"K2FeedFullText\">&#013;<\/p>\n<p>\u00ab\u00a0Le gouvernement a enregistr\u00e9 des r\u00e9alisations cl\u00e9s durant la p\u00e9riode consid\u00e9r\u00e9e. En cons\u00e9quence (le classement de l&rsquo;Alg\u00e9rie) s&rsquo;est am\u00e9lior\u00e9 en passant \u00e0 la liste de surveillance Tier 2 \u00ab\u00a0, souligne le rapport 2017 du d\u00e9partement d\u2019Etat sur le trafic de personnes, publi\u00e9 mardi \u00e0 Washington.<\/p>\n<p>&#013;<\/p>\n<p>Les r\u00e9alisations comprennent, entre autres, la poursuite de 16 pr\u00e9sum\u00e9s trafiquants et l\u2019identification de 65 victimes de travail forc\u00e9, rel\u00e8ve ce rapport pr\u00e9sent\u00e9 par le secr\u00e9taire d\u2019Etat, Rex Tillerson.<\/p>\n<p>&#013;<\/p>\n<p>Et d&rsquo;ajouter que l&rsquo;Alg\u00e9rie \u00ab\u00a0a consenti des efforts consid\u00e9rables\u00a0\u00bb pour se conformer aux normes minimales en mati\u00e8re d&rsquo;\u00e9limination de la traite d&rsquo;\u00eatres humains.<\/p>\n<p>&#013;<\/p>\n<p>Le classement du d\u00e9partement d\u2019Etat qui comprend quatre cat\u00e9gories \u00e0 savoir cat\u00e9gorie 1, cat\u00e9gorie 2, liste de surveillance de la cat\u00e9gorie 2 et cat\u00e9gorie 3 est \u00ab\u00a0fond\u00e9 davantage sur l\u2019ampleur des efforts men\u00e9s par les pouvoirs publics pour lutter contre la traite des personnes que sur l\u2019\u00e9tendue du probl\u00e8me dans le pays\u00a0\u00bb.<\/p>\n<p>&#013;<\/p>\n<p>D\u2019ailleurs, la Cat\u00e9gorie 1, classement le plus \u00e9lev\u00e9, ne signifie pas que la traite des personnes n\u2019existe pas dans les pays en question ni que ces pays appliquent des mesures suffisantes pour lutter contre ce ph\u00e9nom\u00e8ne.<\/p>\n<p>&#013;<\/p>\n<p>Elle indique plut\u00f4t que les autorit\u00e9s ont constat\u00e9 l\u2019existence de la traite des personnes, qu\u2019elles ont d\u00e9ploy\u00e9 des efforts pour r\u00e9gler le probl\u00e8me et qu\u2019elles se conforment aux normes minimales de la loi am\u00e9ricaine sur la protection des victimes de la traite (TVPA), adopt\u00e9 en 2000.<\/p>\n<p>&#013;<\/p>\n<p>Le rapport constate, \u00e0 ce titre, que les crimes d\u2019exploitation sexuelle des enfants et de travail forc\u00e9 sont \u00ab\u00a0des cas isol\u00e9s\u00a0\u00bb en Alg\u00e9rie en d\u00e9pit du fait que le pays demeure \u00ab\u00a0un pays de transit et de destination\u00a0\u00bb pour l\u2019immigration clandestine.<\/p>\n<p>&#013;<\/p>\n<p>Il rel\u00e8ve que le gouvernement alg\u00e9rien a fourni aux victimes identifi\u00e9es un h\u00e9bergement temporaire dans un centre de transit, une assistance m\u00e9dicale ainsi que d\u2019autres services de base malgr\u00e9 leur statut d\u2019immigr\u00e9s ill\u00e9gaux.<\/p>\n<p>&#013;<\/p>\n<p>Aussi, le gouvernement a d\u00e9montr\u00e9 sa volont\u00e9 politique de faire face \u00e0 cette probl\u00e9matique en promulguant en septembre dernier un d\u00e9cret pr\u00e9sidentiel qui a institutionnalis\u00e9 le Comit\u00e9 Interminist\u00e9riel charg\u00e9 de coordonner les activit\u00e9s li\u00e9es \u00e0 la pr\u00e9vention et \u00e0 la lutte contre la traite des personnes en le dotant d\u2019un budget et d\u2019un mandat \u00e0 cet effet, souligne le m\u00eame document.<\/p>\n<p>&#013;<\/p>\n<p>Les autorit\u00e9s ont d\u00e9ploy\u00e9 des efforts importants pour poursuivre les trafiquants, indique le d\u00e9partement d\u2019Etat, en rappelant les dispositions du code p\u00e9nal alg\u00e9rien qui pr\u00e9voit de lourdes sanctions contre les auteurs de ces crimes. Le document met en exergue les efforts d\u00e9ploy\u00e9s par la Direction g\u00e9n\u00e9rale de la s\u00fbret\u00e9 nationale (DGSN) qui a mobilis\u00e9 six brigades de police pour lutter contre le trafic de personnes en plus de 50 autres brigades sp\u00e9cialis\u00e9es dans la lutte contre les crimes commis contre les enfants.<\/p>\n<p>&#013;<\/p>\n<p>De son c\u00f4t\u00e9, le minist\u00e8re de l\u2019Int\u00e9rieur va lancer des formations au profit de ses fonctionnaires, ax\u00e9es sur la lutte et la pr\u00e9vention contre le trafic de personnes, note le rapport, relevant par ailleurs que l&rsquo;Alg\u00e9rie devrait se doter d\u2019\u00a0\u00bbun syst\u00e8me efficace\u00a0\u00bb de collecte de donn\u00e9es sur l\u2019application du dispositif contre la traite d\u2019\u00eatres humains.<\/p>\n<p>&#013;<\/p>\n<p class=\"MsoNormal\">En 2016, l\u2019Alg\u00e9rie avait contest\u00e9 officiellement son classement \u00e0 la troisi\u00e8me cat\u00e9gorie estimant que l\u2019appr\u00e9ciation du d\u00e9partement d\u2019Etat \u00e9tait \u00ab\u00a0loin de r\u00e9sulter d\u2019une \u00e9valuation rigoureuse de la situation\u00a0\u00bb. Le minist\u00e8re des Affaires Etrang\u00e8res avait, alors, affirm\u00e9 que le rapport n\u2019avait pas pris en consid\u00e9ration les efforts significatifs consentis par\u00a0 l\u2019Alg\u00e9rie dans la pr\u00e9vention de la traite de personnes et ne rendait pas certainement justice \u00e0 la posture claire et active de l\u2019Etat alg\u00e9rien sur cette probl\u00e9matique\u00a0\u00bb.<\/p>\n<\/div>\n<p>&#013;<br \/>\nSource: <a href=\"http:\/\/www.aps.dz\/algerie\/59472-traite-d-etres-humains-l-algerie-a-la-2e-categorie-du-classement-etabli-par-le-departement-d-etat\" target=\"_blank\">Traite d\u2019\u00eatres humains: l\u2019Alg\u00e9rie \u00e0 la 2e cat\u00e9gorie du classement \u00e9tabli par le d\u00e9partement d\u2019Etat<\/a><\/p>\n<!--CusAds0-->\n<div style=\"font-size: 0px; height: 0px; line-height: 0px; margin: 0; padding: 0; clear: both;\"><\/div>","protected":false},"excerpt":{"rendered":"<p>WASHINGTON &#8211; L\u2019Alg\u00e9rie a remont\u00e9 dans le classement du rapport annuel sur le trafic de personnes, \u00e9tabli par le d\u00e9partement d&rsquo;Etat am\u00e9ricain, figurant d\u00e9sormais dans la cat\u00e9gorie 2 au lieu de la cat\u00e9gorie 3 qu\u2019elle occupait l\u2019ann\u00e9e derni\u00e8re. &#013; &#013; \u00ab\u00a0Le gouvernement a enregistr\u00e9 des r\u00e9alisations cl\u00e9s durant la p\u00e9riode consid\u00e9r\u00e9e. En cons\u00e9quence (le classement<\/p>\n","protected":false},"author":6,"featured_media":13582,"comment_status":"open","ping_status":"open","sticky":false,"template":"","format":"standard","meta":{"footnotes":""},"categories":[22],"tags":[93],"class_list":["post-13581","post","type-post","status-publish","format-standard","has-post-thumbnail","hentry","category-infos","tag-onu"],"yoast_head":"<!-- This site is optimized with the Yoast SEO plugin v27.5 - https:\/\/yoast.com\/product\/yoast-seo-wordpress\/ -->\n<title>Traite d\u2019\u00eatres humains: l\u2019Alg\u00e9rie \u00e0 la 2e cat\u00e9gorie du classement \u00e9tabli par le d\u00e9partement d\u2019Etat - info algerie<\/title>\n<meta name=\"robots\" content=\"index, follow, max-snippet:-1, max-image-preview:large, max-video-preview:-1\" \/>\n<link rel=\"canonical\" href=\"https:\/\/www.info-algerie.com\/actualites\/traite-detres-humains-lalgerie-a-la-2e-categorie-du-classement-etabli-par-le-departement-detat\/\" \/>\n<meta property=\"og:locale\" content=\"fr_FR\" \/>\n<meta property=\"og:type\" content=\"article\" \/>\n<meta property=\"og:title\" content=\"Traite d\u2019\u00eatres humains: l\u2019Alg\u00e9rie \u00e0 la 2e cat\u00e9gorie du classement \u00e9tabli par le d\u00e9partement d\u2019Etat - info algerie\" \/>\n<meta property=\"og:description\" content=\"WASHINGTON &#8211; L\u2019Alg\u00e9rie a remont\u00e9 dans le classement du rapport annuel sur le trafic de personnes, \u00e9tabli par le d\u00e9partement d&rsquo;Etat am\u00e9ricain, figurant d\u00e9sormais dans la cat\u00e9gorie 2 au lieu de la cat\u00e9gorie 3 qu\u2019elle occupait l\u2019ann\u00e9e derni\u00e8re. &#013; &#013; \u00ab\u00a0Le gouvernement a enregistr\u00e9 des r\u00e9alisations cl\u00e9s durant la p\u00e9riode consid\u00e9r\u00e9e. En cons\u00e9quence (le classement\" \/>\n<meta property=\"og:url\" content=\"https:\/\/www.info-algerie.com\/actualites\/traite-detres-humains-lalgerie-a-la-2e-categorie-du-classement-etabli-par-le-departement-detat\/\" \/>\n<meta property=\"og:site_name\" content=\"info algerie\" \/>\n<meta property=\"article:publisher\" content=\"https:\/\/www.facebook.com\/infoalgerieactu\" \/>\n<meta property=\"article:published_time\" content=\"2017-06-28T07:23:14+00:00\" \/>\n<meta property=\"og:image\" content=\"https:\/\/www.info-algerie.com\/actualites\/wp-content\/uploads\/2017\/06\/9979df773979b4da432cf1fe51307136_S-1.jpg\" \/>\n\t<meta property=\"og:image:width\" content=\"280\" \/>\n\t<meta property=\"og:image:height\" content=\"169\" \/>\n\t<meta property=\"og:image:type\" content=\"image\/jpeg\" \/>\n<meta name=\"author\" content=\"La r\u00e9daction\" \/>\n<meta name=\"twitter:label1\" content=\"\u00c9crit par\" \/>\n\t<meta name=\"twitter:data1\" content=\"La r\u00e9daction\" \/>\n\t<meta name=\"twitter:label2\" content=\"Dur\u00e9e de lecture estim\u00e9e\" \/>\n\t<meta name=\"twitter:data2\" content=\"4 minutes\" \/>\n<script type=\"application\/ld+json\" class=\"yoast-schema-graph\">{\"@context\":\"https:\\\/\\\/schema.org\",\"@graph\":[{\"@type\":\"Article\",\"@id\":\"https:\\\/\\\/www.info-algerie.com\\\/actualites\\\/traite-detres-humains-lalgerie-a-la-2e-categorie-du-classement-etabli-par-le-departement-detat\\\/#article\",\"isPartOf\":{\"@id\":\"https:\\\/\\\/www.info-algerie.com\\\/actualites\\\/traite-detres-humains-lalgerie-a-la-2e-categorie-du-classement-etabli-par-le-departement-detat\\\/\"},\"author\":{\"name\":\"La r\u00e9daction\",\"@id\":\"https:\\\/\\\/www.info-algerie.com\\\/actualites\\\/#\\\/schema\\\/person\\\/847aaec44920825b843a08f30ec6aa1e\"},\"headline\":\"Traite d\u2019\u00eatres humains: l\u2019Alg\u00e9rie \u00e0 la 2e cat\u00e9gorie du classement \u00e9tabli par le d\u00e9partement d\u2019Etat\",\"datePublished\":\"2017-06-28T07:23:14+00:00\",\"mainEntityOfPage\":{\"@id\":\"https:\\\/\\\/www.info-algerie.com\\\/actualites\\\/traite-detres-humains-lalgerie-a-la-2e-categorie-du-classement-etabli-par-le-departement-detat\\\/\"},\"wordCount\":769,\"commentCount\":0,\"publisher\":{\"@id\":\"https:\\\/\\\/www.info-algerie.com\\\/actualites\\\/#organization\"},\"image\":{\"@id\":\"https:\\\/\\\/www.info-algerie.com\\\/actualites\\\/traite-detres-humains-lalgerie-a-la-2e-categorie-du-classement-etabli-par-le-departement-detat\\\/#primaryimage\"},\"thumbnailUrl\":\"https:\\\/\\\/www.info-algerie.com\\\/actualites\\\/wp-content\\\/uploads\\\/2017\\\/06\\\/9979df773979b4da432cf1fe51307136_S-1.jpg\",\"keywords\":[\"ONU\"],\"articleSection\":[\"infos\"],\"inLanguage\":\"fr-FR\",\"potentialAction\":[{\"@type\":\"CommentAction\",\"name\":\"Comment\",\"target\":[\"https:\\\/\\\/www.info-algerie.com\\\/actualites\\\/traite-detres-humains-lalgerie-a-la-2e-categorie-du-classement-etabli-par-le-departement-detat\\\/#respond\"]}]},{\"@type\":\"WebPage\",\"@id\":\"https:\\\/\\\/www.info-algerie.com\\\/actualites\\\/traite-detres-humains-lalgerie-a-la-2e-categorie-du-classement-etabli-par-le-departement-detat\\\/\",\"url\":\"https:\\\/\\\/www.info-algerie.com\\\/actualites\\\/traite-detres-humains-lalgerie-a-la-2e-categorie-du-classement-etabli-par-le-departement-detat\\\/\",\"name\":\"Traite d\u2019\u00eatres humains: l\u2019Alg\u00e9rie \u00e0 la 2e cat\u00e9gorie du classement \u00e9tabli par le d\u00e9partement d\u2019Etat - info algerie\",\"isPartOf\":{\"@id\":\"https:\\\/\\\/www.info-algerie.com\\\/actualites\\\/#website\"},\"primaryImageOfPage\":{\"@id\":\"https:\\\/\\\/www.info-algerie.com\\\/actualites\\\/traite-detres-humains-lalgerie-a-la-2e-categorie-du-classement-etabli-par-le-departement-detat\\\/#primaryimage\"},\"image\":{\"@id\":\"https:\\\/\\\/www.info-algerie.com\\\/actualites\\\/traite-detres-humains-lalgerie-a-la-2e-categorie-du-classement-etabli-par-le-departement-detat\\\/#primaryimage\"},\"thumbnailUrl\":\"https:\\\/\\\/www.info-algerie.com\\\/actualites\\\/wp-content\\\/uploads\\\/2017\\\/06\\\/9979df773979b4da432cf1fe51307136_S-1.jpg\",\"datePublished\":\"2017-06-28T07:23:14+00:00\",\"breadcrumb\":{\"@id\":\"https:\\\/\\\/www.info-algerie.com\\\/actualites\\\/traite-detres-humains-lalgerie-a-la-2e-categorie-du-classement-etabli-par-le-departement-detat\\\/#breadcrumb\"},\"inLanguage\":\"fr-FR\",\"potentialAction\":[{\"@type\":\"ReadAction\",\"target\":[\"https:\\\/\\\/www.info-algerie.com\\\/actualites\\\/traite-detres-humains-lalgerie-a-la-2e-categorie-du-classement-etabli-par-le-departement-detat\\\/\"]}]},{\"@type\":\"ImageObject\",\"inLanguage\":\"fr-FR\",\"@id\":\"https:\\\/\\\/www.info-algerie.com\\\/actualites\\\/traite-detres-humains-lalgerie-a-la-2e-categorie-du-classement-etabli-par-le-departement-detat\\\/#primaryimage\",\"url\":\"https:\\\/\\\/www.info-algerie.com\\\/actualites\\\/wp-content\\\/uploads\\\/2017\\\/06\\\/9979df773979b4da432cf1fe51307136_S-1.jpg\",\"contentUrl\":\"https:\\\/\\\/www.info-algerie.com\\\/actualites\\\/wp-content\\\/uploads\\\/2017\\\/06\\\/9979df773979b4da432cf1fe51307136_S-1.jpg\",\"width\":280,\"height\":169},{\"@type\":\"BreadcrumbList\",\"@id\":\"https:\\\/\\\/www.info-algerie.com\\\/actualites\\\/traite-detres-humains-lalgerie-a-la-2e-categorie-du-classement-etabli-par-le-departement-detat\\\/#breadcrumb\",\"itemListElement\":[{\"@type\":\"ListItem\",\"position\":1,\"name\":\"Accueil\",\"item\":\"https:\\\/\\\/www.info-algerie.com\\\/actualites\\\/\"},{\"@type\":\"ListItem\",\"position\":2,\"name\":\"Traite d\u2019\u00eatres humains: l\u2019Alg\u00e9rie \u00e0 la 2e cat\u00e9gorie du classement \u00e9tabli par le d\u00e9partement d\u2019Etat\"}]},{\"@type\":\"WebSite\",\"@id\":\"https:\\\/\\\/www.info-algerie.com\\\/actualites\\\/#website\",\"url\":\"https:\\\/\\\/www.info-algerie.com\\\/actualites\\\/\",\"name\":\"info algerie\",\"description\":\"Toutes les actualit\u00e9s\",\"publisher\":{\"@id\":\"https:\\\/\\\/www.info-algerie.com\\\/actualites\\\/#organization\"},\"potentialAction\":[{\"@type\":\"SearchAction\",\"target\":{\"@type\":\"EntryPoint\",\"urlTemplate\":\"https:\\\/\\\/www.info-algerie.com\\\/actualites\\\/?s={search_term_string}\"},\"query-input\":{\"@type\":\"PropertyValueSpecification\",\"valueRequired\":true,\"valueName\":\"search_term_string\"}}],\"inLanguage\":\"fr-FR\"},{\"@type\":\"Organization\",\"@id\":\"https:\\\/\\\/www.info-algerie.com\\\/actualites\\\/#organization\",\"name\":\"info algerie\",\"url\":\"https:\\\/\\\/www.info-algerie.com\\\/actualites\\\/\",\"logo\":{\"@type\":\"ImageObject\",\"inLanguage\":\"fr-FR\",\"@id\":\"https:\\\/\\\/www.info-algerie.com\\\/actualites\\\/#\\\/schema\\\/logo\\\/image\\\/\",\"url\":\"https:\\\/\\\/www.info-algerie.com\\\/actualites\\\/wp-content\\\/uploads\\\/2022\\\/07\\\/logo-ia-120.png\",\"contentUrl\":\"https:\\\/\\\/www.info-algerie.com\\\/actualites\\\/wp-content\\\/uploads\\\/2022\\\/07\\\/logo-ia-120.png\",\"width\":120,\"height\":43,\"caption\":\"info algerie\"},\"image\":{\"@id\":\"https:\\\/\\\/www.info-algerie.com\\\/actualites\\\/#\\\/schema\\\/logo\\\/image\\\/\"},\"sameAs\":[\"https:\\\/\\\/www.facebook.com\\\/infoalgerieactu\",\"https:\\\/\\\/x.com\\\/infoalgerie1\"]},{\"@type\":\"Person\",\"@id\":\"https:\\\/\\\/www.info-algerie.com\\\/actualites\\\/#\\\/schema\\\/person\\\/847aaec44920825b843a08f30ec6aa1e\",\"name\":\"La r\u00e9daction\",\"image\":{\"@type\":\"ImageObject\",\"inLanguage\":\"fr-FR\",\"@id\":\"https:\\\/\\\/secure.gravatar.com\\\/avatar\\\/769db425c6f465158149f1ffd6cf61ce7a8a879d11dfbef8288af36dfddd418c?s=96&d=mm&r=g\",\"url\":\"https:\\\/\\\/secure.gravatar.com\\\/avatar\\\/769db425c6f465158149f1ffd6cf61ce7a8a879d11dfbef8288af36dfddd418c?s=96&d=mm&r=g\",\"contentUrl\":\"https:\\\/\\\/secure.gravatar.com\\\/avatar\\\/769db425c6f465158149f1ffd6cf61ce7a8a879d11dfbef8288af36dfddd418c?s=96&d=mm&r=g\",\"caption\":\"La r\u00e9daction\"},\"sameAs\":[\"http:\\\/\\\/www.lkeria.com\\\/\"],\"url\":\"https:\\\/\\\/www.info-algerie.com\\\/actualites\\\/author\\\/chakib32\\\/\"}]}<\/script>\n<!-- \/ Yoast SEO plugin. -->","yoast_head_json":{"title":"Traite d\u2019\u00eatres humains: l\u2019Alg\u00e9rie \u00e0 la 2e cat\u00e9gorie du classement \u00e9tabli par le d\u00e9partement d\u2019Etat - info algerie","robots":{"index":"index","follow":"follow","max-snippet":"max-snippet:-1","max-image-preview":"max-image-preview:large","max-video-preview":"max-video-preview:-1"},"canonical":"https:\/\/www.info-algerie.com\/actualites\/traite-detres-humains-lalgerie-a-la-2e-categorie-du-classement-etabli-par-le-departement-detat\/","og_locale":"fr_FR","og_type":"article","og_title":"Traite d\u2019\u00eatres humains: l\u2019Alg\u00e9rie \u00e0 la 2e cat\u00e9gorie du classement \u00e9tabli par le d\u00e9partement d\u2019Etat - info algerie","og_description":"WASHINGTON &#8211; L\u2019Alg\u00e9rie a remont\u00e9 dans le classement du rapport annuel sur le trafic de personnes, \u00e9tabli par le d\u00e9partement d&rsquo;Etat am\u00e9ricain, figurant d\u00e9sormais dans la cat\u00e9gorie 2 au lieu de la cat\u00e9gorie 3 qu\u2019elle occupait l\u2019ann\u00e9e derni\u00e8re. &#013; &#013; \u00ab\u00a0Le gouvernement a enregistr\u00e9 des r\u00e9alisations cl\u00e9s durant la p\u00e9riode consid\u00e9r\u00e9e. En cons\u00e9quence (le classement","og_url":"https:\/\/www.info-algerie.com\/actualites\/traite-detres-humains-lalgerie-a-la-2e-categorie-du-classement-etabli-par-le-departement-detat\/","og_site_name":"info algerie","article_publisher":"https:\/\/www.facebook.com\/infoalgerieactu","article_published_time":"2017-06-28T07:23:14+00:00","og_image":[{"width":280,"height":169,"url":"https:\/\/www.info-algerie.com\/actualites\/wp-content\/uploads\/2017\/06\/9979df773979b4da432cf1fe51307136_S-1.jpg","type":"image\/jpeg"}],"author":"La r\u00e9daction","twitter_misc":{"\u00c9crit par":"La r\u00e9daction","Dur\u00e9e de lecture estim\u00e9e":"4 minutes"},"schema":{"@context":"https:\/\/schema.org","@graph":[{"@type":"Article","@id":"https:\/\/www.info-algerie.com\/actualites\/traite-detres-humains-lalgerie-a-la-2e-categorie-du-classement-etabli-par-le-departement-detat\/#article","isPartOf":{"@id":"https:\/\/www.info-algerie.com\/actualites\/traite-detres-humains-lalgerie-a-la-2e-categorie-du-classement-etabli-par-le-departement-detat\/"},"author":{"name":"La r\u00e9daction","@id":"https:\/\/www.info-algerie.com\/actualites\/#\/schema\/person\/847aaec44920825b843a08f30ec6aa1e"},"headline":"Traite d\u2019\u00eatres humains: l\u2019Alg\u00e9rie \u00e0 la 2e cat\u00e9gorie du classement \u00e9tabli par le d\u00e9partement d\u2019Etat","datePublished":"2017-06-28T07:23:14+00:00","mainEntityOfPage":{"@id":"https:\/\/www.info-algerie.com\/actualites\/traite-detres-humains-lalgerie-a-la-2e-categorie-du-classement-etabli-par-le-departement-detat\/"},"wordCount":769,"commentCount":0,"publisher":{"@id":"https:\/\/www.info-algerie.com\/actualites\/#organization"},"image":{"@id":"https:\/\/www.info-algerie.com\/actualites\/traite-detres-humains-lalgerie-a-la-2e-categorie-du-classement-etabli-par-le-departement-detat\/#primaryimage"},"thumbnailUrl":"https:\/\/www.info-algerie.com\/actualites\/wp-content\/uploads\/2017\/06\/9979df773979b4da432cf1fe51307136_S-1.jpg","keywords":["ONU"],"articleSection":["infos"],"inLanguage":"fr-FR","potentialAction":[{"@type":"CommentAction","name":"Comment","target":["https:\/\/www.info-algerie.com\/actualites\/traite-detres-humains-lalgerie-a-la-2e-categorie-du-classement-etabli-par-le-departement-detat\/#respond"]}]},{"@type":"WebPage","@id":"https:\/\/www.info-algerie.com\/actualites\/traite-detres-humains-lalgerie-a-la-2e-categorie-du-classement-etabli-par-le-departement-detat\/","url":"https:\/\/www.info-algerie.com\/actualites\/traite-detres-humains-lalgerie-a-la-2e-categorie-du-classement-etabli-par-le-departement-detat\/","name":"Traite d\u2019\u00eatres humains: l\u2019Alg\u00e9rie \u00e0 la 2e cat\u00e9gorie du classement \u00e9tabli par le d\u00e9partement d\u2019Etat - info algerie","isPartOf":{"@id":"https:\/\/www.info-algerie.com\/actualites\/#website"},"primaryImageOfPage":{"@id":"https:\/\/www.info-algerie.com\/actualites\/traite-detres-humains-lalgerie-a-la-2e-categorie-du-classement-etabli-par-le-departement-detat\/#primaryimage"},"image":{"@id":"https:\/\/www.info-algerie.com\/actualites\/traite-detres-humains-lalgerie-a-la-2e-categorie-du-classement-etabli-par-le-departement-detat\/#primaryimage"},"thumbnailUrl":"https:\/\/www.info-algerie.com\/actualites\/wp-content\/uploads\/2017\/06\/9979df773979b4da432cf1fe51307136_S-1.jpg","datePublished":"2017-06-28T07:23:14+00:00","breadcrumb":{"@id":"https:\/\/www.info-algerie.com\/actualites\/traite-detres-humains-lalgerie-a-la-2e-categorie-du-classement-etabli-par-le-departement-detat\/#breadcrumb"},"inLanguage":"fr-FR","potentialAction":[{"@type":"ReadAction","target":["https:\/\/www.info-algerie.com\/actualites\/traite-detres-humains-lalgerie-a-la-2e-categorie-du-classement-etabli-par-le-departement-detat\/"]}]},{"@type":"ImageObject","inLanguage":"fr-FR","@id":"https:\/\/www.info-algerie.com\/actualites\/traite-detres-humains-lalgerie-a-la-2e-categorie-du-classement-etabli-par-le-departement-detat\/#primaryimage","url":"https:\/\/www.info-algerie.com\/actualites\/wp-content\/uploads\/2017\/06\/9979df773979b4da432cf1fe51307136_S-1.jpg","contentUrl":"https:\/\/www.info-algerie.com\/actualites\/wp-content\/uploads\/2017\/06\/9979df773979b4da432cf1fe51307136_S-1.jpg","width":280,"height":169},{"@type":"BreadcrumbList","@id":"https:\/\/www.info-algerie.com\/actualites\/traite-detres-humains-lalgerie-a-la-2e-categorie-du-classement-etabli-par-le-departement-detat\/#breadcrumb","itemListElement":[{"@type":"ListItem","position":1,"name":"Accueil","item":"https:\/\/www.info-algerie.com\/actualites\/"},{"@type":"ListItem","position":2,"name":"Traite d\u2019\u00eatres humains: l\u2019Alg\u00e9rie \u00e0 la 2e cat\u00e9gorie du classement \u00e9tabli par le d\u00e9partement d\u2019Etat"}]},{"@type":"WebSite","@id":"https:\/\/www.info-algerie.com\/actualites\/#website","url":"https:\/\/www.info-algerie.com\/actualites\/","name":"info algerie","description":"Toutes les actualit\u00e9s","publisher":{"@id":"https:\/\/www.info-algerie.com\/actualites\/#organization"},"potentialAction":[{"@type":"SearchAction","target":{"@type":"EntryPoint","urlTemplate":"https:\/\/www.info-algerie.com\/actualites\/?s={search_term_string}"},"query-input":{"@type":"PropertyValueSpecification","valueRequired":true,"valueName":"search_term_string"}}],"inLanguage":"fr-FR"},{"@type":"Organization","@id":"https:\/\/www.info-algerie.com\/actualites\/#organization","name":"info algerie","url":"https:\/\/www.info-algerie.com\/actualites\/","logo":{"@type":"ImageObject","inLanguage":"fr-FR","@id":"https:\/\/www.info-algerie.com\/actualites\/#\/schema\/logo\/image\/","url":"https:\/\/www.info-algerie.com\/actualites\/wp-content\/uploads\/2022\/07\/logo-ia-120.png","contentUrl":"https:\/\/www.info-algerie.com\/actualites\/wp-content\/uploads\/2022\/07\/logo-ia-120.png","width":120,"height":43,"caption":"info algerie"},"image":{"@id":"https:\/\/www.info-algerie.com\/actualites\/#\/schema\/logo\/image\/"},"sameAs":["https:\/\/www.facebook.com\/infoalgerieactu","https:\/\/x.com\/infoalgerie1"]},{"@type":"Person","@id":"https:\/\/www.info-algerie.com\/actualites\/#\/schema\/person\/847aaec44920825b843a08f30ec6aa1e","name":"La r\u00e9daction","image":{"@type":"ImageObject","inLanguage":"fr-FR","@id":"https:\/\/secure.gravatar.com\/avatar\/769db425c6f465158149f1ffd6cf61ce7a8a879d11dfbef8288af36dfddd418c?s=96&d=mm&r=g","url":"https:\/\/secure.gravatar.com\/avatar\/769db425c6f465158149f1ffd6cf61ce7a8a879d11dfbef8288af36dfddd418c?s=96&d=mm&r=g","contentUrl":"https:\/\/secure.gravatar.com\/avatar\/769db425c6f465158149f1ffd6cf61ce7a8a879d11dfbef8288af36dfddd418c?s=96&d=mm&r=g","caption":"La r\u00e9daction"},"sameAs":["http:\/\/www.lkeria.com\/"],"url":"https:\/\/www.info-algerie.com\/actualites\/author\/chakib32\/"}]}},"_links":{"self":[{"href":"https:\/\/www.info-algerie.com\/actualites\/wp-json\/wp\/v2\/posts\/13581","targetHints":{"allow":["GET"]}}],"collection":[{"href":"https:\/\/www.info-algerie.com\/actualites\/wp-json\/wp\/v2\/posts"}],"about":[{"href":"https:\/\/www.info-algerie.com\/actualites\/wp-json\/wp\/v2\/types\/post"}],"author":[{"embeddable":true,"href":"https:\/\/www.info-algerie.com\/actualites\/wp-json\/wp\/v2\/users\/6"}],"replies":[{"embeddable":true,"href":"https:\/\/www.info-algerie.com\/actualites\/wp-json\/wp\/v2\/comments?post=13581"}],"version-history":[{"count":0,"href":"https:\/\/www.info-algerie.com\/actualites\/wp-json\/wp\/v2\/posts\/13581\/revisions"}],"wp:featuredmedia":[{"embeddable":true,"href":"https:\/\/www.info-algerie.com\/actualites\/wp-json\/wp\/v2\/media\/13582"}],"wp:attachment":[{"href":"https:\/\/www.info-algerie.com\/actualites\/wp-json\/wp\/v2\/media?parent=13581"}],"wp:term":[{"taxonomy":"category","embeddable":true,"href":"https:\/\/www.info-algerie.com\/actualites\/wp-json\/wp\/v2\/categories?post=13581"},{"taxonomy":"post_tag","embeddable":true,"href":"https:\/\/www.info-algerie.com\/actualites\/wp-json\/wp\/v2\/tags?post=13581"}],"curies":[{"name":"wp","href":"https:\/\/api.w.org\/{rel}","templated":true}]}}