{"id":13589,"date":"2017-06-28T12:49:24","date_gmt":"2017-06-28T11:49:24","guid":{"rendered":"http:\/\/www.info-algerie.com\/actualites\/31e-session-du-conseil-executif-de-lua-messahel-a-addis-abeba\/"},"modified":"2017-06-28T12:49:24","modified_gmt":"2017-06-28T11:49:24","slug":"31e-session-du-conseil-executif-de-lua-messahel-a-addis-abeba","status":"publish","type":"post","link":"https:\/\/www.info-algerie.com\/actualites\/31e-session-du-conseil-executif-de-lua-messahel-a-addis-abeba\/","title":{"rendered":"31e session du Conseil ex\u00e9cutif de l\u2019UA: Messahel \u00e0 Addis Abeba"},"content":{"rendered":"<div class=\"K2FeedImage\"><img decoding=\"async\" src=\"https:\/\/www.info-algerie.com\/actualites\/wp-content\/uploads\/2017\/06\/2eae51ff9c3870b490a857a91001a7ff_S.jpg\" alt=\"31e session du Conseil ex&#xE9;cutif de l&#x2019;UA: Messahel &#xE0; Addis Abeba\" \/><\/div>\n<div class=\"K2FeedIntroText\">\n<p>ALGER &#8211; Le ministre des Affaires \u00e9trang\u00e8res, Abdelkader Messahel, pr\u00e9sidera la d\u00e9l\u00e9gation alg\u00e9rienne aux travaux de la 31\u00e8me session du Conseil ex\u00e9cutif de l\u2019Union africaine (UA), qui se tiendra \u00e0 Addis-Abeba les 30 juin et 1er juillet 2017, indique mercredi le minist\u00e8re des Affaires \u00e9trang\u00e8res dans un communiqu\u00e9.<\/p>\n<p>&#013;\n<\/p><\/div>\n<div class=\"K2FeedFullText\">&#013;<\/p>\n<p>Cette session, qui s\u2019inscrit dans le cadre des pr\u00e9paratifs de la 29\u00e8me session de la Conf\u00e9rence des chefs d&rsquo;Etat et de gouvernement, pr\u00e9vue les 3 et 4 juillet 2017, \u00ab\u00a0examinera le rapport du comit\u00e9 des repr\u00e9sentants permanents de l&rsquo;UA ainsi qu&rsquo;un certain nombre de questions importantes, en particulier le suivi de l\u2019Agenda 2063 de l&rsquo;UA et son Plan d\u00e9cennal de mise en \u0153uvre\u00a0\u00bb, pr\u00e9cise la m\u00eame source.<\/p>\n<p>&#013;<\/p>\n<p>Les ministres des Affaires \u00e9trang\u00e8res proc\u00e8deront, \u00e9galement, \u00e0 l&rsquo;\u00e9lection\u00a0<\/p>\n<p>&#013;<\/p>\n<p>de deux membres de la Commission et des membres du Conseil consultatif de l&rsquo;UA sur la corruption et la Commission africaine des droits de l\u2019homme et des peuples, souligne le communiqu\u00e9, ajoutant que les membres \u00e9lus, dans ce\u00a0 cadre, seront nomm\u00e9s par la Conf\u00e9rence des chefs d&rsquo;Etat et de gouvernement.\u00a0<\/p>\n<p>&#013;<\/p>\n<p class=\"MsoNormal\">Enfin, le Conseil ex\u00e9cutif aura \u00e0 \u00e9tudier, lors de cette session, les projets de d\u00e9cisions et de d\u00e9clarations devant \u00eatre adopt\u00e9s par les chefs d&rsquo;Etat et de gouvernement de l&rsquo;Union.\u00a0<\/p>\n<\/div>\n<p>&#013;<br \/>\nSource: <a href=\"http:\/\/www.aps.dz\/algerie\/59482-31e-session-du-conseil-executif-de-l-ua-messahel-a-addis-abeba\" target=\"_blank\">31e session du Conseil ex\u00e9cutif de l\u2019UA: Messahel \u00e0 Addis Abeba<\/a><\/p>\n<!--CusAds0-->\n<div style=\"font-size: 0px; height: 0px; line-height: 0px; margin: 0; padding: 0; clear: both;\"><\/div>","protected":false},"excerpt":{"rendered":"<p>ALGER &#8211; Le ministre des Affaires \u00e9trang\u00e8res, Abdelkader Messahel, pr\u00e9sidera la d\u00e9l\u00e9gation alg\u00e9rienne aux travaux de la 31\u00e8me session du Conseil ex\u00e9cutif de l\u2019Union africaine (UA), qui se tiendra \u00e0 Addis-Abeba les 30 juin et 1er juillet 2017, indique mercredi le minist\u00e8re des Affaires \u00e9trang\u00e8res dans un communiqu\u00e9. &#013; &#013; Cette session, qui s\u2019inscrit dans<\/p>\n","protected":false},"author":6,"featured_media":13590,"comment_status":"open","ping_status":"open","sticky":false,"template":"","format":"standard","meta":{"footnotes":""},"categories":[22],"tags":[93],"class_list":["post-13589","post","type-post","status-publish","format-standard","has-post-thumbnail","hentry","category-infos","tag-onu"],"yoast_head":"<!-- This site is optimized with the Yoast SEO plugin v27.5 - https:\/\/yoast.com\/product\/yoast-seo-wordpress\/ -->\n<title>31e session du Conseil ex\u00e9cutif de l\u2019UA: Messahel \u00e0 Addis Abeba - info algerie<\/title>\n<meta name=\"robots\" content=\"index, follow, max-snippet:-1, max-image-preview:large, max-video-preview:-1\" \/>\n<link rel=\"canonical\" href=\"https:\/\/www.info-algerie.com\/actualites\/31e-session-du-conseil-executif-de-lua-messahel-a-addis-abeba\/\" \/>\n<meta property=\"og:locale\" content=\"fr_FR\" \/>\n<meta property=\"og:type\" content=\"article\" \/>\n<meta property=\"og:title\" content=\"31e session du Conseil ex\u00e9cutif de l\u2019UA: Messahel \u00e0 Addis Abeba - info algerie\" \/>\n<meta property=\"og:description\" content=\"ALGER &#8211; Le ministre des Affaires \u00e9trang\u00e8res, Abdelkader Messahel, pr\u00e9sidera la d\u00e9l\u00e9gation alg\u00e9rienne aux travaux de la 31\u00e8me session du Conseil ex\u00e9cutif de l\u2019Union africaine (UA), qui se tiendra \u00e0 Addis-Abeba les 30 juin et 1er juillet 2017, indique mercredi le minist\u00e8re des Affaires \u00e9trang\u00e8res dans un communiqu\u00e9. &#013; &#013; Cette session, qui s\u2019inscrit dans\" \/>\n<meta property=\"og:url\" content=\"https:\/\/www.info-algerie.com\/actualites\/31e-session-du-conseil-executif-de-lua-messahel-a-addis-abeba\/\" \/>\n<meta property=\"og:site_name\" content=\"info algerie\" \/>\n<meta property=\"article:publisher\" content=\"https:\/\/www.facebook.com\/infoalgerieactu\" \/>\n<meta property=\"article:published_time\" content=\"2017-06-28T11:49:24+00:00\" \/>\n<meta property=\"og:image\" content=\"https:\/\/www.info-algerie.com\/actualites\/wp-content\/uploads\/2017\/06\/2eae51ff9c3870b490a857a91001a7ff_S-1.jpg\" \/>\n\t<meta property=\"og:image:width\" content=\"280\" \/>\n\t<meta property=\"og:image:height\" content=\"169\" \/>\n\t<meta property=\"og:image:type\" content=\"image\/jpeg\" \/>\n<meta name=\"author\" content=\"La r\u00e9daction\" \/>\n<meta name=\"twitter:label1\" content=\"\u00c9crit par\" \/>\n\t<meta name=\"twitter:data1\" content=\"La r\u00e9daction\" \/>\n\t<meta name=\"twitter:label2\" content=\"Dur\u00e9e de lecture estim\u00e9e\" \/>\n\t<meta name=\"twitter:data2\" content=\"1 minute\" \/>\n<script type=\"application\/ld+json\" class=\"yoast-schema-graph\">{\"@context\":\"https:\\\/\\\/schema.org\",\"@graph\":[{\"@type\":\"Article\",\"@id\":\"https:\\\/\\\/www.info-algerie.com\\\/actualites\\\/31e-session-du-conseil-executif-de-lua-messahel-a-addis-abeba\\\/#article\",\"isPartOf\":{\"@id\":\"https:\\\/\\\/www.info-algerie.com\\\/actualites\\\/31e-session-du-conseil-executif-de-lua-messahel-a-addis-abeba\\\/\"},\"author\":{\"name\":\"La r\u00e9daction\",\"@id\":\"https:\\\/\\\/www.info-algerie.com\\\/actualites\\\/#\\\/schema\\\/person\\\/847aaec44920825b843a08f30ec6aa1e\"},\"headline\":\"31e session du Conseil ex\u00e9cutif de l\u2019UA: Messahel \u00e0 Addis Abeba\",\"datePublished\":\"2017-06-28T11:49:24+00:00\",\"mainEntityOfPage\":{\"@id\":\"https:\\\/\\\/www.info-algerie.com\\\/actualites\\\/31e-session-du-conseil-executif-de-lua-messahel-a-addis-abeba\\\/\"},\"wordCount\":256,\"commentCount\":0,\"publisher\":{\"@id\":\"https:\\\/\\\/www.info-algerie.com\\\/actualites\\\/#organization\"},\"image\":{\"@id\":\"https:\\\/\\\/www.info-algerie.com\\\/actualites\\\/31e-session-du-conseil-executif-de-lua-messahel-a-addis-abeba\\\/#primaryimage\"},\"thumbnailUrl\":\"https:\\\/\\\/www.info-algerie.com\\\/actualites\\\/wp-content\\\/uploads\\\/2017\\\/06\\\/2eae51ff9c3870b490a857a91001a7ff_S-1.jpg\",\"keywords\":[\"ONU\"],\"articleSection\":[\"infos\"],\"inLanguage\":\"fr-FR\",\"potentialAction\":[{\"@type\":\"CommentAction\",\"name\":\"Comment\",\"target\":[\"https:\\\/\\\/www.info-algerie.com\\\/actualites\\\/31e-session-du-conseil-executif-de-lua-messahel-a-addis-abeba\\\/#respond\"]}]},{\"@type\":\"WebPage\",\"@id\":\"https:\\\/\\\/www.info-algerie.com\\\/actualites\\\/31e-session-du-conseil-executif-de-lua-messahel-a-addis-abeba\\\/\",\"url\":\"https:\\\/\\\/www.info-algerie.com\\\/actualites\\\/31e-session-du-conseil-executif-de-lua-messahel-a-addis-abeba\\\/\",\"name\":\"31e session du Conseil ex\u00e9cutif de l\u2019UA: Messahel \u00e0 Addis Abeba - info algerie\",\"isPartOf\":{\"@id\":\"https:\\\/\\\/www.info-algerie.com\\\/actualites\\\/#website\"},\"primaryImageOfPage\":{\"@id\":\"https:\\\/\\\/www.info-algerie.com\\\/actualites\\\/31e-session-du-conseil-executif-de-lua-messahel-a-addis-abeba\\\/#primaryimage\"},\"image\":{\"@id\":\"https:\\\/\\\/www.info-algerie.com\\\/actualites\\\/31e-session-du-conseil-executif-de-lua-messahel-a-addis-abeba\\\/#primaryimage\"},\"thumbnailUrl\":\"https:\\\/\\\/www.info-algerie.com\\\/actualites\\\/wp-content\\\/uploads\\\/2017\\\/06\\\/2eae51ff9c3870b490a857a91001a7ff_S-1.jpg\",\"datePublished\":\"2017-06-28T11:49:24+00:00\",\"breadcrumb\":{\"@id\":\"https:\\\/\\\/www.info-algerie.com\\\/actualites\\\/31e-session-du-conseil-executif-de-lua-messahel-a-addis-abeba\\\/#breadcrumb\"},\"inLanguage\":\"fr-FR\",\"potentialAction\":[{\"@type\":\"ReadAction\",\"target\":[\"https:\\\/\\\/www.info-algerie.com\\\/actualites\\\/31e-session-du-conseil-executif-de-lua-messahel-a-addis-abeba\\\/\"]}]},{\"@type\":\"ImageObject\",\"inLanguage\":\"fr-FR\",\"@id\":\"https:\\\/\\\/www.info-algerie.com\\\/actualites\\\/31e-session-du-conseil-executif-de-lua-messahel-a-addis-abeba\\\/#primaryimage\",\"url\":\"https:\\\/\\\/www.info-algerie.com\\\/actualites\\\/wp-content\\\/uploads\\\/2017\\\/06\\\/2eae51ff9c3870b490a857a91001a7ff_S-1.jpg\",\"contentUrl\":\"https:\\\/\\\/www.info-algerie.com\\\/actualites\\\/wp-content\\\/uploads\\\/2017\\\/06\\\/2eae51ff9c3870b490a857a91001a7ff_S-1.jpg\",\"width\":280,\"height\":169},{\"@type\":\"BreadcrumbList\",\"@id\":\"https:\\\/\\\/www.info-algerie.com\\\/actualites\\\/31e-session-du-conseil-executif-de-lua-messahel-a-addis-abeba\\\/#breadcrumb\",\"itemListElement\":[{\"@type\":\"ListItem\",\"position\":1,\"name\":\"Accueil\",\"item\":\"https:\\\/\\\/www.info-algerie.com\\\/actualites\\\/\"},{\"@type\":\"ListItem\",\"position\":2,\"name\":\"31e session du Conseil ex\u00e9cutif de l\u2019UA: Messahel \u00e0 Addis Abeba\"}]},{\"@type\":\"WebSite\",\"@id\":\"https:\\\/\\\/www.info-algerie.com\\\/actualites\\\/#website\",\"url\":\"https:\\\/\\\/www.info-algerie.com\\\/actualites\\\/\",\"name\":\"info algerie\",\"description\":\"Toutes les actualit\u00e9s\",\"publisher\":{\"@id\":\"https:\\\/\\\/www.info-algerie.com\\\/actualites\\\/#organization\"},\"potentialAction\":[{\"@type\":\"SearchAction\",\"target\":{\"@type\":\"EntryPoint\",\"urlTemplate\":\"https:\\\/\\\/www.info-algerie.com\\\/actualites\\\/?s={search_term_string}\"},\"query-input\":{\"@type\":\"PropertyValueSpecification\",\"valueRequired\":true,\"valueName\":\"search_term_string\"}}],\"inLanguage\":\"fr-FR\"},{\"@type\":\"Organization\",\"@id\":\"https:\\\/\\\/www.info-algerie.com\\\/actualites\\\/#organization\",\"name\":\"info algerie\",\"url\":\"https:\\\/\\\/www.info-algerie.com\\\/actualites\\\/\",\"logo\":{\"@type\":\"ImageObject\",\"inLanguage\":\"fr-FR\",\"@id\":\"https:\\\/\\\/www.info-algerie.com\\\/actualites\\\/#\\\/schema\\\/logo\\\/image\\\/\",\"url\":\"https:\\\/\\\/www.info-algerie.com\\\/actualites\\\/wp-content\\\/uploads\\\/2022\\\/07\\\/logo-ia-120.png\",\"contentUrl\":\"https:\\\/\\\/www.info-algerie.com\\\/actualites\\\/wp-content\\\/uploads\\\/2022\\\/07\\\/logo-ia-120.png\",\"width\":120,\"height\":43,\"caption\":\"info algerie\"},\"image\":{\"@id\":\"https:\\\/\\\/www.info-algerie.com\\\/actualites\\\/#\\\/schema\\\/logo\\\/image\\\/\"},\"sameAs\":[\"https:\\\/\\\/www.facebook.com\\\/infoalgerieactu\",\"https:\\\/\\\/x.com\\\/infoalgerie1\"]},{\"@type\":\"Person\",\"@id\":\"https:\\\/\\\/www.info-algerie.com\\\/actualites\\\/#\\\/schema\\\/person\\\/847aaec44920825b843a08f30ec6aa1e\",\"name\":\"La r\u00e9daction\",\"image\":{\"@type\":\"ImageObject\",\"inLanguage\":\"fr-FR\",\"@id\":\"https:\\\/\\\/secure.gravatar.com\\\/avatar\\\/769db425c6f465158149f1ffd6cf61ce7a8a879d11dfbef8288af36dfddd418c?s=96&d=mm&r=g\",\"url\":\"https:\\\/\\\/secure.gravatar.com\\\/avatar\\\/769db425c6f465158149f1ffd6cf61ce7a8a879d11dfbef8288af36dfddd418c?s=96&d=mm&r=g\",\"contentUrl\":\"https:\\\/\\\/secure.gravatar.com\\\/avatar\\\/769db425c6f465158149f1ffd6cf61ce7a8a879d11dfbef8288af36dfddd418c?s=96&d=mm&r=g\",\"caption\":\"La r\u00e9daction\"},\"sameAs\":[\"http:\\\/\\\/www.lkeria.com\\\/\"],\"url\":\"https:\\\/\\\/www.info-algerie.com\\\/actualites\\\/author\\\/chakib32\\\/\"}]}<\/script>\n<!-- \/ Yoast SEO plugin. -->","yoast_head_json":{"title":"31e session du Conseil ex\u00e9cutif de l\u2019UA: Messahel \u00e0 Addis Abeba - info algerie","robots":{"index":"index","follow":"follow","max-snippet":"max-snippet:-1","max-image-preview":"max-image-preview:large","max-video-preview":"max-video-preview:-1"},"canonical":"https:\/\/www.info-algerie.com\/actualites\/31e-session-du-conseil-executif-de-lua-messahel-a-addis-abeba\/","og_locale":"fr_FR","og_type":"article","og_title":"31e session du Conseil ex\u00e9cutif de l\u2019UA: Messahel \u00e0 Addis Abeba - info algerie","og_description":"ALGER &#8211; Le ministre des Affaires \u00e9trang\u00e8res, Abdelkader Messahel, pr\u00e9sidera la d\u00e9l\u00e9gation alg\u00e9rienne aux travaux de la 31\u00e8me session du Conseil ex\u00e9cutif de l\u2019Union africaine (UA), qui se tiendra \u00e0 Addis-Abeba les 30 juin et 1er juillet 2017, indique mercredi le minist\u00e8re des Affaires \u00e9trang\u00e8res dans un communiqu\u00e9. &#013; &#013; Cette session, qui s\u2019inscrit dans","og_url":"https:\/\/www.info-algerie.com\/actualites\/31e-session-du-conseil-executif-de-lua-messahel-a-addis-abeba\/","og_site_name":"info algerie","article_publisher":"https:\/\/www.facebook.com\/infoalgerieactu","article_published_time":"2017-06-28T11:49:24+00:00","og_image":[{"width":280,"height":169,"url":"https:\/\/www.info-algerie.com\/actualites\/wp-content\/uploads\/2017\/06\/2eae51ff9c3870b490a857a91001a7ff_S-1.jpg","type":"image\/jpeg"}],"author":"La r\u00e9daction","twitter_misc":{"\u00c9crit par":"La r\u00e9daction","Dur\u00e9e de lecture estim\u00e9e":"1 minute"},"schema":{"@context":"https:\/\/schema.org","@graph":[{"@type":"Article","@id":"https:\/\/www.info-algerie.com\/actualites\/31e-session-du-conseil-executif-de-lua-messahel-a-addis-abeba\/#article","isPartOf":{"@id":"https:\/\/www.info-algerie.com\/actualites\/31e-session-du-conseil-executif-de-lua-messahel-a-addis-abeba\/"},"author":{"name":"La r\u00e9daction","@id":"https:\/\/www.info-algerie.com\/actualites\/#\/schema\/person\/847aaec44920825b843a08f30ec6aa1e"},"headline":"31e session du Conseil ex\u00e9cutif de l\u2019UA: Messahel \u00e0 Addis Abeba","datePublished":"2017-06-28T11:49:24+00:00","mainEntityOfPage":{"@id":"https:\/\/www.info-algerie.com\/actualites\/31e-session-du-conseil-executif-de-lua-messahel-a-addis-abeba\/"},"wordCount":256,"commentCount":0,"publisher":{"@id":"https:\/\/www.info-algerie.com\/actualites\/#organization"},"image":{"@id":"https:\/\/www.info-algerie.com\/actualites\/31e-session-du-conseil-executif-de-lua-messahel-a-addis-abeba\/#primaryimage"},"thumbnailUrl":"https:\/\/www.info-algerie.com\/actualites\/wp-content\/uploads\/2017\/06\/2eae51ff9c3870b490a857a91001a7ff_S-1.jpg","keywords":["ONU"],"articleSection":["infos"],"inLanguage":"fr-FR","potentialAction":[{"@type":"CommentAction","name":"Comment","target":["https:\/\/www.info-algerie.com\/actualites\/31e-session-du-conseil-executif-de-lua-messahel-a-addis-abeba\/#respond"]}]},{"@type":"WebPage","@id":"https:\/\/www.info-algerie.com\/actualites\/31e-session-du-conseil-executif-de-lua-messahel-a-addis-abeba\/","url":"https:\/\/www.info-algerie.com\/actualites\/31e-session-du-conseil-executif-de-lua-messahel-a-addis-abeba\/","name":"31e session du Conseil ex\u00e9cutif de l\u2019UA: Messahel \u00e0 Addis Abeba - info algerie","isPartOf":{"@id":"https:\/\/www.info-algerie.com\/actualites\/#website"},"primaryImageOfPage":{"@id":"https:\/\/www.info-algerie.com\/actualites\/31e-session-du-conseil-executif-de-lua-messahel-a-addis-abeba\/#primaryimage"},"image":{"@id":"https:\/\/www.info-algerie.com\/actualites\/31e-session-du-conseil-executif-de-lua-messahel-a-addis-abeba\/#primaryimage"},"thumbnailUrl":"https:\/\/www.info-algerie.com\/actualites\/wp-content\/uploads\/2017\/06\/2eae51ff9c3870b490a857a91001a7ff_S-1.jpg","datePublished":"2017-06-28T11:49:24+00:00","breadcrumb":{"@id":"https:\/\/www.info-algerie.com\/actualites\/31e-session-du-conseil-executif-de-lua-messahel-a-addis-abeba\/#breadcrumb"},"inLanguage":"fr-FR","potentialAction":[{"@type":"ReadAction","target":["https:\/\/www.info-algerie.com\/actualites\/31e-session-du-conseil-executif-de-lua-messahel-a-addis-abeba\/"]}]},{"@type":"ImageObject","inLanguage":"fr-FR","@id":"https:\/\/www.info-algerie.com\/actualites\/31e-session-du-conseil-executif-de-lua-messahel-a-addis-abeba\/#primaryimage","url":"https:\/\/www.info-algerie.com\/actualites\/wp-content\/uploads\/2017\/06\/2eae51ff9c3870b490a857a91001a7ff_S-1.jpg","contentUrl":"https:\/\/www.info-algerie.com\/actualites\/wp-content\/uploads\/2017\/06\/2eae51ff9c3870b490a857a91001a7ff_S-1.jpg","width":280,"height":169},{"@type":"BreadcrumbList","@id":"https:\/\/www.info-algerie.com\/actualites\/31e-session-du-conseil-executif-de-lua-messahel-a-addis-abeba\/#breadcrumb","itemListElement":[{"@type":"ListItem","position":1,"name":"Accueil","item":"https:\/\/www.info-algerie.com\/actualites\/"},{"@type":"ListItem","position":2,"name":"31e session du Conseil ex\u00e9cutif de l\u2019UA: Messahel \u00e0 Addis Abeba"}]},{"@type":"WebSite","@id":"https:\/\/www.info-algerie.com\/actualites\/#website","url":"https:\/\/www.info-algerie.com\/actualites\/","name":"info algerie","description":"Toutes les actualit\u00e9s","publisher":{"@id":"https:\/\/www.info-algerie.com\/actualites\/#organization"},"potentialAction":[{"@type":"SearchAction","target":{"@type":"EntryPoint","urlTemplate":"https:\/\/www.info-algerie.com\/actualites\/?s={search_term_string}"},"query-input":{"@type":"PropertyValueSpecification","valueRequired":true,"valueName":"search_term_string"}}],"inLanguage":"fr-FR"},{"@type":"Organization","@id":"https:\/\/www.info-algerie.com\/actualites\/#organization","name":"info algerie","url":"https:\/\/www.info-algerie.com\/actualites\/","logo":{"@type":"ImageObject","inLanguage":"fr-FR","@id":"https:\/\/www.info-algerie.com\/actualites\/#\/schema\/logo\/image\/","url":"https:\/\/www.info-algerie.com\/actualites\/wp-content\/uploads\/2022\/07\/logo-ia-120.png","contentUrl":"https:\/\/www.info-algerie.com\/actualites\/wp-content\/uploads\/2022\/07\/logo-ia-120.png","width":120,"height":43,"caption":"info algerie"},"image":{"@id":"https:\/\/www.info-algerie.com\/actualites\/#\/schema\/logo\/image\/"},"sameAs":["https:\/\/www.facebook.com\/infoalgerieactu","https:\/\/x.com\/infoalgerie1"]},{"@type":"Person","@id":"https:\/\/www.info-algerie.com\/actualites\/#\/schema\/person\/847aaec44920825b843a08f30ec6aa1e","name":"La r\u00e9daction","image":{"@type":"ImageObject","inLanguage":"fr-FR","@id":"https:\/\/secure.gravatar.com\/avatar\/769db425c6f465158149f1ffd6cf61ce7a8a879d11dfbef8288af36dfddd418c?s=96&d=mm&r=g","url":"https:\/\/secure.gravatar.com\/avatar\/769db425c6f465158149f1ffd6cf61ce7a8a879d11dfbef8288af36dfddd418c?s=96&d=mm&r=g","contentUrl":"https:\/\/secure.gravatar.com\/avatar\/769db425c6f465158149f1ffd6cf61ce7a8a879d11dfbef8288af36dfddd418c?s=96&d=mm&r=g","caption":"La r\u00e9daction"},"sameAs":["http:\/\/www.lkeria.com\/"],"url":"https:\/\/www.info-algerie.com\/actualites\/author\/chakib32\/"}]}},"_links":{"self":[{"href":"https:\/\/www.info-algerie.com\/actualites\/wp-json\/wp\/v2\/posts\/13589","targetHints":{"allow":["GET"]}}],"collection":[{"href":"https:\/\/www.info-algerie.com\/actualites\/wp-json\/wp\/v2\/posts"}],"about":[{"href":"https:\/\/www.info-algerie.com\/actualites\/wp-json\/wp\/v2\/types\/post"}],"author":[{"embeddable":true,"href":"https:\/\/www.info-algerie.com\/actualites\/wp-json\/wp\/v2\/users\/6"}],"replies":[{"embeddable":true,"href":"https:\/\/www.info-algerie.com\/actualites\/wp-json\/wp\/v2\/comments?post=13589"}],"version-history":[{"count":0,"href":"https:\/\/www.info-algerie.com\/actualites\/wp-json\/wp\/v2\/posts\/13589\/revisions"}],"wp:featuredmedia":[{"embeddable":true,"href":"https:\/\/www.info-algerie.com\/actualites\/wp-json\/wp\/v2\/media\/13590"}],"wp:attachment":[{"href":"https:\/\/www.info-algerie.com\/actualites\/wp-json\/wp\/v2\/media?parent=13589"}],"wp:term":[{"taxonomy":"category","embeddable":true,"href":"https:\/\/www.info-algerie.com\/actualites\/wp-json\/wp\/v2\/categories?post=13589"},{"taxonomy":"post_tag","embeddable":true,"href":"https:\/\/www.info-algerie.com\/actualites\/wp-json\/wp\/v2\/tags?post=13589"}],"curies":[{"name":"wp","href":"https:\/\/api.w.org\/{rel}","templated":true}]}}