{"id":13603,"date":"2017-06-28T18:18:41","date_gmt":"2017-06-28T17:18:41","guid":{"rendered":"http:\/\/www.info-algerie.com\/actualites\/le-gouvernement-ouvrira-les-canaux-du-dialogue-avec-les-composantes-du-tissu-national-pour-expliquer-son-plan-daction\/"},"modified":"2017-06-28T18:18:41","modified_gmt":"2017-06-28T17:18:41","slug":"le-gouvernement-ouvrira-les-canaux-du-dialogue-avec-les-composantes-du-tissu-national-pour-expliquer-son-plan-daction","status":"publish","type":"post","link":"https:\/\/www.info-algerie.com\/actualites\/le-gouvernement-ouvrira-les-canaux-du-dialogue-avec-les-composantes-du-tissu-national-pour-expliquer-son-plan-daction\/","title":{"rendered":"Le gouvernement ouvrira les canaux du dialogue avec les composantes du tissu national pour expliquer son Plan d&#039;action"},"content":{"rendered":"<div class=\"K2FeedImage\"><img decoding=\"async\" src=\"https:\/\/www.info-algerie.com\/actualites\/wp-content\/uploads\/2017\/06\/3744682cbc3d631c714799fe71c55a4f_S.jpg\" alt=\"Le gouvernement ouvrira les canaux du dialogue avec les composantes du tissu national pour expliquer son Plan d'action\" \/><\/div>\n<div class=\"K2FeedIntroText\">\n<p class=\"MsoNoSpacing\">ALGER- Le Premier ministre, Abdelmadjid Tebboune, a affirm\u00e9 mercredi \u00e0 Alger que le gouvernement ouvrira les canaux du dialogue et de concertation avec l&rsquo;ensemble des composantes du tissu national, qu&rsquo;elles soient politiques, syndicales, acad\u00e9miques ou associatives, pour expliquer sa d\u00e9marche et aboutir \u00e0 un consensus \u00e0 m\u00eame de faciliter la r\u00e9alisation des objectifs trac\u00e9s dans son Plan d&rsquo;action.<\/p>\n<p>&#013;\n<\/p><\/div>\n<div class=\"K2FeedFullText\">&#013;<\/p>\n<p>Le gouvernement est conscient qu&rsquo;un consensus autour des questions nationales majeures facilitera grandement la r\u00e9alisation des objectifs trac\u00e9s dans son Plan d&rsquo;action pour la mise en oeuvre du programme du pr\u00e9sident de la R\u00e9publique, a indiqu\u00e9 M. Tebboune lors de la pr\u00e9sentation du Plan d&rsquo;action du gouvernement devant les membres du Conseil de la nation, apr\u00e8s <a href=\"http:\/\/www.aps.dz\/algerie\/59361-l-assemblee-populaire-nationale-adopte-a-la-majorite-le-plan-d-action-du-gouvernement\"><strong>son adoption vendredi par l&rsquo;Assembl\u00e9e populaire nationale<\/strong><\/a> (APN).<\/p>\n<p>&#013;<\/p>\n<p>Il a ajout\u00e9 que \u00ab\u00a0le gouvernement s&rsquo;att\u00e8lera \u00e0 l&rsquo;ouverture de canaux du dialogue et de concertation avec toutes les composantes du tissus national, qu&rsquo;elles soient politiques, syndicales, acad\u00e9miques ou associatives pour expliquer la d\u00e9marche de l&rsquo;ex\u00e9cutif, obtenir la confiance et l&rsquo;adh\u00e9sion de toutes les cat\u00e9gories du peuple\u00a0\u00bb.<\/p>\n<p>&#013;<\/p>\n<p>Le Premier ministre a affirm\u00e9 que le gouvernement \u00ab\u00a0s&rsquo;\u00e9loignera des pol\u00e9miques st\u00e9riles pour focaliser son effort collectif sur la r\u00e9alisation de sa mission en faisant pr\u00e9valoir la stabilit\u00e9 du pays et la coh\u00e9sion sociale au dessus de toute autre consid\u00e9ration\u00a0\u00bb.<\/p>\n<p>&#013;<\/p>\n<p>Par ailleurs, M. Tebboune a mis en avant l&rsquo;attachement du gouvernement \u00e0 pr\u00e9server les grands \u00e9quilibres \u00e9conomiques,\u00a0 \u00ab\u00a0gage de notre ind\u00e9pendance et de notre capacit\u00e9 \u00e0 r\u00e9aliser nos futurs projets de d\u00e9veloppement\u00a0\u00bb, avant d&rsquo;annoncer la mise en place \u00ab\u00a0de m\u00e9canismes interactifs pour le contr\u00f4le de l&rsquo;action gouvernementale pour d\u00e9terminer les entraves et les difficult\u00e9s et proc\u00e9der rapidement et efficacement \u00e0 leur traitement\u00a0\u00bb.<\/p>\n<p>&#013;<\/p>\n<p>Le chef de l&rsquo;ex\u00e9cutif a fait savoir que le pr\u00e9sident de la R\u00e9publique l&rsquo;a charg\u00e9 d&rsquo;une mission \u00ab\u00a0noble et importante en m\u00eame temps, une mission \u00e0 la hauteur de la grandeur de l&rsquo;Alg\u00e9rie et des aspirations de son peuple\u00a0\u00bb.<\/p>\n<p>&#013;<\/p>\n<p>\u00ab\u00a0Cette responsabilit\u00e9 nous l&rsquo;assumons en \u00e9tant conscient de l&rsquo;imp\u00e9ratif de ne pas d\u00e9cevoir les espoirs de millions de nos concitoyens et d&rsquo;\u00eatre \u00e0 la hauteur de la confiance que nous a accord\u00e9 la plus haute autorit\u00e9 du pays\u00a0\u00bb, a d\u00e9clar\u00e9 M. Tebboune, appelant \u00e0 \u00ab\u00a0l&rsquo;ensemble des loyaux enfants du pays \u00e0 travailler ensemble pour \u00e9crire une nouvelle page de la glorieux marche de la Nation alg\u00e9rienne\u00a0\u00bb.<\/p>\n<p>&#013;<\/p>\n<p>Evoquant l&rsquo;examen du Plan d&rsquo;action du gouvernement au Conseil de la nation, M. Tebboune a pr\u00e9cis\u00e9 que la derni\u00e8re r\u00e9vision de la Constitution \u00ab\u00a0a renforc\u00e9 le r\u00f4le et les pr\u00e9rogatives du Conseil (de la nation) en mati\u00e8re l\u00e9gislative et de contr\u00f4le et consacr\u00e9 la compl\u00e9mentarit\u00e9 entre les deux chambres du Parlement au service de la consolidation de l&rsquo;exercice d\u00e9mocratique dans notre pays et de l&rsquo;expression de la volont\u00e9 du peuple souverain\u00a0\u00bb.<\/p>\n<p>&#013;<\/p>\n<p>La r\u00e9vision \u00ab\u00a0qui est venue concr\u00e9tiser l&rsquo;engagement du pr\u00e9sident de la R\u00e9publique, Abdelaziz Bouteflika, \u00e0 mener \u00e0 bien les r\u00e9formes politiques visant \u00e0 r\u00e9pondre aux aspirations du peuple et \u00e0 s&rsquo;adapter aux mutations dans le monde, a permis de prot\u00e9ger l&rsquo;identit\u00e9 et l&rsquo;unit\u00e9 de notre peuple, de renforcer les droits de l&rsquo;homme et les libert\u00e9s des citoyens, de promouvoir la d\u00e9mocratie, de consolider les fondements de l&rsquo;Etat de droit et d&rsquo;approfondir l&rsquo;ind\u00e9pendance de la magistrature\u00a0\u00bb, a ajout\u00e9 le Premier ministre.<\/p>\n<p>&#013;<\/p>\n<p>M. Tebboune s&rsquo;est dit confiant que les membres du Conseil de la nation \u00ab\u00a0sauront faire preuve du sens de responsabilit\u00e9 et de maturit\u00e9 n\u00e9cessaires pour faire face aux d\u00e9fis de l&rsquo;heure partant de leur souci d&rsquo;oeuvrer au d\u00e9veloppement et \u00e0 la prosp\u00e9rit\u00e9 de notre pays et \u00e0 la r\u00e9union des conditions d&rsquo;une vie d\u00e9cente et du d\u00e9veloppement socio \u00e9conomique de notre peuple\u00a0\u00bb.<\/p>\n<p>&#013;<\/p>\n<p>Affirmant que le gouvernement reste attentif aux avis, remarques et propositions des membres du Conseil de la nation, le Premier ministre a souhait\u00e9 un raffermissement de la coop\u00e9ration entre les deux institutions pour permettre au pays de continuer \u00e0 avancer r\u00e9solument sur la voie de la stabilit\u00e9, du d\u00e9veloppement, de la modernit\u00e9 et de la cons\u00e9cration des traditions de la pratique d\u00e9mocratique.<\/p>\n<p>&#013;<\/p>\n<p>Pour M. Tebboune, l&rsquo;importance des d\u00e9bats est dict\u00e9e par le caract\u00e8re sensible de la conjoncture politique, \u00e9conomique et s\u00e9curitaire de l&rsquo;heure et la responsabilit\u00e9 collective \u00e0 saisir les enjeux actuels en oeuvrant pour un consensus national autour des voies et moyens d&rsquo;y faire face de mani\u00e8re \u00e0 pr\u00e9server l&rsquo;ind\u00e9pendance et la souverainet\u00e9 d\u00e9cisionnelle de l&rsquo;Alg\u00e9rie et poursuivre son processus de d\u00e9veloppement dans un monde qui ne fait pas de place aux peuples divis\u00e9s et h\u00e9sitant dans leurs choix politiques et \u00e9conomiques.<\/p>\n<p>&#013;<\/p>\n<p>Il s&rsquo;agit, a ajout\u00e9 M. Tebboune, du serment de pr\u00e9servation de l&rsquo;Alg\u00e9rie des martyrs et du devoir de b\u00e2tir l&rsquo;Alg\u00e9rie du 21e si\u00e8cle, une Alg\u00e9rie stable, concili\u00e9e avec elle-m\u00eame et tourn\u00e9e avec d\u00e9termination et optimisme vers l&rsquo;avenir\u00a0\u00bb.<\/p>\n<p>&#013;<\/p>\n<p>\u00ab\u00a0La mission pourrait \u00eatre difficile, ardue et probablement confront\u00e9e \u00e0 des obstacles, mais je demeure confiant en notre r\u00e9ussite car nous ne voulons que le bien pour notre patrie\u00a0\u00bb, a d\u00e9clar\u00e9 le chef de l&rsquo;Ex\u00e9cutif.<\/p>\n<p>&#013;<\/p>\n<p>D\u00e9taillant les cinq axes du plan d&rsquo;action du gouvernement, le Premier ministre a affirm\u00e9 que ce dernier vise \u00ab\u00a0la pr\u00e9servation de la coh\u00e9sion sociale et la reconsid\u00e9ration des priorit\u00e9s suivant des donn\u00e9es conjoncturelles et objectives\u00a0\u00bb. Il a expliqu\u00e9 que \u00ab\u00a0la priorit\u00e9 sera accord\u00e9e \u00e0 la concr\u00e9tisation des nouvelles dispositions induites par la derni\u00e8re r\u00e9vision de la Constitution \u00e0 travers des textes juridiques et r\u00e9glementaires outre la consolidation des droits des citoyens et des libert\u00e9s et la modernisation des Services publics\u00a0\u00bb.<\/p>\n<p>&#013;<\/p>\n<p>\u00ab\u00a0Oeuvrer \u00e0 la cons\u00e9cration des composantes de notre identit\u00e9 nationale dans toutes ses dimensions pour raffermir davantage l&rsquo;unit\u00e9 nationale et bannir le fondamentalisme, l&rsquo;extr\u00e9mismes et la d\u00e9sint\u00e9gration culturelle\u00a0\u00bb sont \u00e9galement d&rsquo;autres objectifs du plan d&rsquo;action du gouvernement, a-t-il\u00a0indiqu\u00e9.<\/p>\n<p>&#013;<\/p>\n<p>Le Premier ministre a mis l&rsquo;accent sur l&rsquo;effort particulier \u00e0 consentie en vue de moraliser la vie publique et r\u00e9pondre \u00e0 une revendication populaire pressente en termes de transparence totale et de plus de garanties en mati\u00e8re de justice et d&rsquo;\u00e9quit\u00e9 dans les divers domaines de la vie sociale, politique, \u00e9conomique, outre la cons\u00e9cration de la libert\u00e9 d&rsquo;expression.<\/p>\n<p>&#013;<\/p>\n<p>Par ailleurs, M. Tebboune a mis l&rsquo;accent sur l&rsquo;attachement du gouvernement \u00e0 promouvoir une pratique religieuse mod\u00e9r\u00e9e conforme au r\u00e9f\u00e9rent islamique et national \u00ab\u00a0au moment o\u00f9 l&rsquo;extr\u00eamise et le sectarisme ont bris\u00e9 les liens dans le monde arabo-musulman\u00a0\u00bb.<\/p>\n<p>&#013;<\/p>\n<p>Sur un autre registre, le Premier ministre a mis l&rsquo;accent sur la n\u00e9cessit\u00e9 de d\u00e9velopper l&rsquo;industrie cin\u00e9matographique.<\/p>\n<p>&#013;<\/p>\n<p>Par ailleurs, il a affirm\u00e9 que \u00ab\u00a0nos forces arm\u00e9es et notre diplomatie veillent \u00e0 la pr\u00e9servation de l&rsquo;ind\u00e9pendance et de la souverainet\u00e9 nationale, \u00e0 la d\u00e9fense de l&rsquo;int\u00e9grit\u00e9 territoriale et \u00e0 la s\u00e9curit\u00e9 des biens et des personnes, outre l&rsquo;affirmation de nos positions souveraines en mati\u00e8re de politique ext\u00e9rieure, de soutien aux causes justes, de consolidation des liens avec\u00a0 la communaut\u00e9 nationale \u00e9tablie \u00e0 l&rsquo;\u00e9tranger \u00e0 travers la pr\u00e9servation de ses droits et la prise en charge de ses pr\u00e9occupations\u00a0\u00bb.<\/p>\n<p>&#013;<\/p>\n<p>\u00a0<\/p>\n<p>&#013;<\/p>\n<p>A noter que les membres du Conseil de la nation ont entam\u00e9 le d\u00e9bat autour du plan d&rsquo;action du gouvernement, juste apr\u00e8s l&rsquo;intervention du Premier ministre.<\/p>\n<\/div>\n<p>&#013;<br \/>\nSource: <a href=\"http:\/\/www.aps.dz\/algerie\/59498-le-gouvernement-ouvrira-les-canaux-du-dialogue-avec-les-composantes-du-tissu-national-pour-expliquer-son-plan-d-action\" target=\"_blank\">Le gouvernement ouvrira les canaux du dialogue avec les composantes du tissu national pour expliquer son Plan d&rsquo;action<\/a><\/p>\n<!--CusAds0-->\n<div style=\"font-size: 0px; height: 0px; line-height: 0px; margin: 0; padding: 0; clear: both;\"><\/div>","protected":false},"excerpt":{"rendered":"<p>ALGER- Le Premier ministre, Abdelmadjid Tebboune, a affirm\u00e9 mercredi \u00e0 Alger que le gouvernement ouvrira les canaux du dialogue et de concertation avec l&rsquo;ensemble des composantes du tissu national, qu&rsquo;elles soient politiques, syndicales, acad\u00e9miques ou associatives, pour expliquer sa d\u00e9marche et aboutir \u00e0 un consensus \u00e0 m\u00eame de faciliter la r\u00e9alisation des objectifs trac\u00e9s dans<\/p>\n","protected":false},"author":6,"featured_media":13604,"comment_status":"open","ping_status":"open","sticky":false,"template":"","format":"standard","meta":{"footnotes":""},"categories":[22],"tags":[93],"class_list":["post-13603","post","type-post","status-publish","format-standard","has-post-thumbnail","hentry","category-infos","tag-onu"],"yoast_head":"<!-- This site is optimized with the Yoast SEO plugin v27.5 - https:\/\/yoast.com\/product\/yoast-seo-wordpress\/ -->\n<title>Le gouvernement ouvrira les canaux du dialogue avec les composantes du tissu national pour expliquer son Plan d&#039;action - info algerie<\/title>\n<meta name=\"robots\" content=\"index, follow, max-snippet:-1, max-image-preview:large, max-video-preview:-1\" \/>\n<link rel=\"canonical\" href=\"https:\/\/www.info-algerie.com\/actualites\/le-gouvernement-ouvrira-les-canaux-du-dialogue-avec-les-composantes-du-tissu-national-pour-expliquer-son-plan-daction\/\" \/>\n<meta property=\"og:locale\" content=\"fr_FR\" \/>\n<meta property=\"og:type\" content=\"article\" \/>\n<meta property=\"og:title\" content=\"Le gouvernement ouvrira les canaux du dialogue avec les composantes du tissu national pour expliquer son Plan d&#039;action - info algerie\" \/>\n<meta property=\"og:description\" content=\"ALGER- Le Premier ministre, Abdelmadjid Tebboune, a affirm\u00e9 mercredi \u00e0 Alger que le gouvernement ouvrira les canaux du dialogue et de concertation avec l&rsquo;ensemble des composantes du tissu national, qu&rsquo;elles soient politiques, syndicales, acad\u00e9miques ou associatives, pour expliquer sa d\u00e9marche et aboutir \u00e0 un consensus \u00e0 m\u00eame de faciliter la r\u00e9alisation des objectifs trac\u00e9s dans\" \/>\n<meta property=\"og:url\" content=\"https:\/\/www.info-algerie.com\/actualites\/le-gouvernement-ouvrira-les-canaux-du-dialogue-avec-les-composantes-du-tissu-national-pour-expliquer-son-plan-daction\/\" \/>\n<meta property=\"og:site_name\" content=\"info algerie\" \/>\n<meta property=\"article:publisher\" content=\"https:\/\/www.facebook.com\/infoalgerieactu\" \/>\n<meta property=\"article:published_time\" content=\"2017-06-28T17:18:41+00:00\" \/>\n<meta property=\"og:image\" content=\"https:\/\/www.info-algerie.com\/actualites\/wp-content\/uploads\/2017\/06\/3744682cbc3d631c714799fe71c55a4f_S-1.jpg\" \/>\n\t<meta property=\"og:image:width\" content=\"280\" \/>\n\t<meta property=\"og:image:height\" content=\"186\" \/>\n\t<meta property=\"og:image:type\" content=\"image\/jpeg\" \/>\n<meta name=\"author\" content=\"La r\u00e9daction\" \/>\n<meta name=\"twitter:label1\" content=\"\u00c9crit par\" \/>\n\t<meta name=\"twitter:data1\" content=\"La r\u00e9daction\" \/>\n\t<meta name=\"twitter:label2\" content=\"Dur\u00e9e de lecture estim\u00e9e\" \/>\n\t<meta name=\"twitter:data2\" content=\"6 minutes\" \/>\n<script type=\"application\/ld+json\" class=\"yoast-schema-graph\">{\"@context\":\"https:\\\/\\\/schema.org\",\"@graph\":[{\"@type\":\"Article\",\"@id\":\"https:\\\/\\\/www.info-algerie.com\\\/actualites\\\/le-gouvernement-ouvrira-les-canaux-du-dialogue-avec-les-composantes-du-tissu-national-pour-expliquer-son-plan-daction\\\/#article\",\"isPartOf\":{\"@id\":\"https:\\\/\\\/www.info-algerie.com\\\/actualites\\\/le-gouvernement-ouvrira-les-canaux-du-dialogue-avec-les-composantes-du-tissu-national-pour-expliquer-son-plan-daction\\\/\"},\"author\":{\"name\":\"La r\u00e9daction\",\"@id\":\"https:\\\/\\\/www.info-algerie.com\\\/actualites\\\/#\\\/schema\\\/person\\\/847aaec44920825b843a08f30ec6aa1e\"},\"headline\":\"Le gouvernement ouvrira les canaux du dialogue avec les composantes du tissu national pour expliquer son Plan d&#039;action\",\"datePublished\":\"2017-06-28T17:18:41+00:00\",\"mainEntityOfPage\":{\"@id\":\"https:\\\/\\\/www.info-algerie.com\\\/actualites\\\/le-gouvernement-ouvrira-les-canaux-du-dialogue-avec-les-composantes-du-tissu-national-pour-expliquer-son-plan-daction\\\/\"},\"wordCount\":1358,\"commentCount\":0,\"publisher\":{\"@id\":\"https:\\\/\\\/www.info-algerie.com\\\/actualites\\\/#organization\"},\"image\":{\"@id\":\"https:\\\/\\\/www.info-algerie.com\\\/actualites\\\/le-gouvernement-ouvrira-les-canaux-du-dialogue-avec-les-composantes-du-tissu-national-pour-expliquer-son-plan-daction\\\/#primaryimage\"},\"thumbnailUrl\":\"https:\\\/\\\/www.info-algerie.com\\\/actualites\\\/wp-content\\\/uploads\\\/2017\\\/06\\\/3744682cbc3d631c714799fe71c55a4f_S-1.jpg\",\"keywords\":[\"ONU\"],\"articleSection\":[\"infos\"],\"inLanguage\":\"fr-FR\",\"potentialAction\":[{\"@type\":\"CommentAction\",\"name\":\"Comment\",\"target\":[\"https:\\\/\\\/www.info-algerie.com\\\/actualites\\\/le-gouvernement-ouvrira-les-canaux-du-dialogue-avec-les-composantes-du-tissu-national-pour-expliquer-son-plan-daction\\\/#respond\"]}]},{\"@type\":\"WebPage\",\"@id\":\"https:\\\/\\\/www.info-algerie.com\\\/actualites\\\/le-gouvernement-ouvrira-les-canaux-du-dialogue-avec-les-composantes-du-tissu-national-pour-expliquer-son-plan-daction\\\/\",\"url\":\"https:\\\/\\\/www.info-algerie.com\\\/actualites\\\/le-gouvernement-ouvrira-les-canaux-du-dialogue-avec-les-composantes-du-tissu-national-pour-expliquer-son-plan-daction\\\/\",\"name\":\"Le gouvernement ouvrira les canaux du dialogue avec les composantes du tissu national pour expliquer son Plan d&#039;action - info algerie\",\"isPartOf\":{\"@id\":\"https:\\\/\\\/www.info-algerie.com\\\/actualites\\\/#website\"},\"primaryImageOfPage\":{\"@id\":\"https:\\\/\\\/www.info-algerie.com\\\/actualites\\\/le-gouvernement-ouvrira-les-canaux-du-dialogue-avec-les-composantes-du-tissu-national-pour-expliquer-son-plan-daction\\\/#primaryimage\"},\"image\":{\"@id\":\"https:\\\/\\\/www.info-algerie.com\\\/actualites\\\/le-gouvernement-ouvrira-les-canaux-du-dialogue-avec-les-composantes-du-tissu-national-pour-expliquer-son-plan-daction\\\/#primaryimage\"},\"thumbnailUrl\":\"https:\\\/\\\/www.info-algerie.com\\\/actualites\\\/wp-content\\\/uploads\\\/2017\\\/06\\\/3744682cbc3d631c714799fe71c55a4f_S-1.jpg\",\"datePublished\":\"2017-06-28T17:18:41+00:00\",\"breadcrumb\":{\"@id\":\"https:\\\/\\\/www.info-algerie.com\\\/actualites\\\/le-gouvernement-ouvrira-les-canaux-du-dialogue-avec-les-composantes-du-tissu-national-pour-expliquer-son-plan-daction\\\/#breadcrumb\"},\"inLanguage\":\"fr-FR\",\"potentialAction\":[{\"@type\":\"ReadAction\",\"target\":[\"https:\\\/\\\/www.info-algerie.com\\\/actualites\\\/le-gouvernement-ouvrira-les-canaux-du-dialogue-avec-les-composantes-du-tissu-national-pour-expliquer-son-plan-daction\\\/\"]}]},{\"@type\":\"ImageObject\",\"inLanguage\":\"fr-FR\",\"@id\":\"https:\\\/\\\/www.info-algerie.com\\\/actualites\\\/le-gouvernement-ouvrira-les-canaux-du-dialogue-avec-les-composantes-du-tissu-national-pour-expliquer-son-plan-daction\\\/#primaryimage\",\"url\":\"https:\\\/\\\/www.info-algerie.com\\\/actualites\\\/wp-content\\\/uploads\\\/2017\\\/06\\\/3744682cbc3d631c714799fe71c55a4f_S-1.jpg\",\"contentUrl\":\"https:\\\/\\\/www.info-algerie.com\\\/actualites\\\/wp-content\\\/uploads\\\/2017\\\/06\\\/3744682cbc3d631c714799fe71c55a4f_S-1.jpg\",\"width\":280,\"height\":186},{\"@type\":\"BreadcrumbList\",\"@id\":\"https:\\\/\\\/www.info-algerie.com\\\/actualites\\\/le-gouvernement-ouvrira-les-canaux-du-dialogue-avec-les-composantes-du-tissu-national-pour-expliquer-son-plan-daction\\\/#breadcrumb\",\"itemListElement\":[{\"@type\":\"ListItem\",\"position\":1,\"name\":\"Accueil\",\"item\":\"https:\\\/\\\/www.info-algerie.com\\\/actualites\\\/\"},{\"@type\":\"ListItem\",\"position\":2,\"name\":\"Le gouvernement ouvrira les canaux du dialogue avec les composantes du tissu national pour expliquer son Plan d&#039;action\"}]},{\"@type\":\"WebSite\",\"@id\":\"https:\\\/\\\/www.info-algerie.com\\\/actualites\\\/#website\",\"url\":\"https:\\\/\\\/www.info-algerie.com\\\/actualites\\\/\",\"name\":\"info algerie\",\"description\":\"Toutes les actualit\u00e9s\",\"publisher\":{\"@id\":\"https:\\\/\\\/www.info-algerie.com\\\/actualites\\\/#organization\"},\"potentialAction\":[{\"@type\":\"SearchAction\",\"target\":{\"@type\":\"EntryPoint\",\"urlTemplate\":\"https:\\\/\\\/www.info-algerie.com\\\/actualites\\\/?s={search_term_string}\"},\"query-input\":{\"@type\":\"PropertyValueSpecification\",\"valueRequired\":true,\"valueName\":\"search_term_string\"}}],\"inLanguage\":\"fr-FR\"},{\"@type\":\"Organization\",\"@id\":\"https:\\\/\\\/www.info-algerie.com\\\/actualites\\\/#organization\",\"name\":\"info algerie\",\"url\":\"https:\\\/\\\/www.info-algerie.com\\\/actualites\\\/\",\"logo\":{\"@type\":\"ImageObject\",\"inLanguage\":\"fr-FR\",\"@id\":\"https:\\\/\\\/www.info-algerie.com\\\/actualites\\\/#\\\/schema\\\/logo\\\/image\\\/\",\"url\":\"https:\\\/\\\/www.info-algerie.com\\\/actualites\\\/wp-content\\\/uploads\\\/2022\\\/07\\\/logo-ia-120.png\",\"contentUrl\":\"https:\\\/\\\/www.info-algerie.com\\\/actualites\\\/wp-content\\\/uploads\\\/2022\\\/07\\\/logo-ia-120.png\",\"width\":120,\"height\":43,\"caption\":\"info algerie\"},\"image\":{\"@id\":\"https:\\\/\\\/www.info-algerie.com\\\/actualites\\\/#\\\/schema\\\/logo\\\/image\\\/\"},\"sameAs\":[\"https:\\\/\\\/www.facebook.com\\\/infoalgerieactu\",\"https:\\\/\\\/x.com\\\/infoalgerie1\"]},{\"@type\":\"Person\",\"@id\":\"https:\\\/\\\/www.info-algerie.com\\\/actualites\\\/#\\\/schema\\\/person\\\/847aaec44920825b843a08f30ec6aa1e\",\"name\":\"La r\u00e9daction\",\"image\":{\"@type\":\"ImageObject\",\"inLanguage\":\"fr-FR\",\"@id\":\"https:\\\/\\\/secure.gravatar.com\\\/avatar\\\/769db425c6f465158149f1ffd6cf61ce7a8a879d11dfbef8288af36dfddd418c?s=96&d=mm&r=g\",\"url\":\"https:\\\/\\\/secure.gravatar.com\\\/avatar\\\/769db425c6f465158149f1ffd6cf61ce7a8a879d11dfbef8288af36dfddd418c?s=96&d=mm&r=g\",\"contentUrl\":\"https:\\\/\\\/secure.gravatar.com\\\/avatar\\\/769db425c6f465158149f1ffd6cf61ce7a8a879d11dfbef8288af36dfddd418c?s=96&d=mm&r=g\",\"caption\":\"La r\u00e9daction\"},\"sameAs\":[\"http:\\\/\\\/www.lkeria.com\\\/\"],\"url\":\"https:\\\/\\\/www.info-algerie.com\\\/actualites\\\/author\\\/chakib32\\\/\"}]}<\/script>\n<!-- \/ Yoast SEO plugin. -->","yoast_head_json":{"title":"Le gouvernement ouvrira les canaux du dialogue avec les composantes du tissu national pour expliquer son Plan d&#039;action - info algerie","robots":{"index":"index","follow":"follow","max-snippet":"max-snippet:-1","max-image-preview":"max-image-preview:large","max-video-preview":"max-video-preview:-1"},"canonical":"https:\/\/www.info-algerie.com\/actualites\/le-gouvernement-ouvrira-les-canaux-du-dialogue-avec-les-composantes-du-tissu-national-pour-expliquer-son-plan-daction\/","og_locale":"fr_FR","og_type":"article","og_title":"Le gouvernement ouvrira les canaux du dialogue avec les composantes du tissu national pour expliquer son Plan d&#039;action - info algerie","og_description":"ALGER- Le Premier ministre, Abdelmadjid Tebboune, a affirm\u00e9 mercredi \u00e0 Alger que le gouvernement ouvrira les canaux du dialogue et de concertation avec l&rsquo;ensemble des composantes du tissu national, qu&rsquo;elles soient politiques, syndicales, acad\u00e9miques ou associatives, pour expliquer sa d\u00e9marche et aboutir \u00e0 un consensus \u00e0 m\u00eame de faciliter la r\u00e9alisation des objectifs trac\u00e9s dans","og_url":"https:\/\/www.info-algerie.com\/actualites\/le-gouvernement-ouvrira-les-canaux-du-dialogue-avec-les-composantes-du-tissu-national-pour-expliquer-son-plan-daction\/","og_site_name":"info algerie","article_publisher":"https:\/\/www.facebook.com\/infoalgerieactu","article_published_time":"2017-06-28T17:18:41+00:00","og_image":[{"width":280,"height":186,"url":"https:\/\/www.info-algerie.com\/actualites\/wp-content\/uploads\/2017\/06\/3744682cbc3d631c714799fe71c55a4f_S-1.jpg","type":"image\/jpeg"}],"author":"La r\u00e9daction","twitter_misc":{"\u00c9crit par":"La r\u00e9daction","Dur\u00e9e de lecture estim\u00e9e":"6 minutes"},"schema":{"@context":"https:\/\/schema.org","@graph":[{"@type":"Article","@id":"https:\/\/www.info-algerie.com\/actualites\/le-gouvernement-ouvrira-les-canaux-du-dialogue-avec-les-composantes-du-tissu-national-pour-expliquer-son-plan-daction\/#article","isPartOf":{"@id":"https:\/\/www.info-algerie.com\/actualites\/le-gouvernement-ouvrira-les-canaux-du-dialogue-avec-les-composantes-du-tissu-national-pour-expliquer-son-plan-daction\/"},"author":{"name":"La r\u00e9daction","@id":"https:\/\/www.info-algerie.com\/actualites\/#\/schema\/person\/847aaec44920825b843a08f30ec6aa1e"},"headline":"Le gouvernement ouvrira les canaux du dialogue avec les composantes du tissu national pour expliquer son Plan d&#039;action","datePublished":"2017-06-28T17:18:41+00:00","mainEntityOfPage":{"@id":"https:\/\/www.info-algerie.com\/actualites\/le-gouvernement-ouvrira-les-canaux-du-dialogue-avec-les-composantes-du-tissu-national-pour-expliquer-son-plan-daction\/"},"wordCount":1358,"commentCount":0,"publisher":{"@id":"https:\/\/www.info-algerie.com\/actualites\/#organization"},"image":{"@id":"https:\/\/www.info-algerie.com\/actualites\/le-gouvernement-ouvrira-les-canaux-du-dialogue-avec-les-composantes-du-tissu-national-pour-expliquer-son-plan-daction\/#primaryimage"},"thumbnailUrl":"https:\/\/www.info-algerie.com\/actualites\/wp-content\/uploads\/2017\/06\/3744682cbc3d631c714799fe71c55a4f_S-1.jpg","keywords":["ONU"],"articleSection":["infos"],"inLanguage":"fr-FR","potentialAction":[{"@type":"CommentAction","name":"Comment","target":["https:\/\/www.info-algerie.com\/actualites\/le-gouvernement-ouvrira-les-canaux-du-dialogue-avec-les-composantes-du-tissu-national-pour-expliquer-son-plan-daction\/#respond"]}]},{"@type":"WebPage","@id":"https:\/\/www.info-algerie.com\/actualites\/le-gouvernement-ouvrira-les-canaux-du-dialogue-avec-les-composantes-du-tissu-national-pour-expliquer-son-plan-daction\/","url":"https:\/\/www.info-algerie.com\/actualites\/le-gouvernement-ouvrira-les-canaux-du-dialogue-avec-les-composantes-du-tissu-national-pour-expliquer-son-plan-daction\/","name":"Le gouvernement ouvrira les canaux du dialogue avec les composantes du tissu national pour expliquer son Plan d&#039;action - info algerie","isPartOf":{"@id":"https:\/\/www.info-algerie.com\/actualites\/#website"},"primaryImageOfPage":{"@id":"https:\/\/www.info-algerie.com\/actualites\/le-gouvernement-ouvrira-les-canaux-du-dialogue-avec-les-composantes-du-tissu-national-pour-expliquer-son-plan-daction\/#primaryimage"},"image":{"@id":"https:\/\/www.info-algerie.com\/actualites\/le-gouvernement-ouvrira-les-canaux-du-dialogue-avec-les-composantes-du-tissu-national-pour-expliquer-son-plan-daction\/#primaryimage"},"thumbnailUrl":"https:\/\/www.info-algerie.com\/actualites\/wp-content\/uploads\/2017\/06\/3744682cbc3d631c714799fe71c55a4f_S-1.jpg","datePublished":"2017-06-28T17:18:41+00:00","breadcrumb":{"@id":"https:\/\/www.info-algerie.com\/actualites\/le-gouvernement-ouvrira-les-canaux-du-dialogue-avec-les-composantes-du-tissu-national-pour-expliquer-son-plan-daction\/#breadcrumb"},"inLanguage":"fr-FR","potentialAction":[{"@type":"ReadAction","target":["https:\/\/www.info-algerie.com\/actualites\/le-gouvernement-ouvrira-les-canaux-du-dialogue-avec-les-composantes-du-tissu-national-pour-expliquer-son-plan-daction\/"]}]},{"@type":"ImageObject","inLanguage":"fr-FR","@id":"https:\/\/www.info-algerie.com\/actualites\/le-gouvernement-ouvrira-les-canaux-du-dialogue-avec-les-composantes-du-tissu-national-pour-expliquer-son-plan-daction\/#primaryimage","url":"https:\/\/www.info-algerie.com\/actualites\/wp-content\/uploads\/2017\/06\/3744682cbc3d631c714799fe71c55a4f_S-1.jpg","contentUrl":"https:\/\/www.info-algerie.com\/actualites\/wp-content\/uploads\/2017\/06\/3744682cbc3d631c714799fe71c55a4f_S-1.jpg","width":280,"height":186},{"@type":"BreadcrumbList","@id":"https:\/\/www.info-algerie.com\/actualites\/le-gouvernement-ouvrira-les-canaux-du-dialogue-avec-les-composantes-du-tissu-national-pour-expliquer-son-plan-daction\/#breadcrumb","itemListElement":[{"@type":"ListItem","position":1,"name":"Accueil","item":"https:\/\/www.info-algerie.com\/actualites\/"},{"@type":"ListItem","position":2,"name":"Le gouvernement ouvrira les canaux du dialogue avec les composantes du tissu national pour expliquer son Plan d&#039;action"}]},{"@type":"WebSite","@id":"https:\/\/www.info-algerie.com\/actualites\/#website","url":"https:\/\/www.info-algerie.com\/actualites\/","name":"info algerie","description":"Toutes les actualit\u00e9s","publisher":{"@id":"https:\/\/www.info-algerie.com\/actualites\/#organization"},"potentialAction":[{"@type":"SearchAction","target":{"@type":"EntryPoint","urlTemplate":"https:\/\/www.info-algerie.com\/actualites\/?s={search_term_string}"},"query-input":{"@type":"PropertyValueSpecification","valueRequired":true,"valueName":"search_term_string"}}],"inLanguage":"fr-FR"},{"@type":"Organization","@id":"https:\/\/www.info-algerie.com\/actualites\/#organization","name":"info algerie","url":"https:\/\/www.info-algerie.com\/actualites\/","logo":{"@type":"ImageObject","inLanguage":"fr-FR","@id":"https:\/\/www.info-algerie.com\/actualites\/#\/schema\/logo\/image\/","url":"https:\/\/www.info-algerie.com\/actualites\/wp-content\/uploads\/2022\/07\/logo-ia-120.png","contentUrl":"https:\/\/www.info-algerie.com\/actualites\/wp-content\/uploads\/2022\/07\/logo-ia-120.png","width":120,"height":43,"caption":"info algerie"},"image":{"@id":"https:\/\/www.info-algerie.com\/actualites\/#\/schema\/logo\/image\/"},"sameAs":["https:\/\/www.facebook.com\/infoalgerieactu","https:\/\/x.com\/infoalgerie1"]},{"@type":"Person","@id":"https:\/\/www.info-algerie.com\/actualites\/#\/schema\/person\/847aaec44920825b843a08f30ec6aa1e","name":"La r\u00e9daction","image":{"@type":"ImageObject","inLanguage":"fr-FR","@id":"https:\/\/secure.gravatar.com\/avatar\/769db425c6f465158149f1ffd6cf61ce7a8a879d11dfbef8288af36dfddd418c?s=96&d=mm&r=g","url":"https:\/\/secure.gravatar.com\/avatar\/769db425c6f465158149f1ffd6cf61ce7a8a879d11dfbef8288af36dfddd418c?s=96&d=mm&r=g","contentUrl":"https:\/\/secure.gravatar.com\/avatar\/769db425c6f465158149f1ffd6cf61ce7a8a879d11dfbef8288af36dfddd418c?s=96&d=mm&r=g","caption":"La r\u00e9daction"},"sameAs":["http:\/\/www.lkeria.com\/"],"url":"https:\/\/www.info-algerie.com\/actualites\/author\/chakib32\/"}]}},"_links":{"self":[{"href":"https:\/\/www.info-algerie.com\/actualites\/wp-json\/wp\/v2\/posts\/13603","targetHints":{"allow":["GET"]}}],"collection":[{"href":"https:\/\/www.info-algerie.com\/actualites\/wp-json\/wp\/v2\/posts"}],"about":[{"href":"https:\/\/www.info-algerie.com\/actualites\/wp-json\/wp\/v2\/types\/post"}],"author":[{"embeddable":true,"href":"https:\/\/www.info-algerie.com\/actualites\/wp-json\/wp\/v2\/users\/6"}],"replies":[{"embeddable":true,"href":"https:\/\/www.info-algerie.com\/actualites\/wp-json\/wp\/v2\/comments?post=13603"}],"version-history":[{"count":0,"href":"https:\/\/www.info-algerie.com\/actualites\/wp-json\/wp\/v2\/posts\/13603\/revisions"}],"wp:featuredmedia":[{"embeddable":true,"href":"https:\/\/www.info-algerie.com\/actualites\/wp-json\/wp\/v2\/media\/13604"}],"wp:attachment":[{"href":"https:\/\/www.info-algerie.com\/actualites\/wp-json\/wp\/v2\/media?parent=13603"}],"wp:term":[{"taxonomy":"category","embeddable":true,"href":"https:\/\/www.info-algerie.com\/actualites\/wp-json\/wp\/v2\/categories?post=13603"},{"taxonomy":"post_tag","embeddable":true,"href":"https:\/\/www.info-algerie.com\/actualites\/wp-json\/wp\/v2\/tags?post=13603"}],"curies":[{"name":"wp","href":"https:\/\/api.w.org\/{rel}","templated":true}]}}