{"id":13611,"date":"2017-06-29T09:20:29","date_gmt":"2017-06-29T08:20:29","guid":{"rendered":"http:\/\/www.info-algerie.com\/actualites\/plan-daction-valorisation-de-la-ressource-humaine-pour-le-developpement-de-leconomie-et-la-poursuite-des-reformes\/"},"modified":"2017-06-29T09:20:29","modified_gmt":"2017-06-29T08:20:29","slug":"plan-daction-valorisation-de-la-ressource-humaine-pour-le-developpement-de-leconomie-et-la-poursuite-des-reformes","status":"publish","type":"post","link":"https:\/\/www.info-algerie.com\/actualites\/plan-daction-valorisation-de-la-ressource-humaine-pour-le-developpement-de-leconomie-et-la-poursuite-des-reformes\/","title":{"rendered":"Plan d&#039;action: valorisation de la ressource humaine pour le d\u00e9veloppement de l&#039;\u00e9conomie et la poursuite des r\u00e9formes"},"content":{"rendered":"<div class=\"K2FeedImage\"><img decoding=\"async\" src=\"https:\/\/www.info-algerie.com\/actualites\/wp-content\/uploads\/2017\/06\/2d3ebce5db6e7ddfd4aeece0f5e263fe_S.jpg\" alt=\"Plan d'action: valorisation de la ressource humaine pour le d&#xE9;veloppement de l'&#xE9;conomie et la poursuite des r&#xE9;formes\" \/><\/div>\n<div class=\"K2FeedIntroText\">\n<p>ALGER &#8211; Les membres du Conseil de la Nation ont centr\u00e9 mercredi leurs interventions sur l&rsquo;importance de promouvoir la ressource humaine pour r\u00e9aliser les objectifs trac\u00e9s par l&rsquo;Etat, d\u00e9velopper l&rsquo;\u00e9conomie nationale et poursuivre les r\u00e9formes engag\u00e9es dans plusieurs secteurs, notamment l&rsquo;administration, la sant\u00e9 et l&rsquo;enseignement.<\/p>\n<p>&#013;\n<\/p><\/div>\n<div class=\"K2FeedFullText\">&#013;<\/p>\n<p>Lors de la s\u00e9ance consacr\u00e9e mercredi au d\u00e9bat autour du plan d&rsquo;action du gouvernement, Nouara Djaafar a estim\u00e9 n\u00e9cessaire d&rsquo;investir dans le facteur humain pour s&rsquo;adapter aux mutations profondes que connait le monde dans plusieurs domaines.<\/p>\n<p>&#013;<\/p>\n<p>Elle a mis l&rsquo;accent sur l&rsquo;importance de cr\u00e9er une synergie entre les secteurs de l&rsquo;Education, de l&rsquo;Enseignement sup\u00e9rieur et de la Formation professionnelle \u00e0 l&rsquo;effet de r\u00e9pondre aux besoins du march\u00e9 du travail et de l&rsquo;\u00e9conomie.<\/p>\n<p>&#013;<\/p>\n<p>La s\u00e9natrice a valoris\u00e9 le plan d&rsquo;action du gouvernement qui consacre la libert\u00e9 de la presse et d&rsquo;expression. Elle a plaid\u00e9 dans ce sens pour l&rsquo;organisation de la sc\u00e8ne m\u00e9diatique nationale marqu\u00e9e par l&rsquo;anarchie, le sensationnel et la violence, estimant que l&rsquo;Alg\u00e9rie poss\u00e9dait les comp\u00e9tences m\u00e9diatiques l&rsquo;habilitant \u00e0 op\u00e9rer le changement.<\/p>\n<p>&#013;<\/p>\n<p>Mme Louisa Chachoua a pour sa part mis l&rsquo;accent sur la n\u00e9cessaire promotion du capital humain pour faire aboutir le plan d&rsquo;action du gouvernement qui doit, selon elle, r\u00e9habiliter le concept du travail.<\/p>\n<p>&#013;<\/p>\n<p>Sur la plan social, l&rsquo;intervenante a propos\u00e9 la mise en place de m\u00e9canismes efficaces en faveur des cat\u00e9gories vuln\u00e9rables de la soci\u00e9t\u00e9 uniquement, L&rsquo;objectif \u00e9tant de mettre un terme \u00e0 toutes formes de soutien profitable \u00e0 l&rsquo;ensemble de la soci\u00e9t\u00e9, a-t-elle indiqu\u00e9.<\/p>\n<p>&#013;<\/p>\n<p>Dans le m\u00eame sillage, Fatah Talbi, a plaid\u00e9 pour l&rsquo;investissement dans le facteur humain, estimant que la r\u00e9alisation de la transparence en mati\u00e8re de gestion et la cons\u00e9cration de la bonne gouvernance ne peuvent \u00eatre concr\u00e9tis\u00e9es sans des ressources humaines int\u00e8gres.<\/p>\n<p>&#013;<\/p>\n<p>L&rsquo;intervenant a propos\u00e9 le renforcement des cycles de formation de mani\u00e8re durable et illimit\u00e9e au profit des \u00e9lus en vue de lutter contre la bureaucratie a m\u00eame de mieux servir le citoyen.<\/p>\n<p>&#013;<\/p>\n<p>Le s\u00e9nateur consid\u00e8re que la modernisation de l&rsquo;administration et l&rsquo;am\u00e9lioration des prestations ne peuvent \u00eatre atteints en parall\u00e8le \u00e0 un acc\u00e8s \u00e0 Internet de faible d\u00e9bit, ce qui entrave, a-t-il ajout\u00e9, les efforts de l&rsquo;Etat visant \u00e0 g\u00e9n\u00e9raliser les nouvelles technologies de l&rsquo;information et de la communication dans les administrations et les institutions.<\/p>\n<p>&#013;<\/p>\n<p>MM. Brahim Meziane et Mohamed Bettache consid\u00e8rent que le contenu du plan d&rsquo;action du gouvernement est plus destin\u00e9 \u00e0 la consommation et n&rsquo;exprime que la volont\u00e9 de ses r\u00e9dacteurs, d\u00e9plorant le fait que les gouvernements\u00a0 pr\u00e9c\u00e9dents n&rsquo;aient pas pr\u00e9sent\u00e9 un bilan de leurs activit\u00e9s.<\/p>\n<p>&#013;<\/p>\n<p>Outre l&rsquo;aspect \u00e9conomique qui a monopolis\u00e9 le d\u00e9bat, des s\u00e9nateurs ont plaid\u00e9 pour l&rsquo;acc\u00e9l\u00e9ration du processus de promotion des wilayas d\u00e9l\u00e9gu\u00e9es, la prise en charge des revendications des retrait\u00e9s de l&rsquo;Arm\u00e9e nationale et le recensement et l&rsquo;exploitation des locaux du pr\u00e9sident et de l&rsquo;AADL.<\/p>\n<p>&#013;<\/p>\n<p class=\"MsoNormal\">Le Conseil de la Nation poursuivra ses travaux jeudi en pr\u00e9sence du Premier ministre Abdelmadjid Tebboune et des membres du gouvernement.\u00a0<\/p>\n<\/div>\n<p>&#013;<br \/>\nSource: <a href=\"http:\/\/www.aps.dz\/algerie\/59513-plan-d-action-valorisation-de-la-ressource-humaine-pour-le-developpement-de-l-economie-et-la-poursuite-des-reformes\" target=\"_blank\">Plan d&rsquo;action: valorisation de la ressource humaine pour le d\u00e9veloppement de l&rsquo;\u00e9conomie et la poursuite des r\u00e9formes<\/a><\/p>\n<!--CusAds0-->\n<div style=\"font-size: 0px; height: 0px; line-height: 0px; margin: 0; padding: 0; clear: both;\"><\/div>","protected":false},"excerpt":{"rendered":"<p>ALGER &#8211; Les membres du Conseil de la Nation ont centr\u00e9 mercredi leurs interventions sur l&rsquo;importance de promouvoir la ressource humaine pour r\u00e9aliser les objectifs trac\u00e9s par l&rsquo;Etat, d\u00e9velopper l&rsquo;\u00e9conomie nationale et poursuivre les r\u00e9formes engag\u00e9es dans plusieurs secteurs, notamment l&rsquo;administration, la sant\u00e9 et l&rsquo;enseignement. &#013; &#013; Lors de la s\u00e9ance consacr\u00e9e mercredi au d\u00e9bat<\/p>\n","protected":false},"author":6,"featured_media":13612,"comment_status":"open","ping_status":"open","sticky":false,"template":"","format":"standard","meta":{"footnotes":""},"categories":[22],"tags":[93],"class_list":["post-13611","post","type-post","status-publish","format-standard","has-post-thumbnail","hentry","category-infos","tag-onu"],"yoast_head":"<!-- This site is optimized with the Yoast SEO plugin v27.5 - https:\/\/yoast.com\/product\/yoast-seo-wordpress\/ -->\n<title>Plan d&#039;action: valorisation de la ressource humaine pour le d\u00e9veloppement de l&#039;\u00e9conomie et la poursuite des r\u00e9formes - info algerie<\/title>\n<meta name=\"robots\" content=\"index, follow, max-snippet:-1, max-image-preview:large, max-video-preview:-1\" \/>\n<link rel=\"canonical\" href=\"https:\/\/www.info-algerie.com\/actualites\/plan-daction-valorisation-de-la-ressource-humaine-pour-le-developpement-de-leconomie-et-la-poursuite-des-reformes\/\" \/>\n<meta property=\"og:locale\" content=\"fr_FR\" \/>\n<meta property=\"og:type\" content=\"article\" \/>\n<meta property=\"og:title\" content=\"Plan d&#039;action: valorisation de la ressource humaine pour le d\u00e9veloppement de l&#039;\u00e9conomie et la poursuite des r\u00e9formes - info algerie\" \/>\n<meta property=\"og:description\" content=\"ALGER &#8211; Les membres du Conseil de la Nation ont centr\u00e9 mercredi leurs interventions sur l&rsquo;importance de promouvoir la ressource humaine pour r\u00e9aliser les objectifs trac\u00e9s par l&rsquo;Etat, d\u00e9velopper l&rsquo;\u00e9conomie nationale et poursuivre les r\u00e9formes engag\u00e9es dans plusieurs secteurs, notamment l&rsquo;administration, la sant\u00e9 et l&rsquo;enseignement. &#013; &#013; Lors de la s\u00e9ance consacr\u00e9e mercredi au d\u00e9bat\" \/>\n<meta property=\"og:url\" content=\"https:\/\/www.info-algerie.com\/actualites\/plan-daction-valorisation-de-la-ressource-humaine-pour-le-developpement-de-leconomie-et-la-poursuite-des-reformes\/\" \/>\n<meta property=\"og:site_name\" content=\"info algerie\" \/>\n<meta property=\"article:publisher\" content=\"https:\/\/www.facebook.com\/infoalgerieactu\" \/>\n<meta property=\"article:published_time\" content=\"2017-06-29T08:20:29+00:00\" \/>\n<meta property=\"og:image\" content=\"https:\/\/www.info-algerie.com\/actualites\/wp-content\/uploads\/2017\/06\/2d3ebce5db6e7ddfd4aeece0f5e263fe_S-1.jpg\" \/>\n\t<meta property=\"og:image:width\" content=\"280\" \/>\n\t<meta property=\"og:image:height\" content=\"169\" \/>\n\t<meta property=\"og:image:type\" content=\"image\/jpeg\" \/>\n<meta name=\"author\" content=\"La r\u00e9daction\" \/>\n<meta name=\"twitter:label1\" content=\"\u00c9crit par\" \/>\n\t<meta name=\"twitter:data1\" content=\"La r\u00e9daction\" \/>\n\t<meta name=\"twitter:label2\" content=\"Dur\u00e9e de lecture estim\u00e9e\" \/>\n\t<meta name=\"twitter:data2\" content=\"3 minutes\" \/>\n<script type=\"application\/ld+json\" class=\"yoast-schema-graph\">{\"@context\":\"https:\\\/\\\/schema.org\",\"@graph\":[{\"@type\":\"Article\",\"@id\":\"https:\\\/\\\/www.info-algerie.com\\\/actualites\\\/plan-daction-valorisation-de-la-ressource-humaine-pour-le-developpement-de-leconomie-et-la-poursuite-des-reformes\\\/#article\",\"isPartOf\":{\"@id\":\"https:\\\/\\\/www.info-algerie.com\\\/actualites\\\/plan-daction-valorisation-de-la-ressource-humaine-pour-le-developpement-de-leconomie-et-la-poursuite-des-reformes\\\/\"},\"author\":{\"name\":\"La r\u00e9daction\",\"@id\":\"https:\\\/\\\/www.info-algerie.com\\\/actualites\\\/#\\\/schema\\\/person\\\/847aaec44920825b843a08f30ec6aa1e\"},\"headline\":\"Plan d&#039;action: valorisation de la ressource humaine pour le d\u00e9veloppement de l&#039;\u00e9conomie et la poursuite des r\u00e9formes\",\"datePublished\":\"2017-06-29T08:20:29+00:00\",\"mainEntityOfPage\":{\"@id\":\"https:\\\/\\\/www.info-algerie.com\\\/actualites\\\/plan-daction-valorisation-de-la-ressource-humaine-pour-le-developpement-de-leconomie-et-la-poursuite-des-reformes\\\/\"},\"wordCount\":616,\"commentCount\":0,\"publisher\":{\"@id\":\"https:\\\/\\\/www.info-algerie.com\\\/actualites\\\/#organization\"},\"image\":{\"@id\":\"https:\\\/\\\/www.info-algerie.com\\\/actualites\\\/plan-daction-valorisation-de-la-ressource-humaine-pour-le-developpement-de-leconomie-et-la-poursuite-des-reformes\\\/#primaryimage\"},\"thumbnailUrl\":\"https:\\\/\\\/www.info-algerie.com\\\/actualites\\\/wp-content\\\/uploads\\\/2017\\\/06\\\/2d3ebce5db6e7ddfd4aeece0f5e263fe_S-1.jpg\",\"keywords\":[\"ONU\"],\"articleSection\":[\"infos\"],\"inLanguage\":\"fr-FR\",\"potentialAction\":[{\"@type\":\"CommentAction\",\"name\":\"Comment\",\"target\":[\"https:\\\/\\\/www.info-algerie.com\\\/actualites\\\/plan-daction-valorisation-de-la-ressource-humaine-pour-le-developpement-de-leconomie-et-la-poursuite-des-reformes\\\/#respond\"]}]},{\"@type\":\"WebPage\",\"@id\":\"https:\\\/\\\/www.info-algerie.com\\\/actualites\\\/plan-daction-valorisation-de-la-ressource-humaine-pour-le-developpement-de-leconomie-et-la-poursuite-des-reformes\\\/\",\"url\":\"https:\\\/\\\/www.info-algerie.com\\\/actualites\\\/plan-daction-valorisation-de-la-ressource-humaine-pour-le-developpement-de-leconomie-et-la-poursuite-des-reformes\\\/\",\"name\":\"Plan d&#039;action: valorisation de la ressource humaine pour le d\u00e9veloppement de l&#039;\u00e9conomie et la poursuite des r\u00e9formes - info algerie\",\"isPartOf\":{\"@id\":\"https:\\\/\\\/www.info-algerie.com\\\/actualites\\\/#website\"},\"primaryImageOfPage\":{\"@id\":\"https:\\\/\\\/www.info-algerie.com\\\/actualites\\\/plan-daction-valorisation-de-la-ressource-humaine-pour-le-developpement-de-leconomie-et-la-poursuite-des-reformes\\\/#primaryimage\"},\"image\":{\"@id\":\"https:\\\/\\\/www.info-algerie.com\\\/actualites\\\/plan-daction-valorisation-de-la-ressource-humaine-pour-le-developpement-de-leconomie-et-la-poursuite-des-reformes\\\/#primaryimage\"},\"thumbnailUrl\":\"https:\\\/\\\/www.info-algerie.com\\\/actualites\\\/wp-content\\\/uploads\\\/2017\\\/06\\\/2d3ebce5db6e7ddfd4aeece0f5e263fe_S-1.jpg\",\"datePublished\":\"2017-06-29T08:20:29+00:00\",\"breadcrumb\":{\"@id\":\"https:\\\/\\\/www.info-algerie.com\\\/actualites\\\/plan-daction-valorisation-de-la-ressource-humaine-pour-le-developpement-de-leconomie-et-la-poursuite-des-reformes\\\/#breadcrumb\"},\"inLanguage\":\"fr-FR\",\"potentialAction\":[{\"@type\":\"ReadAction\",\"target\":[\"https:\\\/\\\/www.info-algerie.com\\\/actualites\\\/plan-daction-valorisation-de-la-ressource-humaine-pour-le-developpement-de-leconomie-et-la-poursuite-des-reformes\\\/\"]}]},{\"@type\":\"ImageObject\",\"inLanguage\":\"fr-FR\",\"@id\":\"https:\\\/\\\/www.info-algerie.com\\\/actualites\\\/plan-daction-valorisation-de-la-ressource-humaine-pour-le-developpement-de-leconomie-et-la-poursuite-des-reformes\\\/#primaryimage\",\"url\":\"https:\\\/\\\/www.info-algerie.com\\\/actualites\\\/wp-content\\\/uploads\\\/2017\\\/06\\\/2d3ebce5db6e7ddfd4aeece0f5e263fe_S-1.jpg\",\"contentUrl\":\"https:\\\/\\\/www.info-algerie.com\\\/actualites\\\/wp-content\\\/uploads\\\/2017\\\/06\\\/2d3ebce5db6e7ddfd4aeece0f5e263fe_S-1.jpg\",\"width\":280,\"height\":169},{\"@type\":\"BreadcrumbList\",\"@id\":\"https:\\\/\\\/www.info-algerie.com\\\/actualites\\\/plan-daction-valorisation-de-la-ressource-humaine-pour-le-developpement-de-leconomie-et-la-poursuite-des-reformes\\\/#breadcrumb\",\"itemListElement\":[{\"@type\":\"ListItem\",\"position\":1,\"name\":\"Accueil\",\"item\":\"https:\\\/\\\/www.info-algerie.com\\\/actualites\\\/\"},{\"@type\":\"ListItem\",\"position\":2,\"name\":\"Plan d&#039;action: valorisation de la ressource humaine pour le d\u00e9veloppement de l&#039;\u00e9conomie et la poursuite des r\u00e9formes\"}]},{\"@type\":\"WebSite\",\"@id\":\"https:\\\/\\\/www.info-algerie.com\\\/actualites\\\/#website\",\"url\":\"https:\\\/\\\/www.info-algerie.com\\\/actualites\\\/\",\"name\":\"info algerie\",\"description\":\"Toutes les actualit\u00e9s\",\"publisher\":{\"@id\":\"https:\\\/\\\/www.info-algerie.com\\\/actualites\\\/#organization\"},\"potentialAction\":[{\"@type\":\"SearchAction\",\"target\":{\"@type\":\"EntryPoint\",\"urlTemplate\":\"https:\\\/\\\/www.info-algerie.com\\\/actualites\\\/?s={search_term_string}\"},\"query-input\":{\"@type\":\"PropertyValueSpecification\",\"valueRequired\":true,\"valueName\":\"search_term_string\"}}],\"inLanguage\":\"fr-FR\"},{\"@type\":\"Organization\",\"@id\":\"https:\\\/\\\/www.info-algerie.com\\\/actualites\\\/#organization\",\"name\":\"info algerie\",\"url\":\"https:\\\/\\\/www.info-algerie.com\\\/actualites\\\/\",\"logo\":{\"@type\":\"ImageObject\",\"inLanguage\":\"fr-FR\",\"@id\":\"https:\\\/\\\/www.info-algerie.com\\\/actualites\\\/#\\\/schema\\\/logo\\\/image\\\/\",\"url\":\"https:\\\/\\\/www.info-algerie.com\\\/actualites\\\/wp-content\\\/uploads\\\/2022\\\/07\\\/logo-ia-120.png\",\"contentUrl\":\"https:\\\/\\\/www.info-algerie.com\\\/actualites\\\/wp-content\\\/uploads\\\/2022\\\/07\\\/logo-ia-120.png\",\"width\":120,\"height\":43,\"caption\":\"info algerie\"},\"image\":{\"@id\":\"https:\\\/\\\/www.info-algerie.com\\\/actualites\\\/#\\\/schema\\\/logo\\\/image\\\/\"},\"sameAs\":[\"https:\\\/\\\/www.facebook.com\\\/infoalgerieactu\",\"https:\\\/\\\/x.com\\\/infoalgerie1\"]},{\"@type\":\"Person\",\"@id\":\"https:\\\/\\\/www.info-algerie.com\\\/actualites\\\/#\\\/schema\\\/person\\\/847aaec44920825b843a08f30ec6aa1e\",\"name\":\"La r\u00e9daction\",\"image\":{\"@type\":\"ImageObject\",\"inLanguage\":\"fr-FR\",\"@id\":\"https:\\\/\\\/secure.gravatar.com\\\/avatar\\\/769db425c6f465158149f1ffd6cf61ce7a8a879d11dfbef8288af36dfddd418c?s=96&d=mm&r=g\",\"url\":\"https:\\\/\\\/secure.gravatar.com\\\/avatar\\\/769db425c6f465158149f1ffd6cf61ce7a8a879d11dfbef8288af36dfddd418c?s=96&d=mm&r=g\",\"contentUrl\":\"https:\\\/\\\/secure.gravatar.com\\\/avatar\\\/769db425c6f465158149f1ffd6cf61ce7a8a879d11dfbef8288af36dfddd418c?s=96&d=mm&r=g\",\"caption\":\"La r\u00e9daction\"},\"sameAs\":[\"http:\\\/\\\/www.lkeria.com\\\/\"],\"url\":\"https:\\\/\\\/www.info-algerie.com\\\/actualites\\\/author\\\/chakib32\\\/\"}]}<\/script>\n<!-- \/ Yoast SEO plugin. -->","yoast_head_json":{"title":"Plan d&#039;action: valorisation de la ressource humaine pour le d\u00e9veloppement de l&#039;\u00e9conomie et la poursuite des r\u00e9formes - info algerie","robots":{"index":"index","follow":"follow","max-snippet":"max-snippet:-1","max-image-preview":"max-image-preview:large","max-video-preview":"max-video-preview:-1"},"canonical":"https:\/\/www.info-algerie.com\/actualites\/plan-daction-valorisation-de-la-ressource-humaine-pour-le-developpement-de-leconomie-et-la-poursuite-des-reformes\/","og_locale":"fr_FR","og_type":"article","og_title":"Plan d&#039;action: valorisation de la ressource humaine pour le d\u00e9veloppement de l&#039;\u00e9conomie et la poursuite des r\u00e9formes - info algerie","og_description":"ALGER &#8211; Les membres du Conseil de la Nation ont centr\u00e9 mercredi leurs interventions sur l&rsquo;importance de promouvoir la ressource humaine pour r\u00e9aliser les objectifs trac\u00e9s par l&rsquo;Etat, d\u00e9velopper l&rsquo;\u00e9conomie nationale et poursuivre les r\u00e9formes engag\u00e9es dans plusieurs secteurs, notamment l&rsquo;administration, la sant\u00e9 et l&rsquo;enseignement. &#013; &#013; Lors de la s\u00e9ance consacr\u00e9e mercredi au d\u00e9bat","og_url":"https:\/\/www.info-algerie.com\/actualites\/plan-daction-valorisation-de-la-ressource-humaine-pour-le-developpement-de-leconomie-et-la-poursuite-des-reformes\/","og_site_name":"info algerie","article_publisher":"https:\/\/www.facebook.com\/infoalgerieactu","article_published_time":"2017-06-29T08:20:29+00:00","og_image":[{"width":280,"height":169,"url":"https:\/\/www.info-algerie.com\/actualites\/wp-content\/uploads\/2017\/06\/2d3ebce5db6e7ddfd4aeece0f5e263fe_S-1.jpg","type":"image\/jpeg"}],"author":"La r\u00e9daction","twitter_misc":{"\u00c9crit par":"La r\u00e9daction","Dur\u00e9e de lecture estim\u00e9e":"3 minutes"},"schema":{"@context":"https:\/\/schema.org","@graph":[{"@type":"Article","@id":"https:\/\/www.info-algerie.com\/actualites\/plan-daction-valorisation-de-la-ressource-humaine-pour-le-developpement-de-leconomie-et-la-poursuite-des-reformes\/#article","isPartOf":{"@id":"https:\/\/www.info-algerie.com\/actualites\/plan-daction-valorisation-de-la-ressource-humaine-pour-le-developpement-de-leconomie-et-la-poursuite-des-reformes\/"},"author":{"name":"La r\u00e9daction","@id":"https:\/\/www.info-algerie.com\/actualites\/#\/schema\/person\/847aaec44920825b843a08f30ec6aa1e"},"headline":"Plan d&#039;action: valorisation de la ressource humaine pour le d\u00e9veloppement de l&#039;\u00e9conomie et la poursuite des r\u00e9formes","datePublished":"2017-06-29T08:20:29+00:00","mainEntityOfPage":{"@id":"https:\/\/www.info-algerie.com\/actualites\/plan-daction-valorisation-de-la-ressource-humaine-pour-le-developpement-de-leconomie-et-la-poursuite-des-reformes\/"},"wordCount":616,"commentCount":0,"publisher":{"@id":"https:\/\/www.info-algerie.com\/actualites\/#organization"},"image":{"@id":"https:\/\/www.info-algerie.com\/actualites\/plan-daction-valorisation-de-la-ressource-humaine-pour-le-developpement-de-leconomie-et-la-poursuite-des-reformes\/#primaryimage"},"thumbnailUrl":"https:\/\/www.info-algerie.com\/actualites\/wp-content\/uploads\/2017\/06\/2d3ebce5db6e7ddfd4aeece0f5e263fe_S-1.jpg","keywords":["ONU"],"articleSection":["infos"],"inLanguage":"fr-FR","potentialAction":[{"@type":"CommentAction","name":"Comment","target":["https:\/\/www.info-algerie.com\/actualites\/plan-daction-valorisation-de-la-ressource-humaine-pour-le-developpement-de-leconomie-et-la-poursuite-des-reformes\/#respond"]}]},{"@type":"WebPage","@id":"https:\/\/www.info-algerie.com\/actualites\/plan-daction-valorisation-de-la-ressource-humaine-pour-le-developpement-de-leconomie-et-la-poursuite-des-reformes\/","url":"https:\/\/www.info-algerie.com\/actualites\/plan-daction-valorisation-de-la-ressource-humaine-pour-le-developpement-de-leconomie-et-la-poursuite-des-reformes\/","name":"Plan d&#039;action: valorisation de la ressource humaine pour le d\u00e9veloppement de l&#039;\u00e9conomie et la poursuite des r\u00e9formes - info algerie","isPartOf":{"@id":"https:\/\/www.info-algerie.com\/actualites\/#website"},"primaryImageOfPage":{"@id":"https:\/\/www.info-algerie.com\/actualites\/plan-daction-valorisation-de-la-ressource-humaine-pour-le-developpement-de-leconomie-et-la-poursuite-des-reformes\/#primaryimage"},"image":{"@id":"https:\/\/www.info-algerie.com\/actualites\/plan-daction-valorisation-de-la-ressource-humaine-pour-le-developpement-de-leconomie-et-la-poursuite-des-reformes\/#primaryimage"},"thumbnailUrl":"https:\/\/www.info-algerie.com\/actualites\/wp-content\/uploads\/2017\/06\/2d3ebce5db6e7ddfd4aeece0f5e263fe_S-1.jpg","datePublished":"2017-06-29T08:20:29+00:00","breadcrumb":{"@id":"https:\/\/www.info-algerie.com\/actualites\/plan-daction-valorisation-de-la-ressource-humaine-pour-le-developpement-de-leconomie-et-la-poursuite-des-reformes\/#breadcrumb"},"inLanguage":"fr-FR","potentialAction":[{"@type":"ReadAction","target":["https:\/\/www.info-algerie.com\/actualites\/plan-daction-valorisation-de-la-ressource-humaine-pour-le-developpement-de-leconomie-et-la-poursuite-des-reformes\/"]}]},{"@type":"ImageObject","inLanguage":"fr-FR","@id":"https:\/\/www.info-algerie.com\/actualites\/plan-daction-valorisation-de-la-ressource-humaine-pour-le-developpement-de-leconomie-et-la-poursuite-des-reformes\/#primaryimage","url":"https:\/\/www.info-algerie.com\/actualites\/wp-content\/uploads\/2017\/06\/2d3ebce5db6e7ddfd4aeece0f5e263fe_S-1.jpg","contentUrl":"https:\/\/www.info-algerie.com\/actualites\/wp-content\/uploads\/2017\/06\/2d3ebce5db6e7ddfd4aeece0f5e263fe_S-1.jpg","width":280,"height":169},{"@type":"BreadcrumbList","@id":"https:\/\/www.info-algerie.com\/actualites\/plan-daction-valorisation-de-la-ressource-humaine-pour-le-developpement-de-leconomie-et-la-poursuite-des-reformes\/#breadcrumb","itemListElement":[{"@type":"ListItem","position":1,"name":"Accueil","item":"https:\/\/www.info-algerie.com\/actualites\/"},{"@type":"ListItem","position":2,"name":"Plan d&#039;action: valorisation de la ressource humaine pour le d\u00e9veloppement de l&#039;\u00e9conomie et la poursuite des r\u00e9formes"}]},{"@type":"WebSite","@id":"https:\/\/www.info-algerie.com\/actualites\/#website","url":"https:\/\/www.info-algerie.com\/actualites\/","name":"info algerie","description":"Toutes les actualit\u00e9s","publisher":{"@id":"https:\/\/www.info-algerie.com\/actualites\/#organization"},"potentialAction":[{"@type":"SearchAction","target":{"@type":"EntryPoint","urlTemplate":"https:\/\/www.info-algerie.com\/actualites\/?s={search_term_string}"},"query-input":{"@type":"PropertyValueSpecification","valueRequired":true,"valueName":"search_term_string"}}],"inLanguage":"fr-FR"},{"@type":"Organization","@id":"https:\/\/www.info-algerie.com\/actualites\/#organization","name":"info algerie","url":"https:\/\/www.info-algerie.com\/actualites\/","logo":{"@type":"ImageObject","inLanguage":"fr-FR","@id":"https:\/\/www.info-algerie.com\/actualites\/#\/schema\/logo\/image\/","url":"https:\/\/www.info-algerie.com\/actualites\/wp-content\/uploads\/2022\/07\/logo-ia-120.png","contentUrl":"https:\/\/www.info-algerie.com\/actualites\/wp-content\/uploads\/2022\/07\/logo-ia-120.png","width":120,"height":43,"caption":"info algerie"},"image":{"@id":"https:\/\/www.info-algerie.com\/actualites\/#\/schema\/logo\/image\/"},"sameAs":["https:\/\/www.facebook.com\/infoalgerieactu","https:\/\/x.com\/infoalgerie1"]},{"@type":"Person","@id":"https:\/\/www.info-algerie.com\/actualites\/#\/schema\/person\/847aaec44920825b843a08f30ec6aa1e","name":"La r\u00e9daction","image":{"@type":"ImageObject","inLanguage":"fr-FR","@id":"https:\/\/secure.gravatar.com\/avatar\/769db425c6f465158149f1ffd6cf61ce7a8a879d11dfbef8288af36dfddd418c?s=96&d=mm&r=g","url":"https:\/\/secure.gravatar.com\/avatar\/769db425c6f465158149f1ffd6cf61ce7a8a879d11dfbef8288af36dfddd418c?s=96&d=mm&r=g","contentUrl":"https:\/\/secure.gravatar.com\/avatar\/769db425c6f465158149f1ffd6cf61ce7a8a879d11dfbef8288af36dfddd418c?s=96&d=mm&r=g","caption":"La r\u00e9daction"},"sameAs":["http:\/\/www.lkeria.com\/"],"url":"https:\/\/www.info-algerie.com\/actualites\/author\/chakib32\/"}]}},"_links":{"self":[{"href":"https:\/\/www.info-algerie.com\/actualites\/wp-json\/wp\/v2\/posts\/13611","targetHints":{"allow":["GET"]}}],"collection":[{"href":"https:\/\/www.info-algerie.com\/actualites\/wp-json\/wp\/v2\/posts"}],"about":[{"href":"https:\/\/www.info-algerie.com\/actualites\/wp-json\/wp\/v2\/types\/post"}],"author":[{"embeddable":true,"href":"https:\/\/www.info-algerie.com\/actualites\/wp-json\/wp\/v2\/users\/6"}],"replies":[{"embeddable":true,"href":"https:\/\/www.info-algerie.com\/actualites\/wp-json\/wp\/v2\/comments?post=13611"}],"version-history":[{"count":0,"href":"https:\/\/www.info-algerie.com\/actualites\/wp-json\/wp\/v2\/posts\/13611\/revisions"}],"wp:featuredmedia":[{"embeddable":true,"href":"https:\/\/www.info-algerie.com\/actualites\/wp-json\/wp\/v2\/media\/13612"}],"wp:attachment":[{"href":"https:\/\/www.info-algerie.com\/actualites\/wp-json\/wp\/v2\/media?parent=13611"}],"wp:term":[{"taxonomy":"category","embeddable":true,"href":"https:\/\/www.info-algerie.com\/actualites\/wp-json\/wp\/v2\/categories?post=13611"},{"taxonomy":"post_tag","embeddable":true,"href":"https:\/\/www.info-algerie.com\/actualites\/wp-json\/wp\/v2\/tags?post=13611"}],"curies":[{"name":"wp","href":"https:\/\/api.w.org\/{rel}","templated":true}]}}