{"id":13623,"date":"2017-06-29T15:48:12","date_gmt":"2017-06-29T14:48:12","guid":{"rendered":"http:\/\/www.info-algerie.com\/actualites\/deces-de-roland-rappaport-lavocat-engage-pour-la-cause-algerienne\/"},"modified":"2017-06-29T15:48:12","modified_gmt":"2017-06-29T14:48:12","slug":"deces-de-roland-rappaport-lavocat-engage-pour-la-cause-algerienne","status":"publish","type":"post","link":"https:\/\/www.info-algerie.com\/actualites\/deces-de-roland-rappaport-lavocat-engage-pour-la-cause-algerienne\/","title":{"rendered":"D\u00e9c\u00e8s de Roland Rappaport, l\u2019avocat engag\u00e9 pour la cause alg\u00e9rienne"},"content":{"rendered":"<div class=\"K2FeedImage\"><img decoding=\"async\" src=\"https:\/\/www.info-algerie.com\/actualites\/wp-content\/uploads\/2017\/06\/b711e42212e91ed2f22c0d2c43a78575_S.jpg\" alt=\"D&#xE9;c&#xE8;s de Roland Rappaport, l&#x2019;avocat engag&#xE9; pour la cause alg&#xE9;rienne\" \/><\/div>\n<div class=\"K2FeedIntroText\">\n<p class=\"MsoNoSpacing\">PARIS- L\u2019avocat fran\u00e7ais, Roland Rappaport, qui s\u2019\u00e9tait engag\u00e9 dans la d\u00e9fense des militants du Front de lib\u00e9ration nationale (FLN), durant la guerre de lib\u00e9ration nationale est d\u00e9c\u00e9d\u00e9 lundi \u00e0 Paris \u00e0 l\u2019\u00e2ge de 83 ans, a-t-on appris jeudi aupr\u00e8s de ses proches.<\/p>\n<p>&#013;\n<\/p><\/div>\n<div class=\"K2FeedFullText\">&#013;<\/p>\n<p class=\"MsoNoSpacing\">Le d\u00e9funt \u00e9tait \u00e9galement l\u2019avocat de la famille de Maurice Audin, jeune math\u00e9maticien qui\u00a0 militait aupr\u00e8s du peuple alg\u00e9rien pour son ind\u00e9pendance, enlev\u00e9 puis assassin\u00e9 par les parachutistes fran\u00e7ais en juin 1957.<\/p>\n<p>&#013;<\/p>\n<p class=\"MsoNoSpacing\">Rencontr\u00e9 en 2015 \u00e0 la c\u00e9r\u00e9monie de c\u00e9l\u00e9bration du 1er novembre 1954, organis\u00e9e par l\u2019ambassade d\u2019Alg\u00e9rie en France, l\u2019avocat avait demand\u00e9 une suite au bouleversant t\u00e9moignage d\u2019un Alg\u00e9rien au Quotidien d\u2019Oran, publi\u00e9 en ao\u00fbt 2014, sur le lieu des restes du militant anticolonialiste.<\/p>\n<p>&#013;<\/p>\n<p class=\"MsoNoSpacing\">Il avait rencontr\u00e9, en janvier 2016, le ministre des Moudjahidine, Tayeb Zitouni, lors de sa visite historique en France qui l\u2019avait invit\u00e9 en Alg\u00e9rie.<\/p>\n<p>&#013;<\/p>\n<p class=\"MsoNoSpacing\">Roland Rappaport, d\u2019ob\u00e9dience communiste devenu avocat en 1956, a commenc\u00e9 sa carri\u00e8re en soutenant la guerre de lib\u00e9ration du peuple alg\u00e9rien par la d\u00e9nonciation de la torture.<\/p>\n<p>&#013;<\/p>\n<p class=\"MsoNoSpacing\">Il \u00e9tait membre du Parti communiste fran\u00e7ais de 1949 \u00e0 1979, et pr\u00e9sident du Mouvement contre le racisme et pour l\u2019amiti\u00e9 entre les peuples (MRAP) en 1988 et 1989.<\/p>\n<p>&#013;<\/p>\n<p class=\"MsoNoSpacing\">Il est consid\u00e9r\u00e9 par ses confr\u00e8res comme l&rsquo;homme des indignations devant toutes les formes d&rsquo;injustice ou de discrimination.<\/p>\n<p>&#013;<\/p>\n<p class=\"MsoNoSpacing\">Roland Rappaport fut d\u2019abord l\u2019homme des indignations devant toutes les formes d\u2019injustice ou de discrimination, des passions et des combats de toujours, depuis son engagement contre la torture en Alg\u00e9rie et sa d\u00e9fense de Josette Audin et de ses enfants pour que la v\u00e9rit\u00e9 soit faite sur les\u00a0 conditions et la responsabilit\u00e9 de la France dans la mort de Maurice Audin , a \u00e9crit le Syndicat des avocats fran\u00e7ais (SAF) dans un hommage publi\u00e9 sur son site.<\/p>\n<p>&#013;<\/p>\n<p>\u00a0<\/p>\n<p>&#013;<\/p>\n<p class=\"MsoNoSpacing\">De son vivant, il a d\u00e9fendu, entre autres, au proc\u00e8s Barbie, Sabine Zlatin, fondatrice de la colonie d&rsquo;Izieu dans laquelle des enfants juifs trouv\u00e8rent refuge pendant l&rsquo;occupation nazie et des pilotes de ligne et leur famille, en particulier au proc\u00e8s du crash du Concorde.<\/p>\n<\/div>\n<p>&#013;<br \/>\nSource: <a href=\"http:\/\/www.aps.dz\/algerie\/59536-deces-de-roland-rappaport-l-avocat-engage-pour-la-cause-algerienne-et-de-la-famille-audin\" target=\"_blank\">D\u00e9c\u00e8s de Roland Rappaport, l\u2019avocat engag\u00e9 pour la cause alg\u00e9rienne<\/a><\/p>\n<!--CusAds0-->\n<div style=\"font-size: 0px; height: 0px; line-height: 0px; margin: 0; padding: 0; clear: both;\"><\/div>","protected":false},"excerpt":{"rendered":"<p>PARIS- L\u2019avocat fran\u00e7ais, Roland Rappaport, qui s\u2019\u00e9tait engag\u00e9 dans la d\u00e9fense des militants du Front de lib\u00e9ration nationale (FLN), durant la guerre de lib\u00e9ration nationale est d\u00e9c\u00e9d\u00e9 lundi \u00e0 Paris \u00e0 l\u2019\u00e2ge de 83 ans, a-t-on appris jeudi aupr\u00e8s de ses proches. &#013; &#013; Le d\u00e9funt \u00e9tait \u00e9galement l\u2019avocat de la famille de Maurice Audin,<\/p>\n","protected":false},"author":6,"featured_media":13624,"comment_status":"open","ping_status":"open","sticky":false,"template":"","format":"standard","meta":{"footnotes":""},"categories":[22],"tags":[93],"class_list":["post-13623","post","type-post","status-publish","format-standard","has-post-thumbnail","hentry","category-infos","tag-onu"],"yoast_head":"<!-- This site is optimized with the Yoast SEO plugin v27.5 - https:\/\/yoast.com\/product\/yoast-seo-wordpress\/ -->\n<title>D\u00e9c\u00e8s de Roland Rappaport, l\u2019avocat engag\u00e9 pour la cause alg\u00e9rienne - info algerie<\/title>\n<meta name=\"robots\" content=\"index, follow, max-snippet:-1, max-image-preview:large, max-video-preview:-1\" \/>\n<link rel=\"canonical\" href=\"https:\/\/www.info-algerie.com\/actualites\/deces-de-roland-rappaport-lavocat-engage-pour-la-cause-algerienne\/\" \/>\n<meta property=\"og:locale\" content=\"fr_FR\" \/>\n<meta property=\"og:type\" content=\"article\" \/>\n<meta property=\"og:title\" content=\"D\u00e9c\u00e8s de Roland Rappaport, l\u2019avocat engag\u00e9 pour la cause alg\u00e9rienne - info algerie\" \/>\n<meta property=\"og:description\" content=\"PARIS- L\u2019avocat fran\u00e7ais, Roland Rappaport, qui s\u2019\u00e9tait engag\u00e9 dans la d\u00e9fense des militants du Front de lib\u00e9ration nationale (FLN), durant la guerre de lib\u00e9ration nationale est d\u00e9c\u00e9d\u00e9 lundi \u00e0 Paris \u00e0 l\u2019\u00e2ge de 83 ans, a-t-on appris jeudi aupr\u00e8s de ses proches. &#013; &#013; Le d\u00e9funt \u00e9tait \u00e9galement l\u2019avocat de la famille de Maurice Audin,\" \/>\n<meta property=\"og:url\" content=\"https:\/\/www.info-algerie.com\/actualites\/deces-de-roland-rappaport-lavocat-engage-pour-la-cause-algerienne\/\" \/>\n<meta property=\"og:site_name\" content=\"info algerie\" \/>\n<meta property=\"article:publisher\" content=\"https:\/\/www.facebook.com\/infoalgerieactu\" \/>\n<meta property=\"article:published_time\" content=\"2017-06-29T14:48:12+00:00\" \/>\n<meta property=\"og:image\" content=\"https:\/\/www.info-algerie.com\/actualites\/wp-content\/uploads\/2017\/06\/b711e42212e91ed2f22c0d2c43a78575_S-1.jpg\" \/>\n\t<meta property=\"og:image:width\" content=\"280\" \/>\n\t<meta property=\"og:image:height\" content=\"174\" \/>\n\t<meta property=\"og:image:type\" content=\"image\/jpeg\" \/>\n<meta name=\"author\" content=\"La r\u00e9daction\" \/>\n<meta name=\"twitter:label1\" content=\"\u00c9crit par\" \/>\n\t<meta name=\"twitter:data1\" content=\"La r\u00e9daction\" \/>\n\t<meta name=\"twitter:label2\" content=\"Dur\u00e9e de lecture estim\u00e9e\" \/>\n\t<meta name=\"twitter:data2\" content=\"2 minutes\" \/>\n<script type=\"application\/ld+json\" class=\"yoast-schema-graph\">{\"@context\":\"https:\\\/\\\/schema.org\",\"@graph\":[{\"@type\":\"Article\",\"@id\":\"https:\\\/\\\/www.info-algerie.com\\\/actualites\\\/deces-de-roland-rappaport-lavocat-engage-pour-la-cause-algerienne\\\/#article\",\"isPartOf\":{\"@id\":\"https:\\\/\\\/www.info-algerie.com\\\/actualites\\\/deces-de-roland-rappaport-lavocat-engage-pour-la-cause-algerienne\\\/\"},\"author\":{\"name\":\"La r\u00e9daction\",\"@id\":\"https:\\\/\\\/www.info-algerie.com\\\/actualites\\\/#\\\/schema\\\/person\\\/847aaec44920825b843a08f30ec6aa1e\"},\"headline\":\"D\u00e9c\u00e8s de Roland Rappaport, l\u2019avocat engag\u00e9 pour la cause alg\u00e9rienne\",\"datePublished\":\"2017-06-29T14:48:12+00:00\",\"mainEntityOfPage\":{\"@id\":\"https:\\\/\\\/www.info-algerie.com\\\/actualites\\\/deces-de-roland-rappaport-lavocat-engage-pour-la-cause-algerienne\\\/\"},\"wordCount\":408,\"commentCount\":0,\"publisher\":{\"@id\":\"https:\\\/\\\/www.info-algerie.com\\\/actualites\\\/#organization\"},\"image\":{\"@id\":\"https:\\\/\\\/www.info-algerie.com\\\/actualites\\\/deces-de-roland-rappaport-lavocat-engage-pour-la-cause-algerienne\\\/#primaryimage\"},\"thumbnailUrl\":\"https:\\\/\\\/www.info-algerie.com\\\/actualites\\\/wp-content\\\/uploads\\\/2017\\\/06\\\/b711e42212e91ed2f22c0d2c43a78575_S-1.jpg\",\"keywords\":[\"ONU\"],\"articleSection\":[\"infos\"],\"inLanguage\":\"fr-FR\",\"potentialAction\":[{\"@type\":\"CommentAction\",\"name\":\"Comment\",\"target\":[\"https:\\\/\\\/www.info-algerie.com\\\/actualites\\\/deces-de-roland-rappaport-lavocat-engage-pour-la-cause-algerienne\\\/#respond\"]}]},{\"@type\":\"WebPage\",\"@id\":\"https:\\\/\\\/www.info-algerie.com\\\/actualites\\\/deces-de-roland-rappaport-lavocat-engage-pour-la-cause-algerienne\\\/\",\"url\":\"https:\\\/\\\/www.info-algerie.com\\\/actualites\\\/deces-de-roland-rappaport-lavocat-engage-pour-la-cause-algerienne\\\/\",\"name\":\"D\u00e9c\u00e8s de Roland Rappaport, l\u2019avocat engag\u00e9 pour la cause alg\u00e9rienne - info algerie\",\"isPartOf\":{\"@id\":\"https:\\\/\\\/www.info-algerie.com\\\/actualites\\\/#website\"},\"primaryImageOfPage\":{\"@id\":\"https:\\\/\\\/www.info-algerie.com\\\/actualites\\\/deces-de-roland-rappaport-lavocat-engage-pour-la-cause-algerienne\\\/#primaryimage\"},\"image\":{\"@id\":\"https:\\\/\\\/www.info-algerie.com\\\/actualites\\\/deces-de-roland-rappaport-lavocat-engage-pour-la-cause-algerienne\\\/#primaryimage\"},\"thumbnailUrl\":\"https:\\\/\\\/www.info-algerie.com\\\/actualites\\\/wp-content\\\/uploads\\\/2017\\\/06\\\/b711e42212e91ed2f22c0d2c43a78575_S-1.jpg\",\"datePublished\":\"2017-06-29T14:48:12+00:00\",\"breadcrumb\":{\"@id\":\"https:\\\/\\\/www.info-algerie.com\\\/actualites\\\/deces-de-roland-rappaport-lavocat-engage-pour-la-cause-algerienne\\\/#breadcrumb\"},\"inLanguage\":\"fr-FR\",\"potentialAction\":[{\"@type\":\"ReadAction\",\"target\":[\"https:\\\/\\\/www.info-algerie.com\\\/actualites\\\/deces-de-roland-rappaport-lavocat-engage-pour-la-cause-algerienne\\\/\"]}]},{\"@type\":\"ImageObject\",\"inLanguage\":\"fr-FR\",\"@id\":\"https:\\\/\\\/www.info-algerie.com\\\/actualites\\\/deces-de-roland-rappaport-lavocat-engage-pour-la-cause-algerienne\\\/#primaryimage\",\"url\":\"https:\\\/\\\/www.info-algerie.com\\\/actualites\\\/wp-content\\\/uploads\\\/2017\\\/06\\\/b711e42212e91ed2f22c0d2c43a78575_S-1.jpg\",\"contentUrl\":\"https:\\\/\\\/www.info-algerie.com\\\/actualites\\\/wp-content\\\/uploads\\\/2017\\\/06\\\/b711e42212e91ed2f22c0d2c43a78575_S-1.jpg\",\"width\":280,\"height\":174},{\"@type\":\"BreadcrumbList\",\"@id\":\"https:\\\/\\\/www.info-algerie.com\\\/actualites\\\/deces-de-roland-rappaport-lavocat-engage-pour-la-cause-algerienne\\\/#breadcrumb\",\"itemListElement\":[{\"@type\":\"ListItem\",\"position\":1,\"name\":\"Accueil\",\"item\":\"https:\\\/\\\/www.info-algerie.com\\\/actualites\\\/\"},{\"@type\":\"ListItem\",\"position\":2,\"name\":\"D\u00e9c\u00e8s de Roland Rappaport, l\u2019avocat engag\u00e9 pour la cause alg\u00e9rienne\"}]},{\"@type\":\"WebSite\",\"@id\":\"https:\\\/\\\/www.info-algerie.com\\\/actualites\\\/#website\",\"url\":\"https:\\\/\\\/www.info-algerie.com\\\/actualites\\\/\",\"name\":\"info algerie\",\"description\":\"Toutes les actualit\u00e9s\",\"publisher\":{\"@id\":\"https:\\\/\\\/www.info-algerie.com\\\/actualites\\\/#organization\"},\"potentialAction\":[{\"@type\":\"SearchAction\",\"target\":{\"@type\":\"EntryPoint\",\"urlTemplate\":\"https:\\\/\\\/www.info-algerie.com\\\/actualites\\\/?s={search_term_string}\"},\"query-input\":{\"@type\":\"PropertyValueSpecification\",\"valueRequired\":true,\"valueName\":\"search_term_string\"}}],\"inLanguage\":\"fr-FR\"},{\"@type\":\"Organization\",\"@id\":\"https:\\\/\\\/www.info-algerie.com\\\/actualites\\\/#organization\",\"name\":\"info algerie\",\"url\":\"https:\\\/\\\/www.info-algerie.com\\\/actualites\\\/\",\"logo\":{\"@type\":\"ImageObject\",\"inLanguage\":\"fr-FR\",\"@id\":\"https:\\\/\\\/www.info-algerie.com\\\/actualites\\\/#\\\/schema\\\/logo\\\/image\\\/\",\"url\":\"https:\\\/\\\/www.info-algerie.com\\\/actualites\\\/wp-content\\\/uploads\\\/2022\\\/07\\\/logo-ia-120.png\",\"contentUrl\":\"https:\\\/\\\/www.info-algerie.com\\\/actualites\\\/wp-content\\\/uploads\\\/2022\\\/07\\\/logo-ia-120.png\",\"width\":120,\"height\":43,\"caption\":\"info algerie\"},\"image\":{\"@id\":\"https:\\\/\\\/www.info-algerie.com\\\/actualites\\\/#\\\/schema\\\/logo\\\/image\\\/\"},\"sameAs\":[\"https:\\\/\\\/www.facebook.com\\\/infoalgerieactu\",\"https:\\\/\\\/x.com\\\/infoalgerie1\"]},{\"@type\":\"Person\",\"@id\":\"https:\\\/\\\/www.info-algerie.com\\\/actualites\\\/#\\\/schema\\\/person\\\/847aaec44920825b843a08f30ec6aa1e\",\"name\":\"La r\u00e9daction\",\"image\":{\"@type\":\"ImageObject\",\"inLanguage\":\"fr-FR\",\"@id\":\"https:\\\/\\\/secure.gravatar.com\\\/avatar\\\/769db425c6f465158149f1ffd6cf61ce7a8a879d11dfbef8288af36dfddd418c?s=96&d=mm&r=g\",\"url\":\"https:\\\/\\\/secure.gravatar.com\\\/avatar\\\/769db425c6f465158149f1ffd6cf61ce7a8a879d11dfbef8288af36dfddd418c?s=96&d=mm&r=g\",\"contentUrl\":\"https:\\\/\\\/secure.gravatar.com\\\/avatar\\\/769db425c6f465158149f1ffd6cf61ce7a8a879d11dfbef8288af36dfddd418c?s=96&d=mm&r=g\",\"caption\":\"La r\u00e9daction\"},\"sameAs\":[\"http:\\\/\\\/www.lkeria.com\\\/\"],\"url\":\"https:\\\/\\\/www.info-algerie.com\\\/actualites\\\/author\\\/chakib32\\\/\"}]}<\/script>\n<!-- \/ Yoast SEO plugin. -->","yoast_head_json":{"title":"D\u00e9c\u00e8s de Roland Rappaport, l\u2019avocat engag\u00e9 pour la cause alg\u00e9rienne - info algerie","robots":{"index":"index","follow":"follow","max-snippet":"max-snippet:-1","max-image-preview":"max-image-preview:large","max-video-preview":"max-video-preview:-1"},"canonical":"https:\/\/www.info-algerie.com\/actualites\/deces-de-roland-rappaport-lavocat-engage-pour-la-cause-algerienne\/","og_locale":"fr_FR","og_type":"article","og_title":"D\u00e9c\u00e8s de Roland Rappaport, l\u2019avocat engag\u00e9 pour la cause alg\u00e9rienne - info algerie","og_description":"PARIS- L\u2019avocat fran\u00e7ais, Roland Rappaport, qui s\u2019\u00e9tait engag\u00e9 dans la d\u00e9fense des militants du Front de lib\u00e9ration nationale (FLN), durant la guerre de lib\u00e9ration nationale est d\u00e9c\u00e9d\u00e9 lundi \u00e0 Paris \u00e0 l\u2019\u00e2ge de 83 ans, a-t-on appris jeudi aupr\u00e8s de ses proches. &#013; &#013; Le d\u00e9funt \u00e9tait \u00e9galement l\u2019avocat de la famille de Maurice Audin,","og_url":"https:\/\/www.info-algerie.com\/actualites\/deces-de-roland-rappaport-lavocat-engage-pour-la-cause-algerienne\/","og_site_name":"info algerie","article_publisher":"https:\/\/www.facebook.com\/infoalgerieactu","article_published_time":"2017-06-29T14:48:12+00:00","og_image":[{"width":280,"height":174,"url":"https:\/\/www.info-algerie.com\/actualites\/wp-content\/uploads\/2017\/06\/b711e42212e91ed2f22c0d2c43a78575_S-1.jpg","type":"image\/jpeg"}],"author":"La r\u00e9daction","twitter_misc":{"\u00c9crit par":"La r\u00e9daction","Dur\u00e9e de lecture estim\u00e9e":"2 minutes"},"schema":{"@context":"https:\/\/schema.org","@graph":[{"@type":"Article","@id":"https:\/\/www.info-algerie.com\/actualites\/deces-de-roland-rappaport-lavocat-engage-pour-la-cause-algerienne\/#article","isPartOf":{"@id":"https:\/\/www.info-algerie.com\/actualites\/deces-de-roland-rappaport-lavocat-engage-pour-la-cause-algerienne\/"},"author":{"name":"La r\u00e9daction","@id":"https:\/\/www.info-algerie.com\/actualites\/#\/schema\/person\/847aaec44920825b843a08f30ec6aa1e"},"headline":"D\u00e9c\u00e8s de Roland Rappaport, l\u2019avocat engag\u00e9 pour la cause alg\u00e9rienne","datePublished":"2017-06-29T14:48:12+00:00","mainEntityOfPage":{"@id":"https:\/\/www.info-algerie.com\/actualites\/deces-de-roland-rappaport-lavocat-engage-pour-la-cause-algerienne\/"},"wordCount":408,"commentCount":0,"publisher":{"@id":"https:\/\/www.info-algerie.com\/actualites\/#organization"},"image":{"@id":"https:\/\/www.info-algerie.com\/actualites\/deces-de-roland-rappaport-lavocat-engage-pour-la-cause-algerienne\/#primaryimage"},"thumbnailUrl":"https:\/\/www.info-algerie.com\/actualites\/wp-content\/uploads\/2017\/06\/b711e42212e91ed2f22c0d2c43a78575_S-1.jpg","keywords":["ONU"],"articleSection":["infos"],"inLanguage":"fr-FR","potentialAction":[{"@type":"CommentAction","name":"Comment","target":["https:\/\/www.info-algerie.com\/actualites\/deces-de-roland-rappaport-lavocat-engage-pour-la-cause-algerienne\/#respond"]}]},{"@type":"WebPage","@id":"https:\/\/www.info-algerie.com\/actualites\/deces-de-roland-rappaport-lavocat-engage-pour-la-cause-algerienne\/","url":"https:\/\/www.info-algerie.com\/actualites\/deces-de-roland-rappaport-lavocat-engage-pour-la-cause-algerienne\/","name":"D\u00e9c\u00e8s de Roland Rappaport, l\u2019avocat engag\u00e9 pour la cause alg\u00e9rienne - info algerie","isPartOf":{"@id":"https:\/\/www.info-algerie.com\/actualites\/#website"},"primaryImageOfPage":{"@id":"https:\/\/www.info-algerie.com\/actualites\/deces-de-roland-rappaport-lavocat-engage-pour-la-cause-algerienne\/#primaryimage"},"image":{"@id":"https:\/\/www.info-algerie.com\/actualites\/deces-de-roland-rappaport-lavocat-engage-pour-la-cause-algerienne\/#primaryimage"},"thumbnailUrl":"https:\/\/www.info-algerie.com\/actualites\/wp-content\/uploads\/2017\/06\/b711e42212e91ed2f22c0d2c43a78575_S-1.jpg","datePublished":"2017-06-29T14:48:12+00:00","breadcrumb":{"@id":"https:\/\/www.info-algerie.com\/actualites\/deces-de-roland-rappaport-lavocat-engage-pour-la-cause-algerienne\/#breadcrumb"},"inLanguage":"fr-FR","potentialAction":[{"@type":"ReadAction","target":["https:\/\/www.info-algerie.com\/actualites\/deces-de-roland-rappaport-lavocat-engage-pour-la-cause-algerienne\/"]}]},{"@type":"ImageObject","inLanguage":"fr-FR","@id":"https:\/\/www.info-algerie.com\/actualites\/deces-de-roland-rappaport-lavocat-engage-pour-la-cause-algerienne\/#primaryimage","url":"https:\/\/www.info-algerie.com\/actualites\/wp-content\/uploads\/2017\/06\/b711e42212e91ed2f22c0d2c43a78575_S-1.jpg","contentUrl":"https:\/\/www.info-algerie.com\/actualites\/wp-content\/uploads\/2017\/06\/b711e42212e91ed2f22c0d2c43a78575_S-1.jpg","width":280,"height":174},{"@type":"BreadcrumbList","@id":"https:\/\/www.info-algerie.com\/actualites\/deces-de-roland-rappaport-lavocat-engage-pour-la-cause-algerienne\/#breadcrumb","itemListElement":[{"@type":"ListItem","position":1,"name":"Accueil","item":"https:\/\/www.info-algerie.com\/actualites\/"},{"@type":"ListItem","position":2,"name":"D\u00e9c\u00e8s de Roland Rappaport, l\u2019avocat engag\u00e9 pour la cause alg\u00e9rienne"}]},{"@type":"WebSite","@id":"https:\/\/www.info-algerie.com\/actualites\/#website","url":"https:\/\/www.info-algerie.com\/actualites\/","name":"info algerie","description":"Toutes les actualit\u00e9s","publisher":{"@id":"https:\/\/www.info-algerie.com\/actualites\/#organization"},"potentialAction":[{"@type":"SearchAction","target":{"@type":"EntryPoint","urlTemplate":"https:\/\/www.info-algerie.com\/actualites\/?s={search_term_string}"},"query-input":{"@type":"PropertyValueSpecification","valueRequired":true,"valueName":"search_term_string"}}],"inLanguage":"fr-FR"},{"@type":"Organization","@id":"https:\/\/www.info-algerie.com\/actualites\/#organization","name":"info algerie","url":"https:\/\/www.info-algerie.com\/actualites\/","logo":{"@type":"ImageObject","inLanguage":"fr-FR","@id":"https:\/\/www.info-algerie.com\/actualites\/#\/schema\/logo\/image\/","url":"https:\/\/www.info-algerie.com\/actualites\/wp-content\/uploads\/2022\/07\/logo-ia-120.png","contentUrl":"https:\/\/www.info-algerie.com\/actualites\/wp-content\/uploads\/2022\/07\/logo-ia-120.png","width":120,"height":43,"caption":"info algerie"},"image":{"@id":"https:\/\/www.info-algerie.com\/actualites\/#\/schema\/logo\/image\/"},"sameAs":["https:\/\/www.facebook.com\/infoalgerieactu","https:\/\/x.com\/infoalgerie1"]},{"@type":"Person","@id":"https:\/\/www.info-algerie.com\/actualites\/#\/schema\/person\/847aaec44920825b843a08f30ec6aa1e","name":"La r\u00e9daction","image":{"@type":"ImageObject","inLanguage":"fr-FR","@id":"https:\/\/secure.gravatar.com\/avatar\/769db425c6f465158149f1ffd6cf61ce7a8a879d11dfbef8288af36dfddd418c?s=96&d=mm&r=g","url":"https:\/\/secure.gravatar.com\/avatar\/769db425c6f465158149f1ffd6cf61ce7a8a879d11dfbef8288af36dfddd418c?s=96&d=mm&r=g","contentUrl":"https:\/\/secure.gravatar.com\/avatar\/769db425c6f465158149f1ffd6cf61ce7a8a879d11dfbef8288af36dfddd418c?s=96&d=mm&r=g","caption":"La r\u00e9daction"},"sameAs":["http:\/\/www.lkeria.com\/"],"url":"https:\/\/www.info-algerie.com\/actualites\/author\/chakib32\/"}]}},"_links":{"self":[{"href":"https:\/\/www.info-algerie.com\/actualites\/wp-json\/wp\/v2\/posts\/13623","targetHints":{"allow":["GET"]}}],"collection":[{"href":"https:\/\/www.info-algerie.com\/actualites\/wp-json\/wp\/v2\/posts"}],"about":[{"href":"https:\/\/www.info-algerie.com\/actualites\/wp-json\/wp\/v2\/types\/post"}],"author":[{"embeddable":true,"href":"https:\/\/www.info-algerie.com\/actualites\/wp-json\/wp\/v2\/users\/6"}],"replies":[{"embeddable":true,"href":"https:\/\/www.info-algerie.com\/actualites\/wp-json\/wp\/v2\/comments?post=13623"}],"version-history":[{"count":0,"href":"https:\/\/www.info-algerie.com\/actualites\/wp-json\/wp\/v2\/posts\/13623\/revisions"}],"wp:featuredmedia":[{"embeddable":true,"href":"https:\/\/www.info-algerie.com\/actualites\/wp-json\/wp\/v2\/media\/13624"}],"wp:attachment":[{"href":"https:\/\/www.info-algerie.com\/actualites\/wp-json\/wp\/v2\/media?parent=13623"}],"wp:term":[{"taxonomy":"category","embeddable":true,"href":"https:\/\/www.info-algerie.com\/actualites\/wp-json\/wp\/v2\/categories?post=13623"},{"taxonomy":"post_tag","embeddable":true,"href":"https:\/\/www.info-algerie.com\/actualites\/wp-json\/wp\/v2\/tags?post=13623"}],"curies":[{"name":"wp","href":"https:\/\/api.w.org\/{rel}","templated":true}]}}