{"id":13625,"date":"2017-06-29T15:30:43","date_gmt":"2017-06-29T14:30:43","guid":{"rendered":"http:\/\/www.info-algerie.com\/actualites\/conseil-de-la-nation-les-senateurs-saluent-la-teneur-du-plan-daction-et-appellent-a-definir-les-mecanismes-de-sa-mise-en-application\/"},"modified":"2017-06-29T15:30:43","modified_gmt":"2017-06-29T14:30:43","slug":"conseil-de-la-nation-les-senateurs-saluent-la-teneur-du-plan-daction-et-appellent-a-definir-les-mecanismes-de-sa-mise-en-application","status":"publish","type":"post","link":"https:\/\/www.info-algerie.com\/actualites\/conseil-de-la-nation-les-senateurs-saluent-la-teneur-du-plan-daction-et-appellent-a-definir-les-mecanismes-de-sa-mise-en-application\/","title":{"rendered":"Conseil de la Nation: les s\u00e9nateurs saluent la teneur du Plan d&#039;action et appellent \u00e0 d\u00e9finir les m\u00e9canismes de sa mise en application"},"content":{"rendered":"<div class=\"K2FeedIntroText\">\n<p class=\"MsoNoSpacing\">ALGER- Les membres du Conseil de la Nation ont salu\u00e9, jeudi, la teneur du Plan d&rsquo;action du gouvernement, mettant l&rsquo;accent sur la n\u00e9cessit\u00e9 de d\u00e9finir les m\u00e9canismes de sa mise en application.<\/p>\n<p>&#013;\n<\/p><\/div>\n<div class=\"K2FeedFullText\">&#013;<\/p>\n<p class=\"MsoNoSpacing\">Lors d&rsquo;une s\u00e9ance pl\u00e9ni\u00e8re consacr\u00e9e au d\u00e9bat du Plan d&rsquo;action du gouvernement, tenue sous la pr\u00e9sidence de M. Abdelkader Bensalah, pr\u00e9sident du Conseil de la Nation en pr\u00e9sence du Premier ministre, Abdelmadjid Tebboune et des membres de son staff gouvernemental, les intervenants, membres et pr\u00e9sidents des groupes parlementaires, ont salu\u00e9 le dispositions et mesures\u00a0 contenues dans ce plan et visant \u00e0 augmenter le cadence du d\u00e9veloppement national et \u00e0 appuyer les acquis sociaux.<\/p>\n<p>&#013;<\/p>\n<p class=\"MsoNoSpacing\">A cet effet, le pr\u00e9sident du groupe parlementaire du Rassemblement national d\u00e9mocratique (RND), Abdelmadjid Bouzriba s&rsquo;est f\u00e9licit\u00e9 de la teneur du plan dont \u00ab\u00a0l&rsquo;approche \u00e9conomique et sociale est claire et r\u00e9pondant aux pr\u00e9occupations majeures de l&rsquo;heure\u00a0\u00bb soulignant \u00ab\u00a0sa correspondance dans une large mesure aux orientations et visions du RND\u00a0\u00bb.<\/p>\n<p>&#013;<\/p>\n<p class=\"MsoNoSpacing\">Il a mis l&rsquo;accent en outre sur la n\u00e9cessit\u00e9 d&rsquo;expliquer le contenu de ce plan qui \u00ab\u00a0garantit en plus des conditions d&rsquo;une vie d\u00e9cente, la continuit\u00e9 du d\u00e9veloppement et la concr\u00e9tisation de la s\u00e9curit\u00e9 et de la stabilit\u00e9 du pays\u00a0\u00bb.<\/p>\n<p>&#013;<\/p>\n<p class=\"MsoNoSpacing\">Pour sa part, le pr\u00e9sident du groupe parlementaire du parti du Front de lib\u00e9ration nationale (FLN), Mohamed Zoubiri a lou\u00e9 la nouvelle approche apport\u00e9e par le plan d&rsquo;action du gouvernement notamment en mati\u00e8re d&rsquo;\u00e9largissement des libert\u00e9s individuelles et collectives et de moralisation du travail, estimant que le Plan tend \u00e0 \u00ab\u00a0pr\u00e9server la protection sociale des cat\u00e9gories vuln\u00e9rables et d\u00e9munies\u00a0\u00bb.<\/p>\n<p>&#013;<\/p>\n<p class=\"MsoNoSpacing\">\u00ab\u00a0Il s&rsquo;agit de la traduction fid\u00e8le du principe de la justice sociale entre les diff\u00e9rentes franges de la soci\u00e9t\u00e9 et r\u00e9gions du pays et l&rsquo;expression sinc\u00e8re de la loyaut\u00e9 aux valeurs et principes de 1er Novembre\u00a0\u00bb, a-t-il soutenu.<\/p>\n<p>&#013;<\/p>\n<p class=\"MsoNoSpacing\">De son c\u00f4t\u00e9, le pr\u00e9sident du tiers pr\u00e9sidentiel, Hachemi Djiar s&rsquo;est f\u00e9licit\u00e9 de la teneur du plan d&rsquo;action du gouvernement qui, a-t-il dit, \u00ab\u00a0s&rsquo;inscrit en droite ligne du programme du pr\u00e9sident de la R\u00e9publique, M. Abdelaziz Bouteflika\u00a0\u00bb, rappelant les principales r\u00e9alisations accomplies depuis 1999.<\/p>\n<p>&#013;<\/p>\n<p class=\"MsoNoSpacing\">Apr\u00e8s avoir mis en avant l&rsquo;imp\u00e9ratif de \u00ab\u00a0d\u00e9finir les m\u00e9canismes \u00e0 m\u00eame de permettre l&rsquo;application effective du plan d&rsquo;action du gouvernement\u00a0\u00bb, M. Djiar a relev\u00e9 la n\u00e9cessit\u00e9 de \u00ab\u00a0relancer l&rsquo;effort collectif pour concr\u00e9tiser les d\u00e9marches du gouvernement, notamment au vu des d\u00e9fis et enjeux gigantesques de l&rsquo;heure\u00a0\u00bb.<\/p>\n<p>&#013;<\/p>\n<p class=\"MsoNoSpacing\">Dans le m\u00eame contexte, le membre Houbad Bouhafs du FLN a salu\u00e9 les dispositions contenues dans le plan d&rsquo;action du gouvernement, notamment celles ayant trait aux mesures visant \u00e0 pr\u00e9server le pouvoir d&rsquo;achat du citoyen, avant de relever l&rsquo;importance de rationaliser les d\u00e9penses publiques.<\/p>\n<p>&#013;<\/p>\n<p class=\"MsoNoSpacing\">Rachid Boussehaba du Tiers pr\u00e9sidentiel a soulign\u00e9, quant \u00e0 lui, l&rsquo;importance de concr\u00e9tiser sur le terrain les axes du plan d&rsquo;action du gouvernement, particuli\u00e8rement en ce qui concerne la lev\u00e9e du gel sur certains projets, ce qui est de nature -a-t-il dit \u00e0 relancer la dynamique de d\u00e9veloppement au niveau local.<\/p>\n<p>&#013;<\/p>\n<p class=\"MsoNoSpacing\">Par ailleurs, M. Ali Bellout du RND a mis en exergue la n\u00e9cessit\u00e9 de relancer le r\u00f4le des Assembl\u00e9es communales et de wilaya, rechercher des ressources fiables de financement avec une r\u00e9vision du Code des march\u00e9s publics.<\/p>\n<p>&#013;<\/p>\n<p>\u00a0<\/p>\n<p>&#013;<\/p>\n<p class=\"MsoNoSpacing\">A noter que le Premier ministre r\u00e9pondra jeudi apr\u00e8s-midi aux pr\u00e9occupations soulev\u00e9es par les membres du Conseil de la nation au sujet\u00a0 du plan d&rsquo;action du gouvernement.<\/p>\n<\/div>\n<p>&#013;<br \/>\nSource: <a href=\"http:\/\/www.aps.dz\/algerie\/59535-conseil-de-la-nation-les-senateurs-saluent-la-teneur-du-plan-d-action-et-appellent-a-definir-les-mecanismes-de-sa-mise-en-application\" target=\"_blank\">Conseil de la Nation: les s\u00e9nateurs saluent la teneur du Plan d&rsquo;action et appellent \u00e0 d\u00e9finir les m\u00e9canismes de sa mise en application<\/a><\/p>\n<!--CusAds0-->\n<div style=\"font-size: 0px; height: 0px; line-height: 0px; margin: 0; padding: 0; clear: both;\"><\/div>","protected":false},"excerpt":{"rendered":"<p>ALGER- Les membres du Conseil de la Nation ont salu\u00e9, jeudi, la teneur du Plan d&rsquo;action du gouvernement, mettant l&rsquo;accent sur la n\u00e9cessit\u00e9 de d\u00e9finir les m\u00e9canismes de sa mise en application. &#013; &#013; Lors d&rsquo;une s\u00e9ance pl\u00e9ni\u00e8re consacr\u00e9e au d\u00e9bat du Plan d&rsquo;action du gouvernement, tenue sous la pr\u00e9sidence de M. Abdelkader Bensalah, pr\u00e9sident<\/p>\n","protected":false},"author":6,"featured_media":0,"comment_status":"open","ping_status":"open","sticky":false,"template":"","format":"standard","meta":{"footnotes":""},"categories":[22],"tags":[93],"class_list":["post-13625","post","type-post","status-publish","format-standard","hentry","category-infos","tag-onu"],"yoast_head":"<!-- This site is optimized with the Yoast SEO plugin v27.5 - https:\/\/yoast.com\/product\/yoast-seo-wordpress\/ -->\n<title>Conseil de la Nation: les s\u00e9nateurs saluent la teneur du Plan d&#039;action et appellent \u00e0 d\u00e9finir les m\u00e9canismes de sa mise en application - info algerie<\/title>\n<meta name=\"robots\" content=\"index, follow, max-snippet:-1, max-image-preview:large, max-video-preview:-1\" \/>\n<link rel=\"canonical\" href=\"https:\/\/www.info-algerie.com\/actualites\/conseil-de-la-nation-les-senateurs-saluent-la-teneur-du-plan-daction-et-appellent-a-definir-les-mecanismes-de-sa-mise-en-application\/\" \/>\n<meta property=\"og:locale\" content=\"fr_FR\" \/>\n<meta property=\"og:type\" content=\"article\" \/>\n<meta property=\"og:title\" content=\"Conseil de la Nation: les s\u00e9nateurs saluent la teneur du Plan d&#039;action et appellent \u00e0 d\u00e9finir les m\u00e9canismes de sa mise en application - info algerie\" \/>\n<meta property=\"og:description\" content=\"ALGER- Les membres du Conseil de la Nation ont salu\u00e9, jeudi, la teneur du Plan d&rsquo;action du gouvernement, mettant l&rsquo;accent sur la n\u00e9cessit\u00e9 de d\u00e9finir les m\u00e9canismes de sa mise en application. &#013; &#013; Lors d&rsquo;une s\u00e9ance pl\u00e9ni\u00e8re consacr\u00e9e au d\u00e9bat du Plan d&rsquo;action du gouvernement, tenue sous la pr\u00e9sidence de M. Abdelkader Bensalah, pr\u00e9sident\" \/>\n<meta property=\"og:url\" content=\"https:\/\/www.info-algerie.com\/actualites\/conseil-de-la-nation-les-senateurs-saluent-la-teneur-du-plan-daction-et-appellent-a-definir-les-mecanismes-de-sa-mise-en-application\/\" \/>\n<meta property=\"og:site_name\" content=\"info algerie\" \/>\n<meta property=\"article:publisher\" content=\"https:\/\/www.facebook.com\/infoalgerieactu\" \/>\n<meta property=\"article:published_time\" content=\"2017-06-29T14:30:43+00:00\" \/>\n<meta name=\"author\" content=\"La r\u00e9daction\" \/>\n<meta name=\"twitter:label1\" content=\"\u00c9crit par\" \/>\n\t<meta name=\"twitter:data1\" content=\"La r\u00e9daction\" \/>\n\t<meta name=\"twitter:label2\" content=\"Dur\u00e9e de lecture estim\u00e9e\" \/>\n\t<meta name=\"twitter:data2\" content=\"3 minutes\" \/>\n<script type=\"application\/ld+json\" class=\"yoast-schema-graph\">{\"@context\":\"https:\\\/\\\/schema.org\",\"@graph\":[{\"@type\":\"Article\",\"@id\":\"https:\\\/\\\/www.info-algerie.com\\\/actualites\\\/conseil-de-la-nation-les-senateurs-saluent-la-teneur-du-plan-daction-et-appellent-a-definir-les-mecanismes-de-sa-mise-en-application\\\/#article\",\"isPartOf\":{\"@id\":\"https:\\\/\\\/www.info-algerie.com\\\/actualites\\\/conseil-de-la-nation-les-senateurs-saluent-la-teneur-du-plan-daction-et-appellent-a-definir-les-mecanismes-de-sa-mise-en-application\\\/\"},\"author\":{\"name\":\"La r\u00e9daction\",\"@id\":\"https:\\\/\\\/www.info-algerie.com\\\/actualites\\\/#\\\/schema\\\/person\\\/847aaec44920825b843a08f30ec6aa1e\"},\"headline\":\"Conseil de la Nation: les s\u00e9nateurs saluent la teneur du Plan d&#039;action et appellent \u00e0 d\u00e9finir les m\u00e9canismes de sa mise en application\",\"datePublished\":\"2017-06-29T14:30:43+00:00\",\"mainEntityOfPage\":{\"@id\":\"https:\\\/\\\/www.info-algerie.com\\\/actualites\\\/conseil-de-la-nation-les-senateurs-saluent-la-teneur-du-plan-daction-et-appellent-a-definir-les-mecanismes-de-sa-mise-en-application\\\/\"},\"wordCount\":684,\"commentCount\":0,\"publisher\":{\"@id\":\"https:\\\/\\\/www.info-algerie.com\\\/actualites\\\/#organization\"},\"keywords\":[\"ONU\"],\"articleSection\":[\"infos\"],\"inLanguage\":\"fr-FR\",\"potentialAction\":[{\"@type\":\"CommentAction\",\"name\":\"Comment\",\"target\":[\"https:\\\/\\\/www.info-algerie.com\\\/actualites\\\/conseil-de-la-nation-les-senateurs-saluent-la-teneur-du-plan-daction-et-appellent-a-definir-les-mecanismes-de-sa-mise-en-application\\\/#respond\"]}]},{\"@type\":\"WebPage\",\"@id\":\"https:\\\/\\\/www.info-algerie.com\\\/actualites\\\/conseil-de-la-nation-les-senateurs-saluent-la-teneur-du-plan-daction-et-appellent-a-definir-les-mecanismes-de-sa-mise-en-application\\\/\",\"url\":\"https:\\\/\\\/www.info-algerie.com\\\/actualites\\\/conseil-de-la-nation-les-senateurs-saluent-la-teneur-du-plan-daction-et-appellent-a-definir-les-mecanismes-de-sa-mise-en-application\\\/\",\"name\":\"Conseil de la Nation: les s\u00e9nateurs saluent la teneur du Plan d&#039;action et appellent \u00e0 d\u00e9finir les m\u00e9canismes de sa mise en application - info algerie\",\"isPartOf\":{\"@id\":\"https:\\\/\\\/www.info-algerie.com\\\/actualites\\\/#website\"},\"datePublished\":\"2017-06-29T14:30:43+00:00\",\"breadcrumb\":{\"@id\":\"https:\\\/\\\/www.info-algerie.com\\\/actualites\\\/conseil-de-la-nation-les-senateurs-saluent-la-teneur-du-plan-daction-et-appellent-a-definir-les-mecanismes-de-sa-mise-en-application\\\/#breadcrumb\"},\"inLanguage\":\"fr-FR\",\"potentialAction\":[{\"@type\":\"ReadAction\",\"target\":[\"https:\\\/\\\/www.info-algerie.com\\\/actualites\\\/conseil-de-la-nation-les-senateurs-saluent-la-teneur-du-plan-daction-et-appellent-a-definir-les-mecanismes-de-sa-mise-en-application\\\/\"]}]},{\"@type\":\"BreadcrumbList\",\"@id\":\"https:\\\/\\\/www.info-algerie.com\\\/actualites\\\/conseil-de-la-nation-les-senateurs-saluent-la-teneur-du-plan-daction-et-appellent-a-definir-les-mecanismes-de-sa-mise-en-application\\\/#breadcrumb\",\"itemListElement\":[{\"@type\":\"ListItem\",\"position\":1,\"name\":\"Accueil\",\"item\":\"https:\\\/\\\/www.info-algerie.com\\\/actualites\\\/\"},{\"@type\":\"ListItem\",\"position\":2,\"name\":\"Conseil de la Nation: les s\u00e9nateurs saluent la teneur du Plan d&#039;action et appellent \u00e0 d\u00e9finir les m\u00e9canismes de sa mise en application\"}]},{\"@type\":\"WebSite\",\"@id\":\"https:\\\/\\\/www.info-algerie.com\\\/actualites\\\/#website\",\"url\":\"https:\\\/\\\/www.info-algerie.com\\\/actualites\\\/\",\"name\":\"info algerie\",\"description\":\"Toutes les actualit\u00e9s\",\"publisher\":{\"@id\":\"https:\\\/\\\/www.info-algerie.com\\\/actualites\\\/#organization\"},\"potentialAction\":[{\"@type\":\"SearchAction\",\"target\":{\"@type\":\"EntryPoint\",\"urlTemplate\":\"https:\\\/\\\/www.info-algerie.com\\\/actualites\\\/?s={search_term_string}\"},\"query-input\":{\"@type\":\"PropertyValueSpecification\",\"valueRequired\":true,\"valueName\":\"search_term_string\"}}],\"inLanguage\":\"fr-FR\"},{\"@type\":\"Organization\",\"@id\":\"https:\\\/\\\/www.info-algerie.com\\\/actualites\\\/#organization\",\"name\":\"info algerie\",\"url\":\"https:\\\/\\\/www.info-algerie.com\\\/actualites\\\/\",\"logo\":{\"@type\":\"ImageObject\",\"inLanguage\":\"fr-FR\",\"@id\":\"https:\\\/\\\/www.info-algerie.com\\\/actualites\\\/#\\\/schema\\\/logo\\\/image\\\/\",\"url\":\"https:\\\/\\\/www.info-algerie.com\\\/actualites\\\/wp-content\\\/uploads\\\/2022\\\/07\\\/logo-ia-120.png\",\"contentUrl\":\"https:\\\/\\\/www.info-algerie.com\\\/actualites\\\/wp-content\\\/uploads\\\/2022\\\/07\\\/logo-ia-120.png\",\"width\":120,\"height\":43,\"caption\":\"info algerie\"},\"image\":{\"@id\":\"https:\\\/\\\/www.info-algerie.com\\\/actualites\\\/#\\\/schema\\\/logo\\\/image\\\/\"},\"sameAs\":[\"https:\\\/\\\/www.facebook.com\\\/infoalgerieactu\",\"https:\\\/\\\/x.com\\\/infoalgerie1\"]},{\"@type\":\"Person\",\"@id\":\"https:\\\/\\\/www.info-algerie.com\\\/actualites\\\/#\\\/schema\\\/person\\\/847aaec44920825b843a08f30ec6aa1e\",\"name\":\"La r\u00e9daction\",\"image\":{\"@type\":\"ImageObject\",\"inLanguage\":\"fr-FR\",\"@id\":\"https:\\\/\\\/secure.gravatar.com\\\/avatar\\\/769db425c6f465158149f1ffd6cf61ce7a8a879d11dfbef8288af36dfddd418c?s=96&d=mm&r=g\",\"url\":\"https:\\\/\\\/secure.gravatar.com\\\/avatar\\\/769db425c6f465158149f1ffd6cf61ce7a8a879d11dfbef8288af36dfddd418c?s=96&d=mm&r=g\",\"contentUrl\":\"https:\\\/\\\/secure.gravatar.com\\\/avatar\\\/769db425c6f465158149f1ffd6cf61ce7a8a879d11dfbef8288af36dfddd418c?s=96&d=mm&r=g\",\"caption\":\"La r\u00e9daction\"},\"sameAs\":[\"http:\\\/\\\/www.lkeria.com\\\/\"],\"url\":\"https:\\\/\\\/www.info-algerie.com\\\/actualites\\\/author\\\/chakib32\\\/\"}]}<\/script>\n<!-- \/ Yoast SEO plugin. -->","yoast_head_json":{"title":"Conseil de la Nation: les s\u00e9nateurs saluent la teneur du Plan d&#039;action et appellent \u00e0 d\u00e9finir les m\u00e9canismes de sa mise en application - info algerie","robots":{"index":"index","follow":"follow","max-snippet":"max-snippet:-1","max-image-preview":"max-image-preview:large","max-video-preview":"max-video-preview:-1"},"canonical":"https:\/\/www.info-algerie.com\/actualites\/conseil-de-la-nation-les-senateurs-saluent-la-teneur-du-plan-daction-et-appellent-a-definir-les-mecanismes-de-sa-mise-en-application\/","og_locale":"fr_FR","og_type":"article","og_title":"Conseil de la Nation: les s\u00e9nateurs saluent la teneur du Plan d&#039;action et appellent \u00e0 d\u00e9finir les m\u00e9canismes de sa mise en application - info algerie","og_description":"ALGER- Les membres du Conseil de la Nation ont salu\u00e9, jeudi, la teneur du Plan d&rsquo;action du gouvernement, mettant l&rsquo;accent sur la n\u00e9cessit\u00e9 de d\u00e9finir les m\u00e9canismes de sa mise en application. &#013; &#013; Lors d&rsquo;une s\u00e9ance pl\u00e9ni\u00e8re consacr\u00e9e au d\u00e9bat du Plan d&rsquo;action du gouvernement, tenue sous la pr\u00e9sidence de M. Abdelkader Bensalah, pr\u00e9sident","og_url":"https:\/\/www.info-algerie.com\/actualites\/conseil-de-la-nation-les-senateurs-saluent-la-teneur-du-plan-daction-et-appellent-a-definir-les-mecanismes-de-sa-mise-en-application\/","og_site_name":"info algerie","article_publisher":"https:\/\/www.facebook.com\/infoalgerieactu","article_published_time":"2017-06-29T14:30:43+00:00","author":"La r\u00e9daction","twitter_misc":{"\u00c9crit par":"La r\u00e9daction","Dur\u00e9e de lecture estim\u00e9e":"3 minutes"},"schema":{"@context":"https:\/\/schema.org","@graph":[{"@type":"Article","@id":"https:\/\/www.info-algerie.com\/actualites\/conseil-de-la-nation-les-senateurs-saluent-la-teneur-du-plan-daction-et-appellent-a-definir-les-mecanismes-de-sa-mise-en-application\/#article","isPartOf":{"@id":"https:\/\/www.info-algerie.com\/actualites\/conseil-de-la-nation-les-senateurs-saluent-la-teneur-du-plan-daction-et-appellent-a-definir-les-mecanismes-de-sa-mise-en-application\/"},"author":{"name":"La r\u00e9daction","@id":"https:\/\/www.info-algerie.com\/actualites\/#\/schema\/person\/847aaec44920825b843a08f30ec6aa1e"},"headline":"Conseil de la Nation: les s\u00e9nateurs saluent la teneur du Plan d&#039;action et appellent \u00e0 d\u00e9finir les m\u00e9canismes de sa mise en application","datePublished":"2017-06-29T14:30:43+00:00","mainEntityOfPage":{"@id":"https:\/\/www.info-algerie.com\/actualites\/conseil-de-la-nation-les-senateurs-saluent-la-teneur-du-plan-daction-et-appellent-a-definir-les-mecanismes-de-sa-mise-en-application\/"},"wordCount":684,"commentCount":0,"publisher":{"@id":"https:\/\/www.info-algerie.com\/actualites\/#organization"},"keywords":["ONU"],"articleSection":["infos"],"inLanguage":"fr-FR","potentialAction":[{"@type":"CommentAction","name":"Comment","target":["https:\/\/www.info-algerie.com\/actualites\/conseil-de-la-nation-les-senateurs-saluent-la-teneur-du-plan-daction-et-appellent-a-definir-les-mecanismes-de-sa-mise-en-application\/#respond"]}]},{"@type":"WebPage","@id":"https:\/\/www.info-algerie.com\/actualites\/conseil-de-la-nation-les-senateurs-saluent-la-teneur-du-plan-daction-et-appellent-a-definir-les-mecanismes-de-sa-mise-en-application\/","url":"https:\/\/www.info-algerie.com\/actualites\/conseil-de-la-nation-les-senateurs-saluent-la-teneur-du-plan-daction-et-appellent-a-definir-les-mecanismes-de-sa-mise-en-application\/","name":"Conseil de la Nation: les s\u00e9nateurs saluent la teneur du Plan d&#039;action et appellent \u00e0 d\u00e9finir les m\u00e9canismes de sa mise en application - info algerie","isPartOf":{"@id":"https:\/\/www.info-algerie.com\/actualites\/#website"},"datePublished":"2017-06-29T14:30:43+00:00","breadcrumb":{"@id":"https:\/\/www.info-algerie.com\/actualites\/conseil-de-la-nation-les-senateurs-saluent-la-teneur-du-plan-daction-et-appellent-a-definir-les-mecanismes-de-sa-mise-en-application\/#breadcrumb"},"inLanguage":"fr-FR","potentialAction":[{"@type":"ReadAction","target":["https:\/\/www.info-algerie.com\/actualites\/conseil-de-la-nation-les-senateurs-saluent-la-teneur-du-plan-daction-et-appellent-a-definir-les-mecanismes-de-sa-mise-en-application\/"]}]},{"@type":"BreadcrumbList","@id":"https:\/\/www.info-algerie.com\/actualites\/conseil-de-la-nation-les-senateurs-saluent-la-teneur-du-plan-daction-et-appellent-a-definir-les-mecanismes-de-sa-mise-en-application\/#breadcrumb","itemListElement":[{"@type":"ListItem","position":1,"name":"Accueil","item":"https:\/\/www.info-algerie.com\/actualites\/"},{"@type":"ListItem","position":2,"name":"Conseil de la Nation: les s\u00e9nateurs saluent la teneur du Plan d&#039;action et appellent \u00e0 d\u00e9finir les m\u00e9canismes de sa mise en application"}]},{"@type":"WebSite","@id":"https:\/\/www.info-algerie.com\/actualites\/#website","url":"https:\/\/www.info-algerie.com\/actualites\/","name":"info algerie","description":"Toutes les actualit\u00e9s","publisher":{"@id":"https:\/\/www.info-algerie.com\/actualites\/#organization"},"potentialAction":[{"@type":"SearchAction","target":{"@type":"EntryPoint","urlTemplate":"https:\/\/www.info-algerie.com\/actualites\/?s={search_term_string}"},"query-input":{"@type":"PropertyValueSpecification","valueRequired":true,"valueName":"search_term_string"}}],"inLanguage":"fr-FR"},{"@type":"Organization","@id":"https:\/\/www.info-algerie.com\/actualites\/#organization","name":"info algerie","url":"https:\/\/www.info-algerie.com\/actualites\/","logo":{"@type":"ImageObject","inLanguage":"fr-FR","@id":"https:\/\/www.info-algerie.com\/actualites\/#\/schema\/logo\/image\/","url":"https:\/\/www.info-algerie.com\/actualites\/wp-content\/uploads\/2022\/07\/logo-ia-120.png","contentUrl":"https:\/\/www.info-algerie.com\/actualites\/wp-content\/uploads\/2022\/07\/logo-ia-120.png","width":120,"height":43,"caption":"info algerie"},"image":{"@id":"https:\/\/www.info-algerie.com\/actualites\/#\/schema\/logo\/image\/"},"sameAs":["https:\/\/www.facebook.com\/infoalgerieactu","https:\/\/x.com\/infoalgerie1"]},{"@type":"Person","@id":"https:\/\/www.info-algerie.com\/actualites\/#\/schema\/person\/847aaec44920825b843a08f30ec6aa1e","name":"La r\u00e9daction","image":{"@type":"ImageObject","inLanguage":"fr-FR","@id":"https:\/\/secure.gravatar.com\/avatar\/769db425c6f465158149f1ffd6cf61ce7a8a879d11dfbef8288af36dfddd418c?s=96&d=mm&r=g","url":"https:\/\/secure.gravatar.com\/avatar\/769db425c6f465158149f1ffd6cf61ce7a8a879d11dfbef8288af36dfddd418c?s=96&d=mm&r=g","contentUrl":"https:\/\/secure.gravatar.com\/avatar\/769db425c6f465158149f1ffd6cf61ce7a8a879d11dfbef8288af36dfddd418c?s=96&d=mm&r=g","caption":"La r\u00e9daction"},"sameAs":["http:\/\/www.lkeria.com\/"],"url":"https:\/\/www.info-algerie.com\/actualites\/author\/chakib32\/"}]}},"_links":{"self":[{"href":"https:\/\/www.info-algerie.com\/actualites\/wp-json\/wp\/v2\/posts\/13625","targetHints":{"allow":["GET"]}}],"collection":[{"href":"https:\/\/www.info-algerie.com\/actualites\/wp-json\/wp\/v2\/posts"}],"about":[{"href":"https:\/\/www.info-algerie.com\/actualites\/wp-json\/wp\/v2\/types\/post"}],"author":[{"embeddable":true,"href":"https:\/\/www.info-algerie.com\/actualites\/wp-json\/wp\/v2\/users\/6"}],"replies":[{"embeddable":true,"href":"https:\/\/www.info-algerie.com\/actualites\/wp-json\/wp\/v2\/comments?post=13625"}],"version-history":[{"count":0,"href":"https:\/\/www.info-algerie.com\/actualites\/wp-json\/wp\/v2\/posts\/13625\/revisions"}],"wp:attachment":[{"href":"https:\/\/www.info-algerie.com\/actualites\/wp-json\/wp\/v2\/media?parent=13625"}],"wp:term":[{"taxonomy":"category","embeddable":true,"href":"https:\/\/www.info-algerie.com\/actualites\/wp-json\/wp\/v2\/categories?post=13625"},{"taxonomy":"post_tag","embeddable":true,"href":"https:\/\/www.info-algerie.com\/actualites\/wp-json\/wp\/v2\/tags?post=13625"}],"curies":[{"name":"wp","href":"https:\/\/api.w.org\/{rel}","templated":true}]}}