{"id":13633,"date":"2017-06-29T19:11:07","date_gmt":"2017-06-29T18:11:07","guid":{"rendered":"http:\/\/www.info-algerie.com\/actualites\/cloture-dimanche-de-la-session-ordinaire-du-parlement\/"},"modified":"2017-06-29T19:11:07","modified_gmt":"2017-06-29T18:11:07","slug":"cloture-dimanche-de-la-session-ordinaire-du-parlement","status":"publish","type":"post","link":"https:\/\/www.info-algerie.com\/actualites\/cloture-dimanche-de-la-session-ordinaire-du-parlement\/","title":{"rendered":"Cl\u00f4ture dimanche de la session ordinaire du Parlement"},"content":{"rendered":"<div class=\"K2FeedImage\"><img decoding=\"async\" src=\"https:\/\/www.info-algerie.com\/actualites\/wp-content\/uploads\/2017\/06\/d2c5676ce2f03a6615554d98fcb3c033_S.jpg\" alt=\"Cl&#xF4;ture dimanche de la session ordinaire du Parlement\" \/><\/div>\n<div class=\"K2FeedIntroText\">\n<p class=\"MsoNormal\">ALGER- La session ordinaire des deux chambres du Parlement sera cl\u00f4tur\u00e9e dimanche, indique un communiqu\u00e9 de l&rsquo;Assembl\u00e9e populaire nationale rendu public au terme de la r\u00e9union de son Bureau pr\u00e9sid\u00e9e par M. Bouhadja Sa\u00efd, pr\u00e9sident de l&rsquo;APN.<\/p>\n<p>&#013;\n<\/p><\/div>\n<div class=\"K2FeedFullText\">&#013;<\/p>\n<p class=\"MsoNoSpacing\">Cette d\u00e9cision intervient conform\u00e9ment aux dispositions de l&rsquo;article 135 de la Constitution et de l`article 5 de la loi organique 12-16 portant organisation de l`APN et du Conseil de la Nation et leur relation fonctionnelle avec le Gouvernement, et ce, en coordination entre les bureaux des deux chambres et en concertation avec le Gouvernement, selon la m\u00eame source.<\/p>\n<p>&#013;<\/p>\n<p class=\"MsoNoSpacing\">Le communiqu\u00e9 a en outre indiqu\u00e9 que le Bureau de l&rsquo;APN avait commenc\u00e9 sa r\u00e9union par \u00ab\u00a0l&rsquo;\u00e9valuation de ses travaux depuis son installation. Les membres ont exprim\u00e9 leur satisfaction vis \u00e0 vis des conditions favorables qui ont marqu\u00e9 le d\u00e9roulement de toutes les s\u00e9ances pl\u00e9ni\u00e8res tenues depuis le d\u00e9but de la nouvelle l\u00e9gislature\u00a0\u00bb.<\/p>\n<p>&#013;<\/p>\n<p class=\"MsoNoSpacing\">Il est \u00e0 noter que la s\u00e9ance de cl\u00f4ture commencera \u00e0 10:00 au si\u00e8ge du Conseil de la Nation, et \u00e0 11:00 au si\u00e8ge de l&rsquo;APN.<\/p>\n<p>&#013;<\/p>\n<p>\u00a0<\/p>\n<p>&#013;<\/p>\n<p class=\"MsoNormal\">\u00a0<\/p>\n<\/div>\n<p>&#013;<br \/>\nSource: <a href=\"http:\/\/www.aps.dz\/algerie\/59552-cloture-dimanche-de-la-session-ordinaire-du-parlement\" target=\"_blank\">Cl\u00f4ture dimanche de la session ordinaire du Parlement<\/a><\/p>\n<!--CusAds0-->\n<div style=\"font-size: 0px; height: 0px; line-height: 0px; margin: 0; padding: 0; clear: both;\"><\/div>","protected":false},"excerpt":{"rendered":"<p>ALGER- La session ordinaire des deux chambres du Parlement sera cl\u00f4tur\u00e9e dimanche, indique un communiqu\u00e9 de l&rsquo;Assembl\u00e9e populaire nationale rendu public au terme de la r\u00e9union de son Bureau pr\u00e9sid\u00e9e par M. Bouhadja Sa\u00efd, pr\u00e9sident de l&rsquo;APN. &#013; &#013; Cette d\u00e9cision intervient conform\u00e9ment aux dispositions de l&rsquo;article 135 de la Constitution et de l`article 5<\/p>\n","protected":false},"author":6,"featured_media":13634,"comment_status":"open","ping_status":"open","sticky":false,"template":"","format":"standard","meta":{"footnotes":""},"categories":[22],"tags":[93],"class_list":["post-13633","post","type-post","status-publish","format-standard","has-post-thumbnail","hentry","category-infos","tag-onu"],"yoast_head":"<!-- This site is optimized with the Yoast SEO plugin v27.5 - https:\/\/yoast.com\/product\/yoast-seo-wordpress\/ -->\n<title>Cl\u00f4ture dimanche de la session ordinaire du Parlement - info algerie<\/title>\n<meta name=\"robots\" content=\"index, follow, max-snippet:-1, max-image-preview:large, max-video-preview:-1\" \/>\n<link rel=\"canonical\" href=\"https:\/\/www.info-algerie.com\/actualites\/cloture-dimanche-de-la-session-ordinaire-du-parlement\/\" \/>\n<meta property=\"og:locale\" content=\"fr_FR\" \/>\n<meta property=\"og:type\" content=\"article\" \/>\n<meta property=\"og:title\" content=\"Cl\u00f4ture dimanche de la session ordinaire du Parlement - info algerie\" \/>\n<meta property=\"og:description\" content=\"ALGER- La session ordinaire des deux chambres du Parlement sera cl\u00f4tur\u00e9e dimanche, indique un communiqu\u00e9 de l&rsquo;Assembl\u00e9e populaire nationale rendu public au terme de la r\u00e9union de son Bureau pr\u00e9sid\u00e9e par M. Bouhadja Sa\u00efd, pr\u00e9sident de l&rsquo;APN. &#013; &#013; Cette d\u00e9cision intervient conform\u00e9ment aux dispositions de l&rsquo;article 135 de la Constitution et de l`article 5\" \/>\n<meta property=\"og:url\" content=\"https:\/\/www.info-algerie.com\/actualites\/cloture-dimanche-de-la-session-ordinaire-du-parlement\/\" \/>\n<meta property=\"og:site_name\" content=\"info algerie\" \/>\n<meta property=\"article:publisher\" content=\"https:\/\/www.facebook.com\/infoalgerieactu\" \/>\n<meta property=\"article:published_time\" content=\"2017-06-29T18:11:07+00:00\" \/>\n<meta property=\"og:image\" content=\"https:\/\/www.info-algerie.com\/actualites\/wp-content\/uploads\/2017\/06\/d2c5676ce2f03a6615554d98fcb3c033_S-1.jpg\" \/>\n\t<meta property=\"og:image:width\" content=\"280\" \/>\n\t<meta property=\"og:image:height\" content=\"158\" \/>\n\t<meta property=\"og:image:type\" content=\"image\/jpeg\" \/>\n<meta name=\"author\" content=\"La r\u00e9daction\" \/>\n<meta name=\"twitter:label1\" content=\"\u00c9crit par\" \/>\n\t<meta name=\"twitter:data1\" content=\"La r\u00e9daction\" \/>\n\t<meta name=\"twitter:label2\" content=\"Dur\u00e9e de lecture estim\u00e9e\" \/>\n\t<meta name=\"twitter:data2\" content=\"1 minute\" \/>\n<script type=\"application\/ld+json\" class=\"yoast-schema-graph\">{\"@context\":\"https:\\\/\\\/schema.org\",\"@graph\":[{\"@type\":\"Article\",\"@id\":\"https:\\\/\\\/www.info-algerie.com\\\/actualites\\\/cloture-dimanche-de-la-session-ordinaire-du-parlement\\\/#article\",\"isPartOf\":{\"@id\":\"https:\\\/\\\/www.info-algerie.com\\\/actualites\\\/cloture-dimanche-de-la-session-ordinaire-du-parlement\\\/\"},\"author\":{\"name\":\"La r\u00e9daction\",\"@id\":\"https:\\\/\\\/www.info-algerie.com\\\/actualites\\\/#\\\/schema\\\/person\\\/847aaec44920825b843a08f30ec6aa1e\"},\"headline\":\"Cl\u00f4ture dimanche de la session ordinaire du Parlement\",\"datePublished\":\"2017-06-29T18:11:07+00:00\",\"mainEntityOfPage\":{\"@id\":\"https:\\\/\\\/www.info-algerie.com\\\/actualites\\\/cloture-dimanche-de-la-session-ordinaire-du-parlement\\\/\"},\"wordCount\":215,\"commentCount\":0,\"publisher\":{\"@id\":\"https:\\\/\\\/www.info-algerie.com\\\/actualites\\\/#organization\"},\"image\":{\"@id\":\"https:\\\/\\\/www.info-algerie.com\\\/actualites\\\/cloture-dimanche-de-la-session-ordinaire-du-parlement\\\/#primaryimage\"},\"thumbnailUrl\":\"https:\\\/\\\/www.info-algerie.com\\\/actualites\\\/wp-content\\\/uploads\\\/2017\\\/06\\\/d2c5676ce2f03a6615554d98fcb3c033_S-1.jpg\",\"keywords\":[\"ONU\"],\"articleSection\":[\"infos\"],\"inLanguage\":\"fr-FR\",\"potentialAction\":[{\"@type\":\"CommentAction\",\"name\":\"Comment\",\"target\":[\"https:\\\/\\\/www.info-algerie.com\\\/actualites\\\/cloture-dimanche-de-la-session-ordinaire-du-parlement\\\/#respond\"]}]},{\"@type\":\"WebPage\",\"@id\":\"https:\\\/\\\/www.info-algerie.com\\\/actualites\\\/cloture-dimanche-de-la-session-ordinaire-du-parlement\\\/\",\"url\":\"https:\\\/\\\/www.info-algerie.com\\\/actualites\\\/cloture-dimanche-de-la-session-ordinaire-du-parlement\\\/\",\"name\":\"Cl\u00f4ture dimanche de la session ordinaire du Parlement - info algerie\",\"isPartOf\":{\"@id\":\"https:\\\/\\\/www.info-algerie.com\\\/actualites\\\/#website\"},\"primaryImageOfPage\":{\"@id\":\"https:\\\/\\\/www.info-algerie.com\\\/actualites\\\/cloture-dimanche-de-la-session-ordinaire-du-parlement\\\/#primaryimage\"},\"image\":{\"@id\":\"https:\\\/\\\/www.info-algerie.com\\\/actualites\\\/cloture-dimanche-de-la-session-ordinaire-du-parlement\\\/#primaryimage\"},\"thumbnailUrl\":\"https:\\\/\\\/www.info-algerie.com\\\/actualites\\\/wp-content\\\/uploads\\\/2017\\\/06\\\/d2c5676ce2f03a6615554d98fcb3c033_S-1.jpg\",\"datePublished\":\"2017-06-29T18:11:07+00:00\",\"breadcrumb\":{\"@id\":\"https:\\\/\\\/www.info-algerie.com\\\/actualites\\\/cloture-dimanche-de-la-session-ordinaire-du-parlement\\\/#breadcrumb\"},\"inLanguage\":\"fr-FR\",\"potentialAction\":[{\"@type\":\"ReadAction\",\"target\":[\"https:\\\/\\\/www.info-algerie.com\\\/actualites\\\/cloture-dimanche-de-la-session-ordinaire-du-parlement\\\/\"]}]},{\"@type\":\"ImageObject\",\"inLanguage\":\"fr-FR\",\"@id\":\"https:\\\/\\\/www.info-algerie.com\\\/actualites\\\/cloture-dimanche-de-la-session-ordinaire-du-parlement\\\/#primaryimage\",\"url\":\"https:\\\/\\\/www.info-algerie.com\\\/actualites\\\/wp-content\\\/uploads\\\/2017\\\/06\\\/d2c5676ce2f03a6615554d98fcb3c033_S-1.jpg\",\"contentUrl\":\"https:\\\/\\\/www.info-algerie.com\\\/actualites\\\/wp-content\\\/uploads\\\/2017\\\/06\\\/d2c5676ce2f03a6615554d98fcb3c033_S-1.jpg\",\"width\":280,\"height\":158},{\"@type\":\"BreadcrumbList\",\"@id\":\"https:\\\/\\\/www.info-algerie.com\\\/actualites\\\/cloture-dimanche-de-la-session-ordinaire-du-parlement\\\/#breadcrumb\",\"itemListElement\":[{\"@type\":\"ListItem\",\"position\":1,\"name\":\"Accueil\",\"item\":\"https:\\\/\\\/www.info-algerie.com\\\/actualites\\\/\"},{\"@type\":\"ListItem\",\"position\":2,\"name\":\"Cl\u00f4ture dimanche de la session ordinaire du Parlement\"}]},{\"@type\":\"WebSite\",\"@id\":\"https:\\\/\\\/www.info-algerie.com\\\/actualites\\\/#website\",\"url\":\"https:\\\/\\\/www.info-algerie.com\\\/actualites\\\/\",\"name\":\"info algerie\",\"description\":\"Toutes les actualit\u00e9s\",\"publisher\":{\"@id\":\"https:\\\/\\\/www.info-algerie.com\\\/actualites\\\/#organization\"},\"potentialAction\":[{\"@type\":\"SearchAction\",\"target\":{\"@type\":\"EntryPoint\",\"urlTemplate\":\"https:\\\/\\\/www.info-algerie.com\\\/actualites\\\/?s={search_term_string}\"},\"query-input\":{\"@type\":\"PropertyValueSpecification\",\"valueRequired\":true,\"valueName\":\"search_term_string\"}}],\"inLanguage\":\"fr-FR\"},{\"@type\":\"Organization\",\"@id\":\"https:\\\/\\\/www.info-algerie.com\\\/actualites\\\/#organization\",\"name\":\"info algerie\",\"url\":\"https:\\\/\\\/www.info-algerie.com\\\/actualites\\\/\",\"logo\":{\"@type\":\"ImageObject\",\"inLanguage\":\"fr-FR\",\"@id\":\"https:\\\/\\\/www.info-algerie.com\\\/actualites\\\/#\\\/schema\\\/logo\\\/image\\\/\",\"url\":\"https:\\\/\\\/www.info-algerie.com\\\/actualites\\\/wp-content\\\/uploads\\\/2022\\\/07\\\/logo-ia-120.png\",\"contentUrl\":\"https:\\\/\\\/www.info-algerie.com\\\/actualites\\\/wp-content\\\/uploads\\\/2022\\\/07\\\/logo-ia-120.png\",\"width\":120,\"height\":43,\"caption\":\"info algerie\"},\"image\":{\"@id\":\"https:\\\/\\\/www.info-algerie.com\\\/actualites\\\/#\\\/schema\\\/logo\\\/image\\\/\"},\"sameAs\":[\"https:\\\/\\\/www.facebook.com\\\/infoalgerieactu\",\"https:\\\/\\\/x.com\\\/infoalgerie1\"]},{\"@type\":\"Person\",\"@id\":\"https:\\\/\\\/www.info-algerie.com\\\/actualites\\\/#\\\/schema\\\/person\\\/847aaec44920825b843a08f30ec6aa1e\",\"name\":\"La r\u00e9daction\",\"image\":{\"@type\":\"ImageObject\",\"inLanguage\":\"fr-FR\",\"@id\":\"https:\\\/\\\/secure.gravatar.com\\\/avatar\\\/769db425c6f465158149f1ffd6cf61ce7a8a879d11dfbef8288af36dfddd418c?s=96&d=mm&r=g\",\"url\":\"https:\\\/\\\/secure.gravatar.com\\\/avatar\\\/769db425c6f465158149f1ffd6cf61ce7a8a879d11dfbef8288af36dfddd418c?s=96&d=mm&r=g\",\"contentUrl\":\"https:\\\/\\\/secure.gravatar.com\\\/avatar\\\/769db425c6f465158149f1ffd6cf61ce7a8a879d11dfbef8288af36dfddd418c?s=96&d=mm&r=g\",\"caption\":\"La r\u00e9daction\"},\"sameAs\":[\"http:\\\/\\\/www.lkeria.com\\\/\"],\"url\":\"https:\\\/\\\/www.info-algerie.com\\\/actualites\\\/author\\\/chakib32\\\/\"}]}<\/script>\n<!-- \/ Yoast SEO plugin. -->","yoast_head_json":{"title":"Cl\u00f4ture dimanche de la session ordinaire du Parlement - info algerie","robots":{"index":"index","follow":"follow","max-snippet":"max-snippet:-1","max-image-preview":"max-image-preview:large","max-video-preview":"max-video-preview:-1"},"canonical":"https:\/\/www.info-algerie.com\/actualites\/cloture-dimanche-de-la-session-ordinaire-du-parlement\/","og_locale":"fr_FR","og_type":"article","og_title":"Cl\u00f4ture dimanche de la session ordinaire du Parlement - info algerie","og_description":"ALGER- La session ordinaire des deux chambres du Parlement sera cl\u00f4tur\u00e9e dimanche, indique un communiqu\u00e9 de l&rsquo;Assembl\u00e9e populaire nationale rendu public au terme de la r\u00e9union de son Bureau pr\u00e9sid\u00e9e par M. Bouhadja Sa\u00efd, pr\u00e9sident de l&rsquo;APN. &#013; &#013; Cette d\u00e9cision intervient conform\u00e9ment aux dispositions de l&rsquo;article 135 de la Constitution et de l`article 5","og_url":"https:\/\/www.info-algerie.com\/actualites\/cloture-dimanche-de-la-session-ordinaire-du-parlement\/","og_site_name":"info algerie","article_publisher":"https:\/\/www.facebook.com\/infoalgerieactu","article_published_time":"2017-06-29T18:11:07+00:00","og_image":[{"width":280,"height":158,"url":"https:\/\/www.info-algerie.com\/actualites\/wp-content\/uploads\/2017\/06\/d2c5676ce2f03a6615554d98fcb3c033_S-1.jpg","type":"image\/jpeg"}],"author":"La r\u00e9daction","twitter_misc":{"\u00c9crit par":"La r\u00e9daction","Dur\u00e9e de lecture estim\u00e9e":"1 minute"},"schema":{"@context":"https:\/\/schema.org","@graph":[{"@type":"Article","@id":"https:\/\/www.info-algerie.com\/actualites\/cloture-dimanche-de-la-session-ordinaire-du-parlement\/#article","isPartOf":{"@id":"https:\/\/www.info-algerie.com\/actualites\/cloture-dimanche-de-la-session-ordinaire-du-parlement\/"},"author":{"name":"La r\u00e9daction","@id":"https:\/\/www.info-algerie.com\/actualites\/#\/schema\/person\/847aaec44920825b843a08f30ec6aa1e"},"headline":"Cl\u00f4ture dimanche de la session ordinaire du Parlement","datePublished":"2017-06-29T18:11:07+00:00","mainEntityOfPage":{"@id":"https:\/\/www.info-algerie.com\/actualites\/cloture-dimanche-de-la-session-ordinaire-du-parlement\/"},"wordCount":215,"commentCount":0,"publisher":{"@id":"https:\/\/www.info-algerie.com\/actualites\/#organization"},"image":{"@id":"https:\/\/www.info-algerie.com\/actualites\/cloture-dimanche-de-la-session-ordinaire-du-parlement\/#primaryimage"},"thumbnailUrl":"https:\/\/www.info-algerie.com\/actualites\/wp-content\/uploads\/2017\/06\/d2c5676ce2f03a6615554d98fcb3c033_S-1.jpg","keywords":["ONU"],"articleSection":["infos"],"inLanguage":"fr-FR","potentialAction":[{"@type":"CommentAction","name":"Comment","target":["https:\/\/www.info-algerie.com\/actualites\/cloture-dimanche-de-la-session-ordinaire-du-parlement\/#respond"]}]},{"@type":"WebPage","@id":"https:\/\/www.info-algerie.com\/actualites\/cloture-dimanche-de-la-session-ordinaire-du-parlement\/","url":"https:\/\/www.info-algerie.com\/actualites\/cloture-dimanche-de-la-session-ordinaire-du-parlement\/","name":"Cl\u00f4ture dimanche de la session ordinaire du Parlement - info algerie","isPartOf":{"@id":"https:\/\/www.info-algerie.com\/actualites\/#website"},"primaryImageOfPage":{"@id":"https:\/\/www.info-algerie.com\/actualites\/cloture-dimanche-de-la-session-ordinaire-du-parlement\/#primaryimage"},"image":{"@id":"https:\/\/www.info-algerie.com\/actualites\/cloture-dimanche-de-la-session-ordinaire-du-parlement\/#primaryimage"},"thumbnailUrl":"https:\/\/www.info-algerie.com\/actualites\/wp-content\/uploads\/2017\/06\/d2c5676ce2f03a6615554d98fcb3c033_S-1.jpg","datePublished":"2017-06-29T18:11:07+00:00","breadcrumb":{"@id":"https:\/\/www.info-algerie.com\/actualites\/cloture-dimanche-de-la-session-ordinaire-du-parlement\/#breadcrumb"},"inLanguage":"fr-FR","potentialAction":[{"@type":"ReadAction","target":["https:\/\/www.info-algerie.com\/actualites\/cloture-dimanche-de-la-session-ordinaire-du-parlement\/"]}]},{"@type":"ImageObject","inLanguage":"fr-FR","@id":"https:\/\/www.info-algerie.com\/actualites\/cloture-dimanche-de-la-session-ordinaire-du-parlement\/#primaryimage","url":"https:\/\/www.info-algerie.com\/actualites\/wp-content\/uploads\/2017\/06\/d2c5676ce2f03a6615554d98fcb3c033_S-1.jpg","contentUrl":"https:\/\/www.info-algerie.com\/actualites\/wp-content\/uploads\/2017\/06\/d2c5676ce2f03a6615554d98fcb3c033_S-1.jpg","width":280,"height":158},{"@type":"BreadcrumbList","@id":"https:\/\/www.info-algerie.com\/actualites\/cloture-dimanche-de-la-session-ordinaire-du-parlement\/#breadcrumb","itemListElement":[{"@type":"ListItem","position":1,"name":"Accueil","item":"https:\/\/www.info-algerie.com\/actualites\/"},{"@type":"ListItem","position":2,"name":"Cl\u00f4ture dimanche de la session ordinaire du Parlement"}]},{"@type":"WebSite","@id":"https:\/\/www.info-algerie.com\/actualites\/#website","url":"https:\/\/www.info-algerie.com\/actualites\/","name":"info algerie","description":"Toutes les actualit\u00e9s","publisher":{"@id":"https:\/\/www.info-algerie.com\/actualites\/#organization"},"potentialAction":[{"@type":"SearchAction","target":{"@type":"EntryPoint","urlTemplate":"https:\/\/www.info-algerie.com\/actualites\/?s={search_term_string}"},"query-input":{"@type":"PropertyValueSpecification","valueRequired":true,"valueName":"search_term_string"}}],"inLanguage":"fr-FR"},{"@type":"Organization","@id":"https:\/\/www.info-algerie.com\/actualites\/#organization","name":"info algerie","url":"https:\/\/www.info-algerie.com\/actualites\/","logo":{"@type":"ImageObject","inLanguage":"fr-FR","@id":"https:\/\/www.info-algerie.com\/actualites\/#\/schema\/logo\/image\/","url":"https:\/\/www.info-algerie.com\/actualites\/wp-content\/uploads\/2022\/07\/logo-ia-120.png","contentUrl":"https:\/\/www.info-algerie.com\/actualites\/wp-content\/uploads\/2022\/07\/logo-ia-120.png","width":120,"height":43,"caption":"info algerie"},"image":{"@id":"https:\/\/www.info-algerie.com\/actualites\/#\/schema\/logo\/image\/"},"sameAs":["https:\/\/www.facebook.com\/infoalgerieactu","https:\/\/x.com\/infoalgerie1"]},{"@type":"Person","@id":"https:\/\/www.info-algerie.com\/actualites\/#\/schema\/person\/847aaec44920825b843a08f30ec6aa1e","name":"La r\u00e9daction","image":{"@type":"ImageObject","inLanguage":"fr-FR","@id":"https:\/\/secure.gravatar.com\/avatar\/769db425c6f465158149f1ffd6cf61ce7a8a879d11dfbef8288af36dfddd418c?s=96&d=mm&r=g","url":"https:\/\/secure.gravatar.com\/avatar\/769db425c6f465158149f1ffd6cf61ce7a8a879d11dfbef8288af36dfddd418c?s=96&d=mm&r=g","contentUrl":"https:\/\/secure.gravatar.com\/avatar\/769db425c6f465158149f1ffd6cf61ce7a8a879d11dfbef8288af36dfddd418c?s=96&d=mm&r=g","caption":"La r\u00e9daction"},"sameAs":["http:\/\/www.lkeria.com\/"],"url":"https:\/\/www.info-algerie.com\/actualites\/author\/chakib32\/"}]}},"_links":{"self":[{"href":"https:\/\/www.info-algerie.com\/actualites\/wp-json\/wp\/v2\/posts\/13633","targetHints":{"allow":["GET"]}}],"collection":[{"href":"https:\/\/www.info-algerie.com\/actualites\/wp-json\/wp\/v2\/posts"}],"about":[{"href":"https:\/\/www.info-algerie.com\/actualites\/wp-json\/wp\/v2\/types\/post"}],"author":[{"embeddable":true,"href":"https:\/\/www.info-algerie.com\/actualites\/wp-json\/wp\/v2\/users\/6"}],"replies":[{"embeddable":true,"href":"https:\/\/www.info-algerie.com\/actualites\/wp-json\/wp\/v2\/comments?post=13633"}],"version-history":[{"count":0,"href":"https:\/\/www.info-algerie.com\/actualites\/wp-json\/wp\/v2\/posts\/13633\/revisions"}],"wp:featuredmedia":[{"embeddable":true,"href":"https:\/\/www.info-algerie.com\/actualites\/wp-json\/wp\/v2\/media\/13634"}],"wp:attachment":[{"href":"https:\/\/www.info-algerie.com\/actualites\/wp-json\/wp\/v2\/media?parent=13633"}],"wp:term":[{"taxonomy":"category","embeddable":true,"href":"https:\/\/www.info-algerie.com\/actualites\/wp-json\/wp\/v2\/categories?post=13633"},{"taxonomy":"post_tag","embeddable":true,"href":"https:\/\/www.info-algerie.com\/actualites\/wp-json\/wp\/v2\/tags?post=13633"}],"curies":[{"name":"wp","href":"https:\/\/api.w.org\/{rel}","templated":true}]}}