{"id":13648,"date":"2017-06-29T20:48:04","date_gmt":"2017-06-29T19:48:04","guid":{"rendered":"http:\/\/www.info-algerie.com\/actualites\/baccalaureat-la-session-speciale-au-profit-des-exclus-pour-cause-de-retard-prevue-du-13-au-17-juillet\/"},"modified":"2017-06-29T20:48:04","modified_gmt":"2017-06-29T19:48:04","slug":"baccalaureat-la-session-speciale-au-profit-des-exclus-pour-cause-de-retard-prevue-du-13-au-17-juillet","status":"publish","type":"post","link":"https:\/\/www.info-algerie.com\/actualites\/baccalaureat-la-session-speciale-au-profit-des-exclus-pour-cause-de-retard-prevue-du-13-au-17-juillet\/","title":{"rendered":"Baccalaur\u00e9at: La session sp\u00e9ciale au profit des exclus pour cause de retard pr\u00e9vue du 13 au 17 juillet"},"content":{"rendered":"<div class=\"K2FeedImage\"><img decoding=\"async\" src=\"https:\/\/www.info-algerie.com\/actualites\/wp-content\/uploads\/2017\/06\/9292498b9c9a8391ca016bc85aae5f24_S.jpg\" alt=\"Baccalaur&#xE9;at: La session sp&#xE9;ciale au profit des exclus pour cause de retard pr&#xE9;vue du 13 au 17 juillet\" \/><\/div>\n<div class=\"K2FeedIntroText\">\n<p>ALGER- Le Premier ministre, Abdelmadjid Tebboune, a annonc\u00e9 jeudi \u00e0 Alger, l&rsquo;organisation du 13 au 17 juillet de la session sp\u00e9ciale au profit des exclus de la premi\u00e8re session du BAC 2017 pour cause de retard.<\/p>\n<p>&#013;\n<\/p><\/div>\n<div class=\"K2FeedFullText\">&#013;<\/p>\n<p>Intervenant lors d&rsquo;une conf\u00e9rence de presse organis\u00e9e \u00e0 l&rsquo;issue de l&rsquo;adoption par les membres du Conseil de la nation d&rsquo;une motion de soutien au Plan d&rsquo;action du Gouvernement, M. Tebboune a indiqu\u00e9 que \u00ab\u00a0la session sp\u00e9ciale au profit des candidats exclus pour cause de retard sera organis\u00e9e du 13 au 17 juillet\u00a0\u00bb.<\/p>\n<p>&#013;<\/p>\n<p>Le Premier ministre avait d\u00e9clar\u00e9, auparavant \u00e0 l&rsquo;Assembl\u00e9e populaire nationale, l&rsquo;organisation sur instruction du pr\u00e9sident de la R\u00e9publique, Abdelaziz Bouteflika, d&rsquo;une session sp\u00e9ciale du baccalaur\u00e9at pour les \u00e9l\u00e8ves ayant \u00e9t\u00e9 exclus de la derni\u00e8re session pour cause de retard, ajoutant que toutes \u00ab\u00a0les pr\u00e9rogatives pour l&rsquo;organisation mat\u00e9rielle de cette session qui doit se d\u00e9rouler dans les m\u00eames conditions de rigueur ayant pr\u00e9valu lors de la session du mois de juin, ont \u00e9t\u00e9 octroy\u00e9es \u00e0 la ministre de l&rsquo;Education nationale, Mme Nouria Benghebrit\u00a0\u00bb.<\/p>\n<\/div>\n<p>&#013;<br \/>\nSource: <a href=\"http:\/\/www.aps.dz\/algerie\/59559-baccalaureat-la-session-speciale-au-profit-des-exclus-pour-cause-de-retard-prevue-du-13-au-17-juillet\" target=\"_blank\">Baccalaur\u00e9at: La session sp\u00e9ciale au profit des exclus pour cause de retard pr\u00e9vue du 13 au 17 juillet<\/a><\/p>\n<!--CusAds0-->\n<div style=\"font-size: 0px; height: 0px; line-height: 0px; margin: 0; padding: 0; clear: both;\"><\/div>","protected":false},"excerpt":{"rendered":"<p>ALGER- Le Premier ministre, Abdelmadjid Tebboune, a annonc\u00e9 jeudi \u00e0 Alger, l&rsquo;organisation du 13 au 17 juillet de la session sp\u00e9ciale au profit des exclus de la premi\u00e8re session du BAC 2017 pour cause de retard. &#013; &#013; Intervenant lors d&rsquo;une conf\u00e9rence de presse organis\u00e9e \u00e0 l&rsquo;issue de l&rsquo;adoption par les membres du Conseil de<\/p>\n","protected":false},"author":6,"featured_media":13649,"comment_status":"open","ping_status":"open","sticky":false,"template":"","format":"standard","meta":{"footnotes":""},"categories":[22],"tags":[93],"class_list":["post-13648","post","type-post","status-publish","format-standard","has-post-thumbnail","hentry","category-infos","tag-onu"],"yoast_head":"<!-- This site is optimized with the Yoast SEO plugin v27.5 - https:\/\/yoast.com\/product\/yoast-seo-wordpress\/ -->\n<title>Baccalaur\u00e9at: La session sp\u00e9ciale au profit des exclus pour cause de retard pr\u00e9vue du 13 au 17 juillet - info algerie<\/title>\n<meta name=\"robots\" content=\"index, follow, max-snippet:-1, max-image-preview:large, max-video-preview:-1\" \/>\n<link rel=\"canonical\" href=\"https:\/\/www.info-algerie.com\/actualites\/baccalaureat-la-session-speciale-au-profit-des-exclus-pour-cause-de-retard-prevue-du-13-au-17-juillet\/\" \/>\n<meta property=\"og:locale\" content=\"fr_FR\" \/>\n<meta property=\"og:type\" content=\"article\" \/>\n<meta property=\"og:title\" content=\"Baccalaur\u00e9at: La session sp\u00e9ciale au profit des exclus pour cause de retard pr\u00e9vue du 13 au 17 juillet - info algerie\" \/>\n<meta property=\"og:description\" content=\"ALGER- Le Premier ministre, Abdelmadjid Tebboune, a annonc\u00e9 jeudi \u00e0 Alger, l&rsquo;organisation du 13 au 17 juillet de la session sp\u00e9ciale au profit des exclus de la premi\u00e8re session du BAC 2017 pour cause de retard. &#013; &#013; Intervenant lors d&rsquo;une conf\u00e9rence de presse organis\u00e9e \u00e0 l&rsquo;issue de l&rsquo;adoption par les membres du Conseil de\" \/>\n<meta property=\"og:url\" content=\"https:\/\/www.info-algerie.com\/actualites\/baccalaureat-la-session-speciale-au-profit-des-exclus-pour-cause-de-retard-prevue-du-13-au-17-juillet\/\" \/>\n<meta property=\"og:site_name\" content=\"info algerie\" \/>\n<meta property=\"article:publisher\" content=\"https:\/\/www.facebook.com\/infoalgerieactu\" \/>\n<meta property=\"article:published_time\" content=\"2017-06-29T19:48:04+00:00\" \/>\n<meta property=\"og:image\" content=\"https:\/\/www.info-algerie.com\/actualites\/wp-content\/uploads\/2017\/06\/9292498b9c9a8391ca016bc85aae5f24_S-1.jpg\" \/>\n\t<meta property=\"og:image:width\" content=\"280\" \/>\n\t<meta property=\"og:image:height\" content=\"163\" \/>\n\t<meta property=\"og:image:type\" content=\"image\/jpeg\" \/>\n<meta name=\"author\" content=\"La r\u00e9daction\" \/>\n<meta name=\"twitter:label1\" content=\"\u00c9crit par\" \/>\n\t<meta name=\"twitter:data1\" content=\"La r\u00e9daction\" \/>\n\t<meta name=\"twitter:label2\" content=\"Dur\u00e9e de lecture estim\u00e9e\" \/>\n\t<meta name=\"twitter:data2\" content=\"1 minute\" \/>\n<script type=\"application\/ld+json\" class=\"yoast-schema-graph\">{\"@context\":\"https:\\\/\\\/schema.org\",\"@graph\":[{\"@type\":\"Article\",\"@id\":\"https:\\\/\\\/www.info-algerie.com\\\/actualites\\\/baccalaureat-la-session-speciale-au-profit-des-exclus-pour-cause-de-retard-prevue-du-13-au-17-juillet\\\/#article\",\"isPartOf\":{\"@id\":\"https:\\\/\\\/www.info-algerie.com\\\/actualites\\\/baccalaureat-la-session-speciale-au-profit-des-exclus-pour-cause-de-retard-prevue-du-13-au-17-juillet\\\/\"},\"author\":{\"name\":\"La r\u00e9daction\",\"@id\":\"https:\\\/\\\/www.info-algerie.com\\\/actualites\\\/#\\\/schema\\\/person\\\/847aaec44920825b843a08f30ec6aa1e\"},\"headline\":\"Baccalaur\u00e9at: La session sp\u00e9ciale au profit des exclus pour cause de retard pr\u00e9vue du 13 au 17 juillet\",\"datePublished\":\"2017-06-29T19:48:04+00:00\",\"mainEntityOfPage\":{\"@id\":\"https:\\\/\\\/www.info-algerie.com\\\/actualites\\\/baccalaureat-la-session-speciale-au-profit-des-exclus-pour-cause-de-retard-prevue-du-13-au-17-juillet\\\/\"},\"wordCount\":231,\"commentCount\":0,\"publisher\":{\"@id\":\"https:\\\/\\\/www.info-algerie.com\\\/actualites\\\/#organization\"},\"image\":{\"@id\":\"https:\\\/\\\/www.info-algerie.com\\\/actualites\\\/baccalaureat-la-session-speciale-au-profit-des-exclus-pour-cause-de-retard-prevue-du-13-au-17-juillet\\\/#primaryimage\"},\"thumbnailUrl\":\"https:\\\/\\\/www.info-algerie.com\\\/actualites\\\/wp-content\\\/uploads\\\/2017\\\/06\\\/9292498b9c9a8391ca016bc85aae5f24_S-1.jpg\",\"keywords\":[\"ONU\"],\"articleSection\":[\"infos\"],\"inLanguage\":\"fr-FR\",\"potentialAction\":[{\"@type\":\"CommentAction\",\"name\":\"Comment\",\"target\":[\"https:\\\/\\\/www.info-algerie.com\\\/actualites\\\/baccalaureat-la-session-speciale-au-profit-des-exclus-pour-cause-de-retard-prevue-du-13-au-17-juillet\\\/#respond\"]}]},{\"@type\":\"WebPage\",\"@id\":\"https:\\\/\\\/www.info-algerie.com\\\/actualites\\\/baccalaureat-la-session-speciale-au-profit-des-exclus-pour-cause-de-retard-prevue-du-13-au-17-juillet\\\/\",\"url\":\"https:\\\/\\\/www.info-algerie.com\\\/actualites\\\/baccalaureat-la-session-speciale-au-profit-des-exclus-pour-cause-de-retard-prevue-du-13-au-17-juillet\\\/\",\"name\":\"Baccalaur\u00e9at: La session sp\u00e9ciale au profit des exclus pour cause de retard pr\u00e9vue du 13 au 17 juillet - info algerie\",\"isPartOf\":{\"@id\":\"https:\\\/\\\/www.info-algerie.com\\\/actualites\\\/#website\"},\"primaryImageOfPage\":{\"@id\":\"https:\\\/\\\/www.info-algerie.com\\\/actualites\\\/baccalaureat-la-session-speciale-au-profit-des-exclus-pour-cause-de-retard-prevue-du-13-au-17-juillet\\\/#primaryimage\"},\"image\":{\"@id\":\"https:\\\/\\\/www.info-algerie.com\\\/actualites\\\/baccalaureat-la-session-speciale-au-profit-des-exclus-pour-cause-de-retard-prevue-du-13-au-17-juillet\\\/#primaryimage\"},\"thumbnailUrl\":\"https:\\\/\\\/www.info-algerie.com\\\/actualites\\\/wp-content\\\/uploads\\\/2017\\\/06\\\/9292498b9c9a8391ca016bc85aae5f24_S-1.jpg\",\"datePublished\":\"2017-06-29T19:48:04+00:00\",\"breadcrumb\":{\"@id\":\"https:\\\/\\\/www.info-algerie.com\\\/actualites\\\/baccalaureat-la-session-speciale-au-profit-des-exclus-pour-cause-de-retard-prevue-du-13-au-17-juillet\\\/#breadcrumb\"},\"inLanguage\":\"fr-FR\",\"potentialAction\":[{\"@type\":\"ReadAction\",\"target\":[\"https:\\\/\\\/www.info-algerie.com\\\/actualites\\\/baccalaureat-la-session-speciale-au-profit-des-exclus-pour-cause-de-retard-prevue-du-13-au-17-juillet\\\/\"]}]},{\"@type\":\"ImageObject\",\"inLanguage\":\"fr-FR\",\"@id\":\"https:\\\/\\\/www.info-algerie.com\\\/actualites\\\/baccalaureat-la-session-speciale-au-profit-des-exclus-pour-cause-de-retard-prevue-du-13-au-17-juillet\\\/#primaryimage\",\"url\":\"https:\\\/\\\/www.info-algerie.com\\\/actualites\\\/wp-content\\\/uploads\\\/2017\\\/06\\\/9292498b9c9a8391ca016bc85aae5f24_S-1.jpg\",\"contentUrl\":\"https:\\\/\\\/www.info-algerie.com\\\/actualites\\\/wp-content\\\/uploads\\\/2017\\\/06\\\/9292498b9c9a8391ca016bc85aae5f24_S-1.jpg\",\"width\":280,\"height\":163},{\"@type\":\"BreadcrumbList\",\"@id\":\"https:\\\/\\\/www.info-algerie.com\\\/actualites\\\/baccalaureat-la-session-speciale-au-profit-des-exclus-pour-cause-de-retard-prevue-du-13-au-17-juillet\\\/#breadcrumb\",\"itemListElement\":[{\"@type\":\"ListItem\",\"position\":1,\"name\":\"Accueil\",\"item\":\"https:\\\/\\\/www.info-algerie.com\\\/actualites\\\/\"},{\"@type\":\"ListItem\",\"position\":2,\"name\":\"Baccalaur\u00e9at: La session sp\u00e9ciale au profit des exclus pour cause de retard pr\u00e9vue du 13 au 17 juillet\"}]},{\"@type\":\"WebSite\",\"@id\":\"https:\\\/\\\/www.info-algerie.com\\\/actualites\\\/#website\",\"url\":\"https:\\\/\\\/www.info-algerie.com\\\/actualites\\\/\",\"name\":\"info algerie\",\"description\":\"Toutes les actualit\u00e9s\",\"publisher\":{\"@id\":\"https:\\\/\\\/www.info-algerie.com\\\/actualites\\\/#organization\"},\"potentialAction\":[{\"@type\":\"SearchAction\",\"target\":{\"@type\":\"EntryPoint\",\"urlTemplate\":\"https:\\\/\\\/www.info-algerie.com\\\/actualites\\\/?s={search_term_string}\"},\"query-input\":{\"@type\":\"PropertyValueSpecification\",\"valueRequired\":true,\"valueName\":\"search_term_string\"}}],\"inLanguage\":\"fr-FR\"},{\"@type\":\"Organization\",\"@id\":\"https:\\\/\\\/www.info-algerie.com\\\/actualites\\\/#organization\",\"name\":\"info algerie\",\"url\":\"https:\\\/\\\/www.info-algerie.com\\\/actualites\\\/\",\"logo\":{\"@type\":\"ImageObject\",\"inLanguage\":\"fr-FR\",\"@id\":\"https:\\\/\\\/www.info-algerie.com\\\/actualites\\\/#\\\/schema\\\/logo\\\/image\\\/\",\"url\":\"https:\\\/\\\/www.info-algerie.com\\\/actualites\\\/wp-content\\\/uploads\\\/2022\\\/07\\\/logo-ia-120.png\",\"contentUrl\":\"https:\\\/\\\/www.info-algerie.com\\\/actualites\\\/wp-content\\\/uploads\\\/2022\\\/07\\\/logo-ia-120.png\",\"width\":120,\"height\":43,\"caption\":\"info algerie\"},\"image\":{\"@id\":\"https:\\\/\\\/www.info-algerie.com\\\/actualites\\\/#\\\/schema\\\/logo\\\/image\\\/\"},\"sameAs\":[\"https:\\\/\\\/www.facebook.com\\\/infoalgerieactu\",\"https:\\\/\\\/x.com\\\/infoalgerie1\"]},{\"@type\":\"Person\",\"@id\":\"https:\\\/\\\/www.info-algerie.com\\\/actualites\\\/#\\\/schema\\\/person\\\/847aaec44920825b843a08f30ec6aa1e\",\"name\":\"La r\u00e9daction\",\"image\":{\"@type\":\"ImageObject\",\"inLanguage\":\"fr-FR\",\"@id\":\"https:\\\/\\\/secure.gravatar.com\\\/avatar\\\/769db425c6f465158149f1ffd6cf61ce7a8a879d11dfbef8288af36dfddd418c?s=96&d=mm&r=g\",\"url\":\"https:\\\/\\\/secure.gravatar.com\\\/avatar\\\/769db425c6f465158149f1ffd6cf61ce7a8a879d11dfbef8288af36dfddd418c?s=96&d=mm&r=g\",\"contentUrl\":\"https:\\\/\\\/secure.gravatar.com\\\/avatar\\\/769db425c6f465158149f1ffd6cf61ce7a8a879d11dfbef8288af36dfddd418c?s=96&d=mm&r=g\",\"caption\":\"La r\u00e9daction\"},\"sameAs\":[\"http:\\\/\\\/www.lkeria.com\\\/\"],\"url\":\"https:\\\/\\\/www.info-algerie.com\\\/actualites\\\/author\\\/chakib32\\\/\"}]}<\/script>\n<!-- \/ Yoast SEO plugin. -->","yoast_head_json":{"title":"Baccalaur\u00e9at: La session sp\u00e9ciale au profit des exclus pour cause de retard pr\u00e9vue du 13 au 17 juillet - info algerie","robots":{"index":"index","follow":"follow","max-snippet":"max-snippet:-1","max-image-preview":"max-image-preview:large","max-video-preview":"max-video-preview:-1"},"canonical":"https:\/\/www.info-algerie.com\/actualites\/baccalaureat-la-session-speciale-au-profit-des-exclus-pour-cause-de-retard-prevue-du-13-au-17-juillet\/","og_locale":"fr_FR","og_type":"article","og_title":"Baccalaur\u00e9at: La session sp\u00e9ciale au profit des exclus pour cause de retard pr\u00e9vue du 13 au 17 juillet - info algerie","og_description":"ALGER- Le Premier ministre, Abdelmadjid Tebboune, a annonc\u00e9 jeudi \u00e0 Alger, l&rsquo;organisation du 13 au 17 juillet de la session sp\u00e9ciale au profit des exclus de la premi\u00e8re session du BAC 2017 pour cause de retard. &#013; &#013; Intervenant lors d&rsquo;une conf\u00e9rence de presse organis\u00e9e \u00e0 l&rsquo;issue de l&rsquo;adoption par les membres du Conseil de","og_url":"https:\/\/www.info-algerie.com\/actualites\/baccalaureat-la-session-speciale-au-profit-des-exclus-pour-cause-de-retard-prevue-du-13-au-17-juillet\/","og_site_name":"info algerie","article_publisher":"https:\/\/www.facebook.com\/infoalgerieactu","article_published_time":"2017-06-29T19:48:04+00:00","og_image":[{"width":280,"height":163,"url":"https:\/\/www.info-algerie.com\/actualites\/wp-content\/uploads\/2017\/06\/9292498b9c9a8391ca016bc85aae5f24_S-1.jpg","type":"image\/jpeg"}],"author":"La r\u00e9daction","twitter_misc":{"\u00c9crit par":"La r\u00e9daction","Dur\u00e9e de lecture estim\u00e9e":"1 minute"},"schema":{"@context":"https:\/\/schema.org","@graph":[{"@type":"Article","@id":"https:\/\/www.info-algerie.com\/actualites\/baccalaureat-la-session-speciale-au-profit-des-exclus-pour-cause-de-retard-prevue-du-13-au-17-juillet\/#article","isPartOf":{"@id":"https:\/\/www.info-algerie.com\/actualites\/baccalaureat-la-session-speciale-au-profit-des-exclus-pour-cause-de-retard-prevue-du-13-au-17-juillet\/"},"author":{"name":"La r\u00e9daction","@id":"https:\/\/www.info-algerie.com\/actualites\/#\/schema\/person\/847aaec44920825b843a08f30ec6aa1e"},"headline":"Baccalaur\u00e9at: La session sp\u00e9ciale au profit des exclus pour cause de retard pr\u00e9vue du 13 au 17 juillet","datePublished":"2017-06-29T19:48:04+00:00","mainEntityOfPage":{"@id":"https:\/\/www.info-algerie.com\/actualites\/baccalaureat-la-session-speciale-au-profit-des-exclus-pour-cause-de-retard-prevue-du-13-au-17-juillet\/"},"wordCount":231,"commentCount":0,"publisher":{"@id":"https:\/\/www.info-algerie.com\/actualites\/#organization"},"image":{"@id":"https:\/\/www.info-algerie.com\/actualites\/baccalaureat-la-session-speciale-au-profit-des-exclus-pour-cause-de-retard-prevue-du-13-au-17-juillet\/#primaryimage"},"thumbnailUrl":"https:\/\/www.info-algerie.com\/actualites\/wp-content\/uploads\/2017\/06\/9292498b9c9a8391ca016bc85aae5f24_S-1.jpg","keywords":["ONU"],"articleSection":["infos"],"inLanguage":"fr-FR","potentialAction":[{"@type":"CommentAction","name":"Comment","target":["https:\/\/www.info-algerie.com\/actualites\/baccalaureat-la-session-speciale-au-profit-des-exclus-pour-cause-de-retard-prevue-du-13-au-17-juillet\/#respond"]}]},{"@type":"WebPage","@id":"https:\/\/www.info-algerie.com\/actualites\/baccalaureat-la-session-speciale-au-profit-des-exclus-pour-cause-de-retard-prevue-du-13-au-17-juillet\/","url":"https:\/\/www.info-algerie.com\/actualites\/baccalaureat-la-session-speciale-au-profit-des-exclus-pour-cause-de-retard-prevue-du-13-au-17-juillet\/","name":"Baccalaur\u00e9at: La session sp\u00e9ciale au profit des exclus pour cause de retard pr\u00e9vue du 13 au 17 juillet - info algerie","isPartOf":{"@id":"https:\/\/www.info-algerie.com\/actualites\/#website"},"primaryImageOfPage":{"@id":"https:\/\/www.info-algerie.com\/actualites\/baccalaureat-la-session-speciale-au-profit-des-exclus-pour-cause-de-retard-prevue-du-13-au-17-juillet\/#primaryimage"},"image":{"@id":"https:\/\/www.info-algerie.com\/actualites\/baccalaureat-la-session-speciale-au-profit-des-exclus-pour-cause-de-retard-prevue-du-13-au-17-juillet\/#primaryimage"},"thumbnailUrl":"https:\/\/www.info-algerie.com\/actualites\/wp-content\/uploads\/2017\/06\/9292498b9c9a8391ca016bc85aae5f24_S-1.jpg","datePublished":"2017-06-29T19:48:04+00:00","breadcrumb":{"@id":"https:\/\/www.info-algerie.com\/actualites\/baccalaureat-la-session-speciale-au-profit-des-exclus-pour-cause-de-retard-prevue-du-13-au-17-juillet\/#breadcrumb"},"inLanguage":"fr-FR","potentialAction":[{"@type":"ReadAction","target":["https:\/\/www.info-algerie.com\/actualites\/baccalaureat-la-session-speciale-au-profit-des-exclus-pour-cause-de-retard-prevue-du-13-au-17-juillet\/"]}]},{"@type":"ImageObject","inLanguage":"fr-FR","@id":"https:\/\/www.info-algerie.com\/actualites\/baccalaureat-la-session-speciale-au-profit-des-exclus-pour-cause-de-retard-prevue-du-13-au-17-juillet\/#primaryimage","url":"https:\/\/www.info-algerie.com\/actualites\/wp-content\/uploads\/2017\/06\/9292498b9c9a8391ca016bc85aae5f24_S-1.jpg","contentUrl":"https:\/\/www.info-algerie.com\/actualites\/wp-content\/uploads\/2017\/06\/9292498b9c9a8391ca016bc85aae5f24_S-1.jpg","width":280,"height":163},{"@type":"BreadcrumbList","@id":"https:\/\/www.info-algerie.com\/actualites\/baccalaureat-la-session-speciale-au-profit-des-exclus-pour-cause-de-retard-prevue-du-13-au-17-juillet\/#breadcrumb","itemListElement":[{"@type":"ListItem","position":1,"name":"Accueil","item":"https:\/\/www.info-algerie.com\/actualites\/"},{"@type":"ListItem","position":2,"name":"Baccalaur\u00e9at: La session sp\u00e9ciale au profit des exclus pour cause de retard pr\u00e9vue du 13 au 17 juillet"}]},{"@type":"WebSite","@id":"https:\/\/www.info-algerie.com\/actualites\/#website","url":"https:\/\/www.info-algerie.com\/actualites\/","name":"info algerie","description":"Toutes les actualit\u00e9s","publisher":{"@id":"https:\/\/www.info-algerie.com\/actualites\/#organization"},"potentialAction":[{"@type":"SearchAction","target":{"@type":"EntryPoint","urlTemplate":"https:\/\/www.info-algerie.com\/actualites\/?s={search_term_string}"},"query-input":{"@type":"PropertyValueSpecification","valueRequired":true,"valueName":"search_term_string"}}],"inLanguage":"fr-FR"},{"@type":"Organization","@id":"https:\/\/www.info-algerie.com\/actualites\/#organization","name":"info algerie","url":"https:\/\/www.info-algerie.com\/actualites\/","logo":{"@type":"ImageObject","inLanguage":"fr-FR","@id":"https:\/\/www.info-algerie.com\/actualites\/#\/schema\/logo\/image\/","url":"https:\/\/www.info-algerie.com\/actualites\/wp-content\/uploads\/2022\/07\/logo-ia-120.png","contentUrl":"https:\/\/www.info-algerie.com\/actualites\/wp-content\/uploads\/2022\/07\/logo-ia-120.png","width":120,"height":43,"caption":"info algerie"},"image":{"@id":"https:\/\/www.info-algerie.com\/actualites\/#\/schema\/logo\/image\/"},"sameAs":["https:\/\/www.facebook.com\/infoalgerieactu","https:\/\/x.com\/infoalgerie1"]},{"@type":"Person","@id":"https:\/\/www.info-algerie.com\/actualites\/#\/schema\/person\/847aaec44920825b843a08f30ec6aa1e","name":"La r\u00e9daction","image":{"@type":"ImageObject","inLanguage":"fr-FR","@id":"https:\/\/secure.gravatar.com\/avatar\/769db425c6f465158149f1ffd6cf61ce7a8a879d11dfbef8288af36dfddd418c?s=96&d=mm&r=g","url":"https:\/\/secure.gravatar.com\/avatar\/769db425c6f465158149f1ffd6cf61ce7a8a879d11dfbef8288af36dfddd418c?s=96&d=mm&r=g","contentUrl":"https:\/\/secure.gravatar.com\/avatar\/769db425c6f465158149f1ffd6cf61ce7a8a879d11dfbef8288af36dfddd418c?s=96&d=mm&r=g","caption":"La r\u00e9daction"},"sameAs":["http:\/\/www.lkeria.com\/"],"url":"https:\/\/www.info-algerie.com\/actualites\/author\/chakib32\/"}]}},"_links":{"self":[{"href":"https:\/\/www.info-algerie.com\/actualites\/wp-json\/wp\/v2\/posts\/13648","targetHints":{"allow":["GET"]}}],"collection":[{"href":"https:\/\/www.info-algerie.com\/actualites\/wp-json\/wp\/v2\/posts"}],"about":[{"href":"https:\/\/www.info-algerie.com\/actualites\/wp-json\/wp\/v2\/types\/post"}],"author":[{"embeddable":true,"href":"https:\/\/www.info-algerie.com\/actualites\/wp-json\/wp\/v2\/users\/6"}],"replies":[{"embeddable":true,"href":"https:\/\/www.info-algerie.com\/actualites\/wp-json\/wp\/v2\/comments?post=13648"}],"version-history":[{"count":0,"href":"https:\/\/www.info-algerie.com\/actualites\/wp-json\/wp\/v2\/posts\/13648\/revisions"}],"wp:featuredmedia":[{"embeddable":true,"href":"https:\/\/www.info-algerie.com\/actualites\/wp-json\/wp\/v2\/media\/13649"}],"wp:attachment":[{"href":"https:\/\/www.info-algerie.com\/actualites\/wp-json\/wp\/v2\/media?parent=13648"}],"wp:term":[{"taxonomy":"category","embeddable":true,"href":"https:\/\/www.info-algerie.com\/actualites\/wp-json\/wp\/v2\/categories?post=13648"},{"taxonomy":"post_tag","embeddable":true,"href":"https:\/\/www.info-algerie.com\/actualites\/wp-json\/wp\/v2\/tags?post=13648"}],"curies":[{"name":"wp","href":"https:\/\/api.w.org\/{rel}","templated":true}]}}