{"id":13655,"date":"2017-06-30T14:59:32","date_gmt":"2017-06-30T13:59:32","guid":{"rendered":"http:\/\/www.info-algerie.com\/actualites\/entretien-telephonique-entre-messahel-et-le-nouveau-representant-special-du-secretaire-general-de-lonu-pour-la-libye\/"},"modified":"2017-06-30T14:59:32","modified_gmt":"2017-06-30T13:59:32","slug":"entretien-telephonique-entre-messahel-et-le-nouveau-representant-special-du-secretaire-general-de-lonu-pour-la-libye","status":"publish","type":"post","link":"https:\/\/www.info-algerie.com\/actualites\/entretien-telephonique-entre-messahel-et-le-nouveau-representant-special-du-secretaire-general-de-lonu-pour-la-libye\/","title":{"rendered":"Entretien t\u00e9l\u00e9phonique entre Messahel et le nouveau repr\u00e9sentant sp\u00e9cial du secr\u00e9taire g\u00e9n\u00e9ral de l&#039;ONU pour la Libye"},"content":{"rendered":"<div class=\"K2FeedIntroText\">\n<p class=\"MsoNoSpacing\">ALGER &#8211; Le ministre des Affaires \u00e9trang\u00e8res, Abdelkader Messahel, a eu vendredi un entretien t\u00e9l\u00e9phonique avec le nouveau repr\u00e9sentant sp\u00e9cial du secr\u00e9taire g\u00e9n\u00e9ral des Nations Unies pour la Libye, Ghassane Salame, indique un communiqu\u00e9 du minist\u00e8re.<\/p>\n<p>&#013;\n<\/p><\/div>\n<div class=\"K2FeedFullText\">&#013;<\/p>\n<p class=\"MsoNoSpacing\">Le responsable onusien \u00ab\u00a0a tenu \u00e0 remercier M. Messahel pour le message de f\u00e9licitations qu\u2019il lui a adress\u00e9 \u00e0 l\u2019occasion de sa nomination dans ses nouvelles responsabilit\u00e9s\u00a0\u00bb, pr\u00e9cise la m\u00eame source, ajoutant que le repr\u00e9sentant sp\u00e9cial \u00ab\u00a0appr\u00e9cie les efforts constants de l\u2019Alg\u00e9rie dans son accompagnement et son soutien \u00e0 l&rsquo;ONU dans ses efforts visant \u00e0 faire aboutir le processus engag\u00e9 dans le cadre de la mise en oeuvre de l&rsquo;Accord politique du 17 d\u00e9cembre 2015\u00a0\u00bb.<\/p>\n<p>&#013;<\/p>\n<p class=\"MsoNoSpacing\">De son cot\u00e9, M. Messahel \u00ab\u00a0a r\u00e9it\u00e9r\u00e9 l\u2019engagement de l&rsquo;Alg\u00e9rie de continuer \u00e0 soutenir, de mani\u00e8re loyale et constructive, le repr\u00e9sentant sp\u00e9cial du secr\u00e9taire g\u00e9n\u00e9ral de l\u2019ONU comme elle l\u2019a toujours fait avec ses pr\u00e9d\u00e9cesseurs\u00a0\u00bb, conclut le communiqu\u00e9.<\/p>\n<p>&#013;<\/p>\n<p>\u00a0<\/p>\n<p>&#013;<\/p>\n<p class=\"MsoNormal\">\u00a0<\/p>\n<\/div>\n<p>&#013;<br \/>\nSource: <a href=\"http:\/\/www.aps.dz\/algerie\/59568-entretien-telephonique-entre-messahel-et-le-nouveau-representant-special-du-secretaire-general-de-l-onu-pour-la-libye\" target=\"_blank\">Entretien t\u00e9l\u00e9phonique entre Messahel et le nouveau repr\u00e9sentant sp\u00e9cial du secr\u00e9taire g\u00e9n\u00e9ral de l&rsquo;ONU pour la Libye<\/a><\/p>\n<!--CusAds0-->\n<div style=\"font-size: 0px; height: 0px; line-height: 0px; margin: 0; padding: 0; clear: both;\"><\/div>","protected":false},"excerpt":{"rendered":"<p>ALGER &#8211; Le ministre des Affaires \u00e9trang\u00e8res, Abdelkader Messahel, a eu vendredi un entretien t\u00e9l\u00e9phonique avec le nouveau repr\u00e9sentant sp\u00e9cial du secr\u00e9taire g\u00e9n\u00e9ral des Nations Unies pour la Libye, Ghassane Salame, indique un communiqu\u00e9 du minist\u00e8re. &#013; &#013; Le responsable onusien \u00ab\u00a0a tenu \u00e0 remercier M. Messahel pour le message de f\u00e9licitations qu\u2019il lui a<\/p>\n","protected":false},"author":6,"featured_media":0,"comment_status":"open","ping_status":"open","sticky":false,"template":"","format":"standard","meta":{"footnotes":""},"categories":[22],"tags":[93],"class_list":["post-13655","post","type-post","status-publish","format-standard","hentry","category-infos","tag-onu"],"yoast_head":"<!-- This site is optimized with the Yoast SEO plugin v27.5 - https:\/\/yoast.com\/product\/yoast-seo-wordpress\/ -->\n<title>Entretien t\u00e9l\u00e9phonique entre Messahel et le nouveau repr\u00e9sentant sp\u00e9cial du secr\u00e9taire g\u00e9n\u00e9ral de l&#039;ONU pour la Libye - info algerie<\/title>\n<meta name=\"robots\" content=\"index, follow, max-snippet:-1, max-image-preview:large, max-video-preview:-1\" \/>\n<link rel=\"canonical\" href=\"https:\/\/www.info-algerie.com\/actualites\/entretien-telephonique-entre-messahel-et-le-nouveau-representant-special-du-secretaire-general-de-lonu-pour-la-libye\/\" \/>\n<meta property=\"og:locale\" content=\"fr_FR\" \/>\n<meta property=\"og:type\" content=\"article\" \/>\n<meta property=\"og:title\" content=\"Entretien t\u00e9l\u00e9phonique entre Messahel et le nouveau repr\u00e9sentant sp\u00e9cial du secr\u00e9taire g\u00e9n\u00e9ral de l&#039;ONU pour la Libye - info algerie\" \/>\n<meta property=\"og:description\" content=\"ALGER &#8211; Le ministre des Affaires \u00e9trang\u00e8res, Abdelkader Messahel, a eu vendredi un entretien t\u00e9l\u00e9phonique avec le nouveau repr\u00e9sentant sp\u00e9cial du secr\u00e9taire g\u00e9n\u00e9ral des Nations Unies pour la Libye, Ghassane Salame, indique un communiqu\u00e9 du minist\u00e8re. &#013; &#013; Le responsable onusien \u00ab\u00a0a tenu \u00e0 remercier M. Messahel pour le message de f\u00e9licitations qu\u2019il lui a\" \/>\n<meta property=\"og:url\" content=\"https:\/\/www.info-algerie.com\/actualites\/entretien-telephonique-entre-messahel-et-le-nouveau-representant-special-du-secretaire-general-de-lonu-pour-la-libye\/\" \/>\n<meta property=\"og:site_name\" content=\"info algerie\" \/>\n<meta property=\"article:publisher\" content=\"https:\/\/www.facebook.com\/infoalgerieactu\" \/>\n<meta property=\"article:published_time\" content=\"2017-06-30T13:59:32+00:00\" \/>\n<meta name=\"author\" content=\"La r\u00e9daction\" \/>\n<meta name=\"twitter:label1\" content=\"\u00c9crit par\" \/>\n\t<meta name=\"twitter:data1\" content=\"La r\u00e9daction\" \/>\n\t<meta name=\"twitter:label2\" content=\"Dur\u00e9e de lecture estim\u00e9e\" \/>\n\t<meta name=\"twitter:data2\" content=\"1 minute\" \/>\n<script type=\"application\/ld+json\" class=\"yoast-schema-graph\">{\"@context\":\"https:\\\/\\\/schema.org\",\"@graph\":[{\"@type\":\"Article\",\"@id\":\"https:\\\/\\\/www.info-algerie.com\\\/actualites\\\/entretien-telephonique-entre-messahel-et-le-nouveau-representant-special-du-secretaire-general-de-lonu-pour-la-libye\\\/#article\",\"isPartOf\":{\"@id\":\"https:\\\/\\\/www.info-algerie.com\\\/actualites\\\/entretien-telephonique-entre-messahel-et-le-nouveau-representant-special-du-secretaire-general-de-lonu-pour-la-libye\\\/\"},\"author\":{\"name\":\"La r\u00e9daction\",\"@id\":\"https:\\\/\\\/www.info-algerie.com\\\/actualites\\\/#\\\/schema\\\/person\\\/847aaec44920825b843a08f30ec6aa1e\"},\"headline\":\"Entretien t\u00e9l\u00e9phonique entre Messahel et le nouveau repr\u00e9sentant sp\u00e9cial du secr\u00e9taire g\u00e9n\u00e9ral de l&#039;ONU pour la Libye\",\"datePublished\":\"2017-06-30T13:59:32+00:00\",\"mainEntityOfPage\":{\"@id\":\"https:\\\/\\\/www.info-algerie.com\\\/actualites\\\/entretien-telephonique-entre-messahel-et-le-nouveau-representant-special-du-secretaire-general-de-lonu-pour-la-libye\\\/\"},\"wordCount\":231,\"commentCount\":0,\"publisher\":{\"@id\":\"https:\\\/\\\/www.info-algerie.com\\\/actualites\\\/#organization\"},\"keywords\":[\"ONU\"],\"articleSection\":[\"infos\"],\"inLanguage\":\"fr-FR\",\"potentialAction\":[{\"@type\":\"CommentAction\",\"name\":\"Comment\",\"target\":[\"https:\\\/\\\/www.info-algerie.com\\\/actualites\\\/entretien-telephonique-entre-messahel-et-le-nouveau-representant-special-du-secretaire-general-de-lonu-pour-la-libye\\\/#respond\"]}]},{\"@type\":\"WebPage\",\"@id\":\"https:\\\/\\\/www.info-algerie.com\\\/actualites\\\/entretien-telephonique-entre-messahel-et-le-nouveau-representant-special-du-secretaire-general-de-lonu-pour-la-libye\\\/\",\"url\":\"https:\\\/\\\/www.info-algerie.com\\\/actualites\\\/entretien-telephonique-entre-messahel-et-le-nouveau-representant-special-du-secretaire-general-de-lonu-pour-la-libye\\\/\",\"name\":\"Entretien t\u00e9l\u00e9phonique entre Messahel et le nouveau repr\u00e9sentant sp\u00e9cial du secr\u00e9taire g\u00e9n\u00e9ral de l&#039;ONU pour la Libye - info algerie\",\"isPartOf\":{\"@id\":\"https:\\\/\\\/www.info-algerie.com\\\/actualites\\\/#website\"},\"datePublished\":\"2017-06-30T13:59:32+00:00\",\"breadcrumb\":{\"@id\":\"https:\\\/\\\/www.info-algerie.com\\\/actualites\\\/entretien-telephonique-entre-messahel-et-le-nouveau-representant-special-du-secretaire-general-de-lonu-pour-la-libye\\\/#breadcrumb\"},\"inLanguage\":\"fr-FR\",\"potentialAction\":[{\"@type\":\"ReadAction\",\"target\":[\"https:\\\/\\\/www.info-algerie.com\\\/actualites\\\/entretien-telephonique-entre-messahel-et-le-nouveau-representant-special-du-secretaire-general-de-lonu-pour-la-libye\\\/\"]}]},{\"@type\":\"BreadcrumbList\",\"@id\":\"https:\\\/\\\/www.info-algerie.com\\\/actualites\\\/entretien-telephonique-entre-messahel-et-le-nouveau-representant-special-du-secretaire-general-de-lonu-pour-la-libye\\\/#breadcrumb\",\"itemListElement\":[{\"@type\":\"ListItem\",\"position\":1,\"name\":\"Accueil\",\"item\":\"https:\\\/\\\/www.info-algerie.com\\\/actualites\\\/\"},{\"@type\":\"ListItem\",\"position\":2,\"name\":\"Entretien t\u00e9l\u00e9phonique entre Messahel et le nouveau repr\u00e9sentant sp\u00e9cial du secr\u00e9taire g\u00e9n\u00e9ral de l&#039;ONU pour la Libye\"}]},{\"@type\":\"WebSite\",\"@id\":\"https:\\\/\\\/www.info-algerie.com\\\/actualites\\\/#website\",\"url\":\"https:\\\/\\\/www.info-algerie.com\\\/actualites\\\/\",\"name\":\"info algerie\",\"description\":\"Toutes les actualit\u00e9s\",\"publisher\":{\"@id\":\"https:\\\/\\\/www.info-algerie.com\\\/actualites\\\/#organization\"},\"potentialAction\":[{\"@type\":\"SearchAction\",\"target\":{\"@type\":\"EntryPoint\",\"urlTemplate\":\"https:\\\/\\\/www.info-algerie.com\\\/actualites\\\/?s={search_term_string}\"},\"query-input\":{\"@type\":\"PropertyValueSpecification\",\"valueRequired\":true,\"valueName\":\"search_term_string\"}}],\"inLanguage\":\"fr-FR\"},{\"@type\":\"Organization\",\"@id\":\"https:\\\/\\\/www.info-algerie.com\\\/actualites\\\/#organization\",\"name\":\"info algerie\",\"url\":\"https:\\\/\\\/www.info-algerie.com\\\/actualites\\\/\",\"logo\":{\"@type\":\"ImageObject\",\"inLanguage\":\"fr-FR\",\"@id\":\"https:\\\/\\\/www.info-algerie.com\\\/actualites\\\/#\\\/schema\\\/logo\\\/image\\\/\",\"url\":\"https:\\\/\\\/www.info-algerie.com\\\/actualites\\\/wp-content\\\/uploads\\\/2022\\\/07\\\/logo-ia-120.png\",\"contentUrl\":\"https:\\\/\\\/www.info-algerie.com\\\/actualites\\\/wp-content\\\/uploads\\\/2022\\\/07\\\/logo-ia-120.png\",\"width\":120,\"height\":43,\"caption\":\"info algerie\"},\"image\":{\"@id\":\"https:\\\/\\\/www.info-algerie.com\\\/actualites\\\/#\\\/schema\\\/logo\\\/image\\\/\"},\"sameAs\":[\"https:\\\/\\\/www.facebook.com\\\/infoalgerieactu\",\"https:\\\/\\\/x.com\\\/infoalgerie1\"]},{\"@type\":\"Person\",\"@id\":\"https:\\\/\\\/www.info-algerie.com\\\/actualites\\\/#\\\/schema\\\/person\\\/847aaec44920825b843a08f30ec6aa1e\",\"name\":\"La r\u00e9daction\",\"image\":{\"@type\":\"ImageObject\",\"inLanguage\":\"fr-FR\",\"@id\":\"https:\\\/\\\/secure.gravatar.com\\\/avatar\\\/769db425c6f465158149f1ffd6cf61ce7a8a879d11dfbef8288af36dfddd418c?s=96&d=mm&r=g\",\"url\":\"https:\\\/\\\/secure.gravatar.com\\\/avatar\\\/769db425c6f465158149f1ffd6cf61ce7a8a879d11dfbef8288af36dfddd418c?s=96&d=mm&r=g\",\"contentUrl\":\"https:\\\/\\\/secure.gravatar.com\\\/avatar\\\/769db425c6f465158149f1ffd6cf61ce7a8a879d11dfbef8288af36dfddd418c?s=96&d=mm&r=g\",\"caption\":\"La r\u00e9daction\"},\"sameAs\":[\"http:\\\/\\\/www.lkeria.com\\\/\"],\"url\":\"https:\\\/\\\/www.info-algerie.com\\\/actualites\\\/author\\\/chakib32\\\/\"}]}<\/script>\n<!-- \/ Yoast SEO plugin. -->","yoast_head_json":{"title":"Entretien t\u00e9l\u00e9phonique entre Messahel et le nouveau repr\u00e9sentant sp\u00e9cial du secr\u00e9taire g\u00e9n\u00e9ral de l&#039;ONU pour la Libye - info algerie","robots":{"index":"index","follow":"follow","max-snippet":"max-snippet:-1","max-image-preview":"max-image-preview:large","max-video-preview":"max-video-preview:-1"},"canonical":"https:\/\/www.info-algerie.com\/actualites\/entretien-telephonique-entre-messahel-et-le-nouveau-representant-special-du-secretaire-general-de-lonu-pour-la-libye\/","og_locale":"fr_FR","og_type":"article","og_title":"Entretien t\u00e9l\u00e9phonique entre Messahel et le nouveau repr\u00e9sentant sp\u00e9cial du secr\u00e9taire g\u00e9n\u00e9ral de l&#039;ONU pour la Libye - info algerie","og_description":"ALGER &#8211; Le ministre des Affaires \u00e9trang\u00e8res, Abdelkader Messahel, a eu vendredi un entretien t\u00e9l\u00e9phonique avec le nouveau repr\u00e9sentant sp\u00e9cial du secr\u00e9taire g\u00e9n\u00e9ral des Nations Unies pour la Libye, Ghassane Salame, indique un communiqu\u00e9 du minist\u00e8re. &#013; &#013; Le responsable onusien \u00ab\u00a0a tenu \u00e0 remercier M. Messahel pour le message de f\u00e9licitations qu\u2019il lui a","og_url":"https:\/\/www.info-algerie.com\/actualites\/entretien-telephonique-entre-messahel-et-le-nouveau-representant-special-du-secretaire-general-de-lonu-pour-la-libye\/","og_site_name":"info algerie","article_publisher":"https:\/\/www.facebook.com\/infoalgerieactu","article_published_time":"2017-06-30T13:59:32+00:00","author":"La r\u00e9daction","twitter_misc":{"\u00c9crit par":"La r\u00e9daction","Dur\u00e9e de lecture estim\u00e9e":"1 minute"},"schema":{"@context":"https:\/\/schema.org","@graph":[{"@type":"Article","@id":"https:\/\/www.info-algerie.com\/actualites\/entretien-telephonique-entre-messahel-et-le-nouveau-representant-special-du-secretaire-general-de-lonu-pour-la-libye\/#article","isPartOf":{"@id":"https:\/\/www.info-algerie.com\/actualites\/entretien-telephonique-entre-messahel-et-le-nouveau-representant-special-du-secretaire-general-de-lonu-pour-la-libye\/"},"author":{"name":"La r\u00e9daction","@id":"https:\/\/www.info-algerie.com\/actualites\/#\/schema\/person\/847aaec44920825b843a08f30ec6aa1e"},"headline":"Entretien t\u00e9l\u00e9phonique entre Messahel et le nouveau repr\u00e9sentant sp\u00e9cial du secr\u00e9taire g\u00e9n\u00e9ral de l&#039;ONU pour la Libye","datePublished":"2017-06-30T13:59:32+00:00","mainEntityOfPage":{"@id":"https:\/\/www.info-algerie.com\/actualites\/entretien-telephonique-entre-messahel-et-le-nouveau-representant-special-du-secretaire-general-de-lonu-pour-la-libye\/"},"wordCount":231,"commentCount":0,"publisher":{"@id":"https:\/\/www.info-algerie.com\/actualites\/#organization"},"keywords":["ONU"],"articleSection":["infos"],"inLanguage":"fr-FR","potentialAction":[{"@type":"CommentAction","name":"Comment","target":["https:\/\/www.info-algerie.com\/actualites\/entretien-telephonique-entre-messahel-et-le-nouveau-representant-special-du-secretaire-general-de-lonu-pour-la-libye\/#respond"]}]},{"@type":"WebPage","@id":"https:\/\/www.info-algerie.com\/actualites\/entretien-telephonique-entre-messahel-et-le-nouveau-representant-special-du-secretaire-general-de-lonu-pour-la-libye\/","url":"https:\/\/www.info-algerie.com\/actualites\/entretien-telephonique-entre-messahel-et-le-nouveau-representant-special-du-secretaire-general-de-lonu-pour-la-libye\/","name":"Entretien t\u00e9l\u00e9phonique entre Messahel et le nouveau repr\u00e9sentant sp\u00e9cial du secr\u00e9taire g\u00e9n\u00e9ral de l&#039;ONU pour la Libye - info algerie","isPartOf":{"@id":"https:\/\/www.info-algerie.com\/actualites\/#website"},"datePublished":"2017-06-30T13:59:32+00:00","breadcrumb":{"@id":"https:\/\/www.info-algerie.com\/actualites\/entretien-telephonique-entre-messahel-et-le-nouveau-representant-special-du-secretaire-general-de-lonu-pour-la-libye\/#breadcrumb"},"inLanguage":"fr-FR","potentialAction":[{"@type":"ReadAction","target":["https:\/\/www.info-algerie.com\/actualites\/entretien-telephonique-entre-messahel-et-le-nouveau-representant-special-du-secretaire-general-de-lonu-pour-la-libye\/"]}]},{"@type":"BreadcrumbList","@id":"https:\/\/www.info-algerie.com\/actualites\/entretien-telephonique-entre-messahel-et-le-nouveau-representant-special-du-secretaire-general-de-lonu-pour-la-libye\/#breadcrumb","itemListElement":[{"@type":"ListItem","position":1,"name":"Accueil","item":"https:\/\/www.info-algerie.com\/actualites\/"},{"@type":"ListItem","position":2,"name":"Entretien t\u00e9l\u00e9phonique entre Messahel et le nouveau repr\u00e9sentant sp\u00e9cial du secr\u00e9taire g\u00e9n\u00e9ral de l&#039;ONU pour la Libye"}]},{"@type":"WebSite","@id":"https:\/\/www.info-algerie.com\/actualites\/#website","url":"https:\/\/www.info-algerie.com\/actualites\/","name":"info algerie","description":"Toutes les actualit\u00e9s","publisher":{"@id":"https:\/\/www.info-algerie.com\/actualites\/#organization"},"potentialAction":[{"@type":"SearchAction","target":{"@type":"EntryPoint","urlTemplate":"https:\/\/www.info-algerie.com\/actualites\/?s={search_term_string}"},"query-input":{"@type":"PropertyValueSpecification","valueRequired":true,"valueName":"search_term_string"}}],"inLanguage":"fr-FR"},{"@type":"Organization","@id":"https:\/\/www.info-algerie.com\/actualites\/#organization","name":"info algerie","url":"https:\/\/www.info-algerie.com\/actualites\/","logo":{"@type":"ImageObject","inLanguage":"fr-FR","@id":"https:\/\/www.info-algerie.com\/actualites\/#\/schema\/logo\/image\/","url":"https:\/\/www.info-algerie.com\/actualites\/wp-content\/uploads\/2022\/07\/logo-ia-120.png","contentUrl":"https:\/\/www.info-algerie.com\/actualites\/wp-content\/uploads\/2022\/07\/logo-ia-120.png","width":120,"height":43,"caption":"info algerie"},"image":{"@id":"https:\/\/www.info-algerie.com\/actualites\/#\/schema\/logo\/image\/"},"sameAs":["https:\/\/www.facebook.com\/infoalgerieactu","https:\/\/x.com\/infoalgerie1"]},{"@type":"Person","@id":"https:\/\/www.info-algerie.com\/actualites\/#\/schema\/person\/847aaec44920825b843a08f30ec6aa1e","name":"La r\u00e9daction","image":{"@type":"ImageObject","inLanguage":"fr-FR","@id":"https:\/\/secure.gravatar.com\/avatar\/769db425c6f465158149f1ffd6cf61ce7a8a879d11dfbef8288af36dfddd418c?s=96&d=mm&r=g","url":"https:\/\/secure.gravatar.com\/avatar\/769db425c6f465158149f1ffd6cf61ce7a8a879d11dfbef8288af36dfddd418c?s=96&d=mm&r=g","contentUrl":"https:\/\/secure.gravatar.com\/avatar\/769db425c6f465158149f1ffd6cf61ce7a8a879d11dfbef8288af36dfddd418c?s=96&d=mm&r=g","caption":"La r\u00e9daction"},"sameAs":["http:\/\/www.lkeria.com\/"],"url":"https:\/\/www.info-algerie.com\/actualites\/author\/chakib32\/"}]}},"_links":{"self":[{"href":"https:\/\/www.info-algerie.com\/actualites\/wp-json\/wp\/v2\/posts\/13655","targetHints":{"allow":["GET"]}}],"collection":[{"href":"https:\/\/www.info-algerie.com\/actualites\/wp-json\/wp\/v2\/posts"}],"about":[{"href":"https:\/\/www.info-algerie.com\/actualites\/wp-json\/wp\/v2\/types\/post"}],"author":[{"embeddable":true,"href":"https:\/\/www.info-algerie.com\/actualites\/wp-json\/wp\/v2\/users\/6"}],"replies":[{"embeddable":true,"href":"https:\/\/www.info-algerie.com\/actualites\/wp-json\/wp\/v2\/comments?post=13655"}],"version-history":[{"count":0,"href":"https:\/\/www.info-algerie.com\/actualites\/wp-json\/wp\/v2\/posts\/13655\/revisions"}],"wp:attachment":[{"href":"https:\/\/www.info-algerie.com\/actualites\/wp-json\/wp\/v2\/media?parent=13655"}],"wp:term":[{"taxonomy":"category","embeddable":true,"href":"https:\/\/www.info-algerie.com\/actualites\/wp-json\/wp\/v2\/categories?post=13655"},{"taxonomy":"post_tag","embeddable":true,"href":"https:\/\/www.info-algerie.com\/actualites\/wp-json\/wp\/v2\/tags?post=13655"}],"curies":[{"name":"wp","href":"https:\/\/api.w.org\/{rel}","templated":true}]}}