{"id":13657,"date":"2017-06-30T14:49:19","date_gmt":"2017-06-30T13:49:19","guid":{"rendered":"http:\/\/www.info-algerie.com\/actualites\/prochain-mouvement-dans-le-corps-des-walis-et-promotion-des-wilayas-delegues-avant-les-elections-locales\/"},"modified":"2017-06-30T14:49:19","modified_gmt":"2017-06-30T13:49:19","slug":"prochain-mouvement-dans-le-corps-des-walis-et-promotion-des-wilayas-delegues-avant-les-elections-locales","status":"publish","type":"post","link":"https:\/\/www.info-algerie.com\/actualites\/prochain-mouvement-dans-le-corps-des-walis-et-promotion-des-wilayas-delegues-avant-les-elections-locales\/","title":{"rendered":"Prochain mouvement dans le corps des walis et promotion des wilayas d\u00e9l\u00e9gu\u00e9s avant les \u00e9lections locales"},"content":{"rendered":"<div class=\"K2FeedImage\"><img decoding=\"async\" src=\"https:\/\/www.info-algerie.com\/actualites\/wp-content\/uploads\/2017\/06\/c375d910c4e2dd2656f0f6c25f33a3a0_S.jpg\" alt=\"Prochain mouvement dans le corps des walis et promotion des wilayas d&#xE9;l&#xE9;gu&#xE9;s avant les &#xE9;lections locales\" \/><\/div>\n<div class=\"K2FeedIntroText\">\n<p class=\"MsoNoSpacing\">ALGER- Le Premier ministre, Abdelmadjid Tebboune, a annonc\u00e9 jeudi soir \u00e0 Alger, qu&rsquo;il sera proc\u00e9d\u00e9 prochainement \u00e0 un mouvement dans le corps des walis et \u00e0 la promotion de wilayas d\u00e9l\u00e9gu\u00e9es en wilayas munies de toutes les pr\u00e9rogatives, et ce, avant les \u00e9lections locales.<\/p>\n<p>&#013;\n<\/p><\/div>\n<div class=\"K2FeedFullText\">&#013;<\/p>\n<p class=\"MsoNoSpacing\">M.Tebboune a pr\u00e9cis\u00e9 dans une conf\u00e9rence de presse, anim\u00e9e juste apr\u00e8s l&rsquo;adoption par les membres du Conseil de la Nation, d&rsquo;une motion de soutien au plan d&rsquo;action du gouvernement que \u00ab\u00a0nous nous attendons \u00e0 ce qu&rsquo;il y ait prochainement un mouvement dans le corps des walis, en vue de remplacer ceux qui ont rejoint l&rsquo;\u00e9quipe gouvernementale, d&rsquo;autant plus que certains walis d\u00e9l\u00e9gu\u00e9s seront promus walis.<\/p>\n<p>&#013;<\/p>\n<p class=\"MsoNoSpacing\">Rappelant que le mouvement dans le corps des walis rel\u00e8ve des pr\u00e9rogatives du pr\u00e9sident de la R\u00e9publique, le Premier ministre a indiqu\u00e9 que le retard accus\u00e9 dans la d\u00e9signation des walis n&rsquo;a eu aucun impact sur le fonctionnement g\u00e9n\u00e9ral et que les secr\u00e9taires g\u00e9n\u00e9raux s&rsquo;acquittent de la\u00a0 mission du suivi des affaires des wilayas par int\u00e9rim.<\/p>\n<p>&#013;<\/p>\n<p class=\"MsoNoSpacing\">A ce titre, M. Tebboune a affirm\u00e9 actuellement, la d\u00e9termination des crit\u00e8res propres \u00e0 la cr\u00e9ation des wilayas d\u00e9l\u00e9gu\u00e9es dans les Hauts-plateaux prend son cours et que la promotion des wilayas d\u00e9l\u00e9gu\u00e9es, cr\u00e9\u00e9es depuis deux (02) ann\u00e9es, en wilayas munies de toutes les pr\u00e9rogatives, en vue de les int\u00e9grer dans les \u00e9lections prochaines pour qu&rsquo;elles puissent installer leurs assembl\u00e9es respectives\u00a0\u00bb.<\/p>\n<p>&#013;<\/p>\n<p class=\"MsoNoSpacing\">S&rsquo;agissant des prochaines \u00e9lections ( communales et wilayales), M. Tebboune a assur\u00e9 qu&rsquo;elles auront lieu entre \u00a0\u00bb novembre et d\u00e9cembre prochains\u00a0\u00bb, notant que la d\u00e9termination des dates exactes rel\u00e8ve des comp\u00e9tences du pr\u00e9sident de la R\u00e9publique, Abdelaziz Bouteflika.<\/p>\n<p>&#013;<\/p>\n<p>\u00a0<\/p>\n<p>&#013;<\/p>\n<p class=\"MsoNoSpacing\">\u00a0<\/p>\n<\/div>\n<p>&#013;<br \/>\nSource: <a href=\"http:\/\/www.aps.dz\/algerie\/59567-prochain-mouvement-dans-le-corps-des-walis-et-promotion-des-wilayas-delegues-avant-les-elections-locales\" target=\"_blank\">Prochain mouvement dans le corps des walis et promotion des wilayas d\u00e9l\u00e9gu\u00e9s avant les \u00e9lections locales<\/a><\/p>\n<!--CusAds0-->\n<div style=\"font-size: 0px; height: 0px; line-height: 0px; margin: 0; padding: 0; clear: both;\"><\/div>","protected":false},"excerpt":{"rendered":"<p>ALGER- Le Premier ministre, Abdelmadjid Tebboune, a annonc\u00e9 jeudi soir \u00e0 Alger, qu&rsquo;il sera proc\u00e9d\u00e9 prochainement \u00e0 un mouvement dans le corps des walis et \u00e0 la promotion de wilayas d\u00e9l\u00e9gu\u00e9es en wilayas munies de toutes les pr\u00e9rogatives, et ce, avant les \u00e9lections locales. &#013; &#013; M.Tebboune a pr\u00e9cis\u00e9 dans une conf\u00e9rence de presse, anim\u00e9e<\/p>\n","protected":false},"author":6,"featured_media":13658,"comment_status":"open","ping_status":"open","sticky":false,"template":"","format":"standard","meta":{"footnotes":""},"categories":[22],"tags":[93],"class_list":["post-13657","post","type-post","status-publish","format-standard","has-post-thumbnail","hentry","category-infos","tag-onu"],"yoast_head":"<!-- This site is optimized with the Yoast SEO plugin v27.5 - https:\/\/yoast.com\/product\/yoast-seo-wordpress\/ -->\n<title>Prochain mouvement dans le corps des walis et promotion des wilayas d\u00e9l\u00e9gu\u00e9s avant les \u00e9lections locales - info algerie<\/title>\n<meta name=\"robots\" content=\"index, follow, max-snippet:-1, max-image-preview:large, max-video-preview:-1\" \/>\n<link rel=\"canonical\" href=\"https:\/\/www.info-algerie.com\/actualites\/prochain-mouvement-dans-le-corps-des-walis-et-promotion-des-wilayas-delegues-avant-les-elections-locales\/\" \/>\n<meta property=\"og:locale\" content=\"fr_FR\" \/>\n<meta property=\"og:type\" content=\"article\" \/>\n<meta property=\"og:title\" content=\"Prochain mouvement dans le corps des walis et promotion des wilayas d\u00e9l\u00e9gu\u00e9s avant les \u00e9lections locales - info algerie\" \/>\n<meta property=\"og:description\" content=\"ALGER- Le Premier ministre, Abdelmadjid Tebboune, a annonc\u00e9 jeudi soir \u00e0 Alger, qu&rsquo;il sera proc\u00e9d\u00e9 prochainement \u00e0 un mouvement dans le corps des walis et \u00e0 la promotion de wilayas d\u00e9l\u00e9gu\u00e9es en wilayas munies de toutes les pr\u00e9rogatives, et ce, avant les \u00e9lections locales. &#013; &#013; M.Tebboune a pr\u00e9cis\u00e9 dans une conf\u00e9rence de presse, anim\u00e9e\" \/>\n<meta property=\"og:url\" content=\"https:\/\/www.info-algerie.com\/actualites\/prochain-mouvement-dans-le-corps-des-walis-et-promotion-des-wilayas-delegues-avant-les-elections-locales\/\" \/>\n<meta property=\"og:site_name\" content=\"info algerie\" \/>\n<meta property=\"article:publisher\" content=\"https:\/\/www.facebook.com\/infoalgerieactu\" \/>\n<meta property=\"article:published_time\" content=\"2017-06-30T13:49:19+00:00\" \/>\n<meta property=\"og:image\" content=\"https:\/\/www.info-algerie.com\/actualites\/wp-content\/uploads\/2017\/06\/c375d910c4e2dd2656f0f6c25f33a3a0_S-1.jpg\" \/>\n\t<meta property=\"og:image:width\" content=\"280\" \/>\n\t<meta property=\"og:image:height\" content=\"176\" \/>\n\t<meta property=\"og:image:type\" content=\"image\/jpeg\" \/>\n<meta name=\"author\" content=\"La r\u00e9daction\" \/>\n<meta name=\"twitter:label1\" content=\"\u00c9crit par\" \/>\n\t<meta name=\"twitter:data1\" content=\"La r\u00e9daction\" \/>\n\t<meta name=\"twitter:label2\" content=\"Dur\u00e9e de lecture estim\u00e9e\" \/>\n\t<meta name=\"twitter:data2\" content=\"2 minutes\" \/>\n<script type=\"application\/ld+json\" class=\"yoast-schema-graph\">{\"@context\":\"https:\\\/\\\/schema.org\",\"@graph\":[{\"@type\":\"Article\",\"@id\":\"https:\\\/\\\/www.info-algerie.com\\\/actualites\\\/prochain-mouvement-dans-le-corps-des-walis-et-promotion-des-wilayas-delegues-avant-les-elections-locales\\\/#article\",\"isPartOf\":{\"@id\":\"https:\\\/\\\/www.info-algerie.com\\\/actualites\\\/prochain-mouvement-dans-le-corps-des-walis-et-promotion-des-wilayas-delegues-avant-les-elections-locales\\\/\"},\"author\":{\"name\":\"La r\u00e9daction\",\"@id\":\"https:\\\/\\\/www.info-algerie.com\\\/actualites\\\/#\\\/schema\\\/person\\\/847aaec44920825b843a08f30ec6aa1e\"},\"headline\":\"Prochain mouvement dans le corps des walis et promotion des wilayas d\u00e9l\u00e9gu\u00e9s avant les \u00e9lections locales\",\"datePublished\":\"2017-06-30T13:49:19+00:00\",\"mainEntityOfPage\":{\"@id\":\"https:\\\/\\\/www.info-algerie.com\\\/actualites\\\/prochain-mouvement-dans-le-corps-des-walis-et-promotion-des-wilayas-delegues-avant-les-elections-locales\\\/\"},\"wordCount\":350,\"commentCount\":0,\"publisher\":{\"@id\":\"https:\\\/\\\/www.info-algerie.com\\\/actualites\\\/#organization\"},\"image\":{\"@id\":\"https:\\\/\\\/www.info-algerie.com\\\/actualites\\\/prochain-mouvement-dans-le-corps-des-walis-et-promotion-des-wilayas-delegues-avant-les-elections-locales\\\/#primaryimage\"},\"thumbnailUrl\":\"https:\\\/\\\/www.info-algerie.com\\\/actualites\\\/wp-content\\\/uploads\\\/2017\\\/06\\\/c375d910c4e2dd2656f0f6c25f33a3a0_S-1.jpg\",\"keywords\":[\"ONU\"],\"articleSection\":[\"infos\"],\"inLanguage\":\"fr-FR\",\"potentialAction\":[{\"@type\":\"CommentAction\",\"name\":\"Comment\",\"target\":[\"https:\\\/\\\/www.info-algerie.com\\\/actualites\\\/prochain-mouvement-dans-le-corps-des-walis-et-promotion-des-wilayas-delegues-avant-les-elections-locales\\\/#respond\"]}]},{\"@type\":\"WebPage\",\"@id\":\"https:\\\/\\\/www.info-algerie.com\\\/actualites\\\/prochain-mouvement-dans-le-corps-des-walis-et-promotion-des-wilayas-delegues-avant-les-elections-locales\\\/\",\"url\":\"https:\\\/\\\/www.info-algerie.com\\\/actualites\\\/prochain-mouvement-dans-le-corps-des-walis-et-promotion-des-wilayas-delegues-avant-les-elections-locales\\\/\",\"name\":\"Prochain mouvement dans le corps des walis et promotion des wilayas d\u00e9l\u00e9gu\u00e9s avant les \u00e9lections locales - info algerie\",\"isPartOf\":{\"@id\":\"https:\\\/\\\/www.info-algerie.com\\\/actualites\\\/#website\"},\"primaryImageOfPage\":{\"@id\":\"https:\\\/\\\/www.info-algerie.com\\\/actualites\\\/prochain-mouvement-dans-le-corps-des-walis-et-promotion-des-wilayas-delegues-avant-les-elections-locales\\\/#primaryimage\"},\"image\":{\"@id\":\"https:\\\/\\\/www.info-algerie.com\\\/actualites\\\/prochain-mouvement-dans-le-corps-des-walis-et-promotion-des-wilayas-delegues-avant-les-elections-locales\\\/#primaryimage\"},\"thumbnailUrl\":\"https:\\\/\\\/www.info-algerie.com\\\/actualites\\\/wp-content\\\/uploads\\\/2017\\\/06\\\/c375d910c4e2dd2656f0f6c25f33a3a0_S-1.jpg\",\"datePublished\":\"2017-06-30T13:49:19+00:00\",\"breadcrumb\":{\"@id\":\"https:\\\/\\\/www.info-algerie.com\\\/actualites\\\/prochain-mouvement-dans-le-corps-des-walis-et-promotion-des-wilayas-delegues-avant-les-elections-locales\\\/#breadcrumb\"},\"inLanguage\":\"fr-FR\",\"potentialAction\":[{\"@type\":\"ReadAction\",\"target\":[\"https:\\\/\\\/www.info-algerie.com\\\/actualites\\\/prochain-mouvement-dans-le-corps-des-walis-et-promotion-des-wilayas-delegues-avant-les-elections-locales\\\/\"]}]},{\"@type\":\"ImageObject\",\"inLanguage\":\"fr-FR\",\"@id\":\"https:\\\/\\\/www.info-algerie.com\\\/actualites\\\/prochain-mouvement-dans-le-corps-des-walis-et-promotion-des-wilayas-delegues-avant-les-elections-locales\\\/#primaryimage\",\"url\":\"https:\\\/\\\/www.info-algerie.com\\\/actualites\\\/wp-content\\\/uploads\\\/2017\\\/06\\\/c375d910c4e2dd2656f0f6c25f33a3a0_S-1.jpg\",\"contentUrl\":\"https:\\\/\\\/www.info-algerie.com\\\/actualites\\\/wp-content\\\/uploads\\\/2017\\\/06\\\/c375d910c4e2dd2656f0f6c25f33a3a0_S-1.jpg\",\"width\":280,\"height\":176},{\"@type\":\"BreadcrumbList\",\"@id\":\"https:\\\/\\\/www.info-algerie.com\\\/actualites\\\/prochain-mouvement-dans-le-corps-des-walis-et-promotion-des-wilayas-delegues-avant-les-elections-locales\\\/#breadcrumb\",\"itemListElement\":[{\"@type\":\"ListItem\",\"position\":1,\"name\":\"Accueil\",\"item\":\"https:\\\/\\\/www.info-algerie.com\\\/actualites\\\/\"},{\"@type\":\"ListItem\",\"position\":2,\"name\":\"Prochain mouvement dans le corps des walis et promotion des wilayas d\u00e9l\u00e9gu\u00e9s avant les \u00e9lections locales\"}]},{\"@type\":\"WebSite\",\"@id\":\"https:\\\/\\\/www.info-algerie.com\\\/actualites\\\/#website\",\"url\":\"https:\\\/\\\/www.info-algerie.com\\\/actualites\\\/\",\"name\":\"info algerie\",\"description\":\"Toutes les actualit\u00e9s\",\"publisher\":{\"@id\":\"https:\\\/\\\/www.info-algerie.com\\\/actualites\\\/#organization\"},\"potentialAction\":[{\"@type\":\"SearchAction\",\"target\":{\"@type\":\"EntryPoint\",\"urlTemplate\":\"https:\\\/\\\/www.info-algerie.com\\\/actualites\\\/?s={search_term_string}\"},\"query-input\":{\"@type\":\"PropertyValueSpecification\",\"valueRequired\":true,\"valueName\":\"search_term_string\"}}],\"inLanguage\":\"fr-FR\"},{\"@type\":\"Organization\",\"@id\":\"https:\\\/\\\/www.info-algerie.com\\\/actualites\\\/#organization\",\"name\":\"info algerie\",\"url\":\"https:\\\/\\\/www.info-algerie.com\\\/actualites\\\/\",\"logo\":{\"@type\":\"ImageObject\",\"inLanguage\":\"fr-FR\",\"@id\":\"https:\\\/\\\/www.info-algerie.com\\\/actualites\\\/#\\\/schema\\\/logo\\\/image\\\/\",\"url\":\"https:\\\/\\\/www.info-algerie.com\\\/actualites\\\/wp-content\\\/uploads\\\/2022\\\/07\\\/logo-ia-120.png\",\"contentUrl\":\"https:\\\/\\\/www.info-algerie.com\\\/actualites\\\/wp-content\\\/uploads\\\/2022\\\/07\\\/logo-ia-120.png\",\"width\":120,\"height\":43,\"caption\":\"info algerie\"},\"image\":{\"@id\":\"https:\\\/\\\/www.info-algerie.com\\\/actualites\\\/#\\\/schema\\\/logo\\\/image\\\/\"},\"sameAs\":[\"https:\\\/\\\/www.facebook.com\\\/infoalgerieactu\",\"https:\\\/\\\/x.com\\\/infoalgerie1\"]},{\"@type\":\"Person\",\"@id\":\"https:\\\/\\\/www.info-algerie.com\\\/actualites\\\/#\\\/schema\\\/person\\\/847aaec44920825b843a08f30ec6aa1e\",\"name\":\"La r\u00e9daction\",\"image\":{\"@type\":\"ImageObject\",\"inLanguage\":\"fr-FR\",\"@id\":\"https:\\\/\\\/secure.gravatar.com\\\/avatar\\\/769db425c6f465158149f1ffd6cf61ce7a8a879d11dfbef8288af36dfddd418c?s=96&d=mm&r=g\",\"url\":\"https:\\\/\\\/secure.gravatar.com\\\/avatar\\\/769db425c6f465158149f1ffd6cf61ce7a8a879d11dfbef8288af36dfddd418c?s=96&d=mm&r=g\",\"contentUrl\":\"https:\\\/\\\/secure.gravatar.com\\\/avatar\\\/769db425c6f465158149f1ffd6cf61ce7a8a879d11dfbef8288af36dfddd418c?s=96&d=mm&r=g\",\"caption\":\"La r\u00e9daction\"},\"sameAs\":[\"http:\\\/\\\/www.lkeria.com\\\/\"],\"url\":\"https:\\\/\\\/www.info-algerie.com\\\/actualites\\\/author\\\/chakib32\\\/\"}]}<\/script>\n<!-- \/ Yoast SEO plugin. -->","yoast_head_json":{"title":"Prochain mouvement dans le corps des walis et promotion des wilayas d\u00e9l\u00e9gu\u00e9s avant les \u00e9lections locales - info algerie","robots":{"index":"index","follow":"follow","max-snippet":"max-snippet:-1","max-image-preview":"max-image-preview:large","max-video-preview":"max-video-preview:-1"},"canonical":"https:\/\/www.info-algerie.com\/actualites\/prochain-mouvement-dans-le-corps-des-walis-et-promotion-des-wilayas-delegues-avant-les-elections-locales\/","og_locale":"fr_FR","og_type":"article","og_title":"Prochain mouvement dans le corps des walis et promotion des wilayas d\u00e9l\u00e9gu\u00e9s avant les \u00e9lections locales - info algerie","og_description":"ALGER- Le Premier ministre, Abdelmadjid Tebboune, a annonc\u00e9 jeudi soir \u00e0 Alger, qu&rsquo;il sera proc\u00e9d\u00e9 prochainement \u00e0 un mouvement dans le corps des walis et \u00e0 la promotion de wilayas d\u00e9l\u00e9gu\u00e9es en wilayas munies de toutes les pr\u00e9rogatives, et ce, avant les \u00e9lections locales. &#013; &#013; M.Tebboune a pr\u00e9cis\u00e9 dans une conf\u00e9rence de presse, anim\u00e9e","og_url":"https:\/\/www.info-algerie.com\/actualites\/prochain-mouvement-dans-le-corps-des-walis-et-promotion-des-wilayas-delegues-avant-les-elections-locales\/","og_site_name":"info algerie","article_publisher":"https:\/\/www.facebook.com\/infoalgerieactu","article_published_time":"2017-06-30T13:49:19+00:00","og_image":[{"width":280,"height":176,"url":"https:\/\/www.info-algerie.com\/actualites\/wp-content\/uploads\/2017\/06\/c375d910c4e2dd2656f0f6c25f33a3a0_S-1.jpg","type":"image\/jpeg"}],"author":"La r\u00e9daction","twitter_misc":{"\u00c9crit par":"La r\u00e9daction","Dur\u00e9e de lecture estim\u00e9e":"2 minutes"},"schema":{"@context":"https:\/\/schema.org","@graph":[{"@type":"Article","@id":"https:\/\/www.info-algerie.com\/actualites\/prochain-mouvement-dans-le-corps-des-walis-et-promotion-des-wilayas-delegues-avant-les-elections-locales\/#article","isPartOf":{"@id":"https:\/\/www.info-algerie.com\/actualites\/prochain-mouvement-dans-le-corps-des-walis-et-promotion-des-wilayas-delegues-avant-les-elections-locales\/"},"author":{"name":"La r\u00e9daction","@id":"https:\/\/www.info-algerie.com\/actualites\/#\/schema\/person\/847aaec44920825b843a08f30ec6aa1e"},"headline":"Prochain mouvement dans le corps des walis et promotion des wilayas d\u00e9l\u00e9gu\u00e9s avant les \u00e9lections locales","datePublished":"2017-06-30T13:49:19+00:00","mainEntityOfPage":{"@id":"https:\/\/www.info-algerie.com\/actualites\/prochain-mouvement-dans-le-corps-des-walis-et-promotion-des-wilayas-delegues-avant-les-elections-locales\/"},"wordCount":350,"commentCount":0,"publisher":{"@id":"https:\/\/www.info-algerie.com\/actualites\/#organization"},"image":{"@id":"https:\/\/www.info-algerie.com\/actualites\/prochain-mouvement-dans-le-corps-des-walis-et-promotion-des-wilayas-delegues-avant-les-elections-locales\/#primaryimage"},"thumbnailUrl":"https:\/\/www.info-algerie.com\/actualites\/wp-content\/uploads\/2017\/06\/c375d910c4e2dd2656f0f6c25f33a3a0_S-1.jpg","keywords":["ONU"],"articleSection":["infos"],"inLanguage":"fr-FR","potentialAction":[{"@type":"CommentAction","name":"Comment","target":["https:\/\/www.info-algerie.com\/actualites\/prochain-mouvement-dans-le-corps-des-walis-et-promotion-des-wilayas-delegues-avant-les-elections-locales\/#respond"]}]},{"@type":"WebPage","@id":"https:\/\/www.info-algerie.com\/actualites\/prochain-mouvement-dans-le-corps-des-walis-et-promotion-des-wilayas-delegues-avant-les-elections-locales\/","url":"https:\/\/www.info-algerie.com\/actualites\/prochain-mouvement-dans-le-corps-des-walis-et-promotion-des-wilayas-delegues-avant-les-elections-locales\/","name":"Prochain mouvement dans le corps des walis et promotion des wilayas d\u00e9l\u00e9gu\u00e9s avant les \u00e9lections locales - info algerie","isPartOf":{"@id":"https:\/\/www.info-algerie.com\/actualites\/#website"},"primaryImageOfPage":{"@id":"https:\/\/www.info-algerie.com\/actualites\/prochain-mouvement-dans-le-corps-des-walis-et-promotion-des-wilayas-delegues-avant-les-elections-locales\/#primaryimage"},"image":{"@id":"https:\/\/www.info-algerie.com\/actualites\/prochain-mouvement-dans-le-corps-des-walis-et-promotion-des-wilayas-delegues-avant-les-elections-locales\/#primaryimage"},"thumbnailUrl":"https:\/\/www.info-algerie.com\/actualites\/wp-content\/uploads\/2017\/06\/c375d910c4e2dd2656f0f6c25f33a3a0_S-1.jpg","datePublished":"2017-06-30T13:49:19+00:00","breadcrumb":{"@id":"https:\/\/www.info-algerie.com\/actualites\/prochain-mouvement-dans-le-corps-des-walis-et-promotion-des-wilayas-delegues-avant-les-elections-locales\/#breadcrumb"},"inLanguage":"fr-FR","potentialAction":[{"@type":"ReadAction","target":["https:\/\/www.info-algerie.com\/actualites\/prochain-mouvement-dans-le-corps-des-walis-et-promotion-des-wilayas-delegues-avant-les-elections-locales\/"]}]},{"@type":"ImageObject","inLanguage":"fr-FR","@id":"https:\/\/www.info-algerie.com\/actualites\/prochain-mouvement-dans-le-corps-des-walis-et-promotion-des-wilayas-delegues-avant-les-elections-locales\/#primaryimage","url":"https:\/\/www.info-algerie.com\/actualites\/wp-content\/uploads\/2017\/06\/c375d910c4e2dd2656f0f6c25f33a3a0_S-1.jpg","contentUrl":"https:\/\/www.info-algerie.com\/actualites\/wp-content\/uploads\/2017\/06\/c375d910c4e2dd2656f0f6c25f33a3a0_S-1.jpg","width":280,"height":176},{"@type":"BreadcrumbList","@id":"https:\/\/www.info-algerie.com\/actualites\/prochain-mouvement-dans-le-corps-des-walis-et-promotion-des-wilayas-delegues-avant-les-elections-locales\/#breadcrumb","itemListElement":[{"@type":"ListItem","position":1,"name":"Accueil","item":"https:\/\/www.info-algerie.com\/actualites\/"},{"@type":"ListItem","position":2,"name":"Prochain mouvement dans le corps des walis et promotion des wilayas d\u00e9l\u00e9gu\u00e9s avant les \u00e9lections locales"}]},{"@type":"WebSite","@id":"https:\/\/www.info-algerie.com\/actualites\/#website","url":"https:\/\/www.info-algerie.com\/actualites\/","name":"info algerie","description":"Toutes les actualit\u00e9s","publisher":{"@id":"https:\/\/www.info-algerie.com\/actualites\/#organization"},"potentialAction":[{"@type":"SearchAction","target":{"@type":"EntryPoint","urlTemplate":"https:\/\/www.info-algerie.com\/actualites\/?s={search_term_string}"},"query-input":{"@type":"PropertyValueSpecification","valueRequired":true,"valueName":"search_term_string"}}],"inLanguage":"fr-FR"},{"@type":"Organization","@id":"https:\/\/www.info-algerie.com\/actualites\/#organization","name":"info algerie","url":"https:\/\/www.info-algerie.com\/actualites\/","logo":{"@type":"ImageObject","inLanguage":"fr-FR","@id":"https:\/\/www.info-algerie.com\/actualites\/#\/schema\/logo\/image\/","url":"https:\/\/www.info-algerie.com\/actualites\/wp-content\/uploads\/2022\/07\/logo-ia-120.png","contentUrl":"https:\/\/www.info-algerie.com\/actualites\/wp-content\/uploads\/2022\/07\/logo-ia-120.png","width":120,"height":43,"caption":"info algerie"},"image":{"@id":"https:\/\/www.info-algerie.com\/actualites\/#\/schema\/logo\/image\/"},"sameAs":["https:\/\/www.facebook.com\/infoalgerieactu","https:\/\/x.com\/infoalgerie1"]},{"@type":"Person","@id":"https:\/\/www.info-algerie.com\/actualites\/#\/schema\/person\/847aaec44920825b843a08f30ec6aa1e","name":"La r\u00e9daction","image":{"@type":"ImageObject","inLanguage":"fr-FR","@id":"https:\/\/secure.gravatar.com\/avatar\/769db425c6f465158149f1ffd6cf61ce7a8a879d11dfbef8288af36dfddd418c?s=96&d=mm&r=g","url":"https:\/\/secure.gravatar.com\/avatar\/769db425c6f465158149f1ffd6cf61ce7a8a879d11dfbef8288af36dfddd418c?s=96&d=mm&r=g","contentUrl":"https:\/\/secure.gravatar.com\/avatar\/769db425c6f465158149f1ffd6cf61ce7a8a879d11dfbef8288af36dfddd418c?s=96&d=mm&r=g","caption":"La r\u00e9daction"},"sameAs":["http:\/\/www.lkeria.com\/"],"url":"https:\/\/www.info-algerie.com\/actualites\/author\/chakib32\/"}]}},"_links":{"self":[{"href":"https:\/\/www.info-algerie.com\/actualites\/wp-json\/wp\/v2\/posts\/13657","targetHints":{"allow":["GET"]}}],"collection":[{"href":"https:\/\/www.info-algerie.com\/actualites\/wp-json\/wp\/v2\/posts"}],"about":[{"href":"https:\/\/www.info-algerie.com\/actualites\/wp-json\/wp\/v2\/types\/post"}],"author":[{"embeddable":true,"href":"https:\/\/www.info-algerie.com\/actualites\/wp-json\/wp\/v2\/users\/6"}],"replies":[{"embeddable":true,"href":"https:\/\/www.info-algerie.com\/actualites\/wp-json\/wp\/v2\/comments?post=13657"}],"version-history":[{"count":0,"href":"https:\/\/www.info-algerie.com\/actualites\/wp-json\/wp\/v2\/posts\/13657\/revisions"}],"wp:featuredmedia":[{"embeddable":true,"href":"https:\/\/www.info-algerie.com\/actualites\/wp-json\/wp\/v2\/media\/13658"}],"wp:attachment":[{"href":"https:\/\/www.info-algerie.com\/actualites\/wp-json\/wp\/v2\/media?parent=13657"}],"wp:term":[{"taxonomy":"category","embeddable":true,"href":"https:\/\/www.info-algerie.com\/actualites\/wp-json\/wp\/v2\/categories?post=13657"},{"taxonomy":"post_tag","embeddable":true,"href":"https:\/\/www.info-algerie.com\/actualites\/wp-json\/wp\/v2\/tags?post=13657"}],"curies":[{"name":"wp","href":"https:\/\/api.w.org\/{rel}","templated":true}]}}