{"id":13671,"date":"2017-06-30T17:18:06","date_gmt":"2017-06-30T16:18:06","guid":{"rendered":"http:\/\/www.info-algerie.com\/actualites\/lalgerie-preside-la-reunion-du-comite-ministeriel-africain-sur-le-bareme-des-contributions-au-sein-de-lua\/"},"modified":"2017-06-30T17:18:06","modified_gmt":"2017-06-30T16:18:06","slug":"lalgerie-preside-la-reunion-du-comite-ministeriel-africain-sur-le-bareme-des-contributions-au-sein-de-lua","status":"publish","type":"post","link":"https:\/\/www.info-algerie.com\/actualites\/lalgerie-preside-la-reunion-du-comite-ministeriel-africain-sur-le-bareme-des-contributions-au-sein-de-lua\/","title":{"rendered":"l\u2019Alg\u00e9rie pr\u00e9side la r\u00e9union du comit\u00e9 minist\u00e9riel africain sur le bar\u00e8me des contributions au sein de l&#039;UA"},"content":{"rendered":"<div class=\"K2FeedImage\"><img decoding=\"async\" src=\"https:\/\/www.info-algerie.com\/actualites\/wp-content\/uploads\/2017\/06\/b844dd353b3e190cbcdc3092f20f6476_S.jpg\" alt=\"l&#x2019;Alg&#xE9;rie pr&#xE9;side la r&#xE9;union du comit&#xE9; minist&#xE9;riel africain sur le bar&#xE8;me des contributions au sein de l'UA\" \/><\/div>\n<div class=\"K2FeedIntroText\">\n<p>ADDIS-ABEBA- Le ministre des Affaires \u00e9trang\u00e8res, Abdelkader Messahel, a pr\u00e9sid\u00e9 vendredi \u00e0 Addis-Abeba (Ethiopie), la r\u00e9union du Comit\u00e9 minist\u00e9riel sur le bar\u00e8me des contributions au sein de l\u2019Union africaine (UA).<\/p>\n<p>&#013;\n<\/p><\/div>\n<div class=\"K2FeedFullText\">&#013;<\/p>\n<p>Cette r\u00e9union, qui se tient en marge de la 29\u00e8me session du sommet de l\u2019UA, pr\u00e9vu les 3 et 4 juillet, abordera des questions strat\u00e9giques pour l\u2019Union, notamment les voies et moyens de contribuer \u00e0 l\u2019effort collectif de l\u2019Organisation continentale visant \u00e0 r\u00e9duire sa d\u00e9pendance aux financements externes et, par l\u00e0 m\u00eame, atteindre son autonomie financi\u00e8re.<\/p>\n<p>&#013;<\/p>\n<p>La rencontre sera \u00e9galement l\u2019occasion pour les d\u00e9l\u00e9gations minist\u00e9rielles de r\u00e9viser le bar\u00e8me des contributions, de mani\u00e8re \u00e0 le rendre plus \u00e9quitable, ainsi qu\u2019\u00e0 la mise en place d\u2019un m\u00e9canisme de reddition des comptes dans la gestion des finances de l\u2019Union.<\/p>\n<p>&#013;<\/p>\n<p>\u00a0<\/p>\n<p>&#013;<\/p>\n<p>M. Messahel pr\u00e9side la d\u00e9l\u00e9gation alg\u00e9rienne aux travaux de la 31\u00e8me session du Conseil ex\u00e9cutif de l&rsquo;UA, qui se tient vendredi et samedi, dans la capitale \u00e9thiopienne.\u00a0<\/p>\n<\/div>\n<p>&#013;<br \/>\nSource: <a href=\"http:\/\/www.aps.dz\/algerie\/59579-addis-abeba-l-algerie-preside-la-reunion-du-comite-ministeriel-africain-sur-le-bareme-des-contributions-au-sein-de-l-ua\" target=\"_blank\">l\u2019Alg\u00e9rie pr\u00e9side la r\u00e9union du comit\u00e9 minist\u00e9riel africain sur le bar\u00e8me des contributions au sein de l&rsquo;UA<\/a><\/p>\n<!--CusAds0-->\n<div style=\"font-size: 0px; height: 0px; line-height: 0px; margin: 0; padding: 0; clear: both;\"><\/div>","protected":false},"excerpt":{"rendered":"<p>ADDIS-ABEBA- Le ministre des Affaires \u00e9trang\u00e8res, Abdelkader Messahel, a pr\u00e9sid\u00e9 vendredi \u00e0 Addis-Abeba (Ethiopie), la r\u00e9union du Comit\u00e9 minist\u00e9riel sur le bar\u00e8me des contributions au sein de l\u2019Union africaine (UA). &#013; &#013; Cette r\u00e9union, qui se tient en marge de la 29\u00e8me session du sommet de l\u2019UA, pr\u00e9vu les 3 et 4 juillet, abordera des<\/p>\n","protected":false},"author":6,"featured_media":13672,"comment_status":"open","ping_status":"open","sticky":false,"template":"","format":"standard","meta":{"footnotes":""},"categories":[22],"tags":[93],"class_list":["post-13671","post","type-post","status-publish","format-standard","has-post-thumbnail","hentry","category-infos","tag-onu"],"yoast_head":"<!-- This site is optimized with the Yoast SEO plugin v27.5 - https:\/\/yoast.com\/product\/yoast-seo-wordpress\/ -->\n<title>l\u2019Alg\u00e9rie pr\u00e9side la r\u00e9union du comit\u00e9 minist\u00e9riel africain sur le bar\u00e8me des contributions au sein de l&#039;UA - info algerie<\/title>\n<meta name=\"robots\" content=\"index, follow, max-snippet:-1, max-image-preview:large, max-video-preview:-1\" \/>\n<link rel=\"canonical\" href=\"https:\/\/www.info-algerie.com\/actualites\/lalgerie-preside-la-reunion-du-comite-ministeriel-africain-sur-le-bareme-des-contributions-au-sein-de-lua\/\" \/>\n<meta property=\"og:locale\" content=\"fr_FR\" \/>\n<meta property=\"og:type\" content=\"article\" \/>\n<meta property=\"og:title\" content=\"l\u2019Alg\u00e9rie pr\u00e9side la r\u00e9union du comit\u00e9 minist\u00e9riel africain sur le bar\u00e8me des contributions au sein de l&#039;UA - info algerie\" \/>\n<meta property=\"og:description\" content=\"ADDIS-ABEBA- Le ministre des Affaires \u00e9trang\u00e8res, Abdelkader Messahel, a pr\u00e9sid\u00e9 vendredi \u00e0 Addis-Abeba (Ethiopie), la r\u00e9union du Comit\u00e9 minist\u00e9riel sur le bar\u00e8me des contributions au sein de l\u2019Union africaine (UA). &#013; &#013; Cette r\u00e9union, qui se tient en marge de la 29\u00e8me session du sommet de l\u2019UA, pr\u00e9vu les 3 et 4 juillet, abordera des\" \/>\n<meta property=\"og:url\" content=\"https:\/\/www.info-algerie.com\/actualites\/lalgerie-preside-la-reunion-du-comite-ministeriel-africain-sur-le-bareme-des-contributions-au-sein-de-lua\/\" \/>\n<meta property=\"og:site_name\" content=\"info algerie\" \/>\n<meta property=\"article:publisher\" content=\"https:\/\/www.facebook.com\/infoalgerieactu\" \/>\n<meta property=\"article:published_time\" content=\"2017-06-30T16:18:06+00:00\" \/>\n<meta property=\"og:image\" content=\"https:\/\/www.info-algerie.com\/actualites\/wp-content\/uploads\/2017\/06\/b844dd353b3e190cbcdc3092f20f6476_S-1.jpg\" \/>\n\t<meta property=\"og:image:width\" content=\"280\" \/>\n\t<meta property=\"og:image:height\" content=\"186\" \/>\n\t<meta property=\"og:image:type\" content=\"image\/jpeg\" \/>\n<meta name=\"author\" content=\"La r\u00e9daction\" \/>\n<meta name=\"twitter:label1\" content=\"\u00c9crit par\" \/>\n\t<meta name=\"twitter:data1\" content=\"La r\u00e9daction\" \/>\n\t<meta name=\"twitter:label2\" content=\"Dur\u00e9e de lecture estim\u00e9e\" \/>\n\t<meta name=\"twitter:data2\" content=\"1 minute\" \/>\n<script type=\"application\/ld+json\" class=\"yoast-schema-graph\">{\"@context\":\"https:\\\/\\\/schema.org\",\"@graph\":[{\"@type\":\"Article\",\"@id\":\"https:\\\/\\\/www.info-algerie.com\\\/actualites\\\/lalgerie-preside-la-reunion-du-comite-ministeriel-africain-sur-le-bareme-des-contributions-au-sein-de-lua\\\/#article\",\"isPartOf\":{\"@id\":\"https:\\\/\\\/www.info-algerie.com\\\/actualites\\\/lalgerie-preside-la-reunion-du-comite-ministeriel-africain-sur-le-bareme-des-contributions-au-sein-de-lua\\\/\"},\"author\":{\"name\":\"La r\u00e9daction\",\"@id\":\"https:\\\/\\\/www.info-algerie.com\\\/actualites\\\/#\\\/schema\\\/person\\\/847aaec44920825b843a08f30ec6aa1e\"},\"headline\":\"l\u2019Alg\u00e9rie pr\u00e9side la r\u00e9union du comit\u00e9 minist\u00e9riel africain sur le bar\u00e8me des contributions au sein de l&#039;UA\",\"datePublished\":\"2017-06-30T16:18:06+00:00\",\"mainEntityOfPage\":{\"@id\":\"https:\\\/\\\/www.info-algerie.com\\\/actualites\\\/lalgerie-preside-la-reunion-du-comite-ministeriel-africain-sur-le-bareme-des-contributions-au-sein-de-lua\\\/\"},\"wordCount\":230,\"commentCount\":0,\"publisher\":{\"@id\":\"https:\\\/\\\/www.info-algerie.com\\\/actualites\\\/#organization\"},\"image\":{\"@id\":\"https:\\\/\\\/www.info-algerie.com\\\/actualites\\\/lalgerie-preside-la-reunion-du-comite-ministeriel-africain-sur-le-bareme-des-contributions-au-sein-de-lua\\\/#primaryimage\"},\"thumbnailUrl\":\"https:\\\/\\\/www.info-algerie.com\\\/actualites\\\/wp-content\\\/uploads\\\/2017\\\/06\\\/b844dd353b3e190cbcdc3092f20f6476_S-1.jpg\",\"keywords\":[\"ONU\"],\"articleSection\":[\"infos\"],\"inLanguage\":\"fr-FR\",\"potentialAction\":[{\"@type\":\"CommentAction\",\"name\":\"Comment\",\"target\":[\"https:\\\/\\\/www.info-algerie.com\\\/actualites\\\/lalgerie-preside-la-reunion-du-comite-ministeriel-africain-sur-le-bareme-des-contributions-au-sein-de-lua\\\/#respond\"]}]},{\"@type\":\"WebPage\",\"@id\":\"https:\\\/\\\/www.info-algerie.com\\\/actualites\\\/lalgerie-preside-la-reunion-du-comite-ministeriel-africain-sur-le-bareme-des-contributions-au-sein-de-lua\\\/\",\"url\":\"https:\\\/\\\/www.info-algerie.com\\\/actualites\\\/lalgerie-preside-la-reunion-du-comite-ministeriel-africain-sur-le-bareme-des-contributions-au-sein-de-lua\\\/\",\"name\":\"l\u2019Alg\u00e9rie pr\u00e9side la r\u00e9union du comit\u00e9 minist\u00e9riel africain sur le bar\u00e8me des contributions au sein de l&#039;UA - info algerie\",\"isPartOf\":{\"@id\":\"https:\\\/\\\/www.info-algerie.com\\\/actualites\\\/#website\"},\"primaryImageOfPage\":{\"@id\":\"https:\\\/\\\/www.info-algerie.com\\\/actualites\\\/lalgerie-preside-la-reunion-du-comite-ministeriel-africain-sur-le-bareme-des-contributions-au-sein-de-lua\\\/#primaryimage\"},\"image\":{\"@id\":\"https:\\\/\\\/www.info-algerie.com\\\/actualites\\\/lalgerie-preside-la-reunion-du-comite-ministeriel-africain-sur-le-bareme-des-contributions-au-sein-de-lua\\\/#primaryimage\"},\"thumbnailUrl\":\"https:\\\/\\\/www.info-algerie.com\\\/actualites\\\/wp-content\\\/uploads\\\/2017\\\/06\\\/b844dd353b3e190cbcdc3092f20f6476_S-1.jpg\",\"datePublished\":\"2017-06-30T16:18:06+00:00\",\"breadcrumb\":{\"@id\":\"https:\\\/\\\/www.info-algerie.com\\\/actualites\\\/lalgerie-preside-la-reunion-du-comite-ministeriel-africain-sur-le-bareme-des-contributions-au-sein-de-lua\\\/#breadcrumb\"},\"inLanguage\":\"fr-FR\",\"potentialAction\":[{\"@type\":\"ReadAction\",\"target\":[\"https:\\\/\\\/www.info-algerie.com\\\/actualites\\\/lalgerie-preside-la-reunion-du-comite-ministeriel-africain-sur-le-bareme-des-contributions-au-sein-de-lua\\\/\"]}]},{\"@type\":\"ImageObject\",\"inLanguage\":\"fr-FR\",\"@id\":\"https:\\\/\\\/www.info-algerie.com\\\/actualites\\\/lalgerie-preside-la-reunion-du-comite-ministeriel-africain-sur-le-bareme-des-contributions-au-sein-de-lua\\\/#primaryimage\",\"url\":\"https:\\\/\\\/www.info-algerie.com\\\/actualites\\\/wp-content\\\/uploads\\\/2017\\\/06\\\/b844dd353b3e190cbcdc3092f20f6476_S-1.jpg\",\"contentUrl\":\"https:\\\/\\\/www.info-algerie.com\\\/actualites\\\/wp-content\\\/uploads\\\/2017\\\/06\\\/b844dd353b3e190cbcdc3092f20f6476_S-1.jpg\",\"width\":280,\"height\":186},{\"@type\":\"BreadcrumbList\",\"@id\":\"https:\\\/\\\/www.info-algerie.com\\\/actualites\\\/lalgerie-preside-la-reunion-du-comite-ministeriel-africain-sur-le-bareme-des-contributions-au-sein-de-lua\\\/#breadcrumb\",\"itemListElement\":[{\"@type\":\"ListItem\",\"position\":1,\"name\":\"Accueil\",\"item\":\"https:\\\/\\\/www.info-algerie.com\\\/actualites\\\/\"},{\"@type\":\"ListItem\",\"position\":2,\"name\":\"l\u2019Alg\u00e9rie pr\u00e9side la r\u00e9union du comit\u00e9 minist\u00e9riel africain sur le bar\u00e8me des contributions au sein de l&#039;UA\"}]},{\"@type\":\"WebSite\",\"@id\":\"https:\\\/\\\/www.info-algerie.com\\\/actualites\\\/#website\",\"url\":\"https:\\\/\\\/www.info-algerie.com\\\/actualites\\\/\",\"name\":\"info algerie\",\"description\":\"Toutes les actualit\u00e9s\",\"publisher\":{\"@id\":\"https:\\\/\\\/www.info-algerie.com\\\/actualites\\\/#organization\"},\"potentialAction\":[{\"@type\":\"SearchAction\",\"target\":{\"@type\":\"EntryPoint\",\"urlTemplate\":\"https:\\\/\\\/www.info-algerie.com\\\/actualites\\\/?s={search_term_string}\"},\"query-input\":{\"@type\":\"PropertyValueSpecification\",\"valueRequired\":true,\"valueName\":\"search_term_string\"}}],\"inLanguage\":\"fr-FR\"},{\"@type\":\"Organization\",\"@id\":\"https:\\\/\\\/www.info-algerie.com\\\/actualites\\\/#organization\",\"name\":\"info algerie\",\"url\":\"https:\\\/\\\/www.info-algerie.com\\\/actualites\\\/\",\"logo\":{\"@type\":\"ImageObject\",\"inLanguage\":\"fr-FR\",\"@id\":\"https:\\\/\\\/www.info-algerie.com\\\/actualites\\\/#\\\/schema\\\/logo\\\/image\\\/\",\"url\":\"https:\\\/\\\/www.info-algerie.com\\\/actualites\\\/wp-content\\\/uploads\\\/2022\\\/07\\\/logo-ia-120.png\",\"contentUrl\":\"https:\\\/\\\/www.info-algerie.com\\\/actualites\\\/wp-content\\\/uploads\\\/2022\\\/07\\\/logo-ia-120.png\",\"width\":120,\"height\":43,\"caption\":\"info algerie\"},\"image\":{\"@id\":\"https:\\\/\\\/www.info-algerie.com\\\/actualites\\\/#\\\/schema\\\/logo\\\/image\\\/\"},\"sameAs\":[\"https:\\\/\\\/www.facebook.com\\\/infoalgerieactu\",\"https:\\\/\\\/x.com\\\/infoalgerie1\"]},{\"@type\":\"Person\",\"@id\":\"https:\\\/\\\/www.info-algerie.com\\\/actualites\\\/#\\\/schema\\\/person\\\/847aaec44920825b843a08f30ec6aa1e\",\"name\":\"La r\u00e9daction\",\"image\":{\"@type\":\"ImageObject\",\"inLanguage\":\"fr-FR\",\"@id\":\"https:\\\/\\\/secure.gravatar.com\\\/avatar\\\/769db425c6f465158149f1ffd6cf61ce7a8a879d11dfbef8288af36dfddd418c?s=96&d=mm&r=g\",\"url\":\"https:\\\/\\\/secure.gravatar.com\\\/avatar\\\/769db425c6f465158149f1ffd6cf61ce7a8a879d11dfbef8288af36dfddd418c?s=96&d=mm&r=g\",\"contentUrl\":\"https:\\\/\\\/secure.gravatar.com\\\/avatar\\\/769db425c6f465158149f1ffd6cf61ce7a8a879d11dfbef8288af36dfddd418c?s=96&d=mm&r=g\",\"caption\":\"La r\u00e9daction\"},\"sameAs\":[\"http:\\\/\\\/www.lkeria.com\\\/\"],\"url\":\"https:\\\/\\\/www.info-algerie.com\\\/actualites\\\/author\\\/chakib32\\\/\"}]}<\/script>\n<!-- \/ Yoast SEO plugin. -->","yoast_head_json":{"title":"l\u2019Alg\u00e9rie pr\u00e9side la r\u00e9union du comit\u00e9 minist\u00e9riel africain sur le bar\u00e8me des contributions au sein de l&#039;UA - info algerie","robots":{"index":"index","follow":"follow","max-snippet":"max-snippet:-1","max-image-preview":"max-image-preview:large","max-video-preview":"max-video-preview:-1"},"canonical":"https:\/\/www.info-algerie.com\/actualites\/lalgerie-preside-la-reunion-du-comite-ministeriel-africain-sur-le-bareme-des-contributions-au-sein-de-lua\/","og_locale":"fr_FR","og_type":"article","og_title":"l\u2019Alg\u00e9rie pr\u00e9side la r\u00e9union du comit\u00e9 minist\u00e9riel africain sur le bar\u00e8me des contributions au sein de l&#039;UA - info algerie","og_description":"ADDIS-ABEBA- Le ministre des Affaires \u00e9trang\u00e8res, Abdelkader Messahel, a pr\u00e9sid\u00e9 vendredi \u00e0 Addis-Abeba (Ethiopie), la r\u00e9union du Comit\u00e9 minist\u00e9riel sur le bar\u00e8me des contributions au sein de l\u2019Union africaine (UA). &#013; &#013; Cette r\u00e9union, qui se tient en marge de la 29\u00e8me session du sommet de l\u2019UA, pr\u00e9vu les 3 et 4 juillet, abordera des","og_url":"https:\/\/www.info-algerie.com\/actualites\/lalgerie-preside-la-reunion-du-comite-ministeriel-africain-sur-le-bareme-des-contributions-au-sein-de-lua\/","og_site_name":"info algerie","article_publisher":"https:\/\/www.facebook.com\/infoalgerieactu","article_published_time":"2017-06-30T16:18:06+00:00","og_image":[{"width":280,"height":186,"url":"https:\/\/www.info-algerie.com\/actualites\/wp-content\/uploads\/2017\/06\/b844dd353b3e190cbcdc3092f20f6476_S-1.jpg","type":"image\/jpeg"}],"author":"La r\u00e9daction","twitter_misc":{"\u00c9crit par":"La r\u00e9daction","Dur\u00e9e de lecture estim\u00e9e":"1 minute"},"schema":{"@context":"https:\/\/schema.org","@graph":[{"@type":"Article","@id":"https:\/\/www.info-algerie.com\/actualites\/lalgerie-preside-la-reunion-du-comite-ministeriel-africain-sur-le-bareme-des-contributions-au-sein-de-lua\/#article","isPartOf":{"@id":"https:\/\/www.info-algerie.com\/actualites\/lalgerie-preside-la-reunion-du-comite-ministeriel-africain-sur-le-bareme-des-contributions-au-sein-de-lua\/"},"author":{"name":"La r\u00e9daction","@id":"https:\/\/www.info-algerie.com\/actualites\/#\/schema\/person\/847aaec44920825b843a08f30ec6aa1e"},"headline":"l\u2019Alg\u00e9rie pr\u00e9side la r\u00e9union du comit\u00e9 minist\u00e9riel africain sur le bar\u00e8me des contributions au sein de l&#039;UA","datePublished":"2017-06-30T16:18:06+00:00","mainEntityOfPage":{"@id":"https:\/\/www.info-algerie.com\/actualites\/lalgerie-preside-la-reunion-du-comite-ministeriel-africain-sur-le-bareme-des-contributions-au-sein-de-lua\/"},"wordCount":230,"commentCount":0,"publisher":{"@id":"https:\/\/www.info-algerie.com\/actualites\/#organization"},"image":{"@id":"https:\/\/www.info-algerie.com\/actualites\/lalgerie-preside-la-reunion-du-comite-ministeriel-africain-sur-le-bareme-des-contributions-au-sein-de-lua\/#primaryimage"},"thumbnailUrl":"https:\/\/www.info-algerie.com\/actualites\/wp-content\/uploads\/2017\/06\/b844dd353b3e190cbcdc3092f20f6476_S-1.jpg","keywords":["ONU"],"articleSection":["infos"],"inLanguage":"fr-FR","potentialAction":[{"@type":"CommentAction","name":"Comment","target":["https:\/\/www.info-algerie.com\/actualites\/lalgerie-preside-la-reunion-du-comite-ministeriel-africain-sur-le-bareme-des-contributions-au-sein-de-lua\/#respond"]}]},{"@type":"WebPage","@id":"https:\/\/www.info-algerie.com\/actualites\/lalgerie-preside-la-reunion-du-comite-ministeriel-africain-sur-le-bareme-des-contributions-au-sein-de-lua\/","url":"https:\/\/www.info-algerie.com\/actualites\/lalgerie-preside-la-reunion-du-comite-ministeriel-africain-sur-le-bareme-des-contributions-au-sein-de-lua\/","name":"l\u2019Alg\u00e9rie pr\u00e9side la r\u00e9union du comit\u00e9 minist\u00e9riel africain sur le bar\u00e8me des contributions au sein de l&#039;UA - info algerie","isPartOf":{"@id":"https:\/\/www.info-algerie.com\/actualites\/#website"},"primaryImageOfPage":{"@id":"https:\/\/www.info-algerie.com\/actualites\/lalgerie-preside-la-reunion-du-comite-ministeriel-africain-sur-le-bareme-des-contributions-au-sein-de-lua\/#primaryimage"},"image":{"@id":"https:\/\/www.info-algerie.com\/actualites\/lalgerie-preside-la-reunion-du-comite-ministeriel-africain-sur-le-bareme-des-contributions-au-sein-de-lua\/#primaryimage"},"thumbnailUrl":"https:\/\/www.info-algerie.com\/actualites\/wp-content\/uploads\/2017\/06\/b844dd353b3e190cbcdc3092f20f6476_S-1.jpg","datePublished":"2017-06-30T16:18:06+00:00","breadcrumb":{"@id":"https:\/\/www.info-algerie.com\/actualites\/lalgerie-preside-la-reunion-du-comite-ministeriel-africain-sur-le-bareme-des-contributions-au-sein-de-lua\/#breadcrumb"},"inLanguage":"fr-FR","potentialAction":[{"@type":"ReadAction","target":["https:\/\/www.info-algerie.com\/actualites\/lalgerie-preside-la-reunion-du-comite-ministeriel-africain-sur-le-bareme-des-contributions-au-sein-de-lua\/"]}]},{"@type":"ImageObject","inLanguage":"fr-FR","@id":"https:\/\/www.info-algerie.com\/actualites\/lalgerie-preside-la-reunion-du-comite-ministeriel-africain-sur-le-bareme-des-contributions-au-sein-de-lua\/#primaryimage","url":"https:\/\/www.info-algerie.com\/actualites\/wp-content\/uploads\/2017\/06\/b844dd353b3e190cbcdc3092f20f6476_S-1.jpg","contentUrl":"https:\/\/www.info-algerie.com\/actualites\/wp-content\/uploads\/2017\/06\/b844dd353b3e190cbcdc3092f20f6476_S-1.jpg","width":280,"height":186},{"@type":"BreadcrumbList","@id":"https:\/\/www.info-algerie.com\/actualites\/lalgerie-preside-la-reunion-du-comite-ministeriel-africain-sur-le-bareme-des-contributions-au-sein-de-lua\/#breadcrumb","itemListElement":[{"@type":"ListItem","position":1,"name":"Accueil","item":"https:\/\/www.info-algerie.com\/actualites\/"},{"@type":"ListItem","position":2,"name":"l\u2019Alg\u00e9rie pr\u00e9side la r\u00e9union du comit\u00e9 minist\u00e9riel africain sur le bar\u00e8me des contributions au sein de l&#039;UA"}]},{"@type":"WebSite","@id":"https:\/\/www.info-algerie.com\/actualites\/#website","url":"https:\/\/www.info-algerie.com\/actualites\/","name":"info algerie","description":"Toutes les actualit\u00e9s","publisher":{"@id":"https:\/\/www.info-algerie.com\/actualites\/#organization"},"potentialAction":[{"@type":"SearchAction","target":{"@type":"EntryPoint","urlTemplate":"https:\/\/www.info-algerie.com\/actualites\/?s={search_term_string}"},"query-input":{"@type":"PropertyValueSpecification","valueRequired":true,"valueName":"search_term_string"}}],"inLanguage":"fr-FR"},{"@type":"Organization","@id":"https:\/\/www.info-algerie.com\/actualites\/#organization","name":"info algerie","url":"https:\/\/www.info-algerie.com\/actualites\/","logo":{"@type":"ImageObject","inLanguage":"fr-FR","@id":"https:\/\/www.info-algerie.com\/actualites\/#\/schema\/logo\/image\/","url":"https:\/\/www.info-algerie.com\/actualites\/wp-content\/uploads\/2022\/07\/logo-ia-120.png","contentUrl":"https:\/\/www.info-algerie.com\/actualites\/wp-content\/uploads\/2022\/07\/logo-ia-120.png","width":120,"height":43,"caption":"info algerie"},"image":{"@id":"https:\/\/www.info-algerie.com\/actualites\/#\/schema\/logo\/image\/"},"sameAs":["https:\/\/www.facebook.com\/infoalgerieactu","https:\/\/x.com\/infoalgerie1"]},{"@type":"Person","@id":"https:\/\/www.info-algerie.com\/actualites\/#\/schema\/person\/847aaec44920825b843a08f30ec6aa1e","name":"La r\u00e9daction","image":{"@type":"ImageObject","inLanguage":"fr-FR","@id":"https:\/\/secure.gravatar.com\/avatar\/769db425c6f465158149f1ffd6cf61ce7a8a879d11dfbef8288af36dfddd418c?s=96&d=mm&r=g","url":"https:\/\/secure.gravatar.com\/avatar\/769db425c6f465158149f1ffd6cf61ce7a8a879d11dfbef8288af36dfddd418c?s=96&d=mm&r=g","contentUrl":"https:\/\/secure.gravatar.com\/avatar\/769db425c6f465158149f1ffd6cf61ce7a8a879d11dfbef8288af36dfddd418c?s=96&d=mm&r=g","caption":"La r\u00e9daction"},"sameAs":["http:\/\/www.lkeria.com\/"],"url":"https:\/\/www.info-algerie.com\/actualites\/author\/chakib32\/"}]}},"_links":{"self":[{"href":"https:\/\/www.info-algerie.com\/actualites\/wp-json\/wp\/v2\/posts\/13671","targetHints":{"allow":["GET"]}}],"collection":[{"href":"https:\/\/www.info-algerie.com\/actualites\/wp-json\/wp\/v2\/posts"}],"about":[{"href":"https:\/\/www.info-algerie.com\/actualites\/wp-json\/wp\/v2\/types\/post"}],"author":[{"embeddable":true,"href":"https:\/\/www.info-algerie.com\/actualites\/wp-json\/wp\/v2\/users\/6"}],"replies":[{"embeddable":true,"href":"https:\/\/www.info-algerie.com\/actualites\/wp-json\/wp\/v2\/comments?post=13671"}],"version-history":[{"count":0,"href":"https:\/\/www.info-algerie.com\/actualites\/wp-json\/wp\/v2\/posts\/13671\/revisions"}],"wp:featuredmedia":[{"embeddable":true,"href":"https:\/\/www.info-algerie.com\/actualites\/wp-json\/wp\/v2\/media\/13672"}],"wp:attachment":[{"href":"https:\/\/www.info-algerie.com\/actualites\/wp-json\/wp\/v2\/media?parent=13671"}],"wp:term":[{"taxonomy":"category","embeddable":true,"href":"https:\/\/www.info-algerie.com\/actualites\/wp-json\/wp\/v2\/categories?post=13671"},{"taxonomy":"post_tag","embeddable":true,"href":"https:\/\/www.info-algerie.com\/actualites\/wp-json\/wp\/v2\/tags?post=13671"}],"curies":[{"name":"wp","href":"https:\/\/api.w.org\/{rel}","templated":true}]}}