{"id":13674,"date":"2017-06-30T18:20:31","date_gmt":"2017-06-30T17:20:31","guid":{"rendered":"http:\/\/www.info-algerie.com\/actualites\/addis-abeba-deux-algeriens-elus-au-sein-des-instances-de-lua\/"},"modified":"2017-06-30T18:20:31","modified_gmt":"2017-06-30T17:20:31","slug":"addis-abeba-deux-algeriens-elus-au-sein-des-instances-de-lua","status":"publish","type":"post","link":"https:\/\/www.info-algerie.com\/actualites\/addis-abeba-deux-algeriens-elus-au-sein-des-instances-de-lua\/","title":{"rendered":"Addis-Abeba: deux Alg\u00e9riens \u00e9lus au sein des instances de l\u2019UA"},"content":{"rendered":"<div class=\"K2FeedImage\"><img decoding=\"async\" src=\"https:\/\/www.info-algerie.com\/actualites\/wp-content\/uploads\/2017\/06\/c99c09365bf4511839ce46d6844f33b4_S.jpg\" alt=\"Addis-Abeba: deux Alg&#xE9;riens &#xE9;lus au sein des instances de l&#x2019;UA\" \/><\/div>\n<div class=\"K2FeedIntroText\">\n<p>ADDIS-ABEBA- Deux Alg\u00e9riens ont \u00e9t\u00e9 \u00e9lus vendredi \u00e0\u00a0 Addis-Abeba (Ethiopie) par le Conseil ex\u00e9cutif de l\u2019Union africaine (UA) par une \u00e9crasante majorit\u00e9 des voix exprim\u00e9s au sein des instances de\u00a0 l\u2019Organisation continentale.<\/p>\n<p>&#013;\n<\/p><\/div>\n<div class=\"K2FeedFullText\">&#013;<\/p>\n<p>Il s\u2019agit de Mme Maya Sahli Fadel, r\u00e9\u00e9lue au poste de la Commission africaine des droits de l\u2019homme et des peuples (CADHP) et de M. Hocine Ait Chaalal, \u00e9lu au poste de membre du Conseil consultatif de l\u2019Union africaine sur la corruption lors de la 31\u00e8me session du Conseil ex\u00e9cutif de l\u2019UA dont les travaux ont d\u00e9but\u00e9 vendredi avec la participation du ministre des Affaires \u00e9trang\u00e8res, Abdelkader Messahel qui pr\u00e9side la d\u00e9l\u00e9gation alg\u00e9rienne \u00e0 cette session.<\/p>\n<p>&#013;<\/p>\n<p>Ces deux Alg\u00e9riens seront nomm\u00e9s par la Conf\u00e9rence des chefs d\u2019Etat et de gouvernement de l\u2019UA qui tiendra sa 29\u00e8me session les 3 et 4 juillet dans la capitale \u00e9thiopienne.<\/p>\n<\/div>\n<p>&#013;<br \/>\nSource: <a href=\"http:\/\/www.aps.dz\/algerie\/59583-addis-abeba-deux-algeriens-elus-au-sein-des-instances-de-l-ua\" target=\"_blank\">Addis-Abeba: deux Alg\u00e9riens \u00e9lus au sein des instances de l\u2019UA<\/a><\/p>\n<!--CusAds0-->\n<div style=\"font-size: 0px; height: 0px; line-height: 0px; margin: 0; padding: 0; clear: both;\"><\/div>","protected":false},"excerpt":{"rendered":"<p>ADDIS-ABEBA- Deux Alg\u00e9riens ont \u00e9t\u00e9 \u00e9lus vendredi \u00e0\u00a0 Addis-Abeba (Ethiopie) par le Conseil ex\u00e9cutif de l\u2019Union africaine (UA) par une \u00e9crasante majorit\u00e9 des voix exprim\u00e9s au sein des instances de\u00a0 l\u2019Organisation continentale. &#013; &#013; Il s\u2019agit de Mme Maya Sahli Fadel, r\u00e9\u00e9lue au poste de la Commission africaine des droits de l\u2019homme et des peuples<\/p>\n","protected":false},"author":6,"featured_media":13675,"comment_status":"open","ping_status":"open","sticky":false,"template":"","format":"standard","meta":{"footnotes":""},"categories":[22],"tags":[93],"class_list":["post-13674","post","type-post","status-publish","format-standard","has-post-thumbnail","hentry","category-infos","tag-onu"],"yoast_head":"<!-- This site is optimized with the Yoast SEO plugin v27.5 - https:\/\/yoast.com\/product\/yoast-seo-wordpress\/ -->\n<title>Addis-Abeba: deux Alg\u00e9riens \u00e9lus au sein des instances de l\u2019UA - info algerie<\/title>\n<meta name=\"robots\" content=\"index, follow, max-snippet:-1, max-image-preview:large, max-video-preview:-1\" \/>\n<link rel=\"canonical\" href=\"https:\/\/www.info-algerie.com\/actualites\/addis-abeba-deux-algeriens-elus-au-sein-des-instances-de-lua\/\" \/>\n<meta property=\"og:locale\" content=\"fr_FR\" \/>\n<meta property=\"og:type\" content=\"article\" \/>\n<meta property=\"og:title\" content=\"Addis-Abeba: deux Alg\u00e9riens \u00e9lus au sein des instances de l\u2019UA - info algerie\" \/>\n<meta property=\"og:description\" content=\"ADDIS-ABEBA- Deux Alg\u00e9riens ont \u00e9t\u00e9 \u00e9lus vendredi \u00e0\u00a0 Addis-Abeba (Ethiopie) par le Conseil ex\u00e9cutif de l\u2019Union africaine (UA) par une \u00e9crasante majorit\u00e9 des voix exprim\u00e9s au sein des instances de\u00a0 l\u2019Organisation continentale. &#013; &#013; Il s\u2019agit de Mme Maya Sahli Fadel, r\u00e9\u00e9lue au poste de la Commission africaine des droits de l\u2019homme et des peuples\" \/>\n<meta property=\"og:url\" content=\"https:\/\/www.info-algerie.com\/actualites\/addis-abeba-deux-algeriens-elus-au-sein-des-instances-de-lua\/\" \/>\n<meta property=\"og:site_name\" content=\"info algerie\" \/>\n<meta property=\"article:publisher\" content=\"https:\/\/www.facebook.com\/infoalgerieactu\" \/>\n<meta property=\"article:published_time\" content=\"2017-06-30T17:20:31+00:00\" \/>\n<meta property=\"og:image\" content=\"https:\/\/www.info-algerie.com\/actualites\/wp-content\/uploads\/2017\/06\/c99c09365bf4511839ce46d6844f33b4_S-1.jpg\" \/>\n\t<meta property=\"og:image:width\" content=\"280\" \/>\n\t<meta property=\"og:image:height\" content=\"186\" \/>\n\t<meta property=\"og:image:type\" content=\"image\/jpeg\" \/>\n<meta name=\"author\" content=\"La r\u00e9daction\" \/>\n<meta name=\"twitter:label1\" content=\"\u00c9crit par\" \/>\n\t<meta name=\"twitter:data1\" content=\"La r\u00e9daction\" \/>\n\t<meta name=\"twitter:label2\" content=\"Dur\u00e9e de lecture estim\u00e9e\" \/>\n\t<meta name=\"twitter:data2\" content=\"1 minute\" \/>\n<script type=\"application\/ld+json\" class=\"yoast-schema-graph\">{\"@context\":\"https:\\\/\\\/schema.org\",\"@graph\":[{\"@type\":\"Article\",\"@id\":\"https:\\\/\\\/www.info-algerie.com\\\/actualites\\\/addis-abeba-deux-algeriens-elus-au-sein-des-instances-de-lua\\\/#article\",\"isPartOf\":{\"@id\":\"https:\\\/\\\/www.info-algerie.com\\\/actualites\\\/addis-abeba-deux-algeriens-elus-au-sein-des-instances-de-lua\\\/\"},\"author\":{\"name\":\"La r\u00e9daction\",\"@id\":\"https:\\\/\\\/www.info-algerie.com\\\/actualites\\\/#\\\/schema\\\/person\\\/847aaec44920825b843a08f30ec6aa1e\"},\"headline\":\"Addis-Abeba: deux Alg\u00e9riens \u00e9lus au sein des instances de l\u2019UA\",\"datePublished\":\"2017-06-30T17:20:31+00:00\",\"mainEntityOfPage\":{\"@id\":\"https:\\\/\\\/www.info-algerie.com\\\/actualites\\\/addis-abeba-deux-algeriens-elus-au-sein-des-instances-de-lua\\\/\"},\"wordCount\":181,\"commentCount\":0,\"publisher\":{\"@id\":\"https:\\\/\\\/www.info-algerie.com\\\/actualites\\\/#organization\"},\"image\":{\"@id\":\"https:\\\/\\\/www.info-algerie.com\\\/actualites\\\/addis-abeba-deux-algeriens-elus-au-sein-des-instances-de-lua\\\/#primaryimage\"},\"thumbnailUrl\":\"https:\\\/\\\/www.info-algerie.com\\\/actualites\\\/wp-content\\\/uploads\\\/2017\\\/06\\\/c99c09365bf4511839ce46d6844f33b4_S-1.jpg\",\"keywords\":[\"ONU\"],\"articleSection\":[\"infos\"],\"inLanguage\":\"fr-FR\",\"potentialAction\":[{\"@type\":\"CommentAction\",\"name\":\"Comment\",\"target\":[\"https:\\\/\\\/www.info-algerie.com\\\/actualites\\\/addis-abeba-deux-algeriens-elus-au-sein-des-instances-de-lua\\\/#respond\"]}]},{\"@type\":\"WebPage\",\"@id\":\"https:\\\/\\\/www.info-algerie.com\\\/actualites\\\/addis-abeba-deux-algeriens-elus-au-sein-des-instances-de-lua\\\/\",\"url\":\"https:\\\/\\\/www.info-algerie.com\\\/actualites\\\/addis-abeba-deux-algeriens-elus-au-sein-des-instances-de-lua\\\/\",\"name\":\"Addis-Abeba: deux Alg\u00e9riens \u00e9lus au sein des instances de l\u2019UA - info algerie\",\"isPartOf\":{\"@id\":\"https:\\\/\\\/www.info-algerie.com\\\/actualites\\\/#website\"},\"primaryImageOfPage\":{\"@id\":\"https:\\\/\\\/www.info-algerie.com\\\/actualites\\\/addis-abeba-deux-algeriens-elus-au-sein-des-instances-de-lua\\\/#primaryimage\"},\"image\":{\"@id\":\"https:\\\/\\\/www.info-algerie.com\\\/actualites\\\/addis-abeba-deux-algeriens-elus-au-sein-des-instances-de-lua\\\/#primaryimage\"},\"thumbnailUrl\":\"https:\\\/\\\/www.info-algerie.com\\\/actualites\\\/wp-content\\\/uploads\\\/2017\\\/06\\\/c99c09365bf4511839ce46d6844f33b4_S-1.jpg\",\"datePublished\":\"2017-06-30T17:20:31+00:00\",\"breadcrumb\":{\"@id\":\"https:\\\/\\\/www.info-algerie.com\\\/actualites\\\/addis-abeba-deux-algeriens-elus-au-sein-des-instances-de-lua\\\/#breadcrumb\"},\"inLanguage\":\"fr-FR\",\"potentialAction\":[{\"@type\":\"ReadAction\",\"target\":[\"https:\\\/\\\/www.info-algerie.com\\\/actualites\\\/addis-abeba-deux-algeriens-elus-au-sein-des-instances-de-lua\\\/\"]}]},{\"@type\":\"ImageObject\",\"inLanguage\":\"fr-FR\",\"@id\":\"https:\\\/\\\/www.info-algerie.com\\\/actualites\\\/addis-abeba-deux-algeriens-elus-au-sein-des-instances-de-lua\\\/#primaryimage\",\"url\":\"https:\\\/\\\/www.info-algerie.com\\\/actualites\\\/wp-content\\\/uploads\\\/2017\\\/06\\\/c99c09365bf4511839ce46d6844f33b4_S-1.jpg\",\"contentUrl\":\"https:\\\/\\\/www.info-algerie.com\\\/actualites\\\/wp-content\\\/uploads\\\/2017\\\/06\\\/c99c09365bf4511839ce46d6844f33b4_S-1.jpg\",\"width\":280,\"height\":186},{\"@type\":\"BreadcrumbList\",\"@id\":\"https:\\\/\\\/www.info-algerie.com\\\/actualites\\\/addis-abeba-deux-algeriens-elus-au-sein-des-instances-de-lua\\\/#breadcrumb\",\"itemListElement\":[{\"@type\":\"ListItem\",\"position\":1,\"name\":\"Accueil\",\"item\":\"https:\\\/\\\/www.info-algerie.com\\\/actualites\\\/\"},{\"@type\":\"ListItem\",\"position\":2,\"name\":\"Addis-Abeba: deux Alg\u00e9riens \u00e9lus au sein des instances de l\u2019UA\"}]},{\"@type\":\"WebSite\",\"@id\":\"https:\\\/\\\/www.info-algerie.com\\\/actualites\\\/#website\",\"url\":\"https:\\\/\\\/www.info-algerie.com\\\/actualites\\\/\",\"name\":\"info algerie\",\"description\":\"Toutes les actualit\u00e9s\",\"publisher\":{\"@id\":\"https:\\\/\\\/www.info-algerie.com\\\/actualites\\\/#organization\"},\"potentialAction\":[{\"@type\":\"SearchAction\",\"target\":{\"@type\":\"EntryPoint\",\"urlTemplate\":\"https:\\\/\\\/www.info-algerie.com\\\/actualites\\\/?s={search_term_string}\"},\"query-input\":{\"@type\":\"PropertyValueSpecification\",\"valueRequired\":true,\"valueName\":\"search_term_string\"}}],\"inLanguage\":\"fr-FR\"},{\"@type\":\"Organization\",\"@id\":\"https:\\\/\\\/www.info-algerie.com\\\/actualites\\\/#organization\",\"name\":\"info algerie\",\"url\":\"https:\\\/\\\/www.info-algerie.com\\\/actualites\\\/\",\"logo\":{\"@type\":\"ImageObject\",\"inLanguage\":\"fr-FR\",\"@id\":\"https:\\\/\\\/www.info-algerie.com\\\/actualites\\\/#\\\/schema\\\/logo\\\/image\\\/\",\"url\":\"https:\\\/\\\/www.info-algerie.com\\\/actualites\\\/wp-content\\\/uploads\\\/2022\\\/07\\\/logo-ia-120.png\",\"contentUrl\":\"https:\\\/\\\/www.info-algerie.com\\\/actualites\\\/wp-content\\\/uploads\\\/2022\\\/07\\\/logo-ia-120.png\",\"width\":120,\"height\":43,\"caption\":\"info algerie\"},\"image\":{\"@id\":\"https:\\\/\\\/www.info-algerie.com\\\/actualites\\\/#\\\/schema\\\/logo\\\/image\\\/\"},\"sameAs\":[\"https:\\\/\\\/www.facebook.com\\\/infoalgerieactu\",\"https:\\\/\\\/x.com\\\/infoalgerie1\"]},{\"@type\":\"Person\",\"@id\":\"https:\\\/\\\/www.info-algerie.com\\\/actualites\\\/#\\\/schema\\\/person\\\/847aaec44920825b843a08f30ec6aa1e\",\"name\":\"La r\u00e9daction\",\"image\":{\"@type\":\"ImageObject\",\"inLanguage\":\"fr-FR\",\"@id\":\"https:\\\/\\\/secure.gravatar.com\\\/avatar\\\/769db425c6f465158149f1ffd6cf61ce7a8a879d11dfbef8288af36dfddd418c?s=96&d=mm&r=g\",\"url\":\"https:\\\/\\\/secure.gravatar.com\\\/avatar\\\/769db425c6f465158149f1ffd6cf61ce7a8a879d11dfbef8288af36dfddd418c?s=96&d=mm&r=g\",\"contentUrl\":\"https:\\\/\\\/secure.gravatar.com\\\/avatar\\\/769db425c6f465158149f1ffd6cf61ce7a8a879d11dfbef8288af36dfddd418c?s=96&d=mm&r=g\",\"caption\":\"La r\u00e9daction\"},\"sameAs\":[\"http:\\\/\\\/www.lkeria.com\\\/\"],\"url\":\"https:\\\/\\\/www.info-algerie.com\\\/actualites\\\/author\\\/chakib32\\\/\"}]}<\/script>\n<!-- \/ Yoast SEO plugin. -->","yoast_head_json":{"title":"Addis-Abeba: deux Alg\u00e9riens \u00e9lus au sein des instances de l\u2019UA - info algerie","robots":{"index":"index","follow":"follow","max-snippet":"max-snippet:-1","max-image-preview":"max-image-preview:large","max-video-preview":"max-video-preview:-1"},"canonical":"https:\/\/www.info-algerie.com\/actualites\/addis-abeba-deux-algeriens-elus-au-sein-des-instances-de-lua\/","og_locale":"fr_FR","og_type":"article","og_title":"Addis-Abeba: deux Alg\u00e9riens \u00e9lus au sein des instances de l\u2019UA - info algerie","og_description":"ADDIS-ABEBA- Deux Alg\u00e9riens ont \u00e9t\u00e9 \u00e9lus vendredi \u00e0\u00a0 Addis-Abeba (Ethiopie) par le Conseil ex\u00e9cutif de l\u2019Union africaine (UA) par une \u00e9crasante majorit\u00e9 des voix exprim\u00e9s au sein des instances de\u00a0 l\u2019Organisation continentale. &#013; &#013; Il s\u2019agit de Mme Maya Sahli Fadel, r\u00e9\u00e9lue au poste de la Commission africaine des droits de l\u2019homme et des peuples","og_url":"https:\/\/www.info-algerie.com\/actualites\/addis-abeba-deux-algeriens-elus-au-sein-des-instances-de-lua\/","og_site_name":"info algerie","article_publisher":"https:\/\/www.facebook.com\/infoalgerieactu","article_published_time":"2017-06-30T17:20:31+00:00","og_image":[{"width":280,"height":186,"url":"https:\/\/www.info-algerie.com\/actualites\/wp-content\/uploads\/2017\/06\/c99c09365bf4511839ce46d6844f33b4_S-1.jpg","type":"image\/jpeg"}],"author":"La r\u00e9daction","twitter_misc":{"\u00c9crit par":"La r\u00e9daction","Dur\u00e9e de lecture estim\u00e9e":"1 minute"},"schema":{"@context":"https:\/\/schema.org","@graph":[{"@type":"Article","@id":"https:\/\/www.info-algerie.com\/actualites\/addis-abeba-deux-algeriens-elus-au-sein-des-instances-de-lua\/#article","isPartOf":{"@id":"https:\/\/www.info-algerie.com\/actualites\/addis-abeba-deux-algeriens-elus-au-sein-des-instances-de-lua\/"},"author":{"name":"La r\u00e9daction","@id":"https:\/\/www.info-algerie.com\/actualites\/#\/schema\/person\/847aaec44920825b843a08f30ec6aa1e"},"headline":"Addis-Abeba: deux Alg\u00e9riens \u00e9lus au sein des instances de l\u2019UA","datePublished":"2017-06-30T17:20:31+00:00","mainEntityOfPage":{"@id":"https:\/\/www.info-algerie.com\/actualites\/addis-abeba-deux-algeriens-elus-au-sein-des-instances-de-lua\/"},"wordCount":181,"commentCount":0,"publisher":{"@id":"https:\/\/www.info-algerie.com\/actualites\/#organization"},"image":{"@id":"https:\/\/www.info-algerie.com\/actualites\/addis-abeba-deux-algeriens-elus-au-sein-des-instances-de-lua\/#primaryimage"},"thumbnailUrl":"https:\/\/www.info-algerie.com\/actualites\/wp-content\/uploads\/2017\/06\/c99c09365bf4511839ce46d6844f33b4_S-1.jpg","keywords":["ONU"],"articleSection":["infos"],"inLanguage":"fr-FR","potentialAction":[{"@type":"CommentAction","name":"Comment","target":["https:\/\/www.info-algerie.com\/actualites\/addis-abeba-deux-algeriens-elus-au-sein-des-instances-de-lua\/#respond"]}]},{"@type":"WebPage","@id":"https:\/\/www.info-algerie.com\/actualites\/addis-abeba-deux-algeriens-elus-au-sein-des-instances-de-lua\/","url":"https:\/\/www.info-algerie.com\/actualites\/addis-abeba-deux-algeriens-elus-au-sein-des-instances-de-lua\/","name":"Addis-Abeba: deux Alg\u00e9riens \u00e9lus au sein des instances de l\u2019UA - info algerie","isPartOf":{"@id":"https:\/\/www.info-algerie.com\/actualites\/#website"},"primaryImageOfPage":{"@id":"https:\/\/www.info-algerie.com\/actualites\/addis-abeba-deux-algeriens-elus-au-sein-des-instances-de-lua\/#primaryimage"},"image":{"@id":"https:\/\/www.info-algerie.com\/actualites\/addis-abeba-deux-algeriens-elus-au-sein-des-instances-de-lua\/#primaryimage"},"thumbnailUrl":"https:\/\/www.info-algerie.com\/actualites\/wp-content\/uploads\/2017\/06\/c99c09365bf4511839ce46d6844f33b4_S-1.jpg","datePublished":"2017-06-30T17:20:31+00:00","breadcrumb":{"@id":"https:\/\/www.info-algerie.com\/actualites\/addis-abeba-deux-algeriens-elus-au-sein-des-instances-de-lua\/#breadcrumb"},"inLanguage":"fr-FR","potentialAction":[{"@type":"ReadAction","target":["https:\/\/www.info-algerie.com\/actualites\/addis-abeba-deux-algeriens-elus-au-sein-des-instances-de-lua\/"]}]},{"@type":"ImageObject","inLanguage":"fr-FR","@id":"https:\/\/www.info-algerie.com\/actualites\/addis-abeba-deux-algeriens-elus-au-sein-des-instances-de-lua\/#primaryimage","url":"https:\/\/www.info-algerie.com\/actualites\/wp-content\/uploads\/2017\/06\/c99c09365bf4511839ce46d6844f33b4_S-1.jpg","contentUrl":"https:\/\/www.info-algerie.com\/actualites\/wp-content\/uploads\/2017\/06\/c99c09365bf4511839ce46d6844f33b4_S-1.jpg","width":280,"height":186},{"@type":"BreadcrumbList","@id":"https:\/\/www.info-algerie.com\/actualites\/addis-abeba-deux-algeriens-elus-au-sein-des-instances-de-lua\/#breadcrumb","itemListElement":[{"@type":"ListItem","position":1,"name":"Accueil","item":"https:\/\/www.info-algerie.com\/actualites\/"},{"@type":"ListItem","position":2,"name":"Addis-Abeba: deux Alg\u00e9riens \u00e9lus au sein des instances de l\u2019UA"}]},{"@type":"WebSite","@id":"https:\/\/www.info-algerie.com\/actualites\/#website","url":"https:\/\/www.info-algerie.com\/actualites\/","name":"info algerie","description":"Toutes les actualit\u00e9s","publisher":{"@id":"https:\/\/www.info-algerie.com\/actualites\/#organization"},"potentialAction":[{"@type":"SearchAction","target":{"@type":"EntryPoint","urlTemplate":"https:\/\/www.info-algerie.com\/actualites\/?s={search_term_string}"},"query-input":{"@type":"PropertyValueSpecification","valueRequired":true,"valueName":"search_term_string"}}],"inLanguage":"fr-FR"},{"@type":"Organization","@id":"https:\/\/www.info-algerie.com\/actualites\/#organization","name":"info algerie","url":"https:\/\/www.info-algerie.com\/actualites\/","logo":{"@type":"ImageObject","inLanguage":"fr-FR","@id":"https:\/\/www.info-algerie.com\/actualites\/#\/schema\/logo\/image\/","url":"https:\/\/www.info-algerie.com\/actualites\/wp-content\/uploads\/2022\/07\/logo-ia-120.png","contentUrl":"https:\/\/www.info-algerie.com\/actualites\/wp-content\/uploads\/2022\/07\/logo-ia-120.png","width":120,"height":43,"caption":"info algerie"},"image":{"@id":"https:\/\/www.info-algerie.com\/actualites\/#\/schema\/logo\/image\/"},"sameAs":["https:\/\/www.facebook.com\/infoalgerieactu","https:\/\/x.com\/infoalgerie1"]},{"@type":"Person","@id":"https:\/\/www.info-algerie.com\/actualites\/#\/schema\/person\/847aaec44920825b843a08f30ec6aa1e","name":"La r\u00e9daction","image":{"@type":"ImageObject","inLanguage":"fr-FR","@id":"https:\/\/secure.gravatar.com\/avatar\/769db425c6f465158149f1ffd6cf61ce7a8a879d11dfbef8288af36dfddd418c?s=96&d=mm&r=g","url":"https:\/\/secure.gravatar.com\/avatar\/769db425c6f465158149f1ffd6cf61ce7a8a879d11dfbef8288af36dfddd418c?s=96&d=mm&r=g","contentUrl":"https:\/\/secure.gravatar.com\/avatar\/769db425c6f465158149f1ffd6cf61ce7a8a879d11dfbef8288af36dfddd418c?s=96&d=mm&r=g","caption":"La r\u00e9daction"},"sameAs":["http:\/\/www.lkeria.com\/"],"url":"https:\/\/www.info-algerie.com\/actualites\/author\/chakib32\/"}]}},"_links":{"self":[{"href":"https:\/\/www.info-algerie.com\/actualites\/wp-json\/wp\/v2\/posts\/13674","targetHints":{"allow":["GET"]}}],"collection":[{"href":"https:\/\/www.info-algerie.com\/actualites\/wp-json\/wp\/v2\/posts"}],"about":[{"href":"https:\/\/www.info-algerie.com\/actualites\/wp-json\/wp\/v2\/types\/post"}],"author":[{"embeddable":true,"href":"https:\/\/www.info-algerie.com\/actualites\/wp-json\/wp\/v2\/users\/6"}],"replies":[{"embeddable":true,"href":"https:\/\/www.info-algerie.com\/actualites\/wp-json\/wp\/v2\/comments?post=13674"}],"version-history":[{"count":0,"href":"https:\/\/www.info-algerie.com\/actualites\/wp-json\/wp\/v2\/posts\/13674\/revisions"}],"wp:featuredmedia":[{"embeddable":true,"href":"https:\/\/www.info-algerie.com\/actualites\/wp-json\/wp\/v2\/media\/13675"}],"wp:attachment":[{"href":"https:\/\/www.info-algerie.com\/actualites\/wp-json\/wp\/v2\/media?parent=13674"}],"wp:term":[{"taxonomy":"category","embeddable":true,"href":"https:\/\/www.info-algerie.com\/actualites\/wp-json\/wp\/v2\/categories?post=13674"},{"taxonomy":"post_tag","embeddable":true,"href":"https:\/\/www.info-algerie.com\/actualites\/wp-json\/wp\/v2\/tags?post=13674"}],"curies":[{"name":"wp","href":"https:\/\/api.w.org\/{rel}","templated":true}]}}