{"id":13678,"date":"2017-06-30T18:30:59","date_gmt":"2017-06-30T17:30:59","guid":{"rendered":"http:\/\/www.info-algerie.com\/actualites\/deces-de-simone-veil-le-president-bouteflika-souligne-lengagement-de-la-defunte-pour-le-droit-la-paix-et-la-justice\/"},"modified":"2017-06-30T18:30:59","modified_gmt":"2017-06-30T17:30:59","slug":"deces-de-simone-veil-le-president-bouteflika-souligne-lengagement-de-la-defunte-pour-le-droit-la-paix-et-la-justice","status":"publish","type":"post","link":"https:\/\/www.info-algerie.com\/actualites\/deces-de-simone-veil-le-president-bouteflika-souligne-lengagement-de-la-defunte-pour-le-droit-la-paix-et-la-justice\/","title":{"rendered":"D\u00e9c\u00e8s de Simone Veil: Le Pr\u00e9sident Bouteflika souligne l&#039;engagement de la d\u00e9funte pour le droit, la paix et la justice\u00a0\u00a0\u00a0\u00a0\u00a0\u00a0  \u00a0"},"content":{"rendered":"<div class=\"K2FeedImage\"><img decoding=\"async\" src=\"https:\/\/www.info-algerie.com\/actualites\/wp-content\/uploads\/2017\/06\/ea94beed5ed16fd09f460101c84e2f28_S.jpg\" alt=\"D&#xE9;c&#xE8;s de Simone Veil: Le Pr&#xE9;sident Bouteflika souligne l'engagement de la d&#xE9;funte pour le droit, la paix et la justice&#xA0;&#xA0;&#xA0;&#xA0;&#xA0;&#xA0;  &#xA0;\" \/><\/div>\n<div class=\"K2FeedIntroText\">\n<p class=\"MsoNoSpacing\">ALGER- Le pr\u00e9sident de la R\u00e9publique, Abdelaziz Bouteflika, a adress\u00e9 un message de condol\u00e9ances \u00e0 la famille de Simone Veil, ex-ministre fran\u00e7aise et pr\u00e9sidente du premier Parlement europ\u00e9en, d\u00e9c\u00e9d\u00e9e vendredi matin \u00e0 l&rsquo;\u00e2ge de 90 ans, dans lequel il a soulign\u00e9\u00a0 l&rsquo;engagement personnel de la d\u00e9funte pour le droit, la paix et la justice.<\/p>\n<p>&#013;\n<\/p><\/div>\n<div class=\"K2FeedFullText\">&#013;<\/p>\n<p class=\"MsoNoSpacing\">\u00ab\u00a0C&rsquo;est avec une immense tristesse que j&rsquo;ai appris la nouvelle du d\u00e9c\u00e8s de Simone Veil dont la vie passionnante aura \u00e9t\u00e9 marqu\u00e9e autant par ses propres souffrances de la barbarie nazie, que par son engagement personnel admirable et inlassable contre toutes formes de d\u00e9ni de justice\u00a0\u00bb, a \u00e9crit le Chef de l&rsquo;Etat dans son message.<\/p>\n<p>&#013;<\/p>\n<p class=\"MsoNoSpacing\">\u00ab\u00a0En effet, Simone Veil a remarquablement servi le droit, la justice, la paix et le progr\u00e8s dans les hautes fonctions gouvernementales qu&rsquo;elle a assum\u00e9es au service de la France, tout comme au service de l&rsquo;Europe au sein de son parlement\u00a0\u00bb, a soulign\u00e9 le pr\u00e9sident Bouteflika.<\/p>\n<p>&#013;<\/p>\n<p class=\"MsoNoSpacing\">\u00ab\u00a0Le peuple alg\u00e9rien a compt\u00e9 Simone Veil parmi les amis de ses justes causes. Il n&rsquo;oublie pas aussi la proximit\u00e9 et la solidarit\u00e9 que cette grande dame lui a t\u00e9moign\u00e9es durant la terrible trag\u00e9die nationale qu&rsquo;il a v\u00e9cue\u00a0\u00bb, a-t-il ajout\u00e9.<\/p>\n<p>&#013;<\/p>\n<p>\u00ab\u00a0En cette triste circonstance, je vous pr\u00e9sente au nom du peuple et du gouvernement alg\u00e9riens ainsi qu&rsquo;en mon nom personnel, nos plus sinc\u00e8res condol\u00e9ances ainsi qu&rsquo;au peuple fran\u00e7ais et ses autorit\u00e9s nationales\u00a0\u00bb, a conclu le Chef de l&rsquo;Etat dans son message.<\/p>\n<\/div>\n<p>&#013;<br \/>\nSource: <a href=\"http:\/\/www.aps.dz\/algerie\/59585-deces-de-simone-veil-le-president-bouteflika-souligne-l-engagement-de-la-defunte-pour-le-droit-la-paix-et-la-justice\" target=\"_blank\">D\u00e9c\u00e8s de Simone Veil: Le Pr\u00e9sident Bouteflika souligne l&rsquo;engagement de la d\u00e9funte pour le droit, la paix et la justice\u00a0\u00a0\u00a0\u00a0\u00a0\u00a0  \u00a0<\/a><\/p>\n<!--CusAds0-->\n<div style=\"font-size: 0px; height: 0px; line-height: 0px; margin: 0; padding: 0; clear: both;\"><\/div>","protected":false},"excerpt":{"rendered":"<p>ALGER- Le pr\u00e9sident de la R\u00e9publique, Abdelaziz Bouteflika, a adress\u00e9 un message de condol\u00e9ances \u00e0 la famille de Simone Veil, ex-ministre fran\u00e7aise et pr\u00e9sidente du premier Parlement europ\u00e9en, d\u00e9c\u00e9d\u00e9e vendredi matin \u00e0 l&rsquo;\u00e2ge de 90 ans, dans lequel il a soulign\u00e9\u00a0 l&rsquo;engagement personnel de la d\u00e9funte pour le droit, la paix et la justice. &#013;<\/p>\n","protected":false},"author":6,"featured_media":13679,"comment_status":"open","ping_status":"open","sticky":false,"template":"","format":"standard","meta":{"footnotes":""},"categories":[22],"tags":[93],"class_list":["post-13678","post","type-post","status-publish","format-standard","has-post-thumbnail","hentry","category-infos","tag-onu"],"yoast_head":"<!-- This site is optimized with the Yoast SEO plugin v27.5 - https:\/\/yoast.com\/product\/yoast-seo-wordpress\/ -->\n<title>D\u00e9c\u00e8s de Simone Veil: Le Pr\u00e9sident Bouteflika souligne l&#039;engagement de la d\u00e9funte pour le droit, la paix et la justice\u00a0\u00a0\u00a0\u00a0\u00a0\u00a0 \u00a0 - info algerie<\/title>\n<meta name=\"robots\" content=\"index, follow, max-snippet:-1, max-image-preview:large, max-video-preview:-1\" \/>\n<link rel=\"canonical\" href=\"https:\/\/www.info-algerie.com\/actualites\/deces-de-simone-veil-le-president-bouteflika-souligne-lengagement-de-la-defunte-pour-le-droit-la-paix-et-la-justice\/\" \/>\n<meta property=\"og:locale\" content=\"fr_FR\" \/>\n<meta property=\"og:type\" content=\"article\" \/>\n<meta property=\"og:title\" content=\"D\u00e9c\u00e8s de Simone Veil: Le Pr\u00e9sident Bouteflika souligne l&#039;engagement de la d\u00e9funte pour le droit, la paix et la justice\u00a0\u00a0\u00a0\u00a0\u00a0\u00a0 \u00a0 - info algerie\" \/>\n<meta property=\"og:description\" content=\"ALGER- Le pr\u00e9sident de la R\u00e9publique, Abdelaziz Bouteflika, a adress\u00e9 un message de condol\u00e9ances \u00e0 la famille de Simone Veil, ex-ministre fran\u00e7aise et pr\u00e9sidente du premier Parlement europ\u00e9en, d\u00e9c\u00e9d\u00e9e vendredi matin \u00e0 l&rsquo;\u00e2ge de 90 ans, dans lequel il a soulign\u00e9\u00a0 l&rsquo;engagement personnel de la d\u00e9funte pour le droit, la paix et la justice. &#013;\" \/>\n<meta property=\"og:url\" content=\"https:\/\/www.info-algerie.com\/actualites\/deces-de-simone-veil-le-president-bouteflika-souligne-lengagement-de-la-defunte-pour-le-droit-la-paix-et-la-justice\/\" \/>\n<meta property=\"og:site_name\" content=\"info algerie\" \/>\n<meta property=\"article:publisher\" content=\"https:\/\/www.facebook.com\/infoalgerieactu\" \/>\n<meta property=\"article:published_time\" content=\"2017-06-30T17:30:59+00:00\" \/>\n<meta property=\"og:image\" content=\"https:\/\/www.info-algerie.com\/actualites\/wp-content\/uploads\/2017\/06\/ea94beed5ed16fd09f460101c84e2f28_S-1.jpg\" \/>\n\t<meta property=\"og:image:width\" content=\"280\" \/>\n\t<meta property=\"og:image:height\" content=\"157\" \/>\n\t<meta property=\"og:image:type\" content=\"image\/jpeg\" \/>\n<meta name=\"author\" content=\"La r\u00e9daction\" \/>\n<meta name=\"twitter:label1\" content=\"\u00c9crit par\" \/>\n\t<meta name=\"twitter:data1\" content=\"La r\u00e9daction\" \/>\n\t<meta name=\"twitter:label2\" content=\"Dur\u00e9e de lecture estim\u00e9e\" \/>\n\t<meta name=\"twitter:data2\" content=\"1 minute\" \/>\n<script type=\"application\/ld+json\" class=\"yoast-schema-graph\">{\"@context\":\"https:\\\/\\\/schema.org\",\"@graph\":[{\"@type\":\"Article\",\"@id\":\"https:\\\/\\\/www.info-algerie.com\\\/actualites\\\/deces-de-simone-veil-le-president-bouteflika-souligne-lengagement-de-la-defunte-pour-le-droit-la-paix-et-la-justice\\\/#article\",\"isPartOf\":{\"@id\":\"https:\\\/\\\/www.info-algerie.com\\\/actualites\\\/deces-de-simone-veil-le-president-bouteflika-souligne-lengagement-de-la-defunte-pour-le-droit-la-paix-et-la-justice\\\/\"},\"author\":{\"name\":\"La r\u00e9daction\",\"@id\":\"https:\\\/\\\/www.info-algerie.com\\\/actualites\\\/#\\\/schema\\\/person\\\/847aaec44920825b843a08f30ec6aa1e\"},\"headline\":\"D\u00e9c\u00e8s de Simone Veil: Le Pr\u00e9sident Bouteflika souligne l&#039;engagement de la d\u00e9funte pour le droit, la paix et la justice\u00a0\u00a0\u00a0\u00a0\u00a0\u00a0 \u00a0\",\"datePublished\":\"2017-06-30T17:30:59+00:00\",\"mainEntityOfPage\":{\"@id\":\"https:\\\/\\\/www.info-algerie.com\\\/actualites\\\/deces-de-simone-veil-le-president-bouteflika-souligne-lengagement-de-la-defunte-pour-le-droit-la-paix-et-la-justice\\\/\"},\"wordCount\":323,\"commentCount\":0,\"publisher\":{\"@id\":\"https:\\\/\\\/www.info-algerie.com\\\/actualites\\\/#organization\"},\"image\":{\"@id\":\"https:\\\/\\\/www.info-algerie.com\\\/actualites\\\/deces-de-simone-veil-le-president-bouteflika-souligne-lengagement-de-la-defunte-pour-le-droit-la-paix-et-la-justice\\\/#primaryimage\"},\"thumbnailUrl\":\"https:\\\/\\\/www.info-algerie.com\\\/actualites\\\/wp-content\\\/uploads\\\/2017\\\/06\\\/ea94beed5ed16fd09f460101c84e2f28_S-1.jpg\",\"keywords\":[\"ONU\"],\"articleSection\":[\"infos\"],\"inLanguage\":\"fr-FR\",\"potentialAction\":[{\"@type\":\"CommentAction\",\"name\":\"Comment\",\"target\":[\"https:\\\/\\\/www.info-algerie.com\\\/actualites\\\/deces-de-simone-veil-le-president-bouteflika-souligne-lengagement-de-la-defunte-pour-le-droit-la-paix-et-la-justice\\\/#respond\"]}]},{\"@type\":\"WebPage\",\"@id\":\"https:\\\/\\\/www.info-algerie.com\\\/actualites\\\/deces-de-simone-veil-le-president-bouteflika-souligne-lengagement-de-la-defunte-pour-le-droit-la-paix-et-la-justice\\\/\",\"url\":\"https:\\\/\\\/www.info-algerie.com\\\/actualites\\\/deces-de-simone-veil-le-president-bouteflika-souligne-lengagement-de-la-defunte-pour-le-droit-la-paix-et-la-justice\\\/\",\"name\":\"D\u00e9c\u00e8s de Simone Veil: Le Pr\u00e9sident Bouteflika souligne l&#039;engagement de la d\u00e9funte pour le droit, la paix et la justice\u00a0\u00a0\u00a0\u00a0\u00a0\u00a0 \u00a0 - info algerie\",\"isPartOf\":{\"@id\":\"https:\\\/\\\/www.info-algerie.com\\\/actualites\\\/#website\"},\"primaryImageOfPage\":{\"@id\":\"https:\\\/\\\/www.info-algerie.com\\\/actualites\\\/deces-de-simone-veil-le-president-bouteflika-souligne-lengagement-de-la-defunte-pour-le-droit-la-paix-et-la-justice\\\/#primaryimage\"},\"image\":{\"@id\":\"https:\\\/\\\/www.info-algerie.com\\\/actualites\\\/deces-de-simone-veil-le-president-bouteflika-souligne-lengagement-de-la-defunte-pour-le-droit-la-paix-et-la-justice\\\/#primaryimage\"},\"thumbnailUrl\":\"https:\\\/\\\/www.info-algerie.com\\\/actualites\\\/wp-content\\\/uploads\\\/2017\\\/06\\\/ea94beed5ed16fd09f460101c84e2f28_S-1.jpg\",\"datePublished\":\"2017-06-30T17:30:59+00:00\",\"breadcrumb\":{\"@id\":\"https:\\\/\\\/www.info-algerie.com\\\/actualites\\\/deces-de-simone-veil-le-president-bouteflika-souligne-lengagement-de-la-defunte-pour-le-droit-la-paix-et-la-justice\\\/#breadcrumb\"},\"inLanguage\":\"fr-FR\",\"potentialAction\":[{\"@type\":\"ReadAction\",\"target\":[\"https:\\\/\\\/www.info-algerie.com\\\/actualites\\\/deces-de-simone-veil-le-president-bouteflika-souligne-lengagement-de-la-defunte-pour-le-droit-la-paix-et-la-justice\\\/\"]}]},{\"@type\":\"ImageObject\",\"inLanguage\":\"fr-FR\",\"@id\":\"https:\\\/\\\/www.info-algerie.com\\\/actualites\\\/deces-de-simone-veil-le-president-bouteflika-souligne-lengagement-de-la-defunte-pour-le-droit-la-paix-et-la-justice\\\/#primaryimage\",\"url\":\"https:\\\/\\\/www.info-algerie.com\\\/actualites\\\/wp-content\\\/uploads\\\/2017\\\/06\\\/ea94beed5ed16fd09f460101c84e2f28_S-1.jpg\",\"contentUrl\":\"https:\\\/\\\/www.info-algerie.com\\\/actualites\\\/wp-content\\\/uploads\\\/2017\\\/06\\\/ea94beed5ed16fd09f460101c84e2f28_S-1.jpg\",\"width\":280,\"height\":157},{\"@type\":\"BreadcrumbList\",\"@id\":\"https:\\\/\\\/www.info-algerie.com\\\/actualites\\\/deces-de-simone-veil-le-president-bouteflika-souligne-lengagement-de-la-defunte-pour-le-droit-la-paix-et-la-justice\\\/#breadcrumb\",\"itemListElement\":[{\"@type\":\"ListItem\",\"position\":1,\"name\":\"Accueil\",\"item\":\"https:\\\/\\\/www.info-algerie.com\\\/actualites\\\/\"},{\"@type\":\"ListItem\",\"position\":2,\"name\":\"D\u00e9c\u00e8s de Simone Veil: Le Pr\u00e9sident Bouteflika souligne l&#039;engagement de la d\u00e9funte pour le droit, la paix et la justice\u00a0\u00a0\u00a0\u00a0\u00a0\u00a0 \u00a0\"}]},{\"@type\":\"WebSite\",\"@id\":\"https:\\\/\\\/www.info-algerie.com\\\/actualites\\\/#website\",\"url\":\"https:\\\/\\\/www.info-algerie.com\\\/actualites\\\/\",\"name\":\"info algerie\",\"description\":\"Toutes les actualit\u00e9s\",\"publisher\":{\"@id\":\"https:\\\/\\\/www.info-algerie.com\\\/actualites\\\/#organization\"},\"potentialAction\":[{\"@type\":\"SearchAction\",\"target\":{\"@type\":\"EntryPoint\",\"urlTemplate\":\"https:\\\/\\\/www.info-algerie.com\\\/actualites\\\/?s={search_term_string}\"},\"query-input\":{\"@type\":\"PropertyValueSpecification\",\"valueRequired\":true,\"valueName\":\"search_term_string\"}}],\"inLanguage\":\"fr-FR\"},{\"@type\":\"Organization\",\"@id\":\"https:\\\/\\\/www.info-algerie.com\\\/actualites\\\/#organization\",\"name\":\"info algerie\",\"url\":\"https:\\\/\\\/www.info-algerie.com\\\/actualites\\\/\",\"logo\":{\"@type\":\"ImageObject\",\"inLanguage\":\"fr-FR\",\"@id\":\"https:\\\/\\\/www.info-algerie.com\\\/actualites\\\/#\\\/schema\\\/logo\\\/image\\\/\",\"url\":\"https:\\\/\\\/www.info-algerie.com\\\/actualites\\\/wp-content\\\/uploads\\\/2022\\\/07\\\/logo-ia-120.png\",\"contentUrl\":\"https:\\\/\\\/www.info-algerie.com\\\/actualites\\\/wp-content\\\/uploads\\\/2022\\\/07\\\/logo-ia-120.png\",\"width\":120,\"height\":43,\"caption\":\"info algerie\"},\"image\":{\"@id\":\"https:\\\/\\\/www.info-algerie.com\\\/actualites\\\/#\\\/schema\\\/logo\\\/image\\\/\"},\"sameAs\":[\"https:\\\/\\\/www.facebook.com\\\/infoalgerieactu\",\"https:\\\/\\\/x.com\\\/infoalgerie1\"]},{\"@type\":\"Person\",\"@id\":\"https:\\\/\\\/www.info-algerie.com\\\/actualites\\\/#\\\/schema\\\/person\\\/847aaec44920825b843a08f30ec6aa1e\",\"name\":\"La r\u00e9daction\",\"image\":{\"@type\":\"ImageObject\",\"inLanguage\":\"fr-FR\",\"@id\":\"https:\\\/\\\/secure.gravatar.com\\\/avatar\\\/769db425c6f465158149f1ffd6cf61ce7a8a879d11dfbef8288af36dfddd418c?s=96&d=mm&r=g\",\"url\":\"https:\\\/\\\/secure.gravatar.com\\\/avatar\\\/769db425c6f465158149f1ffd6cf61ce7a8a879d11dfbef8288af36dfddd418c?s=96&d=mm&r=g\",\"contentUrl\":\"https:\\\/\\\/secure.gravatar.com\\\/avatar\\\/769db425c6f465158149f1ffd6cf61ce7a8a879d11dfbef8288af36dfddd418c?s=96&d=mm&r=g\",\"caption\":\"La r\u00e9daction\"},\"sameAs\":[\"http:\\\/\\\/www.lkeria.com\\\/\"],\"url\":\"https:\\\/\\\/www.info-algerie.com\\\/actualites\\\/author\\\/chakib32\\\/\"}]}<\/script>\n<!-- \/ Yoast SEO plugin. -->","yoast_head_json":{"title":"D\u00e9c\u00e8s de Simone Veil: Le Pr\u00e9sident Bouteflika souligne l&#039;engagement de la d\u00e9funte pour le droit, la paix et la justice\u00a0\u00a0\u00a0\u00a0\u00a0\u00a0 \u00a0 - info algerie","robots":{"index":"index","follow":"follow","max-snippet":"max-snippet:-1","max-image-preview":"max-image-preview:large","max-video-preview":"max-video-preview:-1"},"canonical":"https:\/\/www.info-algerie.com\/actualites\/deces-de-simone-veil-le-president-bouteflika-souligne-lengagement-de-la-defunte-pour-le-droit-la-paix-et-la-justice\/","og_locale":"fr_FR","og_type":"article","og_title":"D\u00e9c\u00e8s de Simone Veil: Le Pr\u00e9sident Bouteflika souligne l&#039;engagement de la d\u00e9funte pour le droit, la paix et la justice\u00a0\u00a0\u00a0\u00a0\u00a0\u00a0 \u00a0 - info algerie","og_description":"ALGER- Le pr\u00e9sident de la R\u00e9publique, Abdelaziz Bouteflika, a adress\u00e9 un message de condol\u00e9ances \u00e0 la famille de Simone Veil, ex-ministre fran\u00e7aise et pr\u00e9sidente du premier Parlement europ\u00e9en, d\u00e9c\u00e9d\u00e9e vendredi matin \u00e0 l&rsquo;\u00e2ge de 90 ans, dans lequel il a soulign\u00e9\u00a0 l&rsquo;engagement personnel de la d\u00e9funte pour le droit, la paix et la justice. &#013;","og_url":"https:\/\/www.info-algerie.com\/actualites\/deces-de-simone-veil-le-president-bouteflika-souligne-lengagement-de-la-defunte-pour-le-droit-la-paix-et-la-justice\/","og_site_name":"info algerie","article_publisher":"https:\/\/www.facebook.com\/infoalgerieactu","article_published_time":"2017-06-30T17:30:59+00:00","og_image":[{"width":280,"height":157,"url":"https:\/\/www.info-algerie.com\/actualites\/wp-content\/uploads\/2017\/06\/ea94beed5ed16fd09f460101c84e2f28_S-1.jpg","type":"image\/jpeg"}],"author":"La r\u00e9daction","twitter_misc":{"\u00c9crit par":"La r\u00e9daction","Dur\u00e9e de lecture estim\u00e9e":"1 minute"},"schema":{"@context":"https:\/\/schema.org","@graph":[{"@type":"Article","@id":"https:\/\/www.info-algerie.com\/actualites\/deces-de-simone-veil-le-president-bouteflika-souligne-lengagement-de-la-defunte-pour-le-droit-la-paix-et-la-justice\/#article","isPartOf":{"@id":"https:\/\/www.info-algerie.com\/actualites\/deces-de-simone-veil-le-president-bouteflika-souligne-lengagement-de-la-defunte-pour-le-droit-la-paix-et-la-justice\/"},"author":{"name":"La r\u00e9daction","@id":"https:\/\/www.info-algerie.com\/actualites\/#\/schema\/person\/847aaec44920825b843a08f30ec6aa1e"},"headline":"D\u00e9c\u00e8s de Simone Veil: Le Pr\u00e9sident Bouteflika souligne l&#039;engagement de la d\u00e9funte pour le droit, la paix et la justice\u00a0\u00a0\u00a0\u00a0\u00a0\u00a0 \u00a0","datePublished":"2017-06-30T17:30:59+00:00","mainEntityOfPage":{"@id":"https:\/\/www.info-algerie.com\/actualites\/deces-de-simone-veil-le-president-bouteflika-souligne-lengagement-de-la-defunte-pour-le-droit-la-paix-et-la-justice\/"},"wordCount":323,"commentCount":0,"publisher":{"@id":"https:\/\/www.info-algerie.com\/actualites\/#organization"},"image":{"@id":"https:\/\/www.info-algerie.com\/actualites\/deces-de-simone-veil-le-president-bouteflika-souligne-lengagement-de-la-defunte-pour-le-droit-la-paix-et-la-justice\/#primaryimage"},"thumbnailUrl":"https:\/\/www.info-algerie.com\/actualites\/wp-content\/uploads\/2017\/06\/ea94beed5ed16fd09f460101c84e2f28_S-1.jpg","keywords":["ONU"],"articleSection":["infos"],"inLanguage":"fr-FR","potentialAction":[{"@type":"CommentAction","name":"Comment","target":["https:\/\/www.info-algerie.com\/actualites\/deces-de-simone-veil-le-president-bouteflika-souligne-lengagement-de-la-defunte-pour-le-droit-la-paix-et-la-justice\/#respond"]}]},{"@type":"WebPage","@id":"https:\/\/www.info-algerie.com\/actualites\/deces-de-simone-veil-le-president-bouteflika-souligne-lengagement-de-la-defunte-pour-le-droit-la-paix-et-la-justice\/","url":"https:\/\/www.info-algerie.com\/actualites\/deces-de-simone-veil-le-president-bouteflika-souligne-lengagement-de-la-defunte-pour-le-droit-la-paix-et-la-justice\/","name":"D\u00e9c\u00e8s de Simone Veil: Le Pr\u00e9sident Bouteflika souligne l&#039;engagement de la d\u00e9funte pour le droit, la paix et la justice\u00a0\u00a0\u00a0\u00a0\u00a0\u00a0 \u00a0 - info algerie","isPartOf":{"@id":"https:\/\/www.info-algerie.com\/actualites\/#website"},"primaryImageOfPage":{"@id":"https:\/\/www.info-algerie.com\/actualites\/deces-de-simone-veil-le-president-bouteflika-souligne-lengagement-de-la-defunte-pour-le-droit-la-paix-et-la-justice\/#primaryimage"},"image":{"@id":"https:\/\/www.info-algerie.com\/actualites\/deces-de-simone-veil-le-president-bouteflika-souligne-lengagement-de-la-defunte-pour-le-droit-la-paix-et-la-justice\/#primaryimage"},"thumbnailUrl":"https:\/\/www.info-algerie.com\/actualites\/wp-content\/uploads\/2017\/06\/ea94beed5ed16fd09f460101c84e2f28_S-1.jpg","datePublished":"2017-06-30T17:30:59+00:00","breadcrumb":{"@id":"https:\/\/www.info-algerie.com\/actualites\/deces-de-simone-veil-le-president-bouteflika-souligne-lengagement-de-la-defunte-pour-le-droit-la-paix-et-la-justice\/#breadcrumb"},"inLanguage":"fr-FR","potentialAction":[{"@type":"ReadAction","target":["https:\/\/www.info-algerie.com\/actualites\/deces-de-simone-veil-le-president-bouteflika-souligne-lengagement-de-la-defunte-pour-le-droit-la-paix-et-la-justice\/"]}]},{"@type":"ImageObject","inLanguage":"fr-FR","@id":"https:\/\/www.info-algerie.com\/actualites\/deces-de-simone-veil-le-president-bouteflika-souligne-lengagement-de-la-defunte-pour-le-droit-la-paix-et-la-justice\/#primaryimage","url":"https:\/\/www.info-algerie.com\/actualites\/wp-content\/uploads\/2017\/06\/ea94beed5ed16fd09f460101c84e2f28_S-1.jpg","contentUrl":"https:\/\/www.info-algerie.com\/actualites\/wp-content\/uploads\/2017\/06\/ea94beed5ed16fd09f460101c84e2f28_S-1.jpg","width":280,"height":157},{"@type":"BreadcrumbList","@id":"https:\/\/www.info-algerie.com\/actualites\/deces-de-simone-veil-le-president-bouteflika-souligne-lengagement-de-la-defunte-pour-le-droit-la-paix-et-la-justice\/#breadcrumb","itemListElement":[{"@type":"ListItem","position":1,"name":"Accueil","item":"https:\/\/www.info-algerie.com\/actualites\/"},{"@type":"ListItem","position":2,"name":"D\u00e9c\u00e8s de Simone Veil: Le Pr\u00e9sident Bouteflika souligne l&#039;engagement de la d\u00e9funte pour le droit, la paix et la justice\u00a0\u00a0\u00a0\u00a0\u00a0\u00a0 \u00a0"}]},{"@type":"WebSite","@id":"https:\/\/www.info-algerie.com\/actualites\/#website","url":"https:\/\/www.info-algerie.com\/actualites\/","name":"info algerie","description":"Toutes les actualit\u00e9s","publisher":{"@id":"https:\/\/www.info-algerie.com\/actualites\/#organization"},"potentialAction":[{"@type":"SearchAction","target":{"@type":"EntryPoint","urlTemplate":"https:\/\/www.info-algerie.com\/actualites\/?s={search_term_string}"},"query-input":{"@type":"PropertyValueSpecification","valueRequired":true,"valueName":"search_term_string"}}],"inLanguage":"fr-FR"},{"@type":"Organization","@id":"https:\/\/www.info-algerie.com\/actualites\/#organization","name":"info algerie","url":"https:\/\/www.info-algerie.com\/actualites\/","logo":{"@type":"ImageObject","inLanguage":"fr-FR","@id":"https:\/\/www.info-algerie.com\/actualites\/#\/schema\/logo\/image\/","url":"https:\/\/www.info-algerie.com\/actualites\/wp-content\/uploads\/2022\/07\/logo-ia-120.png","contentUrl":"https:\/\/www.info-algerie.com\/actualites\/wp-content\/uploads\/2022\/07\/logo-ia-120.png","width":120,"height":43,"caption":"info algerie"},"image":{"@id":"https:\/\/www.info-algerie.com\/actualites\/#\/schema\/logo\/image\/"},"sameAs":["https:\/\/www.facebook.com\/infoalgerieactu","https:\/\/x.com\/infoalgerie1"]},{"@type":"Person","@id":"https:\/\/www.info-algerie.com\/actualites\/#\/schema\/person\/847aaec44920825b843a08f30ec6aa1e","name":"La r\u00e9daction","image":{"@type":"ImageObject","inLanguage":"fr-FR","@id":"https:\/\/secure.gravatar.com\/avatar\/769db425c6f465158149f1ffd6cf61ce7a8a879d11dfbef8288af36dfddd418c?s=96&d=mm&r=g","url":"https:\/\/secure.gravatar.com\/avatar\/769db425c6f465158149f1ffd6cf61ce7a8a879d11dfbef8288af36dfddd418c?s=96&d=mm&r=g","contentUrl":"https:\/\/secure.gravatar.com\/avatar\/769db425c6f465158149f1ffd6cf61ce7a8a879d11dfbef8288af36dfddd418c?s=96&d=mm&r=g","caption":"La r\u00e9daction"},"sameAs":["http:\/\/www.lkeria.com\/"],"url":"https:\/\/www.info-algerie.com\/actualites\/author\/chakib32\/"}]}},"_links":{"self":[{"href":"https:\/\/www.info-algerie.com\/actualites\/wp-json\/wp\/v2\/posts\/13678","targetHints":{"allow":["GET"]}}],"collection":[{"href":"https:\/\/www.info-algerie.com\/actualites\/wp-json\/wp\/v2\/posts"}],"about":[{"href":"https:\/\/www.info-algerie.com\/actualites\/wp-json\/wp\/v2\/types\/post"}],"author":[{"embeddable":true,"href":"https:\/\/www.info-algerie.com\/actualites\/wp-json\/wp\/v2\/users\/6"}],"replies":[{"embeddable":true,"href":"https:\/\/www.info-algerie.com\/actualites\/wp-json\/wp\/v2\/comments?post=13678"}],"version-history":[{"count":0,"href":"https:\/\/www.info-algerie.com\/actualites\/wp-json\/wp\/v2\/posts\/13678\/revisions"}],"wp:featuredmedia":[{"embeddable":true,"href":"https:\/\/www.info-algerie.com\/actualites\/wp-json\/wp\/v2\/media\/13679"}],"wp:attachment":[{"href":"https:\/\/www.info-algerie.com\/actualites\/wp-json\/wp\/v2\/media?parent=13678"}],"wp:term":[{"taxonomy":"category","embeddable":true,"href":"https:\/\/www.info-algerie.com\/actualites\/wp-json\/wp\/v2\/categories?post=13678"},{"taxonomy":"post_tag","embeddable":true,"href":"https:\/\/www.info-algerie.com\/actualites\/wp-json\/wp\/v2\/tags?post=13678"}],"curies":[{"name":"wp","href":"https:\/\/api.w.org\/{rel}","templated":true}]}}