{"id":13700,"date":"2017-07-02T11:55:10","date_gmt":"2017-07-02T10:55:10","guid":{"rendered":"http:\/\/www.info-algerie.com\/actualites\/messahel-recoit-a-addis-abeba-le-facilitateur-ue-acp\/"},"modified":"2017-07-02T11:55:10","modified_gmt":"2017-07-02T10:55:10","slug":"messahel-recoit-a-addis-abeba-le-facilitateur-ue-acp","status":"publish","type":"post","link":"https:\/\/www.info-algerie.com\/actualites\/messahel-recoit-a-addis-abeba-le-facilitateur-ue-acp\/","title":{"rendered":"Messahel re\u00e7oit \u00e0 Addis-Abeba le facilitateur UE-ACP"},"content":{"rendered":"<div class=\"K2FeedIntroText\">\n<p class=\"MsoNoSpacing\">ADDIS-ABEBA- Le ministre des Affaires \u00e9trang\u00e8res,\u00a0 Abdelkader Messahel, a re\u00e7u dimanche \u00e0 Addis-Abeba (Ethiopie) le facilitateur UE-ACP (Union europ\u00e9enne-Afrique, Cara\u00efbes et Pacifique).<\/p>\n<p>&#013;\n<\/p><\/div>\n<div class=\"K2FeedFullText\">&#013;<\/p>\n<p class=\"MsoNoSpacing\">L\u2019audience s\u2019est d\u00e9roul\u00e9e en marge des travaux de la 31e session du\u00a0 Conseil ex\u00e9cutif de l\u2019Union africaine (UA).<\/p>\n<p>&#013;<\/p>\n<p>\u00a0<\/p>\n<p>&#013;<\/p>\n<p class=\"MsoNoSpacing\">M. Messahel pr\u00e9side la d\u00e9l\u00e9gation alg\u00e9rienne lors des travaux de cette session pr\u00e9paratoire du 29e sommet des chefs d\u2019Etat et de gouvernement de l\u2019UA, pr\u00e9vu lundi et mardi dans la capitale \u00e9thiopienne.<\/p>\n<\/div>\n<p>&#013;<br \/>\nSource: <a href=\"http:\/\/www.aps.dz\/algerie\/59642-messahel-recoit-a-addis-abeba-le-facilitateur-ue-acp\" target=\"_blank\">Messahel re\u00e7oit \u00e0 Addis-Abeba le facilitateur UE-ACP<\/a><\/p>\n<!--CusAds0-->\n<div style=\"font-size: 0px; height: 0px; line-height: 0px; margin: 0; padding: 0; clear: both;\"><\/div>","protected":false},"excerpt":{"rendered":"<p>ADDIS-ABEBA- Le ministre des Affaires \u00e9trang\u00e8res,\u00a0 Abdelkader Messahel, a re\u00e7u dimanche \u00e0 Addis-Abeba (Ethiopie) le facilitateur UE-ACP (Union europ\u00e9enne-Afrique, Cara\u00efbes et Pacifique). &#013; &#013; L\u2019audience s\u2019est d\u00e9roul\u00e9e en marge des travaux de la 31e session du\u00a0 Conseil ex\u00e9cutif de l\u2019Union africaine (UA). &#013; \u00a0 &#013; M. Messahel pr\u00e9side la d\u00e9l\u00e9gation alg\u00e9rienne lors des travaux de<\/p>\n","protected":false},"author":6,"featured_media":0,"comment_status":"open","ping_status":"open","sticky":false,"template":"","format":"standard","meta":{"footnotes":""},"categories":[22],"tags":[93],"class_list":["post-13700","post","type-post","status-publish","format-standard","hentry","category-infos","tag-onu"],"yoast_head":"<!-- This site is optimized with the Yoast SEO plugin v27.5 - https:\/\/yoast.com\/product\/yoast-seo-wordpress\/ -->\n<title>Messahel re\u00e7oit \u00e0 Addis-Abeba le facilitateur UE-ACP - info algerie<\/title>\n<meta name=\"robots\" content=\"index, follow, max-snippet:-1, max-image-preview:large, max-video-preview:-1\" \/>\n<link rel=\"canonical\" href=\"https:\/\/www.info-algerie.com\/actualites\/messahel-recoit-a-addis-abeba-le-facilitateur-ue-acp\/\" \/>\n<meta property=\"og:locale\" content=\"fr_FR\" \/>\n<meta property=\"og:type\" content=\"article\" \/>\n<meta property=\"og:title\" content=\"Messahel re\u00e7oit \u00e0 Addis-Abeba le facilitateur UE-ACP - info algerie\" \/>\n<meta property=\"og:description\" content=\"ADDIS-ABEBA- Le ministre des Affaires \u00e9trang\u00e8res,\u00a0 Abdelkader Messahel, a re\u00e7u dimanche \u00e0 Addis-Abeba (Ethiopie) le facilitateur UE-ACP (Union europ\u00e9enne-Afrique, Cara\u00efbes et Pacifique). &#013; &#013; L\u2019audience s\u2019est d\u00e9roul\u00e9e en marge des travaux de la 31e session du\u00a0 Conseil ex\u00e9cutif de l\u2019Union africaine (UA). &#013; \u00a0 &#013; M. Messahel pr\u00e9side la d\u00e9l\u00e9gation alg\u00e9rienne lors des travaux de\" \/>\n<meta property=\"og:url\" content=\"https:\/\/www.info-algerie.com\/actualites\/messahel-recoit-a-addis-abeba-le-facilitateur-ue-acp\/\" \/>\n<meta property=\"og:site_name\" content=\"info algerie\" \/>\n<meta property=\"article:publisher\" content=\"https:\/\/www.facebook.com\/infoalgerieactu\" \/>\n<meta property=\"article:published_time\" content=\"2017-07-02T10:55:10+00:00\" \/>\n<meta name=\"author\" content=\"La r\u00e9daction\" \/>\n<meta name=\"twitter:label1\" content=\"\u00c9crit par\" \/>\n\t<meta name=\"twitter:data1\" content=\"La r\u00e9daction\" \/>\n<script type=\"application\/ld+json\" class=\"yoast-schema-graph\">{\"@context\":\"https:\\\/\\\/schema.org\",\"@graph\":[{\"@type\":\"Article\",\"@id\":\"https:\\\/\\\/www.info-algerie.com\\\/actualites\\\/messahel-recoit-a-addis-abeba-le-facilitateur-ue-acp\\\/#article\",\"isPartOf\":{\"@id\":\"https:\\\/\\\/www.info-algerie.com\\\/actualites\\\/messahel-recoit-a-addis-abeba-le-facilitateur-ue-acp\\\/\"},\"author\":{\"name\":\"La r\u00e9daction\",\"@id\":\"https:\\\/\\\/www.info-algerie.com\\\/actualites\\\/#\\\/schema\\\/person\\\/847aaec44920825b843a08f30ec6aa1e\"},\"headline\":\"Messahel re\u00e7oit \u00e0 Addis-Abeba le facilitateur UE-ACP\",\"datePublished\":\"2017-07-02T10:55:10+00:00\",\"mainEntityOfPage\":{\"@id\":\"https:\\\/\\\/www.info-algerie.com\\\/actualites\\\/messahel-recoit-a-addis-abeba-le-facilitateur-ue-acp\\\/\"},\"wordCount\":104,\"commentCount\":0,\"publisher\":{\"@id\":\"https:\\\/\\\/www.info-algerie.com\\\/actualites\\\/#organization\"},\"keywords\":[\"ONU\"],\"articleSection\":[\"infos\"],\"inLanguage\":\"fr-FR\",\"potentialAction\":[{\"@type\":\"CommentAction\",\"name\":\"Comment\",\"target\":[\"https:\\\/\\\/www.info-algerie.com\\\/actualites\\\/messahel-recoit-a-addis-abeba-le-facilitateur-ue-acp\\\/#respond\"]}]},{\"@type\":\"WebPage\",\"@id\":\"https:\\\/\\\/www.info-algerie.com\\\/actualites\\\/messahel-recoit-a-addis-abeba-le-facilitateur-ue-acp\\\/\",\"url\":\"https:\\\/\\\/www.info-algerie.com\\\/actualites\\\/messahel-recoit-a-addis-abeba-le-facilitateur-ue-acp\\\/\",\"name\":\"Messahel re\u00e7oit \u00e0 Addis-Abeba le facilitateur UE-ACP - info algerie\",\"isPartOf\":{\"@id\":\"https:\\\/\\\/www.info-algerie.com\\\/actualites\\\/#website\"},\"datePublished\":\"2017-07-02T10:55:10+00:00\",\"breadcrumb\":{\"@id\":\"https:\\\/\\\/www.info-algerie.com\\\/actualites\\\/messahel-recoit-a-addis-abeba-le-facilitateur-ue-acp\\\/#breadcrumb\"},\"inLanguage\":\"fr-FR\",\"potentialAction\":[{\"@type\":\"ReadAction\",\"target\":[\"https:\\\/\\\/www.info-algerie.com\\\/actualites\\\/messahel-recoit-a-addis-abeba-le-facilitateur-ue-acp\\\/\"]}]},{\"@type\":\"BreadcrumbList\",\"@id\":\"https:\\\/\\\/www.info-algerie.com\\\/actualites\\\/messahel-recoit-a-addis-abeba-le-facilitateur-ue-acp\\\/#breadcrumb\",\"itemListElement\":[{\"@type\":\"ListItem\",\"position\":1,\"name\":\"Accueil\",\"item\":\"https:\\\/\\\/www.info-algerie.com\\\/actualites\\\/\"},{\"@type\":\"ListItem\",\"position\":2,\"name\":\"Messahel re\u00e7oit \u00e0 Addis-Abeba le facilitateur UE-ACP\"}]},{\"@type\":\"WebSite\",\"@id\":\"https:\\\/\\\/www.info-algerie.com\\\/actualites\\\/#website\",\"url\":\"https:\\\/\\\/www.info-algerie.com\\\/actualites\\\/\",\"name\":\"info algerie\",\"description\":\"Toutes les actualit\u00e9s\",\"publisher\":{\"@id\":\"https:\\\/\\\/www.info-algerie.com\\\/actualites\\\/#organization\"},\"potentialAction\":[{\"@type\":\"SearchAction\",\"target\":{\"@type\":\"EntryPoint\",\"urlTemplate\":\"https:\\\/\\\/www.info-algerie.com\\\/actualites\\\/?s={search_term_string}\"},\"query-input\":{\"@type\":\"PropertyValueSpecification\",\"valueRequired\":true,\"valueName\":\"search_term_string\"}}],\"inLanguage\":\"fr-FR\"},{\"@type\":\"Organization\",\"@id\":\"https:\\\/\\\/www.info-algerie.com\\\/actualites\\\/#organization\",\"name\":\"info algerie\",\"url\":\"https:\\\/\\\/www.info-algerie.com\\\/actualites\\\/\",\"logo\":{\"@type\":\"ImageObject\",\"inLanguage\":\"fr-FR\",\"@id\":\"https:\\\/\\\/www.info-algerie.com\\\/actualites\\\/#\\\/schema\\\/logo\\\/image\\\/\",\"url\":\"https:\\\/\\\/www.info-algerie.com\\\/actualites\\\/wp-content\\\/uploads\\\/2022\\\/07\\\/logo-ia-120.png\",\"contentUrl\":\"https:\\\/\\\/www.info-algerie.com\\\/actualites\\\/wp-content\\\/uploads\\\/2022\\\/07\\\/logo-ia-120.png\",\"width\":120,\"height\":43,\"caption\":\"info algerie\"},\"image\":{\"@id\":\"https:\\\/\\\/www.info-algerie.com\\\/actualites\\\/#\\\/schema\\\/logo\\\/image\\\/\"},\"sameAs\":[\"https:\\\/\\\/www.facebook.com\\\/infoalgerieactu\",\"https:\\\/\\\/x.com\\\/infoalgerie1\"]},{\"@type\":\"Person\",\"@id\":\"https:\\\/\\\/www.info-algerie.com\\\/actualites\\\/#\\\/schema\\\/person\\\/847aaec44920825b843a08f30ec6aa1e\",\"name\":\"La r\u00e9daction\",\"image\":{\"@type\":\"ImageObject\",\"inLanguage\":\"fr-FR\",\"@id\":\"https:\\\/\\\/secure.gravatar.com\\\/avatar\\\/769db425c6f465158149f1ffd6cf61ce7a8a879d11dfbef8288af36dfddd418c?s=96&d=mm&r=g\",\"url\":\"https:\\\/\\\/secure.gravatar.com\\\/avatar\\\/769db425c6f465158149f1ffd6cf61ce7a8a879d11dfbef8288af36dfddd418c?s=96&d=mm&r=g\",\"contentUrl\":\"https:\\\/\\\/secure.gravatar.com\\\/avatar\\\/769db425c6f465158149f1ffd6cf61ce7a8a879d11dfbef8288af36dfddd418c?s=96&d=mm&r=g\",\"caption\":\"La r\u00e9daction\"},\"sameAs\":[\"http:\\\/\\\/www.lkeria.com\\\/\"],\"url\":\"https:\\\/\\\/www.info-algerie.com\\\/actualites\\\/author\\\/chakib32\\\/\"}]}<\/script>\n<!-- \/ Yoast SEO plugin. -->","yoast_head_json":{"title":"Messahel re\u00e7oit \u00e0 Addis-Abeba le facilitateur UE-ACP - info algerie","robots":{"index":"index","follow":"follow","max-snippet":"max-snippet:-1","max-image-preview":"max-image-preview:large","max-video-preview":"max-video-preview:-1"},"canonical":"https:\/\/www.info-algerie.com\/actualites\/messahel-recoit-a-addis-abeba-le-facilitateur-ue-acp\/","og_locale":"fr_FR","og_type":"article","og_title":"Messahel re\u00e7oit \u00e0 Addis-Abeba le facilitateur UE-ACP - info algerie","og_description":"ADDIS-ABEBA- Le ministre des Affaires \u00e9trang\u00e8res,\u00a0 Abdelkader Messahel, a re\u00e7u dimanche \u00e0 Addis-Abeba (Ethiopie) le facilitateur UE-ACP (Union europ\u00e9enne-Afrique, Cara\u00efbes et Pacifique). &#013; &#013; L\u2019audience s\u2019est d\u00e9roul\u00e9e en marge des travaux de la 31e session du\u00a0 Conseil ex\u00e9cutif de l\u2019Union africaine (UA). &#013; \u00a0 &#013; M. Messahel pr\u00e9side la d\u00e9l\u00e9gation alg\u00e9rienne lors des travaux de","og_url":"https:\/\/www.info-algerie.com\/actualites\/messahel-recoit-a-addis-abeba-le-facilitateur-ue-acp\/","og_site_name":"info algerie","article_publisher":"https:\/\/www.facebook.com\/infoalgerieactu","article_published_time":"2017-07-02T10:55:10+00:00","author":"La r\u00e9daction","twitter_misc":{"\u00c9crit par":"La r\u00e9daction"},"schema":{"@context":"https:\/\/schema.org","@graph":[{"@type":"Article","@id":"https:\/\/www.info-algerie.com\/actualites\/messahel-recoit-a-addis-abeba-le-facilitateur-ue-acp\/#article","isPartOf":{"@id":"https:\/\/www.info-algerie.com\/actualites\/messahel-recoit-a-addis-abeba-le-facilitateur-ue-acp\/"},"author":{"name":"La r\u00e9daction","@id":"https:\/\/www.info-algerie.com\/actualites\/#\/schema\/person\/847aaec44920825b843a08f30ec6aa1e"},"headline":"Messahel re\u00e7oit \u00e0 Addis-Abeba le facilitateur UE-ACP","datePublished":"2017-07-02T10:55:10+00:00","mainEntityOfPage":{"@id":"https:\/\/www.info-algerie.com\/actualites\/messahel-recoit-a-addis-abeba-le-facilitateur-ue-acp\/"},"wordCount":104,"commentCount":0,"publisher":{"@id":"https:\/\/www.info-algerie.com\/actualites\/#organization"},"keywords":["ONU"],"articleSection":["infos"],"inLanguage":"fr-FR","potentialAction":[{"@type":"CommentAction","name":"Comment","target":["https:\/\/www.info-algerie.com\/actualites\/messahel-recoit-a-addis-abeba-le-facilitateur-ue-acp\/#respond"]}]},{"@type":"WebPage","@id":"https:\/\/www.info-algerie.com\/actualites\/messahel-recoit-a-addis-abeba-le-facilitateur-ue-acp\/","url":"https:\/\/www.info-algerie.com\/actualites\/messahel-recoit-a-addis-abeba-le-facilitateur-ue-acp\/","name":"Messahel re\u00e7oit \u00e0 Addis-Abeba le facilitateur UE-ACP - info algerie","isPartOf":{"@id":"https:\/\/www.info-algerie.com\/actualites\/#website"},"datePublished":"2017-07-02T10:55:10+00:00","breadcrumb":{"@id":"https:\/\/www.info-algerie.com\/actualites\/messahel-recoit-a-addis-abeba-le-facilitateur-ue-acp\/#breadcrumb"},"inLanguage":"fr-FR","potentialAction":[{"@type":"ReadAction","target":["https:\/\/www.info-algerie.com\/actualites\/messahel-recoit-a-addis-abeba-le-facilitateur-ue-acp\/"]}]},{"@type":"BreadcrumbList","@id":"https:\/\/www.info-algerie.com\/actualites\/messahel-recoit-a-addis-abeba-le-facilitateur-ue-acp\/#breadcrumb","itemListElement":[{"@type":"ListItem","position":1,"name":"Accueil","item":"https:\/\/www.info-algerie.com\/actualites\/"},{"@type":"ListItem","position":2,"name":"Messahel re\u00e7oit \u00e0 Addis-Abeba le facilitateur UE-ACP"}]},{"@type":"WebSite","@id":"https:\/\/www.info-algerie.com\/actualites\/#website","url":"https:\/\/www.info-algerie.com\/actualites\/","name":"info algerie","description":"Toutes les actualit\u00e9s","publisher":{"@id":"https:\/\/www.info-algerie.com\/actualites\/#organization"},"potentialAction":[{"@type":"SearchAction","target":{"@type":"EntryPoint","urlTemplate":"https:\/\/www.info-algerie.com\/actualites\/?s={search_term_string}"},"query-input":{"@type":"PropertyValueSpecification","valueRequired":true,"valueName":"search_term_string"}}],"inLanguage":"fr-FR"},{"@type":"Organization","@id":"https:\/\/www.info-algerie.com\/actualites\/#organization","name":"info algerie","url":"https:\/\/www.info-algerie.com\/actualites\/","logo":{"@type":"ImageObject","inLanguage":"fr-FR","@id":"https:\/\/www.info-algerie.com\/actualites\/#\/schema\/logo\/image\/","url":"https:\/\/www.info-algerie.com\/actualites\/wp-content\/uploads\/2022\/07\/logo-ia-120.png","contentUrl":"https:\/\/www.info-algerie.com\/actualites\/wp-content\/uploads\/2022\/07\/logo-ia-120.png","width":120,"height":43,"caption":"info algerie"},"image":{"@id":"https:\/\/www.info-algerie.com\/actualites\/#\/schema\/logo\/image\/"},"sameAs":["https:\/\/www.facebook.com\/infoalgerieactu","https:\/\/x.com\/infoalgerie1"]},{"@type":"Person","@id":"https:\/\/www.info-algerie.com\/actualites\/#\/schema\/person\/847aaec44920825b843a08f30ec6aa1e","name":"La r\u00e9daction","image":{"@type":"ImageObject","inLanguage":"fr-FR","@id":"https:\/\/secure.gravatar.com\/avatar\/769db425c6f465158149f1ffd6cf61ce7a8a879d11dfbef8288af36dfddd418c?s=96&d=mm&r=g","url":"https:\/\/secure.gravatar.com\/avatar\/769db425c6f465158149f1ffd6cf61ce7a8a879d11dfbef8288af36dfddd418c?s=96&d=mm&r=g","contentUrl":"https:\/\/secure.gravatar.com\/avatar\/769db425c6f465158149f1ffd6cf61ce7a8a879d11dfbef8288af36dfddd418c?s=96&d=mm&r=g","caption":"La r\u00e9daction"},"sameAs":["http:\/\/www.lkeria.com\/"],"url":"https:\/\/www.info-algerie.com\/actualites\/author\/chakib32\/"}]}},"_links":{"self":[{"href":"https:\/\/www.info-algerie.com\/actualites\/wp-json\/wp\/v2\/posts\/13700","targetHints":{"allow":["GET"]}}],"collection":[{"href":"https:\/\/www.info-algerie.com\/actualites\/wp-json\/wp\/v2\/posts"}],"about":[{"href":"https:\/\/www.info-algerie.com\/actualites\/wp-json\/wp\/v2\/types\/post"}],"author":[{"embeddable":true,"href":"https:\/\/www.info-algerie.com\/actualites\/wp-json\/wp\/v2\/users\/6"}],"replies":[{"embeddable":true,"href":"https:\/\/www.info-algerie.com\/actualites\/wp-json\/wp\/v2\/comments?post=13700"}],"version-history":[{"count":0,"href":"https:\/\/www.info-algerie.com\/actualites\/wp-json\/wp\/v2\/posts\/13700\/revisions"}],"wp:attachment":[{"href":"https:\/\/www.info-algerie.com\/actualites\/wp-json\/wp\/v2\/media?parent=13700"}],"wp:term":[{"taxonomy":"category","embeddable":true,"href":"https:\/\/www.info-algerie.com\/actualites\/wp-json\/wp\/v2\/categories?post=13700"},{"taxonomy":"post_tag","embeddable":true,"href":"https:\/\/www.info-algerie.com\/actualites\/wp-json\/wp\/v2\/tags?post=13700"}],"curies":[{"name":"wp","href":"https:\/\/api.w.org\/{rel}","templated":true}]}}