{"id":14592,"date":"2017-07-30T11:58:33","date_gmt":"2017-07-30T10:58:33","guid":{"rendered":"http:\/\/www.info-algerie.com\/actualites\/le-president-bouteflika-felicite-le-souverain-marocain-a-loccasion-de-lanniversaire-de-son-accession-au-trone\/"},"modified":"2017-07-30T11:58:33","modified_gmt":"2017-07-30T10:58:33","slug":"le-president-bouteflika-felicite-le-souverain-marocain-a-loccasion-de-lanniversaire-de-son-accession-au-trone","status":"publish","type":"post","link":"https:\/\/www.info-algerie.com\/actualites\/le-president-bouteflika-felicite-le-souverain-marocain-a-loccasion-de-lanniversaire-de-son-accession-au-trone\/","title":{"rendered":"Le pr\u00e9sident Bouteflika f\u00e9licite le souverain marocain \u00e0 l&#039;occasion de\u00a0 l&#039;anniversaire de son accession au tr\u00f4ne"},"content":{"rendered":"<div class=\"K2FeedIntroText\">\n<p style=\"text-align: left\">\u00a0ALGER-Le pr\u00e9sident de la R\u00e9publique, Abdelaziz\u00a0 Bouteflika, a adress\u00e9 un message de voeux au souverain marocain, le Roi\u00a0 Mohamed VI, \u00e0 l&rsquo;occasion de l&rsquo;anniversaire de son accession au tr\u00f4ne, dans\u00a0 lequel il lui a exprim\u00e9 sa ferme d\u00e9termination \u00ab\u00a0\u00e0 \u0153uvrer de concert avec\u00a0 lui au raffermissement des relations de fraternit\u00e9 et de solidarit\u00e9 et de\u00a0 bon voisinage entre les deux pays\u00a0\u00bb.<\/p>\n<p>&#013;\n<\/p><\/div>\n<div class=\"K2FeedFullText\">&#013;<\/p>\n<p class=\"MsoNormal\" style=\"text-align: left\">\u00ab\u00a0Il m&rsquo;est agr\u00e9able, au moment o\u00f9 le peuple marocain fr\u00e8re c\u00e9l\u00e8bre l&rsquo;anniversaire de votre accession au tr\u00f4ne, de pr\u00e9senter \u00e0 votre Majest\u00e9 au\u00a0 nom du peuple et gouvernement alg\u00e9riens et en mon nom personnel, nos v\u0153ux les meilleurs de sant\u00e9 et de bien-\u00eatre, priant Dieu Tout Puissant de vous\u00a0 accorder ainsi qu&rsquo;\u00e0 toute l&rsquo;honorable famille royale sant\u00e9 et prosp\u00e9rit\u00e9 et\u00a0 de guider le peuple marocain vers davantage de progr\u00e8s sous votre direction\u00a0 \u00e9clair\u00e9e\u00a0\u00bb, a \u00e9crit le Pr\u00e9sident Bouteflika dans son message.<\/p>\n<p>&#013;<\/p>\n<p style=\"text-align: left\">\u00a0<\/p>\n<p>&#013;<\/p>\n<p class=\"MsoNormal\" style=\"text-align: left\">\u00ab\u00a0Cet heureux \u00e9v\u00e8nement m&rsquo;offre l&rsquo;opportunit\u00e9 de r\u00e9it\u00e9rer ma\u00a0 d\u00e9termination \u00e0 \u0153uvrer de concert avec vous au raffermissement des liens de\u00a0 fraternit\u00e9, de solidarit\u00e9 et de bon voisinage unissant nos deux pays et \u00e0\u00a0 la promotion de nos relations \u00e0 la hauteur des aspirations des peuples de\u00a0 la r\u00e9gion au progr\u00e8s, au bien \u00eatre, \u00e0 la s\u00e9curit\u00e9 et \u00e0 la stabilit\u00e9\u00a0\u00bb, a\u00a0 soulign\u00e9 le pr\u00e9sident Bouteflika. \u00a0\u00a0<\/p>\n<\/div>\n<p>&#013;<br \/>\nSource: <a href=\"http:\/\/www.aps.dz\/algerie\/61161-le-president-bouteflika-felicite-le-souverain-marocain-a-l-occasion-de-l-anniversaire-de-son-accession-au-trone\" target=\"_blank\">Le pr\u00e9sident Bouteflika f\u00e9licite le souverain marocain \u00e0 l&rsquo;occasion de\u00a0 l&rsquo;anniversaire de son accession au tr\u00f4ne<\/a><\/p>\n<!--CusAds0-->\n<div style=\"font-size: 0px; height: 0px; line-height: 0px; margin: 0; padding: 0; clear: both;\"><\/div>","protected":false},"excerpt":{"rendered":"<p>\u00a0ALGER-Le pr\u00e9sident de la R\u00e9publique, Abdelaziz\u00a0 Bouteflika, a adress\u00e9 un message de voeux au souverain marocain, le Roi\u00a0 Mohamed VI, \u00e0 l&rsquo;occasion de l&rsquo;anniversaire de son accession au tr\u00f4ne, dans\u00a0 lequel il lui a exprim\u00e9 sa ferme d\u00e9termination \u00ab\u00a0\u00e0 \u0153uvrer de concert avec\u00a0 lui au raffermissement des relations de fraternit\u00e9 et de solidarit\u00e9 et de\u00a0<\/p>\n","protected":false},"author":6,"featured_media":0,"comment_status":"open","ping_status":"open","sticky":false,"template":"","format":"standard","meta":{"footnotes":""},"categories":[22],"tags":[93],"class_list":["post-14592","post","type-post","status-publish","format-standard","hentry","category-infos","tag-onu"],"yoast_head":"<!-- This site is optimized with the Yoast SEO plugin v27.5 - https:\/\/yoast.com\/product\/yoast-seo-wordpress\/ -->\n<title>Le pr\u00e9sident Bouteflika f\u00e9licite le souverain marocain \u00e0 l&#039;occasion de\u00a0 l&#039;anniversaire de son accession au tr\u00f4ne - info algerie<\/title>\n<meta name=\"robots\" content=\"index, follow, max-snippet:-1, max-image-preview:large, max-video-preview:-1\" \/>\n<link rel=\"canonical\" href=\"https:\/\/www.info-algerie.com\/actualites\/le-president-bouteflika-felicite-le-souverain-marocain-a-loccasion-de-lanniversaire-de-son-accession-au-trone\/\" \/>\n<meta property=\"og:locale\" content=\"fr_FR\" \/>\n<meta property=\"og:type\" content=\"article\" \/>\n<meta property=\"og:title\" content=\"Le pr\u00e9sident Bouteflika f\u00e9licite le souverain marocain \u00e0 l&#039;occasion de\u00a0 l&#039;anniversaire de son accession au tr\u00f4ne - info algerie\" \/>\n<meta property=\"og:description\" content=\"\u00a0ALGER-Le pr\u00e9sident de la R\u00e9publique, Abdelaziz\u00a0 Bouteflika, a adress\u00e9 un message de voeux au souverain marocain, le Roi\u00a0 Mohamed VI, \u00e0 l&rsquo;occasion de l&rsquo;anniversaire de son accession au tr\u00f4ne, dans\u00a0 lequel il lui a exprim\u00e9 sa ferme d\u00e9termination \u00ab\u00a0\u00e0 \u0153uvrer de concert avec\u00a0 lui au raffermissement des relations de fraternit\u00e9 et de solidarit\u00e9 et de\u00a0\" \/>\n<meta property=\"og:url\" content=\"https:\/\/www.info-algerie.com\/actualites\/le-president-bouteflika-felicite-le-souverain-marocain-a-loccasion-de-lanniversaire-de-son-accession-au-trone\/\" \/>\n<meta property=\"og:site_name\" content=\"info algerie\" \/>\n<meta property=\"article:publisher\" content=\"https:\/\/www.facebook.com\/infoalgerieactu\" \/>\n<meta property=\"article:published_time\" content=\"2017-07-30T10:58:33+00:00\" \/>\n<meta name=\"author\" content=\"La r\u00e9daction\" \/>\n<meta name=\"twitter:label1\" content=\"\u00c9crit par\" \/>\n\t<meta name=\"twitter:data1\" content=\"La r\u00e9daction\" \/>\n\t<meta name=\"twitter:label2\" content=\"Dur\u00e9e de lecture estim\u00e9e\" \/>\n\t<meta name=\"twitter:data2\" content=\"1 minute\" \/>\n<script type=\"application\/ld+json\" class=\"yoast-schema-graph\">{\"@context\":\"https:\\\/\\\/schema.org\",\"@graph\":[{\"@type\":\"Article\",\"@id\":\"https:\\\/\\\/www.info-algerie.com\\\/actualites\\\/le-president-bouteflika-felicite-le-souverain-marocain-a-loccasion-de-lanniversaire-de-son-accession-au-trone\\\/#article\",\"isPartOf\":{\"@id\":\"https:\\\/\\\/www.info-algerie.com\\\/actualites\\\/le-president-bouteflika-felicite-le-souverain-marocain-a-loccasion-de-lanniversaire-de-son-accession-au-trone\\\/\"},\"author\":{\"name\":\"La r\u00e9daction\",\"@id\":\"https:\\\/\\\/www.info-algerie.com\\\/actualites\\\/#\\\/schema\\\/person\\\/847aaec44920825b843a08f30ec6aa1e\"},\"headline\":\"Le pr\u00e9sident Bouteflika f\u00e9licite le souverain marocain \u00e0 l&#039;occasion de\u00a0 l&#039;anniversaire de son accession au tr\u00f4ne\",\"datePublished\":\"2017-07-30T10:58:33+00:00\",\"mainEntityOfPage\":{\"@id\":\"https:\\\/\\\/www.info-algerie.com\\\/actualites\\\/le-president-bouteflika-felicite-le-souverain-marocain-a-loccasion-de-lanniversaire-de-son-accession-au-trone\\\/\"},\"wordCount\":272,\"commentCount\":0,\"publisher\":{\"@id\":\"https:\\\/\\\/www.info-algerie.com\\\/actualites\\\/#organization\"},\"keywords\":[\"ONU\"],\"articleSection\":[\"infos\"],\"inLanguage\":\"fr-FR\",\"potentialAction\":[{\"@type\":\"CommentAction\",\"name\":\"Comment\",\"target\":[\"https:\\\/\\\/www.info-algerie.com\\\/actualites\\\/le-president-bouteflika-felicite-le-souverain-marocain-a-loccasion-de-lanniversaire-de-son-accession-au-trone\\\/#respond\"]}]},{\"@type\":\"WebPage\",\"@id\":\"https:\\\/\\\/www.info-algerie.com\\\/actualites\\\/le-president-bouteflika-felicite-le-souverain-marocain-a-loccasion-de-lanniversaire-de-son-accession-au-trone\\\/\",\"url\":\"https:\\\/\\\/www.info-algerie.com\\\/actualites\\\/le-president-bouteflika-felicite-le-souverain-marocain-a-loccasion-de-lanniversaire-de-son-accession-au-trone\\\/\",\"name\":\"Le pr\u00e9sident Bouteflika f\u00e9licite le souverain marocain \u00e0 l&#039;occasion de\u00a0 l&#039;anniversaire de son accession au tr\u00f4ne - info algerie\",\"isPartOf\":{\"@id\":\"https:\\\/\\\/www.info-algerie.com\\\/actualites\\\/#website\"},\"datePublished\":\"2017-07-30T10:58:33+00:00\",\"breadcrumb\":{\"@id\":\"https:\\\/\\\/www.info-algerie.com\\\/actualites\\\/le-president-bouteflika-felicite-le-souverain-marocain-a-loccasion-de-lanniversaire-de-son-accession-au-trone\\\/#breadcrumb\"},\"inLanguage\":\"fr-FR\",\"potentialAction\":[{\"@type\":\"ReadAction\",\"target\":[\"https:\\\/\\\/www.info-algerie.com\\\/actualites\\\/le-president-bouteflika-felicite-le-souverain-marocain-a-loccasion-de-lanniversaire-de-son-accession-au-trone\\\/\"]}]},{\"@type\":\"BreadcrumbList\",\"@id\":\"https:\\\/\\\/www.info-algerie.com\\\/actualites\\\/le-president-bouteflika-felicite-le-souverain-marocain-a-loccasion-de-lanniversaire-de-son-accession-au-trone\\\/#breadcrumb\",\"itemListElement\":[{\"@type\":\"ListItem\",\"position\":1,\"name\":\"Accueil\",\"item\":\"https:\\\/\\\/www.info-algerie.com\\\/actualites\\\/\"},{\"@type\":\"ListItem\",\"position\":2,\"name\":\"Le pr\u00e9sident Bouteflika f\u00e9licite le souverain marocain \u00e0 l&#039;occasion de\u00a0 l&#039;anniversaire de son accession au tr\u00f4ne\"}]},{\"@type\":\"WebSite\",\"@id\":\"https:\\\/\\\/www.info-algerie.com\\\/actualites\\\/#website\",\"url\":\"https:\\\/\\\/www.info-algerie.com\\\/actualites\\\/\",\"name\":\"info algerie\",\"description\":\"Toutes les actualit\u00e9s\",\"publisher\":{\"@id\":\"https:\\\/\\\/www.info-algerie.com\\\/actualites\\\/#organization\"},\"potentialAction\":[{\"@type\":\"SearchAction\",\"target\":{\"@type\":\"EntryPoint\",\"urlTemplate\":\"https:\\\/\\\/www.info-algerie.com\\\/actualites\\\/?s={search_term_string}\"},\"query-input\":{\"@type\":\"PropertyValueSpecification\",\"valueRequired\":true,\"valueName\":\"search_term_string\"}}],\"inLanguage\":\"fr-FR\"},{\"@type\":\"Organization\",\"@id\":\"https:\\\/\\\/www.info-algerie.com\\\/actualites\\\/#organization\",\"name\":\"info algerie\",\"url\":\"https:\\\/\\\/www.info-algerie.com\\\/actualites\\\/\",\"logo\":{\"@type\":\"ImageObject\",\"inLanguage\":\"fr-FR\",\"@id\":\"https:\\\/\\\/www.info-algerie.com\\\/actualites\\\/#\\\/schema\\\/logo\\\/image\\\/\",\"url\":\"https:\\\/\\\/www.info-algerie.com\\\/actualites\\\/wp-content\\\/uploads\\\/2022\\\/07\\\/logo-ia-120.png\",\"contentUrl\":\"https:\\\/\\\/www.info-algerie.com\\\/actualites\\\/wp-content\\\/uploads\\\/2022\\\/07\\\/logo-ia-120.png\",\"width\":120,\"height\":43,\"caption\":\"info algerie\"},\"image\":{\"@id\":\"https:\\\/\\\/www.info-algerie.com\\\/actualites\\\/#\\\/schema\\\/logo\\\/image\\\/\"},\"sameAs\":[\"https:\\\/\\\/www.facebook.com\\\/infoalgerieactu\",\"https:\\\/\\\/x.com\\\/infoalgerie1\"]},{\"@type\":\"Person\",\"@id\":\"https:\\\/\\\/www.info-algerie.com\\\/actualites\\\/#\\\/schema\\\/person\\\/847aaec44920825b843a08f30ec6aa1e\",\"name\":\"La r\u00e9daction\",\"image\":{\"@type\":\"ImageObject\",\"inLanguage\":\"fr-FR\",\"@id\":\"https:\\\/\\\/secure.gravatar.com\\\/avatar\\\/769db425c6f465158149f1ffd6cf61ce7a8a879d11dfbef8288af36dfddd418c?s=96&d=mm&r=g\",\"url\":\"https:\\\/\\\/secure.gravatar.com\\\/avatar\\\/769db425c6f465158149f1ffd6cf61ce7a8a879d11dfbef8288af36dfddd418c?s=96&d=mm&r=g\",\"contentUrl\":\"https:\\\/\\\/secure.gravatar.com\\\/avatar\\\/769db425c6f465158149f1ffd6cf61ce7a8a879d11dfbef8288af36dfddd418c?s=96&d=mm&r=g\",\"caption\":\"La r\u00e9daction\"},\"sameAs\":[\"http:\\\/\\\/www.lkeria.com\\\/\"],\"url\":\"https:\\\/\\\/www.info-algerie.com\\\/actualites\\\/author\\\/chakib32\\\/\"}]}<\/script>\n<!-- \/ Yoast SEO plugin. -->","yoast_head_json":{"title":"Le pr\u00e9sident Bouteflika f\u00e9licite le souverain marocain \u00e0 l&#039;occasion de\u00a0 l&#039;anniversaire de son accession au tr\u00f4ne - info algerie","robots":{"index":"index","follow":"follow","max-snippet":"max-snippet:-1","max-image-preview":"max-image-preview:large","max-video-preview":"max-video-preview:-1"},"canonical":"https:\/\/www.info-algerie.com\/actualites\/le-president-bouteflika-felicite-le-souverain-marocain-a-loccasion-de-lanniversaire-de-son-accession-au-trone\/","og_locale":"fr_FR","og_type":"article","og_title":"Le pr\u00e9sident Bouteflika f\u00e9licite le souverain marocain \u00e0 l&#039;occasion de\u00a0 l&#039;anniversaire de son accession au tr\u00f4ne - info algerie","og_description":"\u00a0ALGER-Le pr\u00e9sident de la R\u00e9publique, Abdelaziz\u00a0 Bouteflika, a adress\u00e9 un message de voeux au souverain marocain, le Roi\u00a0 Mohamed VI, \u00e0 l&rsquo;occasion de l&rsquo;anniversaire de son accession au tr\u00f4ne, dans\u00a0 lequel il lui a exprim\u00e9 sa ferme d\u00e9termination \u00ab\u00a0\u00e0 \u0153uvrer de concert avec\u00a0 lui au raffermissement des relations de fraternit\u00e9 et de solidarit\u00e9 et de\u00a0","og_url":"https:\/\/www.info-algerie.com\/actualites\/le-president-bouteflika-felicite-le-souverain-marocain-a-loccasion-de-lanniversaire-de-son-accession-au-trone\/","og_site_name":"info algerie","article_publisher":"https:\/\/www.facebook.com\/infoalgerieactu","article_published_time":"2017-07-30T10:58:33+00:00","author":"La r\u00e9daction","twitter_misc":{"\u00c9crit par":"La r\u00e9daction","Dur\u00e9e de lecture estim\u00e9e":"1 minute"},"schema":{"@context":"https:\/\/schema.org","@graph":[{"@type":"Article","@id":"https:\/\/www.info-algerie.com\/actualites\/le-president-bouteflika-felicite-le-souverain-marocain-a-loccasion-de-lanniversaire-de-son-accession-au-trone\/#article","isPartOf":{"@id":"https:\/\/www.info-algerie.com\/actualites\/le-president-bouteflika-felicite-le-souverain-marocain-a-loccasion-de-lanniversaire-de-son-accession-au-trone\/"},"author":{"name":"La r\u00e9daction","@id":"https:\/\/www.info-algerie.com\/actualites\/#\/schema\/person\/847aaec44920825b843a08f30ec6aa1e"},"headline":"Le pr\u00e9sident Bouteflika f\u00e9licite le souverain marocain \u00e0 l&#039;occasion de\u00a0 l&#039;anniversaire de son accession au tr\u00f4ne","datePublished":"2017-07-30T10:58:33+00:00","mainEntityOfPage":{"@id":"https:\/\/www.info-algerie.com\/actualites\/le-president-bouteflika-felicite-le-souverain-marocain-a-loccasion-de-lanniversaire-de-son-accession-au-trone\/"},"wordCount":272,"commentCount":0,"publisher":{"@id":"https:\/\/www.info-algerie.com\/actualites\/#organization"},"keywords":["ONU"],"articleSection":["infos"],"inLanguage":"fr-FR","potentialAction":[{"@type":"CommentAction","name":"Comment","target":["https:\/\/www.info-algerie.com\/actualites\/le-president-bouteflika-felicite-le-souverain-marocain-a-loccasion-de-lanniversaire-de-son-accession-au-trone\/#respond"]}]},{"@type":"WebPage","@id":"https:\/\/www.info-algerie.com\/actualites\/le-president-bouteflika-felicite-le-souverain-marocain-a-loccasion-de-lanniversaire-de-son-accession-au-trone\/","url":"https:\/\/www.info-algerie.com\/actualites\/le-president-bouteflika-felicite-le-souverain-marocain-a-loccasion-de-lanniversaire-de-son-accession-au-trone\/","name":"Le pr\u00e9sident Bouteflika f\u00e9licite le souverain marocain \u00e0 l&#039;occasion de\u00a0 l&#039;anniversaire de son accession au tr\u00f4ne - info algerie","isPartOf":{"@id":"https:\/\/www.info-algerie.com\/actualites\/#website"},"datePublished":"2017-07-30T10:58:33+00:00","breadcrumb":{"@id":"https:\/\/www.info-algerie.com\/actualites\/le-president-bouteflika-felicite-le-souverain-marocain-a-loccasion-de-lanniversaire-de-son-accession-au-trone\/#breadcrumb"},"inLanguage":"fr-FR","potentialAction":[{"@type":"ReadAction","target":["https:\/\/www.info-algerie.com\/actualites\/le-president-bouteflika-felicite-le-souverain-marocain-a-loccasion-de-lanniversaire-de-son-accession-au-trone\/"]}]},{"@type":"BreadcrumbList","@id":"https:\/\/www.info-algerie.com\/actualites\/le-president-bouteflika-felicite-le-souverain-marocain-a-loccasion-de-lanniversaire-de-son-accession-au-trone\/#breadcrumb","itemListElement":[{"@type":"ListItem","position":1,"name":"Accueil","item":"https:\/\/www.info-algerie.com\/actualites\/"},{"@type":"ListItem","position":2,"name":"Le pr\u00e9sident Bouteflika f\u00e9licite le souverain marocain \u00e0 l&#039;occasion de\u00a0 l&#039;anniversaire de son accession au tr\u00f4ne"}]},{"@type":"WebSite","@id":"https:\/\/www.info-algerie.com\/actualites\/#website","url":"https:\/\/www.info-algerie.com\/actualites\/","name":"info algerie","description":"Toutes les actualit\u00e9s","publisher":{"@id":"https:\/\/www.info-algerie.com\/actualites\/#organization"},"potentialAction":[{"@type":"SearchAction","target":{"@type":"EntryPoint","urlTemplate":"https:\/\/www.info-algerie.com\/actualites\/?s={search_term_string}"},"query-input":{"@type":"PropertyValueSpecification","valueRequired":true,"valueName":"search_term_string"}}],"inLanguage":"fr-FR"},{"@type":"Organization","@id":"https:\/\/www.info-algerie.com\/actualites\/#organization","name":"info algerie","url":"https:\/\/www.info-algerie.com\/actualites\/","logo":{"@type":"ImageObject","inLanguage":"fr-FR","@id":"https:\/\/www.info-algerie.com\/actualites\/#\/schema\/logo\/image\/","url":"https:\/\/www.info-algerie.com\/actualites\/wp-content\/uploads\/2022\/07\/logo-ia-120.png","contentUrl":"https:\/\/www.info-algerie.com\/actualites\/wp-content\/uploads\/2022\/07\/logo-ia-120.png","width":120,"height":43,"caption":"info algerie"},"image":{"@id":"https:\/\/www.info-algerie.com\/actualites\/#\/schema\/logo\/image\/"},"sameAs":["https:\/\/www.facebook.com\/infoalgerieactu","https:\/\/x.com\/infoalgerie1"]},{"@type":"Person","@id":"https:\/\/www.info-algerie.com\/actualites\/#\/schema\/person\/847aaec44920825b843a08f30ec6aa1e","name":"La r\u00e9daction","image":{"@type":"ImageObject","inLanguage":"fr-FR","@id":"https:\/\/secure.gravatar.com\/avatar\/769db425c6f465158149f1ffd6cf61ce7a8a879d11dfbef8288af36dfddd418c?s=96&d=mm&r=g","url":"https:\/\/secure.gravatar.com\/avatar\/769db425c6f465158149f1ffd6cf61ce7a8a879d11dfbef8288af36dfddd418c?s=96&d=mm&r=g","contentUrl":"https:\/\/secure.gravatar.com\/avatar\/769db425c6f465158149f1ffd6cf61ce7a8a879d11dfbef8288af36dfddd418c?s=96&d=mm&r=g","caption":"La r\u00e9daction"},"sameAs":["http:\/\/www.lkeria.com\/"],"url":"https:\/\/www.info-algerie.com\/actualites\/author\/chakib32\/"}]}},"_links":{"self":[{"href":"https:\/\/www.info-algerie.com\/actualites\/wp-json\/wp\/v2\/posts\/14592","targetHints":{"allow":["GET"]}}],"collection":[{"href":"https:\/\/www.info-algerie.com\/actualites\/wp-json\/wp\/v2\/posts"}],"about":[{"href":"https:\/\/www.info-algerie.com\/actualites\/wp-json\/wp\/v2\/types\/post"}],"author":[{"embeddable":true,"href":"https:\/\/www.info-algerie.com\/actualites\/wp-json\/wp\/v2\/users\/6"}],"replies":[{"embeddable":true,"href":"https:\/\/www.info-algerie.com\/actualites\/wp-json\/wp\/v2\/comments?post=14592"}],"version-history":[{"count":0,"href":"https:\/\/www.info-algerie.com\/actualites\/wp-json\/wp\/v2\/posts\/14592\/revisions"}],"wp:attachment":[{"href":"https:\/\/www.info-algerie.com\/actualites\/wp-json\/wp\/v2\/media?parent=14592"}],"wp:term":[{"taxonomy":"category","embeddable":true,"href":"https:\/\/www.info-algerie.com\/actualites\/wp-json\/wp\/v2\/categories?post=14592"},{"taxonomy":"post_tag","embeddable":true,"href":"https:\/\/www.info-algerie.com\/actualites\/wp-json\/wp\/v2\/tags?post=14592"}],"curies":[{"name":"wp","href":"https:\/\/api.w.org\/{rel}","templated":true}]}}