{"id":14623,"date":"2017-07-31T11:05:32","date_gmt":"2017-07-31T10:05:32","guid":{"rendered":"http:\/\/www.info-algerie.com\/actualites\/formation-professionnelle-plus-de-370-000-postes-de-formation-prevus-pour-la-prochaine-rentree\/"},"modified":"2017-07-31T11:05:32","modified_gmt":"2017-07-31T10:05:32","slug":"formation-professionnelle-plus-de-370-000-postes-de-formation-prevus-pour-la-prochaine-rentree","status":"publish","type":"post","link":"https:\/\/www.info-algerie.com\/actualites\/formation-professionnelle-plus-de-370-000-postes-de-formation-prevus-pour-la-prochaine-rentree\/","title":{"rendered":"Formation professionnelle: plus de 370.000 postes de formation pr\u00e9vus pour la prochaine rentr\u00e9e\u00a0"},"content":{"rendered":"<div class=\"K2FeedImage\"><img decoding=\"async\" src=\"https:\/\/www.info-algerie.com\/actualites\/wp-content\/uploads\/2017\/07\/ac4f0510093fbc6548147f1b8aa6329f_S.jpg\" alt=\"Formation professionnelle: plus de 370.000 postes de formation pr&#xE9;vus pour la prochaine rentr&#xE9;e&#xA0;\" \/><\/div>\n<div class=\"K2FeedIntroText\">\n<p>ALGER- Plus de 370.000 postes de formation sont pr\u00e9vus par le minist\u00e8re de la Formation et de l&rsquo;Enseignement professionnels, pour la prochaine rentr\u00e9e de la formation le 24 septembre prochain \u00e0 l&rsquo;\u00e9chelle nationale, a appris l&rsquo;APS dimanche aupr\u00e8s du minist\u00e8re.<\/p>\n<p>&#013;\n<\/p><\/div>\n<div class=\"K2FeedFullText\">&#013;<\/p>\n<p>\u00ab\u00a0Le secteur offre plus de 370.000 postes de formation pour la session de septembre 2017, dans les diff\u00e9rents modes de formation, notamment, la formation r\u00e9sidentielle, par apprentissage et la formation \u00e0 distance\u00a0\u00bb, a indiqu\u00e9 la m\u00eame source, pr\u00e9cisant que cette rentr\u00e9e sera marqu\u00e9e par l&rsquo;introduction de nouvelles sp\u00e9cialit\u00e9s pour enrichir et diversifier l&rsquo;offre de formation.<\/p>\n<p>&#013;<\/p>\n<p>Il s&rsquo;agit des sp\u00e9cialit\u00e9s qui seront orient\u00e9es principalement vers les m\u00e9tiers en relation avec les secteurs d\u2019activit\u00e9s d\u00e9finis par le gouvernement comme prioritaires pour le d\u00e9veloppement de l&rsquo;\u00e9conomie nationale, notamment, l`industrie, le BTP, l`agriculture, l`h\u00f4tellerie et le tourisme, sachant que la nomenclature nationale de la formation professionnelle qui compte plus de 440 sp\u00e9cialit\u00e9s, est constamment renouvel\u00e9e par un r\u00e9seau d`ing\u00e9nierie p\u00e9dagogique, en accord avec divers secteurs concern\u00e9s.<\/p>\n<p>&#013;<\/p>\n<p>La strat\u00e9gie du syst\u00e8me de la formation et de l\u2019enseignement professionnels, en tant que secteur producteur de main-d\u2019\u0153uvre qualifi\u00e9e repose sur le principe de l\u2019ad\u00e9quation formation-emploi, permet aux \u00e9tablissements de la formation professionnelle de r\u00e9pondre aux besoins exprim\u00e9s par les op\u00e9rateurs \u00e9conomiques en mati\u00e8re de qualification d&rsquo;une part et d&rsquo;assurer une insertion facile et rapide des dipl\u00f4m\u00e9s de la formation professionnelle dans le monde du travail.<\/p>\n<p>&#013;<\/p>\n<p>\u00ab\u00a0Les chiffres de l\u2019Agence nationale de l\u2019emploi(ANEM), du 1er semestre de l\u2019ann\u00e9e 2017 montrent que 83% des dipl\u00f4m\u00e9s de la formation et de l\u2019enseignement professionnels sont ins\u00e9r\u00e9s dans le monde du travail en moins de 6 mois depuis le d\u00e9p\u00f4t de leurs demandes\u00a0\u00bb, a-t-on affirm\u00e9 de m\u00eame source, soulignant que ce chiffre \u00ab\u00a0a augment\u00e9 de 3% par rapport \u00e0 la m\u00eame p\u00e9riode de 2016\u00a0\u00bb.<\/p>\n<p>&#013;<\/p>\n<p>Dans un m\u00eame contexte, 60% des porteurs de projets a l\u2019Agence nationale de soutien \u00e0 l\u2019emploi de jeunes (ANSEJ) sont des jeunes dipl\u00f4m\u00e9s de la formation professionnelle.<\/p>\n<p>&#013;<\/p>\n<p>Par ailleurs, le minist\u00e8re a rappel\u00e9 que les inscriptions des demandeurs de formation qui ont d\u00e9but\u00e9 le 9 juillet en cours s\u2019\u00e9talera jusqu\u2019au 16 septembre \u00e0 travers tous les \u00e9tablissements de la formation professionnelle, alors que les journ\u00e9es de s\u00e9lection et d\u2019orientation seront organis\u00e9es du 17 au 19 septembre 2017.<\/p>\n<\/div>\n<p>&#013;<br \/>\nSource: <a href=\"http:\/\/www.aps.dz\/algerie\/61214-formation-professionnelle-plus-de-370-000-postes-de-formation-prevus-pour-la-prochaine-rentree\" target=\"_blank\">Formation professionnelle: plus de 370.000 postes de formation pr\u00e9vus pour la prochaine rentr\u00e9e\u00a0<\/a><\/p>\n<!--CusAds0-->\n<div style=\"font-size: 0px; height: 0px; line-height: 0px; margin: 0; padding: 0; clear: both;\"><\/div>","protected":false},"excerpt":{"rendered":"<p>ALGER- Plus de 370.000 postes de formation sont pr\u00e9vus par le minist\u00e8re de la Formation et de l&rsquo;Enseignement professionnels, pour la prochaine rentr\u00e9e de la formation le 24 septembre prochain \u00e0 l&rsquo;\u00e9chelle nationale, a appris l&rsquo;APS dimanche aupr\u00e8s du minist\u00e8re. &#013; &#013; \u00ab\u00a0Le secteur offre plus de 370.000 postes de formation pour la session de<\/p>\n","protected":false},"author":6,"featured_media":14624,"comment_status":"open","ping_status":"open","sticky":false,"template":"","format":"standard","meta":{"footnotes":""},"categories":[22],"tags":[93],"class_list":["post-14623","post","type-post","status-publish","format-standard","has-post-thumbnail","hentry","category-infos","tag-onu"],"yoast_head":"<!-- This site is optimized with the Yoast SEO plugin v27.5 - https:\/\/yoast.com\/product\/yoast-seo-wordpress\/ -->\n<title>Formation professionnelle: plus de 370.000 postes de formation pr\u00e9vus pour la prochaine rentr\u00e9e\u00a0 - info algerie<\/title>\n<meta name=\"robots\" content=\"index, follow, max-snippet:-1, max-image-preview:large, max-video-preview:-1\" \/>\n<link rel=\"canonical\" href=\"https:\/\/www.info-algerie.com\/actualites\/formation-professionnelle-plus-de-370-000-postes-de-formation-prevus-pour-la-prochaine-rentree\/\" \/>\n<meta property=\"og:locale\" content=\"fr_FR\" \/>\n<meta property=\"og:type\" content=\"article\" \/>\n<meta property=\"og:title\" content=\"Formation professionnelle: plus de 370.000 postes de formation pr\u00e9vus pour la prochaine rentr\u00e9e\u00a0 - info algerie\" \/>\n<meta property=\"og:description\" content=\"ALGER- Plus de 370.000 postes de formation sont pr\u00e9vus par le minist\u00e8re de la Formation et de l&rsquo;Enseignement professionnels, pour la prochaine rentr\u00e9e de la formation le 24 septembre prochain \u00e0 l&rsquo;\u00e9chelle nationale, a appris l&rsquo;APS dimanche aupr\u00e8s du minist\u00e8re. &#013; &#013; \u00ab\u00a0Le secteur offre plus de 370.000 postes de formation pour la session de\" \/>\n<meta property=\"og:url\" content=\"https:\/\/www.info-algerie.com\/actualites\/formation-professionnelle-plus-de-370-000-postes-de-formation-prevus-pour-la-prochaine-rentree\/\" \/>\n<meta property=\"og:site_name\" content=\"info algerie\" \/>\n<meta property=\"article:publisher\" content=\"https:\/\/www.facebook.com\/infoalgerieactu\" \/>\n<meta property=\"article:published_time\" content=\"2017-07-31T10:05:32+00:00\" \/>\n<meta property=\"og:image\" content=\"https:\/\/www.info-algerie.com\/actualites\/wp-content\/uploads\/2017\/07\/ac4f0510093fbc6548147f1b8aa6329f_S-1.jpg\" \/>\n\t<meta property=\"og:image:width\" content=\"280\" \/>\n\t<meta property=\"og:image:height\" content=\"169\" \/>\n\t<meta property=\"og:image:type\" content=\"image\/jpeg\" \/>\n<meta name=\"author\" content=\"La r\u00e9daction\" \/>\n<meta name=\"twitter:label1\" content=\"\u00c9crit par\" \/>\n\t<meta name=\"twitter:data1\" content=\"La r\u00e9daction\" \/>\n\t<meta name=\"twitter:label2\" content=\"Dur\u00e9e de lecture estim\u00e9e\" \/>\n\t<meta name=\"twitter:data2\" content=\"2 minutes\" \/>\n<script type=\"application\/ld+json\" class=\"yoast-schema-graph\">{\"@context\":\"https:\\\/\\\/schema.org\",\"@graph\":[{\"@type\":\"Article\",\"@id\":\"https:\\\/\\\/www.info-algerie.com\\\/actualites\\\/formation-professionnelle-plus-de-370-000-postes-de-formation-prevus-pour-la-prochaine-rentree\\\/#article\",\"isPartOf\":{\"@id\":\"https:\\\/\\\/www.info-algerie.com\\\/actualites\\\/formation-professionnelle-plus-de-370-000-postes-de-formation-prevus-pour-la-prochaine-rentree\\\/\"},\"author\":{\"name\":\"La r\u00e9daction\",\"@id\":\"https:\\\/\\\/www.info-algerie.com\\\/actualites\\\/#\\\/schema\\\/person\\\/847aaec44920825b843a08f30ec6aa1e\"},\"headline\":\"Formation professionnelle: plus de 370.000 postes de formation pr\u00e9vus pour la prochaine rentr\u00e9e\u00a0\",\"datePublished\":\"2017-07-31T10:05:32+00:00\",\"mainEntityOfPage\":{\"@id\":\"https:\\\/\\\/www.info-algerie.com\\\/actualites\\\/formation-professionnelle-plus-de-370-000-postes-de-formation-prevus-pour-la-prochaine-rentree\\\/\"},\"wordCount\":460,\"commentCount\":0,\"publisher\":{\"@id\":\"https:\\\/\\\/www.info-algerie.com\\\/actualites\\\/#organization\"},\"image\":{\"@id\":\"https:\\\/\\\/www.info-algerie.com\\\/actualites\\\/formation-professionnelle-plus-de-370-000-postes-de-formation-prevus-pour-la-prochaine-rentree\\\/#primaryimage\"},\"thumbnailUrl\":\"https:\\\/\\\/www.info-algerie.com\\\/actualites\\\/wp-content\\\/uploads\\\/2017\\\/07\\\/ac4f0510093fbc6548147f1b8aa6329f_S-1.jpg\",\"keywords\":[\"ONU\"],\"articleSection\":[\"infos\"],\"inLanguage\":\"fr-FR\",\"potentialAction\":[{\"@type\":\"CommentAction\",\"name\":\"Comment\",\"target\":[\"https:\\\/\\\/www.info-algerie.com\\\/actualites\\\/formation-professionnelle-plus-de-370-000-postes-de-formation-prevus-pour-la-prochaine-rentree\\\/#respond\"]}]},{\"@type\":\"WebPage\",\"@id\":\"https:\\\/\\\/www.info-algerie.com\\\/actualites\\\/formation-professionnelle-plus-de-370-000-postes-de-formation-prevus-pour-la-prochaine-rentree\\\/\",\"url\":\"https:\\\/\\\/www.info-algerie.com\\\/actualites\\\/formation-professionnelle-plus-de-370-000-postes-de-formation-prevus-pour-la-prochaine-rentree\\\/\",\"name\":\"Formation professionnelle: plus de 370.000 postes de formation pr\u00e9vus pour la prochaine rentr\u00e9e\u00a0 - info algerie\",\"isPartOf\":{\"@id\":\"https:\\\/\\\/www.info-algerie.com\\\/actualites\\\/#website\"},\"primaryImageOfPage\":{\"@id\":\"https:\\\/\\\/www.info-algerie.com\\\/actualites\\\/formation-professionnelle-plus-de-370-000-postes-de-formation-prevus-pour-la-prochaine-rentree\\\/#primaryimage\"},\"image\":{\"@id\":\"https:\\\/\\\/www.info-algerie.com\\\/actualites\\\/formation-professionnelle-plus-de-370-000-postes-de-formation-prevus-pour-la-prochaine-rentree\\\/#primaryimage\"},\"thumbnailUrl\":\"https:\\\/\\\/www.info-algerie.com\\\/actualites\\\/wp-content\\\/uploads\\\/2017\\\/07\\\/ac4f0510093fbc6548147f1b8aa6329f_S-1.jpg\",\"datePublished\":\"2017-07-31T10:05:32+00:00\",\"breadcrumb\":{\"@id\":\"https:\\\/\\\/www.info-algerie.com\\\/actualites\\\/formation-professionnelle-plus-de-370-000-postes-de-formation-prevus-pour-la-prochaine-rentree\\\/#breadcrumb\"},\"inLanguage\":\"fr-FR\",\"potentialAction\":[{\"@type\":\"ReadAction\",\"target\":[\"https:\\\/\\\/www.info-algerie.com\\\/actualites\\\/formation-professionnelle-plus-de-370-000-postes-de-formation-prevus-pour-la-prochaine-rentree\\\/\"]}]},{\"@type\":\"ImageObject\",\"inLanguage\":\"fr-FR\",\"@id\":\"https:\\\/\\\/www.info-algerie.com\\\/actualites\\\/formation-professionnelle-plus-de-370-000-postes-de-formation-prevus-pour-la-prochaine-rentree\\\/#primaryimage\",\"url\":\"https:\\\/\\\/www.info-algerie.com\\\/actualites\\\/wp-content\\\/uploads\\\/2017\\\/07\\\/ac4f0510093fbc6548147f1b8aa6329f_S-1.jpg\",\"contentUrl\":\"https:\\\/\\\/www.info-algerie.com\\\/actualites\\\/wp-content\\\/uploads\\\/2017\\\/07\\\/ac4f0510093fbc6548147f1b8aa6329f_S-1.jpg\",\"width\":280,\"height\":169},{\"@type\":\"BreadcrumbList\",\"@id\":\"https:\\\/\\\/www.info-algerie.com\\\/actualites\\\/formation-professionnelle-plus-de-370-000-postes-de-formation-prevus-pour-la-prochaine-rentree\\\/#breadcrumb\",\"itemListElement\":[{\"@type\":\"ListItem\",\"position\":1,\"name\":\"Accueil\",\"item\":\"https:\\\/\\\/www.info-algerie.com\\\/actualites\\\/\"},{\"@type\":\"ListItem\",\"position\":2,\"name\":\"Formation professionnelle: plus de 370.000 postes de formation pr\u00e9vus pour la prochaine rentr\u00e9e\u00a0\"}]},{\"@type\":\"WebSite\",\"@id\":\"https:\\\/\\\/www.info-algerie.com\\\/actualites\\\/#website\",\"url\":\"https:\\\/\\\/www.info-algerie.com\\\/actualites\\\/\",\"name\":\"info algerie\",\"description\":\"Toutes les actualit\u00e9s\",\"publisher\":{\"@id\":\"https:\\\/\\\/www.info-algerie.com\\\/actualites\\\/#organization\"},\"potentialAction\":[{\"@type\":\"SearchAction\",\"target\":{\"@type\":\"EntryPoint\",\"urlTemplate\":\"https:\\\/\\\/www.info-algerie.com\\\/actualites\\\/?s={search_term_string}\"},\"query-input\":{\"@type\":\"PropertyValueSpecification\",\"valueRequired\":true,\"valueName\":\"search_term_string\"}}],\"inLanguage\":\"fr-FR\"},{\"@type\":\"Organization\",\"@id\":\"https:\\\/\\\/www.info-algerie.com\\\/actualites\\\/#organization\",\"name\":\"info algerie\",\"url\":\"https:\\\/\\\/www.info-algerie.com\\\/actualites\\\/\",\"logo\":{\"@type\":\"ImageObject\",\"inLanguage\":\"fr-FR\",\"@id\":\"https:\\\/\\\/www.info-algerie.com\\\/actualites\\\/#\\\/schema\\\/logo\\\/image\\\/\",\"url\":\"https:\\\/\\\/www.info-algerie.com\\\/actualites\\\/wp-content\\\/uploads\\\/2022\\\/07\\\/logo-ia-120.png\",\"contentUrl\":\"https:\\\/\\\/www.info-algerie.com\\\/actualites\\\/wp-content\\\/uploads\\\/2022\\\/07\\\/logo-ia-120.png\",\"width\":120,\"height\":43,\"caption\":\"info algerie\"},\"image\":{\"@id\":\"https:\\\/\\\/www.info-algerie.com\\\/actualites\\\/#\\\/schema\\\/logo\\\/image\\\/\"},\"sameAs\":[\"https:\\\/\\\/www.facebook.com\\\/infoalgerieactu\",\"https:\\\/\\\/x.com\\\/infoalgerie1\"]},{\"@type\":\"Person\",\"@id\":\"https:\\\/\\\/www.info-algerie.com\\\/actualites\\\/#\\\/schema\\\/person\\\/847aaec44920825b843a08f30ec6aa1e\",\"name\":\"La r\u00e9daction\",\"image\":{\"@type\":\"ImageObject\",\"inLanguage\":\"fr-FR\",\"@id\":\"https:\\\/\\\/secure.gravatar.com\\\/avatar\\\/769db425c6f465158149f1ffd6cf61ce7a8a879d11dfbef8288af36dfddd418c?s=96&d=mm&r=g\",\"url\":\"https:\\\/\\\/secure.gravatar.com\\\/avatar\\\/769db425c6f465158149f1ffd6cf61ce7a8a879d11dfbef8288af36dfddd418c?s=96&d=mm&r=g\",\"contentUrl\":\"https:\\\/\\\/secure.gravatar.com\\\/avatar\\\/769db425c6f465158149f1ffd6cf61ce7a8a879d11dfbef8288af36dfddd418c?s=96&d=mm&r=g\",\"caption\":\"La r\u00e9daction\"},\"sameAs\":[\"http:\\\/\\\/www.lkeria.com\\\/\"],\"url\":\"https:\\\/\\\/www.info-algerie.com\\\/actualites\\\/author\\\/chakib32\\\/\"}]}<\/script>\n<!-- \/ Yoast SEO plugin. -->","yoast_head_json":{"title":"Formation professionnelle: plus de 370.000 postes de formation pr\u00e9vus pour la prochaine rentr\u00e9e\u00a0 - info algerie","robots":{"index":"index","follow":"follow","max-snippet":"max-snippet:-1","max-image-preview":"max-image-preview:large","max-video-preview":"max-video-preview:-1"},"canonical":"https:\/\/www.info-algerie.com\/actualites\/formation-professionnelle-plus-de-370-000-postes-de-formation-prevus-pour-la-prochaine-rentree\/","og_locale":"fr_FR","og_type":"article","og_title":"Formation professionnelle: plus de 370.000 postes de formation pr\u00e9vus pour la prochaine rentr\u00e9e\u00a0 - info algerie","og_description":"ALGER- Plus de 370.000 postes de formation sont pr\u00e9vus par le minist\u00e8re de la Formation et de l&rsquo;Enseignement professionnels, pour la prochaine rentr\u00e9e de la formation le 24 septembre prochain \u00e0 l&rsquo;\u00e9chelle nationale, a appris l&rsquo;APS dimanche aupr\u00e8s du minist\u00e8re. &#013; &#013; \u00ab\u00a0Le secteur offre plus de 370.000 postes de formation pour la session de","og_url":"https:\/\/www.info-algerie.com\/actualites\/formation-professionnelle-plus-de-370-000-postes-de-formation-prevus-pour-la-prochaine-rentree\/","og_site_name":"info algerie","article_publisher":"https:\/\/www.facebook.com\/infoalgerieactu","article_published_time":"2017-07-31T10:05:32+00:00","og_image":[{"width":280,"height":169,"url":"https:\/\/www.info-algerie.com\/actualites\/wp-content\/uploads\/2017\/07\/ac4f0510093fbc6548147f1b8aa6329f_S-1.jpg","type":"image\/jpeg"}],"author":"La r\u00e9daction","twitter_misc":{"\u00c9crit par":"La r\u00e9daction","Dur\u00e9e de lecture estim\u00e9e":"2 minutes"},"schema":{"@context":"https:\/\/schema.org","@graph":[{"@type":"Article","@id":"https:\/\/www.info-algerie.com\/actualites\/formation-professionnelle-plus-de-370-000-postes-de-formation-prevus-pour-la-prochaine-rentree\/#article","isPartOf":{"@id":"https:\/\/www.info-algerie.com\/actualites\/formation-professionnelle-plus-de-370-000-postes-de-formation-prevus-pour-la-prochaine-rentree\/"},"author":{"name":"La r\u00e9daction","@id":"https:\/\/www.info-algerie.com\/actualites\/#\/schema\/person\/847aaec44920825b843a08f30ec6aa1e"},"headline":"Formation professionnelle: plus de 370.000 postes de formation pr\u00e9vus pour la prochaine rentr\u00e9e\u00a0","datePublished":"2017-07-31T10:05:32+00:00","mainEntityOfPage":{"@id":"https:\/\/www.info-algerie.com\/actualites\/formation-professionnelle-plus-de-370-000-postes-de-formation-prevus-pour-la-prochaine-rentree\/"},"wordCount":460,"commentCount":0,"publisher":{"@id":"https:\/\/www.info-algerie.com\/actualites\/#organization"},"image":{"@id":"https:\/\/www.info-algerie.com\/actualites\/formation-professionnelle-plus-de-370-000-postes-de-formation-prevus-pour-la-prochaine-rentree\/#primaryimage"},"thumbnailUrl":"https:\/\/www.info-algerie.com\/actualites\/wp-content\/uploads\/2017\/07\/ac4f0510093fbc6548147f1b8aa6329f_S-1.jpg","keywords":["ONU"],"articleSection":["infos"],"inLanguage":"fr-FR","potentialAction":[{"@type":"CommentAction","name":"Comment","target":["https:\/\/www.info-algerie.com\/actualites\/formation-professionnelle-plus-de-370-000-postes-de-formation-prevus-pour-la-prochaine-rentree\/#respond"]}]},{"@type":"WebPage","@id":"https:\/\/www.info-algerie.com\/actualites\/formation-professionnelle-plus-de-370-000-postes-de-formation-prevus-pour-la-prochaine-rentree\/","url":"https:\/\/www.info-algerie.com\/actualites\/formation-professionnelle-plus-de-370-000-postes-de-formation-prevus-pour-la-prochaine-rentree\/","name":"Formation professionnelle: plus de 370.000 postes de formation pr\u00e9vus pour la prochaine rentr\u00e9e\u00a0 - info algerie","isPartOf":{"@id":"https:\/\/www.info-algerie.com\/actualites\/#website"},"primaryImageOfPage":{"@id":"https:\/\/www.info-algerie.com\/actualites\/formation-professionnelle-plus-de-370-000-postes-de-formation-prevus-pour-la-prochaine-rentree\/#primaryimage"},"image":{"@id":"https:\/\/www.info-algerie.com\/actualites\/formation-professionnelle-plus-de-370-000-postes-de-formation-prevus-pour-la-prochaine-rentree\/#primaryimage"},"thumbnailUrl":"https:\/\/www.info-algerie.com\/actualites\/wp-content\/uploads\/2017\/07\/ac4f0510093fbc6548147f1b8aa6329f_S-1.jpg","datePublished":"2017-07-31T10:05:32+00:00","breadcrumb":{"@id":"https:\/\/www.info-algerie.com\/actualites\/formation-professionnelle-plus-de-370-000-postes-de-formation-prevus-pour-la-prochaine-rentree\/#breadcrumb"},"inLanguage":"fr-FR","potentialAction":[{"@type":"ReadAction","target":["https:\/\/www.info-algerie.com\/actualites\/formation-professionnelle-plus-de-370-000-postes-de-formation-prevus-pour-la-prochaine-rentree\/"]}]},{"@type":"ImageObject","inLanguage":"fr-FR","@id":"https:\/\/www.info-algerie.com\/actualites\/formation-professionnelle-plus-de-370-000-postes-de-formation-prevus-pour-la-prochaine-rentree\/#primaryimage","url":"https:\/\/www.info-algerie.com\/actualites\/wp-content\/uploads\/2017\/07\/ac4f0510093fbc6548147f1b8aa6329f_S-1.jpg","contentUrl":"https:\/\/www.info-algerie.com\/actualites\/wp-content\/uploads\/2017\/07\/ac4f0510093fbc6548147f1b8aa6329f_S-1.jpg","width":280,"height":169},{"@type":"BreadcrumbList","@id":"https:\/\/www.info-algerie.com\/actualites\/formation-professionnelle-plus-de-370-000-postes-de-formation-prevus-pour-la-prochaine-rentree\/#breadcrumb","itemListElement":[{"@type":"ListItem","position":1,"name":"Accueil","item":"https:\/\/www.info-algerie.com\/actualites\/"},{"@type":"ListItem","position":2,"name":"Formation professionnelle: plus de 370.000 postes de formation pr\u00e9vus pour la prochaine rentr\u00e9e\u00a0"}]},{"@type":"WebSite","@id":"https:\/\/www.info-algerie.com\/actualites\/#website","url":"https:\/\/www.info-algerie.com\/actualites\/","name":"info algerie","description":"Toutes les actualit\u00e9s","publisher":{"@id":"https:\/\/www.info-algerie.com\/actualites\/#organization"},"potentialAction":[{"@type":"SearchAction","target":{"@type":"EntryPoint","urlTemplate":"https:\/\/www.info-algerie.com\/actualites\/?s={search_term_string}"},"query-input":{"@type":"PropertyValueSpecification","valueRequired":true,"valueName":"search_term_string"}}],"inLanguage":"fr-FR"},{"@type":"Organization","@id":"https:\/\/www.info-algerie.com\/actualites\/#organization","name":"info algerie","url":"https:\/\/www.info-algerie.com\/actualites\/","logo":{"@type":"ImageObject","inLanguage":"fr-FR","@id":"https:\/\/www.info-algerie.com\/actualites\/#\/schema\/logo\/image\/","url":"https:\/\/www.info-algerie.com\/actualites\/wp-content\/uploads\/2022\/07\/logo-ia-120.png","contentUrl":"https:\/\/www.info-algerie.com\/actualites\/wp-content\/uploads\/2022\/07\/logo-ia-120.png","width":120,"height":43,"caption":"info algerie"},"image":{"@id":"https:\/\/www.info-algerie.com\/actualites\/#\/schema\/logo\/image\/"},"sameAs":["https:\/\/www.facebook.com\/infoalgerieactu","https:\/\/x.com\/infoalgerie1"]},{"@type":"Person","@id":"https:\/\/www.info-algerie.com\/actualites\/#\/schema\/person\/847aaec44920825b843a08f30ec6aa1e","name":"La r\u00e9daction","image":{"@type":"ImageObject","inLanguage":"fr-FR","@id":"https:\/\/secure.gravatar.com\/avatar\/769db425c6f465158149f1ffd6cf61ce7a8a879d11dfbef8288af36dfddd418c?s=96&d=mm&r=g","url":"https:\/\/secure.gravatar.com\/avatar\/769db425c6f465158149f1ffd6cf61ce7a8a879d11dfbef8288af36dfddd418c?s=96&d=mm&r=g","contentUrl":"https:\/\/secure.gravatar.com\/avatar\/769db425c6f465158149f1ffd6cf61ce7a8a879d11dfbef8288af36dfddd418c?s=96&d=mm&r=g","caption":"La r\u00e9daction"},"sameAs":["http:\/\/www.lkeria.com\/"],"url":"https:\/\/www.info-algerie.com\/actualites\/author\/chakib32\/"}]}},"_links":{"self":[{"href":"https:\/\/www.info-algerie.com\/actualites\/wp-json\/wp\/v2\/posts\/14623","targetHints":{"allow":["GET"]}}],"collection":[{"href":"https:\/\/www.info-algerie.com\/actualites\/wp-json\/wp\/v2\/posts"}],"about":[{"href":"https:\/\/www.info-algerie.com\/actualites\/wp-json\/wp\/v2\/types\/post"}],"author":[{"embeddable":true,"href":"https:\/\/www.info-algerie.com\/actualites\/wp-json\/wp\/v2\/users\/6"}],"replies":[{"embeddable":true,"href":"https:\/\/www.info-algerie.com\/actualites\/wp-json\/wp\/v2\/comments?post=14623"}],"version-history":[{"count":0,"href":"https:\/\/www.info-algerie.com\/actualites\/wp-json\/wp\/v2\/posts\/14623\/revisions"}],"wp:featuredmedia":[{"embeddable":true,"href":"https:\/\/www.info-algerie.com\/actualites\/wp-json\/wp\/v2\/media\/14624"}],"wp:attachment":[{"href":"https:\/\/www.info-algerie.com\/actualites\/wp-json\/wp\/v2\/media?parent=14623"}],"wp:term":[{"taxonomy":"category","embeddable":true,"href":"https:\/\/www.info-algerie.com\/actualites\/wp-json\/wp\/v2\/categories?post=14623"},{"taxonomy":"post_tag","embeddable":true,"href":"https:\/\/www.info-algerie.com\/actualites\/wp-json\/wp\/v2\/tags?post=14623"}],"curies":[{"name":"wp","href":"https:\/\/api.w.org\/{rel}","templated":true}]}}