{"id":14626,"date":"2017-07-31T10:58:59","date_gmt":"2017-07-31T09:58:59","guid":{"rendered":"http:\/\/www.info-algerie.com\/actualites\/m-messahel-sentretient-a-djedda-avec-son-homologue-saoudien\/"},"modified":"2017-07-31T10:58:59","modified_gmt":"2017-07-31T09:58:59","slug":"m-messahel-sentretient-a-djedda-avec-son-homologue-saoudien","status":"publish","type":"post","link":"https:\/\/www.info-algerie.com\/actualites\/m-messahel-sentretient-a-djedda-avec-son-homologue-saoudien\/","title":{"rendered":"M. Messahel s\u2019entretient \u00e0 Djedda avec son homologue saoudien\u00a0"},"content":{"rendered":"<div class=\"K2FeedImage\"><img decoding=\"async\" src=\"https:\/\/www.info-algerie.com\/actualites\/wp-content\/uploads\/2017\/07\/fcd29970316cb4e525ebcd5d503639b3_S.jpg\" alt=\"M. Messahel s&#x2019;entretient &#xE0; Djedda avec son homologue saoudien&#xA0;\" \/><\/div>\n<div class=\"K2FeedIntroText\">\n<p>ALGER &#8211; Le ministre des Affaires \u00e9trang\u00e8res, <a href=\"http:\/\/www.aps.dz\/algerie\/61166-messahel-en-tournee-au-moyen-orient-a-partir-de-dimanche\">Abdelkader Messahel<\/a>, s\u2019est entretenu dimanche \u00e0 Djedda, avec son homologue saoudien, Adel Al-Jubeir, a indiqu\u00e9 lundi un communiqu\u00e9 du minist\u00e8re des Affaires \u00e9trang\u00e8res.\u00a0<\/p>\n<p>&#013;\n<\/p><\/div>\n<div class=\"K2FeedFullText\">&#013;<\/p>\n<p>Lors de cette rencontre, les deux ministres \u00ab\u00a0se sont f\u00e9licit\u00e9s de la qualit\u00e9 des relations entre l\u2019Alg\u00e9rie et l\u2019Arabie Saoudite, de la consultation r\u00e9guli\u00e8re ainsi que de la coordination permanente entre les deux pays, conform\u00e9ment aux directives donn\u00e9es par le Pr\u00e9sident Abdelaziz Bouteflika et le Roi Salmane Ben Abdelaziz Al Saoud\u00a0\u00bb, a soulign\u00e9 la m\u00eame source.<\/p>\n<p>&#013;<\/p>\n<p>Cette rencontre \u00ab\u00a0a permis aux deux ministres d\u2019examiner l\u2019\u00e9tat des relations entre les deux pays ainsi que les voies et moyens de leur renforcement et de leur \u00e9largissement \u00e0 tous les domaines, et ce \u00e0 l\u2019occasion des prochaines \u00e9ch\u00e9ances inscrites \u00e0 l\u2019agenda de la coop\u00e9ration bilat\u00e9rale, en particulier la prochaine session de la Commission mixte alg\u00e9ro-saoudienne\u00a0\u00bb.\u00a0\u00a0<\/p>\n<p>&#013;<\/p>\n<p>L\u2019entretien a, \u00e9galement, port\u00e9 sur les questions r\u00e9gionales et internationales d\u2019int\u00e9r\u00eat commun.\u00a0<\/p>\n<p>&#013;<\/p>\n<p>A ce titre, les situations de crise et les conflits que conna\u00eet le monde arabe \u00ab\u00a0ont \u00e9t\u00e9 abord\u00e9s en particulier dans le Golfe, en Libye, au Y\u00e9men et en Syrie ainsi que la question palestinienne\u00a0\u00bb.\u00a0<\/p>\n<p>&#013;<\/p>\n<p>MM. Messahel et Al-Jubeir \u00ab\u00a0ont proc\u00e9d\u00e9 \u00e0 un \u00e9change de vue approfondi sur les voies et moyens \u00e0 m\u00eame de redynamiser l\u2019action arabe commune et de la mettre au service du retour de la stabilit\u00e9 et de la s\u00e9curit\u00e9 dans le monde arabe, en l\u2019orientant vers les principales pr\u00e9occupations qui interpellent les Etats arabes, en particulier la multiplication des foyers de tensions et la lutte contre le terrorisme et l\u2019extr\u00e9misme violent\u00a0\u00bb, conclut le communiqu\u00e9.\u00a0<\/p>\n<\/div>\n<p>&#013;<br \/>\nSource: <a href=\"http:\/\/www.aps.dz\/algerie\/61213-m-messahel-s-entretient-a-djedda-avec-son-homologue-saoudien\" target=\"_blank\">M. Messahel s\u2019entretient \u00e0 Djedda avec son homologue saoudien\u00a0<\/a><\/p>\n<!--CusAds0-->\n<div style=\"font-size: 0px; height: 0px; line-height: 0px; margin: 0; padding: 0; clear: both;\"><\/div>","protected":false},"excerpt":{"rendered":"<p>ALGER &#8211; Le ministre des Affaires \u00e9trang\u00e8res, Abdelkader Messahel, s\u2019est entretenu dimanche \u00e0 Djedda, avec son homologue saoudien, Adel Al-Jubeir, a indiqu\u00e9 lundi un communiqu\u00e9 du minist\u00e8re des Affaires \u00e9trang\u00e8res.\u00a0 &#013; &#013; Lors de cette rencontre, les deux ministres \u00ab\u00a0se sont f\u00e9licit\u00e9s de la qualit\u00e9 des relations entre l\u2019Alg\u00e9rie et l\u2019Arabie Saoudite, de la consultation<\/p>\n","protected":false},"author":6,"featured_media":14627,"comment_status":"open","ping_status":"open","sticky":false,"template":"","format":"standard","meta":{"footnotes":""},"categories":[22],"tags":[93],"class_list":["post-14626","post","type-post","status-publish","format-standard","has-post-thumbnail","hentry","category-infos","tag-onu"],"yoast_head":"<!-- This site is optimized with the Yoast SEO plugin v27.5 - https:\/\/yoast.com\/product\/yoast-seo-wordpress\/ -->\n<title>M. Messahel s\u2019entretient \u00e0 Djedda avec son homologue saoudien\u00a0 - info algerie<\/title>\n<meta name=\"robots\" content=\"index, follow, max-snippet:-1, max-image-preview:large, max-video-preview:-1\" \/>\n<link rel=\"canonical\" href=\"https:\/\/www.info-algerie.com\/actualites\/m-messahel-sentretient-a-djedda-avec-son-homologue-saoudien\/\" \/>\n<meta property=\"og:locale\" content=\"fr_FR\" \/>\n<meta property=\"og:type\" content=\"article\" \/>\n<meta property=\"og:title\" content=\"M. Messahel s\u2019entretient \u00e0 Djedda avec son homologue saoudien\u00a0 - info algerie\" \/>\n<meta property=\"og:description\" content=\"ALGER &#8211; Le ministre des Affaires \u00e9trang\u00e8res, Abdelkader Messahel, s\u2019est entretenu dimanche \u00e0 Djedda, avec son homologue saoudien, Adel Al-Jubeir, a indiqu\u00e9 lundi un communiqu\u00e9 du minist\u00e8re des Affaires \u00e9trang\u00e8res.\u00a0 &#013; &#013; Lors de cette rencontre, les deux ministres \u00ab\u00a0se sont f\u00e9licit\u00e9s de la qualit\u00e9 des relations entre l\u2019Alg\u00e9rie et l\u2019Arabie Saoudite, de la consultation\" \/>\n<meta property=\"og:url\" content=\"https:\/\/www.info-algerie.com\/actualites\/m-messahel-sentretient-a-djedda-avec-son-homologue-saoudien\/\" \/>\n<meta property=\"og:site_name\" content=\"info algerie\" \/>\n<meta property=\"article:publisher\" content=\"https:\/\/www.facebook.com\/infoalgerieactu\" \/>\n<meta property=\"article:published_time\" content=\"2017-07-31T09:58:59+00:00\" \/>\n<meta property=\"og:image\" content=\"https:\/\/www.info-algerie.com\/actualites\/wp-content\/uploads\/2017\/07\/fcd29970316cb4e525ebcd5d503639b3_S-1.jpg\" \/>\n\t<meta property=\"og:image:width\" content=\"280\" \/>\n\t<meta property=\"og:image:height\" content=\"169\" \/>\n\t<meta property=\"og:image:type\" content=\"image\/jpeg\" \/>\n<meta name=\"author\" content=\"La r\u00e9daction\" \/>\n<meta name=\"twitter:label1\" content=\"\u00c9crit par\" \/>\n\t<meta name=\"twitter:data1\" content=\"La r\u00e9daction\" \/>\n\t<meta name=\"twitter:label2\" content=\"Dur\u00e9e de lecture estim\u00e9e\" \/>\n\t<meta name=\"twitter:data2\" content=\"2 minutes\" \/>\n<script type=\"application\/ld+json\" class=\"yoast-schema-graph\">{\"@context\":\"https:\\\/\\\/schema.org\",\"@graph\":[{\"@type\":\"Article\",\"@id\":\"https:\\\/\\\/www.info-algerie.com\\\/actualites\\\/m-messahel-sentretient-a-djedda-avec-son-homologue-saoudien\\\/#article\",\"isPartOf\":{\"@id\":\"https:\\\/\\\/www.info-algerie.com\\\/actualites\\\/m-messahel-sentretient-a-djedda-avec-son-homologue-saoudien\\\/\"},\"author\":{\"name\":\"La r\u00e9daction\",\"@id\":\"https:\\\/\\\/www.info-algerie.com\\\/actualites\\\/#\\\/schema\\\/person\\\/847aaec44920825b843a08f30ec6aa1e\"},\"headline\":\"M. Messahel s\u2019entretient \u00e0 Djedda avec son homologue saoudien\u00a0\",\"datePublished\":\"2017-07-31T09:58:59+00:00\",\"mainEntityOfPage\":{\"@id\":\"https:\\\/\\\/www.info-algerie.com\\\/actualites\\\/m-messahel-sentretient-a-djedda-avec-son-homologue-saoudien\\\/\"},\"wordCount\":315,\"commentCount\":0,\"publisher\":{\"@id\":\"https:\\\/\\\/www.info-algerie.com\\\/actualites\\\/#organization\"},\"image\":{\"@id\":\"https:\\\/\\\/www.info-algerie.com\\\/actualites\\\/m-messahel-sentretient-a-djedda-avec-son-homologue-saoudien\\\/#primaryimage\"},\"thumbnailUrl\":\"https:\\\/\\\/www.info-algerie.com\\\/actualites\\\/wp-content\\\/uploads\\\/2017\\\/07\\\/fcd29970316cb4e525ebcd5d503639b3_S-1.jpg\",\"keywords\":[\"ONU\"],\"articleSection\":[\"infos\"],\"inLanguage\":\"fr-FR\",\"potentialAction\":[{\"@type\":\"CommentAction\",\"name\":\"Comment\",\"target\":[\"https:\\\/\\\/www.info-algerie.com\\\/actualites\\\/m-messahel-sentretient-a-djedda-avec-son-homologue-saoudien\\\/#respond\"]}]},{\"@type\":\"WebPage\",\"@id\":\"https:\\\/\\\/www.info-algerie.com\\\/actualites\\\/m-messahel-sentretient-a-djedda-avec-son-homologue-saoudien\\\/\",\"url\":\"https:\\\/\\\/www.info-algerie.com\\\/actualites\\\/m-messahel-sentretient-a-djedda-avec-son-homologue-saoudien\\\/\",\"name\":\"M. Messahel s\u2019entretient \u00e0 Djedda avec son homologue saoudien\u00a0 - info algerie\",\"isPartOf\":{\"@id\":\"https:\\\/\\\/www.info-algerie.com\\\/actualites\\\/#website\"},\"primaryImageOfPage\":{\"@id\":\"https:\\\/\\\/www.info-algerie.com\\\/actualites\\\/m-messahel-sentretient-a-djedda-avec-son-homologue-saoudien\\\/#primaryimage\"},\"image\":{\"@id\":\"https:\\\/\\\/www.info-algerie.com\\\/actualites\\\/m-messahel-sentretient-a-djedda-avec-son-homologue-saoudien\\\/#primaryimage\"},\"thumbnailUrl\":\"https:\\\/\\\/www.info-algerie.com\\\/actualites\\\/wp-content\\\/uploads\\\/2017\\\/07\\\/fcd29970316cb4e525ebcd5d503639b3_S-1.jpg\",\"datePublished\":\"2017-07-31T09:58:59+00:00\",\"breadcrumb\":{\"@id\":\"https:\\\/\\\/www.info-algerie.com\\\/actualites\\\/m-messahel-sentretient-a-djedda-avec-son-homologue-saoudien\\\/#breadcrumb\"},\"inLanguage\":\"fr-FR\",\"potentialAction\":[{\"@type\":\"ReadAction\",\"target\":[\"https:\\\/\\\/www.info-algerie.com\\\/actualites\\\/m-messahel-sentretient-a-djedda-avec-son-homologue-saoudien\\\/\"]}]},{\"@type\":\"ImageObject\",\"inLanguage\":\"fr-FR\",\"@id\":\"https:\\\/\\\/www.info-algerie.com\\\/actualites\\\/m-messahel-sentretient-a-djedda-avec-son-homologue-saoudien\\\/#primaryimage\",\"url\":\"https:\\\/\\\/www.info-algerie.com\\\/actualites\\\/wp-content\\\/uploads\\\/2017\\\/07\\\/fcd29970316cb4e525ebcd5d503639b3_S-1.jpg\",\"contentUrl\":\"https:\\\/\\\/www.info-algerie.com\\\/actualites\\\/wp-content\\\/uploads\\\/2017\\\/07\\\/fcd29970316cb4e525ebcd5d503639b3_S-1.jpg\",\"width\":280,\"height\":169},{\"@type\":\"BreadcrumbList\",\"@id\":\"https:\\\/\\\/www.info-algerie.com\\\/actualites\\\/m-messahel-sentretient-a-djedda-avec-son-homologue-saoudien\\\/#breadcrumb\",\"itemListElement\":[{\"@type\":\"ListItem\",\"position\":1,\"name\":\"Accueil\",\"item\":\"https:\\\/\\\/www.info-algerie.com\\\/actualites\\\/\"},{\"@type\":\"ListItem\",\"position\":2,\"name\":\"M. Messahel s\u2019entretient \u00e0 Djedda avec son homologue saoudien\u00a0\"}]},{\"@type\":\"WebSite\",\"@id\":\"https:\\\/\\\/www.info-algerie.com\\\/actualites\\\/#website\",\"url\":\"https:\\\/\\\/www.info-algerie.com\\\/actualites\\\/\",\"name\":\"info algerie\",\"description\":\"Toutes les actualit\u00e9s\",\"publisher\":{\"@id\":\"https:\\\/\\\/www.info-algerie.com\\\/actualites\\\/#organization\"},\"potentialAction\":[{\"@type\":\"SearchAction\",\"target\":{\"@type\":\"EntryPoint\",\"urlTemplate\":\"https:\\\/\\\/www.info-algerie.com\\\/actualites\\\/?s={search_term_string}\"},\"query-input\":{\"@type\":\"PropertyValueSpecification\",\"valueRequired\":true,\"valueName\":\"search_term_string\"}}],\"inLanguage\":\"fr-FR\"},{\"@type\":\"Organization\",\"@id\":\"https:\\\/\\\/www.info-algerie.com\\\/actualites\\\/#organization\",\"name\":\"info algerie\",\"url\":\"https:\\\/\\\/www.info-algerie.com\\\/actualites\\\/\",\"logo\":{\"@type\":\"ImageObject\",\"inLanguage\":\"fr-FR\",\"@id\":\"https:\\\/\\\/www.info-algerie.com\\\/actualites\\\/#\\\/schema\\\/logo\\\/image\\\/\",\"url\":\"https:\\\/\\\/www.info-algerie.com\\\/actualites\\\/wp-content\\\/uploads\\\/2022\\\/07\\\/logo-ia-120.png\",\"contentUrl\":\"https:\\\/\\\/www.info-algerie.com\\\/actualites\\\/wp-content\\\/uploads\\\/2022\\\/07\\\/logo-ia-120.png\",\"width\":120,\"height\":43,\"caption\":\"info algerie\"},\"image\":{\"@id\":\"https:\\\/\\\/www.info-algerie.com\\\/actualites\\\/#\\\/schema\\\/logo\\\/image\\\/\"},\"sameAs\":[\"https:\\\/\\\/www.facebook.com\\\/infoalgerieactu\",\"https:\\\/\\\/x.com\\\/infoalgerie1\"]},{\"@type\":\"Person\",\"@id\":\"https:\\\/\\\/www.info-algerie.com\\\/actualites\\\/#\\\/schema\\\/person\\\/847aaec44920825b843a08f30ec6aa1e\",\"name\":\"La r\u00e9daction\",\"image\":{\"@type\":\"ImageObject\",\"inLanguage\":\"fr-FR\",\"@id\":\"https:\\\/\\\/secure.gravatar.com\\\/avatar\\\/769db425c6f465158149f1ffd6cf61ce7a8a879d11dfbef8288af36dfddd418c?s=96&d=mm&r=g\",\"url\":\"https:\\\/\\\/secure.gravatar.com\\\/avatar\\\/769db425c6f465158149f1ffd6cf61ce7a8a879d11dfbef8288af36dfddd418c?s=96&d=mm&r=g\",\"contentUrl\":\"https:\\\/\\\/secure.gravatar.com\\\/avatar\\\/769db425c6f465158149f1ffd6cf61ce7a8a879d11dfbef8288af36dfddd418c?s=96&d=mm&r=g\",\"caption\":\"La r\u00e9daction\"},\"sameAs\":[\"http:\\\/\\\/www.lkeria.com\\\/\"],\"url\":\"https:\\\/\\\/www.info-algerie.com\\\/actualites\\\/author\\\/chakib32\\\/\"}]}<\/script>\n<!-- \/ Yoast SEO plugin. -->","yoast_head_json":{"title":"M. Messahel s\u2019entretient \u00e0 Djedda avec son homologue saoudien\u00a0 - info algerie","robots":{"index":"index","follow":"follow","max-snippet":"max-snippet:-1","max-image-preview":"max-image-preview:large","max-video-preview":"max-video-preview:-1"},"canonical":"https:\/\/www.info-algerie.com\/actualites\/m-messahel-sentretient-a-djedda-avec-son-homologue-saoudien\/","og_locale":"fr_FR","og_type":"article","og_title":"M. Messahel s\u2019entretient \u00e0 Djedda avec son homologue saoudien\u00a0 - info algerie","og_description":"ALGER &#8211; Le ministre des Affaires \u00e9trang\u00e8res, Abdelkader Messahel, s\u2019est entretenu dimanche \u00e0 Djedda, avec son homologue saoudien, Adel Al-Jubeir, a indiqu\u00e9 lundi un communiqu\u00e9 du minist\u00e8re des Affaires \u00e9trang\u00e8res.\u00a0 &#013; &#013; Lors de cette rencontre, les deux ministres \u00ab\u00a0se sont f\u00e9licit\u00e9s de la qualit\u00e9 des relations entre l\u2019Alg\u00e9rie et l\u2019Arabie Saoudite, de la consultation","og_url":"https:\/\/www.info-algerie.com\/actualites\/m-messahel-sentretient-a-djedda-avec-son-homologue-saoudien\/","og_site_name":"info algerie","article_publisher":"https:\/\/www.facebook.com\/infoalgerieactu","article_published_time":"2017-07-31T09:58:59+00:00","og_image":[{"width":280,"height":169,"url":"https:\/\/www.info-algerie.com\/actualites\/wp-content\/uploads\/2017\/07\/fcd29970316cb4e525ebcd5d503639b3_S-1.jpg","type":"image\/jpeg"}],"author":"La r\u00e9daction","twitter_misc":{"\u00c9crit par":"La r\u00e9daction","Dur\u00e9e de lecture estim\u00e9e":"2 minutes"},"schema":{"@context":"https:\/\/schema.org","@graph":[{"@type":"Article","@id":"https:\/\/www.info-algerie.com\/actualites\/m-messahel-sentretient-a-djedda-avec-son-homologue-saoudien\/#article","isPartOf":{"@id":"https:\/\/www.info-algerie.com\/actualites\/m-messahel-sentretient-a-djedda-avec-son-homologue-saoudien\/"},"author":{"name":"La r\u00e9daction","@id":"https:\/\/www.info-algerie.com\/actualites\/#\/schema\/person\/847aaec44920825b843a08f30ec6aa1e"},"headline":"M. Messahel s\u2019entretient \u00e0 Djedda avec son homologue saoudien\u00a0","datePublished":"2017-07-31T09:58:59+00:00","mainEntityOfPage":{"@id":"https:\/\/www.info-algerie.com\/actualites\/m-messahel-sentretient-a-djedda-avec-son-homologue-saoudien\/"},"wordCount":315,"commentCount":0,"publisher":{"@id":"https:\/\/www.info-algerie.com\/actualites\/#organization"},"image":{"@id":"https:\/\/www.info-algerie.com\/actualites\/m-messahel-sentretient-a-djedda-avec-son-homologue-saoudien\/#primaryimage"},"thumbnailUrl":"https:\/\/www.info-algerie.com\/actualites\/wp-content\/uploads\/2017\/07\/fcd29970316cb4e525ebcd5d503639b3_S-1.jpg","keywords":["ONU"],"articleSection":["infos"],"inLanguage":"fr-FR","potentialAction":[{"@type":"CommentAction","name":"Comment","target":["https:\/\/www.info-algerie.com\/actualites\/m-messahel-sentretient-a-djedda-avec-son-homologue-saoudien\/#respond"]}]},{"@type":"WebPage","@id":"https:\/\/www.info-algerie.com\/actualites\/m-messahel-sentretient-a-djedda-avec-son-homologue-saoudien\/","url":"https:\/\/www.info-algerie.com\/actualites\/m-messahel-sentretient-a-djedda-avec-son-homologue-saoudien\/","name":"M. Messahel s\u2019entretient \u00e0 Djedda avec son homologue saoudien\u00a0 - info algerie","isPartOf":{"@id":"https:\/\/www.info-algerie.com\/actualites\/#website"},"primaryImageOfPage":{"@id":"https:\/\/www.info-algerie.com\/actualites\/m-messahel-sentretient-a-djedda-avec-son-homologue-saoudien\/#primaryimage"},"image":{"@id":"https:\/\/www.info-algerie.com\/actualites\/m-messahel-sentretient-a-djedda-avec-son-homologue-saoudien\/#primaryimage"},"thumbnailUrl":"https:\/\/www.info-algerie.com\/actualites\/wp-content\/uploads\/2017\/07\/fcd29970316cb4e525ebcd5d503639b3_S-1.jpg","datePublished":"2017-07-31T09:58:59+00:00","breadcrumb":{"@id":"https:\/\/www.info-algerie.com\/actualites\/m-messahel-sentretient-a-djedda-avec-son-homologue-saoudien\/#breadcrumb"},"inLanguage":"fr-FR","potentialAction":[{"@type":"ReadAction","target":["https:\/\/www.info-algerie.com\/actualites\/m-messahel-sentretient-a-djedda-avec-son-homologue-saoudien\/"]}]},{"@type":"ImageObject","inLanguage":"fr-FR","@id":"https:\/\/www.info-algerie.com\/actualites\/m-messahel-sentretient-a-djedda-avec-son-homologue-saoudien\/#primaryimage","url":"https:\/\/www.info-algerie.com\/actualites\/wp-content\/uploads\/2017\/07\/fcd29970316cb4e525ebcd5d503639b3_S-1.jpg","contentUrl":"https:\/\/www.info-algerie.com\/actualites\/wp-content\/uploads\/2017\/07\/fcd29970316cb4e525ebcd5d503639b3_S-1.jpg","width":280,"height":169},{"@type":"BreadcrumbList","@id":"https:\/\/www.info-algerie.com\/actualites\/m-messahel-sentretient-a-djedda-avec-son-homologue-saoudien\/#breadcrumb","itemListElement":[{"@type":"ListItem","position":1,"name":"Accueil","item":"https:\/\/www.info-algerie.com\/actualites\/"},{"@type":"ListItem","position":2,"name":"M. Messahel s\u2019entretient \u00e0 Djedda avec son homologue saoudien\u00a0"}]},{"@type":"WebSite","@id":"https:\/\/www.info-algerie.com\/actualites\/#website","url":"https:\/\/www.info-algerie.com\/actualites\/","name":"info algerie","description":"Toutes les actualit\u00e9s","publisher":{"@id":"https:\/\/www.info-algerie.com\/actualites\/#organization"},"potentialAction":[{"@type":"SearchAction","target":{"@type":"EntryPoint","urlTemplate":"https:\/\/www.info-algerie.com\/actualites\/?s={search_term_string}"},"query-input":{"@type":"PropertyValueSpecification","valueRequired":true,"valueName":"search_term_string"}}],"inLanguage":"fr-FR"},{"@type":"Organization","@id":"https:\/\/www.info-algerie.com\/actualites\/#organization","name":"info algerie","url":"https:\/\/www.info-algerie.com\/actualites\/","logo":{"@type":"ImageObject","inLanguage":"fr-FR","@id":"https:\/\/www.info-algerie.com\/actualites\/#\/schema\/logo\/image\/","url":"https:\/\/www.info-algerie.com\/actualites\/wp-content\/uploads\/2022\/07\/logo-ia-120.png","contentUrl":"https:\/\/www.info-algerie.com\/actualites\/wp-content\/uploads\/2022\/07\/logo-ia-120.png","width":120,"height":43,"caption":"info algerie"},"image":{"@id":"https:\/\/www.info-algerie.com\/actualites\/#\/schema\/logo\/image\/"},"sameAs":["https:\/\/www.facebook.com\/infoalgerieactu","https:\/\/x.com\/infoalgerie1"]},{"@type":"Person","@id":"https:\/\/www.info-algerie.com\/actualites\/#\/schema\/person\/847aaec44920825b843a08f30ec6aa1e","name":"La r\u00e9daction","image":{"@type":"ImageObject","inLanguage":"fr-FR","@id":"https:\/\/secure.gravatar.com\/avatar\/769db425c6f465158149f1ffd6cf61ce7a8a879d11dfbef8288af36dfddd418c?s=96&d=mm&r=g","url":"https:\/\/secure.gravatar.com\/avatar\/769db425c6f465158149f1ffd6cf61ce7a8a879d11dfbef8288af36dfddd418c?s=96&d=mm&r=g","contentUrl":"https:\/\/secure.gravatar.com\/avatar\/769db425c6f465158149f1ffd6cf61ce7a8a879d11dfbef8288af36dfddd418c?s=96&d=mm&r=g","caption":"La r\u00e9daction"},"sameAs":["http:\/\/www.lkeria.com\/"],"url":"https:\/\/www.info-algerie.com\/actualites\/author\/chakib32\/"}]}},"_links":{"self":[{"href":"https:\/\/www.info-algerie.com\/actualites\/wp-json\/wp\/v2\/posts\/14626","targetHints":{"allow":["GET"]}}],"collection":[{"href":"https:\/\/www.info-algerie.com\/actualites\/wp-json\/wp\/v2\/posts"}],"about":[{"href":"https:\/\/www.info-algerie.com\/actualites\/wp-json\/wp\/v2\/types\/post"}],"author":[{"embeddable":true,"href":"https:\/\/www.info-algerie.com\/actualites\/wp-json\/wp\/v2\/users\/6"}],"replies":[{"embeddable":true,"href":"https:\/\/www.info-algerie.com\/actualites\/wp-json\/wp\/v2\/comments?post=14626"}],"version-history":[{"count":0,"href":"https:\/\/www.info-algerie.com\/actualites\/wp-json\/wp\/v2\/posts\/14626\/revisions"}],"wp:featuredmedia":[{"embeddable":true,"href":"https:\/\/www.info-algerie.com\/actualites\/wp-json\/wp\/v2\/media\/14627"}],"wp:attachment":[{"href":"https:\/\/www.info-algerie.com\/actualites\/wp-json\/wp\/v2\/media?parent=14626"}],"wp:term":[{"taxonomy":"category","embeddable":true,"href":"https:\/\/www.info-algerie.com\/actualites\/wp-json\/wp\/v2\/categories?post=14626"},{"taxonomy":"post_tag","embeddable":true,"href":"https:\/\/www.info-algerie.com\/actualites\/wp-json\/wp\/v2\/tags?post=14626"}],"curies":[{"name":"wp","href":"https:\/\/api.w.org\/{rel}","templated":true}]}}