{"id":1463,"date":"2015-10-22T23:22:00","date_gmt":"2015-10-22T22:22:00","guid":{"rendered":"http:\/\/www.info-algerie.com\/actualites\/le-prix-du-president-de-la-republique-du-journaliste-professionnel-attribue-a-huit-laureats\/"},"modified":"2015-10-23T18:23:59","modified_gmt":"2015-10-23T17:23:59","slug":"le-prix-du-president-de-la-republique-du-journaliste-professionnel-attribue-a-huit-laureats","status":"publish","type":"post","link":"https:\/\/www.info-algerie.com\/actualites\/le-prix-du-president-de-la-republique-du-journaliste-professionnel-attribue-a-huit-laureats\/","title":{"rendered":"le Prix du pr\u00e9sident du journaliste professionnel attribu\u00e9 \u00e0 huit laur\u00e9ats"},"content":{"rendered":"<div class=\"K2FeedImage\"><\/div>\n<div class=\"K2FeedIntroText\">\n<p style=\"text-align: justify;\"><a href=\"https:\/\/www.info-algerie.com\/actualites\/wp-content\/uploads\/2015\/10\/le-Prix-du-pr\u00e9sident-du-journaliste-professionnel-.jpg\"><img loading=\"lazy\" decoding=\"async\" class=\" wp-image-1471 alignleft\" src=\"https:\/\/www.info-algerie.com\/actualites\/wp-content\/uploads\/2015\/10\/le-Prix-du-pr\u00e9sident-du-journaliste-professionnel--300x170.jpg\" alt=\"le Prix du pr\u00e9sident du journaliste professionnel\" width=\"182\" height=\"103\" srcset=\"https:\/\/www.info-algerie.com\/actualites\/wp-content\/uploads\/2015\/10\/le-Prix-du-pr\u00e9sident-du-journaliste-professionnel--300x170.jpg 300w, https:\/\/www.info-algerie.com\/actualites\/wp-content\/uploads\/2015\/10\/le-Prix-du-pr\u00e9sident-du-journaliste-professionnel-.jpg 600w\" sizes=\"auto, (max-width: 182px) 100vw, 182px\" \/><\/a>Le prix du Pr\u00e9sident de la R\u00e9publique du journaliste professionnel a \u00e9t\u00e9 attribu\u00e9 \u00e0 huit laur\u00e9ats exer\u00e7ant dans diff\u00e9rentes cat\u00e9gories de la presse, sur les quinze distinctions pr\u00e9vues et pour lesquelles 140 candidats ont postul\u00e9.<\/p>\n<p style=\"text-align: justify;\">Le premier prix de la cat\u00e9gorie t\u00e9l\u00e9visuelle, d&rsquo;une valeur de 1 million DA, \u00e9t\u00e9 attribu\u00e9 au journaliste de l&rsquo;Entreprise nationale de t\u00e9l\u00e9vision (Entv), Nasserdine Bouchaib pour son reportage intitul\u00e9 \u00ab\u00a0L&rsquo;h\u00e9morragie\u00a0\u00bb. Il lui a \u00e9t\u00e9 remis des mains du Premier ministre, Abdelmalek Sellal.<\/p>\n<p style=\"text-align: justify;\">Exer\u00e7ant dans la m\u00eame entreprise, Nabil Othmania s&rsquo;est vu d\u00e9cern\u00e9 le second prix dans la m\u00eame cat\u00e9gorie, d&rsquo;une valeur de 500.000 DA, pour son reportage sur la \u00ab\u00a0production nationale\u00a0\u00bb.<\/p>\n<p style=\"text-align: justify;\">Le troisi\u00e8me prix dans cette cat\u00e9gorie n&rsquo;a pas \u00e9t\u00e9 attribu\u00e9 en raison de \u00ab\u00a0<strong>l&rsquo;absence de crit\u00e8re de qualit\u00e9<\/strong>\u00ab\u00a0, a estim\u00e9 le jury.<\/p>\n<p style=\"text-align: justify;\"><strong>Pour la m\u00eame consid\u00e9ration, le premier prix dans la cat\u00e9gorie presse \u00e9crite n&rsquo;a \u00e9galement pas \u00e9t\u00e9 attribu\u00e9<\/strong>, alors que le second a \u00e9t\u00e9 d\u00e9cern\u00e9 \u00e0 Djamila Hocine du journal r\u00e9gional (Ouest) El-Djoumhouria pour un reportage intitul\u00e9 \u00ab\u00a0De Tamanrasset \u00e0 In-Salah\u00a0\u00bb.<\/p>\n<p style=\"text-align: justify;\">Le troisi\u00e8me troph\u00e9e est revenu \u00e0 Zohir Mebarki du quotidien L&rsquo;Expression, pour un \u00e9ditorial intitul\u00e9 \u00ab\u00a0Oui, mais&#8230;\u00a0\u00bb, d&rsquo;une valeur de 300.000 DA.<\/p>\n<p style=\"text-align: justify;\">S&rsquo;agissant des travaux radiophoniques, le premier rendu s\u00e9lectionn\u00e9 est celui d&rsquo;Ahmed Guerni de la station de Gharda\u00efa, intitul\u00e9 \u00a0\u00bb Les dattes de Gharda\u00efa, le chemin vers la mondialisation\u00a0\u00bb, tandis que la journaliste de la Cha\u00eene III de la radio nationale, Souhilla El-Hachemi pour une interview r\u00e9alis\u00e9e avec le ministre de l&rsquo;Industrie et des Mines, Abdesslem Bouchouareb.<\/p>\n<p style=\"text-align: justify;\">Le troisi\u00e8me prix est revenu \u00e0 El-Hadi Oulhassi de la station r\u00e9gionale de Skikda, pour son travail intitul\u00e9 \u00ab\u00a0Exp\u00e9riences r\u00e9ussies\u00a0\u00bb.<\/p>\n<p style=\"text-align: justify;\">Outre l&rsquo;attribution du prix du Pr\u00e9sident de la R\u00e9publique du journaliste professionnel, des hommages ont \u00e9t\u00e9 rendus symboliquement et \u00e0 titre posthume au journaliste Malik Ait-Aoudia et \u00e0 la pr\u00e9sentatrice de t\u00e9l\u00e9vision, Amina Belouizdad.<\/p>\n<p style=\"text-align: justify;\">Il en a \u00e9t\u00e9 de m\u00eame pour le Directeur de la station radiophonique de B\u00e9char, Mustapha Bendehina, pour l&rsquo;ensemble de son parcours journalistique.<\/p>\n<p style=\"text-align: justify;\">Les membres du jury du prix du pr\u00e9sident de la\u00a0 R\u00e9publique du journaliste professionnel, pr\u00e9sid\u00e9 par l&rsquo;ancien ministre de la Communication, Lamine Bechichi, ont \u00e9galement \u00e9t\u00e9 symboliquement distingu\u00e9s.<\/p>\n<p style=\"text-align: justify;\">Les noms des laur\u00e9ats du prix ont \u00e9t\u00e9 annonc\u00e9s lors d&rsquo;une c\u00e9r\u00e9monie organis\u00e9e \u00e0 la r\u00e9sidence El-Mithak, en pr\u00e9sence notamment du pr\u00e9sident de l&rsquo;Assembl\u00e9e populaire nationale (APN), Mohamed Larbi Ould Khelifa, du Premier ministre Abdelmalek Sellal, du ministre de la Communication, Hamid Grine, de membres du Gouvernement, des Directeurs d&rsquo;organes de presse et de nombreux journalistes.<\/p>\n<p style=\"text-align: justify;\">\u00ab\u00a0Le Prix du pr\u00e9sident de la R\u00e9publique du journaliste professionnel est un prix pour le professionnalisme et l&rsquo;\u00e9thique et s&rsquo;inscrit dans le cadre du projet du pr\u00e9sident de la R\u00e9publique visant la professionnalisation de la presse\u00a0\u00bb, avait soulign\u00e9 M. Grine dans son allocution inaugurale de la c\u00e9r\u00e9monie.<\/p>\n<p style=\"text-align: justify;\">Le pr\u00e9sident Bouteflika avait annonc\u00e9, le 3 mai 2014, \u00e0 l&rsquo;occasion de la Journ\u00e9e internationale de la presse, l&rsquo;institution de ce prix \u00a0\u00bb en reconnaissance de la nation pour les efforts soutenus et d\u00e9vou\u00e9s des journalistes professionnels\u00a0\u00bb<\/p>\n<p style=\"text-align: justify;\">A noter enfin, que des accords cadres entre le minist\u00e8re de la Communication et ceux des Transports, du Tourisme et de l&rsquo;Artisanat et de la Poste et des Technologies de l&rsquo;information et de la Communication (Tic), ont \u00e9t\u00e9 paraph\u00e9s lors de cette c\u00e9r\u00e9monie.<\/p>\n<p style=\"text-align: justify;\">Les conventions en question pr\u00e9voient des r\u00e9ductions au profit des professionnels de la presse, dans ces domaines.<\/p>\n<\/div>\n<p>Source: <a href=\"http:\/\/www.aps.dz\/algerie\/30352-le-prix-du-pr%C3%A9sident-de-la-r%C3%A9publique-du-journaliste-professionnel-attribu%C3%A9-%C3%A0-huit-laur%C3%A9ats\" target=\"_blank\">Le Prix du pr\u00e9sident de la R\u00e9publique du journaliste professionnel attribu\u00e9 \u00e0 huit laur\u00e9ats<\/a><\/p>\n<!--CusAds0-->\n<div style=\"font-size: 0px; height: 0px; line-height: 0px; margin: 0; padding: 0; clear: both;\"><\/div>","protected":false},"excerpt":{"rendered":"<p>Le prix du Pr\u00e9sident de la R\u00e9publique du journaliste professionnel a \u00e9t\u00e9 attribu\u00e9 \u00e0 huit laur\u00e9ats exer\u00e7ant dans diff\u00e9rentes cat\u00e9gories de la presse, sur les quinze distinctions pr\u00e9vues et pour lesquelles 140 candidats ont postul\u00e9. Le premier prix de la cat\u00e9gorie t\u00e9l\u00e9visuelle, d&rsquo;une valeur de 1 million DA, \u00e9t\u00e9 attribu\u00e9 au journaliste de l&rsquo;Entreprise nationale<\/p>\n","protected":false},"author":6,"featured_media":1471,"comment_status":"open","ping_status":"open","sticky":false,"template":"","format":"standard","meta":{"footnotes":""},"categories":[22],"tags":[93],"class_list":["post-1463","post","type-post","status-publish","format-standard","has-post-thumbnail","hentry","category-infos","tag-onu"],"yoast_head":"<!-- This site is optimized with the Yoast SEO plugin v27.5 - https:\/\/yoast.com\/product\/yoast-seo-wordpress\/ -->\n<title>le Prix du pr\u00e9sident du journaliste professionnel<\/title>\n<meta name=\"description\" content=\"le Prix du pr\u00e9sident du journaliste professionnel attribu\u00e9 \u00e0 huit laur\u00e9ats exer\u00e7ant dans diff\u00e9rentes cat\u00e9gories de la presse\" \/>\n<meta name=\"robots\" content=\"index, follow, max-snippet:-1, max-image-preview:large, max-video-preview:-1\" \/>\n<link rel=\"canonical\" href=\"https:\/\/www.info-algerie.com\/actualites\/le-prix-du-president-de-la-republique-du-journaliste-professionnel-attribue-a-huit-laureats\/\" \/>\n<meta property=\"og:locale\" content=\"fr_FR\" \/>\n<meta property=\"og:type\" content=\"article\" \/>\n<meta property=\"og:title\" content=\"le Prix du pr\u00e9sident du journaliste professionnel\" \/>\n<meta property=\"og:description\" content=\"le Prix du pr\u00e9sident du journaliste professionnel attribu\u00e9 \u00e0 huit laur\u00e9ats exer\u00e7ant dans diff\u00e9rentes cat\u00e9gories de la presse\" \/>\n<meta property=\"og:url\" content=\"https:\/\/www.info-algerie.com\/actualites\/le-prix-du-president-de-la-republique-du-journaliste-professionnel-attribue-a-huit-laureats\/\" \/>\n<meta property=\"og:site_name\" content=\"info algerie\" \/>\n<meta property=\"article:publisher\" content=\"https:\/\/www.facebook.com\/infoalgerieactu\" \/>\n<meta property=\"article:published_time\" content=\"2015-10-22T22:22:00+00:00\" \/>\n<meta property=\"article:modified_time\" content=\"2015-10-23T17:23:59+00:00\" \/>\n<meta property=\"og:image\" content=\"https:\/\/www.info-algerie.com\/actualites\/wp-content\/uploads\/2015\/10\/le-Prix-du-pr\u00e9sident-du-journaliste-professionnel-.jpg\" \/>\n\t<meta property=\"og:image:width\" content=\"600\" \/>\n\t<meta property=\"og:image:height\" content=\"339\" \/>\n\t<meta property=\"og:image:type\" content=\"image\/jpeg\" \/>\n<meta name=\"author\" content=\"La r\u00e9daction\" \/>\n<meta name=\"twitter:label1\" content=\"\u00c9crit par\" \/>\n\t<meta name=\"twitter:data1\" content=\"La r\u00e9daction\" \/>\n\t<meta name=\"twitter:label2\" content=\"Dur\u00e9e de lecture estim\u00e9e\" \/>\n\t<meta name=\"twitter:data2\" content=\"3 minutes\" \/>\n<script type=\"application\/ld+json\" class=\"yoast-schema-graph\">{\"@context\":\"https:\\\/\\\/schema.org\",\"@graph\":[{\"@type\":\"Article\",\"@id\":\"https:\\\/\\\/www.info-algerie.com\\\/actualites\\\/le-prix-du-president-de-la-republique-du-journaliste-professionnel-attribue-a-huit-laureats\\\/#article\",\"isPartOf\":{\"@id\":\"https:\\\/\\\/www.info-algerie.com\\\/actualites\\\/le-prix-du-president-de-la-republique-du-journaliste-professionnel-attribue-a-huit-laureats\\\/\"},\"author\":{\"name\":\"La r\u00e9daction\",\"@id\":\"https:\\\/\\\/www.info-algerie.com\\\/actualites\\\/#\\\/schema\\\/person\\\/847aaec44920825b843a08f30ec6aa1e\"},\"headline\":\"le Prix du pr\u00e9sident du journaliste professionnel attribu\u00e9 \u00e0 huit laur\u00e9ats\",\"datePublished\":\"2015-10-22T22:22:00+00:00\",\"dateModified\":\"2015-10-23T17:23:59+00:00\",\"mainEntityOfPage\":{\"@id\":\"https:\\\/\\\/www.info-algerie.com\\\/actualites\\\/le-prix-du-president-de-la-republique-du-journaliste-professionnel-attribue-a-huit-laureats\\\/\"},\"wordCount\":662,\"commentCount\":0,\"publisher\":{\"@id\":\"https:\\\/\\\/www.info-algerie.com\\\/actualites\\\/#organization\"},\"image\":{\"@id\":\"https:\\\/\\\/www.info-algerie.com\\\/actualites\\\/le-prix-du-president-de-la-republique-du-journaliste-professionnel-attribue-a-huit-laureats\\\/#primaryimage\"},\"thumbnailUrl\":\"https:\\\/\\\/www.info-algerie.com\\\/actualites\\\/wp-content\\\/uploads\\\/2015\\\/10\\\/le-Prix-du-pr\u00e9sident-du-journaliste-professionnel-.jpg\",\"keywords\":[\"ONU\"],\"articleSection\":[\"infos\"],\"inLanguage\":\"fr-FR\",\"potentialAction\":[{\"@type\":\"CommentAction\",\"name\":\"Comment\",\"target\":[\"https:\\\/\\\/www.info-algerie.com\\\/actualites\\\/le-prix-du-president-de-la-republique-du-journaliste-professionnel-attribue-a-huit-laureats\\\/#respond\"]}]},{\"@type\":\"WebPage\",\"@id\":\"https:\\\/\\\/www.info-algerie.com\\\/actualites\\\/le-prix-du-president-de-la-republique-du-journaliste-professionnel-attribue-a-huit-laureats\\\/\",\"url\":\"https:\\\/\\\/www.info-algerie.com\\\/actualites\\\/le-prix-du-president-de-la-republique-du-journaliste-professionnel-attribue-a-huit-laureats\\\/\",\"name\":\"le Prix du pr\u00e9sident du journaliste professionnel\",\"isPartOf\":{\"@id\":\"https:\\\/\\\/www.info-algerie.com\\\/actualites\\\/#website\"},\"primaryImageOfPage\":{\"@id\":\"https:\\\/\\\/www.info-algerie.com\\\/actualites\\\/le-prix-du-president-de-la-republique-du-journaliste-professionnel-attribue-a-huit-laureats\\\/#primaryimage\"},\"image\":{\"@id\":\"https:\\\/\\\/www.info-algerie.com\\\/actualites\\\/le-prix-du-president-de-la-republique-du-journaliste-professionnel-attribue-a-huit-laureats\\\/#primaryimage\"},\"thumbnailUrl\":\"https:\\\/\\\/www.info-algerie.com\\\/actualites\\\/wp-content\\\/uploads\\\/2015\\\/10\\\/le-Prix-du-pr\u00e9sident-du-journaliste-professionnel-.jpg\",\"datePublished\":\"2015-10-22T22:22:00+00:00\",\"dateModified\":\"2015-10-23T17:23:59+00:00\",\"description\":\"le Prix du pr\u00e9sident du journaliste professionnel attribu\u00e9 \u00e0 huit laur\u00e9ats exer\u00e7ant dans diff\u00e9rentes cat\u00e9gories de la presse\",\"breadcrumb\":{\"@id\":\"https:\\\/\\\/www.info-algerie.com\\\/actualites\\\/le-prix-du-president-de-la-republique-du-journaliste-professionnel-attribue-a-huit-laureats\\\/#breadcrumb\"},\"inLanguage\":\"fr-FR\",\"potentialAction\":[{\"@type\":\"ReadAction\",\"target\":[\"https:\\\/\\\/www.info-algerie.com\\\/actualites\\\/le-prix-du-president-de-la-republique-du-journaliste-professionnel-attribue-a-huit-laureats\\\/\"]}]},{\"@type\":\"ImageObject\",\"inLanguage\":\"fr-FR\",\"@id\":\"https:\\\/\\\/www.info-algerie.com\\\/actualites\\\/le-prix-du-president-de-la-republique-du-journaliste-professionnel-attribue-a-huit-laureats\\\/#primaryimage\",\"url\":\"https:\\\/\\\/www.info-algerie.com\\\/actualites\\\/wp-content\\\/uploads\\\/2015\\\/10\\\/le-Prix-du-pr\u00e9sident-du-journaliste-professionnel-.jpg\",\"contentUrl\":\"https:\\\/\\\/www.info-algerie.com\\\/actualites\\\/wp-content\\\/uploads\\\/2015\\\/10\\\/le-Prix-du-pr\u00e9sident-du-journaliste-professionnel-.jpg\",\"width\":600,\"height\":339,\"caption\":\"le Prix du pr\u00e9sident du journaliste professionnel\"},{\"@type\":\"BreadcrumbList\",\"@id\":\"https:\\\/\\\/www.info-algerie.com\\\/actualites\\\/le-prix-du-president-de-la-republique-du-journaliste-professionnel-attribue-a-huit-laureats\\\/#breadcrumb\",\"itemListElement\":[{\"@type\":\"ListItem\",\"position\":1,\"name\":\"Accueil\",\"item\":\"https:\\\/\\\/www.info-algerie.com\\\/actualites\\\/\"},{\"@type\":\"ListItem\",\"position\":2,\"name\":\"le Prix du pr\u00e9sident du journaliste professionnel attribu\u00e9 \u00e0 huit laur\u00e9ats\"}]},{\"@type\":\"WebSite\",\"@id\":\"https:\\\/\\\/www.info-algerie.com\\\/actualites\\\/#website\",\"url\":\"https:\\\/\\\/www.info-algerie.com\\\/actualites\\\/\",\"name\":\"info algerie\",\"description\":\"Toutes les actualit\u00e9s\",\"publisher\":{\"@id\":\"https:\\\/\\\/www.info-algerie.com\\\/actualites\\\/#organization\"},\"potentialAction\":[{\"@type\":\"SearchAction\",\"target\":{\"@type\":\"EntryPoint\",\"urlTemplate\":\"https:\\\/\\\/www.info-algerie.com\\\/actualites\\\/?s={search_term_string}\"},\"query-input\":{\"@type\":\"PropertyValueSpecification\",\"valueRequired\":true,\"valueName\":\"search_term_string\"}}],\"inLanguage\":\"fr-FR\"},{\"@type\":\"Organization\",\"@id\":\"https:\\\/\\\/www.info-algerie.com\\\/actualites\\\/#organization\",\"name\":\"info algerie\",\"url\":\"https:\\\/\\\/www.info-algerie.com\\\/actualites\\\/\",\"logo\":{\"@type\":\"ImageObject\",\"inLanguage\":\"fr-FR\",\"@id\":\"https:\\\/\\\/www.info-algerie.com\\\/actualites\\\/#\\\/schema\\\/logo\\\/image\\\/\",\"url\":\"https:\\\/\\\/www.info-algerie.com\\\/actualites\\\/wp-content\\\/uploads\\\/2022\\\/07\\\/logo-ia-120.png\",\"contentUrl\":\"https:\\\/\\\/www.info-algerie.com\\\/actualites\\\/wp-content\\\/uploads\\\/2022\\\/07\\\/logo-ia-120.png\",\"width\":120,\"height\":43,\"caption\":\"info algerie\"},\"image\":{\"@id\":\"https:\\\/\\\/www.info-algerie.com\\\/actualites\\\/#\\\/schema\\\/logo\\\/image\\\/\"},\"sameAs\":[\"https:\\\/\\\/www.facebook.com\\\/infoalgerieactu\",\"https:\\\/\\\/x.com\\\/infoalgerie1\"]},{\"@type\":\"Person\",\"@id\":\"https:\\\/\\\/www.info-algerie.com\\\/actualites\\\/#\\\/schema\\\/person\\\/847aaec44920825b843a08f30ec6aa1e\",\"name\":\"La r\u00e9daction\",\"image\":{\"@type\":\"ImageObject\",\"inLanguage\":\"fr-FR\",\"@id\":\"https:\\\/\\\/secure.gravatar.com\\\/avatar\\\/769db425c6f465158149f1ffd6cf61ce7a8a879d11dfbef8288af36dfddd418c?s=96&d=mm&r=g\",\"url\":\"https:\\\/\\\/secure.gravatar.com\\\/avatar\\\/769db425c6f465158149f1ffd6cf61ce7a8a879d11dfbef8288af36dfddd418c?s=96&d=mm&r=g\",\"contentUrl\":\"https:\\\/\\\/secure.gravatar.com\\\/avatar\\\/769db425c6f465158149f1ffd6cf61ce7a8a879d11dfbef8288af36dfddd418c?s=96&d=mm&r=g\",\"caption\":\"La r\u00e9daction\"},\"sameAs\":[\"http:\\\/\\\/www.lkeria.com\\\/\"],\"url\":\"https:\\\/\\\/www.info-algerie.com\\\/actualites\\\/author\\\/chakib32\\\/\"}]}<\/script>\n<!-- \/ Yoast SEO plugin. -->","yoast_head_json":{"title":"le Prix du pr\u00e9sident du journaliste professionnel","description":"le Prix du pr\u00e9sident du journaliste professionnel attribu\u00e9 \u00e0 huit laur\u00e9ats exer\u00e7ant dans diff\u00e9rentes cat\u00e9gories de la presse","robots":{"index":"index","follow":"follow","max-snippet":"max-snippet:-1","max-image-preview":"max-image-preview:large","max-video-preview":"max-video-preview:-1"},"canonical":"https:\/\/www.info-algerie.com\/actualites\/le-prix-du-president-de-la-republique-du-journaliste-professionnel-attribue-a-huit-laureats\/","og_locale":"fr_FR","og_type":"article","og_title":"le Prix du pr\u00e9sident du journaliste professionnel","og_description":"le Prix du pr\u00e9sident du journaliste professionnel attribu\u00e9 \u00e0 huit laur\u00e9ats exer\u00e7ant dans diff\u00e9rentes cat\u00e9gories de la presse","og_url":"https:\/\/www.info-algerie.com\/actualites\/le-prix-du-president-de-la-republique-du-journaliste-professionnel-attribue-a-huit-laureats\/","og_site_name":"info algerie","article_publisher":"https:\/\/www.facebook.com\/infoalgerieactu","article_published_time":"2015-10-22T22:22:00+00:00","article_modified_time":"2015-10-23T17:23:59+00:00","og_image":[{"width":600,"height":339,"url":"https:\/\/www.info-algerie.com\/actualites\/wp-content\/uploads\/2015\/10\/le-Prix-du-pr\u00e9sident-du-journaliste-professionnel-.jpg","type":"image\/jpeg"}],"author":"La r\u00e9daction","twitter_misc":{"\u00c9crit par":"La r\u00e9daction","Dur\u00e9e de lecture estim\u00e9e":"3 minutes"},"schema":{"@context":"https:\/\/schema.org","@graph":[{"@type":"Article","@id":"https:\/\/www.info-algerie.com\/actualites\/le-prix-du-president-de-la-republique-du-journaliste-professionnel-attribue-a-huit-laureats\/#article","isPartOf":{"@id":"https:\/\/www.info-algerie.com\/actualites\/le-prix-du-president-de-la-republique-du-journaliste-professionnel-attribue-a-huit-laureats\/"},"author":{"name":"La r\u00e9daction","@id":"https:\/\/www.info-algerie.com\/actualites\/#\/schema\/person\/847aaec44920825b843a08f30ec6aa1e"},"headline":"le Prix du pr\u00e9sident du journaliste professionnel attribu\u00e9 \u00e0 huit laur\u00e9ats","datePublished":"2015-10-22T22:22:00+00:00","dateModified":"2015-10-23T17:23:59+00:00","mainEntityOfPage":{"@id":"https:\/\/www.info-algerie.com\/actualites\/le-prix-du-president-de-la-republique-du-journaliste-professionnel-attribue-a-huit-laureats\/"},"wordCount":662,"commentCount":0,"publisher":{"@id":"https:\/\/www.info-algerie.com\/actualites\/#organization"},"image":{"@id":"https:\/\/www.info-algerie.com\/actualites\/le-prix-du-president-de-la-republique-du-journaliste-professionnel-attribue-a-huit-laureats\/#primaryimage"},"thumbnailUrl":"https:\/\/www.info-algerie.com\/actualites\/wp-content\/uploads\/2015\/10\/le-Prix-du-pr\u00e9sident-du-journaliste-professionnel-.jpg","keywords":["ONU"],"articleSection":["infos"],"inLanguage":"fr-FR","potentialAction":[{"@type":"CommentAction","name":"Comment","target":["https:\/\/www.info-algerie.com\/actualites\/le-prix-du-president-de-la-republique-du-journaliste-professionnel-attribue-a-huit-laureats\/#respond"]}]},{"@type":"WebPage","@id":"https:\/\/www.info-algerie.com\/actualites\/le-prix-du-president-de-la-republique-du-journaliste-professionnel-attribue-a-huit-laureats\/","url":"https:\/\/www.info-algerie.com\/actualites\/le-prix-du-president-de-la-republique-du-journaliste-professionnel-attribue-a-huit-laureats\/","name":"le Prix du pr\u00e9sident du journaliste professionnel","isPartOf":{"@id":"https:\/\/www.info-algerie.com\/actualites\/#website"},"primaryImageOfPage":{"@id":"https:\/\/www.info-algerie.com\/actualites\/le-prix-du-president-de-la-republique-du-journaliste-professionnel-attribue-a-huit-laureats\/#primaryimage"},"image":{"@id":"https:\/\/www.info-algerie.com\/actualites\/le-prix-du-president-de-la-republique-du-journaliste-professionnel-attribue-a-huit-laureats\/#primaryimage"},"thumbnailUrl":"https:\/\/www.info-algerie.com\/actualites\/wp-content\/uploads\/2015\/10\/le-Prix-du-pr\u00e9sident-du-journaliste-professionnel-.jpg","datePublished":"2015-10-22T22:22:00+00:00","dateModified":"2015-10-23T17:23:59+00:00","description":"le Prix du pr\u00e9sident du journaliste professionnel attribu\u00e9 \u00e0 huit laur\u00e9ats exer\u00e7ant dans diff\u00e9rentes cat\u00e9gories de la presse","breadcrumb":{"@id":"https:\/\/www.info-algerie.com\/actualites\/le-prix-du-president-de-la-republique-du-journaliste-professionnel-attribue-a-huit-laureats\/#breadcrumb"},"inLanguage":"fr-FR","potentialAction":[{"@type":"ReadAction","target":["https:\/\/www.info-algerie.com\/actualites\/le-prix-du-president-de-la-republique-du-journaliste-professionnel-attribue-a-huit-laureats\/"]}]},{"@type":"ImageObject","inLanguage":"fr-FR","@id":"https:\/\/www.info-algerie.com\/actualites\/le-prix-du-president-de-la-republique-du-journaliste-professionnel-attribue-a-huit-laureats\/#primaryimage","url":"https:\/\/www.info-algerie.com\/actualites\/wp-content\/uploads\/2015\/10\/le-Prix-du-pr\u00e9sident-du-journaliste-professionnel-.jpg","contentUrl":"https:\/\/www.info-algerie.com\/actualites\/wp-content\/uploads\/2015\/10\/le-Prix-du-pr\u00e9sident-du-journaliste-professionnel-.jpg","width":600,"height":339,"caption":"le Prix du pr\u00e9sident du journaliste professionnel"},{"@type":"BreadcrumbList","@id":"https:\/\/www.info-algerie.com\/actualites\/le-prix-du-president-de-la-republique-du-journaliste-professionnel-attribue-a-huit-laureats\/#breadcrumb","itemListElement":[{"@type":"ListItem","position":1,"name":"Accueil","item":"https:\/\/www.info-algerie.com\/actualites\/"},{"@type":"ListItem","position":2,"name":"le Prix du pr\u00e9sident du journaliste professionnel attribu\u00e9 \u00e0 huit laur\u00e9ats"}]},{"@type":"WebSite","@id":"https:\/\/www.info-algerie.com\/actualites\/#website","url":"https:\/\/www.info-algerie.com\/actualites\/","name":"info algerie","description":"Toutes les actualit\u00e9s","publisher":{"@id":"https:\/\/www.info-algerie.com\/actualites\/#organization"},"potentialAction":[{"@type":"SearchAction","target":{"@type":"EntryPoint","urlTemplate":"https:\/\/www.info-algerie.com\/actualites\/?s={search_term_string}"},"query-input":{"@type":"PropertyValueSpecification","valueRequired":true,"valueName":"search_term_string"}}],"inLanguage":"fr-FR"},{"@type":"Organization","@id":"https:\/\/www.info-algerie.com\/actualites\/#organization","name":"info algerie","url":"https:\/\/www.info-algerie.com\/actualites\/","logo":{"@type":"ImageObject","inLanguage":"fr-FR","@id":"https:\/\/www.info-algerie.com\/actualites\/#\/schema\/logo\/image\/","url":"https:\/\/www.info-algerie.com\/actualites\/wp-content\/uploads\/2022\/07\/logo-ia-120.png","contentUrl":"https:\/\/www.info-algerie.com\/actualites\/wp-content\/uploads\/2022\/07\/logo-ia-120.png","width":120,"height":43,"caption":"info algerie"},"image":{"@id":"https:\/\/www.info-algerie.com\/actualites\/#\/schema\/logo\/image\/"},"sameAs":["https:\/\/www.facebook.com\/infoalgerieactu","https:\/\/x.com\/infoalgerie1"]},{"@type":"Person","@id":"https:\/\/www.info-algerie.com\/actualites\/#\/schema\/person\/847aaec44920825b843a08f30ec6aa1e","name":"La r\u00e9daction","image":{"@type":"ImageObject","inLanguage":"fr-FR","@id":"https:\/\/secure.gravatar.com\/avatar\/769db425c6f465158149f1ffd6cf61ce7a8a879d11dfbef8288af36dfddd418c?s=96&d=mm&r=g","url":"https:\/\/secure.gravatar.com\/avatar\/769db425c6f465158149f1ffd6cf61ce7a8a879d11dfbef8288af36dfddd418c?s=96&d=mm&r=g","contentUrl":"https:\/\/secure.gravatar.com\/avatar\/769db425c6f465158149f1ffd6cf61ce7a8a879d11dfbef8288af36dfddd418c?s=96&d=mm&r=g","caption":"La r\u00e9daction"},"sameAs":["http:\/\/www.lkeria.com\/"],"url":"https:\/\/www.info-algerie.com\/actualites\/author\/chakib32\/"}]}},"_links":{"self":[{"href":"https:\/\/www.info-algerie.com\/actualites\/wp-json\/wp\/v2\/posts\/1463","targetHints":{"allow":["GET"]}}],"collection":[{"href":"https:\/\/www.info-algerie.com\/actualites\/wp-json\/wp\/v2\/posts"}],"about":[{"href":"https:\/\/www.info-algerie.com\/actualites\/wp-json\/wp\/v2\/types\/post"}],"author":[{"embeddable":true,"href":"https:\/\/www.info-algerie.com\/actualites\/wp-json\/wp\/v2\/users\/6"}],"replies":[{"embeddable":true,"href":"https:\/\/www.info-algerie.com\/actualites\/wp-json\/wp\/v2\/comments?post=1463"}],"version-history":[{"count":2,"href":"https:\/\/www.info-algerie.com\/actualites\/wp-json\/wp\/v2\/posts\/1463\/revisions"}],"predecessor-version":[{"id":1472,"href":"https:\/\/www.info-algerie.com\/actualites\/wp-json\/wp\/v2\/posts\/1463\/revisions\/1472"}],"wp:featuredmedia":[{"embeddable":true,"href":"https:\/\/www.info-algerie.com\/actualites\/wp-json\/wp\/v2\/media\/1471"}],"wp:attachment":[{"href":"https:\/\/www.info-algerie.com\/actualites\/wp-json\/wp\/v2\/media?parent=1463"}],"wp:term":[{"taxonomy":"category","embeddable":true,"href":"https:\/\/www.info-algerie.com\/actualites\/wp-json\/wp\/v2\/categories?post=1463"},{"taxonomy":"post_tag","embeddable":true,"href":"https:\/\/www.info-algerie.com\/actualites\/wp-json\/wp\/v2\/tags?post=1463"}],"curies":[{"name":"wp","href":"https:\/\/api.w.org\/{rel}","templated":true}]}}