{"id":14634,"date":"2017-07-31T11:35:40","date_gmt":"2017-07-31T10:35:40","guid":{"rendered":"http:\/\/www.info-algerie.com\/actualites\/prevention-des-risques-professionnels-1er-congres-international-en-novembre-prochain-a-alger\/"},"modified":"2017-07-31T11:35:40","modified_gmt":"2017-07-31T10:35:40","slug":"prevention-des-risques-professionnels-1er-congres-international-en-novembre-prochain-a-alger","status":"publish","type":"post","link":"https:\/\/www.info-algerie.com\/actualites\/prevention-des-risques-professionnels-1er-congres-international-en-novembre-prochain-a-alger\/","title":{"rendered":"Pr\u00e9vention des risques professionnels: 1er congr\u00e8s international en novembre prochain \u00e0 Alger \u00a0"},"content":{"rendered":"<div class=\"K2FeedImage\"><img decoding=\"async\" src=\"https:\/\/www.info-algerie.com\/actualites\/wp-content\/uploads\/2017\/07\/b45f306ef590d10e3f6b56d7e6e9e877_S.jpg\" alt=\"Pr&#xE9;vention des risques professionnels: 1er congr&#xE8;s international en novembre prochain &#xE0; Alger &#xA0;\" \/><\/div>\n<div class=\"K2FeedIntroText\">\n<p>ALGER &#8211; La premi\u00e8re \u00e9dition d&rsquo;un Congr\u00e8s international portant sur la pr\u00e9vention des risques professionnels aura lieu du 13 au 15 novembre 2017 au Palais des expositions des pins maritimes \u00e0 Alger, \u00e0 l&rsquo;initiative de la Caisse nationale des assurances sociales des travailleurs salari\u00e9s (CNAS), a-t-on appris aupr\u00e8s de cet organisme.<\/p>\n<p>&#013;\n<\/p><\/div>\n<div class=\"K2FeedFullText\">&#013;<\/p>\n<p>Organis\u00e9e sous l&rsquo;\u00e9gide du minist\u00e8re du Travail, de l&#8217;emploi et de la s\u00e9curit\u00e9 sociale, en partenariat avec Batimatec expo (organisme \u00e9v\u00e8nementiel), cette rencontre intitul\u00e9e \u00ab\u00a0Pr\u00e9ventexpo\u00a0\u00bb regroupant quelque 300 participants, dont des op\u00e9rateurs et prestataires \u00e9conomiques publics et priv\u00e9s, est plac\u00e9e sous la th\u00e9matique de la pr\u00e9vention des risques professionnels, selon les organisateurs.<\/p>\n<p>&#013;<\/p>\n<p>Prendront \u00e9galement part \u00e0 ce congr\u00e8s des organismes et des institutions nationaux et \u00e9trangers, concern\u00e9s par les domaines de la pr\u00e9vention, de la s\u00e9curit\u00e9 et de la sant\u00e9 au travail, avec comme objectif la promotion de la culture de pr\u00e9vention et l&rsquo;application de la l\u00e9gislation nationale inh\u00e9rente \u00e0 la pr\u00e9vention en mati\u00e8re de s\u00e9curit\u00e9 et de la sant\u00e9 au travail.<\/p>\n<p>&#013;<\/p>\n<p>Il s&rsquo;agit, en outre, d'\u00a0\u00bbintensifier\u00a0\u00bb les \u00e9changes entre tous les acteurs activant dans le domaine de la pr\u00e9vention des risques professionnels et d&rsquo;agir pour la s\u00e9curit\u00e9 et la sant\u00e9 des travailleurs dans leurs entreprises, est-il expliqu\u00e9.<\/p>\n<p>&#013;<\/p>\n<p>\u00ab\u00a0Informer les intervenants et les parties prenantes sur les nouvelles technologies, les normes et les bonnes pratiques dans le domaine de la pr\u00e9vention des risques professionnels\u00a0\u00bb, figure \u00e9galement parmi les objectifs de cette manifestation internationale visant, par ailleurs, \u00e0 \u00ab\u00a0offrir aux institutions et aux entreprises l&rsquo;opportunit\u00e9 de pr\u00e9senter des solutions et innovations techniques ainsi que toute l&rsquo;actualit\u00e9 relative \u00e0 cette pr\u00e9vention\u00a0\u00bb.<\/p>\n<p>&#013;<\/p>\n<p>En marge de ce congr\u00e8s qui sera marqu\u00e9, notamment, par la pr\u00e9sentation de plusieurs communications et des d\u00e9bats anim\u00e9s par des experts et autres professionnels du domaine autour de cette th\u00e9matique, un salon est \u00e9galement pr\u00e9vu avec quelque 250 exposants attendus.\u00a0<\/p>\n<p>&#013;<\/p>\n<p>Celui-ci, est-il pr\u00e9cis\u00e9 de m\u00eame source, vise \u00e0 \u00ab\u00a0mettre en valeur\u00a0\u00bb les moyens et outils utilis\u00e9s en mati\u00e8re de s\u00e9curit\u00e9 et de sant\u00e9 au travail. La protection de l&rsquo;environnement professionnel, les \u00e9quipements et accessoires d&rsquo;hygi\u00e8ne et de s\u00e9curit\u00e9 au travail ainsi que les services aux entreprises, sont les trois grands axes de ce salon.<\/p>\n<p>&#013;<\/p>\n<p>Pour assurer le suivi des aspects scientifiques et organisationnels de ce congr\u00e8s, un conseil scientifique et un comit\u00e9 d&rsquo;organisation ont \u00e9t\u00e9 mis en place par la CNAS.<\/p>\n<\/div>\n<p>&#013;<br \/>\nSource: <a href=\"http:\/\/www.aps.dz\/algerie\/61216-prevention-des-risques-professionnels-1er-congres-international-en-novembre-prochain-a-alger\" target=\"_blank\">Pr\u00e9vention des risques professionnels: 1er congr\u00e8s international en novembre prochain \u00e0 Alger \u00a0<\/a><\/p>\n<!--CusAds0-->\n<div style=\"font-size: 0px; height: 0px; line-height: 0px; margin: 0; padding: 0; clear: both;\"><\/div>","protected":false},"excerpt":{"rendered":"<p>ALGER &#8211; La premi\u00e8re \u00e9dition d&rsquo;un Congr\u00e8s international portant sur la pr\u00e9vention des risques professionnels aura lieu du 13 au 15 novembre 2017 au Palais des expositions des pins maritimes \u00e0 Alger, \u00e0 l&rsquo;initiative de la Caisse nationale des assurances sociales des travailleurs salari\u00e9s (CNAS), a-t-on appris aupr\u00e8s de cet organisme. &#013; &#013; Organis\u00e9e sous<\/p>\n","protected":false},"author":6,"featured_media":14635,"comment_status":"open","ping_status":"open","sticky":false,"template":"","format":"standard","meta":{"footnotes":""},"categories":[22],"tags":[93],"class_list":["post-14634","post","type-post","status-publish","format-standard","has-post-thumbnail","hentry","category-infos","tag-onu"],"yoast_head":"<!-- This site is optimized with the Yoast SEO plugin v27.5 - https:\/\/yoast.com\/product\/yoast-seo-wordpress\/ -->\n<title>Pr\u00e9vention des risques professionnels: 1er congr\u00e8s international en novembre prochain \u00e0 Alger \u00a0 - info algerie<\/title>\n<meta name=\"robots\" content=\"index, follow, max-snippet:-1, max-image-preview:large, max-video-preview:-1\" \/>\n<link rel=\"canonical\" href=\"https:\/\/www.info-algerie.com\/actualites\/prevention-des-risques-professionnels-1er-congres-international-en-novembre-prochain-a-alger\/\" \/>\n<meta property=\"og:locale\" content=\"fr_FR\" \/>\n<meta property=\"og:type\" content=\"article\" \/>\n<meta property=\"og:title\" content=\"Pr\u00e9vention des risques professionnels: 1er congr\u00e8s international en novembre prochain \u00e0 Alger \u00a0 - info algerie\" \/>\n<meta property=\"og:description\" content=\"ALGER &#8211; La premi\u00e8re \u00e9dition d&rsquo;un Congr\u00e8s international portant sur la pr\u00e9vention des risques professionnels aura lieu du 13 au 15 novembre 2017 au Palais des expositions des pins maritimes \u00e0 Alger, \u00e0 l&rsquo;initiative de la Caisse nationale des assurances sociales des travailleurs salari\u00e9s (CNAS), a-t-on appris aupr\u00e8s de cet organisme. &#013; &#013; Organis\u00e9e sous\" \/>\n<meta property=\"og:url\" content=\"https:\/\/www.info-algerie.com\/actualites\/prevention-des-risques-professionnels-1er-congres-international-en-novembre-prochain-a-alger\/\" \/>\n<meta property=\"og:site_name\" content=\"info algerie\" \/>\n<meta property=\"article:publisher\" content=\"https:\/\/www.facebook.com\/infoalgerieactu\" \/>\n<meta property=\"article:published_time\" content=\"2017-07-31T10:35:40+00:00\" \/>\n<meta property=\"og:image\" content=\"https:\/\/www.info-algerie.com\/actualites\/wp-content\/uploads\/2017\/07\/b45f306ef590d10e3f6b56d7e6e9e877_S-1.jpg\" \/>\n\t<meta property=\"og:image:width\" content=\"280\" \/>\n\t<meta property=\"og:image:height\" content=\"169\" \/>\n\t<meta property=\"og:image:type\" content=\"image\/jpeg\" \/>\n<meta name=\"author\" content=\"La r\u00e9daction\" \/>\n<meta name=\"twitter:label1\" content=\"\u00c9crit par\" \/>\n\t<meta name=\"twitter:data1\" content=\"La r\u00e9daction\" \/>\n\t<meta name=\"twitter:label2\" content=\"Dur\u00e9e de lecture estim\u00e9e\" \/>\n\t<meta name=\"twitter:data2\" content=\"2 minutes\" \/>\n<script type=\"application\/ld+json\" class=\"yoast-schema-graph\">{\"@context\":\"https:\\\/\\\/schema.org\",\"@graph\":[{\"@type\":\"Article\",\"@id\":\"https:\\\/\\\/www.info-algerie.com\\\/actualites\\\/prevention-des-risques-professionnels-1er-congres-international-en-novembre-prochain-a-alger\\\/#article\",\"isPartOf\":{\"@id\":\"https:\\\/\\\/www.info-algerie.com\\\/actualites\\\/prevention-des-risques-professionnels-1er-congres-international-en-novembre-prochain-a-alger\\\/\"},\"author\":{\"name\":\"La r\u00e9daction\",\"@id\":\"https:\\\/\\\/www.info-algerie.com\\\/actualites\\\/#\\\/schema\\\/person\\\/847aaec44920825b843a08f30ec6aa1e\"},\"headline\":\"Pr\u00e9vention des risques professionnels: 1er congr\u00e8s international en novembre prochain \u00e0 Alger \u00a0\",\"datePublished\":\"2017-07-31T10:35:40+00:00\",\"mainEntityOfPage\":{\"@id\":\"https:\\\/\\\/www.info-algerie.com\\\/actualites\\\/prevention-des-risques-professionnels-1er-congres-international-en-novembre-prochain-a-alger\\\/\"},\"wordCount\":455,\"commentCount\":0,\"publisher\":{\"@id\":\"https:\\\/\\\/www.info-algerie.com\\\/actualites\\\/#organization\"},\"image\":{\"@id\":\"https:\\\/\\\/www.info-algerie.com\\\/actualites\\\/prevention-des-risques-professionnels-1er-congres-international-en-novembre-prochain-a-alger\\\/#primaryimage\"},\"thumbnailUrl\":\"https:\\\/\\\/www.info-algerie.com\\\/actualites\\\/wp-content\\\/uploads\\\/2017\\\/07\\\/b45f306ef590d10e3f6b56d7e6e9e877_S-1.jpg\",\"keywords\":[\"ONU\"],\"articleSection\":[\"infos\"],\"inLanguage\":\"fr-FR\",\"potentialAction\":[{\"@type\":\"CommentAction\",\"name\":\"Comment\",\"target\":[\"https:\\\/\\\/www.info-algerie.com\\\/actualites\\\/prevention-des-risques-professionnels-1er-congres-international-en-novembre-prochain-a-alger\\\/#respond\"]}]},{\"@type\":\"WebPage\",\"@id\":\"https:\\\/\\\/www.info-algerie.com\\\/actualites\\\/prevention-des-risques-professionnels-1er-congres-international-en-novembre-prochain-a-alger\\\/\",\"url\":\"https:\\\/\\\/www.info-algerie.com\\\/actualites\\\/prevention-des-risques-professionnels-1er-congres-international-en-novembre-prochain-a-alger\\\/\",\"name\":\"Pr\u00e9vention des risques professionnels: 1er congr\u00e8s international en novembre prochain \u00e0 Alger \u00a0 - info algerie\",\"isPartOf\":{\"@id\":\"https:\\\/\\\/www.info-algerie.com\\\/actualites\\\/#website\"},\"primaryImageOfPage\":{\"@id\":\"https:\\\/\\\/www.info-algerie.com\\\/actualites\\\/prevention-des-risques-professionnels-1er-congres-international-en-novembre-prochain-a-alger\\\/#primaryimage\"},\"image\":{\"@id\":\"https:\\\/\\\/www.info-algerie.com\\\/actualites\\\/prevention-des-risques-professionnels-1er-congres-international-en-novembre-prochain-a-alger\\\/#primaryimage\"},\"thumbnailUrl\":\"https:\\\/\\\/www.info-algerie.com\\\/actualites\\\/wp-content\\\/uploads\\\/2017\\\/07\\\/b45f306ef590d10e3f6b56d7e6e9e877_S-1.jpg\",\"datePublished\":\"2017-07-31T10:35:40+00:00\",\"breadcrumb\":{\"@id\":\"https:\\\/\\\/www.info-algerie.com\\\/actualites\\\/prevention-des-risques-professionnels-1er-congres-international-en-novembre-prochain-a-alger\\\/#breadcrumb\"},\"inLanguage\":\"fr-FR\",\"potentialAction\":[{\"@type\":\"ReadAction\",\"target\":[\"https:\\\/\\\/www.info-algerie.com\\\/actualites\\\/prevention-des-risques-professionnels-1er-congres-international-en-novembre-prochain-a-alger\\\/\"]}]},{\"@type\":\"ImageObject\",\"inLanguage\":\"fr-FR\",\"@id\":\"https:\\\/\\\/www.info-algerie.com\\\/actualites\\\/prevention-des-risques-professionnels-1er-congres-international-en-novembre-prochain-a-alger\\\/#primaryimage\",\"url\":\"https:\\\/\\\/www.info-algerie.com\\\/actualites\\\/wp-content\\\/uploads\\\/2017\\\/07\\\/b45f306ef590d10e3f6b56d7e6e9e877_S-1.jpg\",\"contentUrl\":\"https:\\\/\\\/www.info-algerie.com\\\/actualites\\\/wp-content\\\/uploads\\\/2017\\\/07\\\/b45f306ef590d10e3f6b56d7e6e9e877_S-1.jpg\",\"width\":280,\"height\":169},{\"@type\":\"BreadcrumbList\",\"@id\":\"https:\\\/\\\/www.info-algerie.com\\\/actualites\\\/prevention-des-risques-professionnels-1er-congres-international-en-novembre-prochain-a-alger\\\/#breadcrumb\",\"itemListElement\":[{\"@type\":\"ListItem\",\"position\":1,\"name\":\"Accueil\",\"item\":\"https:\\\/\\\/www.info-algerie.com\\\/actualites\\\/\"},{\"@type\":\"ListItem\",\"position\":2,\"name\":\"Pr\u00e9vention des risques professionnels: 1er congr\u00e8s international en novembre prochain \u00e0 Alger \u00a0\"}]},{\"@type\":\"WebSite\",\"@id\":\"https:\\\/\\\/www.info-algerie.com\\\/actualites\\\/#website\",\"url\":\"https:\\\/\\\/www.info-algerie.com\\\/actualites\\\/\",\"name\":\"info algerie\",\"description\":\"Toutes les actualit\u00e9s\",\"publisher\":{\"@id\":\"https:\\\/\\\/www.info-algerie.com\\\/actualites\\\/#organization\"},\"potentialAction\":[{\"@type\":\"SearchAction\",\"target\":{\"@type\":\"EntryPoint\",\"urlTemplate\":\"https:\\\/\\\/www.info-algerie.com\\\/actualites\\\/?s={search_term_string}\"},\"query-input\":{\"@type\":\"PropertyValueSpecification\",\"valueRequired\":true,\"valueName\":\"search_term_string\"}}],\"inLanguage\":\"fr-FR\"},{\"@type\":\"Organization\",\"@id\":\"https:\\\/\\\/www.info-algerie.com\\\/actualites\\\/#organization\",\"name\":\"info algerie\",\"url\":\"https:\\\/\\\/www.info-algerie.com\\\/actualites\\\/\",\"logo\":{\"@type\":\"ImageObject\",\"inLanguage\":\"fr-FR\",\"@id\":\"https:\\\/\\\/www.info-algerie.com\\\/actualites\\\/#\\\/schema\\\/logo\\\/image\\\/\",\"url\":\"https:\\\/\\\/www.info-algerie.com\\\/actualites\\\/wp-content\\\/uploads\\\/2022\\\/07\\\/logo-ia-120.png\",\"contentUrl\":\"https:\\\/\\\/www.info-algerie.com\\\/actualites\\\/wp-content\\\/uploads\\\/2022\\\/07\\\/logo-ia-120.png\",\"width\":120,\"height\":43,\"caption\":\"info algerie\"},\"image\":{\"@id\":\"https:\\\/\\\/www.info-algerie.com\\\/actualites\\\/#\\\/schema\\\/logo\\\/image\\\/\"},\"sameAs\":[\"https:\\\/\\\/www.facebook.com\\\/infoalgerieactu\",\"https:\\\/\\\/x.com\\\/infoalgerie1\"]},{\"@type\":\"Person\",\"@id\":\"https:\\\/\\\/www.info-algerie.com\\\/actualites\\\/#\\\/schema\\\/person\\\/847aaec44920825b843a08f30ec6aa1e\",\"name\":\"La r\u00e9daction\",\"image\":{\"@type\":\"ImageObject\",\"inLanguage\":\"fr-FR\",\"@id\":\"https:\\\/\\\/secure.gravatar.com\\\/avatar\\\/769db425c6f465158149f1ffd6cf61ce7a8a879d11dfbef8288af36dfddd418c?s=96&d=mm&r=g\",\"url\":\"https:\\\/\\\/secure.gravatar.com\\\/avatar\\\/769db425c6f465158149f1ffd6cf61ce7a8a879d11dfbef8288af36dfddd418c?s=96&d=mm&r=g\",\"contentUrl\":\"https:\\\/\\\/secure.gravatar.com\\\/avatar\\\/769db425c6f465158149f1ffd6cf61ce7a8a879d11dfbef8288af36dfddd418c?s=96&d=mm&r=g\",\"caption\":\"La r\u00e9daction\"},\"sameAs\":[\"http:\\\/\\\/www.lkeria.com\\\/\"],\"url\":\"https:\\\/\\\/www.info-algerie.com\\\/actualites\\\/author\\\/chakib32\\\/\"}]}<\/script>\n<!-- \/ Yoast SEO plugin. -->","yoast_head_json":{"title":"Pr\u00e9vention des risques professionnels: 1er congr\u00e8s international en novembre prochain \u00e0 Alger \u00a0 - info algerie","robots":{"index":"index","follow":"follow","max-snippet":"max-snippet:-1","max-image-preview":"max-image-preview:large","max-video-preview":"max-video-preview:-1"},"canonical":"https:\/\/www.info-algerie.com\/actualites\/prevention-des-risques-professionnels-1er-congres-international-en-novembre-prochain-a-alger\/","og_locale":"fr_FR","og_type":"article","og_title":"Pr\u00e9vention des risques professionnels: 1er congr\u00e8s international en novembre prochain \u00e0 Alger \u00a0 - info algerie","og_description":"ALGER &#8211; La premi\u00e8re \u00e9dition d&rsquo;un Congr\u00e8s international portant sur la pr\u00e9vention des risques professionnels aura lieu du 13 au 15 novembre 2017 au Palais des expositions des pins maritimes \u00e0 Alger, \u00e0 l&rsquo;initiative de la Caisse nationale des assurances sociales des travailleurs salari\u00e9s (CNAS), a-t-on appris aupr\u00e8s de cet organisme. &#013; &#013; Organis\u00e9e sous","og_url":"https:\/\/www.info-algerie.com\/actualites\/prevention-des-risques-professionnels-1er-congres-international-en-novembre-prochain-a-alger\/","og_site_name":"info algerie","article_publisher":"https:\/\/www.facebook.com\/infoalgerieactu","article_published_time":"2017-07-31T10:35:40+00:00","og_image":[{"width":280,"height":169,"url":"https:\/\/www.info-algerie.com\/actualites\/wp-content\/uploads\/2017\/07\/b45f306ef590d10e3f6b56d7e6e9e877_S-1.jpg","type":"image\/jpeg"}],"author":"La r\u00e9daction","twitter_misc":{"\u00c9crit par":"La r\u00e9daction","Dur\u00e9e de lecture estim\u00e9e":"2 minutes"},"schema":{"@context":"https:\/\/schema.org","@graph":[{"@type":"Article","@id":"https:\/\/www.info-algerie.com\/actualites\/prevention-des-risques-professionnels-1er-congres-international-en-novembre-prochain-a-alger\/#article","isPartOf":{"@id":"https:\/\/www.info-algerie.com\/actualites\/prevention-des-risques-professionnels-1er-congres-international-en-novembre-prochain-a-alger\/"},"author":{"name":"La r\u00e9daction","@id":"https:\/\/www.info-algerie.com\/actualites\/#\/schema\/person\/847aaec44920825b843a08f30ec6aa1e"},"headline":"Pr\u00e9vention des risques professionnels: 1er congr\u00e8s international en novembre prochain \u00e0 Alger \u00a0","datePublished":"2017-07-31T10:35:40+00:00","mainEntityOfPage":{"@id":"https:\/\/www.info-algerie.com\/actualites\/prevention-des-risques-professionnels-1er-congres-international-en-novembre-prochain-a-alger\/"},"wordCount":455,"commentCount":0,"publisher":{"@id":"https:\/\/www.info-algerie.com\/actualites\/#organization"},"image":{"@id":"https:\/\/www.info-algerie.com\/actualites\/prevention-des-risques-professionnels-1er-congres-international-en-novembre-prochain-a-alger\/#primaryimage"},"thumbnailUrl":"https:\/\/www.info-algerie.com\/actualites\/wp-content\/uploads\/2017\/07\/b45f306ef590d10e3f6b56d7e6e9e877_S-1.jpg","keywords":["ONU"],"articleSection":["infos"],"inLanguage":"fr-FR","potentialAction":[{"@type":"CommentAction","name":"Comment","target":["https:\/\/www.info-algerie.com\/actualites\/prevention-des-risques-professionnels-1er-congres-international-en-novembre-prochain-a-alger\/#respond"]}]},{"@type":"WebPage","@id":"https:\/\/www.info-algerie.com\/actualites\/prevention-des-risques-professionnels-1er-congres-international-en-novembre-prochain-a-alger\/","url":"https:\/\/www.info-algerie.com\/actualites\/prevention-des-risques-professionnels-1er-congres-international-en-novembre-prochain-a-alger\/","name":"Pr\u00e9vention des risques professionnels: 1er congr\u00e8s international en novembre prochain \u00e0 Alger \u00a0 - info algerie","isPartOf":{"@id":"https:\/\/www.info-algerie.com\/actualites\/#website"},"primaryImageOfPage":{"@id":"https:\/\/www.info-algerie.com\/actualites\/prevention-des-risques-professionnels-1er-congres-international-en-novembre-prochain-a-alger\/#primaryimage"},"image":{"@id":"https:\/\/www.info-algerie.com\/actualites\/prevention-des-risques-professionnels-1er-congres-international-en-novembre-prochain-a-alger\/#primaryimage"},"thumbnailUrl":"https:\/\/www.info-algerie.com\/actualites\/wp-content\/uploads\/2017\/07\/b45f306ef590d10e3f6b56d7e6e9e877_S-1.jpg","datePublished":"2017-07-31T10:35:40+00:00","breadcrumb":{"@id":"https:\/\/www.info-algerie.com\/actualites\/prevention-des-risques-professionnels-1er-congres-international-en-novembre-prochain-a-alger\/#breadcrumb"},"inLanguage":"fr-FR","potentialAction":[{"@type":"ReadAction","target":["https:\/\/www.info-algerie.com\/actualites\/prevention-des-risques-professionnels-1er-congres-international-en-novembre-prochain-a-alger\/"]}]},{"@type":"ImageObject","inLanguage":"fr-FR","@id":"https:\/\/www.info-algerie.com\/actualites\/prevention-des-risques-professionnels-1er-congres-international-en-novembre-prochain-a-alger\/#primaryimage","url":"https:\/\/www.info-algerie.com\/actualites\/wp-content\/uploads\/2017\/07\/b45f306ef590d10e3f6b56d7e6e9e877_S-1.jpg","contentUrl":"https:\/\/www.info-algerie.com\/actualites\/wp-content\/uploads\/2017\/07\/b45f306ef590d10e3f6b56d7e6e9e877_S-1.jpg","width":280,"height":169},{"@type":"BreadcrumbList","@id":"https:\/\/www.info-algerie.com\/actualites\/prevention-des-risques-professionnels-1er-congres-international-en-novembre-prochain-a-alger\/#breadcrumb","itemListElement":[{"@type":"ListItem","position":1,"name":"Accueil","item":"https:\/\/www.info-algerie.com\/actualites\/"},{"@type":"ListItem","position":2,"name":"Pr\u00e9vention des risques professionnels: 1er congr\u00e8s international en novembre prochain \u00e0 Alger \u00a0"}]},{"@type":"WebSite","@id":"https:\/\/www.info-algerie.com\/actualites\/#website","url":"https:\/\/www.info-algerie.com\/actualites\/","name":"info algerie","description":"Toutes les actualit\u00e9s","publisher":{"@id":"https:\/\/www.info-algerie.com\/actualites\/#organization"},"potentialAction":[{"@type":"SearchAction","target":{"@type":"EntryPoint","urlTemplate":"https:\/\/www.info-algerie.com\/actualites\/?s={search_term_string}"},"query-input":{"@type":"PropertyValueSpecification","valueRequired":true,"valueName":"search_term_string"}}],"inLanguage":"fr-FR"},{"@type":"Organization","@id":"https:\/\/www.info-algerie.com\/actualites\/#organization","name":"info algerie","url":"https:\/\/www.info-algerie.com\/actualites\/","logo":{"@type":"ImageObject","inLanguage":"fr-FR","@id":"https:\/\/www.info-algerie.com\/actualites\/#\/schema\/logo\/image\/","url":"https:\/\/www.info-algerie.com\/actualites\/wp-content\/uploads\/2022\/07\/logo-ia-120.png","contentUrl":"https:\/\/www.info-algerie.com\/actualites\/wp-content\/uploads\/2022\/07\/logo-ia-120.png","width":120,"height":43,"caption":"info algerie"},"image":{"@id":"https:\/\/www.info-algerie.com\/actualites\/#\/schema\/logo\/image\/"},"sameAs":["https:\/\/www.facebook.com\/infoalgerieactu","https:\/\/x.com\/infoalgerie1"]},{"@type":"Person","@id":"https:\/\/www.info-algerie.com\/actualites\/#\/schema\/person\/847aaec44920825b843a08f30ec6aa1e","name":"La r\u00e9daction","image":{"@type":"ImageObject","inLanguage":"fr-FR","@id":"https:\/\/secure.gravatar.com\/avatar\/769db425c6f465158149f1ffd6cf61ce7a8a879d11dfbef8288af36dfddd418c?s=96&d=mm&r=g","url":"https:\/\/secure.gravatar.com\/avatar\/769db425c6f465158149f1ffd6cf61ce7a8a879d11dfbef8288af36dfddd418c?s=96&d=mm&r=g","contentUrl":"https:\/\/secure.gravatar.com\/avatar\/769db425c6f465158149f1ffd6cf61ce7a8a879d11dfbef8288af36dfddd418c?s=96&d=mm&r=g","caption":"La r\u00e9daction"},"sameAs":["http:\/\/www.lkeria.com\/"],"url":"https:\/\/www.info-algerie.com\/actualites\/author\/chakib32\/"}]}},"_links":{"self":[{"href":"https:\/\/www.info-algerie.com\/actualites\/wp-json\/wp\/v2\/posts\/14634","targetHints":{"allow":["GET"]}}],"collection":[{"href":"https:\/\/www.info-algerie.com\/actualites\/wp-json\/wp\/v2\/posts"}],"about":[{"href":"https:\/\/www.info-algerie.com\/actualites\/wp-json\/wp\/v2\/types\/post"}],"author":[{"embeddable":true,"href":"https:\/\/www.info-algerie.com\/actualites\/wp-json\/wp\/v2\/users\/6"}],"replies":[{"embeddable":true,"href":"https:\/\/www.info-algerie.com\/actualites\/wp-json\/wp\/v2\/comments?post=14634"}],"version-history":[{"count":0,"href":"https:\/\/www.info-algerie.com\/actualites\/wp-json\/wp\/v2\/posts\/14634\/revisions"}],"wp:featuredmedia":[{"embeddable":true,"href":"https:\/\/www.info-algerie.com\/actualites\/wp-json\/wp\/v2\/media\/14635"}],"wp:attachment":[{"href":"https:\/\/www.info-algerie.com\/actualites\/wp-json\/wp\/v2\/media?parent=14634"}],"wp:term":[{"taxonomy":"category","embeddable":true,"href":"https:\/\/www.info-algerie.com\/actualites\/wp-json\/wp\/v2\/categories?post=14634"},{"taxonomy":"post_tag","embeddable":true,"href":"https:\/\/www.info-algerie.com\/actualites\/wp-json\/wp\/v2\/tags?post=14634"}],"curies":[{"name":"wp","href":"https:\/\/api.w.org\/{rel}","templated":true}]}}