{"id":14655,"date":"2017-08-01T12:15:51","date_gmt":"2017-08-01T11:15:51","guid":{"rendered":"http:\/\/www.info-algerie.com\/actualites\/tebboune-recoit-le-ministre-britannique-du-moyen-orient-et-de-lafrique\/"},"modified":"2017-08-01T12:15:51","modified_gmt":"2017-08-01T11:15:51","slug":"tebboune-recoit-le-ministre-britannique-du-moyen-orient-et-de-lafrique","status":"publish","type":"post","link":"https:\/\/www.info-algerie.com\/actualites\/tebboune-recoit-le-ministre-britannique-du-moyen-orient-et-de-lafrique\/","title":{"rendered":"Tebboune re\u00e7oit le ministre britannique du Moyen-Orient et de l&#039;Afrique"},"content":{"rendered":"<div class=\"K2FeedImage\"><img decoding=\"async\" src=\"https:\/\/www.info-algerie.com\/actualites\/wp-content\/uploads\/2017\/08\/c788821fec4ab1711ba28bd577cf7497_S.jpg\" alt=\"Tebboune re&#xE7;oit le ministre britannique du Moyen-Orient et de l'Afrique\" \/><\/div>\n<div class=\"K2FeedIntroText\">\n<p>ALGER- Le Premier ministre, Abdelmadjid Tebboune, a re\u00e7u\u00a0 mardi \u00e0 Alger, le ministre d&rsquo;Etat britannique, ministre du Moyen-Orient et\u00a0 de l&rsquo;Afrique, Alistair Burt, qui effectue une visite officielle en Alg\u00e9rie.<\/p>\n<p>&#013;\n<\/p><\/div>\n<div class=\"K2FeedFullText\">&#013;<\/p>\n<p>La visite du responsable britannique \u00ab\u00a0constitue une opportunit\u00e9\u00a0 suppl\u00e9mentaire de consolider davantage le dialogue politique entre les deux\u00a0 pays par l&rsquo;\u00e9change de vues sur les questions d&rsquo;actualit\u00e9 r\u00e9gionale et\u00a0 internationale, d&rsquo;int\u00e9r\u00eat commun\u00a0\u00bb, avait indiqu\u00e9 lundi un communiqu\u00e9 du\u00a0 minist\u00e8re des Affaires \u00e9trang\u00e8res.<\/p>\n<p>&#013;<\/p>\n<p>Cette visite, qui donnera lieu \u00e0 des entretiens avec les responsables du\u00a0 minist\u00e8re des Affaires \u00e9trang\u00e8res ainsi que de plusieurs minist\u00e8res\u00a0 techniques, permettra aux deux parties de proc\u00e9der \u00e0 \u00ab\u00a0une \u00e9valuation\u00a0 exhaustive du dialogue et de la coop\u00e9ration entre les deux pays et de\u00a0 d\u00e9gager de nouveaux axes de coop\u00e9ration.<\/p>\n<p>&#013;<\/p>\n<p>M. Alistair Burt est accompagn\u00e9 lors de cette visite, qui se poursuivra\u00a0 jusqu&rsquo;\u00e0 mercredi, de Lord Richard Risby, envoy\u00e9 sp\u00e9cial de la Premi\u00e8re\u00a0 ministre britannique pour le partenariat avec l&rsquo;Alg\u00e9rie.<\/p>\n<\/div>\n<p>&#013;<br \/>\nSource: <a href=\"http:\/\/www.aps.dz\/algerie\/61267-tebboune-recoit-le-ministre-britannique-du-moyen-orient-et-de-l-afrique\" target=\"_blank\">Tebboune re\u00e7oit le ministre britannique du Moyen-Orient et de l&rsquo;Afrique<\/a><\/p>\n<!--CusAds0-->\n<div style=\"font-size: 0px; height: 0px; line-height: 0px; margin: 0; padding: 0; clear: both;\"><\/div>","protected":false},"excerpt":{"rendered":"<p>ALGER- Le Premier ministre, Abdelmadjid Tebboune, a re\u00e7u\u00a0 mardi \u00e0 Alger, le ministre d&rsquo;Etat britannique, ministre du Moyen-Orient et\u00a0 de l&rsquo;Afrique, Alistair Burt, qui effectue une visite officielle en Alg\u00e9rie. &#013; &#013; La visite du responsable britannique \u00ab\u00a0constitue une opportunit\u00e9\u00a0 suppl\u00e9mentaire de consolider davantage le dialogue politique entre les deux\u00a0 pays par l&rsquo;\u00e9change de vues<\/p>\n","protected":false},"author":6,"featured_media":14656,"comment_status":"open","ping_status":"open","sticky":false,"template":"","format":"standard","meta":{"footnotes":""},"categories":[22],"tags":[93],"class_list":["post-14655","post","type-post","status-publish","format-standard","has-post-thumbnail","hentry","category-infos","tag-onu"],"yoast_head":"<!-- This site is optimized with the Yoast SEO plugin v27.5 - https:\/\/yoast.com\/product\/yoast-seo-wordpress\/ -->\n<title>Tebboune re\u00e7oit le ministre britannique du Moyen-Orient et de l&#039;Afrique - info algerie<\/title>\n<meta name=\"robots\" content=\"index, follow, max-snippet:-1, max-image-preview:large, max-video-preview:-1\" \/>\n<link rel=\"canonical\" href=\"https:\/\/www.info-algerie.com\/actualites\/tebboune-recoit-le-ministre-britannique-du-moyen-orient-et-de-lafrique\/\" \/>\n<meta property=\"og:locale\" content=\"fr_FR\" \/>\n<meta property=\"og:type\" content=\"article\" \/>\n<meta property=\"og:title\" content=\"Tebboune re\u00e7oit le ministre britannique du Moyen-Orient et de l&#039;Afrique - info algerie\" \/>\n<meta property=\"og:description\" content=\"ALGER- Le Premier ministre, Abdelmadjid Tebboune, a re\u00e7u\u00a0 mardi \u00e0 Alger, le ministre d&rsquo;Etat britannique, ministre du Moyen-Orient et\u00a0 de l&rsquo;Afrique, Alistair Burt, qui effectue une visite officielle en Alg\u00e9rie. &#013; &#013; La visite du responsable britannique \u00ab\u00a0constitue une opportunit\u00e9\u00a0 suppl\u00e9mentaire de consolider davantage le dialogue politique entre les deux\u00a0 pays par l&rsquo;\u00e9change de vues\" \/>\n<meta property=\"og:url\" content=\"https:\/\/www.info-algerie.com\/actualites\/tebboune-recoit-le-ministre-britannique-du-moyen-orient-et-de-lafrique\/\" \/>\n<meta property=\"og:site_name\" content=\"info algerie\" \/>\n<meta property=\"article:publisher\" content=\"https:\/\/www.facebook.com\/infoalgerieactu\" \/>\n<meta property=\"article:published_time\" content=\"2017-08-01T11:15:51+00:00\" \/>\n<meta property=\"og:image\" content=\"https:\/\/www.info-algerie.com\/actualites\/wp-content\/uploads\/2017\/08\/c788821fec4ab1711ba28bd577cf7497_S-1.jpg\" \/>\n\t<meta property=\"og:image:width\" content=\"280\" \/>\n\t<meta property=\"og:image:height\" content=\"166\" \/>\n\t<meta property=\"og:image:type\" content=\"image\/jpeg\" \/>\n<meta name=\"author\" content=\"La r\u00e9daction\" \/>\n<meta name=\"twitter:label1\" content=\"\u00c9crit par\" \/>\n\t<meta name=\"twitter:data1\" content=\"La r\u00e9daction\" \/>\n\t<meta name=\"twitter:label2\" content=\"Dur\u00e9e de lecture estim\u00e9e\" \/>\n\t<meta name=\"twitter:data2\" content=\"1 minute\" \/>\n<script type=\"application\/ld+json\" class=\"yoast-schema-graph\">{\"@context\":\"https:\\\/\\\/schema.org\",\"@graph\":[{\"@type\":\"Article\",\"@id\":\"https:\\\/\\\/www.info-algerie.com\\\/actualites\\\/tebboune-recoit-le-ministre-britannique-du-moyen-orient-et-de-lafrique\\\/#article\",\"isPartOf\":{\"@id\":\"https:\\\/\\\/www.info-algerie.com\\\/actualites\\\/tebboune-recoit-le-ministre-britannique-du-moyen-orient-et-de-lafrique\\\/\"},\"author\":{\"name\":\"La r\u00e9daction\",\"@id\":\"https:\\\/\\\/www.info-algerie.com\\\/actualites\\\/#\\\/schema\\\/person\\\/847aaec44920825b843a08f30ec6aa1e\"},\"headline\":\"Tebboune re\u00e7oit le ministre britannique du Moyen-Orient et de l&#039;Afrique\",\"datePublished\":\"2017-08-01T11:15:51+00:00\",\"mainEntityOfPage\":{\"@id\":\"https:\\\/\\\/www.info-algerie.com\\\/actualites\\\/tebboune-recoit-le-ministre-britannique-du-moyen-orient-et-de-lafrique\\\/\"},\"wordCount\":198,\"commentCount\":0,\"publisher\":{\"@id\":\"https:\\\/\\\/www.info-algerie.com\\\/actualites\\\/#organization\"},\"image\":{\"@id\":\"https:\\\/\\\/www.info-algerie.com\\\/actualites\\\/tebboune-recoit-le-ministre-britannique-du-moyen-orient-et-de-lafrique\\\/#primaryimage\"},\"thumbnailUrl\":\"https:\\\/\\\/www.info-algerie.com\\\/actualites\\\/wp-content\\\/uploads\\\/2017\\\/08\\\/c788821fec4ab1711ba28bd577cf7497_S-1.jpg\",\"keywords\":[\"ONU\"],\"articleSection\":[\"infos\"],\"inLanguage\":\"fr-FR\",\"potentialAction\":[{\"@type\":\"CommentAction\",\"name\":\"Comment\",\"target\":[\"https:\\\/\\\/www.info-algerie.com\\\/actualites\\\/tebboune-recoit-le-ministre-britannique-du-moyen-orient-et-de-lafrique\\\/#respond\"]}]},{\"@type\":\"WebPage\",\"@id\":\"https:\\\/\\\/www.info-algerie.com\\\/actualites\\\/tebboune-recoit-le-ministre-britannique-du-moyen-orient-et-de-lafrique\\\/\",\"url\":\"https:\\\/\\\/www.info-algerie.com\\\/actualites\\\/tebboune-recoit-le-ministre-britannique-du-moyen-orient-et-de-lafrique\\\/\",\"name\":\"Tebboune re\u00e7oit le ministre britannique du Moyen-Orient et de l&#039;Afrique - info algerie\",\"isPartOf\":{\"@id\":\"https:\\\/\\\/www.info-algerie.com\\\/actualites\\\/#website\"},\"primaryImageOfPage\":{\"@id\":\"https:\\\/\\\/www.info-algerie.com\\\/actualites\\\/tebboune-recoit-le-ministre-britannique-du-moyen-orient-et-de-lafrique\\\/#primaryimage\"},\"image\":{\"@id\":\"https:\\\/\\\/www.info-algerie.com\\\/actualites\\\/tebboune-recoit-le-ministre-britannique-du-moyen-orient-et-de-lafrique\\\/#primaryimage\"},\"thumbnailUrl\":\"https:\\\/\\\/www.info-algerie.com\\\/actualites\\\/wp-content\\\/uploads\\\/2017\\\/08\\\/c788821fec4ab1711ba28bd577cf7497_S-1.jpg\",\"datePublished\":\"2017-08-01T11:15:51+00:00\",\"breadcrumb\":{\"@id\":\"https:\\\/\\\/www.info-algerie.com\\\/actualites\\\/tebboune-recoit-le-ministre-britannique-du-moyen-orient-et-de-lafrique\\\/#breadcrumb\"},\"inLanguage\":\"fr-FR\",\"potentialAction\":[{\"@type\":\"ReadAction\",\"target\":[\"https:\\\/\\\/www.info-algerie.com\\\/actualites\\\/tebboune-recoit-le-ministre-britannique-du-moyen-orient-et-de-lafrique\\\/\"]}]},{\"@type\":\"ImageObject\",\"inLanguage\":\"fr-FR\",\"@id\":\"https:\\\/\\\/www.info-algerie.com\\\/actualites\\\/tebboune-recoit-le-ministre-britannique-du-moyen-orient-et-de-lafrique\\\/#primaryimage\",\"url\":\"https:\\\/\\\/www.info-algerie.com\\\/actualites\\\/wp-content\\\/uploads\\\/2017\\\/08\\\/c788821fec4ab1711ba28bd577cf7497_S-1.jpg\",\"contentUrl\":\"https:\\\/\\\/www.info-algerie.com\\\/actualites\\\/wp-content\\\/uploads\\\/2017\\\/08\\\/c788821fec4ab1711ba28bd577cf7497_S-1.jpg\",\"width\":280,\"height\":166},{\"@type\":\"BreadcrumbList\",\"@id\":\"https:\\\/\\\/www.info-algerie.com\\\/actualites\\\/tebboune-recoit-le-ministre-britannique-du-moyen-orient-et-de-lafrique\\\/#breadcrumb\",\"itemListElement\":[{\"@type\":\"ListItem\",\"position\":1,\"name\":\"Accueil\",\"item\":\"https:\\\/\\\/www.info-algerie.com\\\/actualites\\\/\"},{\"@type\":\"ListItem\",\"position\":2,\"name\":\"Tebboune re\u00e7oit le ministre britannique du Moyen-Orient et de l&#039;Afrique\"}]},{\"@type\":\"WebSite\",\"@id\":\"https:\\\/\\\/www.info-algerie.com\\\/actualites\\\/#website\",\"url\":\"https:\\\/\\\/www.info-algerie.com\\\/actualites\\\/\",\"name\":\"info algerie\",\"description\":\"Toutes les actualit\u00e9s\",\"publisher\":{\"@id\":\"https:\\\/\\\/www.info-algerie.com\\\/actualites\\\/#organization\"},\"potentialAction\":[{\"@type\":\"SearchAction\",\"target\":{\"@type\":\"EntryPoint\",\"urlTemplate\":\"https:\\\/\\\/www.info-algerie.com\\\/actualites\\\/?s={search_term_string}\"},\"query-input\":{\"@type\":\"PropertyValueSpecification\",\"valueRequired\":true,\"valueName\":\"search_term_string\"}}],\"inLanguage\":\"fr-FR\"},{\"@type\":\"Organization\",\"@id\":\"https:\\\/\\\/www.info-algerie.com\\\/actualites\\\/#organization\",\"name\":\"info algerie\",\"url\":\"https:\\\/\\\/www.info-algerie.com\\\/actualites\\\/\",\"logo\":{\"@type\":\"ImageObject\",\"inLanguage\":\"fr-FR\",\"@id\":\"https:\\\/\\\/www.info-algerie.com\\\/actualites\\\/#\\\/schema\\\/logo\\\/image\\\/\",\"url\":\"https:\\\/\\\/www.info-algerie.com\\\/actualites\\\/wp-content\\\/uploads\\\/2022\\\/07\\\/logo-ia-120.png\",\"contentUrl\":\"https:\\\/\\\/www.info-algerie.com\\\/actualites\\\/wp-content\\\/uploads\\\/2022\\\/07\\\/logo-ia-120.png\",\"width\":120,\"height\":43,\"caption\":\"info algerie\"},\"image\":{\"@id\":\"https:\\\/\\\/www.info-algerie.com\\\/actualites\\\/#\\\/schema\\\/logo\\\/image\\\/\"},\"sameAs\":[\"https:\\\/\\\/www.facebook.com\\\/infoalgerieactu\",\"https:\\\/\\\/x.com\\\/infoalgerie1\"]},{\"@type\":\"Person\",\"@id\":\"https:\\\/\\\/www.info-algerie.com\\\/actualites\\\/#\\\/schema\\\/person\\\/847aaec44920825b843a08f30ec6aa1e\",\"name\":\"La r\u00e9daction\",\"image\":{\"@type\":\"ImageObject\",\"inLanguage\":\"fr-FR\",\"@id\":\"https:\\\/\\\/secure.gravatar.com\\\/avatar\\\/769db425c6f465158149f1ffd6cf61ce7a8a879d11dfbef8288af36dfddd418c?s=96&d=mm&r=g\",\"url\":\"https:\\\/\\\/secure.gravatar.com\\\/avatar\\\/769db425c6f465158149f1ffd6cf61ce7a8a879d11dfbef8288af36dfddd418c?s=96&d=mm&r=g\",\"contentUrl\":\"https:\\\/\\\/secure.gravatar.com\\\/avatar\\\/769db425c6f465158149f1ffd6cf61ce7a8a879d11dfbef8288af36dfddd418c?s=96&d=mm&r=g\",\"caption\":\"La r\u00e9daction\"},\"sameAs\":[\"http:\\\/\\\/www.lkeria.com\\\/\"],\"url\":\"https:\\\/\\\/www.info-algerie.com\\\/actualites\\\/author\\\/chakib32\\\/\"}]}<\/script>\n<!-- \/ Yoast SEO plugin. -->","yoast_head_json":{"title":"Tebboune re\u00e7oit le ministre britannique du Moyen-Orient et de l&#039;Afrique - info algerie","robots":{"index":"index","follow":"follow","max-snippet":"max-snippet:-1","max-image-preview":"max-image-preview:large","max-video-preview":"max-video-preview:-1"},"canonical":"https:\/\/www.info-algerie.com\/actualites\/tebboune-recoit-le-ministre-britannique-du-moyen-orient-et-de-lafrique\/","og_locale":"fr_FR","og_type":"article","og_title":"Tebboune re\u00e7oit le ministre britannique du Moyen-Orient et de l&#039;Afrique - info algerie","og_description":"ALGER- Le Premier ministre, Abdelmadjid Tebboune, a re\u00e7u\u00a0 mardi \u00e0 Alger, le ministre d&rsquo;Etat britannique, ministre du Moyen-Orient et\u00a0 de l&rsquo;Afrique, Alistair Burt, qui effectue une visite officielle en Alg\u00e9rie. &#013; &#013; La visite du responsable britannique \u00ab\u00a0constitue une opportunit\u00e9\u00a0 suppl\u00e9mentaire de consolider davantage le dialogue politique entre les deux\u00a0 pays par l&rsquo;\u00e9change de vues","og_url":"https:\/\/www.info-algerie.com\/actualites\/tebboune-recoit-le-ministre-britannique-du-moyen-orient-et-de-lafrique\/","og_site_name":"info algerie","article_publisher":"https:\/\/www.facebook.com\/infoalgerieactu","article_published_time":"2017-08-01T11:15:51+00:00","og_image":[{"width":280,"height":166,"url":"https:\/\/www.info-algerie.com\/actualites\/wp-content\/uploads\/2017\/08\/c788821fec4ab1711ba28bd577cf7497_S-1.jpg","type":"image\/jpeg"}],"author":"La r\u00e9daction","twitter_misc":{"\u00c9crit par":"La r\u00e9daction","Dur\u00e9e de lecture estim\u00e9e":"1 minute"},"schema":{"@context":"https:\/\/schema.org","@graph":[{"@type":"Article","@id":"https:\/\/www.info-algerie.com\/actualites\/tebboune-recoit-le-ministre-britannique-du-moyen-orient-et-de-lafrique\/#article","isPartOf":{"@id":"https:\/\/www.info-algerie.com\/actualites\/tebboune-recoit-le-ministre-britannique-du-moyen-orient-et-de-lafrique\/"},"author":{"name":"La r\u00e9daction","@id":"https:\/\/www.info-algerie.com\/actualites\/#\/schema\/person\/847aaec44920825b843a08f30ec6aa1e"},"headline":"Tebboune re\u00e7oit le ministre britannique du Moyen-Orient et de l&#039;Afrique","datePublished":"2017-08-01T11:15:51+00:00","mainEntityOfPage":{"@id":"https:\/\/www.info-algerie.com\/actualites\/tebboune-recoit-le-ministre-britannique-du-moyen-orient-et-de-lafrique\/"},"wordCount":198,"commentCount":0,"publisher":{"@id":"https:\/\/www.info-algerie.com\/actualites\/#organization"},"image":{"@id":"https:\/\/www.info-algerie.com\/actualites\/tebboune-recoit-le-ministre-britannique-du-moyen-orient-et-de-lafrique\/#primaryimage"},"thumbnailUrl":"https:\/\/www.info-algerie.com\/actualites\/wp-content\/uploads\/2017\/08\/c788821fec4ab1711ba28bd577cf7497_S-1.jpg","keywords":["ONU"],"articleSection":["infos"],"inLanguage":"fr-FR","potentialAction":[{"@type":"CommentAction","name":"Comment","target":["https:\/\/www.info-algerie.com\/actualites\/tebboune-recoit-le-ministre-britannique-du-moyen-orient-et-de-lafrique\/#respond"]}]},{"@type":"WebPage","@id":"https:\/\/www.info-algerie.com\/actualites\/tebboune-recoit-le-ministre-britannique-du-moyen-orient-et-de-lafrique\/","url":"https:\/\/www.info-algerie.com\/actualites\/tebboune-recoit-le-ministre-britannique-du-moyen-orient-et-de-lafrique\/","name":"Tebboune re\u00e7oit le ministre britannique du Moyen-Orient et de l&#039;Afrique - info algerie","isPartOf":{"@id":"https:\/\/www.info-algerie.com\/actualites\/#website"},"primaryImageOfPage":{"@id":"https:\/\/www.info-algerie.com\/actualites\/tebboune-recoit-le-ministre-britannique-du-moyen-orient-et-de-lafrique\/#primaryimage"},"image":{"@id":"https:\/\/www.info-algerie.com\/actualites\/tebboune-recoit-le-ministre-britannique-du-moyen-orient-et-de-lafrique\/#primaryimage"},"thumbnailUrl":"https:\/\/www.info-algerie.com\/actualites\/wp-content\/uploads\/2017\/08\/c788821fec4ab1711ba28bd577cf7497_S-1.jpg","datePublished":"2017-08-01T11:15:51+00:00","breadcrumb":{"@id":"https:\/\/www.info-algerie.com\/actualites\/tebboune-recoit-le-ministre-britannique-du-moyen-orient-et-de-lafrique\/#breadcrumb"},"inLanguage":"fr-FR","potentialAction":[{"@type":"ReadAction","target":["https:\/\/www.info-algerie.com\/actualites\/tebboune-recoit-le-ministre-britannique-du-moyen-orient-et-de-lafrique\/"]}]},{"@type":"ImageObject","inLanguage":"fr-FR","@id":"https:\/\/www.info-algerie.com\/actualites\/tebboune-recoit-le-ministre-britannique-du-moyen-orient-et-de-lafrique\/#primaryimage","url":"https:\/\/www.info-algerie.com\/actualites\/wp-content\/uploads\/2017\/08\/c788821fec4ab1711ba28bd577cf7497_S-1.jpg","contentUrl":"https:\/\/www.info-algerie.com\/actualites\/wp-content\/uploads\/2017\/08\/c788821fec4ab1711ba28bd577cf7497_S-1.jpg","width":280,"height":166},{"@type":"BreadcrumbList","@id":"https:\/\/www.info-algerie.com\/actualites\/tebboune-recoit-le-ministre-britannique-du-moyen-orient-et-de-lafrique\/#breadcrumb","itemListElement":[{"@type":"ListItem","position":1,"name":"Accueil","item":"https:\/\/www.info-algerie.com\/actualites\/"},{"@type":"ListItem","position":2,"name":"Tebboune re\u00e7oit le ministre britannique du Moyen-Orient et de l&#039;Afrique"}]},{"@type":"WebSite","@id":"https:\/\/www.info-algerie.com\/actualites\/#website","url":"https:\/\/www.info-algerie.com\/actualites\/","name":"info algerie","description":"Toutes les actualit\u00e9s","publisher":{"@id":"https:\/\/www.info-algerie.com\/actualites\/#organization"},"potentialAction":[{"@type":"SearchAction","target":{"@type":"EntryPoint","urlTemplate":"https:\/\/www.info-algerie.com\/actualites\/?s={search_term_string}"},"query-input":{"@type":"PropertyValueSpecification","valueRequired":true,"valueName":"search_term_string"}}],"inLanguage":"fr-FR"},{"@type":"Organization","@id":"https:\/\/www.info-algerie.com\/actualites\/#organization","name":"info algerie","url":"https:\/\/www.info-algerie.com\/actualites\/","logo":{"@type":"ImageObject","inLanguage":"fr-FR","@id":"https:\/\/www.info-algerie.com\/actualites\/#\/schema\/logo\/image\/","url":"https:\/\/www.info-algerie.com\/actualites\/wp-content\/uploads\/2022\/07\/logo-ia-120.png","contentUrl":"https:\/\/www.info-algerie.com\/actualites\/wp-content\/uploads\/2022\/07\/logo-ia-120.png","width":120,"height":43,"caption":"info algerie"},"image":{"@id":"https:\/\/www.info-algerie.com\/actualites\/#\/schema\/logo\/image\/"},"sameAs":["https:\/\/www.facebook.com\/infoalgerieactu","https:\/\/x.com\/infoalgerie1"]},{"@type":"Person","@id":"https:\/\/www.info-algerie.com\/actualites\/#\/schema\/person\/847aaec44920825b843a08f30ec6aa1e","name":"La r\u00e9daction","image":{"@type":"ImageObject","inLanguage":"fr-FR","@id":"https:\/\/secure.gravatar.com\/avatar\/769db425c6f465158149f1ffd6cf61ce7a8a879d11dfbef8288af36dfddd418c?s=96&d=mm&r=g","url":"https:\/\/secure.gravatar.com\/avatar\/769db425c6f465158149f1ffd6cf61ce7a8a879d11dfbef8288af36dfddd418c?s=96&d=mm&r=g","contentUrl":"https:\/\/secure.gravatar.com\/avatar\/769db425c6f465158149f1ffd6cf61ce7a8a879d11dfbef8288af36dfddd418c?s=96&d=mm&r=g","caption":"La r\u00e9daction"},"sameAs":["http:\/\/www.lkeria.com\/"],"url":"https:\/\/www.info-algerie.com\/actualites\/author\/chakib32\/"}]}},"_links":{"self":[{"href":"https:\/\/www.info-algerie.com\/actualites\/wp-json\/wp\/v2\/posts\/14655","targetHints":{"allow":["GET"]}}],"collection":[{"href":"https:\/\/www.info-algerie.com\/actualites\/wp-json\/wp\/v2\/posts"}],"about":[{"href":"https:\/\/www.info-algerie.com\/actualites\/wp-json\/wp\/v2\/types\/post"}],"author":[{"embeddable":true,"href":"https:\/\/www.info-algerie.com\/actualites\/wp-json\/wp\/v2\/users\/6"}],"replies":[{"embeddable":true,"href":"https:\/\/www.info-algerie.com\/actualites\/wp-json\/wp\/v2\/comments?post=14655"}],"version-history":[{"count":0,"href":"https:\/\/www.info-algerie.com\/actualites\/wp-json\/wp\/v2\/posts\/14655\/revisions"}],"wp:featuredmedia":[{"embeddable":true,"href":"https:\/\/www.info-algerie.com\/actualites\/wp-json\/wp\/v2\/media\/14656"}],"wp:attachment":[{"href":"https:\/\/www.info-algerie.com\/actualites\/wp-json\/wp\/v2\/media?parent=14655"}],"wp:term":[{"taxonomy":"category","embeddable":true,"href":"https:\/\/www.info-algerie.com\/actualites\/wp-json\/wp\/v2\/categories?post=14655"},{"taxonomy":"post_tag","embeddable":true,"href":"https:\/\/www.info-algerie.com\/actualites\/wp-json\/wp\/v2\/tags?post=14655"}],"curies":[{"name":"wp","href":"https:\/\/api.w.org\/{rel}","templated":true}]}}