{"id":14658,"date":"2017-08-01T11:51:40","date_gmt":"2017-08-01T10:51:40","guid":{"rendered":"http:\/\/www.info-algerie.com\/actualites\/le-president-bouteflika-felicite-la-presidente-de-la-confederation-helvetique-pour-la-fete-nationale-de-son-pays\/"},"modified":"2017-08-01T11:51:40","modified_gmt":"2017-08-01T10:51:40","slug":"le-president-bouteflika-felicite-la-presidente-de-la-confederation-helvetique-pour-la-fete-nationale-de-son-pays","status":"publish","type":"post","link":"https:\/\/www.info-algerie.com\/actualites\/le-president-bouteflika-felicite-la-presidente-de-la-confederation-helvetique-pour-la-fete-nationale-de-son-pays\/","title":{"rendered":"Le pr\u00e9sident Bouteflika f\u00e9licite la pr\u00e9sidente de la Conf\u00e9d\u00e9ration helv\u00e9tique pour la f\u00eate nationale de son pays"},"content":{"rendered":"<div class=\"K2FeedIntroText\">\n<p class=\"MsoNormal\">ALGER &#8211; Le pr\u00e9sident de la R\u00e9publique, Abdelaziz Bouteflika, a adress\u00e9 un message de f\u00e9licitations \u00e0 la pr\u00e9sidente de la Conf\u00e9d\u00e9ration helv\u00e9tique, Mme Doris Leuthard, \u00e0 l&rsquo;occasion de la f\u00eate nationale de son pays, dans lequel il lui a r\u00e9it\u00e9r\u00e9 sa disponibilit\u00e9 \u00e0 \u0153uvrer \u00e0 la promotion et au d\u00e9veloppement des liens d&rsquo;amiti\u00e9 et de coop\u00e9ration entre les deux pays.<\/p>\n<p>&#013;\n<\/p><\/div>\n<div class=\"K2FeedFullText\">&#013;<\/p>\n<p class=\"MsoNormal\">\u00ab\u00a0Au moment o\u00f9 la Conf\u00e9d\u00e9ration suisse c\u00e9l\u00e8bre sa f\u00eate nationale, il me plait de vous adresser, au nom du peuple et\u00a0 du gouvernement alg\u00e9riens et en mon nom personnel, nos sinc\u00e8res f\u00e9licitations auxquelles je joins mes v\u0153ux de sant\u00e9 et de bonheur pour vous-m\u00eame, de progr\u00e8s et de bien-\u00eatre continus pour le peuple suisse ami\u00a0\u00bb, \u00e9crit le pr\u00e9sident Bouteflika dans son message.\u00a0<\/p>\n<p>&#013;<\/p>\n<p class=\"MsoNormal\">\u00ab\u00a0Je saisis cette heureuse opportunit\u00e9, qui m&rsquo;est ainsi offerte, pour vous r\u00e9it\u00e9rer ma disponibilit\u00e9 \u00e0 \u0153uvrer, avec vous, \u00e0 la promotion et au d\u00e9veloppement des liens d&rsquo;amiti\u00e9 et de coop\u00e9ration entre nos deux pays\u00a0\u00bb, a ajout\u00e9 le chef de l&rsquo;Etat.\u00a0<\/p>\n<\/div>\n<p>&#013;<br \/>\nSource: <a href=\"http:\/\/www.aps.dz\/algerie\/61265-le-president-bouteflika-felicite-la-presidente-de-la-confederation-helvetique-pour-la-fete-nationale-de-son-pays\" target=\"_blank\">Le pr\u00e9sident Bouteflika f\u00e9licite la pr\u00e9sidente de la Conf\u00e9d\u00e9ration helv\u00e9tique pour la f\u00eate nationale de son pays<\/a><\/p>\n<!--CusAds0-->\n<div style=\"font-size: 0px; height: 0px; line-height: 0px; margin: 0; padding: 0; clear: both;\"><\/div>","protected":false},"excerpt":{"rendered":"<p>ALGER &#8211; Le pr\u00e9sident de la R\u00e9publique, Abdelaziz Bouteflika, a adress\u00e9 un message de f\u00e9licitations \u00e0 la pr\u00e9sidente de la Conf\u00e9d\u00e9ration helv\u00e9tique, Mme Doris Leuthard, \u00e0 l&rsquo;occasion de la f\u00eate nationale de son pays, dans lequel il lui a r\u00e9it\u00e9r\u00e9 sa disponibilit\u00e9 \u00e0 \u0153uvrer \u00e0 la promotion et au d\u00e9veloppement des liens d&rsquo;amiti\u00e9 et de<\/p>\n","protected":false},"author":6,"featured_media":0,"comment_status":"open","ping_status":"open","sticky":false,"template":"","format":"standard","meta":{"footnotes":""},"categories":[22],"tags":[93],"class_list":["post-14658","post","type-post","status-publish","format-standard","hentry","category-infos","tag-onu"],"yoast_head":"<!-- This site is optimized with the Yoast SEO plugin v27.5 - https:\/\/yoast.com\/product\/yoast-seo-wordpress\/ -->\n<title>Le pr\u00e9sident Bouteflika f\u00e9licite la pr\u00e9sidente de la Conf\u00e9d\u00e9ration helv\u00e9tique pour la f\u00eate nationale de son pays - info algerie<\/title>\n<meta name=\"robots\" content=\"index, follow, max-snippet:-1, max-image-preview:large, max-video-preview:-1\" \/>\n<link rel=\"canonical\" href=\"https:\/\/www.info-algerie.com\/actualites\/le-president-bouteflika-felicite-la-presidente-de-la-confederation-helvetique-pour-la-fete-nationale-de-son-pays\/\" \/>\n<meta property=\"og:locale\" content=\"fr_FR\" \/>\n<meta property=\"og:type\" content=\"article\" \/>\n<meta property=\"og:title\" content=\"Le pr\u00e9sident Bouteflika f\u00e9licite la pr\u00e9sidente de la Conf\u00e9d\u00e9ration helv\u00e9tique pour la f\u00eate nationale de son pays - info algerie\" \/>\n<meta property=\"og:description\" content=\"ALGER &#8211; Le pr\u00e9sident de la R\u00e9publique, Abdelaziz Bouteflika, a adress\u00e9 un message de f\u00e9licitations \u00e0 la pr\u00e9sidente de la Conf\u00e9d\u00e9ration helv\u00e9tique, Mme Doris Leuthard, \u00e0 l&rsquo;occasion de la f\u00eate nationale de son pays, dans lequel il lui a r\u00e9it\u00e9r\u00e9 sa disponibilit\u00e9 \u00e0 \u0153uvrer \u00e0 la promotion et au d\u00e9veloppement des liens d&rsquo;amiti\u00e9 et de\" \/>\n<meta property=\"og:url\" content=\"https:\/\/www.info-algerie.com\/actualites\/le-president-bouteflika-felicite-la-presidente-de-la-confederation-helvetique-pour-la-fete-nationale-de-son-pays\/\" \/>\n<meta property=\"og:site_name\" content=\"info algerie\" \/>\n<meta property=\"article:publisher\" content=\"https:\/\/www.facebook.com\/infoalgerieactu\" \/>\n<meta property=\"article:published_time\" content=\"2017-08-01T10:51:40+00:00\" \/>\n<meta name=\"author\" content=\"La r\u00e9daction\" \/>\n<meta name=\"twitter:label1\" content=\"\u00c9crit par\" \/>\n\t<meta name=\"twitter:data1\" content=\"La r\u00e9daction\" \/>\n\t<meta name=\"twitter:label2\" content=\"Dur\u00e9e de lecture estim\u00e9e\" \/>\n\t<meta name=\"twitter:data2\" content=\"1 minute\" \/>\n<script type=\"application\/ld+json\" class=\"yoast-schema-graph\">{\"@context\":\"https:\\\/\\\/schema.org\",\"@graph\":[{\"@type\":\"Article\",\"@id\":\"https:\\\/\\\/www.info-algerie.com\\\/actualites\\\/le-president-bouteflika-felicite-la-presidente-de-la-confederation-helvetique-pour-la-fete-nationale-de-son-pays\\\/#article\",\"isPartOf\":{\"@id\":\"https:\\\/\\\/www.info-algerie.com\\\/actualites\\\/le-president-bouteflika-felicite-la-presidente-de-la-confederation-helvetique-pour-la-fete-nationale-de-son-pays\\\/\"},\"author\":{\"name\":\"La r\u00e9daction\",\"@id\":\"https:\\\/\\\/www.info-algerie.com\\\/actualites\\\/#\\\/schema\\\/person\\\/847aaec44920825b843a08f30ec6aa1e\"},\"headline\":\"Le pr\u00e9sident Bouteflika f\u00e9licite la pr\u00e9sidente de la Conf\u00e9d\u00e9ration helv\u00e9tique pour la f\u00eate nationale de son pays\",\"datePublished\":\"2017-08-01T10:51:40+00:00\",\"mainEntityOfPage\":{\"@id\":\"https:\\\/\\\/www.info-algerie.com\\\/actualites\\\/le-president-bouteflika-felicite-la-presidente-de-la-confederation-helvetique-pour-la-fete-nationale-de-son-pays\\\/\"},\"wordCount\":239,\"commentCount\":0,\"publisher\":{\"@id\":\"https:\\\/\\\/www.info-algerie.com\\\/actualites\\\/#organization\"},\"keywords\":[\"ONU\"],\"articleSection\":[\"infos\"],\"inLanguage\":\"fr-FR\",\"potentialAction\":[{\"@type\":\"CommentAction\",\"name\":\"Comment\",\"target\":[\"https:\\\/\\\/www.info-algerie.com\\\/actualites\\\/le-president-bouteflika-felicite-la-presidente-de-la-confederation-helvetique-pour-la-fete-nationale-de-son-pays\\\/#respond\"]}]},{\"@type\":\"WebPage\",\"@id\":\"https:\\\/\\\/www.info-algerie.com\\\/actualites\\\/le-president-bouteflika-felicite-la-presidente-de-la-confederation-helvetique-pour-la-fete-nationale-de-son-pays\\\/\",\"url\":\"https:\\\/\\\/www.info-algerie.com\\\/actualites\\\/le-president-bouteflika-felicite-la-presidente-de-la-confederation-helvetique-pour-la-fete-nationale-de-son-pays\\\/\",\"name\":\"Le pr\u00e9sident Bouteflika f\u00e9licite la pr\u00e9sidente de la Conf\u00e9d\u00e9ration helv\u00e9tique pour la f\u00eate nationale de son pays - info algerie\",\"isPartOf\":{\"@id\":\"https:\\\/\\\/www.info-algerie.com\\\/actualites\\\/#website\"},\"datePublished\":\"2017-08-01T10:51:40+00:00\",\"breadcrumb\":{\"@id\":\"https:\\\/\\\/www.info-algerie.com\\\/actualites\\\/le-president-bouteflika-felicite-la-presidente-de-la-confederation-helvetique-pour-la-fete-nationale-de-son-pays\\\/#breadcrumb\"},\"inLanguage\":\"fr-FR\",\"potentialAction\":[{\"@type\":\"ReadAction\",\"target\":[\"https:\\\/\\\/www.info-algerie.com\\\/actualites\\\/le-president-bouteflika-felicite-la-presidente-de-la-confederation-helvetique-pour-la-fete-nationale-de-son-pays\\\/\"]}]},{\"@type\":\"BreadcrumbList\",\"@id\":\"https:\\\/\\\/www.info-algerie.com\\\/actualites\\\/le-president-bouteflika-felicite-la-presidente-de-la-confederation-helvetique-pour-la-fete-nationale-de-son-pays\\\/#breadcrumb\",\"itemListElement\":[{\"@type\":\"ListItem\",\"position\":1,\"name\":\"Accueil\",\"item\":\"https:\\\/\\\/www.info-algerie.com\\\/actualites\\\/\"},{\"@type\":\"ListItem\",\"position\":2,\"name\":\"Le pr\u00e9sident Bouteflika f\u00e9licite la pr\u00e9sidente de la Conf\u00e9d\u00e9ration helv\u00e9tique pour la f\u00eate nationale de son pays\"}]},{\"@type\":\"WebSite\",\"@id\":\"https:\\\/\\\/www.info-algerie.com\\\/actualites\\\/#website\",\"url\":\"https:\\\/\\\/www.info-algerie.com\\\/actualites\\\/\",\"name\":\"info algerie\",\"description\":\"Toutes les actualit\u00e9s\",\"publisher\":{\"@id\":\"https:\\\/\\\/www.info-algerie.com\\\/actualites\\\/#organization\"},\"potentialAction\":[{\"@type\":\"SearchAction\",\"target\":{\"@type\":\"EntryPoint\",\"urlTemplate\":\"https:\\\/\\\/www.info-algerie.com\\\/actualites\\\/?s={search_term_string}\"},\"query-input\":{\"@type\":\"PropertyValueSpecification\",\"valueRequired\":true,\"valueName\":\"search_term_string\"}}],\"inLanguage\":\"fr-FR\"},{\"@type\":\"Organization\",\"@id\":\"https:\\\/\\\/www.info-algerie.com\\\/actualites\\\/#organization\",\"name\":\"info algerie\",\"url\":\"https:\\\/\\\/www.info-algerie.com\\\/actualites\\\/\",\"logo\":{\"@type\":\"ImageObject\",\"inLanguage\":\"fr-FR\",\"@id\":\"https:\\\/\\\/www.info-algerie.com\\\/actualites\\\/#\\\/schema\\\/logo\\\/image\\\/\",\"url\":\"https:\\\/\\\/www.info-algerie.com\\\/actualites\\\/wp-content\\\/uploads\\\/2022\\\/07\\\/logo-ia-120.png\",\"contentUrl\":\"https:\\\/\\\/www.info-algerie.com\\\/actualites\\\/wp-content\\\/uploads\\\/2022\\\/07\\\/logo-ia-120.png\",\"width\":120,\"height\":43,\"caption\":\"info algerie\"},\"image\":{\"@id\":\"https:\\\/\\\/www.info-algerie.com\\\/actualites\\\/#\\\/schema\\\/logo\\\/image\\\/\"},\"sameAs\":[\"https:\\\/\\\/www.facebook.com\\\/infoalgerieactu\",\"https:\\\/\\\/x.com\\\/infoalgerie1\"]},{\"@type\":\"Person\",\"@id\":\"https:\\\/\\\/www.info-algerie.com\\\/actualites\\\/#\\\/schema\\\/person\\\/847aaec44920825b843a08f30ec6aa1e\",\"name\":\"La r\u00e9daction\",\"image\":{\"@type\":\"ImageObject\",\"inLanguage\":\"fr-FR\",\"@id\":\"https:\\\/\\\/secure.gravatar.com\\\/avatar\\\/769db425c6f465158149f1ffd6cf61ce7a8a879d11dfbef8288af36dfddd418c?s=96&d=mm&r=g\",\"url\":\"https:\\\/\\\/secure.gravatar.com\\\/avatar\\\/769db425c6f465158149f1ffd6cf61ce7a8a879d11dfbef8288af36dfddd418c?s=96&d=mm&r=g\",\"contentUrl\":\"https:\\\/\\\/secure.gravatar.com\\\/avatar\\\/769db425c6f465158149f1ffd6cf61ce7a8a879d11dfbef8288af36dfddd418c?s=96&d=mm&r=g\",\"caption\":\"La r\u00e9daction\"},\"sameAs\":[\"http:\\\/\\\/www.lkeria.com\\\/\"],\"url\":\"https:\\\/\\\/www.info-algerie.com\\\/actualites\\\/author\\\/chakib32\\\/\"}]}<\/script>\n<!-- \/ Yoast SEO plugin. -->","yoast_head_json":{"title":"Le pr\u00e9sident Bouteflika f\u00e9licite la pr\u00e9sidente de la Conf\u00e9d\u00e9ration helv\u00e9tique pour la f\u00eate nationale de son pays - info algerie","robots":{"index":"index","follow":"follow","max-snippet":"max-snippet:-1","max-image-preview":"max-image-preview:large","max-video-preview":"max-video-preview:-1"},"canonical":"https:\/\/www.info-algerie.com\/actualites\/le-president-bouteflika-felicite-la-presidente-de-la-confederation-helvetique-pour-la-fete-nationale-de-son-pays\/","og_locale":"fr_FR","og_type":"article","og_title":"Le pr\u00e9sident Bouteflika f\u00e9licite la pr\u00e9sidente de la Conf\u00e9d\u00e9ration helv\u00e9tique pour la f\u00eate nationale de son pays - info algerie","og_description":"ALGER &#8211; Le pr\u00e9sident de la R\u00e9publique, Abdelaziz Bouteflika, a adress\u00e9 un message de f\u00e9licitations \u00e0 la pr\u00e9sidente de la Conf\u00e9d\u00e9ration helv\u00e9tique, Mme Doris Leuthard, \u00e0 l&rsquo;occasion de la f\u00eate nationale de son pays, dans lequel il lui a r\u00e9it\u00e9r\u00e9 sa disponibilit\u00e9 \u00e0 \u0153uvrer \u00e0 la promotion et au d\u00e9veloppement des liens d&rsquo;amiti\u00e9 et de","og_url":"https:\/\/www.info-algerie.com\/actualites\/le-president-bouteflika-felicite-la-presidente-de-la-confederation-helvetique-pour-la-fete-nationale-de-son-pays\/","og_site_name":"info algerie","article_publisher":"https:\/\/www.facebook.com\/infoalgerieactu","article_published_time":"2017-08-01T10:51:40+00:00","author":"La r\u00e9daction","twitter_misc":{"\u00c9crit par":"La r\u00e9daction","Dur\u00e9e de lecture estim\u00e9e":"1 minute"},"schema":{"@context":"https:\/\/schema.org","@graph":[{"@type":"Article","@id":"https:\/\/www.info-algerie.com\/actualites\/le-president-bouteflika-felicite-la-presidente-de-la-confederation-helvetique-pour-la-fete-nationale-de-son-pays\/#article","isPartOf":{"@id":"https:\/\/www.info-algerie.com\/actualites\/le-president-bouteflika-felicite-la-presidente-de-la-confederation-helvetique-pour-la-fete-nationale-de-son-pays\/"},"author":{"name":"La r\u00e9daction","@id":"https:\/\/www.info-algerie.com\/actualites\/#\/schema\/person\/847aaec44920825b843a08f30ec6aa1e"},"headline":"Le pr\u00e9sident Bouteflika f\u00e9licite la pr\u00e9sidente de la Conf\u00e9d\u00e9ration helv\u00e9tique pour la f\u00eate nationale de son pays","datePublished":"2017-08-01T10:51:40+00:00","mainEntityOfPage":{"@id":"https:\/\/www.info-algerie.com\/actualites\/le-president-bouteflika-felicite-la-presidente-de-la-confederation-helvetique-pour-la-fete-nationale-de-son-pays\/"},"wordCount":239,"commentCount":0,"publisher":{"@id":"https:\/\/www.info-algerie.com\/actualites\/#organization"},"keywords":["ONU"],"articleSection":["infos"],"inLanguage":"fr-FR","potentialAction":[{"@type":"CommentAction","name":"Comment","target":["https:\/\/www.info-algerie.com\/actualites\/le-president-bouteflika-felicite-la-presidente-de-la-confederation-helvetique-pour-la-fete-nationale-de-son-pays\/#respond"]}]},{"@type":"WebPage","@id":"https:\/\/www.info-algerie.com\/actualites\/le-president-bouteflika-felicite-la-presidente-de-la-confederation-helvetique-pour-la-fete-nationale-de-son-pays\/","url":"https:\/\/www.info-algerie.com\/actualites\/le-president-bouteflika-felicite-la-presidente-de-la-confederation-helvetique-pour-la-fete-nationale-de-son-pays\/","name":"Le pr\u00e9sident Bouteflika f\u00e9licite la pr\u00e9sidente de la Conf\u00e9d\u00e9ration helv\u00e9tique pour la f\u00eate nationale de son pays - info algerie","isPartOf":{"@id":"https:\/\/www.info-algerie.com\/actualites\/#website"},"datePublished":"2017-08-01T10:51:40+00:00","breadcrumb":{"@id":"https:\/\/www.info-algerie.com\/actualites\/le-president-bouteflika-felicite-la-presidente-de-la-confederation-helvetique-pour-la-fete-nationale-de-son-pays\/#breadcrumb"},"inLanguage":"fr-FR","potentialAction":[{"@type":"ReadAction","target":["https:\/\/www.info-algerie.com\/actualites\/le-president-bouteflika-felicite-la-presidente-de-la-confederation-helvetique-pour-la-fete-nationale-de-son-pays\/"]}]},{"@type":"BreadcrumbList","@id":"https:\/\/www.info-algerie.com\/actualites\/le-president-bouteflika-felicite-la-presidente-de-la-confederation-helvetique-pour-la-fete-nationale-de-son-pays\/#breadcrumb","itemListElement":[{"@type":"ListItem","position":1,"name":"Accueil","item":"https:\/\/www.info-algerie.com\/actualites\/"},{"@type":"ListItem","position":2,"name":"Le pr\u00e9sident Bouteflika f\u00e9licite la pr\u00e9sidente de la Conf\u00e9d\u00e9ration helv\u00e9tique pour la f\u00eate nationale de son pays"}]},{"@type":"WebSite","@id":"https:\/\/www.info-algerie.com\/actualites\/#website","url":"https:\/\/www.info-algerie.com\/actualites\/","name":"info algerie","description":"Toutes les actualit\u00e9s","publisher":{"@id":"https:\/\/www.info-algerie.com\/actualites\/#organization"},"potentialAction":[{"@type":"SearchAction","target":{"@type":"EntryPoint","urlTemplate":"https:\/\/www.info-algerie.com\/actualites\/?s={search_term_string}"},"query-input":{"@type":"PropertyValueSpecification","valueRequired":true,"valueName":"search_term_string"}}],"inLanguage":"fr-FR"},{"@type":"Organization","@id":"https:\/\/www.info-algerie.com\/actualites\/#organization","name":"info algerie","url":"https:\/\/www.info-algerie.com\/actualites\/","logo":{"@type":"ImageObject","inLanguage":"fr-FR","@id":"https:\/\/www.info-algerie.com\/actualites\/#\/schema\/logo\/image\/","url":"https:\/\/www.info-algerie.com\/actualites\/wp-content\/uploads\/2022\/07\/logo-ia-120.png","contentUrl":"https:\/\/www.info-algerie.com\/actualites\/wp-content\/uploads\/2022\/07\/logo-ia-120.png","width":120,"height":43,"caption":"info algerie"},"image":{"@id":"https:\/\/www.info-algerie.com\/actualites\/#\/schema\/logo\/image\/"},"sameAs":["https:\/\/www.facebook.com\/infoalgerieactu","https:\/\/x.com\/infoalgerie1"]},{"@type":"Person","@id":"https:\/\/www.info-algerie.com\/actualites\/#\/schema\/person\/847aaec44920825b843a08f30ec6aa1e","name":"La r\u00e9daction","image":{"@type":"ImageObject","inLanguage":"fr-FR","@id":"https:\/\/secure.gravatar.com\/avatar\/769db425c6f465158149f1ffd6cf61ce7a8a879d11dfbef8288af36dfddd418c?s=96&d=mm&r=g","url":"https:\/\/secure.gravatar.com\/avatar\/769db425c6f465158149f1ffd6cf61ce7a8a879d11dfbef8288af36dfddd418c?s=96&d=mm&r=g","contentUrl":"https:\/\/secure.gravatar.com\/avatar\/769db425c6f465158149f1ffd6cf61ce7a8a879d11dfbef8288af36dfddd418c?s=96&d=mm&r=g","caption":"La r\u00e9daction"},"sameAs":["http:\/\/www.lkeria.com\/"],"url":"https:\/\/www.info-algerie.com\/actualites\/author\/chakib32\/"}]}},"_links":{"self":[{"href":"https:\/\/www.info-algerie.com\/actualites\/wp-json\/wp\/v2\/posts\/14658","targetHints":{"allow":["GET"]}}],"collection":[{"href":"https:\/\/www.info-algerie.com\/actualites\/wp-json\/wp\/v2\/posts"}],"about":[{"href":"https:\/\/www.info-algerie.com\/actualites\/wp-json\/wp\/v2\/types\/post"}],"author":[{"embeddable":true,"href":"https:\/\/www.info-algerie.com\/actualites\/wp-json\/wp\/v2\/users\/6"}],"replies":[{"embeddable":true,"href":"https:\/\/www.info-algerie.com\/actualites\/wp-json\/wp\/v2\/comments?post=14658"}],"version-history":[{"count":0,"href":"https:\/\/www.info-algerie.com\/actualites\/wp-json\/wp\/v2\/posts\/14658\/revisions"}],"wp:attachment":[{"href":"https:\/\/www.info-algerie.com\/actualites\/wp-json\/wp\/v2\/media?parent=14658"}],"wp:term":[{"taxonomy":"category","embeddable":true,"href":"https:\/\/www.info-algerie.com\/actualites\/wp-json\/wp\/v2\/categories?post=14658"},{"taxonomy":"post_tag","embeddable":true,"href":"https:\/\/www.info-algerie.com\/actualites\/wp-json\/wp\/v2\/tags?post=14658"}],"curies":[{"name":"wp","href":"https:\/\/api.w.org\/{rel}","templated":true}]}}