{"id":14663,"date":"2017-08-01T15:04:44","date_gmt":"2017-08-01T14:04:44","guid":{"rendered":"http:\/\/www.info-algerie.com\/actualites\/ressortissants-nigeriens-en-situation-irreguliere-reprise-des-operations-de-rapatriement-a-compter-du-1er-aout\/"},"modified":"2017-08-01T15:04:44","modified_gmt":"2017-08-01T14:04:44","slug":"ressortissants-nigeriens-en-situation-irreguliere-reprise-des-operations-de-rapatriement-a-compter-du-1er-aout","status":"publish","type":"post","link":"https:\/\/www.info-algerie.com\/actualites\/ressortissants-nigeriens-en-situation-irreguliere-reprise-des-operations-de-rapatriement-a-compter-du-1er-aout\/","title":{"rendered":"Ressortissants nig\u00e9riens en situation irr\u00e9guli\u00e8re: reprise des op\u00e9rations de rapatriement \u00e0 compter du 1er ao\u00fbt"},"content":{"rendered":"<div class=\"K2FeedImage\"><img decoding=\"async\" src=\"https:\/\/www.info-algerie.com\/actualites\/wp-content\/uploads\/2017\/08\/f6612bb15a53ca1033ec12b667940234_S.jpg\" alt=\"Ressortissants nig&#xE9;riens en situation irr&#xE9;guli&#xE8;re: reprise des op&#xE9;rations de rapatriement &#xE0; compter du 1er ao&#xFB;t\" \/><\/div>\n<div class=\"K2FeedIntroText\">\n<p>ALGER &#8211; Les autorit\u00e9s alg\u00e9riennes ont d\u00e9cid\u00e9, en \u00e9troite coordination avec leurs homologues nig\u00e9riennes, de la reprise, \u00e0 compter du 1er ao\u00fbt 2017, des op\u00e9rations de rapatriement de ressortissants nig\u00e9riens en situation irr\u00e9guli\u00e8re en Alg\u00e9rie, a annonc\u00e9 mardi le porte-parole du minist\u00e8re des Affaires \u00e9trang\u00e8res, Abdelaziz Benali Cherif.<\/p>\n<p>&#013;\n<\/p><\/div>\n<div class=\"K2FeedFullText\">&#013;<\/p>\n<p>\u00ab\u00a0Dans l\u2019objectif de mieux faire face au ph\u00e9nom\u00e8ne de l\u2019immigration irr\u00e9guli\u00e8re et lutter contre les r\u00e9seaux de la traite des personnes, les autorit\u00e9s alg\u00e9riennes ont d\u00e9cid\u00e9, en \u00e9troite coordination avec leurs homologues nig\u00e9riennes, de la reprise, \u00e0 compter du 1er ao\u00fbt 2017, des op\u00e9rations de rapatriement de ressortissants nig\u00e9riens en situation irr\u00e9guli\u00e8re en Alg\u00e9rie\u00a0\u00bb, a indiqu\u00e9 M. Benali Cherif dans une d\u00e9claration \u00e0 l&rsquo;APS.<\/p>\n<p>&#013;<\/p>\n<p>Il a pr\u00e9cis\u00e9 que ces op\u00e9rations \u00ab\u00a0s\u2019int\u00e8grent dans le cadre d\u2019une s\u00e9rie de mesures prises par le gouvernement alg\u00e9rien en vue de renforcer la coop\u00e9ration avec les pays de l\u2019Afrique subsaharienne, notamment le Niger et le Mali, \u00e0 l\u2019effet de juguler les flux migratoires irr\u00e9guliers auxquels notre pays se trouve confront\u00e9\u00a0\u00bb.<\/p>\n<p>&#013;<\/p>\n<p>Pour ce faire, \u00ab\u00a0un dispositif associant tous les secteurs et acteurs concern\u00e9s dont le Croissant rouge alg\u00e9rien, a \u00e9t\u00e9 mis en place en vue de permettre la mise en \u0153uvre des op\u00e9rations de rapatriement dans les meilleures conditions possibles et dans le strict respect de la dignit\u00e9 et des droits humains, conform\u00e9ment aux engagements internationaux de\u00a0 l\u2019Alg\u00e9rie en la mati\u00e8re\u00a0\u00bb, a relev\u00e9 le porte-parole du MAE.<\/p>\n<p>&#013;<\/p>\n<p class=\"MsoNormal\">Dans ce cadre, les autorit\u00e9s alg\u00e9riennes \u00ab\u00a0ont veill\u00e9 \u00e0 ce que les op\u00e9rations de rapatriement s\u2019effectuent, tout au long de ses diff\u00e9rentes \u00e9tapes, dans des conditions optimales de confort et de s\u00e9curit\u00e9\u00a0\u00bb, a-t-il soulign\u00e9, ajoutant que \u00ab\u00a0le dispositif ainsi mis en place, est d\u00fbment compl\u00e9t\u00e9 par une prise en charge m\u00e9dicale et psychologique\u00a0\u00bb.<\/p>\n<\/div>\n<p>&#013;<br \/>\nSource: <a href=\"http:\/\/www.aps.dz\/algerie\/61277-ressortissants-nigeriens-en-situation-irreguliere-reprise-des-operations-de-rapatriement-a-compter-du-1er-aout\" target=\"_blank\">Ressortissants nig\u00e9riens en situation irr\u00e9guli\u00e8re: reprise des op\u00e9rations de rapatriement \u00e0 compter du 1er ao\u00fbt<\/a><\/p>\n<!--CusAds0-->\n<div style=\"font-size: 0px; height: 0px; line-height: 0px; margin: 0; padding: 0; clear: both;\"><\/div>","protected":false},"excerpt":{"rendered":"<p>ALGER &#8211; Les autorit\u00e9s alg\u00e9riennes ont d\u00e9cid\u00e9, en \u00e9troite coordination avec leurs homologues nig\u00e9riennes, de la reprise, \u00e0 compter du 1er ao\u00fbt 2017, des op\u00e9rations de rapatriement de ressortissants nig\u00e9riens en situation irr\u00e9guli\u00e8re en Alg\u00e9rie, a annonc\u00e9 mardi le porte-parole du minist\u00e8re des Affaires \u00e9trang\u00e8res, Abdelaziz Benali Cherif. &#013; &#013; \u00ab\u00a0Dans l\u2019objectif de mieux faire<\/p>\n","protected":false},"author":6,"featured_media":14664,"comment_status":"open","ping_status":"open","sticky":false,"template":"","format":"standard","meta":{"footnotes":""},"categories":[22],"tags":[93],"class_list":["post-14663","post","type-post","status-publish","format-standard","has-post-thumbnail","hentry","category-infos","tag-onu"],"yoast_head":"<!-- This site is optimized with the Yoast SEO plugin v27.5 - https:\/\/yoast.com\/product\/yoast-seo-wordpress\/ -->\n<title>Ressortissants nig\u00e9riens en situation irr\u00e9guli\u00e8re: reprise des op\u00e9rations de rapatriement \u00e0 compter du 1er ao\u00fbt - info algerie<\/title>\n<meta name=\"robots\" content=\"index, follow, max-snippet:-1, max-image-preview:large, max-video-preview:-1\" \/>\n<link rel=\"canonical\" href=\"https:\/\/www.info-algerie.com\/actualites\/ressortissants-nigeriens-en-situation-irreguliere-reprise-des-operations-de-rapatriement-a-compter-du-1er-aout\/\" \/>\n<meta property=\"og:locale\" content=\"fr_FR\" \/>\n<meta property=\"og:type\" content=\"article\" \/>\n<meta property=\"og:title\" content=\"Ressortissants nig\u00e9riens en situation irr\u00e9guli\u00e8re: reprise des op\u00e9rations de rapatriement \u00e0 compter du 1er ao\u00fbt - info algerie\" \/>\n<meta property=\"og:description\" content=\"ALGER &#8211; Les autorit\u00e9s alg\u00e9riennes ont d\u00e9cid\u00e9, en \u00e9troite coordination avec leurs homologues nig\u00e9riennes, de la reprise, \u00e0 compter du 1er ao\u00fbt 2017, des op\u00e9rations de rapatriement de ressortissants nig\u00e9riens en situation irr\u00e9guli\u00e8re en Alg\u00e9rie, a annonc\u00e9 mardi le porte-parole du minist\u00e8re des Affaires \u00e9trang\u00e8res, Abdelaziz Benali Cherif. &#013; &#013; \u00ab\u00a0Dans l\u2019objectif de mieux faire\" \/>\n<meta property=\"og:url\" content=\"https:\/\/www.info-algerie.com\/actualites\/ressortissants-nigeriens-en-situation-irreguliere-reprise-des-operations-de-rapatriement-a-compter-du-1er-aout\/\" \/>\n<meta property=\"og:site_name\" content=\"info algerie\" \/>\n<meta property=\"article:publisher\" content=\"https:\/\/www.facebook.com\/infoalgerieactu\" \/>\n<meta property=\"article:published_time\" content=\"2017-08-01T14:04:44+00:00\" \/>\n<meta property=\"og:image\" content=\"https:\/\/www.info-algerie.com\/actualites\/wp-content\/uploads\/2017\/08\/f6612bb15a53ca1033ec12b667940234_S-1.jpg\" \/>\n\t<meta property=\"og:image:width\" content=\"280\" \/>\n\t<meta property=\"og:image:height\" content=\"169\" \/>\n\t<meta property=\"og:image:type\" content=\"image\/jpeg\" \/>\n<meta name=\"author\" content=\"La r\u00e9daction\" \/>\n<meta name=\"twitter:label1\" content=\"\u00c9crit par\" \/>\n\t<meta name=\"twitter:data1\" content=\"La r\u00e9daction\" \/>\n\t<meta name=\"twitter:label2\" content=\"Dur\u00e9e de lecture estim\u00e9e\" \/>\n\t<meta name=\"twitter:data2\" content=\"2 minutes\" \/>\n<script type=\"application\/ld+json\" class=\"yoast-schema-graph\">{\"@context\":\"https:\\\/\\\/schema.org\",\"@graph\":[{\"@type\":\"Article\",\"@id\":\"https:\\\/\\\/www.info-algerie.com\\\/actualites\\\/ressortissants-nigeriens-en-situation-irreguliere-reprise-des-operations-de-rapatriement-a-compter-du-1er-aout\\\/#article\",\"isPartOf\":{\"@id\":\"https:\\\/\\\/www.info-algerie.com\\\/actualites\\\/ressortissants-nigeriens-en-situation-irreguliere-reprise-des-operations-de-rapatriement-a-compter-du-1er-aout\\\/\"},\"author\":{\"name\":\"La r\u00e9daction\",\"@id\":\"https:\\\/\\\/www.info-algerie.com\\\/actualites\\\/#\\\/schema\\\/person\\\/847aaec44920825b843a08f30ec6aa1e\"},\"headline\":\"Ressortissants nig\u00e9riens en situation irr\u00e9guli\u00e8re: reprise des op\u00e9rations de rapatriement \u00e0 compter du 1er ao\u00fbt\",\"datePublished\":\"2017-08-01T14:04:44+00:00\",\"mainEntityOfPage\":{\"@id\":\"https:\\\/\\\/www.info-algerie.com\\\/actualites\\\/ressortissants-nigeriens-en-situation-irreguliere-reprise-des-operations-de-rapatriement-a-compter-du-1er-aout\\\/\"},\"wordCount\":372,\"commentCount\":0,\"publisher\":{\"@id\":\"https:\\\/\\\/www.info-algerie.com\\\/actualites\\\/#organization\"},\"image\":{\"@id\":\"https:\\\/\\\/www.info-algerie.com\\\/actualites\\\/ressortissants-nigeriens-en-situation-irreguliere-reprise-des-operations-de-rapatriement-a-compter-du-1er-aout\\\/#primaryimage\"},\"thumbnailUrl\":\"https:\\\/\\\/www.info-algerie.com\\\/actualites\\\/wp-content\\\/uploads\\\/2017\\\/08\\\/f6612bb15a53ca1033ec12b667940234_S-1.jpg\",\"keywords\":[\"ONU\"],\"articleSection\":[\"infos\"],\"inLanguage\":\"fr-FR\",\"potentialAction\":[{\"@type\":\"CommentAction\",\"name\":\"Comment\",\"target\":[\"https:\\\/\\\/www.info-algerie.com\\\/actualites\\\/ressortissants-nigeriens-en-situation-irreguliere-reprise-des-operations-de-rapatriement-a-compter-du-1er-aout\\\/#respond\"]}]},{\"@type\":\"WebPage\",\"@id\":\"https:\\\/\\\/www.info-algerie.com\\\/actualites\\\/ressortissants-nigeriens-en-situation-irreguliere-reprise-des-operations-de-rapatriement-a-compter-du-1er-aout\\\/\",\"url\":\"https:\\\/\\\/www.info-algerie.com\\\/actualites\\\/ressortissants-nigeriens-en-situation-irreguliere-reprise-des-operations-de-rapatriement-a-compter-du-1er-aout\\\/\",\"name\":\"Ressortissants nig\u00e9riens en situation irr\u00e9guli\u00e8re: reprise des op\u00e9rations de rapatriement \u00e0 compter du 1er ao\u00fbt - info algerie\",\"isPartOf\":{\"@id\":\"https:\\\/\\\/www.info-algerie.com\\\/actualites\\\/#website\"},\"primaryImageOfPage\":{\"@id\":\"https:\\\/\\\/www.info-algerie.com\\\/actualites\\\/ressortissants-nigeriens-en-situation-irreguliere-reprise-des-operations-de-rapatriement-a-compter-du-1er-aout\\\/#primaryimage\"},\"image\":{\"@id\":\"https:\\\/\\\/www.info-algerie.com\\\/actualites\\\/ressortissants-nigeriens-en-situation-irreguliere-reprise-des-operations-de-rapatriement-a-compter-du-1er-aout\\\/#primaryimage\"},\"thumbnailUrl\":\"https:\\\/\\\/www.info-algerie.com\\\/actualites\\\/wp-content\\\/uploads\\\/2017\\\/08\\\/f6612bb15a53ca1033ec12b667940234_S-1.jpg\",\"datePublished\":\"2017-08-01T14:04:44+00:00\",\"breadcrumb\":{\"@id\":\"https:\\\/\\\/www.info-algerie.com\\\/actualites\\\/ressortissants-nigeriens-en-situation-irreguliere-reprise-des-operations-de-rapatriement-a-compter-du-1er-aout\\\/#breadcrumb\"},\"inLanguage\":\"fr-FR\",\"potentialAction\":[{\"@type\":\"ReadAction\",\"target\":[\"https:\\\/\\\/www.info-algerie.com\\\/actualites\\\/ressortissants-nigeriens-en-situation-irreguliere-reprise-des-operations-de-rapatriement-a-compter-du-1er-aout\\\/\"]}]},{\"@type\":\"ImageObject\",\"inLanguage\":\"fr-FR\",\"@id\":\"https:\\\/\\\/www.info-algerie.com\\\/actualites\\\/ressortissants-nigeriens-en-situation-irreguliere-reprise-des-operations-de-rapatriement-a-compter-du-1er-aout\\\/#primaryimage\",\"url\":\"https:\\\/\\\/www.info-algerie.com\\\/actualites\\\/wp-content\\\/uploads\\\/2017\\\/08\\\/f6612bb15a53ca1033ec12b667940234_S-1.jpg\",\"contentUrl\":\"https:\\\/\\\/www.info-algerie.com\\\/actualites\\\/wp-content\\\/uploads\\\/2017\\\/08\\\/f6612bb15a53ca1033ec12b667940234_S-1.jpg\",\"width\":280,\"height\":169},{\"@type\":\"BreadcrumbList\",\"@id\":\"https:\\\/\\\/www.info-algerie.com\\\/actualites\\\/ressortissants-nigeriens-en-situation-irreguliere-reprise-des-operations-de-rapatriement-a-compter-du-1er-aout\\\/#breadcrumb\",\"itemListElement\":[{\"@type\":\"ListItem\",\"position\":1,\"name\":\"Accueil\",\"item\":\"https:\\\/\\\/www.info-algerie.com\\\/actualites\\\/\"},{\"@type\":\"ListItem\",\"position\":2,\"name\":\"Ressortissants nig\u00e9riens en situation irr\u00e9guli\u00e8re: reprise des op\u00e9rations de rapatriement \u00e0 compter du 1er ao\u00fbt\"}]},{\"@type\":\"WebSite\",\"@id\":\"https:\\\/\\\/www.info-algerie.com\\\/actualites\\\/#website\",\"url\":\"https:\\\/\\\/www.info-algerie.com\\\/actualites\\\/\",\"name\":\"info algerie\",\"description\":\"Toutes les actualit\u00e9s\",\"publisher\":{\"@id\":\"https:\\\/\\\/www.info-algerie.com\\\/actualites\\\/#organization\"},\"potentialAction\":[{\"@type\":\"SearchAction\",\"target\":{\"@type\":\"EntryPoint\",\"urlTemplate\":\"https:\\\/\\\/www.info-algerie.com\\\/actualites\\\/?s={search_term_string}\"},\"query-input\":{\"@type\":\"PropertyValueSpecification\",\"valueRequired\":true,\"valueName\":\"search_term_string\"}}],\"inLanguage\":\"fr-FR\"},{\"@type\":\"Organization\",\"@id\":\"https:\\\/\\\/www.info-algerie.com\\\/actualites\\\/#organization\",\"name\":\"info algerie\",\"url\":\"https:\\\/\\\/www.info-algerie.com\\\/actualites\\\/\",\"logo\":{\"@type\":\"ImageObject\",\"inLanguage\":\"fr-FR\",\"@id\":\"https:\\\/\\\/www.info-algerie.com\\\/actualites\\\/#\\\/schema\\\/logo\\\/image\\\/\",\"url\":\"https:\\\/\\\/www.info-algerie.com\\\/actualites\\\/wp-content\\\/uploads\\\/2022\\\/07\\\/logo-ia-120.png\",\"contentUrl\":\"https:\\\/\\\/www.info-algerie.com\\\/actualites\\\/wp-content\\\/uploads\\\/2022\\\/07\\\/logo-ia-120.png\",\"width\":120,\"height\":43,\"caption\":\"info algerie\"},\"image\":{\"@id\":\"https:\\\/\\\/www.info-algerie.com\\\/actualites\\\/#\\\/schema\\\/logo\\\/image\\\/\"},\"sameAs\":[\"https:\\\/\\\/www.facebook.com\\\/infoalgerieactu\",\"https:\\\/\\\/x.com\\\/infoalgerie1\"]},{\"@type\":\"Person\",\"@id\":\"https:\\\/\\\/www.info-algerie.com\\\/actualites\\\/#\\\/schema\\\/person\\\/847aaec44920825b843a08f30ec6aa1e\",\"name\":\"La r\u00e9daction\",\"image\":{\"@type\":\"ImageObject\",\"inLanguage\":\"fr-FR\",\"@id\":\"https:\\\/\\\/secure.gravatar.com\\\/avatar\\\/769db425c6f465158149f1ffd6cf61ce7a8a879d11dfbef8288af36dfddd418c?s=96&d=mm&r=g\",\"url\":\"https:\\\/\\\/secure.gravatar.com\\\/avatar\\\/769db425c6f465158149f1ffd6cf61ce7a8a879d11dfbef8288af36dfddd418c?s=96&d=mm&r=g\",\"contentUrl\":\"https:\\\/\\\/secure.gravatar.com\\\/avatar\\\/769db425c6f465158149f1ffd6cf61ce7a8a879d11dfbef8288af36dfddd418c?s=96&d=mm&r=g\",\"caption\":\"La r\u00e9daction\"},\"sameAs\":[\"http:\\\/\\\/www.lkeria.com\\\/\"],\"url\":\"https:\\\/\\\/www.info-algerie.com\\\/actualites\\\/author\\\/chakib32\\\/\"}]}<\/script>\n<!-- \/ Yoast SEO plugin. -->","yoast_head_json":{"title":"Ressortissants nig\u00e9riens en situation irr\u00e9guli\u00e8re: reprise des op\u00e9rations de rapatriement \u00e0 compter du 1er ao\u00fbt - info algerie","robots":{"index":"index","follow":"follow","max-snippet":"max-snippet:-1","max-image-preview":"max-image-preview:large","max-video-preview":"max-video-preview:-1"},"canonical":"https:\/\/www.info-algerie.com\/actualites\/ressortissants-nigeriens-en-situation-irreguliere-reprise-des-operations-de-rapatriement-a-compter-du-1er-aout\/","og_locale":"fr_FR","og_type":"article","og_title":"Ressortissants nig\u00e9riens en situation irr\u00e9guli\u00e8re: reprise des op\u00e9rations de rapatriement \u00e0 compter du 1er ao\u00fbt - info algerie","og_description":"ALGER &#8211; Les autorit\u00e9s alg\u00e9riennes ont d\u00e9cid\u00e9, en \u00e9troite coordination avec leurs homologues nig\u00e9riennes, de la reprise, \u00e0 compter du 1er ao\u00fbt 2017, des op\u00e9rations de rapatriement de ressortissants nig\u00e9riens en situation irr\u00e9guli\u00e8re en Alg\u00e9rie, a annonc\u00e9 mardi le porte-parole du minist\u00e8re des Affaires \u00e9trang\u00e8res, Abdelaziz Benali Cherif. &#013; &#013; \u00ab\u00a0Dans l\u2019objectif de mieux faire","og_url":"https:\/\/www.info-algerie.com\/actualites\/ressortissants-nigeriens-en-situation-irreguliere-reprise-des-operations-de-rapatriement-a-compter-du-1er-aout\/","og_site_name":"info algerie","article_publisher":"https:\/\/www.facebook.com\/infoalgerieactu","article_published_time":"2017-08-01T14:04:44+00:00","og_image":[{"width":280,"height":169,"url":"https:\/\/www.info-algerie.com\/actualites\/wp-content\/uploads\/2017\/08\/f6612bb15a53ca1033ec12b667940234_S-1.jpg","type":"image\/jpeg"}],"author":"La r\u00e9daction","twitter_misc":{"\u00c9crit par":"La r\u00e9daction","Dur\u00e9e de lecture estim\u00e9e":"2 minutes"},"schema":{"@context":"https:\/\/schema.org","@graph":[{"@type":"Article","@id":"https:\/\/www.info-algerie.com\/actualites\/ressortissants-nigeriens-en-situation-irreguliere-reprise-des-operations-de-rapatriement-a-compter-du-1er-aout\/#article","isPartOf":{"@id":"https:\/\/www.info-algerie.com\/actualites\/ressortissants-nigeriens-en-situation-irreguliere-reprise-des-operations-de-rapatriement-a-compter-du-1er-aout\/"},"author":{"name":"La r\u00e9daction","@id":"https:\/\/www.info-algerie.com\/actualites\/#\/schema\/person\/847aaec44920825b843a08f30ec6aa1e"},"headline":"Ressortissants nig\u00e9riens en situation irr\u00e9guli\u00e8re: reprise des op\u00e9rations de rapatriement \u00e0 compter du 1er ao\u00fbt","datePublished":"2017-08-01T14:04:44+00:00","mainEntityOfPage":{"@id":"https:\/\/www.info-algerie.com\/actualites\/ressortissants-nigeriens-en-situation-irreguliere-reprise-des-operations-de-rapatriement-a-compter-du-1er-aout\/"},"wordCount":372,"commentCount":0,"publisher":{"@id":"https:\/\/www.info-algerie.com\/actualites\/#organization"},"image":{"@id":"https:\/\/www.info-algerie.com\/actualites\/ressortissants-nigeriens-en-situation-irreguliere-reprise-des-operations-de-rapatriement-a-compter-du-1er-aout\/#primaryimage"},"thumbnailUrl":"https:\/\/www.info-algerie.com\/actualites\/wp-content\/uploads\/2017\/08\/f6612bb15a53ca1033ec12b667940234_S-1.jpg","keywords":["ONU"],"articleSection":["infos"],"inLanguage":"fr-FR","potentialAction":[{"@type":"CommentAction","name":"Comment","target":["https:\/\/www.info-algerie.com\/actualites\/ressortissants-nigeriens-en-situation-irreguliere-reprise-des-operations-de-rapatriement-a-compter-du-1er-aout\/#respond"]}]},{"@type":"WebPage","@id":"https:\/\/www.info-algerie.com\/actualites\/ressortissants-nigeriens-en-situation-irreguliere-reprise-des-operations-de-rapatriement-a-compter-du-1er-aout\/","url":"https:\/\/www.info-algerie.com\/actualites\/ressortissants-nigeriens-en-situation-irreguliere-reprise-des-operations-de-rapatriement-a-compter-du-1er-aout\/","name":"Ressortissants nig\u00e9riens en situation irr\u00e9guli\u00e8re: reprise des op\u00e9rations de rapatriement \u00e0 compter du 1er ao\u00fbt - info algerie","isPartOf":{"@id":"https:\/\/www.info-algerie.com\/actualites\/#website"},"primaryImageOfPage":{"@id":"https:\/\/www.info-algerie.com\/actualites\/ressortissants-nigeriens-en-situation-irreguliere-reprise-des-operations-de-rapatriement-a-compter-du-1er-aout\/#primaryimage"},"image":{"@id":"https:\/\/www.info-algerie.com\/actualites\/ressortissants-nigeriens-en-situation-irreguliere-reprise-des-operations-de-rapatriement-a-compter-du-1er-aout\/#primaryimage"},"thumbnailUrl":"https:\/\/www.info-algerie.com\/actualites\/wp-content\/uploads\/2017\/08\/f6612bb15a53ca1033ec12b667940234_S-1.jpg","datePublished":"2017-08-01T14:04:44+00:00","breadcrumb":{"@id":"https:\/\/www.info-algerie.com\/actualites\/ressortissants-nigeriens-en-situation-irreguliere-reprise-des-operations-de-rapatriement-a-compter-du-1er-aout\/#breadcrumb"},"inLanguage":"fr-FR","potentialAction":[{"@type":"ReadAction","target":["https:\/\/www.info-algerie.com\/actualites\/ressortissants-nigeriens-en-situation-irreguliere-reprise-des-operations-de-rapatriement-a-compter-du-1er-aout\/"]}]},{"@type":"ImageObject","inLanguage":"fr-FR","@id":"https:\/\/www.info-algerie.com\/actualites\/ressortissants-nigeriens-en-situation-irreguliere-reprise-des-operations-de-rapatriement-a-compter-du-1er-aout\/#primaryimage","url":"https:\/\/www.info-algerie.com\/actualites\/wp-content\/uploads\/2017\/08\/f6612bb15a53ca1033ec12b667940234_S-1.jpg","contentUrl":"https:\/\/www.info-algerie.com\/actualites\/wp-content\/uploads\/2017\/08\/f6612bb15a53ca1033ec12b667940234_S-1.jpg","width":280,"height":169},{"@type":"BreadcrumbList","@id":"https:\/\/www.info-algerie.com\/actualites\/ressortissants-nigeriens-en-situation-irreguliere-reprise-des-operations-de-rapatriement-a-compter-du-1er-aout\/#breadcrumb","itemListElement":[{"@type":"ListItem","position":1,"name":"Accueil","item":"https:\/\/www.info-algerie.com\/actualites\/"},{"@type":"ListItem","position":2,"name":"Ressortissants nig\u00e9riens en situation irr\u00e9guli\u00e8re: reprise des op\u00e9rations de rapatriement \u00e0 compter du 1er ao\u00fbt"}]},{"@type":"WebSite","@id":"https:\/\/www.info-algerie.com\/actualites\/#website","url":"https:\/\/www.info-algerie.com\/actualites\/","name":"info algerie","description":"Toutes les actualit\u00e9s","publisher":{"@id":"https:\/\/www.info-algerie.com\/actualites\/#organization"},"potentialAction":[{"@type":"SearchAction","target":{"@type":"EntryPoint","urlTemplate":"https:\/\/www.info-algerie.com\/actualites\/?s={search_term_string}"},"query-input":{"@type":"PropertyValueSpecification","valueRequired":true,"valueName":"search_term_string"}}],"inLanguage":"fr-FR"},{"@type":"Organization","@id":"https:\/\/www.info-algerie.com\/actualites\/#organization","name":"info algerie","url":"https:\/\/www.info-algerie.com\/actualites\/","logo":{"@type":"ImageObject","inLanguage":"fr-FR","@id":"https:\/\/www.info-algerie.com\/actualites\/#\/schema\/logo\/image\/","url":"https:\/\/www.info-algerie.com\/actualites\/wp-content\/uploads\/2022\/07\/logo-ia-120.png","contentUrl":"https:\/\/www.info-algerie.com\/actualites\/wp-content\/uploads\/2022\/07\/logo-ia-120.png","width":120,"height":43,"caption":"info algerie"},"image":{"@id":"https:\/\/www.info-algerie.com\/actualites\/#\/schema\/logo\/image\/"},"sameAs":["https:\/\/www.facebook.com\/infoalgerieactu","https:\/\/x.com\/infoalgerie1"]},{"@type":"Person","@id":"https:\/\/www.info-algerie.com\/actualites\/#\/schema\/person\/847aaec44920825b843a08f30ec6aa1e","name":"La r\u00e9daction","image":{"@type":"ImageObject","inLanguage":"fr-FR","@id":"https:\/\/secure.gravatar.com\/avatar\/769db425c6f465158149f1ffd6cf61ce7a8a879d11dfbef8288af36dfddd418c?s=96&d=mm&r=g","url":"https:\/\/secure.gravatar.com\/avatar\/769db425c6f465158149f1ffd6cf61ce7a8a879d11dfbef8288af36dfddd418c?s=96&d=mm&r=g","contentUrl":"https:\/\/secure.gravatar.com\/avatar\/769db425c6f465158149f1ffd6cf61ce7a8a879d11dfbef8288af36dfddd418c?s=96&d=mm&r=g","caption":"La r\u00e9daction"},"sameAs":["http:\/\/www.lkeria.com\/"],"url":"https:\/\/www.info-algerie.com\/actualites\/author\/chakib32\/"}]}},"_links":{"self":[{"href":"https:\/\/www.info-algerie.com\/actualites\/wp-json\/wp\/v2\/posts\/14663","targetHints":{"allow":["GET"]}}],"collection":[{"href":"https:\/\/www.info-algerie.com\/actualites\/wp-json\/wp\/v2\/posts"}],"about":[{"href":"https:\/\/www.info-algerie.com\/actualites\/wp-json\/wp\/v2\/types\/post"}],"author":[{"embeddable":true,"href":"https:\/\/www.info-algerie.com\/actualites\/wp-json\/wp\/v2\/users\/6"}],"replies":[{"embeddable":true,"href":"https:\/\/www.info-algerie.com\/actualites\/wp-json\/wp\/v2\/comments?post=14663"}],"version-history":[{"count":0,"href":"https:\/\/www.info-algerie.com\/actualites\/wp-json\/wp\/v2\/posts\/14663\/revisions"}],"wp:featuredmedia":[{"embeddable":true,"href":"https:\/\/www.info-algerie.com\/actualites\/wp-json\/wp\/v2\/media\/14664"}],"wp:attachment":[{"href":"https:\/\/www.info-algerie.com\/actualites\/wp-json\/wp\/v2\/media?parent=14663"}],"wp:term":[{"taxonomy":"category","embeddable":true,"href":"https:\/\/www.info-algerie.com\/actualites\/wp-json\/wp\/v2\/categories?post=14663"},{"taxonomy":"post_tag","embeddable":true,"href":"https:\/\/www.info-algerie.com\/actualites\/wp-json\/wp\/v2\/tags?post=14663"}],"curies":[{"name":"wp","href":"https:\/\/api.w.org\/{rel}","templated":true}]}}