{"id":14688,"date":"2017-08-02T09:07:29","date_gmt":"2017-08-02T08:07:29","guid":{"rendered":"http:\/\/www.info-algerie.com\/actualites\/le-departement-detat-americain-rend-un-vibrant-hommage-au-defunt-redha-malek\/"},"modified":"2017-08-02T09:07:29","modified_gmt":"2017-08-02T08:07:29","slug":"le-departement-detat-americain-rend-un-vibrant-hommage-au-defunt-redha-malek","status":"publish","type":"post","link":"https:\/\/www.info-algerie.com\/actualites\/le-departement-detat-americain-rend-un-vibrant-hommage-au-defunt-redha-malek\/","title":{"rendered":"Le D\u00e9partement d&#039;Etat am\u00e9ricain rend un vibrant hommage au d\u00e9funt Redha Malek"},"content":{"rendered":"<div class=\"K2FeedImage\"><img decoding=\"async\" src=\"https:\/\/www.info-algerie.com\/actualites\/wp-content\/uploads\/2017\/08\/c4f1afba1a47a20372a8951f261abad3_S.jpg\" alt=\"Le D&#xE9;partement d'Etat am&#xE9;ricain rend un vibrant hommage au d&#xE9;funt Redha Malek\" \/><\/div>\n<div class=\"K2FeedIntroText\">\n<p>WASHINGTON- Le d\u00e9partement d\u2019Etat a rendu mardi \u00e0\u00a0 Washington un vibrant hommage au d\u00e9funt Redha Malek, saluant son r\u00f4le dans\u00a0 le d\u00e9nouement de la crise des otages am\u00e9ricains en Iran.<\/p>\n<p>&#013;\n<\/p><\/div>\n<div class=\"K2FeedFullText\">&#013;<\/p>\n<p class=\"MsoNormal\">\u00ab\u00a0Nous sommes attrist\u00e9s d\u2019apprendre le d\u00e9c\u00e8s de l\u2019ancien premier ministre alg\u00e9rien, R\u00e9dha Malek. Il \u00e9tait un partenaire de longue date des Etats-Unis\u00a0\u00bb,\u00a0 a d\u00e9clar\u00e9 le porte parole du d\u00e9partement d\u2019Etat, Heather Nauert, peu avant un point de presse qu\u2019il avait anim\u00e9 avec le secr\u00e9taire d\u2019Etat Rex Tillerson.<\/p>\n<p>&#013;<\/p>\n<p class=\"MsoNormal\">Et d\u2019ajouter \u00ab\u00a0bon nombre d\u2019entre vous se rappellent l\u2019important r\u00f4le qu\u2019il avait jou\u00e9 dans les n\u00e9gociations ayant men\u00e9 \u00e0 la lib\u00e9ration de 52 otages de l\u2019ambassade am\u00e9ricaine en Iran en 1981 \u00ab\u00a0.<\/p>\n<p>&#013;<\/p>\n<p class=\"MsoNormal\">M. Nauert a \u00e9voqu\u00e9 une rencontre au cours d\u2019un d\u00e9jeuner entre le d\u00e9funt R\u00e9dha Malek et l\u2019ambassadrice am\u00e9ricaine \u00e0 Alger en mai dernier, durant laquelle l\u2019ancien chef du gouvernement est longuement revenu sur les relations alg\u00e9ro-am\u00e9ricaines et les perspectives de leur d\u00e9veloppement.<\/p>\n<p>&#013;<\/p>\n<p class=\"MsoNormal\">\u00ab\u00a0Il a longuement \u00e9voqu\u00e9 la force des relations entre l&rsquo;Alg\u00e9rie et les Etats-Unis, sa confiance dans le partenariat que nous avons et son renforcement dans les ann\u00e9es \u00e0 venir\u00a0\u00bb, a tenu \u00e0 souligner M. Nauert.<\/p>\n<p>&#013;<\/p>\n<p class=\"MsoNormal\">Le porte-parole a affirm\u00e9 que les Etats-Unis partageaient avec l\u2019Alg\u00e9rie cette confiance et le souhait de voir la coop\u00e9ration bilat\u00e9rale se d\u00e9velopper davantage.<\/p>\n<p>&#013;<\/p>\n<p class=\"MsoNormal\">\u00ab\u00a0Nous sommes d\u2019accord (sur cette \u00e9valuation) et nous adressons nos condol\u00e9ances \u00e0 sa famille, \u00e0 ses proches et au peuple alg\u00e9rien \u00a0\u00bb a-t-il\u00a0<span lang=\"EN-US\">dit.<\/span><\/p>\n<\/div>\n<p>&#013;<br \/>\nSource: <a href=\"http:\/\/www.aps.dz\/algerie\/61317-le-departement-d-etat-americain-rend-un-vibrant-hommage-au-defunt-redha-malek\" target=\"_blank\">Le D\u00e9partement d&rsquo;Etat am\u00e9ricain rend un vibrant hommage au d\u00e9funt Redha Malek<\/a><\/p>\n<!--CusAds0-->\n<div style=\"font-size: 0px; height: 0px; line-height: 0px; margin: 0; padding: 0; clear: both;\"><\/div>","protected":false},"excerpt":{"rendered":"<p>WASHINGTON- Le d\u00e9partement d\u2019Etat a rendu mardi \u00e0\u00a0 Washington un vibrant hommage au d\u00e9funt Redha Malek, saluant son r\u00f4le dans\u00a0 le d\u00e9nouement de la crise des otages am\u00e9ricains en Iran. &#013; &#013; \u00ab\u00a0Nous sommes attrist\u00e9s d\u2019apprendre le d\u00e9c\u00e8s de l\u2019ancien premier ministre alg\u00e9rien, R\u00e9dha Malek. Il \u00e9tait un partenaire de longue date des Etats-Unis\u00a0\u00bb,\u00a0 a<\/p>\n","protected":false},"author":6,"featured_media":14689,"comment_status":"open","ping_status":"open","sticky":false,"template":"","format":"standard","meta":{"footnotes":""},"categories":[22],"tags":[93],"class_list":["post-14688","post","type-post","status-publish","format-standard","has-post-thumbnail","hentry","category-infos","tag-onu"],"yoast_head":"<!-- This site is optimized with the Yoast SEO plugin v27.5 - https:\/\/yoast.com\/product\/yoast-seo-wordpress\/ -->\n<title>Le D\u00e9partement d&#039;Etat am\u00e9ricain rend un vibrant hommage au d\u00e9funt Redha Malek - info algerie<\/title>\n<meta name=\"robots\" content=\"index, follow, max-snippet:-1, max-image-preview:large, max-video-preview:-1\" \/>\n<link rel=\"canonical\" href=\"https:\/\/www.info-algerie.com\/actualites\/le-departement-detat-americain-rend-un-vibrant-hommage-au-defunt-redha-malek\/\" \/>\n<meta property=\"og:locale\" content=\"fr_FR\" \/>\n<meta property=\"og:type\" content=\"article\" \/>\n<meta property=\"og:title\" content=\"Le D\u00e9partement d&#039;Etat am\u00e9ricain rend un vibrant hommage au d\u00e9funt Redha Malek - info algerie\" \/>\n<meta property=\"og:description\" content=\"WASHINGTON- Le d\u00e9partement d\u2019Etat a rendu mardi \u00e0\u00a0 Washington un vibrant hommage au d\u00e9funt Redha Malek, saluant son r\u00f4le dans\u00a0 le d\u00e9nouement de la crise des otages am\u00e9ricains en Iran. &#013; &#013; \u00ab\u00a0Nous sommes attrist\u00e9s d\u2019apprendre le d\u00e9c\u00e8s de l\u2019ancien premier ministre alg\u00e9rien, R\u00e9dha Malek. Il \u00e9tait un partenaire de longue date des Etats-Unis\u00a0\u00bb,\u00a0 a\" \/>\n<meta property=\"og:url\" content=\"https:\/\/www.info-algerie.com\/actualites\/le-departement-detat-americain-rend-un-vibrant-hommage-au-defunt-redha-malek\/\" \/>\n<meta property=\"og:site_name\" content=\"info algerie\" \/>\n<meta property=\"article:publisher\" content=\"https:\/\/www.facebook.com\/infoalgerieactu\" \/>\n<meta property=\"article:published_time\" content=\"2017-08-02T08:07:29+00:00\" \/>\n<meta property=\"og:image\" content=\"https:\/\/www.info-algerie.com\/actualites\/wp-content\/uploads\/2017\/08\/c4f1afba1a47a20372a8951f261abad3_S-1.jpg\" \/>\n\t<meta property=\"og:image:width\" content=\"280\" \/>\n\t<meta property=\"og:image:height\" content=\"169\" \/>\n\t<meta property=\"og:image:type\" content=\"image\/jpeg\" \/>\n<meta name=\"author\" content=\"La r\u00e9daction\" \/>\n<meta name=\"twitter:label1\" content=\"\u00c9crit par\" \/>\n\t<meta name=\"twitter:data1\" content=\"La r\u00e9daction\" \/>\n\t<meta name=\"twitter:label2\" content=\"Dur\u00e9e de lecture estim\u00e9e\" \/>\n\t<meta name=\"twitter:data2\" content=\"1 minute\" \/>\n<script type=\"application\/ld+json\" class=\"yoast-schema-graph\">{\"@context\":\"https:\\\/\\\/schema.org\",\"@graph\":[{\"@type\":\"Article\",\"@id\":\"https:\\\/\\\/www.info-algerie.com\\\/actualites\\\/le-departement-detat-americain-rend-un-vibrant-hommage-au-defunt-redha-malek\\\/#article\",\"isPartOf\":{\"@id\":\"https:\\\/\\\/www.info-algerie.com\\\/actualites\\\/le-departement-detat-americain-rend-un-vibrant-hommage-au-defunt-redha-malek\\\/\"},\"author\":{\"name\":\"La r\u00e9daction\",\"@id\":\"https:\\\/\\\/www.info-algerie.com\\\/actualites\\\/#\\\/schema\\\/person\\\/847aaec44920825b843a08f30ec6aa1e\"},\"headline\":\"Le D\u00e9partement d&#039;Etat am\u00e9ricain rend un vibrant hommage au d\u00e9funt Redha Malek\",\"datePublished\":\"2017-08-02T08:07:29+00:00\",\"mainEntityOfPage\":{\"@id\":\"https:\\\/\\\/www.info-algerie.com\\\/actualites\\\/le-departement-detat-americain-rend-un-vibrant-hommage-au-defunt-redha-malek\\\/\"},\"wordCount\":304,\"commentCount\":0,\"publisher\":{\"@id\":\"https:\\\/\\\/www.info-algerie.com\\\/actualites\\\/#organization\"},\"image\":{\"@id\":\"https:\\\/\\\/www.info-algerie.com\\\/actualites\\\/le-departement-detat-americain-rend-un-vibrant-hommage-au-defunt-redha-malek\\\/#primaryimage\"},\"thumbnailUrl\":\"https:\\\/\\\/www.info-algerie.com\\\/actualites\\\/wp-content\\\/uploads\\\/2017\\\/08\\\/c4f1afba1a47a20372a8951f261abad3_S-1.jpg\",\"keywords\":[\"ONU\"],\"articleSection\":[\"infos\"],\"inLanguage\":\"fr-FR\",\"potentialAction\":[{\"@type\":\"CommentAction\",\"name\":\"Comment\",\"target\":[\"https:\\\/\\\/www.info-algerie.com\\\/actualites\\\/le-departement-detat-americain-rend-un-vibrant-hommage-au-defunt-redha-malek\\\/#respond\"]}]},{\"@type\":\"WebPage\",\"@id\":\"https:\\\/\\\/www.info-algerie.com\\\/actualites\\\/le-departement-detat-americain-rend-un-vibrant-hommage-au-defunt-redha-malek\\\/\",\"url\":\"https:\\\/\\\/www.info-algerie.com\\\/actualites\\\/le-departement-detat-americain-rend-un-vibrant-hommage-au-defunt-redha-malek\\\/\",\"name\":\"Le D\u00e9partement d&#039;Etat am\u00e9ricain rend un vibrant hommage au d\u00e9funt Redha Malek - info algerie\",\"isPartOf\":{\"@id\":\"https:\\\/\\\/www.info-algerie.com\\\/actualites\\\/#website\"},\"primaryImageOfPage\":{\"@id\":\"https:\\\/\\\/www.info-algerie.com\\\/actualites\\\/le-departement-detat-americain-rend-un-vibrant-hommage-au-defunt-redha-malek\\\/#primaryimage\"},\"image\":{\"@id\":\"https:\\\/\\\/www.info-algerie.com\\\/actualites\\\/le-departement-detat-americain-rend-un-vibrant-hommage-au-defunt-redha-malek\\\/#primaryimage\"},\"thumbnailUrl\":\"https:\\\/\\\/www.info-algerie.com\\\/actualites\\\/wp-content\\\/uploads\\\/2017\\\/08\\\/c4f1afba1a47a20372a8951f261abad3_S-1.jpg\",\"datePublished\":\"2017-08-02T08:07:29+00:00\",\"breadcrumb\":{\"@id\":\"https:\\\/\\\/www.info-algerie.com\\\/actualites\\\/le-departement-detat-americain-rend-un-vibrant-hommage-au-defunt-redha-malek\\\/#breadcrumb\"},\"inLanguage\":\"fr-FR\",\"potentialAction\":[{\"@type\":\"ReadAction\",\"target\":[\"https:\\\/\\\/www.info-algerie.com\\\/actualites\\\/le-departement-detat-americain-rend-un-vibrant-hommage-au-defunt-redha-malek\\\/\"]}]},{\"@type\":\"ImageObject\",\"inLanguage\":\"fr-FR\",\"@id\":\"https:\\\/\\\/www.info-algerie.com\\\/actualites\\\/le-departement-detat-americain-rend-un-vibrant-hommage-au-defunt-redha-malek\\\/#primaryimage\",\"url\":\"https:\\\/\\\/www.info-algerie.com\\\/actualites\\\/wp-content\\\/uploads\\\/2017\\\/08\\\/c4f1afba1a47a20372a8951f261abad3_S-1.jpg\",\"contentUrl\":\"https:\\\/\\\/www.info-algerie.com\\\/actualites\\\/wp-content\\\/uploads\\\/2017\\\/08\\\/c4f1afba1a47a20372a8951f261abad3_S-1.jpg\",\"width\":280,\"height\":169},{\"@type\":\"BreadcrumbList\",\"@id\":\"https:\\\/\\\/www.info-algerie.com\\\/actualites\\\/le-departement-detat-americain-rend-un-vibrant-hommage-au-defunt-redha-malek\\\/#breadcrumb\",\"itemListElement\":[{\"@type\":\"ListItem\",\"position\":1,\"name\":\"Accueil\",\"item\":\"https:\\\/\\\/www.info-algerie.com\\\/actualites\\\/\"},{\"@type\":\"ListItem\",\"position\":2,\"name\":\"Le D\u00e9partement d&#039;Etat am\u00e9ricain rend un vibrant hommage au d\u00e9funt Redha Malek\"}]},{\"@type\":\"WebSite\",\"@id\":\"https:\\\/\\\/www.info-algerie.com\\\/actualites\\\/#website\",\"url\":\"https:\\\/\\\/www.info-algerie.com\\\/actualites\\\/\",\"name\":\"info algerie\",\"description\":\"Toutes les actualit\u00e9s\",\"publisher\":{\"@id\":\"https:\\\/\\\/www.info-algerie.com\\\/actualites\\\/#organization\"},\"potentialAction\":[{\"@type\":\"SearchAction\",\"target\":{\"@type\":\"EntryPoint\",\"urlTemplate\":\"https:\\\/\\\/www.info-algerie.com\\\/actualites\\\/?s={search_term_string}\"},\"query-input\":{\"@type\":\"PropertyValueSpecification\",\"valueRequired\":true,\"valueName\":\"search_term_string\"}}],\"inLanguage\":\"fr-FR\"},{\"@type\":\"Organization\",\"@id\":\"https:\\\/\\\/www.info-algerie.com\\\/actualites\\\/#organization\",\"name\":\"info algerie\",\"url\":\"https:\\\/\\\/www.info-algerie.com\\\/actualites\\\/\",\"logo\":{\"@type\":\"ImageObject\",\"inLanguage\":\"fr-FR\",\"@id\":\"https:\\\/\\\/www.info-algerie.com\\\/actualites\\\/#\\\/schema\\\/logo\\\/image\\\/\",\"url\":\"https:\\\/\\\/www.info-algerie.com\\\/actualites\\\/wp-content\\\/uploads\\\/2022\\\/07\\\/logo-ia-120.png\",\"contentUrl\":\"https:\\\/\\\/www.info-algerie.com\\\/actualites\\\/wp-content\\\/uploads\\\/2022\\\/07\\\/logo-ia-120.png\",\"width\":120,\"height\":43,\"caption\":\"info algerie\"},\"image\":{\"@id\":\"https:\\\/\\\/www.info-algerie.com\\\/actualites\\\/#\\\/schema\\\/logo\\\/image\\\/\"},\"sameAs\":[\"https:\\\/\\\/www.facebook.com\\\/infoalgerieactu\",\"https:\\\/\\\/x.com\\\/infoalgerie1\"]},{\"@type\":\"Person\",\"@id\":\"https:\\\/\\\/www.info-algerie.com\\\/actualites\\\/#\\\/schema\\\/person\\\/847aaec44920825b843a08f30ec6aa1e\",\"name\":\"La r\u00e9daction\",\"image\":{\"@type\":\"ImageObject\",\"inLanguage\":\"fr-FR\",\"@id\":\"https:\\\/\\\/secure.gravatar.com\\\/avatar\\\/769db425c6f465158149f1ffd6cf61ce7a8a879d11dfbef8288af36dfddd418c?s=96&d=mm&r=g\",\"url\":\"https:\\\/\\\/secure.gravatar.com\\\/avatar\\\/769db425c6f465158149f1ffd6cf61ce7a8a879d11dfbef8288af36dfddd418c?s=96&d=mm&r=g\",\"contentUrl\":\"https:\\\/\\\/secure.gravatar.com\\\/avatar\\\/769db425c6f465158149f1ffd6cf61ce7a8a879d11dfbef8288af36dfddd418c?s=96&d=mm&r=g\",\"caption\":\"La r\u00e9daction\"},\"sameAs\":[\"http:\\\/\\\/www.lkeria.com\\\/\"],\"url\":\"https:\\\/\\\/www.info-algerie.com\\\/actualites\\\/author\\\/chakib32\\\/\"}]}<\/script>\n<!-- \/ Yoast SEO plugin. -->","yoast_head_json":{"title":"Le D\u00e9partement d&#039;Etat am\u00e9ricain rend un vibrant hommage au d\u00e9funt Redha Malek - info algerie","robots":{"index":"index","follow":"follow","max-snippet":"max-snippet:-1","max-image-preview":"max-image-preview:large","max-video-preview":"max-video-preview:-1"},"canonical":"https:\/\/www.info-algerie.com\/actualites\/le-departement-detat-americain-rend-un-vibrant-hommage-au-defunt-redha-malek\/","og_locale":"fr_FR","og_type":"article","og_title":"Le D\u00e9partement d&#039;Etat am\u00e9ricain rend un vibrant hommage au d\u00e9funt Redha Malek - info algerie","og_description":"WASHINGTON- Le d\u00e9partement d\u2019Etat a rendu mardi \u00e0\u00a0 Washington un vibrant hommage au d\u00e9funt Redha Malek, saluant son r\u00f4le dans\u00a0 le d\u00e9nouement de la crise des otages am\u00e9ricains en Iran. &#013; &#013; \u00ab\u00a0Nous sommes attrist\u00e9s d\u2019apprendre le d\u00e9c\u00e8s de l\u2019ancien premier ministre alg\u00e9rien, R\u00e9dha Malek. Il \u00e9tait un partenaire de longue date des Etats-Unis\u00a0\u00bb,\u00a0 a","og_url":"https:\/\/www.info-algerie.com\/actualites\/le-departement-detat-americain-rend-un-vibrant-hommage-au-defunt-redha-malek\/","og_site_name":"info algerie","article_publisher":"https:\/\/www.facebook.com\/infoalgerieactu","article_published_time":"2017-08-02T08:07:29+00:00","og_image":[{"width":280,"height":169,"url":"https:\/\/www.info-algerie.com\/actualites\/wp-content\/uploads\/2017\/08\/c4f1afba1a47a20372a8951f261abad3_S-1.jpg","type":"image\/jpeg"}],"author":"La r\u00e9daction","twitter_misc":{"\u00c9crit par":"La r\u00e9daction","Dur\u00e9e de lecture estim\u00e9e":"1 minute"},"schema":{"@context":"https:\/\/schema.org","@graph":[{"@type":"Article","@id":"https:\/\/www.info-algerie.com\/actualites\/le-departement-detat-americain-rend-un-vibrant-hommage-au-defunt-redha-malek\/#article","isPartOf":{"@id":"https:\/\/www.info-algerie.com\/actualites\/le-departement-detat-americain-rend-un-vibrant-hommage-au-defunt-redha-malek\/"},"author":{"name":"La r\u00e9daction","@id":"https:\/\/www.info-algerie.com\/actualites\/#\/schema\/person\/847aaec44920825b843a08f30ec6aa1e"},"headline":"Le D\u00e9partement d&#039;Etat am\u00e9ricain rend un vibrant hommage au d\u00e9funt Redha Malek","datePublished":"2017-08-02T08:07:29+00:00","mainEntityOfPage":{"@id":"https:\/\/www.info-algerie.com\/actualites\/le-departement-detat-americain-rend-un-vibrant-hommage-au-defunt-redha-malek\/"},"wordCount":304,"commentCount":0,"publisher":{"@id":"https:\/\/www.info-algerie.com\/actualites\/#organization"},"image":{"@id":"https:\/\/www.info-algerie.com\/actualites\/le-departement-detat-americain-rend-un-vibrant-hommage-au-defunt-redha-malek\/#primaryimage"},"thumbnailUrl":"https:\/\/www.info-algerie.com\/actualites\/wp-content\/uploads\/2017\/08\/c4f1afba1a47a20372a8951f261abad3_S-1.jpg","keywords":["ONU"],"articleSection":["infos"],"inLanguage":"fr-FR","potentialAction":[{"@type":"CommentAction","name":"Comment","target":["https:\/\/www.info-algerie.com\/actualites\/le-departement-detat-americain-rend-un-vibrant-hommage-au-defunt-redha-malek\/#respond"]}]},{"@type":"WebPage","@id":"https:\/\/www.info-algerie.com\/actualites\/le-departement-detat-americain-rend-un-vibrant-hommage-au-defunt-redha-malek\/","url":"https:\/\/www.info-algerie.com\/actualites\/le-departement-detat-americain-rend-un-vibrant-hommage-au-defunt-redha-malek\/","name":"Le D\u00e9partement d&#039;Etat am\u00e9ricain rend un vibrant hommage au d\u00e9funt Redha Malek - info algerie","isPartOf":{"@id":"https:\/\/www.info-algerie.com\/actualites\/#website"},"primaryImageOfPage":{"@id":"https:\/\/www.info-algerie.com\/actualites\/le-departement-detat-americain-rend-un-vibrant-hommage-au-defunt-redha-malek\/#primaryimage"},"image":{"@id":"https:\/\/www.info-algerie.com\/actualites\/le-departement-detat-americain-rend-un-vibrant-hommage-au-defunt-redha-malek\/#primaryimage"},"thumbnailUrl":"https:\/\/www.info-algerie.com\/actualites\/wp-content\/uploads\/2017\/08\/c4f1afba1a47a20372a8951f261abad3_S-1.jpg","datePublished":"2017-08-02T08:07:29+00:00","breadcrumb":{"@id":"https:\/\/www.info-algerie.com\/actualites\/le-departement-detat-americain-rend-un-vibrant-hommage-au-defunt-redha-malek\/#breadcrumb"},"inLanguage":"fr-FR","potentialAction":[{"@type":"ReadAction","target":["https:\/\/www.info-algerie.com\/actualites\/le-departement-detat-americain-rend-un-vibrant-hommage-au-defunt-redha-malek\/"]}]},{"@type":"ImageObject","inLanguage":"fr-FR","@id":"https:\/\/www.info-algerie.com\/actualites\/le-departement-detat-americain-rend-un-vibrant-hommage-au-defunt-redha-malek\/#primaryimage","url":"https:\/\/www.info-algerie.com\/actualites\/wp-content\/uploads\/2017\/08\/c4f1afba1a47a20372a8951f261abad3_S-1.jpg","contentUrl":"https:\/\/www.info-algerie.com\/actualites\/wp-content\/uploads\/2017\/08\/c4f1afba1a47a20372a8951f261abad3_S-1.jpg","width":280,"height":169},{"@type":"BreadcrumbList","@id":"https:\/\/www.info-algerie.com\/actualites\/le-departement-detat-americain-rend-un-vibrant-hommage-au-defunt-redha-malek\/#breadcrumb","itemListElement":[{"@type":"ListItem","position":1,"name":"Accueil","item":"https:\/\/www.info-algerie.com\/actualites\/"},{"@type":"ListItem","position":2,"name":"Le D\u00e9partement d&#039;Etat am\u00e9ricain rend un vibrant hommage au d\u00e9funt Redha Malek"}]},{"@type":"WebSite","@id":"https:\/\/www.info-algerie.com\/actualites\/#website","url":"https:\/\/www.info-algerie.com\/actualites\/","name":"info algerie","description":"Toutes les actualit\u00e9s","publisher":{"@id":"https:\/\/www.info-algerie.com\/actualites\/#organization"},"potentialAction":[{"@type":"SearchAction","target":{"@type":"EntryPoint","urlTemplate":"https:\/\/www.info-algerie.com\/actualites\/?s={search_term_string}"},"query-input":{"@type":"PropertyValueSpecification","valueRequired":true,"valueName":"search_term_string"}}],"inLanguage":"fr-FR"},{"@type":"Organization","@id":"https:\/\/www.info-algerie.com\/actualites\/#organization","name":"info algerie","url":"https:\/\/www.info-algerie.com\/actualites\/","logo":{"@type":"ImageObject","inLanguage":"fr-FR","@id":"https:\/\/www.info-algerie.com\/actualites\/#\/schema\/logo\/image\/","url":"https:\/\/www.info-algerie.com\/actualites\/wp-content\/uploads\/2022\/07\/logo-ia-120.png","contentUrl":"https:\/\/www.info-algerie.com\/actualites\/wp-content\/uploads\/2022\/07\/logo-ia-120.png","width":120,"height":43,"caption":"info algerie"},"image":{"@id":"https:\/\/www.info-algerie.com\/actualites\/#\/schema\/logo\/image\/"},"sameAs":["https:\/\/www.facebook.com\/infoalgerieactu","https:\/\/x.com\/infoalgerie1"]},{"@type":"Person","@id":"https:\/\/www.info-algerie.com\/actualites\/#\/schema\/person\/847aaec44920825b843a08f30ec6aa1e","name":"La r\u00e9daction","image":{"@type":"ImageObject","inLanguage":"fr-FR","@id":"https:\/\/secure.gravatar.com\/avatar\/769db425c6f465158149f1ffd6cf61ce7a8a879d11dfbef8288af36dfddd418c?s=96&d=mm&r=g","url":"https:\/\/secure.gravatar.com\/avatar\/769db425c6f465158149f1ffd6cf61ce7a8a879d11dfbef8288af36dfddd418c?s=96&d=mm&r=g","contentUrl":"https:\/\/secure.gravatar.com\/avatar\/769db425c6f465158149f1ffd6cf61ce7a8a879d11dfbef8288af36dfddd418c?s=96&d=mm&r=g","caption":"La r\u00e9daction"},"sameAs":["http:\/\/www.lkeria.com\/"],"url":"https:\/\/www.info-algerie.com\/actualites\/author\/chakib32\/"}]}},"_links":{"self":[{"href":"https:\/\/www.info-algerie.com\/actualites\/wp-json\/wp\/v2\/posts\/14688","targetHints":{"allow":["GET"]}}],"collection":[{"href":"https:\/\/www.info-algerie.com\/actualites\/wp-json\/wp\/v2\/posts"}],"about":[{"href":"https:\/\/www.info-algerie.com\/actualites\/wp-json\/wp\/v2\/types\/post"}],"author":[{"embeddable":true,"href":"https:\/\/www.info-algerie.com\/actualites\/wp-json\/wp\/v2\/users\/6"}],"replies":[{"embeddable":true,"href":"https:\/\/www.info-algerie.com\/actualites\/wp-json\/wp\/v2\/comments?post=14688"}],"version-history":[{"count":0,"href":"https:\/\/www.info-algerie.com\/actualites\/wp-json\/wp\/v2\/posts\/14688\/revisions"}],"wp:featuredmedia":[{"embeddable":true,"href":"https:\/\/www.info-algerie.com\/actualites\/wp-json\/wp\/v2\/media\/14689"}],"wp:attachment":[{"href":"https:\/\/www.info-algerie.com\/actualites\/wp-json\/wp\/v2\/media?parent=14688"}],"wp:term":[{"taxonomy":"category","embeddable":true,"href":"https:\/\/www.info-algerie.com\/actualites\/wp-json\/wp\/v2\/categories?post=14688"},{"taxonomy":"post_tag","embeddable":true,"href":"https:\/\/www.info-algerie.com\/actualites\/wp-json\/wp\/v2\/tags?post=14688"}],"curies":[{"name":"wp","href":"https:\/\/api.w.org\/{rel}","templated":true}]}}