{"id":14705,"date":"2017-08-02T14:50:45","date_gmt":"2017-08-02T13:50:45","guid":{"rendered":"http:\/\/www.info-algerie.com\/actualites\/une-delegation-du-conseil-de-la-nation-participe-aux-reunions-des-commissions-permanentes-du-parlement-panafricain-en-afrique-du-sud\/"},"modified":"2017-08-02T14:50:45","modified_gmt":"2017-08-02T13:50:45","slug":"une-delegation-du-conseil-de-la-nation-participe-aux-reunions-des-commissions-permanentes-du-parlement-panafricain-en-afrique-du-sud","status":"publish","type":"post","link":"https:\/\/www.info-algerie.com\/actualites\/une-delegation-du-conseil-de-la-nation-participe-aux-reunions-des-commissions-permanentes-du-parlement-panafricain-en-afrique-du-sud\/","title":{"rendered":"Une d\u00e9l\u00e9gation du Conseil de la nation participe aux r\u00e9unions des Commissions permanentes du Parlement panafricain en Afrique du sud"},"content":{"rendered":"<div class=\"K2FeedIntroText\">\n<p>ALGER &#8211; Une d\u00e9l\u00e9gation parlementaire du Conseil de la nation prendra part aux travaux des r\u00e9unions des commissions permanentes du Parlement panafricain (PAP) qui se tiendront du 04 au 11 ao\u00fbt 2017 \u00e0 Midrand (Afrique du sud), indique un communiqu\u00e9 du Conseil.<\/p>\n<p>&#013;\n<\/p><\/div>\n<div class=\"K2FeedFullText\">&#013;<\/p>\n<p>Figurent \u00e0 l&rsquo;ordre du jour \u00ab\u00a0deux principaux ateliers: le premier porte sur le soutien aux personnes handicap\u00e9es et le deuxi\u00e8me sur les transports\u00a0\u00bb, ajoute la m\u00eame source.<\/p>\n<p>&#013;<\/p>\n<p class=\"MsoNormal\">La d\u00e9l\u00e9gation parlementaire est compos\u00e9e de Mohamed Zoubiri, pr\u00e9sident du groupe parlementaire FLN et membre du PAP et M. Mohamed Tayeb Laskri, pr\u00e9sident de la commission des affaires \u00e9trang\u00e8res et de la communaut\u00e9\u00a0 alg\u00e9rienne \u00e0 l&rsquo;\u00e9tranger et \u00e9galement membre du PAP, conclut le communiqu\u00e9.<\/p>\n<\/div>\n<p>&#013;<br \/>\nSource: <a href=\"http:\/\/www.aps.dz\/algerie\/61331-une-delegation-du-conseil-de-la-nation-participe-aux-reunions-des-commissions-permanentes-du-parlement-panafricain-en-afrique-du-sud\" target=\"_blank\">Une d\u00e9l\u00e9gation du Conseil de la nation participe aux r\u00e9unions des Commissions permanentes du Parlement panafricain en Afrique du sud<\/a><\/p>\n<!--CusAds0-->\n<div style=\"font-size: 0px; height: 0px; line-height: 0px; margin: 0; padding: 0; clear: both;\"><\/div>","protected":false},"excerpt":{"rendered":"<p>ALGER &#8211; Une d\u00e9l\u00e9gation parlementaire du Conseil de la nation prendra part aux travaux des r\u00e9unions des commissions permanentes du Parlement panafricain (PAP) qui se tiendront du 04 au 11 ao\u00fbt 2017 \u00e0 Midrand (Afrique du sud), indique un communiqu\u00e9 du Conseil. &#013; &#013; Figurent \u00e0 l&rsquo;ordre du jour \u00ab\u00a0deux principaux ateliers: le premier porte<\/p>\n","protected":false},"author":6,"featured_media":0,"comment_status":"open","ping_status":"open","sticky":false,"template":"","format":"standard","meta":{"footnotes":""},"categories":[22],"tags":[93],"class_list":["post-14705","post","type-post","status-publish","format-standard","hentry","category-infos","tag-onu"],"yoast_head":"<!-- This site is optimized with the Yoast SEO plugin v27.5 - https:\/\/yoast.com\/product\/yoast-seo-wordpress\/ -->\n<title>Une d\u00e9l\u00e9gation du Conseil de la nation participe aux r\u00e9unions des Commissions permanentes du Parlement panafricain en Afrique du sud - info algerie<\/title>\n<meta name=\"robots\" content=\"index, follow, max-snippet:-1, max-image-preview:large, max-video-preview:-1\" \/>\n<link rel=\"canonical\" href=\"https:\/\/www.info-algerie.com\/actualites\/une-delegation-du-conseil-de-la-nation-participe-aux-reunions-des-commissions-permanentes-du-parlement-panafricain-en-afrique-du-sud\/\" \/>\n<meta property=\"og:locale\" content=\"fr_FR\" \/>\n<meta property=\"og:type\" content=\"article\" \/>\n<meta property=\"og:title\" content=\"Une d\u00e9l\u00e9gation du Conseil de la nation participe aux r\u00e9unions des Commissions permanentes du Parlement panafricain en Afrique du sud - info algerie\" \/>\n<meta property=\"og:description\" content=\"ALGER &#8211; Une d\u00e9l\u00e9gation parlementaire du Conseil de la nation prendra part aux travaux des r\u00e9unions des commissions permanentes du Parlement panafricain (PAP) qui se tiendront du 04 au 11 ao\u00fbt 2017 \u00e0 Midrand (Afrique du sud), indique un communiqu\u00e9 du Conseil. &#013; &#013; Figurent \u00e0 l&rsquo;ordre du jour \u00ab\u00a0deux principaux ateliers: le premier porte\" \/>\n<meta property=\"og:url\" content=\"https:\/\/www.info-algerie.com\/actualites\/une-delegation-du-conseil-de-la-nation-participe-aux-reunions-des-commissions-permanentes-du-parlement-panafricain-en-afrique-du-sud\/\" \/>\n<meta property=\"og:site_name\" content=\"info algerie\" \/>\n<meta property=\"article:publisher\" content=\"https:\/\/www.facebook.com\/infoalgerieactu\" \/>\n<meta property=\"article:published_time\" content=\"2017-08-02T13:50:45+00:00\" \/>\n<meta name=\"author\" content=\"La r\u00e9daction\" \/>\n<meta name=\"twitter:label1\" content=\"\u00c9crit par\" \/>\n\t<meta name=\"twitter:data1\" content=\"La r\u00e9daction\" \/>\n\t<meta name=\"twitter:label2\" content=\"Dur\u00e9e de lecture estim\u00e9e\" \/>\n\t<meta name=\"twitter:data2\" content=\"1 minute\" \/>\n<script type=\"application\/ld+json\" class=\"yoast-schema-graph\">{\"@context\":\"https:\\\/\\\/schema.org\",\"@graph\":[{\"@type\":\"Article\",\"@id\":\"https:\\\/\\\/www.info-algerie.com\\\/actualites\\\/une-delegation-du-conseil-de-la-nation-participe-aux-reunions-des-commissions-permanentes-du-parlement-panafricain-en-afrique-du-sud\\\/#article\",\"isPartOf\":{\"@id\":\"https:\\\/\\\/www.info-algerie.com\\\/actualites\\\/une-delegation-du-conseil-de-la-nation-participe-aux-reunions-des-commissions-permanentes-du-parlement-panafricain-en-afrique-du-sud\\\/\"},\"author\":{\"name\":\"La r\u00e9daction\",\"@id\":\"https:\\\/\\\/www.info-algerie.com\\\/actualites\\\/#\\\/schema\\\/person\\\/847aaec44920825b843a08f30ec6aa1e\"},\"headline\":\"Une d\u00e9l\u00e9gation du Conseil de la nation participe aux r\u00e9unions des Commissions permanentes du Parlement panafricain en Afrique du sud\",\"datePublished\":\"2017-08-02T13:50:45+00:00\",\"mainEntityOfPage\":{\"@id\":\"https:\\\/\\\/www.info-algerie.com\\\/actualites\\\/une-delegation-du-conseil-de-la-nation-participe-aux-reunions-des-commissions-permanentes-du-parlement-panafricain-en-afrique-du-sud\\\/\"},\"wordCount\":170,\"commentCount\":0,\"publisher\":{\"@id\":\"https:\\\/\\\/www.info-algerie.com\\\/actualites\\\/#organization\"},\"keywords\":[\"ONU\"],\"articleSection\":[\"infos\"],\"inLanguage\":\"fr-FR\",\"potentialAction\":[{\"@type\":\"CommentAction\",\"name\":\"Comment\",\"target\":[\"https:\\\/\\\/www.info-algerie.com\\\/actualites\\\/une-delegation-du-conseil-de-la-nation-participe-aux-reunions-des-commissions-permanentes-du-parlement-panafricain-en-afrique-du-sud\\\/#respond\"]}]},{\"@type\":\"WebPage\",\"@id\":\"https:\\\/\\\/www.info-algerie.com\\\/actualites\\\/une-delegation-du-conseil-de-la-nation-participe-aux-reunions-des-commissions-permanentes-du-parlement-panafricain-en-afrique-du-sud\\\/\",\"url\":\"https:\\\/\\\/www.info-algerie.com\\\/actualites\\\/une-delegation-du-conseil-de-la-nation-participe-aux-reunions-des-commissions-permanentes-du-parlement-panafricain-en-afrique-du-sud\\\/\",\"name\":\"Une d\u00e9l\u00e9gation du Conseil de la nation participe aux r\u00e9unions des Commissions permanentes du Parlement panafricain en Afrique du sud - info algerie\",\"isPartOf\":{\"@id\":\"https:\\\/\\\/www.info-algerie.com\\\/actualites\\\/#website\"},\"datePublished\":\"2017-08-02T13:50:45+00:00\",\"breadcrumb\":{\"@id\":\"https:\\\/\\\/www.info-algerie.com\\\/actualites\\\/une-delegation-du-conseil-de-la-nation-participe-aux-reunions-des-commissions-permanentes-du-parlement-panafricain-en-afrique-du-sud\\\/#breadcrumb\"},\"inLanguage\":\"fr-FR\",\"potentialAction\":[{\"@type\":\"ReadAction\",\"target\":[\"https:\\\/\\\/www.info-algerie.com\\\/actualites\\\/une-delegation-du-conseil-de-la-nation-participe-aux-reunions-des-commissions-permanentes-du-parlement-panafricain-en-afrique-du-sud\\\/\"]}]},{\"@type\":\"BreadcrumbList\",\"@id\":\"https:\\\/\\\/www.info-algerie.com\\\/actualites\\\/une-delegation-du-conseil-de-la-nation-participe-aux-reunions-des-commissions-permanentes-du-parlement-panafricain-en-afrique-du-sud\\\/#breadcrumb\",\"itemListElement\":[{\"@type\":\"ListItem\",\"position\":1,\"name\":\"Accueil\",\"item\":\"https:\\\/\\\/www.info-algerie.com\\\/actualites\\\/\"},{\"@type\":\"ListItem\",\"position\":2,\"name\":\"Une d\u00e9l\u00e9gation du Conseil de la nation participe aux r\u00e9unions des Commissions permanentes du Parlement panafricain en Afrique du sud\"}]},{\"@type\":\"WebSite\",\"@id\":\"https:\\\/\\\/www.info-algerie.com\\\/actualites\\\/#website\",\"url\":\"https:\\\/\\\/www.info-algerie.com\\\/actualites\\\/\",\"name\":\"info algerie\",\"description\":\"Toutes les actualit\u00e9s\",\"publisher\":{\"@id\":\"https:\\\/\\\/www.info-algerie.com\\\/actualites\\\/#organization\"},\"potentialAction\":[{\"@type\":\"SearchAction\",\"target\":{\"@type\":\"EntryPoint\",\"urlTemplate\":\"https:\\\/\\\/www.info-algerie.com\\\/actualites\\\/?s={search_term_string}\"},\"query-input\":{\"@type\":\"PropertyValueSpecification\",\"valueRequired\":true,\"valueName\":\"search_term_string\"}}],\"inLanguage\":\"fr-FR\"},{\"@type\":\"Organization\",\"@id\":\"https:\\\/\\\/www.info-algerie.com\\\/actualites\\\/#organization\",\"name\":\"info algerie\",\"url\":\"https:\\\/\\\/www.info-algerie.com\\\/actualites\\\/\",\"logo\":{\"@type\":\"ImageObject\",\"inLanguage\":\"fr-FR\",\"@id\":\"https:\\\/\\\/www.info-algerie.com\\\/actualites\\\/#\\\/schema\\\/logo\\\/image\\\/\",\"url\":\"https:\\\/\\\/www.info-algerie.com\\\/actualites\\\/wp-content\\\/uploads\\\/2022\\\/07\\\/logo-ia-120.png\",\"contentUrl\":\"https:\\\/\\\/www.info-algerie.com\\\/actualites\\\/wp-content\\\/uploads\\\/2022\\\/07\\\/logo-ia-120.png\",\"width\":120,\"height\":43,\"caption\":\"info algerie\"},\"image\":{\"@id\":\"https:\\\/\\\/www.info-algerie.com\\\/actualites\\\/#\\\/schema\\\/logo\\\/image\\\/\"},\"sameAs\":[\"https:\\\/\\\/www.facebook.com\\\/infoalgerieactu\",\"https:\\\/\\\/x.com\\\/infoalgerie1\"]},{\"@type\":\"Person\",\"@id\":\"https:\\\/\\\/www.info-algerie.com\\\/actualites\\\/#\\\/schema\\\/person\\\/847aaec44920825b843a08f30ec6aa1e\",\"name\":\"La r\u00e9daction\",\"image\":{\"@type\":\"ImageObject\",\"inLanguage\":\"fr-FR\",\"@id\":\"https:\\\/\\\/secure.gravatar.com\\\/avatar\\\/769db425c6f465158149f1ffd6cf61ce7a8a879d11dfbef8288af36dfddd418c?s=96&d=mm&r=g\",\"url\":\"https:\\\/\\\/secure.gravatar.com\\\/avatar\\\/769db425c6f465158149f1ffd6cf61ce7a8a879d11dfbef8288af36dfddd418c?s=96&d=mm&r=g\",\"contentUrl\":\"https:\\\/\\\/secure.gravatar.com\\\/avatar\\\/769db425c6f465158149f1ffd6cf61ce7a8a879d11dfbef8288af36dfddd418c?s=96&d=mm&r=g\",\"caption\":\"La r\u00e9daction\"},\"sameAs\":[\"http:\\\/\\\/www.lkeria.com\\\/\"],\"url\":\"https:\\\/\\\/www.info-algerie.com\\\/actualites\\\/author\\\/chakib32\\\/\"}]}<\/script>\n<!-- \/ Yoast SEO plugin. -->","yoast_head_json":{"title":"Une d\u00e9l\u00e9gation du Conseil de la nation participe aux r\u00e9unions des Commissions permanentes du Parlement panafricain en Afrique du sud - info algerie","robots":{"index":"index","follow":"follow","max-snippet":"max-snippet:-1","max-image-preview":"max-image-preview:large","max-video-preview":"max-video-preview:-1"},"canonical":"https:\/\/www.info-algerie.com\/actualites\/une-delegation-du-conseil-de-la-nation-participe-aux-reunions-des-commissions-permanentes-du-parlement-panafricain-en-afrique-du-sud\/","og_locale":"fr_FR","og_type":"article","og_title":"Une d\u00e9l\u00e9gation du Conseil de la nation participe aux r\u00e9unions des Commissions permanentes du Parlement panafricain en Afrique du sud - info algerie","og_description":"ALGER &#8211; Une d\u00e9l\u00e9gation parlementaire du Conseil de la nation prendra part aux travaux des r\u00e9unions des commissions permanentes du Parlement panafricain (PAP) qui se tiendront du 04 au 11 ao\u00fbt 2017 \u00e0 Midrand (Afrique du sud), indique un communiqu\u00e9 du Conseil. &#013; &#013; Figurent \u00e0 l&rsquo;ordre du jour \u00ab\u00a0deux principaux ateliers: le premier porte","og_url":"https:\/\/www.info-algerie.com\/actualites\/une-delegation-du-conseil-de-la-nation-participe-aux-reunions-des-commissions-permanentes-du-parlement-panafricain-en-afrique-du-sud\/","og_site_name":"info algerie","article_publisher":"https:\/\/www.facebook.com\/infoalgerieactu","article_published_time":"2017-08-02T13:50:45+00:00","author":"La r\u00e9daction","twitter_misc":{"\u00c9crit par":"La r\u00e9daction","Dur\u00e9e de lecture estim\u00e9e":"1 minute"},"schema":{"@context":"https:\/\/schema.org","@graph":[{"@type":"Article","@id":"https:\/\/www.info-algerie.com\/actualites\/une-delegation-du-conseil-de-la-nation-participe-aux-reunions-des-commissions-permanentes-du-parlement-panafricain-en-afrique-du-sud\/#article","isPartOf":{"@id":"https:\/\/www.info-algerie.com\/actualites\/une-delegation-du-conseil-de-la-nation-participe-aux-reunions-des-commissions-permanentes-du-parlement-panafricain-en-afrique-du-sud\/"},"author":{"name":"La r\u00e9daction","@id":"https:\/\/www.info-algerie.com\/actualites\/#\/schema\/person\/847aaec44920825b843a08f30ec6aa1e"},"headline":"Une d\u00e9l\u00e9gation du Conseil de la nation participe aux r\u00e9unions des Commissions permanentes du Parlement panafricain en Afrique du sud","datePublished":"2017-08-02T13:50:45+00:00","mainEntityOfPage":{"@id":"https:\/\/www.info-algerie.com\/actualites\/une-delegation-du-conseil-de-la-nation-participe-aux-reunions-des-commissions-permanentes-du-parlement-panafricain-en-afrique-du-sud\/"},"wordCount":170,"commentCount":0,"publisher":{"@id":"https:\/\/www.info-algerie.com\/actualites\/#organization"},"keywords":["ONU"],"articleSection":["infos"],"inLanguage":"fr-FR","potentialAction":[{"@type":"CommentAction","name":"Comment","target":["https:\/\/www.info-algerie.com\/actualites\/une-delegation-du-conseil-de-la-nation-participe-aux-reunions-des-commissions-permanentes-du-parlement-panafricain-en-afrique-du-sud\/#respond"]}]},{"@type":"WebPage","@id":"https:\/\/www.info-algerie.com\/actualites\/une-delegation-du-conseil-de-la-nation-participe-aux-reunions-des-commissions-permanentes-du-parlement-panafricain-en-afrique-du-sud\/","url":"https:\/\/www.info-algerie.com\/actualites\/une-delegation-du-conseil-de-la-nation-participe-aux-reunions-des-commissions-permanentes-du-parlement-panafricain-en-afrique-du-sud\/","name":"Une d\u00e9l\u00e9gation du Conseil de la nation participe aux r\u00e9unions des Commissions permanentes du Parlement panafricain en Afrique du sud - info algerie","isPartOf":{"@id":"https:\/\/www.info-algerie.com\/actualites\/#website"},"datePublished":"2017-08-02T13:50:45+00:00","breadcrumb":{"@id":"https:\/\/www.info-algerie.com\/actualites\/une-delegation-du-conseil-de-la-nation-participe-aux-reunions-des-commissions-permanentes-du-parlement-panafricain-en-afrique-du-sud\/#breadcrumb"},"inLanguage":"fr-FR","potentialAction":[{"@type":"ReadAction","target":["https:\/\/www.info-algerie.com\/actualites\/une-delegation-du-conseil-de-la-nation-participe-aux-reunions-des-commissions-permanentes-du-parlement-panafricain-en-afrique-du-sud\/"]}]},{"@type":"BreadcrumbList","@id":"https:\/\/www.info-algerie.com\/actualites\/une-delegation-du-conseil-de-la-nation-participe-aux-reunions-des-commissions-permanentes-du-parlement-panafricain-en-afrique-du-sud\/#breadcrumb","itemListElement":[{"@type":"ListItem","position":1,"name":"Accueil","item":"https:\/\/www.info-algerie.com\/actualites\/"},{"@type":"ListItem","position":2,"name":"Une d\u00e9l\u00e9gation du Conseil de la nation participe aux r\u00e9unions des Commissions permanentes du Parlement panafricain en Afrique du sud"}]},{"@type":"WebSite","@id":"https:\/\/www.info-algerie.com\/actualites\/#website","url":"https:\/\/www.info-algerie.com\/actualites\/","name":"info algerie","description":"Toutes les actualit\u00e9s","publisher":{"@id":"https:\/\/www.info-algerie.com\/actualites\/#organization"},"potentialAction":[{"@type":"SearchAction","target":{"@type":"EntryPoint","urlTemplate":"https:\/\/www.info-algerie.com\/actualites\/?s={search_term_string}"},"query-input":{"@type":"PropertyValueSpecification","valueRequired":true,"valueName":"search_term_string"}}],"inLanguage":"fr-FR"},{"@type":"Organization","@id":"https:\/\/www.info-algerie.com\/actualites\/#organization","name":"info algerie","url":"https:\/\/www.info-algerie.com\/actualites\/","logo":{"@type":"ImageObject","inLanguage":"fr-FR","@id":"https:\/\/www.info-algerie.com\/actualites\/#\/schema\/logo\/image\/","url":"https:\/\/www.info-algerie.com\/actualites\/wp-content\/uploads\/2022\/07\/logo-ia-120.png","contentUrl":"https:\/\/www.info-algerie.com\/actualites\/wp-content\/uploads\/2022\/07\/logo-ia-120.png","width":120,"height":43,"caption":"info algerie"},"image":{"@id":"https:\/\/www.info-algerie.com\/actualites\/#\/schema\/logo\/image\/"},"sameAs":["https:\/\/www.facebook.com\/infoalgerieactu","https:\/\/x.com\/infoalgerie1"]},{"@type":"Person","@id":"https:\/\/www.info-algerie.com\/actualites\/#\/schema\/person\/847aaec44920825b843a08f30ec6aa1e","name":"La r\u00e9daction","image":{"@type":"ImageObject","inLanguage":"fr-FR","@id":"https:\/\/secure.gravatar.com\/avatar\/769db425c6f465158149f1ffd6cf61ce7a8a879d11dfbef8288af36dfddd418c?s=96&d=mm&r=g","url":"https:\/\/secure.gravatar.com\/avatar\/769db425c6f465158149f1ffd6cf61ce7a8a879d11dfbef8288af36dfddd418c?s=96&d=mm&r=g","contentUrl":"https:\/\/secure.gravatar.com\/avatar\/769db425c6f465158149f1ffd6cf61ce7a8a879d11dfbef8288af36dfddd418c?s=96&d=mm&r=g","caption":"La r\u00e9daction"},"sameAs":["http:\/\/www.lkeria.com\/"],"url":"https:\/\/www.info-algerie.com\/actualites\/author\/chakib32\/"}]}},"_links":{"self":[{"href":"https:\/\/www.info-algerie.com\/actualites\/wp-json\/wp\/v2\/posts\/14705","targetHints":{"allow":["GET"]}}],"collection":[{"href":"https:\/\/www.info-algerie.com\/actualites\/wp-json\/wp\/v2\/posts"}],"about":[{"href":"https:\/\/www.info-algerie.com\/actualites\/wp-json\/wp\/v2\/types\/post"}],"author":[{"embeddable":true,"href":"https:\/\/www.info-algerie.com\/actualites\/wp-json\/wp\/v2\/users\/6"}],"replies":[{"embeddable":true,"href":"https:\/\/www.info-algerie.com\/actualites\/wp-json\/wp\/v2\/comments?post=14705"}],"version-history":[{"count":0,"href":"https:\/\/www.info-algerie.com\/actualites\/wp-json\/wp\/v2\/posts\/14705\/revisions"}],"wp:attachment":[{"href":"https:\/\/www.info-algerie.com\/actualites\/wp-json\/wp\/v2\/media?parent=14705"}],"wp:term":[{"taxonomy":"category","embeddable":true,"href":"https:\/\/www.info-algerie.com\/actualites\/wp-json\/wp\/v2\/categories?post=14705"},{"taxonomy":"post_tag","embeddable":true,"href":"https:\/\/www.info-algerie.com\/actualites\/wp-json\/wp\/v2\/tags?post=14705"}],"curies":[{"name":"wp","href":"https:\/\/api.w.org\/{rel}","templated":true}]}}