{"id":14707,"date":"2017-08-02T15:41:46","date_gmt":"2017-08-02T14:41:46","guid":{"rendered":"http:\/\/www.info-algerie.com\/actualites\/algerie-espagne-les-perspectives-de-cooperation-dans-le-secteur-de-linformation-abordees-a-alger\/"},"modified":"2017-08-02T15:41:46","modified_gmt":"2017-08-02T14:41:46","slug":"algerie-espagne-les-perspectives-de-cooperation-dans-le-secteur-de-linformation-abordees-a-alger","status":"publish","type":"post","link":"https:\/\/www.info-algerie.com\/actualites\/algerie-espagne-les-perspectives-de-cooperation-dans-le-secteur-de-linformation-abordees-a-alger\/","title":{"rendered":"Alg\u00e9rie-Espagne: les perspectives de coop\u00e9ration dans le secteur de l&#039;information abord\u00e9es \u00e0 Alger"},"content":{"rendered":"<div class=\"K2FeedImage\"><img decoding=\"async\" src=\"https:\/\/www.info-algerie.com\/actualites\/wp-content\/uploads\/2017\/08\/c766ee2f8ec45015fdaf5d97778c04a7_S.jpg\" alt=\"Alg&#xE9;rie-Espagne: les perspectives de coop&#xE9;ration dans le secteur de l'information abord&#xE9;es &#xE0; Alger\" \/><\/div>\n<div class=\"K2FeedIntroText\">\n<p>ALGER &#8211; Les perspectives de la coop\u00e9ration dans le secteur de l&rsquo;information et de la communication ont \u00e9t\u00e9 au menu de l&rsquo;entretien qui a eu lieu mercredi \u00e0 Alger entre le ministre de la Communication, Djamel Kaouane, et l&rsquo;ambassadeur d&rsquo;Espagne en Alg\u00e9rie, Santiago Cabanas.<\/p>\n<p>&#013;\n<\/p><\/div>\n<div class=\"K2FeedFullText\">&#013;<\/p>\n<p>L&rsquo;entretien a \u00e9t\u00e9 l&rsquo;occasion d&rsquo;aborder \u00ab\u00a0les relations bilat\u00e9rales et de coop\u00e9ration entre les deux pays et d&rsquo;envisager, \u00e0 l&rsquo;aune de leur excellence, des perspectives autrement plus engageantes en mati\u00e8re d&rsquo;\u00e9changes multisectoriels, tout particuli\u00e8rement dans le secteur de l&rsquo;information et de la communication\u00a0\u00bb, indique un communiqu\u00e9 du minist\u00e8re de la Communication.<\/p>\n<p>&#013;<\/p>\n<p>M. Kaouane a soulign\u00e9, \u00e0 ce titre, la pr\u00e9sence d&rsquo;un bureau permanent de l&rsquo;APS \u00e0 Madrid et \u00e9mis le v\u0153u de voir ouvrir un bureau de l&rsquo;agence espagnole EFE \u00e0 Alger, ce qui contribuerait, a-t-il relev\u00e9, \u00e0 une \u00ab\u00a0intensification constructive\u00a0\u00bb de la circulation entre les deux pays. Une situation que M. Cabanas a expliqu\u00e9 du fait d'\u00a0\u00bbarbitrages strictement \u00e9conomiques de la part d&rsquo;EFE, mais qui pourrait \u00eatre revue \u00e0 la faveur de l&rsquo;am\u00e9lioration globale de la situation \u00e9conomique et budg\u00e9taire\u00a0\u00bb.<\/p>\n<p>&#013;<\/p>\n<p>Il a rappel\u00e9, par ailleurs, l&rsquo;existence de deux instituts Cervant\u00e8s \u00e0 Alger et Oran, qui \u00ab\u00a0t\u00e9moignent d&rsquo;une grande volont\u00e9 d&rsquo;\u00e9change et de coop\u00e9ration\u00a0\u00bb.<\/p>\n<p>&#013;<\/p>\n<p>Le dossier des interf\u00e9rences radio\u00e9lectriques entre l&rsquo;Alg\u00e9rie et l&rsquo;Espagne a suscit\u00e9 le m\u00eame int\u00e9r\u00eat lors de cette audience, au cours de laquelle M. Kaouane \u00ab\u00a0a insist\u00e9 sur la n\u00e9cessit\u00e9 de prendre en charge ce probl\u00e8me\u00a0\u00bb, pr\u00e9cisant que les diffuseurs espagnols \u00ab\u00a0doivent prendre les mesures n\u00e9cessaires pour \u00eatre en conformit\u00e9 avec la r\u00e9glementation de l&rsquo;Union internationale des t\u00e9l\u00e9communications (UIT)\u00a0\u00bb.<\/p>\n<p>&#013;<\/p>\n<p class=\"MsoNormal\">Prenant acte de cette situation, l&rsquo;ambassadeur d&rsquo;Espagne \u00ab\u00a0a exprim\u00e9 son adh\u00e9sion \u00e0 la n\u00e9cessit\u00e9 de voir aboutir un tel dossier dans le respect de la r\u00e9glementation internationale et au nom des liens forts d&rsquo;amiti\u00e9 et de coop\u00e9ration qui unissent les deux pays\u00a0\u00bb, conclut le communiqu\u00e9.<\/p>\n<\/div>\n<p>&#013;<br \/>\nSource: <a href=\"http:\/\/www.aps.dz\/algerie\/61336-algerie-espagne-les-perspectives-de-cooperation-dans-le-secteur-de-l-information\" target=\"_blank\">Alg\u00e9rie-Espagne: les perspectives de coop\u00e9ration dans le secteur de l&rsquo;information abord\u00e9es \u00e0 Alger<\/a><\/p>\n<!--CusAds0-->\n<div style=\"font-size: 0px; height: 0px; line-height: 0px; margin: 0; padding: 0; clear: both;\"><\/div>","protected":false},"excerpt":{"rendered":"<p>ALGER &#8211; Les perspectives de la coop\u00e9ration dans le secteur de l&rsquo;information et de la communication ont \u00e9t\u00e9 au menu de l&rsquo;entretien qui a eu lieu mercredi \u00e0 Alger entre le ministre de la Communication, Djamel Kaouane, et l&rsquo;ambassadeur d&rsquo;Espagne en Alg\u00e9rie, Santiago Cabanas. &#013; &#013; L&rsquo;entretien a \u00e9t\u00e9 l&rsquo;occasion d&rsquo;aborder \u00ab\u00a0les relations bilat\u00e9rales et<\/p>\n","protected":false},"author":6,"featured_media":14708,"comment_status":"open","ping_status":"open","sticky":false,"template":"","format":"standard","meta":{"footnotes":""},"categories":[22],"tags":[93],"class_list":["post-14707","post","type-post","status-publish","format-standard","has-post-thumbnail","hentry","category-infos","tag-onu"],"yoast_head":"<!-- This site is optimized with the Yoast SEO plugin v27.5 - https:\/\/yoast.com\/product\/yoast-seo-wordpress\/ -->\n<title>Alg\u00e9rie-Espagne: les perspectives de coop\u00e9ration dans le secteur de l&#039;information abord\u00e9es \u00e0 Alger - info algerie<\/title>\n<meta name=\"robots\" content=\"index, follow, max-snippet:-1, max-image-preview:large, max-video-preview:-1\" \/>\n<link rel=\"canonical\" href=\"https:\/\/www.info-algerie.com\/actualites\/algerie-espagne-les-perspectives-de-cooperation-dans-le-secteur-de-linformation-abordees-a-alger\/\" \/>\n<meta property=\"og:locale\" content=\"fr_FR\" \/>\n<meta property=\"og:type\" content=\"article\" \/>\n<meta property=\"og:title\" content=\"Alg\u00e9rie-Espagne: les perspectives de coop\u00e9ration dans le secteur de l&#039;information abord\u00e9es \u00e0 Alger - info algerie\" \/>\n<meta property=\"og:description\" content=\"ALGER &#8211; Les perspectives de la coop\u00e9ration dans le secteur de l&rsquo;information et de la communication ont \u00e9t\u00e9 au menu de l&rsquo;entretien qui a eu lieu mercredi \u00e0 Alger entre le ministre de la Communication, Djamel Kaouane, et l&rsquo;ambassadeur d&rsquo;Espagne en Alg\u00e9rie, Santiago Cabanas. &#013; &#013; L&rsquo;entretien a \u00e9t\u00e9 l&rsquo;occasion d&rsquo;aborder \u00ab\u00a0les relations bilat\u00e9rales et\" \/>\n<meta property=\"og:url\" content=\"https:\/\/www.info-algerie.com\/actualites\/algerie-espagne-les-perspectives-de-cooperation-dans-le-secteur-de-linformation-abordees-a-alger\/\" \/>\n<meta property=\"og:site_name\" content=\"info algerie\" \/>\n<meta property=\"article:publisher\" content=\"https:\/\/www.facebook.com\/infoalgerieactu\" \/>\n<meta property=\"article:published_time\" content=\"2017-08-02T14:41:46+00:00\" \/>\n<meta property=\"og:image\" content=\"https:\/\/www.info-algerie.com\/actualites\/wp-content\/uploads\/2017\/08\/c766ee2f8ec45015fdaf5d97778c04a7_S-1.jpg\" \/>\n\t<meta property=\"og:image:width\" content=\"280\" \/>\n\t<meta property=\"og:image:height\" content=\"169\" \/>\n\t<meta property=\"og:image:type\" content=\"image\/jpeg\" \/>\n<meta name=\"author\" content=\"La r\u00e9daction\" \/>\n<meta name=\"twitter:label1\" content=\"\u00c9crit par\" \/>\n\t<meta name=\"twitter:data1\" content=\"La r\u00e9daction\" \/>\n\t<meta name=\"twitter:label2\" content=\"Dur\u00e9e de lecture estim\u00e9e\" \/>\n\t<meta name=\"twitter:data2\" content=\"2 minutes\" \/>\n<script type=\"application\/ld+json\" class=\"yoast-schema-graph\">{\"@context\":\"https:\\\/\\\/schema.org\",\"@graph\":[{\"@type\":\"Article\",\"@id\":\"https:\\\/\\\/www.info-algerie.com\\\/actualites\\\/algerie-espagne-les-perspectives-de-cooperation-dans-le-secteur-de-linformation-abordees-a-alger\\\/#article\",\"isPartOf\":{\"@id\":\"https:\\\/\\\/www.info-algerie.com\\\/actualites\\\/algerie-espagne-les-perspectives-de-cooperation-dans-le-secteur-de-linformation-abordees-a-alger\\\/\"},\"author\":{\"name\":\"La r\u00e9daction\",\"@id\":\"https:\\\/\\\/www.info-algerie.com\\\/actualites\\\/#\\\/schema\\\/person\\\/847aaec44920825b843a08f30ec6aa1e\"},\"headline\":\"Alg\u00e9rie-Espagne: les perspectives de coop\u00e9ration dans le secteur de l&#039;information abord\u00e9es \u00e0 Alger\",\"datePublished\":\"2017-08-02T14:41:46+00:00\",\"mainEntityOfPage\":{\"@id\":\"https:\\\/\\\/www.info-algerie.com\\\/actualites\\\/algerie-espagne-les-perspectives-de-cooperation-dans-le-secteur-de-linformation-abordees-a-alger\\\/\"},\"wordCount\":381,\"commentCount\":0,\"publisher\":{\"@id\":\"https:\\\/\\\/www.info-algerie.com\\\/actualites\\\/#organization\"},\"image\":{\"@id\":\"https:\\\/\\\/www.info-algerie.com\\\/actualites\\\/algerie-espagne-les-perspectives-de-cooperation-dans-le-secteur-de-linformation-abordees-a-alger\\\/#primaryimage\"},\"thumbnailUrl\":\"https:\\\/\\\/www.info-algerie.com\\\/actualites\\\/wp-content\\\/uploads\\\/2017\\\/08\\\/c766ee2f8ec45015fdaf5d97778c04a7_S-1.jpg\",\"keywords\":[\"ONU\"],\"articleSection\":[\"infos\"],\"inLanguage\":\"fr-FR\",\"potentialAction\":[{\"@type\":\"CommentAction\",\"name\":\"Comment\",\"target\":[\"https:\\\/\\\/www.info-algerie.com\\\/actualites\\\/algerie-espagne-les-perspectives-de-cooperation-dans-le-secteur-de-linformation-abordees-a-alger\\\/#respond\"]}]},{\"@type\":\"WebPage\",\"@id\":\"https:\\\/\\\/www.info-algerie.com\\\/actualites\\\/algerie-espagne-les-perspectives-de-cooperation-dans-le-secteur-de-linformation-abordees-a-alger\\\/\",\"url\":\"https:\\\/\\\/www.info-algerie.com\\\/actualites\\\/algerie-espagne-les-perspectives-de-cooperation-dans-le-secteur-de-linformation-abordees-a-alger\\\/\",\"name\":\"Alg\u00e9rie-Espagne: les perspectives de coop\u00e9ration dans le secteur de l&#039;information abord\u00e9es \u00e0 Alger - info algerie\",\"isPartOf\":{\"@id\":\"https:\\\/\\\/www.info-algerie.com\\\/actualites\\\/#website\"},\"primaryImageOfPage\":{\"@id\":\"https:\\\/\\\/www.info-algerie.com\\\/actualites\\\/algerie-espagne-les-perspectives-de-cooperation-dans-le-secteur-de-linformation-abordees-a-alger\\\/#primaryimage\"},\"image\":{\"@id\":\"https:\\\/\\\/www.info-algerie.com\\\/actualites\\\/algerie-espagne-les-perspectives-de-cooperation-dans-le-secteur-de-linformation-abordees-a-alger\\\/#primaryimage\"},\"thumbnailUrl\":\"https:\\\/\\\/www.info-algerie.com\\\/actualites\\\/wp-content\\\/uploads\\\/2017\\\/08\\\/c766ee2f8ec45015fdaf5d97778c04a7_S-1.jpg\",\"datePublished\":\"2017-08-02T14:41:46+00:00\",\"breadcrumb\":{\"@id\":\"https:\\\/\\\/www.info-algerie.com\\\/actualites\\\/algerie-espagne-les-perspectives-de-cooperation-dans-le-secteur-de-linformation-abordees-a-alger\\\/#breadcrumb\"},\"inLanguage\":\"fr-FR\",\"potentialAction\":[{\"@type\":\"ReadAction\",\"target\":[\"https:\\\/\\\/www.info-algerie.com\\\/actualites\\\/algerie-espagne-les-perspectives-de-cooperation-dans-le-secteur-de-linformation-abordees-a-alger\\\/\"]}]},{\"@type\":\"ImageObject\",\"inLanguage\":\"fr-FR\",\"@id\":\"https:\\\/\\\/www.info-algerie.com\\\/actualites\\\/algerie-espagne-les-perspectives-de-cooperation-dans-le-secteur-de-linformation-abordees-a-alger\\\/#primaryimage\",\"url\":\"https:\\\/\\\/www.info-algerie.com\\\/actualites\\\/wp-content\\\/uploads\\\/2017\\\/08\\\/c766ee2f8ec45015fdaf5d97778c04a7_S-1.jpg\",\"contentUrl\":\"https:\\\/\\\/www.info-algerie.com\\\/actualites\\\/wp-content\\\/uploads\\\/2017\\\/08\\\/c766ee2f8ec45015fdaf5d97778c04a7_S-1.jpg\",\"width\":280,\"height\":169},{\"@type\":\"BreadcrumbList\",\"@id\":\"https:\\\/\\\/www.info-algerie.com\\\/actualites\\\/algerie-espagne-les-perspectives-de-cooperation-dans-le-secteur-de-linformation-abordees-a-alger\\\/#breadcrumb\",\"itemListElement\":[{\"@type\":\"ListItem\",\"position\":1,\"name\":\"Accueil\",\"item\":\"https:\\\/\\\/www.info-algerie.com\\\/actualites\\\/\"},{\"@type\":\"ListItem\",\"position\":2,\"name\":\"Alg\u00e9rie-Espagne: les perspectives de coop\u00e9ration dans le secteur de l&#039;information abord\u00e9es \u00e0 Alger\"}]},{\"@type\":\"WebSite\",\"@id\":\"https:\\\/\\\/www.info-algerie.com\\\/actualites\\\/#website\",\"url\":\"https:\\\/\\\/www.info-algerie.com\\\/actualites\\\/\",\"name\":\"info algerie\",\"description\":\"Toutes les actualit\u00e9s\",\"publisher\":{\"@id\":\"https:\\\/\\\/www.info-algerie.com\\\/actualites\\\/#organization\"},\"potentialAction\":[{\"@type\":\"SearchAction\",\"target\":{\"@type\":\"EntryPoint\",\"urlTemplate\":\"https:\\\/\\\/www.info-algerie.com\\\/actualites\\\/?s={search_term_string}\"},\"query-input\":{\"@type\":\"PropertyValueSpecification\",\"valueRequired\":true,\"valueName\":\"search_term_string\"}}],\"inLanguage\":\"fr-FR\"},{\"@type\":\"Organization\",\"@id\":\"https:\\\/\\\/www.info-algerie.com\\\/actualites\\\/#organization\",\"name\":\"info algerie\",\"url\":\"https:\\\/\\\/www.info-algerie.com\\\/actualites\\\/\",\"logo\":{\"@type\":\"ImageObject\",\"inLanguage\":\"fr-FR\",\"@id\":\"https:\\\/\\\/www.info-algerie.com\\\/actualites\\\/#\\\/schema\\\/logo\\\/image\\\/\",\"url\":\"https:\\\/\\\/www.info-algerie.com\\\/actualites\\\/wp-content\\\/uploads\\\/2022\\\/07\\\/logo-ia-120.png\",\"contentUrl\":\"https:\\\/\\\/www.info-algerie.com\\\/actualites\\\/wp-content\\\/uploads\\\/2022\\\/07\\\/logo-ia-120.png\",\"width\":120,\"height\":43,\"caption\":\"info algerie\"},\"image\":{\"@id\":\"https:\\\/\\\/www.info-algerie.com\\\/actualites\\\/#\\\/schema\\\/logo\\\/image\\\/\"},\"sameAs\":[\"https:\\\/\\\/www.facebook.com\\\/infoalgerieactu\",\"https:\\\/\\\/x.com\\\/infoalgerie1\"]},{\"@type\":\"Person\",\"@id\":\"https:\\\/\\\/www.info-algerie.com\\\/actualites\\\/#\\\/schema\\\/person\\\/847aaec44920825b843a08f30ec6aa1e\",\"name\":\"La r\u00e9daction\",\"image\":{\"@type\":\"ImageObject\",\"inLanguage\":\"fr-FR\",\"@id\":\"https:\\\/\\\/secure.gravatar.com\\\/avatar\\\/769db425c6f465158149f1ffd6cf61ce7a8a879d11dfbef8288af36dfddd418c?s=96&d=mm&r=g\",\"url\":\"https:\\\/\\\/secure.gravatar.com\\\/avatar\\\/769db425c6f465158149f1ffd6cf61ce7a8a879d11dfbef8288af36dfddd418c?s=96&d=mm&r=g\",\"contentUrl\":\"https:\\\/\\\/secure.gravatar.com\\\/avatar\\\/769db425c6f465158149f1ffd6cf61ce7a8a879d11dfbef8288af36dfddd418c?s=96&d=mm&r=g\",\"caption\":\"La r\u00e9daction\"},\"sameAs\":[\"http:\\\/\\\/www.lkeria.com\\\/\"],\"url\":\"https:\\\/\\\/www.info-algerie.com\\\/actualites\\\/author\\\/chakib32\\\/\"}]}<\/script>\n<!-- \/ Yoast SEO plugin. -->","yoast_head_json":{"title":"Alg\u00e9rie-Espagne: les perspectives de coop\u00e9ration dans le secteur de l&#039;information abord\u00e9es \u00e0 Alger - info algerie","robots":{"index":"index","follow":"follow","max-snippet":"max-snippet:-1","max-image-preview":"max-image-preview:large","max-video-preview":"max-video-preview:-1"},"canonical":"https:\/\/www.info-algerie.com\/actualites\/algerie-espagne-les-perspectives-de-cooperation-dans-le-secteur-de-linformation-abordees-a-alger\/","og_locale":"fr_FR","og_type":"article","og_title":"Alg\u00e9rie-Espagne: les perspectives de coop\u00e9ration dans le secteur de l&#039;information abord\u00e9es \u00e0 Alger - info algerie","og_description":"ALGER &#8211; Les perspectives de la coop\u00e9ration dans le secteur de l&rsquo;information et de la communication ont \u00e9t\u00e9 au menu de l&rsquo;entretien qui a eu lieu mercredi \u00e0 Alger entre le ministre de la Communication, Djamel Kaouane, et l&rsquo;ambassadeur d&rsquo;Espagne en Alg\u00e9rie, Santiago Cabanas. &#013; &#013; L&rsquo;entretien a \u00e9t\u00e9 l&rsquo;occasion d&rsquo;aborder \u00ab\u00a0les relations bilat\u00e9rales et","og_url":"https:\/\/www.info-algerie.com\/actualites\/algerie-espagne-les-perspectives-de-cooperation-dans-le-secteur-de-linformation-abordees-a-alger\/","og_site_name":"info algerie","article_publisher":"https:\/\/www.facebook.com\/infoalgerieactu","article_published_time":"2017-08-02T14:41:46+00:00","og_image":[{"width":280,"height":169,"url":"https:\/\/www.info-algerie.com\/actualites\/wp-content\/uploads\/2017\/08\/c766ee2f8ec45015fdaf5d97778c04a7_S-1.jpg","type":"image\/jpeg"}],"author":"La r\u00e9daction","twitter_misc":{"\u00c9crit par":"La r\u00e9daction","Dur\u00e9e de lecture estim\u00e9e":"2 minutes"},"schema":{"@context":"https:\/\/schema.org","@graph":[{"@type":"Article","@id":"https:\/\/www.info-algerie.com\/actualites\/algerie-espagne-les-perspectives-de-cooperation-dans-le-secteur-de-linformation-abordees-a-alger\/#article","isPartOf":{"@id":"https:\/\/www.info-algerie.com\/actualites\/algerie-espagne-les-perspectives-de-cooperation-dans-le-secteur-de-linformation-abordees-a-alger\/"},"author":{"name":"La r\u00e9daction","@id":"https:\/\/www.info-algerie.com\/actualites\/#\/schema\/person\/847aaec44920825b843a08f30ec6aa1e"},"headline":"Alg\u00e9rie-Espagne: les perspectives de coop\u00e9ration dans le secteur de l&#039;information abord\u00e9es \u00e0 Alger","datePublished":"2017-08-02T14:41:46+00:00","mainEntityOfPage":{"@id":"https:\/\/www.info-algerie.com\/actualites\/algerie-espagne-les-perspectives-de-cooperation-dans-le-secteur-de-linformation-abordees-a-alger\/"},"wordCount":381,"commentCount":0,"publisher":{"@id":"https:\/\/www.info-algerie.com\/actualites\/#organization"},"image":{"@id":"https:\/\/www.info-algerie.com\/actualites\/algerie-espagne-les-perspectives-de-cooperation-dans-le-secteur-de-linformation-abordees-a-alger\/#primaryimage"},"thumbnailUrl":"https:\/\/www.info-algerie.com\/actualites\/wp-content\/uploads\/2017\/08\/c766ee2f8ec45015fdaf5d97778c04a7_S-1.jpg","keywords":["ONU"],"articleSection":["infos"],"inLanguage":"fr-FR","potentialAction":[{"@type":"CommentAction","name":"Comment","target":["https:\/\/www.info-algerie.com\/actualites\/algerie-espagne-les-perspectives-de-cooperation-dans-le-secteur-de-linformation-abordees-a-alger\/#respond"]}]},{"@type":"WebPage","@id":"https:\/\/www.info-algerie.com\/actualites\/algerie-espagne-les-perspectives-de-cooperation-dans-le-secteur-de-linformation-abordees-a-alger\/","url":"https:\/\/www.info-algerie.com\/actualites\/algerie-espagne-les-perspectives-de-cooperation-dans-le-secteur-de-linformation-abordees-a-alger\/","name":"Alg\u00e9rie-Espagne: les perspectives de coop\u00e9ration dans le secteur de l&#039;information abord\u00e9es \u00e0 Alger - info algerie","isPartOf":{"@id":"https:\/\/www.info-algerie.com\/actualites\/#website"},"primaryImageOfPage":{"@id":"https:\/\/www.info-algerie.com\/actualites\/algerie-espagne-les-perspectives-de-cooperation-dans-le-secteur-de-linformation-abordees-a-alger\/#primaryimage"},"image":{"@id":"https:\/\/www.info-algerie.com\/actualites\/algerie-espagne-les-perspectives-de-cooperation-dans-le-secteur-de-linformation-abordees-a-alger\/#primaryimage"},"thumbnailUrl":"https:\/\/www.info-algerie.com\/actualites\/wp-content\/uploads\/2017\/08\/c766ee2f8ec45015fdaf5d97778c04a7_S-1.jpg","datePublished":"2017-08-02T14:41:46+00:00","breadcrumb":{"@id":"https:\/\/www.info-algerie.com\/actualites\/algerie-espagne-les-perspectives-de-cooperation-dans-le-secteur-de-linformation-abordees-a-alger\/#breadcrumb"},"inLanguage":"fr-FR","potentialAction":[{"@type":"ReadAction","target":["https:\/\/www.info-algerie.com\/actualites\/algerie-espagne-les-perspectives-de-cooperation-dans-le-secteur-de-linformation-abordees-a-alger\/"]}]},{"@type":"ImageObject","inLanguage":"fr-FR","@id":"https:\/\/www.info-algerie.com\/actualites\/algerie-espagne-les-perspectives-de-cooperation-dans-le-secteur-de-linformation-abordees-a-alger\/#primaryimage","url":"https:\/\/www.info-algerie.com\/actualites\/wp-content\/uploads\/2017\/08\/c766ee2f8ec45015fdaf5d97778c04a7_S-1.jpg","contentUrl":"https:\/\/www.info-algerie.com\/actualites\/wp-content\/uploads\/2017\/08\/c766ee2f8ec45015fdaf5d97778c04a7_S-1.jpg","width":280,"height":169},{"@type":"BreadcrumbList","@id":"https:\/\/www.info-algerie.com\/actualites\/algerie-espagne-les-perspectives-de-cooperation-dans-le-secteur-de-linformation-abordees-a-alger\/#breadcrumb","itemListElement":[{"@type":"ListItem","position":1,"name":"Accueil","item":"https:\/\/www.info-algerie.com\/actualites\/"},{"@type":"ListItem","position":2,"name":"Alg\u00e9rie-Espagne: les perspectives de coop\u00e9ration dans le secteur de l&#039;information abord\u00e9es \u00e0 Alger"}]},{"@type":"WebSite","@id":"https:\/\/www.info-algerie.com\/actualites\/#website","url":"https:\/\/www.info-algerie.com\/actualites\/","name":"info algerie","description":"Toutes les actualit\u00e9s","publisher":{"@id":"https:\/\/www.info-algerie.com\/actualites\/#organization"},"potentialAction":[{"@type":"SearchAction","target":{"@type":"EntryPoint","urlTemplate":"https:\/\/www.info-algerie.com\/actualites\/?s={search_term_string}"},"query-input":{"@type":"PropertyValueSpecification","valueRequired":true,"valueName":"search_term_string"}}],"inLanguage":"fr-FR"},{"@type":"Organization","@id":"https:\/\/www.info-algerie.com\/actualites\/#organization","name":"info algerie","url":"https:\/\/www.info-algerie.com\/actualites\/","logo":{"@type":"ImageObject","inLanguage":"fr-FR","@id":"https:\/\/www.info-algerie.com\/actualites\/#\/schema\/logo\/image\/","url":"https:\/\/www.info-algerie.com\/actualites\/wp-content\/uploads\/2022\/07\/logo-ia-120.png","contentUrl":"https:\/\/www.info-algerie.com\/actualites\/wp-content\/uploads\/2022\/07\/logo-ia-120.png","width":120,"height":43,"caption":"info algerie"},"image":{"@id":"https:\/\/www.info-algerie.com\/actualites\/#\/schema\/logo\/image\/"},"sameAs":["https:\/\/www.facebook.com\/infoalgerieactu","https:\/\/x.com\/infoalgerie1"]},{"@type":"Person","@id":"https:\/\/www.info-algerie.com\/actualites\/#\/schema\/person\/847aaec44920825b843a08f30ec6aa1e","name":"La r\u00e9daction","image":{"@type":"ImageObject","inLanguage":"fr-FR","@id":"https:\/\/secure.gravatar.com\/avatar\/769db425c6f465158149f1ffd6cf61ce7a8a879d11dfbef8288af36dfddd418c?s=96&d=mm&r=g","url":"https:\/\/secure.gravatar.com\/avatar\/769db425c6f465158149f1ffd6cf61ce7a8a879d11dfbef8288af36dfddd418c?s=96&d=mm&r=g","contentUrl":"https:\/\/secure.gravatar.com\/avatar\/769db425c6f465158149f1ffd6cf61ce7a8a879d11dfbef8288af36dfddd418c?s=96&d=mm&r=g","caption":"La r\u00e9daction"},"sameAs":["http:\/\/www.lkeria.com\/"],"url":"https:\/\/www.info-algerie.com\/actualites\/author\/chakib32\/"}]}},"_links":{"self":[{"href":"https:\/\/www.info-algerie.com\/actualites\/wp-json\/wp\/v2\/posts\/14707","targetHints":{"allow":["GET"]}}],"collection":[{"href":"https:\/\/www.info-algerie.com\/actualites\/wp-json\/wp\/v2\/posts"}],"about":[{"href":"https:\/\/www.info-algerie.com\/actualites\/wp-json\/wp\/v2\/types\/post"}],"author":[{"embeddable":true,"href":"https:\/\/www.info-algerie.com\/actualites\/wp-json\/wp\/v2\/users\/6"}],"replies":[{"embeddable":true,"href":"https:\/\/www.info-algerie.com\/actualites\/wp-json\/wp\/v2\/comments?post=14707"}],"version-history":[{"count":0,"href":"https:\/\/www.info-algerie.com\/actualites\/wp-json\/wp\/v2\/posts\/14707\/revisions"}],"wp:featuredmedia":[{"embeddable":true,"href":"https:\/\/www.info-algerie.com\/actualites\/wp-json\/wp\/v2\/media\/14708"}],"wp:attachment":[{"href":"https:\/\/www.info-algerie.com\/actualites\/wp-json\/wp\/v2\/media?parent=14707"}],"wp:term":[{"taxonomy":"category","embeddable":true,"href":"https:\/\/www.info-algerie.com\/actualites\/wp-json\/wp\/v2\/categories?post=14707"},{"taxonomy":"post_tag","embeddable":true,"href":"https:\/\/www.info-algerie.com\/actualites\/wp-json\/wp\/v2\/tags?post=14707"}],"curies":[{"name":"wp","href":"https:\/\/api.w.org\/{rel}","templated":true}]}}