{"id":14710,"date":"2017-08-02T18:58:57","date_gmt":"2017-08-02T17:58:57","guid":{"rendered":"http:\/\/www.info-algerie.com\/actualites\/lassemblee-francaise-adopte-la-nouvelle-convention-algero-francaise-dentraide-judiciaire\/"},"modified":"2017-08-02T18:58:57","modified_gmt":"2017-08-02T17:58:57","slug":"lassemblee-francaise-adopte-la-nouvelle-convention-algero-francaise-dentraide-judiciaire","status":"publish","type":"post","link":"https:\/\/www.info-algerie.com\/actualites\/lassemblee-francaise-adopte-la-nouvelle-convention-algero-francaise-dentraide-judiciaire\/","title":{"rendered":"L\u2019Assembl\u00e9e fran\u00e7aise adopte la nouvelle convention alg\u00e9ro-fran\u00e7aise d\u2019entraide judiciaire"},"content":{"rendered":"<div class=\"K2FeedImage\"><img decoding=\"async\" src=\"https:\/\/www.info-algerie.com\/actualites\/wp-content\/uploads\/2017\/08\/3aacb65f621d8514ad28459d6b0bd8f5_S.jpg\" alt=\"L&#x2019;Assembl&#xE9;e fran&#xE7;aise adopte la nouvelle convention alg&#xE9;ro-fran&#xE7;aise d&#x2019;entraide judiciaire\" \/><\/div>\n<div class=\"K2FeedIntroText\">\n<p>PARIS &#8211; L&rsquo;Assembl\u00e9e fran\u00e7aise a adopt\u00e9 mercredi la nouvelle convention alg\u00e9ro-fran\u00e7aise d\u2019entraide judiciaire en\u00a0 mati\u00e8re p\u00e9nale qui doit \u00eatre approuv\u00e9e par le S\u00e9nat.<\/p>\n<p>&#013;\n<\/p><\/div>\n<div class=\"K2FeedFullText\">&#013;<\/p>\n<p>La convention, sign\u00e9e \u00e0 Paris le 5 octobre dernier par le ministre de la Justice garde des Sceaux, Tayeb Louh, et son homologue fran\u00e7ais de l\u2019\u00e9poque, Jean-Jacques Urvoas, remplace de fait l&rsquo;Accord du 28 ao\u00fbt 1962 dans son volet relatif \u00e0 l&rsquo;entraide judiciaire en mati\u00e8re p\u00e9nale.<\/p>\n<p>&#013;<\/p>\n<p>N\u00e9goci\u00e9e dans le respect de la souverainet\u00e9 des deux Etats et en tenant compte des sp\u00e9cificit\u00e9s de leurs syst\u00e8mes juridiques et judiciaires respectifs, la convention permettra aux deux pays de relever les d\u00e9fis des nouvelles formes de criminalit\u00e9.<\/p>\n<p>&#013;<\/p>\n<p>Le rapport de la commission, pr\u00e9sent\u00e9 par la d\u00e9put\u00e9e Sira Sylia (La R\u00e9publique en Marche), a soulign\u00e9 que les relations entre l\u2019Alg\u00e9rie et la France sont marqu\u00e9es depuis 2012 par une \u00ab\u00a0dynamique in\u00e9dite\u00a0\u00bb, qualifiant la nouvelle convention de \u00ab\u00a0v\u00e9ritable avanc\u00e9e\u00a0\u00bb.<\/p>\n<p>&#013;<\/p>\n<p>\u00ab\u00a0Les relations entre l\u2019Alg\u00e9rie et la France sont marqu\u00e9es depuis 2012 par une dynamique in\u00e9dite. Notre coop\u00e9ration culturelle, scientifique et technique conna\u00eet elle aussi un renouveau et les relations \u00e9conomiques et commerciales ont progress\u00e9 de mani\u00e8re rapide depuis 1999\u00a0\u00bb, a pr\u00e9cis\u00e9 le rapport r\u00e9dig\u00e9 au nom de la Commission des Affaires \u00e9trang\u00e8res de l\u2019Assembl\u00e9e.<\/p>\n<p>&#013;<\/p>\n<p>L\u2019Alg\u00e9rie a envoy\u00e9 des \u00ab\u00a0signaux positifs\u00a0\u00bb depuis l\u2019\u00e9lection du nouveau pr\u00e9sident de la R\u00e9publique (fran\u00e7aise) et nourrit \u00ab\u00a0beaucoup d\u2019attentes\u00a0\u00bb envers le nouveau gouvernement fran\u00e7ais, a relev\u00e9 le rapport, affirmant que l\u2019Alg\u00e9rie est un \u00ab\u00a0partenaire incontournable\u00a0\u00bb, notamment en ce qui concerne la crise libyenne et la s\u00e9curit\u00e9 au Sahel.<\/p>\n<p>&#013;<\/p>\n<p>Il a indiqu\u00e9 que le nouveau texte \u00ab\u00a0se con\u00e7oit aussi comme un acte de confiance dans la capacit\u00e9 des institutions judiciaires de nos deux pays \u00e0 coop\u00e9rer en bonne intelligence, au service d\u2019une meilleure administration de la justice\u00a0\u00bb, mentionnant que la coop\u00e9ration judiciaire p\u00e9nale internationale avec l\u2019Alg\u00e9rie est \u00ab\u00a0l\u2019une des plus denses entretenue avec les 53 pays du continent africain\u00a0\u00bb.<\/p>\n<p>&#013;<\/p>\n<p>Dans le cadre des relations bilat\u00e9rales, en mati\u00e8re d\u2019entraide judiciaire, 477 demandes d\u2019entraide ont \u00e9t\u00e9 adress\u00e9es aux autorit\u00e9s alg\u00e9riennes et 123 de ces demandes (dont 86 d\u00e9nonciations officielles) sont toujours en cours depuis 2010.<\/p>\n<p>&#013;<\/p>\n<p>La convention pr\u00e9voit, entre autres, le renforcement des capacit\u00e9s communes des deux pays pour lutter contre les op\u00e9rations de blanchiment d\u2019argent, notamment en ce qui concerne l\u2019\u00e9change d\u2019informations bancaires.<\/p>\n<p>&#013;<\/p>\n<p>Il sera, dans le cadre du nouveau texte, possible de r\u00e9aliser des auditions de t\u00e9moins, d\u2019experts ou de parties civiles par vid\u00e9oconf\u00e9rence.<\/p>\n<p>&#013;<\/p>\n<p class=\"MsoNormal\">Par ailleurs, l\u2019Assembl\u00e9e fran\u00e7aise a \u00e9galement vot\u00e9 un accord alg\u00e9ro-fran\u00e7ais relatif aux \u00e9changes de jeunes actifs. Il s\u2019agit d\u2019un accord qui a \u00e9t\u00e9 sign\u00e9 le 26 octobre 2015 \u00e0 Paris par les anciens ministres des Affaires \u00e9trang\u00e8res des deux pays, Laurent Fabius et Ramtane Lamamra, dans le cadre des travaux de la 3e session du Comit\u00e9 mixte \u00e9conomique franco-alg\u00e9rien (Comefa). L\u2019objectif de cet accord est d&rsquo;encourager les \u00e9changes de jeunes fran\u00e7ais et alg\u00e9riens engag\u00e9s dans la vie active.<\/p>\n<\/div>\n<p>&#013;<br \/>\nSource: <a href=\"http:\/\/www.aps.dz\/algerie\/61357-l-assemblee-francaise-adopte-la-nouvelle-convention-algero-francaise-d-entraide-judiciaire\" target=\"_blank\">L\u2019Assembl\u00e9e fran\u00e7aise adopte la nouvelle convention alg\u00e9ro-fran\u00e7aise d\u2019entraide judiciaire<\/a><\/p>\n<!--CusAds0-->\n<div style=\"font-size: 0px; height: 0px; line-height: 0px; margin: 0; padding: 0; clear: both;\"><\/div>","protected":false},"excerpt":{"rendered":"<p>PARIS &#8211; L&rsquo;Assembl\u00e9e fran\u00e7aise a adopt\u00e9 mercredi la nouvelle convention alg\u00e9ro-fran\u00e7aise d\u2019entraide judiciaire en\u00a0 mati\u00e8re p\u00e9nale qui doit \u00eatre approuv\u00e9e par le S\u00e9nat. &#013; &#013; La convention, sign\u00e9e \u00e0 Paris le 5 octobre dernier par le ministre de la Justice garde des Sceaux, Tayeb Louh, et son homologue fran\u00e7ais de l\u2019\u00e9poque, Jean-Jacques Urvoas, remplace de<\/p>\n","protected":false},"author":6,"featured_media":14711,"comment_status":"open","ping_status":"open","sticky":false,"template":"","format":"standard","meta":{"footnotes":""},"categories":[22],"tags":[93],"class_list":["post-14710","post","type-post","status-publish","format-standard","has-post-thumbnail","hentry","category-infos","tag-onu"],"yoast_head":"<!-- This site is optimized with the Yoast SEO plugin v27.5 - https:\/\/yoast.com\/product\/yoast-seo-wordpress\/ -->\n<title>L\u2019Assembl\u00e9e fran\u00e7aise adopte la nouvelle convention alg\u00e9ro-fran\u00e7aise d\u2019entraide judiciaire - info algerie<\/title>\n<meta name=\"robots\" content=\"index, follow, max-snippet:-1, max-image-preview:large, max-video-preview:-1\" \/>\n<link rel=\"canonical\" href=\"https:\/\/www.info-algerie.com\/actualites\/lassemblee-francaise-adopte-la-nouvelle-convention-algero-francaise-dentraide-judiciaire\/\" \/>\n<meta property=\"og:locale\" content=\"fr_FR\" \/>\n<meta property=\"og:type\" content=\"article\" \/>\n<meta property=\"og:title\" content=\"L\u2019Assembl\u00e9e fran\u00e7aise adopte la nouvelle convention alg\u00e9ro-fran\u00e7aise d\u2019entraide judiciaire - info algerie\" \/>\n<meta property=\"og:description\" content=\"PARIS &#8211; L&rsquo;Assembl\u00e9e fran\u00e7aise a adopt\u00e9 mercredi la nouvelle convention alg\u00e9ro-fran\u00e7aise d\u2019entraide judiciaire en\u00a0 mati\u00e8re p\u00e9nale qui doit \u00eatre approuv\u00e9e par le S\u00e9nat. &#013; &#013; La convention, sign\u00e9e \u00e0 Paris le 5 octobre dernier par le ministre de la Justice garde des Sceaux, Tayeb Louh, et son homologue fran\u00e7ais de l\u2019\u00e9poque, Jean-Jacques Urvoas, remplace de\" \/>\n<meta property=\"og:url\" content=\"https:\/\/www.info-algerie.com\/actualites\/lassemblee-francaise-adopte-la-nouvelle-convention-algero-francaise-dentraide-judiciaire\/\" \/>\n<meta property=\"og:site_name\" content=\"info algerie\" \/>\n<meta property=\"article:publisher\" content=\"https:\/\/www.facebook.com\/infoalgerieactu\" \/>\n<meta property=\"article:published_time\" content=\"2017-08-02T17:58:57+00:00\" \/>\n<meta property=\"og:image\" content=\"https:\/\/www.info-algerie.com\/actualites\/wp-content\/uploads\/2017\/08\/3aacb65f621d8514ad28459d6b0bd8f5_S-1.jpg\" \/>\n\t<meta property=\"og:image:width\" content=\"280\" \/>\n\t<meta property=\"og:image:height\" content=\"169\" \/>\n\t<meta property=\"og:image:type\" content=\"image\/jpeg\" \/>\n<meta name=\"author\" content=\"La r\u00e9daction\" \/>\n<meta name=\"twitter:label1\" content=\"\u00c9crit par\" \/>\n\t<meta name=\"twitter:data1\" content=\"La r\u00e9daction\" \/>\n\t<meta name=\"twitter:label2\" content=\"Dur\u00e9e de lecture estim\u00e9e\" \/>\n\t<meta name=\"twitter:data2\" content=\"3 minutes\" \/>\n<script type=\"application\/ld+json\" class=\"yoast-schema-graph\">{\"@context\":\"https:\\\/\\\/schema.org\",\"@graph\":[{\"@type\":\"Article\",\"@id\":\"https:\\\/\\\/www.info-algerie.com\\\/actualites\\\/lassemblee-francaise-adopte-la-nouvelle-convention-algero-francaise-dentraide-judiciaire\\\/#article\",\"isPartOf\":{\"@id\":\"https:\\\/\\\/www.info-algerie.com\\\/actualites\\\/lassemblee-francaise-adopte-la-nouvelle-convention-algero-francaise-dentraide-judiciaire\\\/\"},\"author\":{\"name\":\"La r\u00e9daction\",\"@id\":\"https:\\\/\\\/www.info-algerie.com\\\/actualites\\\/#\\\/schema\\\/person\\\/847aaec44920825b843a08f30ec6aa1e\"},\"headline\":\"L\u2019Assembl\u00e9e fran\u00e7aise adopte la nouvelle convention alg\u00e9ro-fran\u00e7aise d\u2019entraide judiciaire\",\"datePublished\":\"2017-08-02T17:58:57+00:00\",\"mainEntityOfPage\":{\"@id\":\"https:\\\/\\\/www.info-algerie.com\\\/actualites\\\/lassemblee-francaise-adopte-la-nouvelle-convention-algero-francaise-dentraide-judiciaire\\\/\"},\"wordCount\":584,\"commentCount\":0,\"publisher\":{\"@id\":\"https:\\\/\\\/www.info-algerie.com\\\/actualites\\\/#organization\"},\"image\":{\"@id\":\"https:\\\/\\\/www.info-algerie.com\\\/actualites\\\/lassemblee-francaise-adopte-la-nouvelle-convention-algero-francaise-dentraide-judiciaire\\\/#primaryimage\"},\"thumbnailUrl\":\"https:\\\/\\\/www.info-algerie.com\\\/actualites\\\/wp-content\\\/uploads\\\/2017\\\/08\\\/3aacb65f621d8514ad28459d6b0bd8f5_S-1.jpg\",\"keywords\":[\"ONU\"],\"articleSection\":[\"infos\"],\"inLanguage\":\"fr-FR\",\"potentialAction\":[{\"@type\":\"CommentAction\",\"name\":\"Comment\",\"target\":[\"https:\\\/\\\/www.info-algerie.com\\\/actualites\\\/lassemblee-francaise-adopte-la-nouvelle-convention-algero-francaise-dentraide-judiciaire\\\/#respond\"]}]},{\"@type\":\"WebPage\",\"@id\":\"https:\\\/\\\/www.info-algerie.com\\\/actualites\\\/lassemblee-francaise-adopte-la-nouvelle-convention-algero-francaise-dentraide-judiciaire\\\/\",\"url\":\"https:\\\/\\\/www.info-algerie.com\\\/actualites\\\/lassemblee-francaise-adopte-la-nouvelle-convention-algero-francaise-dentraide-judiciaire\\\/\",\"name\":\"L\u2019Assembl\u00e9e fran\u00e7aise adopte la nouvelle convention alg\u00e9ro-fran\u00e7aise d\u2019entraide judiciaire - info algerie\",\"isPartOf\":{\"@id\":\"https:\\\/\\\/www.info-algerie.com\\\/actualites\\\/#website\"},\"primaryImageOfPage\":{\"@id\":\"https:\\\/\\\/www.info-algerie.com\\\/actualites\\\/lassemblee-francaise-adopte-la-nouvelle-convention-algero-francaise-dentraide-judiciaire\\\/#primaryimage\"},\"image\":{\"@id\":\"https:\\\/\\\/www.info-algerie.com\\\/actualites\\\/lassemblee-francaise-adopte-la-nouvelle-convention-algero-francaise-dentraide-judiciaire\\\/#primaryimage\"},\"thumbnailUrl\":\"https:\\\/\\\/www.info-algerie.com\\\/actualites\\\/wp-content\\\/uploads\\\/2017\\\/08\\\/3aacb65f621d8514ad28459d6b0bd8f5_S-1.jpg\",\"datePublished\":\"2017-08-02T17:58:57+00:00\",\"breadcrumb\":{\"@id\":\"https:\\\/\\\/www.info-algerie.com\\\/actualites\\\/lassemblee-francaise-adopte-la-nouvelle-convention-algero-francaise-dentraide-judiciaire\\\/#breadcrumb\"},\"inLanguage\":\"fr-FR\",\"potentialAction\":[{\"@type\":\"ReadAction\",\"target\":[\"https:\\\/\\\/www.info-algerie.com\\\/actualites\\\/lassemblee-francaise-adopte-la-nouvelle-convention-algero-francaise-dentraide-judiciaire\\\/\"]}]},{\"@type\":\"ImageObject\",\"inLanguage\":\"fr-FR\",\"@id\":\"https:\\\/\\\/www.info-algerie.com\\\/actualites\\\/lassemblee-francaise-adopte-la-nouvelle-convention-algero-francaise-dentraide-judiciaire\\\/#primaryimage\",\"url\":\"https:\\\/\\\/www.info-algerie.com\\\/actualites\\\/wp-content\\\/uploads\\\/2017\\\/08\\\/3aacb65f621d8514ad28459d6b0bd8f5_S-1.jpg\",\"contentUrl\":\"https:\\\/\\\/www.info-algerie.com\\\/actualites\\\/wp-content\\\/uploads\\\/2017\\\/08\\\/3aacb65f621d8514ad28459d6b0bd8f5_S-1.jpg\",\"width\":280,\"height\":169},{\"@type\":\"BreadcrumbList\",\"@id\":\"https:\\\/\\\/www.info-algerie.com\\\/actualites\\\/lassemblee-francaise-adopte-la-nouvelle-convention-algero-francaise-dentraide-judiciaire\\\/#breadcrumb\",\"itemListElement\":[{\"@type\":\"ListItem\",\"position\":1,\"name\":\"Accueil\",\"item\":\"https:\\\/\\\/www.info-algerie.com\\\/actualites\\\/\"},{\"@type\":\"ListItem\",\"position\":2,\"name\":\"L\u2019Assembl\u00e9e fran\u00e7aise adopte la nouvelle convention alg\u00e9ro-fran\u00e7aise d\u2019entraide judiciaire\"}]},{\"@type\":\"WebSite\",\"@id\":\"https:\\\/\\\/www.info-algerie.com\\\/actualites\\\/#website\",\"url\":\"https:\\\/\\\/www.info-algerie.com\\\/actualites\\\/\",\"name\":\"info algerie\",\"description\":\"Toutes les actualit\u00e9s\",\"publisher\":{\"@id\":\"https:\\\/\\\/www.info-algerie.com\\\/actualites\\\/#organization\"},\"potentialAction\":[{\"@type\":\"SearchAction\",\"target\":{\"@type\":\"EntryPoint\",\"urlTemplate\":\"https:\\\/\\\/www.info-algerie.com\\\/actualites\\\/?s={search_term_string}\"},\"query-input\":{\"@type\":\"PropertyValueSpecification\",\"valueRequired\":true,\"valueName\":\"search_term_string\"}}],\"inLanguage\":\"fr-FR\"},{\"@type\":\"Organization\",\"@id\":\"https:\\\/\\\/www.info-algerie.com\\\/actualites\\\/#organization\",\"name\":\"info algerie\",\"url\":\"https:\\\/\\\/www.info-algerie.com\\\/actualites\\\/\",\"logo\":{\"@type\":\"ImageObject\",\"inLanguage\":\"fr-FR\",\"@id\":\"https:\\\/\\\/www.info-algerie.com\\\/actualites\\\/#\\\/schema\\\/logo\\\/image\\\/\",\"url\":\"https:\\\/\\\/www.info-algerie.com\\\/actualites\\\/wp-content\\\/uploads\\\/2022\\\/07\\\/logo-ia-120.png\",\"contentUrl\":\"https:\\\/\\\/www.info-algerie.com\\\/actualites\\\/wp-content\\\/uploads\\\/2022\\\/07\\\/logo-ia-120.png\",\"width\":120,\"height\":43,\"caption\":\"info algerie\"},\"image\":{\"@id\":\"https:\\\/\\\/www.info-algerie.com\\\/actualites\\\/#\\\/schema\\\/logo\\\/image\\\/\"},\"sameAs\":[\"https:\\\/\\\/www.facebook.com\\\/infoalgerieactu\",\"https:\\\/\\\/x.com\\\/infoalgerie1\"]},{\"@type\":\"Person\",\"@id\":\"https:\\\/\\\/www.info-algerie.com\\\/actualites\\\/#\\\/schema\\\/person\\\/847aaec44920825b843a08f30ec6aa1e\",\"name\":\"La r\u00e9daction\",\"image\":{\"@type\":\"ImageObject\",\"inLanguage\":\"fr-FR\",\"@id\":\"https:\\\/\\\/secure.gravatar.com\\\/avatar\\\/769db425c6f465158149f1ffd6cf61ce7a8a879d11dfbef8288af36dfddd418c?s=96&d=mm&r=g\",\"url\":\"https:\\\/\\\/secure.gravatar.com\\\/avatar\\\/769db425c6f465158149f1ffd6cf61ce7a8a879d11dfbef8288af36dfddd418c?s=96&d=mm&r=g\",\"contentUrl\":\"https:\\\/\\\/secure.gravatar.com\\\/avatar\\\/769db425c6f465158149f1ffd6cf61ce7a8a879d11dfbef8288af36dfddd418c?s=96&d=mm&r=g\",\"caption\":\"La r\u00e9daction\"},\"sameAs\":[\"http:\\\/\\\/www.lkeria.com\\\/\"],\"url\":\"https:\\\/\\\/www.info-algerie.com\\\/actualites\\\/author\\\/chakib32\\\/\"}]}<\/script>\n<!-- \/ Yoast SEO plugin. -->","yoast_head_json":{"title":"L\u2019Assembl\u00e9e fran\u00e7aise adopte la nouvelle convention alg\u00e9ro-fran\u00e7aise d\u2019entraide judiciaire - info algerie","robots":{"index":"index","follow":"follow","max-snippet":"max-snippet:-1","max-image-preview":"max-image-preview:large","max-video-preview":"max-video-preview:-1"},"canonical":"https:\/\/www.info-algerie.com\/actualites\/lassemblee-francaise-adopte-la-nouvelle-convention-algero-francaise-dentraide-judiciaire\/","og_locale":"fr_FR","og_type":"article","og_title":"L\u2019Assembl\u00e9e fran\u00e7aise adopte la nouvelle convention alg\u00e9ro-fran\u00e7aise d\u2019entraide judiciaire - info algerie","og_description":"PARIS &#8211; L&rsquo;Assembl\u00e9e fran\u00e7aise a adopt\u00e9 mercredi la nouvelle convention alg\u00e9ro-fran\u00e7aise d\u2019entraide judiciaire en\u00a0 mati\u00e8re p\u00e9nale qui doit \u00eatre approuv\u00e9e par le S\u00e9nat. &#013; &#013; La convention, sign\u00e9e \u00e0 Paris le 5 octobre dernier par le ministre de la Justice garde des Sceaux, Tayeb Louh, et son homologue fran\u00e7ais de l\u2019\u00e9poque, Jean-Jacques Urvoas, remplace de","og_url":"https:\/\/www.info-algerie.com\/actualites\/lassemblee-francaise-adopte-la-nouvelle-convention-algero-francaise-dentraide-judiciaire\/","og_site_name":"info algerie","article_publisher":"https:\/\/www.facebook.com\/infoalgerieactu","article_published_time":"2017-08-02T17:58:57+00:00","og_image":[{"width":280,"height":169,"url":"https:\/\/www.info-algerie.com\/actualites\/wp-content\/uploads\/2017\/08\/3aacb65f621d8514ad28459d6b0bd8f5_S-1.jpg","type":"image\/jpeg"}],"author":"La r\u00e9daction","twitter_misc":{"\u00c9crit par":"La r\u00e9daction","Dur\u00e9e de lecture estim\u00e9e":"3 minutes"},"schema":{"@context":"https:\/\/schema.org","@graph":[{"@type":"Article","@id":"https:\/\/www.info-algerie.com\/actualites\/lassemblee-francaise-adopte-la-nouvelle-convention-algero-francaise-dentraide-judiciaire\/#article","isPartOf":{"@id":"https:\/\/www.info-algerie.com\/actualites\/lassemblee-francaise-adopte-la-nouvelle-convention-algero-francaise-dentraide-judiciaire\/"},"author":{"name":"La r\u00e9daction","@id":"https:\/\/www.info-algerie.com\/actualites\/#\/schema\/person\/847aaec44920825b843a08f30ec6aa1e"},"headline":"L\u2019Assembl\u00e9e fran\u00e7aise adopte la nouvelle convention alg\u00e9ro-fran\u00e7aise d\u2019entraide judiciaire","datePublished":"2017-08-02T17:58:57+00:00","mainEntityOfPage":{"@id":"https:\/\/www.info-algerie.com\/actualites\/lassemblee-francaise-adopte-la-nouvelle-convention-algero-francaise-dentraide-judiciaire\/"},"wordCount":584,"commentCount":0,"publisher":{"@id":"https:\/\/www.info-algerie.com\/actualites\/#organization"},"image":{"@id":"https:\/\/www.info-algerie.com\/actualites\/lassemblee-francaise-adopte-la-nouvelle-convention-algero-francaise-dentraide-judiciaire\/#primaryimage"},"thumbnailUrl":"https:\/\/www.info-algerie.com\/actualites\/wp-content\/uploads\/2017\/08\/3aacb65f621d8514ad28459d6b0bd8f5_S-1.jpg","keywords":["ONU"],"articleSection":["infos"],"inLanguage":"fr-FR","potentialAction":[{"@type":"CommentAction","name":"Comment","target":["https:\/\/www.info-algerie.com\/actualites\/lassemblee-francaise-adopte-la-nouvelle-convention-algero-francaise-dentraide-judiciaire\/#respond"]}]},{"@type":"WebPage","@id":"https:\/\/www.info-algerie.com\/actualites\/lassemblee-francaise-adopte-la-nouvelle-convention-algero-francaise-dentraide-judiciaire\/","url":"https:\/\/www.info-algerie.com\/actualites\/lassemblee-francaise-adopte-la-nouvelle-convention-algero-francaise-dentraide-judiciaire\/","name":"L\u2019Assembl\u00e9e fran\u00e7aise adopte la nouvelle convention alg\u00e9ro-fran\u00e7aise d\u2019entraide judiciaire - info algerie","isPartOf":{"@id":"https:\/\/www.info-algerie.com\/actualites\/#website"},"primaryImageOfPage":{"@id":"https:\/\/www.info-algerie.com\/actualites\/lassemblee-francaise-adopte-la-nouvelle-convention-algero-francaise-dentraide-judiciaire\/#primaryimage"},"image":{"@id":"https:\/\/www.info-algerie.com\/actualites\/lassemblee-francaise-adopte-la-nouvelle-convention-algero-francaise-dentraide-judiciaire\/#primaryimage"},"thumbnailUrl":"https:\/\/www.info-algerie.com\/actualites\/wp-content\/uploads\/2017\/08\/3aacb65f621d8514ad28459d6b0bd8f5_S-1.jpg","datePublished":"2017-08-02T17:58:57+00:00","breadcrumb":{"@id":"https:\/\/www.info-algerie.com\/actualites\/lassemblee-francaise-adopte-la-nouvelle-convention-algero-francaise-dentraide-judiciaire\/#breadcrumb"},"inLanguage":"fr-FR","potentialAction":[{"@type":"ReadAction","target":["https:\/\/www.info-algerie.com\/actualites\/lassemblee-francaise-adopte-la-nouvelle-convention-algero-francaise-dentraide-judiciaire\/"]}]},{"@type":"ImageObject","inLanguage":"fr-FR","@id":"https:\/\/www.info-algerie.com\/actualites\/lassemblee-francaise-adopte-la-nouvelle-convention-algero-francaise-dentraide-judiciaire\/#primaryimage","url":"https:\/\/www.info-algerie.com\/actualites\/wp-content\/uploads\/2017\/08\/3aacb65f621d8514ad28459d6b0bd8f5_S-1.jpg","contentUrl":"https:\/\/www.info-algerie.com\/actualites\/wp-content\/uploads\/2017\/08\/3aacb65f621d8514ad28459d6b0bd8f5_S-1.jpg","width":280,"height":169},{"@type":"BreadcrumbList","@id":"https:\/\/www.info-algerie.com\/actualites\/lassemblee-francaise-adopte-la-nouvelle-convention-algero-francaise-dentraide-judiciaire\/#breadcrumb","itemListElement":[{"@type":"ListItem","position":1,"name":"Accueil","item":"https:\/\/www.info-algerie.com\/actualites\/"},{"@type":"ListItem","position":2,"name":"L\u2019Assembl\u00e9e fran\u00e7aise adopte la nouvelle convention alg\u00e9ro-fran\u00e7aise d\u2019entraide judiciaire"}]},{"@type":"WebSite","@id":"https:\/\/www.info-algerie.com\/actualites\/#website","url":"https:\/\/www.info-algerie.com\/actualites\/","name":"info algerie","description":"Toutes les actualit\u00e9s","publisher":{"@id":"https:\/\/www.info-algerie.com\/actualites\/#organization"},"potentialAction":[{"@type":"SearchAction","target":{"@type":"EntryPoint","urlTemplate":"https:\/\/www.info-algerie.com\/actualites\/?s={search_term_string}"},"query-input":{"@type":"PropertyValueSpecification","valueRequired":true,"valueName":"search_term_string"}}],"inLanguage":"fr-FR"},{"@type":"Organization","@id":"https:\/\/www.info-algerie.com\/actualites\/#organization","name":"info algerie","url":"https:\/\/www.info-algerie.com\/actualites\/","logo":{"@type":"ImageObject","inLanguage":"fr-FR","@id":"https:\/\/www.info-algerie.com\/actualites\/#\/schema\/logo\/image\/","url":"https:\/\/www.info-algerie.com\/actualites\/wp-content\/uploads\/2022\/07\/logo-ia-120.png","contentUrl":"https:\/\/www.info-algerie.com\/actualites\/wp-content\/uploads\/2022\/07\/logo-ia-120.png","width":120,"height":43,"caption":"info algerie"},"image":{"@id":"https:\/\/www.info-algerie.com\/actualites\/#\/schema\/logo\/image\/"},"sameAs":["https:\/\/www.facebook.com\/infoalgerieactu","https:\/\/x.com\/infoalgerie1"]},{"@type":"Person","@id":"https:\/\/www.info-algerie.com\/actualites\/#\/schema\/person\/847aaec44920825b843a08f30ec6aa1e","name":"La r\u00e9daction","image":{"@type":"ImageObject","inLanguage":"fr-FR","@id":"https:\/\/secure.gravatar.com\/avatar\/769db425c6f465158149f1ffd6cf61ce7a8a879d11dfbef8288af36dfddd418c?s=96&d=mm&r=g","url":"https:\/\/secure.gravatar.com\/avatar\/769db425c6f465158149f1ffd6cf61ce7a8a879d11dfbef8288af36dfddd418c?s=96&d=mm&r=g","contentUrl":"https:\/\/secure.gravatar.com\/avatar\/769db425c6f465158149f1ffd6cf61ce7a8a879d11dfbef8288af36dfddd418c?s=96&d=mm&r=g","caption":"La r\u00e9daction"},"sameAs":["http:\/\/www.lkeria.com\/"],"url":"https:\/\/www.info-algerie.com\/actualites\/author\/chakib32\/"}]}},"_links":{"self":[{"href":"https:\/\/www.info-algerie.com\/actualites\/wp-json\/wp\/v2\/posts\/14710","targetHints":{"allow":["GET"]}}],"collection":[{"href":"https:\/\/www.info-algerie.com\/actualites\/wp-json\/wp\/v2\/posts"}],"about":[{"href":"https:\/\/www.info-algerie.com\/actualites\/wp-json\/wp\/v2\/types\/post"}],"author":[{"embeddable":true,"href":"https:\/\/www.info-algerie.com\/actualites\/wp-json\/wp\/v2\/users\/6"}],"replies":[{"embeddable":true,"href":"https:\/\/www.info-algerie.com\/actualites\/wp-json\/wp\/v2\/comments?post=14710"}],"version-history":[{"count":0,"href":"https:\/\/www.info-algerie.com\/actualites\/wp-json\/wp\/v2\/posts\/14710\/revisions"}],"wp:featuredmedia":[{"embeddable":true,"href":"https:\/\/www.info-algerie.com\/actualites\/wp-json\/wp\/v2\/media\/14711"}],"wp:attachment":[{"href":"https:\/\/www.info-algerie.com\/actualites\/wp-json\/wp\/v2\/media?parent=14710"}],"wp:term":[{"taxonomy":"category","embeddable":true,"href":"https:\/\/www.info-algerie.com\/actualites\/wp-json\/wp\/v2\/categories?post=14710"},{"taxonomy":"post_tag","embeddable":true,"href":"https:\/\/www.info-algerie.com\/actualites\/wp-json\/wp\/v2\/tags?post=14710"}],"curies":[{"name":"wp","href":"https:\/\/api.w.org\/{rel}","templated":true}]}}