{"id":14720,"date":"2017-08-02T19:11:17","date_gmt":"2017-08-02T18:11:17","guid":{"rendered":"http:\/\/www.info-algerie.com\/actualites\/macron-salue-lengagement-decisif-du-president-bouteflika-pour-le-developpement-du-partenariat-dexception-entre-lalgerie-et-la-france\/"},"modified":"2017-08-02T19:11:17","modified_gmt":"2017-08-02T18:11:17","slug":"macron-salue-lengagement-decisif-du-president-bouteflika-pour-le-developpement-du-partenariat-dexception-entre-lalgerie-et-la-france","status":"publish","type":"post","link":"https:\/\/www.info-algerie.com\/actualites\/macron-salue-lengagement-decisif-du-president-bouteflika-pour-le-developpement-du-partenariat-dexception-entre-lalgerie-et-la-france\/","title":{"rendered":"Macron salue l&#039;engagement d\u00e9cisif du Pr\u00e9sident Bouteflika pour le d\u00e9veloppement du partenariat d&#039;exception entre l&#039;Alg\u00e9rie et la France"},"content":{"rendered":"<div class=\"K2FeedImage\"><img decoding=\"async\" src=\"https:\/\/www.info-algerie.com\/actualites\/wp-content\/uploads\/2017\/08\/5daedd5eb86a922d76d8b5b10d174efd_S.jpg\" alt=\"Macron salue l'engagement d&#xE9;cisif du Pr&#xE9;sident Bouteflika pour le d&#xE9;veloppement du partenariat d'exception entre l'Alg&#xE9;rie et la France\" \/><\/div>\n<div class=\"K2FeedIntroText\">\n<p>ALGER &#8211; Le pr\u00e9sident fran\u00e7ais Emmanuel Macron a salu\u00e9 la \u00ab\u00a0vision et l&rsquo;engagement d\u00e9cisif\u00a0\u00bb du pr\u00e9sident de la R\u00e9publique Abdelaziz Bouteflika pour \u00ab\u00a0le d\u00e9veloppement du partenariat d&rsquo;exception\u00a0\u00bb qui unit l&rsquo;Alg\u00e9rie et la France, dans un message de remerciement, suite au message adress\u00e9 par le chef de l&rsquo;Etat \u00e0 son homologue fran\u00e7ais \u00e0 l&rsquo;occasion de la f\u00eate nationale de son pays le 14 juillet.<\/p>\n<p>&#013;\n<\/p><\/div>\n<div class=\"K2FeedFullText\">&#013;<\/p>\n<p>\u00ab\u00a0Je vous remercie pour votre courrier \u00e0 l&rsquo;occasion de la f\u00eate nationale du 14 juillet et je saisis cette occasion pour vous transmettre, au nom de la France et en mon nom personnel, un message chaleureux d&rsquo;amiti\u00e9 et de respect\u00a0\u00bb, a \u00e9crit le pr\u00e9sident fran\u00e7ais dans son message.<\/p>\n<p>&#013;<\/p>\n<p>Dans son message Macron \u00e9crit: \u00ab\u00a0je salue votre vision et votre engagement d\u00e9cisif dans le d\u00e9veloppement du partenariat d&rsquo;exception qui unit la France et l&rsquo;Alg\u00e9rie. Votre impulsion dans la refondation engag\u00e9e en 2012 avec mon pr\u00e9d\u00e9cesseur a permis des avanc\u00e9es spectaculaires dans tous les domaines.<\/p>\n<p>&#013;<\/p>\n<p>Jamais dans l&rsquo;histoire les liens entre nos deux pays n&rsquo;ont atteint un tel niveau d&rsquo;excellence et de densit\u00e9\u00a0\u00bb.<\/p>\n<p>&#013;<\/p>\n<p>Le pr\u00e9sident fran\u00e7ais souhaite renforcer cette dynamique avec son homologue alg\u00e9rien et donner aux relations bilat\u00e9rales \u00ab\u00a0une dimension suppl\u00e9mentaire\u00a0\u00bb.<\/p>\n<p>&#013;<\/p>\n<p>\u00ab\u00a0Ce travail a commenc\u00e9 d\u00e8s lendemain de mon \u00e9lection. Il consiste \u00e0 assumer notre m\u00e9moire commune dans sa v\u00e9rit\u00e9 et son int\u00e9grit\u00e9. Vous connaissez mes convictions et ma d\u00e9termination \u00e0 assumer cet h\u00e9ritage partag\u00e9 dans un esprit de lucidit\u00e9 et d&rsquo;apaisement\u00a0\u00bb, a encore soulign\u00e9 le Pr\u00e9sident fran\u00e7ais.<\/p>\n<p>&#013;<\/p>\n<p>\u00ab\u00a0Il nous faut faire de ce regard sur notre pass\u00e9 le point d&rsquo;appui d&rsquo;un nouvel \u00e9lan vers l&rsquo;avenir pour notre partenariat bilat\u00e9ral. Plus que jamais, celui-ci doit se construire sur des projets concrets, structurants et mutuellement b\u00e9n\u00e9fiques, il doit aussi se construire sur la sc\u00e8ne internationale alors que nos deux pays sont en premi\u00e8re ligne face \u00e0 la menace terroriste et \u00e0 l&rsquo;instabilit\u00e9 r\u00e9gionale notamment au Sahel et en Libye\u00a0\u00bb, a-t-il ajout\u00e9.<\/p>\n<p>&#013;<\/p>\n<p>Pour M. Macron, \u00ab\u00a0beaucoup de travail a d\u00e9j\u00e0 \u00e9t\u00e9 effectu\u00e9, et les prochains mois seront marqu\u00e9s par une s\u00e9rie de rendez-vous majeurs qui permettront de pr\u00e9parer le projet de grande visite officielle que je serais tr\u00e8s heureux et honor\u00e9 d&rsquo;effectuer en Alg\u00e9rie, au moment qui vous conviendra\u00a0\u00bb.<\/p>\n<p>&#013;<\/p>\n<p class=\"MsoNormal\">\u00ab\u00a0Je vous adresse mes v\u0153ux de paix et de prosp\u00e9rit\u00e9 pour l&rsquo;Alg\u00e9rie, le peuple alg\u00e9rien et vous-m\u00eame et vous prie de croire, Monsieur le Pr\u00e9sident, l&rsquo;expression de ma tr\u00e8s haute consid\u00e9ration\u00a0\u00bb, a conclu M. Macron dans son\u00a0 message.<\/p>\n<\/div>\n<p>&#013;<br \/>\nSource: <a href=\"http:\/\/www.aps.dz\/algerie\/61358-algerie-france-macron-salue-l-engagement-decisif-du-president-bouteflika-pour-le-developpement-du-partenariat-d-exception-entre-les-deux-pays\" target=\"_blank\">Macron salue l&rsquo;engagement d\u00e9cisif du Pr\u00e9sident Bouteflika pour le d\u00e9veloppement du partenariat d&rsquo;exception entre l&rsquo;Alg\u00e9rie et la France<\/a><\/p>\n<!--CusAds0-->\n<div style=\"font-size: 0px; height: 0px; line-height: 0px; margin: 0; padding: 0; clear: both;\"><\/div>","protected":false},"excerpt":{"rendered":"<p>ALGER &#8211; Le pr\u00e9sident fran\u00e7ais Emmanuel Macron a salu\u00e9 la \u00ab\u00a0vision et l&rsquo;engagement d\u00e9cisif\u00a0\u00bb du pr\u00e9sident de la R\u00e9publique Abdelaziz Bouteflika pour \u00ab\u00a0le d\u00e9veloppement du partenariat d&rsquo;exception\u00a0\u00bb qui unit l&rsquo;Alg\u00e9rie et la France, dans un message de remerciement, suite au message adress\u00e9 par le chef de l&rsquo;Etat \u00e0 son homologue fran\u00e7ais \u00e0 l&rsquo;occasion de la<\/p>\n","protected":false},"author":6,"featured_media":14721,"comment_status":"open","ping_status":"open","sticky":false,"template":"","format":"standard","meta":{"footnotes":""},"categories":[22],"tags":[93],"class_list":["post-14720","post","type-post","status-publish","format-standard","has-post-thumbnail","hentry","category-infos","tag-onu"],"yoast_head":"<!-- This site is optimized with the Yoast SEO plugin v27.5 - https:\/\/yoast.com\/product\/yoast-seo-wordpress\/ -->\n<title>Macron salue l&#039;engagement d\u00e9cisif du Pr\u00e9sident Bouteflika pour le d\u00e9veloppement du partenariat d&#039;exception entre l&#039;Alg\u00e9rie et la France - info algerie<\/title>\n<meta name=\"robots\" content=\"index, follow, max-snippet:-1, max-image-preview:large, max-video-preview:-1\" \/>\n<link rel=\"canonical\" href=\"https:\/\/www.info-algerie.com\/actualites\/macron-salue-lengagement-decisif-du-president-bouteflika-pour-le-developpement-du-partenariat-dexception-entre-lalgerie-et-la-france\/\" \/>\n<meta property=\"og:locale\" content=\"fr_FR\" \/>\n<meta property=\"og:type\" content=\"article\" \/>\n<meta property=\"og:title\" content=\"Macron salue l&#039;engagement d\u00e9cisif du Pr\u00e9sident Bouteflika pour le d\u00e9veloppement du partenariat d&#039;exception entre l&#039;Alg\u00e9rie et la France - info algerie\" \/>\n<meta property=\"og:description\" content=\"ALGER &#8211; Le pr\u00e9sident fran\u00e7ais Emmanuel Macron a salu\u00e9 la \u00ab\u00a0vision et l&rsquo;engagement d\u00e9cisif\u00a0\u00bb du pr\u00e9sident de la R\u00e9publique Abdelaziz Bouteflika pour \u00ab\u00a0le d\u00e9veloppement du partenariat d&rsquo;exception\u00a0\u00bb qui unit l&rsquo;Alg\u00e9rie et la France, dans un message de remerciement, suite au message adress\u00e9 par le chef de l&rsquo;Etat \u00e0 son homologue fran\u00e7ais \u00e0 l&rsquo;occasion de la\" \/>\n<meta property=\"og:url\" content=\"https:\/\/www.info-algerie.com\/actualites\/macron-salue-lengagement-decisif-du-president-bouteflika-pour-le-developpement-du-partenariat-dexception-entre-lalgerie-et-la-france\/\" \/>\n<meta property=\"og:site_name\" content=\"info algerie\" \/>\n<meta property=\"article:publisher\" content=\"https:\/\/www.facebook.com\/infoalgerieactu\" \/>\n<meta property=\"article:published_time\" content=\"2017-08-02T18:11:17+00:00\" \/>\n<meta property=\"og:image\" content=\"https:\/\/www.info-algerie.com\/actualites\/wp-content\/uploads\/2017\/08\/5daedd5eb86a922d76d8b5b10d174efd_S-1.jpg\" \/>\n\t<meta property=\"og:image:width\" content=\"280\" \/>\n\t<meta property=\"og:image:height\" content=\"169\" \/>\n\t<meta property=\"og:image:type\" content=\"image\/jpeg\" \/>\n<meta name=\"author\" content=\"La r\u00e9daction\" \/>\n<meta name=\"twitter:label1\" content=\"\u00c9crit par\" \/>\n\t<meta name=\"twitter:data1\" content=\"La r\u00e9daction\" \/>\n\t<meta name=\"twitter:label2\" content=\"Dur\u00e9e de lecture estim\u00e9e\" \/>\n\t<meta name=\"twitter:data2\" content=\"2 minutes\" \/>\n<script type=\"application\/ld+json\" class=\"yoast-schema-graph\">{\"@context\":\"https:\\\/\\\/schema.org\",\"@graph\":[{\"@type\":\"Article\",\"@id\":\"https:\\\/\\\/www.info-algerie.com\\\/actualites\\\/macron-salue-lengagement-decisif-du-president-bouteflika-pour-le-developpement-du-partenariat-dexception-entre-lalgerie-et-la-france\\\/#article\",\"isPartOf\":{\"@id\":\"https:\\\/\\\/www.info-algerie.com\\\/actualites\\\/macron-salue-lengagement-decisif-du-president-bouteflika-pour-le-developpement-du-partenariat-dexception-entre-lalgerie-et-la-france\\\/\"},\"author\":{\"name\":\"La r\u00e9daction\",\"@id\":\"https:\\\/\\\/www.info-algerie.com\\\/actualites\\\/#\\\/schema\\\/person\\\/847aaec44920825b843a08f30ec6aa1e\"},\"headline\":\"Macron salue l&#039;engagement d\u00e9cisif du Pr\u00e9sident Bouteflika pour le d\u00e9veloppement du partenariat d&#039;exception entre l&#039;Alg\u00e9rie et la France\",\"datePublished\":\"2017-08-02T18:11:17+00:00\",\"mainEntityOfPage\":{\"@id\":\"https:\\\/\\\/www.info-algerie.com\\\/actualites\\\/macron-salue-lengagement-decisif-du-president-bouteflika-pour-le-developpement-du-partenariat-dexception-entre-lalgerie-et-la-france\\\/\"},\"wordCount\":510,\"commentCount\":0,\"publisher\":{\"@id\":\"https:\\\/\\\/www.info-algerie.com\\\/actualites\\\/#organization\"},\"image\":{\"@id\":\"https:\\\/\\\/www.info-algerie.com\\\/actualites\\\/macron-salue-lengagement-decisif-du-president-bouteflika-pour-le-developpement-du-partenariat-dexception-entre-lalgerie-et-la-france\\\/#primaryimage\"},\"thumbnailUrl\":\"https:\\\/\\\/www.info-algerie.com\\\/actualites\\\/wp-content\\\/uploads\\\/2017\\\/08\\\/5daedd5eb86a922d76d8b5b10d174efd_S-1.jpg\",\"keywords\":[\"ONU\"],\"articleSection\":[\"infos\"],\"inLanguage\":\"fr-FR\",\"potentialAction\":[{\"@type\":\"CommentAction\",\"name\":\"Comment\",\"target\":[\"https:\\\/\\\/www.info-algerie.com\\\/actualites\\\/macron-salue-lengagement-decisif-du-president-bouteflika-pour-le-developpement-du-partenariat-dexception-entre-lalgerie-et-la-france\\\/#respond\"]}]},{\"@type\":\"WebPage\",\"@id\":\"https:\\\/\\\/www.info-algerie.com\\\/actualites\\\/macron-salue-lengagement-decisif-du-president-bouteflika-pour-le-developpement-du-partenariat-dexception-entre-lalgerie-et-la-france\\\/\",\"url\":\"https:\\\/\\\/www.info-algerie.com\\\/actualites\\\/macron-salue-lengagement-decisif-du-president-bouteflika-pour-le-developpement-du-partenariat-dexception-entre-lalgerie-et-la-france\\\/\",\"name\":\"Macron salue l&#039;engagement d\u00e9cisif du Pr\u00e9sident Bouteflika pour le d\u00e9veloppement du partenariat d&#039;exception entre l&#039;Alg\u00e9rie et la France - info algerie\",\"isPartOf\":{\"@id\":\"https:\\\/\\\/www.info-algerie.com\\\/actualites\\\/#website\"},\"primaryImageOfPage\":{\"@id\":\"https:\\\/\\\/www.info-algerie.com\\\/actualites\\\/macron-salue-lengagement-decisif-du-president-bouteflika-pour-le-developpement-du-partenariat-dexception-entre-lalgerie-et-la-france\\\/#primaryimage\"},\"image\":{\"@id\":\"https:\\\/\\\/www.info-algerie.com\\\/actualites\\\/macron-salue-lengagement-decisif-du-president-bouteflika-pour-le-developpement-du-partenariat-dexception-entre-lalgerie-et-la-france\\\/#primaryimage\"},\"thumbnailUrl\":\"https:\\\/\\\/www.info-algerie.com\\\/actualites\\\/wp-content\\\/uploads\\\/2017\\\/08\\\/5daedd5eb86a922d76d8b5b10d174efd_S-1.jpg\",\"datePublished\":\"2017-08-02T18:11:17+00:00\",\"breadcrumb\":{\"@id\":\"https:\\\/\\\/www.info-algerie.com\\\/actualites\\\/macron-salue-lengagement-decisif-du-president-bouteflika-pour-le-developpement-du-partenariat-dexception-entre-lalgerie-et-la-france\\\/#breadcrumb\"},\"inLanguage\":\"fr-FR\",\"potentialAction\":[{\"@type\":\"ReadAction\",\"target\":[\"https:\\\/\\\/www.info-algerie.com\\\/actualites\\\/macron-salue-lengagement-decisif-du-president-bouteflika-pour-le-developpement-du-partenariat-dexception-entre-lalgerie-et-la-france\\\/\"]}]},{\"@type\":\"ImageObject\",\"inLanguage\":\"fr-FR\",\"@id\":\"https:\\\/\\\/www.info-algerie.com\\\/actualites\\\/macron-salue-lengagement-decisif-du-president-bouteflika-pour-le-developpement-du-partenariat-dexception-entre-lalgerie-et-la-france\\\/#primaryimage\",\"url\":\"https:\\\/\\\/www.info-algerie.com\\\/actualites\\\/wp-content\\\/uploads\\\/2017\\\/08\\\/5daedd5eb86a922d76d8b5b10d174efd_S-1.jpg\",\"contentUrl\":\"https:\\\/\\\/www.info-algerie.com\\\/actualites\\\/wp-content\\\/uploads\\\/2017\\\/08\\\/5daedd5eb86a922d76d8b5b10d174efd_S-1.jpg\",\"width\":280,\"height\":169},{\"@type\":\"BreadcrumbList\",\"@id\":\"https:\\\/\\\/www.info-algerie.com\\\/actualites\\\/macron-salue-lengagement-decisif-du-president-bouteflika-pour-le-developpement-du-partenariat-dexception-entre-lalgerie-et-la-france\\\/#breadcrumb\",\"itemListElement\":[{\"@type\":\"ListItem\",\"position\":1,\"name\":\"Accueil\",\"item\":\"https:\\\/\\\/www.info-algerie.com\\\/actualites\\\/\"},{\"@type\":\"ListItem\",\"position\":2,\"name\":\"Macron salue l&#039;engagement d\u00e9cisif du Pr\u00e9sident Bouteflika pour le d\u00e9veloppement du partenariat d&#039;exception entre l&#039;Alg\u00e9rie et la France\"}]},{\"@type\":\"WebSite\",\"@id\":\"https:\\\/\\\/www.info-algerie.com\\\/actualites\\\/#website\",\"url\":\"https:\\\/\\\/www.info-algerie.com\\\/actualites\\\/\",\"name\":\"info algerie\",\"description\":\"Toutes les actualit\u00e9s\",\"publisher\":{\"@id\":\"https:\\\/\\\/www.info-algerie.com\\\/actualites\\\/#organization\"},\"potentialAction\":[{\"@type\":\"SearchAction\",\"target\":{\"@type\":\"EntryPoint\",\"urlTemplate\":\"https:\\\/\\\/www.info-algerie.com\\\/actualites\\\/?s={search_term_string}\"},\"query-input\":{\"@type\":\"PropertyValueSpecification\",\"valueRequired\":true,\"valueName\":\"search_term_string\"}}],\"inLanguage\":\"fr-FR\"},{\"@type\":\"Organization\",\"@id\":\"https:\\\/\\\/www.info-algerie.com\\\/actualites\\\/#organization\",\"name\":\"info algerie\",\"url\":\"https:\\\/\\\/www.info-algerie.com\\\/actualites\\\/\",\"logo\":{\"@type\":\"ImageObject\",\"inLanguage\":\"fr-FR\",\"@id\":\"https:\\\/\\\/www.info-algerie.com\\\/actualites\\\/#\\\/schema\\\/logo\\\/image\\\/\",\"url\":\"https:\\\/\\\/www.info-algerie.com\\\/actualites\\\/wp-content\\\/uploads\\\/2022\\\/07\\\/logo-ia-120.png\",\"contentUrl\":\"https:\\\/\\\/www.info-algerie.com\\\/actualites\\\/wp-content\\\/uploads\\\/2022\\\/07\\\/logo-ia-120.png\",\"width\":120,\"height\":43,\"caption\":\"info algerie\"},\"image\":{\"@id\":\"https:\\\/\\\/www.info-algerie.com\\\/actualites\\\/#\\\/schema\\\/logo\\\/image\\\/\"},\"sameAs\":[\"https:\\\/\\\/www.facebook.com\\\/infoalgerieactu\",\"https:\\\/\\\/x.com\\\/infoalgerie1\"]},{\"@type\":\"Person\",\"@id\":\"https:\\\/\\\/www.info-algerie.com\\\/actualites\\\/#\\\/schema\\\/person\\\/847aaec44920825b843a08f30ec6aa1e\",\"name\":\"La r\u00e9daction\",\"image\":{\"@type\":\"ImageObject\",\"inLanguage\":\"fr-FR\",\"@id\":\"https:\\\/\\\/secure.gravatar.com\\\/avatar\\\/769db425c6f465158149f1ffd6cf61ce7a8a879d11dfbef8288af36dfddd418c?s=96&d=mm&r=g\",\"url\":\"https:\\\/\\\/secure.gravatar.com\\\/avatar\\\/769db425c6f465158149f1ffd6cf61ce7a8a879d11dfbef8288af36dfddd418c?s=96&d=mm&r=g\",\"contentUrl\":\"https:\\\/\\\/secure.gravatar.com\\\/avatar\\\/769db425c6f465158149f1ffd6cf61ce7a8a879d11dfbef8288af36dfddd418c?s=96&d=mm&r=g\",\"caption\":\"La r\u00e9daction\"},\"sameAs\":[\"http:\\\/\\\/www.lkeria.com\\\/\"],\"url\":\"https:\\\/\\\/www.info-algerie.com\\\/actualites\\\/author\\\/chakib32\\\/\"}]}<\/script>\n<!-- \/ Yoast SEO plugin. -->","yoast_head_json":{"title":"Macron salue l&#039;engagement d\u00e9cisif du Pr\u00e9sident Bouteflika pour le d\u00e9veloppement du partenariat d&#039;exception entre l&#039;Alg\u00e9rie et la France - info algerie","robots":{"index":"index","follow":"follow","max-snippet":"max-snippet:-1","max-image-preview":"max-image-preview:large","max-video-preview":"max-video-preview:-1"},"canonical":"https:\/\/www.info-algerie.com\/actualites\/macron-salue-lengagement-decisif-du-president-bouteflika-pour-le-developpement-du-partenariat-dexception-entre-lalgerie-et-la-france\/","og_locale":"fr_FR","og_type":"article","og_title":"Macron salue l&#039;engagement d\u00e9cisif du Pr\u00e9sident Bouteflika pour le d\u00e9veloppement du partenariat d&#039;exception entre l&#039;Alg\u00e9rie et la France - info algerie","og_description":"ALGER &#8211; Le pr\u00e9sident fran\u00e7ais Emmanuel Macron a salu\u00e9 la \u00ab\u00a0vision et l&rsquo;engagement d\u00e9cisif\u00a0\u00bb du pr\u00e9sident de la R\u00e9publique Abdelaziz Bouteflika pour \u00ab\u00a0le d\u00e9veloppement du partenariat d&rsquo;exception\u00a0\u00bb qui unit l&rsquo;Alg\u00e9rie et la France, dans un message de remerciement, suite au message adress\u00e9 par le chef de l&rsquo;Etat \u00e0 son homologue fran\u00e7ais \u00e0 l&rsquo;occasion de la","og_url":"https:\/\/www.info-algerie.com\/actualites\/macron-salue-lengagement-decisif-du-president-bouteflika-pour-le-developpement-du-partenariat-dexception-entre-lalgerie-et-la-france\/","og_site_name":"info algerie","article_publisher":"https:\/\/www.facebook.com\/infoalgerieactu","article_published_time":"2017-08-02T18:11:17+00:00","og_image":[{"width":280,"height":169,"url":"https:\/\/www.info-algerie.com\/actualites\/wp-content\/uploads\/2017\/08\/5daedd5eb86a922d76d8b5b10d174efd_S-1.jpg","type":"image\/jpeg"}],"author":"La r\u00e9daction","twitter_misc":{"\u00c9crit par":"La r\u00e9daction","Dur\u00e9e de lecture estim\u00e9e":"2 minutes"},"schema":{"@context":"https:\/\/schema.org","@graph":[{"@type":"Article","@id":"https:\/\/www.info-algerie.com\/actualites\/macron-salue-lengagement-decisif-du-president-bouteflika-pour-le-developpement-du-partenariat-dexception-entre-lalgerie-et-la-france\/#article","isPartOf":{"@id":"https:\/\/www.info-algerie.com\/actualites\/macron-salue-lengagement-decisif-du-president-bouteflika-pour-le-developpement-du-partenariat-dexception-entre-lalgerie-et-la-france\/"},"author":{"name":"La r\u00e9daction","@id":"https:\/\/www.info-algerie.com\/actualites\/#\/schema\/person\/847aaec44920825b843a08f30ec6aa1e"},"headline":"Macron salue l&#039;engagement d\u00e9cisif du Pr\u00e9sident Bouteflika pour le d\u00e9veloppement du partenariat d&#039;exception entre l&#039;Alg\u00e9rie et la France","datePublished":"2017-08-02T18:11:17+00:00","mainEntityOfPage":{"@id":"https:\/\/www.info-algerie.com\/actualites\/macron-salue-lengagement-decisif-du-president-bouteflika-pour-le-developpement-du-partenariat-dexception-entre-lalgerie-et-la-france\/"},"wordCount":510,"commentCount":0,"publisher":{"@id":"https:\/\/www.info-algerie.com\/actualites\/#organization"},"image":{"@id":"https:\/\/www.info-algerie.com\/actualites\/macron-salue-lengagement-decisif-du-president-bouteflika-pour-le-developpement-du-partenariat-dexception-entre-lalgerie-et-la-france\/#primaryimage"},"thumbnailUrl":"https:\/\/www.info-algerie.com\/actualites\/wp-content\/uploads\/2017\/08\/5daedd5eb86a922d76d8b5b10d174efd_S-1.jpg","keywords":["ONU"],"articleSection":["infos"],"inLanguage":"fr-FR","potentialAction":[{"@type":"CommentAction","name":"Comment","target":["https:\/\/www.info-algerie.com\/actualites\/macron-salue-lengagement-decisif-du-president-bouteflika-pour-le-developpement-du-partenariat-dexception-entre-lalgerie-et-la-france\/#respond"]}]},{"@type":"WebPage","@id":"https:\/\/www.info-algerie.com\/actualites\/macron-salue-lengagement-decisif-du-president-bouteflika-pour-le-developpement-du-partenariat-dexception-entre-lalgerie-et-la-france\/","url":"https:\/\/www.info-algerie.com\/actualites\/macron-salue-lengagement-decisif-du-president-bouteflika-pour-le-developpement-du-partenariat-dexception-entre-lalgerie-et-la-france\/","name":"Macron salue l&#039;engagement d\u00e9cisif du Pr\u00e9sident Bouteflika pour le d\u00e9veloppement du partenariat d&#039;exception entre l&#039;Alg\u00e9rie et la France - info algerie","isPartOf":{"@id":"https:\/\/www.info-algerie.com\/actualites\/#website"},"primaryImageOfPage":{"@id":"https:\/\/www.info-algerie.com\/actualites\/macron-salue-lengagement-decisif-du-president-bouteflika-pour-le-developpement-du-partenariat-dexception-entre-lalgerie-et-la-france\/#primaryimage"},"image":{"@id":"https:\/\/www.info-algerie.com\/actualites\/macron-salue-lengagement-decisif-du-president-bouteflika-pour-le-developpement-du-partenariat-dexception-entre-lalgerie-et-la-france\/#primaryimage"},"thumbnailUrl":"https:\/\/www.info-algerie.com\/actualites\/wp-content\/uploads\/2017\/08\/5daedd5eb86a922d76d8b5b10d174efd_S-1.jpg","datePublished":"2017-08-02T18:11:17+00:00","breadcrumb":{"@id":"https:\/\/www.info-algerie.com\/actualites\/macron-salue-lengagement-decisif-du-president-bouteflika-pour-le-developpement-du-partenariat-dexception-entre-lalgerie-et-la-france\/#breadcrumb"},"inLanguage":"fr-FR","potentialAction":[{"@type":"ReadAction","target":["https:\/\/www.info-algerie.com\/actualites\/macron-salue-lengagement-decisif-du-president-bouteflika-pour-le-developpement-du-partenariat-dexception-entre-lalgerie-et-la-france\/"]}]},{"@type":"ImageObject","inLanguage":"fr-FR","@id":"https:\/\/www.info-algerie.com\/actualites\/macron-salue-lengagement-decisif-du-president-bouteflika-pour-le-developpement-du-partenariat-dexception-entre-lalgerie-et-la-france\/#primaryimage","url":"https:\/\/www.info-algerie.com\/actualites\/wp-content\/uploads\/2017\/08\/5daedd5eb86a922d76d8b5b10d174efd_S-1.jpg","contentUrl":"https:\/\/www.info-algerie.com\/actualites\/wp-content\/uploads\/2017\/08\/5daedd5eb86a922d76d8b5b10d174efd_S-1.jpg","width":280,"height":169},{"@type":"BreadcrumbList","@id":"https:\/\/www.info-algerie.com\/actualites\/macron-salue-lengagement-decisif-du-president-bouteflika-pour-le-developpement-du-partenariat-dexception-entre-lalgerie-et-la-france\/#breadcrumb","itemListElement":[{"@type":"ListItem","position":1,"name":"Accueil","item":"https:\/\/www.info-algerie.com\/actualites\/"},{"@type":"ListItem","position":2,"name":"Macron salue l&#039;engagement d\u00e9cisif du Pr\u00e9sident Bouteflika pour le d\u00e9veloppement du partenariat d&#039;exception entre l&#039;Alg\u00e9rie et la France"}]},{"@type":"WebSite","@id":"https:\/\/www.info-algerie.com\/actualites\/#website","url":"https:\/\/www.info-algerie.com\/actualites\/","name":"info algerie","description":"Toutes les actualit\u00e9s","publisher":{"@id":"https:\/\/www.info-algerie.com\/actualites\/#organization"},"potentialAction":[{"@type":"SearchAction","target":{"@type":"EntryPoint","urlTemplate":"https:\/\/www.info-algerie.com\/actualites\/?s={search_term_string}"},"query-input":{"@type":"PropertyValueSpecification","valueRequired":true,"valueName":"search_term_string"}}],"inLanguage":"fr-FR"},{"@type":"Organization","@id":"https:\/\/www.info-algerie.com\/actualites\/#organization","name":"info algerie","url":"https:\/\/www.info-algerie.com\/actualites\/","logo":{"@type":"ImageObject","inLanguage":"fr-FR","@id":"https:\/\/www.info-algerie.com\/actualites\/#\/schema\/logo\/image\/","url":"https:\/\/www.info-algerie.com\/actualites\/wp-content\/uploads\/2022\/07\/logo-ia-120.png","contentUrl":"https:\/\/www.info-algerie.com\/actualites\/wp-content\/uploads\/2022\/07\/logo-ia-120.png","width":120,"height":43,"caption":"info algerie"},"image":{"@id":"https:\/\/www.info-algerie.com\/actualites\/#\/schema\/logo\/image\/"},"sameAs":["https:\/\/www.facebook.com\/infoalgerieactu","https:\/\/x.com\/infoalgerie1"]},{"@type":"Person","@id":"https:\/\/www.info-algerie.com\/actualites\/#\/schema\/person\/847aaec44920825b843a08f30ec6aa1e","name":"La r\u00e9daction","image":{"@type":"ImageObject","inLanguage":"fr-FR","@id":"https:\/\/secure.gravatar.com\/avatar\/769db425c6f465158149f1ffd6cf61ce7a8a879d11dfbef8288af36dfddd418c?s=96&d=mm&r=g","url":"https:\/\/secure.gravatar.com\/avatar\/769db425c6f465158149f1ffd6cf61ce7a8a879d11dfbef8288af36dfddd418c?s=96&d=mm&r=g","contentUrl":"https:\/\/secure.gravatar.com\/avatar\/769db425c6f465158149f1ffd6cf61ce7a8a879d11dfbef8288af36dfddd418c?s=96&d=mm&r=g","caption":"La r\u00e9daction"},"sameAs":["http:\/\/www.lkeria.com\/"],"url":"https:\/\/www.info-algerie.com\/actualites\/author\/chakib32\/"}]}},"_links":{"self":[{"href":"https:\/\/www.info-algerie.com\/actualites\/wp-json\/wp\/v2\/posts\/14720","targetHints":{"allow":["GET"]}}],"collection":[{"href":"https:\/\/www.info-algerie.com\/actualites\/wp-json\/wp\/v2\/posts"}],"about":[{"href":"https:\/\/www.info-algerie.com\/actualites\/wp-json\/wp\/v2\/types\/post"}],"author":[{"embeddable":true,"href":"https:\/\/www.info-algerie.com\/actualites\/wp-json\/wp\/v2\/users\/6"}],"replies":[{"embeddable":true,"href":"https:\/\/www.info-algerie.com\/actualites\/wp-json\/wp\/v2\/comments?post=14720"}],"version-history":[{"count":0,"href":"https:\/\/www.info-algerie.com\/actualites\/wp-json\/wp\/v2\/posts\/14720\/revisions"}],"wp:featuredmedia":[{"embeddable":true,"href":"https:\/\/www.info-algerie.com\/actualites\/wp-json\/wp\/v2\/media\/14721"}],"wp:attachment":[{"href":"https:\/\/www.info-algerie.com\/actualites\/wp-json\/wp\/v2\/media?parent=14720"}],"wp:term":[{"taxonomy":"category","embeddable":true,"href":"https:\/\/www.info-algerie.com\/actualites\/wp-json\/wp\/v2\/categories?post=14720"},{"taxonomy":"post_tag","embeddable":true,"href":"https:\/\/www.info-algerie.com\/actualites\/wp-json\/wp\/v2\/tags?post=14720"}],"curies":[{"name":"wp","href":"https:\/\/api.w.org\/{rel}","templated":true}]}}