{"id":14736,"date":"2017-08-03T15:28:35","date_gmt":"2017-08-03T14:28:35","guid":{"rendered":"http:\/\/www.info-algerie.com\/actualites\/messahel-sentretient-a-mascate-avec-son-homologue-omanais\/"},"modified":"2017-08-03T15:28:35","modified_gmt":"2017-08-03T14:28:35","slug":"messahel-sentretient-a-mascate-avec-son-homologue-omanais","status":"publish","type":"post","link":"https:\/\/www.info-algerie.com\/actualites\/messahel-sentretient-a-mascate-avec-son-homologue-omanais\/","title":{"rendered":"Messahel s\u2019entretient \u00e0 Mascate avec son homologue omanais"},"content":{"rendered":"<div class=\"K2FeedImage\"><img decoding=\"async\" src=\"https:\/\/www.info-algerie.com\/actualites\/wp-content\/uploads\/2017\/08\/e5101d93ad7691fda4bf8be4654fe19d_S.jpg\" alt=\"Messahel s&#x2019;entretient &#xE0; Mascate avec son homologue omanais\" \/><\/div>\n<div class=\"K2FeedIntroText\">\n<p>ALGER &#8211; Le ministre des Affaires \u00e9trang\u00e8res, <strong><a href=\"http:\/\/www.aps.dz\/algerie\/61365-messahel-a-mascate-pour-une-visite-de-travail-au-sultanat-d-oman\">Abdelkader Messahel<\/a><\/strong>, s\u2019est entretenu, jeudi \u00e0 Mascate, avec son homologue omanais, Youcef Ben Alaoui Ben Abdallah, indique un communiqu\u00e9 du minist\u00e8re des Affaires \u00e9trang\u00e8res.<\/p>\n<p>&#013;\n<\/p><\/div>\n<div class=\"K2FeedFullText\">&#013;<\/p>\n<p>Cette rencontre \u00ab\u00a0qui s\u2019inscrit dans le cadre de la consultation r\u00e9guli\u00e8re entre les deux pays, conform\u00e9ment aux directives du Pr\u00e9sident Abdelaziz Bouteflika et du Sultan Qaboos Bin Said, a permis aux deux ministres d\u2019examiner l\u2019\u00e9tat de la coop\u00e9ration bilat\u00e9rale et les voies et moyens de son renforcement, en vue de la porter, sur le plan \u00e9conomique, au niveau des excellentes relations politiques qui lient l\u2019Alg\u00e9rie et le Sultanat d\u2019Oman\u00a0\u00bb, note la m\u00eame source.<\/p>\n<p>&#013;<\/p>\n<p>L\u2019entretien a \u00e9galement port\u00e9 sur \u00ab\u00a0les questions r\u00e9gionales et internationales d\u2019int\u00e9r\u00eat commun, en particulier la situation en Libye, en Syrie, au Y\u00e9men, en Irak et la question palestinienne ainsi que la lutte contre le terrorisme et l\u2019extr\u00e9misme violent\u00a0\u00bb.<\/p>\n<p>&#013;<\/p>\n<p>A cette occasion, Messahel a r\u00e9it\u00e9r\u00e9 l\u2019engagement de l\u2019Alg\u00e9rie \u00e0 \u00ab\u00a0poursuivre ses efforts en vue de contribuer \u00e0 la recherche des solutions politiques \u00e0 ces crises en favorisant les voies du dialogue et de la r\u00e9conciliation nationale sans ing\u00e9rence ext\u00e9rieure, et dans le respect de la souverainet\u00e9 des pays\u00a0\u00bb, pr\u00e9cise-t-on de m\u00eame source.<\/p>\n<p>&#013;<\/p>\n<p class=\"MsoNormal\">L\u2019entretien a aussi \u00e9t\u00e9 l\u2019occasion pour les deux ministres de \u00ab\u00a0relever avec satisfaction la convergence des vues des deux pays sur les principaux d\u00e9fis qui pr\u00e9occupent le monde arabe\u00a0\u00bb, ajoute le communiqu\u00e9.<\/p>\n<\/div>\n<p>&#013;<br \/>\nSource: <a href=\"http:\/\/www.aps.dz\/algerie\/61386-messahel-s-entretient-a-mascate-avec-son-homologue-omanais\" target=\"_blank\">Messahel s\u2019entretient \u00e0 Mascate avec son homologue omanais<\/a><\/p>\n<!--CusAds0-->\n<div style=\"font-size: 0px; height: 0px; line-height: 0px; margin: 0; padding: 0; clear: both;\"><\/div>","protected":false},"excerpt":{"rendered":"<p>ALGER &#8211; Le ministre des Affaires \u00e9trang\u00e8res, Abdelkader Messahel, s\u2019est entretenu, jeudi \u00e0 Mascate, avec son homologue omanais, Youcef Ben Alaoui Ben Abdallah, indique un communiqu\u00e9 du minist\u00e8re des Affaires \u00e9trang\u00e8res. &#013; &#013; Cette rencontre \u00ab\u00a0qui s\u2019inscrit dans le cadre de la consultation r\u00e9guli\u00e8re entre les deux pays, conform\u00e9ment aux directives du Pr\u00e9sident Abdelaziz Bouteflika<\/p>\n","protected":false},"author":6,"featured_media":14737,"comment_status":"open","ping_status":"open","sticky":false,"template":"","format":"standard","meta":{"footnotes":""},"categories":[22],"tags":[93],"class_list":["post-14736","post","type-post","status-publish","format-standard","has-post-thumbnail","hentry","category-infos","tag-onu"],"yoast_head":"<!-- This site is optimized with the Yoast SEO plugin v27.5 - https:\/\/yoast.com\/product\/yoast-seo-wordpress\/ -->\n<title>Messahel s\u2019entretient \u00e0 Mascate avec son homologue omanais - info algerie<\/title>\n<meta name=\"robots\" content=\"index, follow, max-snippet:-1, max-image-preview:large, max-video-preview:-1\" \/>\n<link rel=\"canonical\" href=\"https:\/\/www.info-algerie.com\/actualites\/messahel-sentretient-a-mascate-avec-son-homologue-omanais\/\" \/>\n<meta property=\"og:locale\" content=\"fr_FR\" \/>\n<meta property=\"og:type\" content=\"article\" \/>\n<meta property=\"og:title\" content=\"Messahel s\u2019entretient \u00e0 Mascate avec son homologue omanais - info algerie\" \/>\n<meta property=\"og:description\" content=\"ALGER &#8211; Le ministre des Affaires \u00e9trang\u00e8res, Abdelkader Messahel, s\u2019est entretenu, jeudi \u00e0 Mascate, avec son homologue omanais, Youcef Ben Alaoui Ben Abdallah, indique un communiqu\u00e9 du minist\u00e8re des Affaires \u00e9trang\u00e8res. &#013; &#013; Cette rencontre \u00ab\u00a0qui s\u2019inscrit dans le cadre de la consultation r\u00e9guli\u00e8re entre les deux pays, conform\u00e9ment aux directives du Pr\u00e9sident Abdelaziz Bouteflika\" \/>\n<meta property=\"og:url\" content=\"https:\/\/www.info-algerie.com\/actualites\/messahel-sentretient-a-mascate-avec-son-homologue-omanais\/\" \/>\n<meta property=\"og:site_name\" content=\"info algerie\" \/>\n<meta property=\"article:publisher\" content=\"https:\/\/www.facebook.com\/infoalgerieactu\" \/>\n<meta property=\"article:published_time\" content=\"2017-08-03T14:28:35+00:00\" \/>\n<meta property=\"og:image\" content=\"https:\/\/www.info-algerie.com\/actualites\/wp-content\/uploads\/2017\/08\/e5101d93ad7691fda4bf8be4654fe19d_S-1.jpg\" \/>\n\t<meta property=\"og:image:width\" content=\"280\" \/>\n\t<meta property=\"og:image:height\" content=\"169\" \/>\n\t<meta property=\"og:image:type\" content=\"image\/jpeg\" \/>\n<meta name=\"author\" content=\"La r\u00e9daction\" \/>\n<meta name=\"twitter:label1\" content=\"\u00c9crit par\" \/>\n\t<meta name=\"twitter:data1\" content=\"La r\u00e9daction\" \/>\n\t<meta name=\"twitter:label2\" content=\"Dur\u00e9e de lecture estim\u00e9e\" \/>\n\t<meta name=\"twitter:data2\" content=\"1 minute\" \/>\n<script type=\"application\/ld+json\" class=\"yoast-schema-graph\">{\"@context\":\"https:\\\/\\\/schema.org\",\"@graph\":[{\"@type\":\"Article\",\"@id\":\"https:\\\/\\\/www.info-algerie.com\\\/actualites\\\/messahel-sentretient-a-mascate-avec-son-homologue-omanais\\\/#article\",\"isPartOf\":{\"@id\":\"https:\\\/\\\/www.info-algerie.com\\\/actualites\\\/messahel-sentretient-a-mascate-avec-son-homologue-omanais\\\/\"},\"author\":{\"name\":\"La r\u00e9daction\",\"@id\":\"https:\\\/\\\/www.info-algerie.com\\\/actualites\\\/#\\\/schema\\\/person\\\/847aaec44920825b843a08f30ec6aa1e\"},\"headline\":\"Messahel s\u2019entretient \u00e0 Mascate avec son homologue omanais\",\"datePublished\":\"2017-08-03T14:28:35+00:00\",\"mainEntityOfPage\":{\"@id\":\"https:\\\/\\\/www.info-algerie.com\\\/actualites\\\/messahel-sentretient-a-mascate-avec-son-homologue-omanais\\\/\"},\"wordCount\":279,\"commentCount\":0,\"publisher\":{\"@id\":\"https:\\\/\\\/www.info-algerie.com\\\/actualites\\\/#organization\"},\"image\":{\"@id\":\"https:\\\/\\\/www.info-algerie.com\\\/actualites\\\/messahel-sentretient-a-mascate-avec-son-homologue-omanais\\\/#primaryimage\"},\"thumbnailUrl\":\"https:\\\/\\\/www.info-algerie.com\\\/actualites\\\/wp-content\\\/uploads\\\/2017\\\/08\\\/e5101d93ad7691fda4bf8be4654fe19d_S-1.jpg\",\"keywords\":[\"ONU\"],\"articleSection\":[\"infos\"],\"inLanguage\":\"fr-FR\",\"potentialAction\":[{\"@type\":\"CommentAction\",\"name\":\"Comment\",\"target\":[\"https:\\\/\\\/www.info-algerie.com\\\/actualites\\\/messahel-sentretient-a-mascate-avec-son-homologue-omanais\\\/#respond\"]}]},{\"@type\":\"WebPage\",\"@id\":\"https:\\\/\\\/www.info-algerie.com\\\/actualites\\\/messahel-sentretient-a-mascate-avec-son-homologue-omanais\\\/\",\"url\":\"https:\\\/\\\/www.info-algerie.com\\\/actualites\\\/messahel-sentretient-a-mascate-avec-son-homologue-omanais\\\/\",\"name\":\"Messahel s\u2019entretient \u00e0 Mascate avec son homologue omanais - info algerie\",\"isPartOf\":{\"@id\":\"https:\\\/\\\/www.info-algerie.com\\\/actualites\\\/#website\"},\"primaryImageOfPage\":{\"@id\":\"https:\\\/\\\/www.info-algerie.com\\\/actualites\\\/messahel-sentretient-a-mascate-avec-son-homologue-omanais\\\/#primaryimage\"},\"image\":{\"@id\":\"https:\\\/\\\/www.info-algerie.com\\\/actualites\\\/messahel-sentretient-a-mascate-avec-son-homologue-omanais\\\/#primaryimage\"},\"thumbnailUrl\":\"https:\\\/\\\/www.info-algerie.com\\\/actualites\\\/wp-content\\\/uploads\\\/2017\\\/08\\\/e5101d93ad7691fda4bf8be4654fe19d_S-1.jpg\",\"datePublished\":\"2017-08-03T14:28:35+00:00\",\"breadcrumb\":{\"@id\":\"https:\\\/\\\/www.info-algerie.com\\\/actualites\\\/messahel-sentretient-a-mascate-avec-son-homologue-omanais\\\/#breadcrumb\"},\"inLanguage\":\"fr-FR\",\"potentialAction\":[{\"@type\":\"ReadAction\",\"target\":[\"https:\\\/\\\/www.info-algerie.com\\\/actualites\\\/messahel-sentretient-a-mascate-avec-son-homologue-omanais\\\/\"]}]},{\"@type\":\"ImageObject\",\"inLanguage\":\"fr-FR\",\"@id\":\"https:\\\/\\\/www.info-algerie.com\\\/actualites\\\/messahel-sentretient-a-mascate-avec-son-homologue-omanais\\\/#primaryimage\",\"url\":\"https:\\\/\\\/www.info-algerie.com\\\/actualites\\\/wp-content\\\/uploads\\\/2017\\\/08\\\/e5101d93ad7691fda4bf8be4654fe19d_S-1.jpg\",\"contentUrl\":\"https:\\\/\\\/www.info-algerie.com\\\/actualites\\\/wp-content\\\/uploads\\\/2017\\\/08\\\/e5101d93ad7691fda4bf8be4654fe19d_S-1.jpg\",\"width\":280,\"height\":169},{\"@type\":\"BreadcrumbList\",\"@id\":\"https:\\\/\\\/www.info-algerie.com\\\/actualites\\\/messahel-sentretient-a-mascate-avec-son-homologue-omanais\\\/#breadcrumb\",\"itemListElement\":[{\"@type\":\"ListItem\",\"position\":1,\"name\":\"Accueil\",\"item\":\"https:\\\/\\\/www.info-algerie.com\\\/actualites\\\/\"},{\"@type\":\"ListItem\",\"position\":2,\"name\":\"Messahel s\u2019entretient \u00e0 Mascate avec son homologue omanais\"}]},{\"@type\":\"WebSite\",\"@id\":\"https:\\\/\\\/www.info-algerie.com\\\/actualites\\\/#website\",\"url\":\"https:\\\/\\\/www.info-algerie.com\\\/actualites\\\/\",\"name\":\"info algerie\",\"description\":\"Toutes les actualit\u00e9s\",\"publisher\":{\"@id\":\"https:\\\/\\\/www.info-algerie.com\\\/actualites\\\/#organization\"},\"potentialAction\":[{\"@type\":\"SearchAction\",\"target\":{\"@type\":\"EntryPoint\",\"urlTemplate\":\"https:\\\/\\\/www.info-algerie.com\\\/actualites\\\/?s={search_term_string}\"},\"query-input\":{\"@type\":\"PropertyValueSpecification\",\"valueRequired\":true,\"valueName\":\"search_term_string\"}}],\"inLanguage\":\"fr-FR\"},{\"@type\":\"Organization\",\"@id\":\"https:\\\/\\\/www.info-algerie.com\\\/actualites\\\/#organization\",\"name\":\"info algerie\",\"url\":\"https:\\\/\\\/www.info-algerie.com\\\/actualites\\\/\",\"logo\":{\"@type\":\"ImageObject\",\"inLanguage\":\"fr-FR\",\"@id\":\"https:\\\/\\\/www.info-algerie.com\\\/actualites\\\/#\\\/schema\\\/logo\\\/image\\\/\",\"url\":\"https:\\\/\\\/www.info-algerie.com\\\/actualites\\\/wp-content\\\/uploads\\\/2022\\\/07\\\/logo-ia-120.png\",\"contentUrl\":\"https:\\\/\\\/www.info-algerie.com\\\/actualites\\\/wp-content\\\/uploads\\\/2022\\\/07\\\/logo-ia-120.png\",\"width\":120,\"height\":43,\"caption\":\"info algerie\"},\"image\":{\"@id\":\"https:\\\/\\\/www.info-algerie.com\\\/actualites\\\/#\\\/schema\\\/logo\\\/image\\\/\"},\"sameAs\":[\"https:\\\/\\\/www.facebook.com\\\/infoalgerieactu\",\"https:\\\/\\\/x.com\\\/infoalgerie1\"]},{\"@type\":\"Person\",\"@id\":\"https:\\\/\\\/www.info-algerie.com\\\/actualites\\\/#\\\/schema\\\/person\\\/847aaec44920825b843a08f30ec6aa1e\",\"name\":\"La r\u00e9daction\",\"image\":{\"@type\":\"ImageObject\",\"inLanguage\":\"fr-FR\",\"@id\":\"https:\\\/\\\/secure.gravatar.com\\\/avatar\\\/769db425c6f465158149f1ffd6cf61ce7a8a879d11dfbef8288af36dfddd418c?s=96&d=mm&r=g\",\"url\":\"https:\\\/\\\/secure.gravatar.com\\\/avatar\\\/769db425c6f465158149f1ffd6cf61ce7a8a879d11dfbef8288af36dfddd418c?s=96&d=mm&r=g\",\"contentUrl\":\"https:\\\/\\\/secure.gravatar.com\\\/avatar\\\/769db425c6f465158149f1ffd6cf61ce7a8a879d11dfbef8288af36dfddd418c?s=96&d=mm&r=g\",\"caption\":\"La r\u00e9daction\"},\"sameAs\":[\"http:\\\/\\\/www.lkeria.com\\\/\"],\"url\":\"https:\\\/\\\/www.info-algerie.com\\\/actualites\\\/author\\\/chakib32\\\/\"}]}<\/script>\n<!-- \/ Yoast SEO plugin. -->","yoast_head_json":{"title":"Messahel s\u2019entretient \u00e0 Mascate avec son homologue omanais - info algerie","robots":{"index":"index","follow":"follow","max-snippet":"max-snippet:-1","max-image-preview":"max-image-preview:large","max-video-preview":"max-video-preview:-1"},"canonical":"https:\/\/www.info-algerie.com\/actualites\/messahel-sentretient-a-mascate-avec-son-homologue-omanais\/","og_locale":"fr_FR","og_type":"article","og_title":"Messahel s\u2019entretient \u00e0 Mascate avec son homologue omanais - info algerie","og_description":"ALGER &#8211; Le ministre des Affaires \u00e9trang\u00e8res, Abdelkader Messahel, s\u2019est entretenu, jeudi \u00e0 Mascate, avec son homologue omanais, Youcef Ben Alaoui Ben Abdallah, indique un communiqu\u00e9 du minist\u00e8re des Affaires \u00e9trang\u00e8res. &#013; &#013; Cette rencontre \u00ab\u00a0qui s\u2019inscrit dans le cadre de la consultation r\u00e9guli\u00e8re entre les deux pays, conform\u00e9ment aux directives du Pr\u00e9sident Abdelaziz Bouteflika","og_url":"https:\/\/www.info-algerie.com\/actualites\/messahel-sentretient-a-mascate-avec-son-homologue-omanais\/","og_site_name":"info algerie","article_publisher":"https:\/\/www.facebook.com\/infoalgerieactu","article_published_time":"2017-08-03T14:28:35+00:00","og_image":[{"width":280,"height":169,"url":"https:\/\/www.info-algerie.com\/actualites\/wp-content\/uploads\/2017\/08\/e5101d93ad7691fda4bf8be4654fe19d_S-1.jpg","type":"image\/jpeg"}],"author":"La r\u00e9daction","twitter_misc":{"\u00c9crit par":"La r\u00e9daction","Dur\u00e9e de lecture estim\u00e9e":"1 minute"},"schema":{"@context":"https:\/\/schema.org","@graph":[{"@type":"Article","@id":"https:\/\/www.info-algerie.com\/actualites\/messahel-sentretient-a-mascate-avec-son-homologue-omanais\/#article","isPartOf":{"@id":"https:\/\/www.info-algerie.com\/actualites\/messahel-sentretient-a-mascate-avec-son-homologue-omanais\/"},"author":{"name":"La r\u00e9daction","@id":"https:\/\/www.info-algerie.com\/actualites\/#\/schema\/person\/847aaec44920825b843a08f30ec6aa1e"},"headline":"Messahel s\u2019entretient \u00e0 Mascate avec son homologue omanais","datePublished":"2017-08-03T14:28:35+00:00","mainEntityOfPage":{"@id":"https:\/\/www.info-algerie.com\/actualites\/messahel-sentretient-a-mascate-avec-son-homologue-omanais\/"},"wordCount":279,"commentCount":0,"publisher":{"@id":"https:\/\/www.info-algerie.com\/actualites\/#organization"},"image":{"@id":"https:\/\/www.info-algerie.com\/actualites\/messahel-sentretient-a-mascate-avec-son-homologue-omanais\/#primaryimage"},"thumbnailUrl":"https:\/\/www.info-algerie.com\/actualites\/wp-content\/uploads\/2017\/08\/e5101d93ad7691fda4bf8be4654fe19d_S-1.jpg","keywords":["ONU"],"articleSection":["infos"],"inLanguage":"fr-FR","potentialAction":[{"@type":"CommentAction","name":"Comment","target":["https:\/\/www.info-algerie.com\/actualites\/messahel-sentretient-a-mascate-avec-son-homologue-omanais\/#respond"]}]},{"@type":"WebPage","@id":"https:\/\/www.info-algerie.com\/actualites\/messahel-sentretient-a-mascate-avec-son-homologue-omanais\/","url":"https:\/\/www.info-algerie.com\/actualites\/messahel-sentretient-a-mascate-avec-son-homologue-omanais\/","name":"Messahel s\u2019entretient \u00e0 Mascate avec son homologue omanais - info algerie","isPartOf":{"@id":"https:\/\/www.info-algerie.com\/actualites\/#website"},"primaryImageOfPage":{"@id":"https:\/\/www.info-algerie.com\/actualites\/messahel-sentretient-a-mascate-avec-son-homologue-omanais\/#primaryimage"},"image":{"@id":"https:\/\/www.info-algerie.com\/actualites\/messahel-sentretient-a-mascate-avec-son-homologue-omanais\/#primaryimage"},"thumbnailUrl":"https:\/\/www.info-algerie.com\/actualites\/wp-content\/uploads\/2017\/08\/e5101d93ad7691fda4bf8be4654fe19d_S-1.jpg","datePublished":"2017-08-03T14:28:35+00:00","breadcrumb":{"@id":"https:\/\/www.info-algerie.com\/actualites\/messahel-sentretient-a-mascate-avec-son-homologue-omanais\/#breadcrumb"},"inLanguage":"fr-FR","potentialAction":[{"@type":"ReadAction","target":["https:\/\/www.info-algerie.com\/actualites\/messahel-sentretient-a-mascate-avec-son-homologue-omanais\/"]}]},{"@type":"ImageObject","inLanguage":"fr-FR","@id":"https:\/\/www.info-algerie.com\/actualites\/messahel-sentretient-a-mascate-avec-son-homologue-omanais\/#primaryimage","url":"https:\/\/www.info-algerie.com\/actualites\/wp-content\/uploads\/2017\/08\/e5101d93ad7691fda4bf8be4654fe19d_S-1.jpg","contentUrl":"https:\/\/www.info-algerie.com\/actualites\/wp-content\/uploads\/2017\/08\/e5101d93ad7691fda4bf8be4654fe19d_S-1.jpg","width":280,"height":169},{"@type":"BreadcrumbList","@id":"https:\/\/www.info-algerie.com\/actualites\/messahel-sentretient-a-mascate-avec-son-homologue-omanais\/#breadcrumb","itemListElement":[{"@type":"ListItem","position":1,"name":"Accueil","item":"https:\/\/www.info-algerie.com\/actualites\/"},{"@type":"ListItem","position":2,"name":"Messahel s\u2019entretient \u00e0 Mascate avec son homologue omanais"}]},{"@type":"WebSite","@id":"https:\/\/www.info-algerie.com\/actualites\/#website","url":"https:\/\/www.info-algerie.com\/actualites\/","name":"info algerie","description":"Toutes les actualit\u00e9s","publisher":{"@id":"https:\/\/www.info-algerie.com\/actualites\/#organization"},"potentialAction":[{"@type":"SearchAction","target":{"@type":"EntryPoint","urlTemplate":"https:\/\/www.info-algerie.com\/actualites\/?s={search_term_string}"},"query-input":{"@type":"PropertyValueSpecification","valueRequired":true,"valueName":"search_term_string"}}],"inLanguage":"fr-FR"},{"@type":"Organization","@id":"https:\/\/www.info-algerie.com\/actualites\/#organization","name":"info algerie","url":"https:\/\/www.info-algerie.com\/actualites\/","logo":{"@type":"ImageObject","inLanguage":"fr-FR","@id":"https:\/\/www.info-algerie.com\/actualites\/#\/schema\/logo\/image\/","url":"https:\/\/www.info-algerie.com\/actualites\/wp-content\/uploads\/2022\/07\/logo-ia-120.png","contentUrl":"https:\/\/www.info-algerie.com\/actualites\/wp-content\/uploads\/2022\/07\/logo-ia-120.png","width":120,"height":43,"caption":"info algerie"},"image":{"@id":"https:\/\/www.info-algerie.com\/actualites\/#\/schema\/logo\/image\/"},"sameAs":["https:\/\/www.facebook.com\/infoalgerieactu","https:\/\/x.com\/infoalgerie1"]},{"@type":"Person","@id":"https:\/\/www.info-algerie.com\/actualites\/#\/schema\/person\/847aaec44920825b843a08f30ec6aa1e","name":"La r\u00e9daction","image":{"@type":"ImageObject","inLanguage":"fr-FR","@id":"https:\/\/secure.gravatar.com\/avatar\/769db425c6f465158149f1ffd6cf61ce7a8a879d11dfbef8288af36dfddd418c?s=96&d=mm&r=g","url":"https:\/\/secure.gravatar.com\/avatar\/769db425c6f465158149f1ffd6cf61ce7a8a879d11dfbef8288af36dfddd418c?s=96&d=mm&r=g","contentUrl":"https:\/\/secure.gravatar.com\/avatar\/769db425c6f465158149f1ffd6cf61ce7a8a879d11dfbef8288af36dfddd418c?s=96&d=mm&r=g","caption":"La r\u00e9daction"},"sameAs":["http:\/\/www.lkeria.com\/"],"url":"https:\/\/www.info-algerie.com\/actualites\/author\/chakib32\/"}]}},"_links":{"self":[{"href":"https:\/\/www.info-algerie.com\/actualites\/wp-json\/wp\/v2\/posts\/14736","targetHints":{"allow":["GET"]}}],"collection":[{"href":"https:\/\/www.info-algerie.com\/actualites\/wp-json\/wp\/v2\/posts"}],"about":[{"href":"https:\/\/www.info-algerie.com\/actualites\/wp-json\/wp\/v2\/types\/post"}],"author":[{"embeddable":true,"href":"https:\/\/www.info-algerie.com\/actualites\/wp-json\/wp\/v2\/users\/6"}],"replies":[{"embeddable":true,"href":"https:\/\/www.info-algerie.com\/actualites\/wp-json\/wp\/v2\/comments?post=14736"}],"version-history":[{"count":0,"href":"https:\/\/www.info-algerie.com\/actualites\/wp-json\/wp\/v2\/posts\/14736\/revisions"}],"wp:featuredmedia":[{"embeddable":true,"href":"https:\/\/www.info-algerie.com\/actualites\/wp-json\/wp\/v2\/media\/14737"}],"wp:attachment":[{"href":"https:\/\/www.info-algerie.com\/actualites\/wp-json\/wp\/v2\/media?parent=14736"}],"wp:term":[{"taxonomy":"category","embeddable":true,"href":"https:\/\/www.info-algerie.com\/actualites\/wp-json\/wp\/v2\/categories?post=14736"},{"taxonomy":"post_tag","embeddable":true,"href":"https:\/\/www.info-algerie.com\/actualites\/wp-json\/wp\/v2\/tags?post=14736"}],"curies":[{"name":"wp","href":"https:\/\/api.w.org\/{rel}","templated":true}]}}