{"id":14739,"date":"2017-08-03T17:19:42","date_gmt":"2017-08-03T16:19:42","guid":{"rendered":"http:\/\/www.info-algerie.com\/actualites\/formation-des-journalistes-kaouane-examine-avec-lambassadeur-de-france-le-renforcement-de-la-cooperation\/"},"modified":"2017-08-03T17:19:42","modified_gmt":"2017-08-03T16:19:42","slug":"formation-des-journalistes-kaouane-examine-avec-lambassadeur-de-france-le-renforcement-de-la-cooperation","status":"publish","type":"post","link":"https:\/\/www.info-algerie.com\/actualites\/formation-des-journalistes-kaouane-examine-avec-lambassadeur-de-france-le-renforcement-de-la-cooperation\/","title":{"rendered":"Formation des journalistes: Kaouane examine avec l&#039;ambassadeur de France le renforcement de la coop\u00e9ration"},"content":{"rendered":"<div class=\"K2FeedImage\"><img decoding=\"async\" src=\"https:\/\/www.info-algerie.com\/actualites\/wp-content\/uploads\/2017\/08\/e6e022c01fd7bd242de881482ca36974_S.jpg\" alt=\"Formation des journalistes: Kaouane examine avec l'ambassadeur de France le renforcement de la coop&#xE9;ration\" \/><\/div>\n<div class=\"K2FeedIntroText\">\n<p>ALGER &#8211; Le ministre de la Communication, Djamel Kaouane, a re\u00e7u jeudi l&rsquo;ambassadeur de France \u00e0 Alger, Xavier Driencourt, avec lequel il a examin\u00e9 les moyens de renforcer la coop\u00e9ration bilat\u00e9rale dans le secteur de la communication notamment la formation des journalistes, indique un communiqu\u00e9 du minist\u00e8re.<\/p>\n<p>&#013;\n<\/p><\/div>\n<div class=\"K2FeedFullText\">&#013;<\/p>\n<p>L&rsquo;audience s&rsquo;est focalis\u00e9e sur la \u00ab\u00a0n\u00e9cessit\u00e9 d&rsquo;impulser une nouvelle dynamique en mati\u00e8re de coop\u00e9ration entre les deux pays dans le domaine de la formation des journalistes\u00a0\u00bb, M. Kaouane ayant \u00ab\u00a0\u00e9mis le souhait de relancer ce volet des \u00e9changes en mettant \u00e0 profit les accords-cadres qui ont d\u00e9j\u00e0 \u00e9t\u00e9 sign\u00e9s\u00a0\u00bb, pr\u00e9cise le communiqu\u00e9.<\/p>\n<p>&#013;<\/p>\n<p>Pour sa part, M. Driencourt, \u00ab\u00a0tout en rappelant l&rsquo;initiation d&rsquo;op\u00e9rations ponctuelles de formation, a convenu qu&rsquo;elles doivent se poursuivre selon les engagements d\u00e9j\u00e0 pris sur le plan institutionnel, et a parl\u00e9 de volont\u00e9 de diversification de la formation dans plusieurs domaines inh\u00e9rents \u00e0 la communication et \u00e0 l&rsquo;information, que ce soit dans la presse \u00e9crite, l&rsquo;audiovisuel ou l&rsquo;univers num\u00e9rique\u00a0\u00bb, ajoute le m\u00eame source.<\/p>\n<p>&#013;<\/p>\n<p>Les deux parties ont, \u00e0 ce titre, \u00ab\u00a0convenu que l&rsquo;Universit\u00e9 et les instituts sp\u00e9cialis\u00e9s auront, en la mati\u00e8re, un r\u00f4le important \u00e0 jouer\u00a0\u00bb.<\/p>\n<p>&#013;<\/p>\n<p>Rappelant, par ailleurs, l'\u00a0\u00bbimportante\u00a0\u00bb demande en formation qui s&rsquo;exprime, dans diff\u00e9rents domaines d&rsquo;expertise journalistique et technique, \u00e0 la Radio et \u00e0 la T\u00e9l\u00e9vision, le ministre s&rsquo;est dit \u00ab\u00a0optimiste et confiant quant \u00e0 la somme des actions qui peuvent se concr\u00e9tiser, dans ce cadre, entre les deux pays\u00a0\u00bb, cela surtout, a-t-il not\u00e9, que \u00ab\u00a0le cadre\u00a0 institutionnel a d\u00e9j\u00e0 \u00e9t\u00e9 pr\u00e9par\u00e9 avec la somme des accords sectoriels et des accords et protocoles interentreprises\u00a0\u00bb.<\/p>\n<p>&#013;<\/p>\n<p>\u00ab\u00a0Les questions de r\u00e9gulation audiovisuelle et de mise \u00e0 niveau num\u00e9rique ont \u00e9t\u00e9 \u00e9galement abord\u00e9es durant cette rencontre, qui pourraient, selon une perception commune, profiter d&rsquo;une volont\u00e9 tr\u00e8s forte de coop\u00e9ration entre les deux pays\u00a0\u00bb, rel\u00e8ve le communiqu\u00e9.<\/p>\n<p>&#013;<\/p>\n<p class=\"MsoNormal\">M. Kaouane a tenu, en outre, \u00e0 \u00ab\u00a0porter \u00e0 la connaissance de l&rsquo;ambassadeur les attentes des journalistes alg\u00e9riens concernant la prise en charge des visas et leur souhait de voir optimiser les d\u00e9lais de traitement de leurs dossiers\u00a0\u00bb, souligne la m\u00eame source.<\/p>\n<\/div>\n<p>&#013;<br \/>\nSource: <a href=\"http:\/\/www.aps.dz\/algerie\/61394-formation-des-journalistes-kaouane-examine-avec-l-ambassadeur-de-france-le-renforcement-de-la-cooperation\" target=\"_blank\">Formation des journalistes: Kaouane examine avec l&rsquo;ambassadeur de France le renforcement de la coop\u00e9ration<\/a><\/p>\n<!--CusAds0-->\n<div style=\"font-size: 0px; height: 0px; line-height: 0px; margin: 0; padding: 0; clear: both;\"><\/div>","protected":false},"excerpt":{"rendered":"<p>ALGER &#8211; Le ministre de la Communication, Djamel Kaouane, a re\u00e7u jeudi l&rsquo;ambassadeur de France \u00e0 Alger, Xavier Driencourt, avec lequel il a examin\u00e9 les moyens de renforcer la coop\u00e9ration bilat\u00e9rale dans le secteur de la communication notamment la formation des journalistes, indique un communiqu\u00e9 du minist\u00e8re. &#013; &#013; L&rsquo;audience s&rsquo;est focalis\u00e9e sur la \u00ab\u00a0n\u00e9cessit\u00e9<\/p>\n","protected":false},"author":6,"featured_media":14740,"comment_status":"open","ping_status":"open","sticky":false,"template":"","format":"standard","meta":{"footnotes":""},"categories":[22],"tags":[93],"class_list":["post-14739","post","type-post","status-publish","format-standard","has-post-thumbnail","hentry","category-infos","tag-onu"],"yoast_head":"<!-- This site is optimized with the Yoast SEO plugin v27.5 - https:\/\/yoast.com\/product\/yoast-seo-wordpress\/ -->\n<title>Formation des journalistes: Kaouane examine avec l&#039;ambassadeur de France le renforcement de la coop\u00e9ration - info algerie<\/title>\n<meta name=\"robots\" content=\"index, follow, max-snippet:-1, max-image-preview:large, max-video-preview:-1\" \/>\n<link rel=\"canonical\" href=\"https:\/\/www.info-algerie.com\/actualites\/formation-des-journalistes-kaouane-examine-avec-lambassadeur-de-france-le-renforcement-de-la-cooperation\/\" \/>\n<meta property=\"og:locale\" content=\"fr_FR\" \/>\n<meta property=\"og:type\" content=\"article\" \/>\n<meta property=\"og:title\" content=\"Formation des journalistes: Kaouane examine avec l&#039;ambassadeur de France le renforcement de la coop\u00e9ration - info algerie\" \/>\n<meta property=\"og:description\" content=\"ALGER &#8211; Le ministre de la Communication, Djamel Kaouane, a re\u00e7u jeudi l&rsquo;ambassadeur de France \u00e0 Alger, Xavier Driencourt, avec lequel il a examin\u00e9 les moyens de renforcer la coop\u00e9ration bilat\u00e9rale dans le secteur de la communication notamment la formation des journalistes, indique un communiqu\u00e9 du minist\u00e8re. &#013; &#013; L&rsquo;audience s&rsquo;est focalis\u00e9e sur la \u00ab\u00a0n\u00e9cessit\u00e9\" \/>\n<meta property=\"og:url\" content=\"https:\/\/www.info-algerie.com\/actualites\/formation-des-journalistes-kaouane-examine-avec-lambassadeur-de-france-le-renforcement-de-la-cooperation\/\" \/>\n<meta property=\"og:site_name\" content=\"info algerie\" \/>\n<meta property=\"article:publisher\" content=\"https:\/\/www.facebook.com\/infoalgerieactu\" \/>\n<meta property=\"article:published_time\" content=\"2017-08-03T16:19:42+00:00\" \/>\n<meta property=\"og:image\" content=\"https:\/\/www.info-algerie.com\/actualites\/wp-content\/uploads\/2017\/08\/e6e022c01fd7bd242de881482ca36974_S-1.jpg\" \/>\n\t<meta property=\"og:image:width\" content=\"280\" \/>\n\t<meta property=\"og:image:height\" content=\"169\" \/>\n\t<meta property=\"og:image:type\" content=\"image\/jpeg\" \/>\n<meta name=\"author\" content=\"La r\u00e9daction\" \/>\n<meta name=\"twitter:label1\" content=\"\u00c9crit par\" \/>\n\t<meta name=\"twitter:data1\" content=\"La r\u00e9daction\" \/>\n\t<meta name=\"twitter:label2\" content=\"Dur\u00e9e de lecture estim\u00e9e\" \/>\n\t<meta name=\"twitter:data2\" content=\"2 minutes\" \/>\n<script type=\"application\/ld+json\" class=\"yoast-schema-graph\">{\"@context\":\"https:\\\/\\\/schema.org\",\"@graph\":[{\"@type\":\"Article\",\"@id\":\"https:\\\/\\\/www.info-algerie.com\\\/actualites\\\/formation-des-journalistes-kaouane-examine-avec-lambassadeur-de-france-le-renforcement-de-la-cooperation\\\/#article\",\"isPartOf\":{\"@id\":\"https:\\\/\\\/www.info-algerie.com\\\/actualites\\\/formation-des-journalistes-kaouane-examine-avec-lambassadeur-de-france-le-renforcement-de-la-cooperation\\\/\"},\"author\":{\"name\":\"La r\u00e9daction\",\"@id\":\"https:\\\/\\\/www.info-algerie.com\\\/actualites\\\/#\\\/schema\\\/person\\\/847aaec44920825b843a08f30ec6aa1e\"},\"headline\":\"Formation des journalistes: Kaouane examine avec l&#039;ambassadeur de France le renforcement de la coop\u00e9ration\",\"datePublished\":\"2017-08-03T16:19:42+00:00\",\"mainEntityOfPage\":{\"@id\":\"https:\\\/\\\/www.info-algerie.com\\\/actualites\\\/formation-des-journalistes-kaouane-examine-avec-lambassadeur-de-france-le-renforcement-de-la-cooperation\\\/\"},\"wordCount\":409,\"commentCount\":0,\"publisher\":{\"@id\":\"https:\\\/\\\/www.info-algerie.com\\\/actualites\\\/#organization\"},\"image\":{\"@id\":\"https:\\\/\\\/www.info-algerie.com\\\/actualites\\\/formation-des-journalistes-kaouane-examine-avec-lambassadeur-de-france-le-renforcement-de-la-cooperation\\\/#primaryimage\"},\"thumbnailUrl\":\"https:\\\/\\\/www.info-algerie.com\\\/actualites\\\/wp-content\\\/uploads\\\/2017\\\/08\\\/e6e022c01fd7bd242de881482ca36974_S-1.jpg\",\"keywords\":[\"ONU\"],\"articleSection\":[\"infos\"],\"inLanguage\":\"fr-FR\",\"potentialAction\":[{\"@type\":\"CommentAction\",\"name\":\"Comment\",\"target\":[\"https:\\\/\\\/www.info-algerie.com\\\/actualites\\\/formation-des-journalistes-kaouane-examine-avec-lambassadeur-de-france-le-renforcement-de-la-cooperation\\\/#respond\"]}]},{\"@type\":\"WebPage\",\"@id\":\"https:\\\/\\\/www.info-algerie.com\\\/actualites\\\/formation-des-journalistes-kaouane-examine-avec-lambassadeur-de-france-le-renforcement-de-la-cooperation\\\/\",\"url\":\"https:\\\/\\\/www.info-algerie.com\\\/actualites\\\/formation-des-journalistes-kaouane-examine-avec-lambassadeur-de-france-le-renforcement-de-la-cooperation\\\/\",\"name\":\"Formation des journalistes: Kaouane examine avec l&#039;ambassadeur de France le renforcement de la coop\u00e9ration - info algerie\",\"isPartOf\":{\"@id\":\"https:\\\/\\\/www.info-algerie.com\\\/actualites\\\/#website\"},\"primaryImageOfPage\":{\"@id\":\"https:\\\/\\\/www.info-algerie.com\\\/actualites\\\/formation-des-journalistes-kaouane-examine-avec-lambassadeur-de-france-le-renforcement-de-la-cooperation\\\/#primaryimage\"},\"image\":{\"@id\":\"https:\\\/\\\/www.info-algerie.com\\\/actualites\\\/formation-des-journalistes-kaouane-examine-avec-lambassadeur-de-france-le-renforcement-de-la-cooperation\\\/#primaryimage\"},\"thumbnailUrl\":\"https:\\\/\\\/www.info-algerie.com\\\/actualites\\\/wp-content\\\/uploads\\\/2017\\\/08\\\/e6e022c01fd7bd242de881482ca36974_S-1.jpg\",\"datePublished\":\"2017-08-03T16:19:42+00:00\",\"breadcrumb\":{\"@id\":\"https:\\\/\\\/www.info-algerie.com\\\/actualites\\\/formation-des-journalistes-kaouane-examine-avec-lambassadeur-de-france-le-renforcement-de-la-cooperation\\\/#breadcrumb\"},\"inLanguage\":\"fr-FR\",\"potentialAction\":[{\"@type\":\"ReadAction\",\"target\":[\"https:\\\/\\\/www.info-algerie.com\\\/actualites\\\/formation-des-journalistes-kaouane-examine-avec-lambassadeur-de-france-le-renforcement-de-la-cooperation\\\/\"]}]},{\"@type\":\"ImageObject\",\"inLanguage\":\"fr-FR\",\"@id\":\"https:\\\/\\\/www.info-algerie.com\\\/actualites\\\/formation-des-journalistes-kaouane-examine-avec-lambassadeur-de-france-le-renforcement-de-la-cooperation\\\/#primaryimage\",\"url\":\"https:\\\/\\\/www.info-algerie.com\\\/actualites\\\/wp-content\\\/uploads\\\/2017\\\/08\\\/e6e022c01fd7bd242de881482ca36974_S-1.jpg\",\"contentUrl\":\"https:\\\/\\\/www.info-algerie.com\\\/actualites\\\/wp-content\\\/uploads\\\/2017\\\/08\\\/e6e022c01fd7bd242de881482ca36974_S-1.jpg\",\"width\":280,\"height\":169},{\"@type\":\"BreadcrumbList\",\"@id\":\"https:\\\/\\\/www.info-algerie.com\\\/actualites\\\/formation-des-journalistes-kaouane-examine-avec-lambassadeur-de-france-le-renforcement-de-la-cooperation\\\/#breadcrumb\",\"itemListElement\":[{\"@type\":\"ListItem\",\"position\":1,\"name\":\"Accueil\",\"item\":\"https:\\\/\\\/www.info-algerie.com\\\/actualites\\\/\"},{\"@type\":\"ListItem\",\"position\":2,\"name\":\"Formation des journalistes: Kaouane examine avec l&#039;ambassadeur de France le renforcement de la coop\u00e9ration\"}]},{\"@type\":\"WebSite\",\"@id\":\"https:\\\/\\\/www.info-algerie.com\\\/actualites\\\/#website\",\"url\":\"https:\\\/\\\/www.info-algerie.com\\\/actualites\\\/\",\"name\":\"info algerie\",\"description\":\"Toutes les actualit\u00e9s\",\"publisher\":{\"@id\":\"https:\\\/\\\/www.info-algerie.com\\\/actualites\\\/#organization\"},\"potentialAction\":[{\"@type\":\"SearchAction\",\"target\":{\"@type\":\"EntryPoint\",\"urlTemplate\":\"https:\\\/\\\/www.info-algerie.com\\\/actualites\\\/?s={search_term_string}\"},\"query-input\":{\"@type\":\"PropertyValueSpecification\",\"valueRequired\":true,\"valueName\":\"search_term_string\"}}],\"inLanguage\":\"fr-FR\"},{\"@type\":\"Organization\",\"@id\":\"https:\\\/\\\/www.info-algerie.com\\\/actualites\\\/#organization\",\"name\":\"info algerie\",\"url\":\"https:\\\/\\\/www.info-algerie.com\\\/actualites\\\/\",\"logo\":{\"@type\":\"ImageObject\",\"inLanguage\":\"fr-FR\",\"@id\":\"https:\\\/\\\/www.info-algerie.com\\\/actualites\\\/#\\\/schema\\\/logo\\\/image\\\/\",\"url\":\"https:\\\/\\\/www.info-algerie.com\\\/actualites\\\/wp-content\\\/uploads\\\/2022\\\/07\\\/logo-ia-120.png\",\"contentUrl\":\"https:\\\/\\\/www.info-algerie.com\\\/actualites\\\/wp-content\\\/uploads\\\/2022\\\/07\\\/logo-ia-120.png\",\"width\":120,\"height\":43,\"caption\":\"info algerie\"},\"image\":{\"@id\":\"https:\\\/\\\/www.info-algerie.com\\\/actualites\\\/#\\\/schema\\\/logo\\\/image\\\/\"},\"sameAs\":[\"https:\\\/\\\/www.facebook.com\\\/infoalgerieactu\",\"https:\\\/\\\/x.com\\\/infoalgerie1\"]},{\"@type\":\"Person\",\"@id\":\"https:\\\/\\\/www.info-algerie.com\\\/actualites\\\/#\\\/schema\\\/person\\\/847aaec44920825b843a08f30ec6aa1e\",\"name\":\"La r\u00e9daction\",\"image\":{\"@type\":\"ImageObject\",\"inLanguage\":\"fr-FR\",\"@id\":\"https:\\\/\\\/secure.gravatar.com\\\/avatar\\\/769db425c6f465158149f1ffd6cf61ce7a8a879d11dfbef8288af36dfddd418c?s=96&d=mm&r=g\",\"url\":\"https:\\\/\\\/secure.gravatar.com\\\/avatar\\\/769db425c6f465158149f1ffd6cf61ce7a8a879d11dfbef8288af36dfddd418c?s=96&d=mm&r=g\",\"contentUrl\":\"https:\\\/\\\/secure.gravatar.com\\\/avatar\\\/769db425c6f465158149f1ffd6cf61ce7a8a879d11dfbef8288af36dfddd418c?s=96&d=mm&r=g\",\"caption\":\"La r\u00e9daction\"},\"sameAs\":[\"http:\\\/\\\/www.lkeria.com\\\/\"],\"url\":\"https:\\\/\\\/www.info-algerie.com\\\/actualites\\\/author\\\/chakib32\\\/\"}]}<\/script>\n<!-- \/ Yoast SEO plugin. -->","yoast_head_json":{"title":"Formation des journalistes: Kaouane examine avec l&#039;ambassadeur de France le renforcement de la coop\u00e9ration - info algerie","robots":{"index":"index","follow":"follow","max-snippet":"max-snippet:-1","max-image-preview":"max-image-preview:large","max-video-preview":"max-video-preview:-1"},"canonical":"https:\/\/www.info-algerie.com\/actualites\/formation-des-journalistes-kaouane-examine-avec-lambassadeur-de-france-le-renforcement-de-la-cooperation\/","og_locale":"fr_FR","og_type":"article","og_title":"Formation des journalistes: Kaouane examine avec l&#039;ambassadeur de France le renforcement de la coop\u00e9ration - info algerie","og_description":"ALGER &#8211; Le ministre de la Communication, Djamel Kaouane, a re\u00e7u jeudi l&rsquo;ambassadeur de France \u00e0 Alger, Xavier Driencourt, avec lequel il a examin\u00e9 les moyens de renforcer la coop\u00e9ration bilat\u00e9rale dans le secteur de la communication notamment la formation des journalistes, indique un communiqu\u00e9 du minist\u00e8re. &#013; &#013; L&rsquo;audience s&rsquo;est focalis\u00e9e sur la \u00ab\u00a0n\u00e9cessit\u00e9","og_url":"https:\/\/www.info-algerie.com\/actualites\/formation-des-journalistes-kaouane-examine-avec-lambassadeur-de-france-le-renforcement-de-la-cooperation\/","og_site_name":"info algerie","article_publisher":"https:\/\/www.facebook.com\/infoalgerieactu","article_published_time":"2017-08-03T16:19:42+00:00","og_image":[{"width":280,"height":169,"url":"https:\/\/www.info-algerie.com\/actualites\/wp-content\/uploads\/2017\/08\/e6e022c01fd7bd242de881482ca36974_S-1.jpg","type":"image\/jpeg"}],"author":"La r\u00e9daction","twitter_misc":{"\u00c9crit par":"La r\u00e9daction","Dur\u00e9e de lecture estim\u00e9e":"2 minutes"},"schema":{"@context":"https:\/\/schema.org","@graph":[{"@type":"Article","@id":"https:\/\/www.info-algerie.com\/actualites\/formation-des-journalistes-kaouane-examine-avec-lambassadeur-de-france-le-renforcement-de-la-cooperation\/#article","isPartOf":{"@id":"https:\/\/www.info-algerie.com\/actualites\/formation-des-journalistes-kaouane-examine-avec-lambassadeur-de-france-le-renforcement-de-la-cooperation\/"},"author":{"name":"La r\u00e9daction","@id":"https:\/\/www.info-algerie.com\/actualites\/#\/schema\/person\/847aaec44920825b843a08f30ec6aa1e"},"headline":"Formation des journalistes: Kaouane examine avec l&#039;ambassadeur de France le renforcement de la coop\u00e9ration","datePublished":"2017-08-03T16:19:42+00:00","mainEntityOfPage":{"@id":"https:\/\/www.info-algerie.com\/actualites\/formation-des-journalistes-kaouane-examine-avec-lambassadeur-de-france-le-renforcement-de-la-cooperation\/"},"wordCount":409,"commentCount":0,"publisher":{"@id":"https:\/\/www.info-algerie.com\/actualites\/#organization"},"image":{"@id":"https:\/\/www.info-algerie.com\/actualites\/formation-des-journalistes-kaouane-examine-avec-lambassadeur-de-france-le-renforcement-de-la-cooperation\/#primaryimage"},"thumbnailUrl":"https:\/\/www.info-algerie.com\/actualites\/wp-content\/uploads\/2017\/08\/e6e022c01fd7bd242de881482ca36974_S-1.jpg","keywords":["ONU"],"articleSection":["infos"],"inLanguage":"fr-FR","potentialAction":[{"@type":"CommentAction","name":"Comment","target":["https:\/\/www.info-algerie.com\/actualites\/formation-des-journalistes-kaouane-examine-avec-lambassadeur-de-france-le-renforcement-de-la-cooperation\/#respond"]}]},{"@type":"WebPage","@id":"https:\/\/www.info-algerie.com\/actualites\/formation-des-journalistes-kaouane-examine-avec-lambassadeur-de-france-le-renforcement-de-la-cooperation\/","url":"https:\/\/www.info-algerie.com\/actualites\/formation-des-journalistes-kaouane-examine-avec-lambassadeur-de-france-le-renforcement-de-la-cooperation\/","name":"Formation des journalistes: Kaouane examine avec l&#039;ambassadeur de France le renforcement de la coop\u00e9ration - info algerie","isPartOf":{"@id":"https:\/\/www.info-algerie.com\/actualites\/#website"},"primaryImageOfPage":{"@id":"https:\/\/www.info-algerie.com\/actualites\/formation-des-journalistes-kaouane-examine-avec-lambassadeur-de-france-le-renforcement-de-la-cooperation\/#primaryimage"},"image":{"@id":"https:\/\/www.info-algerie.com\/actualites\/formation-des-journalistes-kaouane-examine-avec-lambassadeur-de-france-le-renforcement-de-la-cooperation\/#primaryimage"},"thumbnailUrl":"https:\/\/www.info-algerie.com\/actualites\/wp-content\/uploads\/2017\/08\/e6e022c01fd7bd242de881482ca36974_S-1.jpg","datePublished":"2017-08-03T16:19:42+00:00","breadcrumb":{"@id":"https:\/\/www.info-algerie.com\/actualites\/formation-des-journalistes-kaouane-examine-avec-lambassadeur-de-france-le-renforcement-de-la-cooperation\/#breadcrumb"},"inLanguage":"fr-FR","potentialAction":[{"@type":"ReadAction","target":["https:\/\/www.info-algerie.com\/actualites\/formation-des-journalistes-kaouane-examine-avec-lambassadeur-de-france-le-renforcement-de-la-cooperation\/"]}]},{"@type":"ImageObject","inLanguage":"fr-FR","@id":"https:\/\/www.info-algerie.com\/actualites\/formation-des-journalistes-kaouane-examine-avec-lambassadeur-de-france-le-renforcement-de-la-cooperation\/#primaryimage","url":"https:\/\/www.info-algerie.com\/actualites\/wp-content\/uploads\/2017\/08\/e6e022c01fd7bd242de881482ca36974_S-1.jpg","contentUrl":"https:\/\/www.info-algerie.com\/actualites\/wp-content\/uploads\/2017\/08\/e6e022c01fd7bd242de881482ca36974_S-1.jpg","width":280,"height":169},{"@type":"BreadcrumbList","@id":"https:\/\/www.info-algerie.com\/actualites\/formation-des-journalistes-kaouane-examine-avec-lambassadeur-de-france-le-renforcement-de-la-cooperation\/#breadcrumb","itemListElement":[{"@type":"ListItem","position":1,"name":"Accueil","item":"https:\/\/www.info-algerie.com\/actualites\/"},{"@type":"ListItem","position":2,"name":"Formation des journalistes: Kaouane examine avec l&#039;ambassadeur de France le renforcement de la coop\u00e9ration"}]},{"@type":"WebSite","@id":"https:\/\/www.info-algerie.com\/actualites\/#website","url":"https:\/\/www.info-algerie.com\/actualites\/","name":"info algerie","description":"Toutes les actualit\u00e9s","publisher":{"@id":"https:\/\/www.info-algerie.com\/actualites\/#organization"},"potentialAction":[{"@type":"SearchAction","target":{"@type":"EntryPoint","urlTemplate":"https:\/\/www.info-algerie.com\/actualites\/?s={search_term_string}"},"query-input":{"@type":"PropertyValueSpecification","valueRequired":true,"valueName":"search_term_string"}}],"inLanguage":"fr-FR"},{"@type":"Organization","@id":"https:\/\/www.info-algerie.com\/actualites\/#organization","name":"info algerie","url":"https:\/\/www.info-algerie.com\/actualites\/","logo":{"@type":"ImageObject","inLanguage":"fr-FR","@id":"https:\/\/www.info-algerie.com\/actualites\/#\/schema\/logo\/image\/","url":"https:\/\/www.info-algerie.com\/actualites\/wp-content\/uploads\/2022\/07\/logo-ia-120.png","contentUrl":"https:\/\/www.info-algerie.com\/actualites\/wp-content\/uploads\/2022\/07\/logo-ia-120.png","width":120,"height":43,"caption":"info algerie"},"image":{"@id":"https:\/\/www.info-algerie.com\/actualites\/#\/schema\/logo\/image\/"},"sameAs":["https:\/\/www.facebook.com\/infoalgerieactu","https:\/\/x.com\/infoalgerie1"]},{"@type":"Person","@id":"https:\/\/www.info-algerie.com\/actualites\/#\/schema\/person\/847aaec44920825b843a08f30ec6aa1e","name":"La r\u00e9daction","image":{"@type":"ImageObject","inLanguage":"fr-FR","@id":"https:\/\/secure.gravatar.com\/avatar\/769db425c6f465158149f1ffd6cf61ce7a8a879d11dfbef8288af36dfddd418c?s=96&d=mm&r=g","url":"https:\/\/secure.gravatar.com\/avatar\/769db425c6f465158149f1ffd6cf61ce7a8a879d11dfbef8288af36dfddd418c?s=96&d=mm&r=g","contentUrl":"https:\/\/secure.gravatar.com\/avatar\/769db425c6f465158149f1ffd6cf61ce7a8a879d11dfbef8288af36dfddd418c?s=96&d=mm&r=g","caption":"La r\u00e9daction"},"sameAs":["http:\/\/www.lkeria.com\/"],"url":"https:\/\/www.info-algerie.com\/actualites\/author\/chakib32\/"}]}},"_links":{"self":[{"href":"https:\/\/www.info-algerie.com\/actualites\/wp-json\/wp\/v2\/posts\/14739","targetHints":{"allow":["GET"]}}],"collection":[{"href":"https:\/\/www.info-algerie.com\/actualites\/wp-json\/wp\/v2\/posts"}],"about":[{"href":"https:\/\/www.info-algerie.com\/actualites\/wp-json\/wp\/v2\/types\/post"}],"author":[{"embeddable":true,"href":"https:\/\/www.info-algerie.com\/actualites\/wp-json\/wp\/v2\/users\/6"}],"replies":[{"embeddable":true,"href":"https:\/\/www.info-algerie.com\/actualites\/wp-json\/wp\/v2\/comments?post=14739"}],"version-history":[{"count":0,"href":"https:\/\/www.info-algerie.com\/actualites\/wp-json\/wp\/v2\/posts\/14739\/revisions"}],"wp:featuredmedia":[{"embeddable":true,"href":"https:\/\/www.info-algerie.com\/actualites\/wp-json\/wp\/v2\/media\/14740"}],"wp:attachment":[{"href":"https:\/\/www.info-algerie.com\/actualites\/wp-json\/wp\/v2\/media?parent=14739"}],"wp:term":[{"taxonomy":"category","embeddable":true,"href":"https:\/\/www.info-algerie.com\/actualites\/wp-json\/wp\/v2\/categories?post=14739"},{"taxonomy":"post_tag","embeddable":true,"href":"https:\/\/www.info-algerie.com\/actualites\/wp-json\/wp\/v2\/tags?post=14739"}],"curies":[{"name":"wp","href":"https:\/\/api.w.org\/{rel}","templated":true}]}}